{"id":20304,"date":"2021-12-21T07:36:27","date_gmt":"2021-12-21T14:36:27","guid":{"rendered":"https:\/\/fuentesfidedignas.com.mx\/?p=20304"},"modified":"2021-12-21T07:36:28","modified_gmt":"2021-12-21T14:36:28","slug":"confirman-23-casos-de-omicron-en-mexico-en-sinaloa-se-tiene-en-estudio-un-caso","status":"publish","type":"post","link":"https:\/\/fuentesfidedignas.com.mx\/index.php\/2021\/12\/21\/confirman-23-casos-de-omicron-en-mexico-en-sinaloa-se-tiene-en-estudio-un-caso\/","title":{"rendered":"Confirman 23 casos de \u00d3micron en M\u00e9xico; en Sinaloa se tiene en estudio un caso"},"content":{"rendered":"\n<p><strong><em>La Secretar\u00eda de Salud inform\u00f3 que M\u00e9xico registra 23 casos de la variante \u00d3micron; 16 est\u00e1n en la CDMX y 6 m\u00e1s en el Edomex.<\/em><\/strong><\/p>\n\n\n\n<p>Ciudad de M\u00e9xico.- Hugo L\u00f3pez-Gatell Ram\u00edrez, subsecretario de Prevenci\u00f3n y Promoci\u00f3n de la Salud, inform\u00f3 que en M\u00e9xico se tienen dectectados 23 casos de la variante de COVID-19, \u00d3micron, donde destaca que el 70% los infectados no estaban vacunados.<\/p>\n\n\n\n<p>En conferencia de prensa desde Palacio Nacional, el funcionario federal explic\u00f3 que los casos confirmados presentaron s\u00edntomas leves y s\u00f3lo en uno de los casos se aplic\u00f3 la hospitalizaci\u00f3n preventiva.<\/p>\n\n\n\n<p>En la Ciudad de M\u00e9xico, se tiene el registro de 16 casos, de ellos, 10 son hombres y 6 son mujeres, en un rango de edad de 30 a 35 a\u00f1os. En estos casos, el 56% no contaba con antecedentes de vacunaci\u00f3n.<\/p>\n\n\n\n<p>Adicionalmente, se espera la secuenciaci\u00f3n de tres posibles casos m\u00e1s.<\/p>\n\n\n\n<p>En el caso del Estado de M\u00e9xico, la Secretar\u00eda de Salud identific\u00f3 seis muestras donde cuatro son de hombres y dos de mujeres, en todo los casos, no se contaba con antecedentes vacunales.<\/p>\n\n\n\n<p>En Sinaloa se tiene en estudio un caso, mientras que ayer se confirm\u00f3 el caso positivo a \u00d3micron en una mujer de Tamaulipas.<\/p>\n\n\n\n<p>\u201cTenemos 23 muestras de \u00f3micron, tres muestras han sido analizada a detalle. De estos casos el 70% no ten\u00eda vacuna. Estos casos positivos est\u00e1n en cuatro entidades. En Sinaloa hay un caso de estudio\u201d, expuso L\u00f3pez-Gatell.<\/p>\n\n\n\n<p>\u201cDe los 23 positivos de \u00f3micron todos tienen s\u00edntomas leves, uno de hospitaliz\u00f3 de manera preventiva. La mayor\u00eda de quienes ocupan los hospitales son persona no vacunadas, lo mismo pasa con \u00f3micron\u201d, abund\u00f3.<\/p>\n\n\n\n<p>En tres casos, el origen de la enfermedad fue importado, mientras que en los 20 restantes a\u00fan se estudia su origen.<\/p>\n\n\n\n<p>L\u00f3pez-Gatell coment\u00f3 que en caso de ser necesario, la respuesta de conversi\u00f3n hospitalaria est\u00e1 intacta y se puede dar atenci\u00f3n ante un repunte de los casos de COVID-19.<\/p>\n\n\n\n<p>\u201cSe han ido desocupando los hospitales, en este momento tenemos poco m\u00e1s del 10% de las camas Covid. La capacidad de reconversi\u00f3n est\u00e1n intactas, se pueden reactivar en cualquier momento al ritmo que sea necesario\u201d.<\/p>\n","protected":false},"excerpt":{"rendered":"<p>La Secretar\u00eda de Salud inform\u00f3 que M\u00e9xico registra 23 casos de la variante \u00d3micron; 16 est\u00e1n en la CDMX y 6 m\u00e1s en el Edomex. Ciudad de M\u00e9xico.- Hugo L\u00f3pez-Gatell Ram\u00edrez, subsecretario de Prevenci\u00f3n y Promoci\u00f3n de la Salud, inform\u00f3 que en M\u00e9xico se tienen dectectados 23 casos de la variante de COVID-19, \u00d3micron, donde [&hellip;]<\/p>\n","protected":false},"author":5,"featured_media":20305,"comment_status":"open","ping_status":"open","sticky":false,"template":"","format":"standard","meta":{"tdm_status":"","tdm_grid_status":"","footnotes":""},"categories":[37],"tags":[59,296,2214,416,407,193],"class_list":{"0":"post-20304","1":"post","2":"type-post","3":"status-publish","4":"format-standard","5":"has-post-thumbnail","7":"category-nota-principal","8":"tag-covid-19","9":"tag-hugo-lopez-gatell","10":"tag-omicron-2","11":"tag-sars-cov-2","12":"tag-vacuna-anticovid","13":"tag-viral"},"yoast_head":"<!-- This site is optimized with the Yoast SEO plugin v27.5 - https:\/\/yoast.com\/product\/yoast-seo-wordpress\/ -->\n<title>Confirman 23 casos de \u00d3micron en M\u00e9xico; en Sinaloa se tiene en estudio un caso - Fuentes Fidedignas<\/title>\n<meta name=\"robots\" content=\"index, follow, max-snippet:-1, max-image-preview:large, max-video-preview:-1\" \/>\n<link rel=\"canonical\" href=\"https:\/\/fuentesfidedignas.com.mx\/index.php\/2021\/12\/21\/confirman-23-casos-de-omicron-en-mexico-en-sinaloa-se-tiene-en-estudio-un-caso\/\" \/>\n<meta property=\"og:locale\" content=\"es_MX\" \/>\n<meta property=\"og:type\" content=\"article\" \/>\n<meta property=\"og:title\" content=\"Confirman 23 casos de \u00d3micron en M\u00e9xico; en Sinaloa se tiene en estudio un caso - Fuentes Fidedignas\" \/>\n<meta property=\"og:description\" content=\"La Secretar\u00eda de Salud inform\u00f3 que M\u00e9xico registra 23 casos de la variante \u00d3micron; 16 est\u00e1n en la CDMX y 6 m\u00e1s en el Edomex. Ciudad de M\u00e9xico.- Hugo L\u00f3pez-Gatell Ram\u00edrez, subsecretario de Prevenci\u00f3n y Promoci\u00f3n de la Salud, inform\u00f3 que en M\u00e9xico se tienen dectectados 23 casos de la variante de COVID-19, \u00d3micron, donde [&hellip;]\" \/>\n<meta property=\"og:url\" content=\"https:\/\/fuentesfidedignas.com.mx\/index.php\/2021\/12\/21\/confirman-23-casos-de-omicron-en-mexico-en-sinaloa-se-tiene-en-estudio-un-caso\/\" \/>\n<meta property=\"og:site_name\" content=\"Fuentes Fidedignas\" \/>\n<meta property=\"article:publisher\" content=\"https:\/\/www.facebook.com\/Fuentes-Fidedignas-368234489921644\" \/>\n<meta property=\"article:published_time\" content=\"2021-12-21T14:36:27+00:00\" \/>\n<meta property=\"article:modified_time\" content=\"2021-12-21T14:36:28+00:00\" \/>\n<meta property=\"og:image\" content=\"https:\/\/fuentesfidedignas.com.mx\/wp-content\/uploads\/2021\/12\/HUGO_LOPEZ.jpg\" \/>\n\t<meta property=\"og:image:width\" content=\"640\" \/>\n\t<meta property=\"og:image:height\" content=\"360\" \/>\n\t<meta property=\"og:image:type\" content=\"image\/jpeg\" \/>\n<meta name=\"author\" content=\"Forbes\" \/>\n<meta name=\"twitter:card\" content=\"summary_large_image\" \/>\n<meta name=\"twitter:creator\" content=\"@fidedignas\" \/>\n<meta name=\"twitter:site\" content=\"@fidedignas\" \/>\n<meta name=\"twitter:label1\" content=\"Escrito por\" \/>\n\t<meta name=\"twitter:data1\" content=\"Forbes\" \/>\n\t<meta name=\"twitter:label2\" content=\"Tiempo de lectura\" \/>\n\t<meta name=\"twitter:data2\" content=\"2 minutos\" \/>\n<script type=\"application\/ld+json\" class=\"yoast-schema-graph\">{\"@context\":\"https:\\\/\\\/schema.org\",\"@graph\":[{\"@type\":\"Article\",\"@id\":\"https:\\\/\\\/fuentesfidedignas.com.mx\\\/index.php\\\/2021\\\/12\\\/21\\\/confirman-23-casos-de-omicron-en-mexico-en-sinaloa-se-tiene-en-estudio-un-caso\\\/#article\",\"isPartOf\":{\"@id\":\"https:\\\/\\\/fuentesfidedignas.com.mx\\\/index.php\\\/2021\\\/12\\\/21\\\/confirman-23-casos-de-omicron-en-mexico-en-sinaloa-se-tiene-en-estudio-un-caso\\\/\"},\"author\":{\"name\":\"Forbes\",\"@id\":\"https:\\\/\\\/fuentesfidedignas.com.mx\\\/#\\\/schema\\\/person\\\/5623d53fe2e579d825b1679734abcc44\"},\"headline\":\"Confirman 23 casos de \u00d3micron en M\u00e9xico; en Sinaloa se tiene en estudio un caso\",\"datePublished\":\"2021-12-21T14:36:27+00:00\",\"dateModified\":\"2021-12-21T14:36:28+00:00\",\"mainEntityOfPage\":{\"@id\":\"https:\\\/\\\/fuentesfidedignas.com.mx\\\/index.php\\\/2021\\\/12\\\/21\\\/confirman-23-casos-de-omicron-en-mexico-en-sinaloa-se-tiene-en-estudio-un-caso\\\/\"},\"wordCount\":387,\"commentCount\":0,\"publisher\":{\"@id\":\"https:\\\/\\\/fuentesfidedignas.com.mx\\\/#organization\"},\"image\":{\"@id\":\"https:\\\/\\\/fuentesfidedignas.com.mx\\\/index.php\\\/2021\\\/12\\\/21\\\/confirman-23-casos-de-omicron-en-mexico-en-sinaloa-se-tiene-en-estudio-un-caso\\\/#primaryimage\"},\"thumbnailUrl\":\"https:\\\/\\\/fuentesfidedignas.com.mx\\\/wp-content\\\/uploads\\\/2021\\\/12\\\/HUGO_LOPEZ.jpg\",\"keywords\":[\"Covid-19\",\"Hugo L\u00f3pez-Gatell\",\"\u00d3micron\",\"SARS-CoV-2\",\"Vacuna anticovid\",\"Viral\"],\"articleSection\":[\"NOTA PRINCIPAL\"],\"inLanguage\":\"es\",\"potentialAction\":[{\"@type\":\"CommentAction\",\"name\":\"Comment\",\"target\":[\"https:\\\/\\\/fuentesfidedignas.com.mx\\\/index.php\\\/2021\\\/12\\\/21\\\/confirman-23-casos-de-omicron-en-mexico-en-sinaloa-se-tiene-en-estudio-un-caso\\\/#respond\"]}]},{\"@type\":\"WebPage\",\"@id\":\"https:\\\/\\\/fuentesfidedignas.com.mx\\\/index.php\\\/2021\\\/12\\\/21\\\/confirman-23-casos-de-omicron-en-mexico-en-sinaloa-se-tiene-en-estudio-un-caso\\\/\",\"url\":\"https:\\\/\\\/fuentesfidedignas.com.mx\\\/index.php\\\/2021\\\/12\\\/21\\\/confirman-23-casos-de-omicron-en-mexico-en-sinaloa-se-tiene-en-estudio-un-caso\\\/\",\"name\":\"Confirman 23 casos de \u00d3micron en M\u00e9xico; en Sinaloa se tiene en estudio un caso - Fuentes Fidedignas\",\"isPartOf\":{\"@id\":\"https:\\\/\\\/fuentesfidedignas.com.mx\\\/#website\"},\"primaryImageOfPage\":{\"@id\":\"https:\\\/\\\/fuentesfidedignas.com.mx\\\/index.php\\\/2021\\\/12\\\/21\\\/confirman-23-casos-de-omicron-en-mexico-en-sinaloa-se-tiene-en-estudio-un-caso\\\/#primaryimage\"},\"image\":{\"@id\":\"https:\\\/\\\/fuentesfidedignas.com.mx\\\/index.php\\\/2021\\\/12\\\/21\\\/confirman-23-casos-de-omicron-en-mexico-en-sinaloa-se-tiene-en-estudio-un-caso\\\/#primaryimage\"},\"thumbnailUrl\":\"https:\\\/\\\/fuentesfidedignas.com.mx\\\/wp-content\\\/uploads\\\/2021\\\/12\\\/HUGO_LOPEZ.jpg\",\"datePublished\":\"2021-12-21T14:36:27+00:00\",\"dateModified\":\"2021-12-21T14:36:28+00:00\",\"breadcrumb\":{\"@id\":\"https:\\\/\\\/fuentesfidedignas.com.mx\\\/index.php\\\/2021\\\/12\\\/21\\\/confirman-23-casos-de-omicron-en-mexico-en-sinaloa-se-tiene-en-estudio-un-caso\\\/#breadcrumb\"},\"inLanguage\":\"es\",\"potentialAction\":[{\"@type\":\"ReadAction\",\"target\":[\"https:\\\/\\\/fuentesfidedignas.com.mx\\\/index.php\\\/2021\\\/12\\\/21\\\/confirman-23-casos-de-omicron-en-mexico-en-sinaloa-se-tiene-en-estudio-un-caso\\\/\"]}]},{\"@type\":\"ImageObject\",\"inLanguage\":\"es\",\"@id\":\"https:\\\/\\\/fuentesfidedignas.com.mx\\\/index.php\\\/2021\\\/12\\\/21\\\/confirman-23-casos-de-omicron-en-mexico-en-sinaloa-se-tiene-en-estudio-un-caso\\\/#primaryimage\",\"url\":\"https:\\\/\\\/fuentesfidedignas.com.mx\\\/wp-content\\\/uploads\\\/2021\\\/12\\\/HUGO_LOPEZ.jpg\",\"contentUrl\":\"https:\\\/\\\/fuentesfidedignas.com.mx\\\/wp-content\\\/uploads\\\/2021\\\/12\\\/HUGO_LOPEZ.jpg\",\"width\":640,\"height\":360},{\"@type\":\"BreadcrumbList\",\"@id\":\"https:\\\/\\\/fuentesfidedignas.com.mx\\\/index.php\\\/2021\\\/12\\\/21\\\/confirman-23-casos-de-omicron-en-mexico-en-sinaloa-se-tiene-en-estudio-un-caso\\\/#breadcrumb\",\"itemListElement\":[{\"@type\":\"ListItem\",\"position\":1,\"name\":\"Inicio\",\"item\":\"https:\\\/\\\/fuentesfidedignas.com.mx\\\/\"},{\"@type\":\"ListItem\",\"position\":2,\"name\":\"Confirman 23 casos de \u00d3micron en M\u00e9xico; en Sinaloa se tiene en estudio un caso\"}]},{\"@type\":\"WebSite\",\"@id\":\"https:\\\/\\\/fuentesfidedignas.com.mx\\\/#website\",\"url\":\"https:\\\/\\\/fuentesfidedignas.com.mx\\\/\",\"name\":\"Fuentes Fidedignas\",\"description\":\"Otro sitio realizado con WordPress\",\"publisher\":{\"@id\":\"https:\\\/\\\/fuentesfidedignas.com.mx\\\/#organization\"},\"potentialAction\":[{\"@type\":\"SearchAction\",\"target\":{\"@type\":\"EntryPoint\",\"urlTemplate\":\"https:\\\/\\\/fuentesfidedignas.com.mx\\\/?s={search_term_string}\"},\"query-input\":{\"@type\":\"PropertyValueSpecification\",\"valueRequired\":true,\"valueName\":\"search_term_string\"}}],\"inLanguage\":\"es\"},{\"@type\":\"Organization\",\"@id\":\"https:\\\/\\\/fuentesfidedignas.com.mx\\\/#organization\",\"name\":\"Fuentes Fidedignas\",\"url\":\"https:\\\/\\\/fuentesfidedignas.com.mx\\\/\",\"logo\":{\"@type\":\"ImageObject\",\"inLanguage\":\"es\",\"@id\":\"https:\\\/\\\/fuentesfidedignas.com.mx\\\/#\\\/schema\\\/logo\\\/image\\\/\",\"url\":\"https:\\\/\\\/fuentesfidedignas.com.mx\\\/wp-content\\\/uploads\\\/2021\\\/04\\\/logo-retina.png\",\"contentUrl\":\"https:\\\/\\\/fuentesfidedignas.com.mx\\\/wp-content\\\/uploads\\\/2021\\\/04\\\/logo-retina.png\",\"width\":280,\"height\":51,\"caption\":\"Fuentes Fidedignas\"},\"image\":{\"@id\":\"https:\\\/\\\/fuentesfidedignas.com.mx\\\/#\\\/schema\\\/logo\\\/image\\\/\"},\"sameAs\":[\"https:\\\/\\\/www.facebook.com\\\/Fuentes-Fidedignas-368234489921644\",\"https:\\\/\\\/x.com\\\/fidedignas\"]},{\"@type\":\"Person\",\"@id\":\"https:\\\/\\\/fuentesfidedignas.com.mx\\\/#\\\/schema\\\/person\\\/5623d53fe2e579d825b1679734abcc44\",\"name\":\"Forbes\",\"image\":{\"@type\":\"ImageObject\",\"inLanguage\":\"es\",\"@id\":\"https:\\\/\\\/secure.gravatar.com\\\/avatar\\\/87ce3dd4e41e60c22a79c758614f01a6bc2469255fc936ec7b15efb9bb5cb66f?s=96&d=mm&r=g\",\"url\":\"https:\\\/\\\/secure.gravatar.com\\\/avatar\\\/87ce3dd4e41e60c22a79c758614f01a6bc2469255fc936ec7b15efb9bb5cb66f?s=96&d=mm&r=g\",\"contentUrl\":\"https:\\\/\\\/secure.gravatar.com\\\/avatar\\\/87ce3dd4e41e60c22a79c758614f01a6bc2469255fc936ec7b15efb9bb5cb66f?s=96&d=mm&r=g\",\"caption\":\"Forbes\"},\"url\":\"https:\\\/\\\/fuentesfidedignas.com.mx\\\/index.php\\\/author\\\/forbes\\\/\"}]}<\/script>\n<!-- \/ Yoast SEO plugin. -->","yoast_head_json":{"title":"Confirman 23 casos de \u00d3micron en M\u00e9xico; en Sinaloa se tiene en estudio un caso - Fuentes Fidedignas","robots":{"index":"index","follow":"follow","max-snippet":"max-snippet:-1","max-image-preview":"max-image-preview:large","max-video-preview":"max-video-preview:-1"},"canonical":"https:\/\/fuentesfidedignas.com.mx\/index.php\/2021\/12\/21\/confirman-23-casos-de-omicron-en-mexico-en-sinaloa-se-tiene-en-estudio-un-caso\/","og_locale":"es_MX","og_type":"article","og_title":"Confirman 23 casos de \u00d3micron en M\u00e9xico; en Sinaloa se tiene en estudio un caso - Fuentes Fidedignas","og_description":"La Secretar\u00eda de Salud inform\u00f3 que M\u00e9xico registra 23 casos de la variante \u00d3micron; 16 est\u00e1n en la CDMX y 6 m\u00e1s en el Edomex. Ciudad de M\u00e9xico.- Hugo L\u00f3pez-Gatell Ram\u00edrez, subsecretario de Prevenci\u00f3n y Promoci\u00f3n de la Salud, inform\u00f3 que en M\u00e9xico se tienen dectectados 23 casos de la variante de COVID-19, \u00d3micron, donde [&hellip;]","og_url":"https:\/\/fuentesfidedignas.com.mx\/index.php\/2021\/12\/21\/confirman-23-casos-de-omicron-en-mexico-en-sinaloa-se-tiene-en-estudio-un-caso\/","og_site_name":"Fuentes Fidedignas","article_publisher":"https:\/\/www.facebook.com\/Fuentes-Fidedignas-368234489921644","article_published_time":"2021-12-21T14:36:27+00:00","article_modified_time":"2021-12-21T14:36:28+00:00","og_image":[{"width":640,"height":360,"url":"https:\/\/fuentesfidedignas.com.mx\/wp-content\/uploads\/2021\/12\/HUGO_LOPEZ.jpg","type":"image\/jpeg"}],"author":"Forbes","twitter_card":"summary_large_image","twitter_creator":"@fidedignas","twitter_site":"@fidedignas","twitter_misc":{"Escrito por":"Forbes","Tiempo de lectura":"2 minutos"},"schema":{"@context":"https:\/\/schema.org","@graph":[{"@type":"Article","@id":"https:\/\/fuentesfidedignas.com.mx\/index.php\/2021\/12\/21\/confirman-23-casos-de-omicron-en-mexico-en-sinaloa-se-tiene-en-estudio-un-caso\/#article","isPartOf":{"@id":"https:\/\/fuentesfidedignas.com.mx\/index.php\/2021\/12\/21\/confirman-23-casos-de-omicron-en-mexico-en-sinaloa-se-tiene-en-estudio-un-caso\/"},"author":{"name":"Forbes","@id":"https:\/\/fuentesfidedignas.com.mx\/#\/schema\/person\/5623d53fe2e579d825b1679734abcc44"},"headline":"Confirman 23 casos de \u00d3micron en M\u00e9xico; en Sinaloa se tiene en estudio un caso","datePublished":"2021-12-21T14:36:27+00:00","dateModified":"2021-12-21T14:36:28+00:00","mainEntityOfPage":{"@id":"https:\/\/fuentesfidedignas.com.mx\/index.php\/2021\/12\/21\/confirman-23-casos-de-omicron-en-mexico-en-sinaloa-se-tiene-en-estudio-un-caso\/"},"wordCount":387,"commentCount":0,"publisher":{"@id":"https:\/\/fuentesfidedignas.com.mx\/#organization"},"image":{"@id":"https:\/\/fuentesfidedignas.com.mx\/index.php\/2021\/12\/21\/confirman-23-casos-de-omicron-en-mexico-en-sinaloa-se-tiene-en-estudio-un-caso\/#primaryimage"},"thumbnailUrl":"https:\/\/fuentesfidedignas.com.mx\/wp-content\/uploads\/2021\/12\/HUGO_LOPEZ.jpg","keywords":["Covid-19","Hugo L\u00f3pez-Gatell","\u00d3micron","SARS-CoV-2","Vacuna anticovid","Viral"],"articleSection":["NOTA PRINCIPAL"],"inLanguage":"es","potentialAction":[{"@type":"CommentAction","name":"Comment","target":["https:\/\/fuentesfidedignas.com.mx\/index.php\/2021\/12\/21\/confirman-23-casos-de-omicron-en-mexico-en-sinaloa-se-tiene-en-estudio-un-caso\/#respond"]}]},{"@type":"WebPage","@id":"https:\/\/fuentesfidedignas.com.mx\/index.php\/2021\/12\/21\/confirman-23-casos-de-omicron-en-mexico-en-sinaloa-se-tiene-en-estudio-un-caso\/","url":"https:\/\/fuentesfidedignas.com.mx\/index.php\/2021\/12\/21\/confirman-23-casos-de-omicron-en-mexico-en-sinaloa-se-tiene-en-estudio-un-caso\/","name":"Confirman 23 casos de \u00d3micron en M\u00e9xico; en Sinaloa se tiene en estudio un caso - Fuentes Fidedignas","isPartOf":{"@id":"https:\/\/fuentesfidedignas.com.mx\/#website"},"primaryImageOfPage":{"@id":"https:\/\/fuentesfidedignas.com.mx\/index.php\/2021\/12\/21\/confirman-23-casos-de-omicron-en-mexico-en-sinaloa-se-tiene-en-estudio-un-caso\/#primaryimage"},"image":{"@id":"https:\/\/fuentesfidedignas.com.mx\/index.php\/2021\/12\/21\/confirman-23-casos-de-omicron-en-mexico-en-sinaloa-se-tiene-en-estudio-un-caso\/#primaryimage"},"thumbnailUrl":"https:\/\/fuentesfidedignas.com.mx\/wp-content\/uploads\/2021\/12\/HUGO_LOPEZ.jpg","datePublished":"2021-12-21T14:36:27+00:00","dateModified":"2021-12-21T14:36:28+00:00","breadcrumb":{"@id":"https:\/\/fuentesfidedignas.com.mx\/index.php\/2021\/12\/21\/confirman-23-casos-de-omicron-en-mexico-en-sinaloa-se-tiene-en-estudio-un-caso\/#breadcrumb"},"inLanguage":"es","potentialAction":[{"@type":"ReadAction","target":["https:\/\/fuentesfidedignas.com.mx\/index.php\/2021\/12\/21\/confirman-23-casos-de-omicron-en-mexico-en-sinaloa-se-tiene-en-estudio-un-caso\/"]}]},{"@type":"ImageObject","inLanguage":"es","@id":"https:\/\/fuentesfidedignas.com.mx\/index.php\/2021\/12\/21\/confirman-23-casos-de-omicron-en-mexico-en-sinaloa-se-tiene-en-estudio-un-caso\/#primaryimage","url":"https:\/\/fuentesfidedignas.com.mx\/wp-content\/uploads\/2021\/12\/HUGO_LOPEZ.jpg","contentUrl":"https:\/\/fuentesfidedignas.com.mx\/wp-content\/uploads\/2021\/12\/HUGO_LOPEZ.jpg","width":640,"height":360},{"@type":"BreadcrumbList","@id":"https:\/\/fuentesfidedignas.com.mx\/index.php\/2021\/12\/21\/confirman-23-casos-de-omicron-en-mexico-en-sinaloa-se-tiene-en-estudio-un-caso\/#breadcrumb","itemListElement":[{"@type":"ListItem","position":1,"name":"Inicio","item":"https:\/\/fuentesfidedignas.com.mx\/"},{"@type":"ListItem","position":2,"name":"Confirman 23 casos de \u00d3micron en M\u00e9xico; en Sinaloa se tiene en estudio un caso"}]},{"@type":"WebSite","@id":"https:\/\/fuentesfidedignas.com.mx\/#website","url":"https:\/\/fuentesfidedignas.com.mx\/","name":"Fuentes Fidedignas","description":"Otro sitio realizado con WordPress","publisher":{"@id":"https:\/\/fuentesfidedignas.com.mx\/#organization"},"potentialAction":[{"@type":"SearchAction","target":{"@type":"EntryPoint","urlTemplate":"https:\/\/fuentesfidedignas.com.mx\/?s={search_term_string}"},"query-input":{"@type":"PropertyValueSpecification","valueRequired":true,"valueName":"search_term_string"}}],"inLanguage":"es"},{"@type":"Organization","@id":"https:\/\/fuentesfidedignas.com.mx\/#organization","name":"Fuentes Fidedignas","url":"https:\/\/fuentesfidedignas.com.mx\/","logo":{"@type":"ImageObject","inLanguage":"es","@id":"https:\/\/fuentesfidedignas.com.mx\/#\/schema\/logo\/image\/","url":"https:\/\/fuentesfidedignas.com.mx\/wp-content\/uploads\/2021\/04\/logo-retina.png","contentUrl":"https:\/\/fuentesfidedignas.com.mx\/wp-content\/uploads\/2021\/04\/logo-retina.png","width":280,"height":51,"caption":"Fuentes Fidedignas"},"image":{"@id":"https:\/\/fuentesfidedignas.com.mx\/#\/schema\/logo\/image\/"},"sameAs":["https:\/\/www.facebook.com\/Fuentes-Fidedignas-368234489921644","https:\/\/x.com\/fidedignas"]},{"@type":"Person","@id":"https:\/\/fuentesfidedignas.com.mx\/#\/schema\/person\/5623d53fe2e579d825b1679734abcc44","name":"Forbes","image":{"@type":"ImageObject","inLanguage":"es","@id":"https:\/\/secure.gravatar.com\/avatar\/87ce3dd4e41e60c22a79c758614f01a6bc2469255fc936ec7b15efb9bb5cb66f?s=96&d=mm&r=g","url":"https:\/\/secure.gravatar.com\/avatar\/87ce3dd4e41e60c22a79c758614f01a6bc2469255fc936ec7b15efb9bb5cb66f?s=96&d=mm&r=g","contentUrl":"https:\/\/secure.gravatar.com\/avatar\/87ce3dd4e41e60c22a79c758614f01a6bc2469255fc936ec7b15efb9bb5cb66f?s=96&d=mm&r=g","caption":"Forbes"},"url":"https:\/\/fuentesfidedignas.com.mx\/index.php\/author\/forbes\/"}]}},"_links":{"self":[{"href":"https:\/\/fuentesfidedignas.com.mx\/index.php\/wp-json\/wp\/v2\/posts\/20304","targetHints":{"allow":["GET"]}}],"collection":[{"href":"https:\/\/fuentesfidedignas.com.mx\/index.php\/wp-json\/wp\/v2\/posts"}],"about":[{"href":"https:\/\/fuentesfidedignas.com.mx\/index.php\/wp-json\/wp\/v2\/types\/post"}],"author":[{"embeddable":true,"href":"https:\/\/fuentesfidedignas.com.mx\/index.php\/wp-json\/wp\/v2\/users\/5"}],"replies":[{"embeddable":true,"href":"https:\/\/fuentesfidedignas.com.mx\/index.php\/wp-json\/wp\/v2\/comments?post=20304"}],"version-history":[{"count":1,"href":"https:\/\/fuentesfidedignas.com.mx\/index.php\/wp-json\/wp\/v2\/posts\/20304\/revisions"}],"predecessor-version":[{"id":20306,"href":"https:\/\/fuentesfidedignas.com.mx\/index.php\/wp-json\/wp\/v2\/posts\/20304\/revisions\/20306"}],"wp:featuredmedia":[{"embeddable":true,"href":"https:\/\/fuentesfidedignas.com.mx\/index.php\/wp-json\/wp\/v2\/media\/20305"}],"wp:attachment":[{"href":"https:\/\/fuentesfidedignas.com.mx\/index.php\/wp-json\/wp\/v2\/media?parent=20304"}],"wp:term":[{"taxonomy":"category","embeddable":true,"href":"https:\/\/fuentesfidedignas.com.mx\/index.php\/wp-json\/wp\/v2\/categories?post=20304"},{"taxonomy":"post_tag","embeddable":true,"href":"https:\/\/fuentesfidedignas.com.mx\/index.php\/wp-json\/wp\/v2\/tags?post=20304"}],"curies":[{"name":"wp","href":"https:\/\/api.w.org\/{rel}","templated":true}]}}