{"id":20278,"date":"2021-12-20T11:44:05","date_gmt":"2021-12-20T18:44:05","guid":{"rendered":"https:\/\/fuentesfidedignas.com.mx\/?p=20278"},"modified":"2021-12-20T11:44:07","modified_gmt":"2021-12-20T18:44:07","slug":"omicron-se-esta-propagando-e-infectando-a-los-vacunados-oms","status":"publish","type":"post","link":"https:\/\/fuentesfidedignas.com.mx\/index.php\/2021\/12\/20\/omicron-se-esta-propagando-e-infectando-a-los-vacunados-oms\/","title":{"rendered":"\u00d3micron se est\u00e1 propagando e infectando a los vacunados: OMS"},"content":{"rendered":"\n<p><strong><em>El director de la OMS exhort\u00f3 a cancelar las fiestas de fin de a\u00f1o ante el avance de la variante \u00d3micron entre personas vacunadas.<\/em><\/strong><\/p>\n\n\n\n<p>Ciudad de M\u00e9xico.- La variante \u00d3micron del coronavirus se est\u00e1 propagando m\u00e1s r\u00e1pidamente que la Delta y est\u00e1 causando infecciones en personas ya vacunadas o que se han recuperado de la enfermedad Covid-19, dijo este lunes el jefe de la Organizaci\u00f3n Mundial de la Salud (OMS).<\/p>\n\n\n\n<p>\u201cAhora hay pruebas consistentes de que \u00d3micron se est\u00e1 propagando significativamente m\u00e1s r\u00e1pido que la variante Delta\u201d, dijo el director general de la OMS, Tedros Adhanom Ghebreyesus, en una sesi\u00f3n informativa para periodistas en Ginebra.<\/p>\n\n\n\n<p>\u201cY es m\u00e1s probable que las personas vacunadas o recuperadas de Covid-19 puedan infectarse o reinfectarse\u201d, dijo Tedros.<\/p>\n\n\n\n<p>El funcionario internacional llam\u00f3 a todos a tomar conciencia frente a esta situaci\u00f3n a escasos d\u00edas de las festividades de fin de a\u00f1o y afirm\u00f3 que es mejor cancelar las celebraciones ahora \u201cy celebrar la vida ma\u00f1ana\u201d, que \u201ccelebrar hoy y estar de luto ma\u00f1ana\u201d.<\/p>\n\n\n\n<p>La cient\u00edfica jefe de la OMS, Soumya Swaminathan, dijo que la variante est\u00e1 logrando evadir algunas respuestas inmunitarias, lo que significa que los programas de refuerzo que se est\u00e1n poniendo en marcha en muchos pa\u00edses deber\u00edan dirigirse a las personas con sistemas inmunitarios m\u00e1s d\u00e9biles.<\/p>\n\n\n\n<p>\u00d3micron parece ser mejor para evadir los anticuerpos generados por algunas vacunas contra Covid-19, pero hay otras formas de inmunidad que pueden prevenir la infecci\u00f3n y la enfermedad, dijeron los funcionarios de la OMS.<\/p>\n\n\n\n<p>\u201cNo creemos que todas las vacunas vayan a ser completamente ineficaces\u201d, dijo Swaminathan.<\/p>\n\n\n\n<p>El experto de la OMS Abdi Mahamud indic\u00f3 que aunque est\u00e1n viendo una reducci\u00f3n de los anticuerpos de neutralizaci\u00f3n, \u201ccasi todos los datos muestran que las c\u00e9lulas T permanecen intactas, que es lo que realmente necesitamos\u201d.<\/p>\n\n\n\n<p>Aunque las defensas de anticuerpos de algunos cursos se han visto mermadas, existe la esperanza de que las c\u00e9lulas T, el segundo pilar de la respuesta inmunitaria, puedan prevenir la enfermedad grave atacando a las c\u00e9lulas humanas infectadas.<\/p>\n\n\n\n<p>Refiri\u00e9ndose a un tratamiento para personas con la enfermedad, Swaminathan dijo sin aportar detalles que \u201cpor supuesto es un reto, muchos de los monoclonales no funcionar\u00e1n con \u00d3micron\u201d.<\/p>\n\n\n\n<p>No obstante, el equipo de la OMS tambi\u00e9n ofreci\u00f3 a un mundo que se enfrenta a una nueva oleada algunas esperanzas de que 2022 sea el a\u00f1o en que la pandemia -que ya ha acabado con la vida de m\u00e1s de 5.6 millones de personas en todo el mundo- termine, con el desarrollo de vacunas de segunda y tercera generaci\u00f3n, tratamientos antimicrobianos y otras innovaciones.<\/p>\n\n\n\n<p>\u201c(Esperamos) consignar esta enfermedad de una forma relativamente leve, que se pueda prevenir f\u00e1cilmente, que se pueda tratar f\u00e1cilmente (\u2026) y que se pueda hacer frente f\u00e1cilmente a esta enfermedad en el futuro\u201d, dijo Mike Ryan, el principal experto en emergencias de la OMS.<\/p>\n\n\n\n<p>\u201cSi podemos mantener la transmisi\u00f3n del virus al m\u00ednimo, podremos poner fin a la pandemia\u201d, agreg\u00f3.<\/p>\n\n\n\n<p>Sin embargo, Tedros tambi\u00e9n dijo que China, donde se detect\u00f3 por primera vez el coronavirus del SARS-CoV-2 a fines de 2019, debe estar dispuesta a aportar datos e informaci\u00f3n relacionados con su origen para ayudar a la respuesta en el futuro.<\/p>\n\n\n\n<p>\u201cTenemos que seguir hasta que conozcamos los or\u00edgenes, tenemos que presionar m\u00e1s porque debemos aprender de lo que pas\u00f3 esta vez para (hacerlo) mejor en el futuro\u201d, afirm\u00f3.<\/p>\n","protected":false},"excerpt":{"rendered":"<p>El director de la OMS exhort\u00f3 a cancelar las fiestas de fin de a\u00f1o ante el avance de la variante \u00d3micron entre personas vacunadas. Ciudad de M\u00e9xico.- La variante \u00d3micron del coronavirus se est\u00e1 propagando m\u00e1s r\u00e1pidamente que la Delta y est\u00e1 causando infecciones en personas ya vacunadas o que se han recuperado de la [&hellip;]<\/p>\n","protected":false},"author":5,"featured_media":20279,"comment_status":"open","ping_status":"open","sticky":false,"template":"","format":"standard","meta":{"tdm_status":"","tdm_grid_status":"","footnotes":""},"categories":[39],"tags":[332,59,2214,374,375,416,407],"class_list":{"0":"post-20278","1":"post","2":"type-post","3":"status-publish","4":"format-standard","5":"has-post-thumbnail","7":"category-noticias-nacionales","8":"tag-coronavirus","9":"tag-covid-19","10":"tag-omicron-2","11":"tag-oms","12":"tag-organizacion-mundial-de-la-salud","13":"tag-sars-cov-2","14":"tag-vacuna-anticovid"},"yoast_head":"<!-- This site is optimized with the Yoast SEO plugin v27.5 - https:\/\/yoast.com\/product\/yoast-seo-wordpress\/ -->\n<title>\u00d3micron se est\u00e1 propagando e infectando a los vacunados: OMS - Fuentes Fidedignas<\/title>\n<meta name=\"robots\" content=\"index, follow, max-snippet:-1, max-image-preview:large, max-video-preview:-1\" \/>\n<link rel=\"canonical\" href=\"https:\/\/fuentesfidedignas.com.mx\/index.php\/2021\/12\/20\/omicron-se-esta-propagando-e-infectando-a-los-vacunados-oms\/\" \/>\n<meta property=\"og:locale\" content=\"es_MX\" \/>\n<meta property=\"og:type\" content=\"article\" \/>\n<meta property=\"og:title\" content=\"\u00d3micron se est\u00e1 propagando e infectando a los vacunados: OMS - Fuentes Fidedignas\" \/>\n<meta property=\"og:description\" content=\"El director de la OMS exhort\u00f3 a cancelar las fiestas de fin de a\u00f1o ante el avance de la variante \u00d3micron entre personas vacunadas. Ciudad de M\u00e9xico.- La variante \u00d3micron del coronavirus se est\u00e1 propagando m\u00e1s r\u00e1pidamente que la Delta y est\u00e1 causando infecciones en personas ya vacunadas o que se han recuperado de la [&hellip;]\" \/>\n<meta property=\"og:url\" content=\"https:\/\/fuentesfidedignas.com.mx\/index.php\/2021\/12\/20\/omicron-se-esta-propagando-e-infectando-a-los-vacunados-oms\/\" \/>\n<meta property=\"og:site_name\" content=\"Fuentes Fidedignas\" \/>\n<meta property=\"article:publisher\" content=\"https:\/\/www.facebook.com\/Fuentes-Fidedignas-368234489921644\" \/>\n<meta property=\"article:published_time\" content=\"2021-12-20T18:44:05+00:00\" \/>\n<meta property=\"article:modified_time\" content=\"2021-12-20T18:44:07+00:00\" \/>\n<meta property=\"og:image\" content=\"https:\/\/fuentesfidedignas.com.mx\/wp-content\/uploads\/2021\/12\/oms-tedros-640x360-1.jpg\" \/>\n\t<meta property=\"og:image:width\" content=\"640\" \/>\n\t<meta property=\"og:image:height\" content=\"360\" \/>\n\t<meta property=\"og:image:type\" content=\"image\/jpeg\" \/>\n<meta name=\"author\" content=\"Forbes\" \/>\n<meta name=\"twitter:card\" content=\"summary_large_image\" \/>\n<meta name=\"twitter:creator\" content=\"@fidedignas\" \/>\n<meta name=\"twitter:site\" content=\"@fidedignas\" \/>\n<meta name=\"twitter:label1\" content=\"Escrito por\" \/>\n\t<meta name=\"twitter:data1\" content=\"Forbes\" \/>\n\t<meta name=\"twitter:label2\" content=\"Tiempo de lectura\" \/>\n\t<meta name=\"twitter:data2\" content=\"3 minutos\" \/>\n<script type=\"application\/ld+json\" class=\"yoast-schema-graph\">{\"@context\":\"https:\\\/\\\/schema.org\",\"@graph\":[{\"@type\":\"Article\",\"@id\":\"https:\\\/\\\/fuentesfidedignas.com.mx\\\/index.php\\\/2021\\\/12\\\/20\\\/omicron-se-esta-propagando-e-infectando-a-los-vacunados-oms\\\/#article\",\"isPartOf\":{\"@id\":\"https:\\\/\\\/fuentesfidedignas.com.mx\\\/index.php\\\/2021\\\/12\\\/20\\\/omicron-se-esta-propagando-e-infectando-a-los-vacunados-oms\\\/\"},\"author\":{\"name\":\"Forbes\",\"@id\":\"https:\\\/\\\/fuentesfidedignas.com.mx\\\/#\\\/schema\\\/person\\\/5623d53fe2e579d825b1679734abcc44\"},\"headline\":\"\u00d3micron se est\u00e1 propagando e infectando a los vacunados: OMS\",\"datePublished\":\"2021-12-20T18:44:05+00:00\",\"dateModified\":\"2021-12-20T18:44:07+00:00\",\"mainEntityOfPage\":{\"@id\":\"https:\\\/\\\/fuentesfidedignas.com.mx\\\/index.php\\\/2021\\\/12\\\/20\\\/omicron-se-esta-propagando-e-infectando-a-los-vacunados-oms\\\/\"},\"wordCount\":605,\"commentCount\":0,\"publisher\":{\"@id\":\"https:\\\/\\\/fuentesfidedignas.com.mx\\\/#organization\"},\"image\":{\"@id\":\"https:\\\/\\\/fuentesfidedignas.com.mx\\\/index.php\\\/2021\\\/12\\\/20\\\/omicron-se-esta-propagando-e-infectando-a-los-vacunados-oms\\\/#primaryimage\"},\"thumbnailUrl\":\"https:\\\/\\\/fuentesfidedignas.com.mx\\\/wp-content\\\/uploads\\\/2021\\\/12\\\/oms-tedros-640x360-1.jpg\",\"keywords\":[\"Coronavirus\",\"Covid-19\",\"\u00d3micron\",\"OMS\",\"Organizaci\u00f3n Mundial de la Salud\",\"SARS-CoV-2\",\"Vacuna anticovid\"],\"articleSection\":[\"NOTICIAS NACIONALES\"],\"inLanguage\":\"es\",\"potentialAction\":[{\"@type\":\"CommentAction\",\"name\":\"Comment\",\"target\":[\"https:\\\/\\\/fuentesfidedignas.com.mx\\\/index.php\\\/2021\\\/12\\\/20\\\/omicron-se-esta-propagando-e-infectando-a-los-vacunados-oms\\\/#respond\"]}]},{\"@type\":\"WebPage\",\"@id\":\"https:\\\/\\\/fuentesfidedignas.com.mx\\\/index.php\\\/2021\\\/12\\\/20\\\/omicron-se-esta-propagando-e-infectando-a-los-vacunados-oms\\\/\",\"url\":\"https:\\\/\\\/fuentesfidedignas.com.mx\\\/index.php\\\/2021\\\/12\\\/20\\\/omicron-se-esta-propagando-e-infectando-a-los-vacunados-oms\\\/\",\"name\":\"\u00d3micron se est\u00e1 propagando e infectando a los vacunados: OMS - Fuentes Fidedignas\",\"isPartOf\":{\"@id\":\"https:\\\/\\\/fuentesfidedignas.com.mx\\\/#website\"},\"primaryImageOfPage\":{\"@id\":\"https:\\\/\\\/fuentesfidedignas.com.mx\\\/index.php\\\/2021\\\/12\\\/20\\\/omicron-se-esta-propagando-e-infectando-a-los-vacunados-oms\\\/#primaryimage\"},\"image\":{\"@id\":\"https:\\\/\\\/fuentesfidedignas.com.mx\\\/index.php\\\/2021\\\/12\\\/20\\\/omicron-se-esta-propagando-e-infectando-a-los-vacunados-oms\\\/#primaryimage\"},\"thumbnailUrl\":\"https:\\\/\\\/fuentesfidedignas.com.mx\\\/wp-content\\\/uploads\\\/2021\\\/12\\\/oms-tedros-640x360-1.jpg\",\"datePublished\":\"2021-12-20T18:44:05+00:00\",\"dateModified\":\"2021-12-20T18:44:07+00:00\",\"breadcrumb\":{\"@id\":\"https:\\\/\\\/fuentesfidedignas.com.mx\\\/index.php\\\/2021\\\/12\\\/20\\\/omicron-se-esta-propagando-e-infectando-a-los-vacunados-oms\\\/#breadcrumb\"},\"inLanguage\":\"es\",\"potentialAction\":[{\"@type\":\"ReadAction\",\"target\":[\"https:\\\/\\\/fuentesfidedignas.com.mx\\\/index.php\\\/2021\\\/12\\\/20\\\/omicron-se-esta-propagando-e-infectando-a-los-vacunados-oms\\\/\"]}]},{\"@type\":\"ImageObject\",\"inLanguage\":\"es\",\"@id\":\"https:\\\/\\\/fuentesfidedignas.com.mx\\\/index.php\\\/2021\\\/12\\\/20\\\/omicron-se-esta-propagando-e-infectando-a-los-vacunados-oms\\\/#primaryimage\",\"url\":\"https:\\\/\\\/fuentesfidedignas.com.mx\\\/wp-content\\\/uploads\\\/2021\\\/12\\\/oms-tedros-640x360-1.jpg\",\"contentUrl\":\"https:\\\/\\\/fuentesfidedignas.com.mx\\\/wp-content\\\/uploads\\\/2021\\\/12\\\/oms-tedros-640x360-1.jpg\",\"width\":640,\"height\":360},{\"@type\":\"BreadcrumbList\",\"@id\":\"https:\\\/\\\/fuentesfidedignas.com.mx\\\/index.php\\\/2021\\\/12\\\/20\\\/omicron-se-esta-propagando-e-infectando-a-los-vacunados-oms\\\/#breadcrumb\",\"itemListElement\":[{\"@type\":\"ListItem\",\"position\":1,\"name\":\"Inicio\",\"item\":\"https:\\\/\\\/fuentesfidedignas.com.mx\\\/\"},{\"@type\":\"ListItem\",\"position\":2,\"name\":\"\u00d3micron se est\u00e1 propagando e infectando a los vacunados: OMS\"}]},{\"@type\":\"WebSite\",\"@id\":\"https:\\\/\\\/fuentesfidedignas.com.mx\\\/#website\",\"url\":\"https:\\\/\\\/fuentesfidedignas.com.mx\\\/\",\"name\":\"Fuentes Fidedignas\",\"description\":\"Otro sitio realizado con WordPress\",\"publisher\":{\"@id\":\"https:\\\/\\\/fuentesfidedignas.com.mx\\\/#organization\"},\"potentialAction\":[{\"@type\":\"SearchAction\",\"target\":{\"@type\":\"EntryPoint\",\"urlTemplate\":\"https:\\\/\\\/fuentesfidedignas.com.mx\\\/?s={search_term_string}\"},\"query-input\":{\"@type\":\"PropertyValueSpecification\",\"valueRequired\":true,\"valueName\":\"search_term_string\"}}],\"inLanguage\":\"es\"},{\"@type\":\"Organization\",\"@id\":\"https:\\\/\\\/fuentesfidedignas.com.mx\\\/#organization\",\"name\":\"Fuentes Fidedignas\",\"url\":\"https:\\\/\\\/fuentesfidedignas.com.mx\\\/\",\"logo\":{\"@type\":\"ImageObject\",\"inLanguage\":\"es\",\"@id\":\"https:\\\/\\\/fuentesfidedignas.com.mx\\\/#\\\/schema\\\/logo\\\/image\\\/\",\"url\":\"https:\\\/\\\/fuentesfidedignas.com.mx\\\/wp-content\\\/uploads\\\/2021\\\/04\\\/logo-retina.png\",\"contentUrl\":\"https:\\\/\\\/fuentesfidedignas.com.mx\\\/wp-content\\\/uploads\\\/2021\\\/04\\\/logo-retina.png\",\"width\":280,\"height\":51,\"caption\":\"Fuentes Fidedignas\"},\"image\":{\"@id\":\"https:\\\/\\\/fuentesfidedignas.com.mx\\\/#\\\/schema\\\/logo\\\/image\\\/\"},\"sameAs\":[\"https:\\\/\\\/www.facebook.com\\\/Fuentes-Fidedignas-368234489921644\",\"https:\\\/\\\/x.com\\\/fidedignas\"]},{\"@type\":\"Person\",\"@id\":\"https:\\\/\\\/fuentesfidedignas.com.mx\\\/#\\\/schema\\\/person\\\/5623d53fe2e579d825b1679734abcc44\",\"name\":\"Forbes\",\"image\":{\"@type\":\"ImageObject\",\"inLanguage\":\"es\",\"@id\":\"https:\\\/\\\/secure.gravatar.com\\\/avatar\\\/87ce3dd4e41e60c22a79c758614f01a6bc2469255fc936ec7b15efb9bb5cb66f?s=96&d=mm&r=g\",\"url\":\"https:\\\/\\\/secure.gravatar.com\\\/avatar\\\/87ce3dd4e41e60c22a79c758614f01a6bc2469255fc936ec7b15efb9bb5cb66f?s=96&d=mm&r=g\",\"contentUrl\":\"https:\\\/\\\/secure.gravatar.com\\\/avatar\\\/87ce3dd4e41e60c22a79c758614f01a6bc2469255fc936ec7b15efb9bb5cb66f?s=96&d=mm&r=g\",\"caption\":\"Forbes\"},\"url\":\"https:\\\/\\\/fuentesfidedignas.com.mx\\\/index.php\\\/author\\\/forbes\\\/\"}]}<\/script>\n<!-- \/ Yoast SEO plugin. -->","yoast_head_json":{"title":"\u00d3micron se est\u00e1 propagando e infectando a los vacunados: OMS - Fuentes Fidedignas","robots":{"index":"index","follow":"follow","max-snippet":"max-snippet:-1","max-image-preview":"max-image-preview:large","max-video-preview":"max-video-preview:-1"},"canonical":"https:\/\/fuentesfidedignas.com.mx\/index.php\/2021\/12\/20\/omicron-se-esta-propagando-e-infectando-a-los-vacunados-oms\/","og_locale":"es_MX","og_type":"article","og_title":"\u00d3micron se est\u00e1 propagando e infectando a los vacunados: OMS - Fuentes Fidedignas","og_description":"El director de la OMS exhort\u00f3 a cancelar las fiestas de fin de a\u00f1o ante el avance de la variante \u00d3micron entre personas vacunadas. Ciudad de M\u00e9xico.- La variante \u00d3micron del coronavirus se est\u00e1 propagando m\u00e1s r\u00e1pidamente que la Delta y est\u00e1 causando infecciones en personas ya vacunadas o que se han recuperado de la [&hellip;]","og_url":"https:\/\/fuentesfidedignas.com.mx\/index.php\/2021\/12\/20\/omicron-se-esta-propagando-e-infectando-a-los-vacunados-oms\/","og_site_name":"Fuentes Fidedignas","article_publisher":"https:\/\/www.facebook.com\/Fuentes-Fidedignas-368234489921644","article_published_time":"2021-12-20T18:44:05+00:00","article_modified_time":"2021-12-20T18:44:07+00:00","og_image":[{"width":640,"height":360,"url":"https:\/\/fuentesfidedignas.com.mx\/wp-content\/uploads\/2021\/12\/oms-tedros-640x360-1.jpg","type":"image\/jpeg"}],"author":"Forbes","twitter_card":"summary_large_image","twitter_creator":"@fidedignas","twitter_site":"@fidedignas","twitter_misc":{"Escrito por":"Forbes","Tiempo de lectura":"3 minutos"},"schema":{"@context":"https:\/\/schema.org","@graph":[{"@type":"Article","@id":"https:\/\/fuentesfidedignas.com.mx\/index.php\/2021\/12\/20\/omicron-se-esta-propagando-e-infectando-a-los-vacunados-oms\/#article","isPartOf":{"@id":"https:\/\/fuentesfidedignas.com.mx\/index.php\/2021\/12\/20\/omicron-se-esta-propagando-e-infectando-a-los-vacunados-oms\/"},"author":{"name":"Forbes","@id":"https:\/\/fuentesfidedignas.com.mx\/#\/schema\/person\/5623d53fe2e579d825b1679734abcc44"},"headline":"\u00d3micron se est\u00e1 propagando e infectando a los vacunados: OMS","datePublished":"2021-12-20T18:44:05+00:00","dateModified":"2021-12-20T18:44:07+00:00","mainEntityOfPage":{"@id":"https:\/\/fuentesfidedignas.com.mx\/index.php\/2021\/12\/20\/omicron-se-esta-propagando-e-infectando-a-los-vacunados-oms\/"},"wordCount":605,"commentCount":0,"publisher":{"@id":"https:\/\/fuentesfidedignas.com.mx\/#organization"},"image":{"@id":"https:\/\/fuentesfidedignas.com.mx\/index.php\/2021\/12\/20\/omicron-se-esta-propagando-e-infectando-a-los-vacunados-oms\/#primaryimage"},"thumbnailUrl":"https:\/\/fuentesfidedignas.com.mx\/wp-content\/uploads\/2021\/12\/oms-tedros-640x360-1.jpg","keywords":["Coronavirus","Covid-19","\u00d3micron","OMS","Organizaci\u00f3n Mundial de la Salud","SARS-CoV-2","Vacuna anticovid"],"articleSection":["NOTICIAS NACIONALES"],"inLanguage":"es","potentialAction":[{"@type":"CommentAction","name":"Comment","target":["https:\/\/fuentesfidedignas.com.mx\/index.php\/2021\/12\/20\/omicron-se-esta-propagando-e-infectando-a-los-vacunados-oms\/#respond"]}]},{"@type":"WebPage","@id":"https:\/\/fuentesfidedignas.com.mx\/index.php\/2021\/12\/20\/omicron-se-esta-propagando-e-infectando-a-los-vacunados-oms\/","url":"https:\/\/fuentesfidedignas.com.mx\/index.php\/2021\/12\/20\/omicron-se-esta-propagando-e-infectando-a-los-vacunados-oms\/","name":"\u00d3micron se est\u00e1 propagando e infectando a los vacunados: OMS - Fuentes Fidedignas","isPartOf":{"@id":"https:\/\/fuentesfidedignas.com.mx\/#website"},"primaryImageOfPage":{"@id":"https:\/\/fuentesfidedignas.com.mx\/index.php\/2021\/12\/20\/omicron-se-esta-propagando-e-infectando-a-los-vacunados-oms\/#primaryimage"},"image":{"@id":"https:\/\/fuentesfidedignas.com.mx\/index.php\/2021\/12\/20\/omicron-se-esta-propagando-e-infectando-a-los-vacunados-oms\/#primaryimage"},"thumbnailUrl":"https:\/\/fuentesfidedignas.com.mx\/wp-content\/uploads\/2021\/12\/oms-tedros-640x360-1.jpg","datePublished":"2021-12-20T18:44:05+00:00","dateModified":"2021-12-20T18:44:07+00:00","breadcrumb":{"@id":"https:\/\/fuentesfidedignas.com.mx\/index.php\/2021\/12\/20\/omicron-se-esta-propagando-e-infectando-a-los-vacunados-oms\/#breadcrumb"},"inLanguage":"es","potentialAction":[{"@type":"ReadAction","target":["https:\/\/fuentesfidedignas.com.mx\/index.php\/2021\/12\/20\/omicron-se-esta-propagando-e-infectando-a-los-vacunados-oms\/"]}]},{"@type":"ImageObject","inLanguage":"es","@id":"https:\/\/fuentesfidedignas.com.mx\/index.php\/2021\/12\/20\/omicron-se-esta-propagando-e-infectando-a-los-vacunados-oms\/#primaryimage","url":"https:\/\/fuentesfidedignas.com.mx\/wp-content\/uploads\/2021\/12\/oms-tedros-640x360-1.jpg","contentUrl":"https:\/\/fuentesfidedignas.com.mx\/wp-content\/uploads\/2021\/12\/oms-tedros-640x360-1.jpg","width":640,"height":360},{"@type":"BreadcrumbList","@id":"https:\/\/fuentesfidedignas.com.mx\/index.php\/2021\/12\/20\/omicron-se-esta-propagando-e-infectando-a-los-vacunados-oms\/#breadcrumb","itemListElement":[{"@type":"ListItem","position":1,"name":"Inicio","item":"https:\/\/fuentesfidedignas.com.mx\/"},{"@type":"ListItem","position":2,"name":"\u00d3micron se est\u00e1 propagando e infectando a los vacunados: OMS"}]},{"@type":"WebSite","@id":"https:\/\/fuentesfidedignas.com.mx\/#website","url":"https:\/\/fuentesfidedignas.com.mx\/","name":"Fuentes Fidedignas","description":"Otro sitio realizado con WordPress","publisher":{"@id":"https:\/\/fuentesfidedignas.com.mx\/#organization"},"potentialAction":[{"@type":"SearchAction","target":{"@type":"EntryPoint","urlTemplate":"https:\/\/fuentesfidedignas.com.mx\/?s={search_term_string}"},"query-input":{"@type":"PropertyValueSpecification","valueRequired":true,"valueName":"search_term_string"}}],"inLanguage":"es"},{"@type":"Organization","@id":"https:\/\/fuentesfidedignas.com.mx\/#organization","name":"Fuentes Fidedignas","url":"https:\/\/fuentesfidedignas.com.mx\/","logo":{"@type":"ImageObject","inLanguage":"es","@id":"https:\/\/fuentesfidedignas.com.mx\/#\/schema\/logo\/image\/","url":"https:\/\/fuentesfidedignas.com.mx\/wp-content\/uploads\/2021\/04\/logo-retina.png","contentUrl":"https:\/\/fuentesfidedignas.com.mx\/wp-content\/uploads\/2021\/04\/logo-retina.png","width":280,"height":51,"caption":"Fuentes Fidedignas"},"image":{"@id":"https:\/\/fuentesfidedignas.com.mx\/#\/schema\/logo\/image\/"},"sameAs":["https:\/\/www.facebook.com\/Fuentes-Fidedignas-368234489921644","https:\/\/x.com\/fidedignas"]},{"@type":"Person","@id":"https:\/\/fuentesfidedignas.com.mx\/#\/schema\/person\/5623d53fe2e579d825b1679734abcc44","name":"Forbes","image":{"@type":"ImageObject","inLanguage":"es","@id":"https:\/\/secure.gravatar.com\/avatar\/87ce3dd4e41e60c22a79c758614f01a6bc2469255fc936ec7b15efb9bb5cb66f?s=96&d=mm&r=g","url":"https:\/\/secure.gravatar.com\/avatar\/87ce3dd4e41e60c22a79c758614f01a6bc2469255fc936ec7b15efb9bb5cb66f?s=96&d=mm&r=g","contentUrl":"https:\/\/secure.gravatar.com\/avatar\/87ce3dd4e41e60c22a79c758614f01a6bc2469255fc936ec7b15efb9bb5cb66f?s=96&d=mm&r=g","caption":"Forbes"},"url":"https:\/\/fuentesfidedignas.com.mx\/index.php\/author\/forbes\/"}]}},"_links":{"self":[{"href":"https:\/\/fuentesfidedignas.com.mx\/index.php\/wp-json\/wp\/v2\/posts\/20278","targetHints":{"allow":["GET"]}}],"collection":[{"href":"https:\/\/fuentesfidedignas.com.mx\/index.php\/wp-json\/wp\/v2\/posts"}],"about":[{"href":"https:\/\/fuentesfidedignas.com.mx\/index.php\/wp-json\/wp\/v2\/types\/post"}],"author":[{"embeddable":true,"href":"https:\/\/fuentesfidedignas.com.mx\/index.php\/wp-json\/wp\/v2\/users\/5"}],"replies":[{"embeddable":true,"href":"https:\/\/fuentesfidedignas.com.mx\/index.php\/wp-json\/wp\/v2\/comments?post=20278"}],"version-history":[{"count":1,"href":"https:\/\/fuentesfidedignas.com.mx\/index.php\/wp-json\/wp\/v2\/posts\/20278\/revisions"}],"predecessor-version":[{"id":20280,"href":"https:\/\/fuentesfidedignas.com.mx\/index.php\/wp-json\/wp\/v2\/posts\/20278\/revisions\/20280"}],"wp:featuredmedia":[{"embeddable":true,"href":"https:\/\/fuentesfidedignas.com.mx\/index.php\/wp-json\/wp\/v2\/media\/20279"}],"wp:attachment":[{"href":"https:\/\/fuentesfidedignas.com.mx\/index.php\/wp-json\/wp\/v2\/media?parent=20278"}],"wp:term":[{"taxonomy":"category","embeddable":true,"href":"https:\/\/fuentesfidedignas.com.mx\/index.php\/wp-json\/wp\/v2\/categories?post=20278"},{"taxonomy":"post_tag","embeddable":true,"href":"https:\/\/fuentesfidedignas.com.mx\/index.php\/wp-json\/wp\/v2\/tags?post=20278"}],"curies":[{"name":"wp","href":"https:\/\/api.w.org\/{rel}","templated":true}]}}