{"id":20156,"date":"2021-12-17T20:00:03","date_gmt":"2021-12-18T03:00:03","guid":{"rendered":"https:\/\/fuentesfidedignas.com.mx\/?p=20156"},"modified":"2021-12-17T20:00:06","modified_gmt":"2021-12-18T03:00:06","slug":"ine-pospone-consulta-de-revocacion-de-mandato-por-falta-de-presupuesto","status":"publish","type":"post","link":"https:\/\/fuentesfidedignas.com.mx\/index.php\/2021\/12\/17\/ine-pospone-consulta-de-revocacion-de-mandato-por-falta-de-presupuesto\/","title":{"rendered":"INE pospone consulta de revocaci\u00f3n de mandato por falta de presupuesto"},"content":{"rendered":"\n<p><strong><em><br>Con votaci\u00f3n dividida, el INE aplaz\u00f3 la consulta de revocaci\u00f3n de mandato del presidente hasta que la Corte resuelva si se le deben dar m\u00e1s recursos<\/em><\/strong><\/p>\n\n\n\n<p>Ciudad de M\u00e9xico. En votaci\u00f3n dividida, el Consejo General del Instituto Nacional Electoral (INE) pospuso temporalmente la consulta de revocaci\u00f3n de mandato del presidente Andr\u00e9s Manuel L\u00f3pez Obrador por \u201cinsuficiencias\u201d presupuestales para realizar dicho ejercicio de participaci\u00f3n ciudadana.<\/p>\n\n\n\n<p>\u201cSe determina, como medida extraordinaria, posponer de forma temporal todas las actividades para la organizaci\u00f3n del proceso de revocaci\u00f3n de mandato del presidente de la Rep\u00fablica electo para el periodo constitucional 2018-2024 (\u2026) derivado del recorte presupuestal aprobado por la C\u00e1mara de Diputados al INE para el ejercicio 2022, hasta en tanto se tengan condiciones presupuestarias que permitan su reanudaci\u00f3n\u201d, se menciona en el acuerdo aprobado con 6 votos a favor y 5 en contra.<\/p>\n\n\n\n<p>Lo anterior se debi\u00f3 al recorte presupuestal que tuvo el \u00f3rgano electoral por parte de la C\u00e1mara de Diputados, el cual fue de 4 mil 913 millones de pesos con respecto a lo que hab\u00edan solicitado para 2022.<\/p>\n\n\n\n<p>Ante esta falta de recursos, el INE asegur\u00f3 que no tiene las condiciones para cumplir con lo que dice la ley en materia de revocaci\u00f3n de mandato; ello, a pesar del ajuste presupuestal que hizo, por lo que asever\u00f3 que apenas cuentan con uno de cada tres pesos de los que costar\u00eda la realizaci\u00f3n de este ejercicio.<\/p>\n\n\n\n<p>En el acuerdo aprobado establece que lo \u00fanico que no se pospondr\u00e1 ser\u00e1 la verificaci\u00f3n de las firmas de apoyo ciudadano y la entrega del informe que contenga el resultado de esta revisi\u00f3n que es del 26 de diciembre al 3 de febrero, pues para lanzar la convocatoria de la revocaci\u00f3n de mandato es necesario que 3% de los electores registrados en la Lista Nominal den su respaldo por medio de su r\u00fabrica.<\/p>\n\n\n\n<p>El documento \u2014presentado por el consejero presidente Lorenzo C\u00f3rdova\u2014 tambi\u00e9n enfatiza que el aplazamiento estar\u00e1 vigente hasta que la Suprema Corte de Justicia de la Naci\u00f3n (SCJN) resuelva la controversia constitucional que present\u00f3 el INE o cuando las autoridades federales entreguen m\u00e1s de 2 mil millones de pesos para realizar este ejercicio.<\/p>\n\n\n\n<p>Por lo anterior, pidi\u00f3 al secretario Ejecutivo, Edmundo Jacobo, que a partir de enero de 2022, mientras est\u00e9 vigente la posposici\u00f3n temporal, se generen todas las econom\u00edas presupuestales, pero sin afectar la operaci\u00f3n ordinaria del INE, para cubrir los gastos de la revocaci\u00f3n de mandato.<\/p>\n\n\n\n<p>\u201cDicho levantamiento operar\u00e1 siempre que se tengan las condiciones presupuestarias que as\u00ed lo permitan, ya sea por quelas autoridades competentes asignen los recursos necesarios o se generen desde el Instituto econom\u00edas presupuestales suficientes en t\u00e9rminos de lo establecido en punto de acuerdo anterior\u201d, menciona el \u00f3rgano electoral.<\/p>\n\n\n\n<p>El documento explica que para la revocaci\u00f3n de mandato la C\u00e1mara de Diputados le asign\u00f3 830 millones 573 mil 799 pesos, a los cuales se suman recursos que el INE reasign\u00f3 de otros rubros, por lo que hay mil 502 millones 998 mil 368 pesos para este ejercicio.<\/p>\n\n\n\n<p>Sin embargo, es necesario 3 mil 830 millones 448 mil 091 pesos con el fin de contar con las condiciones materiales, t\u00e9cnicas y humanas para realizar dicho ejercicio de participaci\u00f3n ciudadana.<\/p>\n\n\n\n<p><strong>No es el INE el que pone en riesgo la revocaci\u00f3n: Lorenzo C\u00f3rdova<\/strong><\/p>\n\n\n\n<p>El consejero presidente del Instituto Nacional Electoral (INE), Lorenzo C\u00f3rdova, se\u00f1alo que no es el \u00f3rgano electoral quien pone en riesgo la celebraci\u00f3n de la revocaci\u00f3n de mandato, sino quienes negaron los recursos; lo \u00faltimo en relaci\u00f3n a la C\u00e1mara de Diputados, que decidi\u00f3 la disminuci\u00f3n de m\u00e1s de 4 mil millones de pesos.<\/p>\n\n\n\n<p>\u201cQuiero ser claro, hoy no es el INE el que pone en riesgo la celebraci\u00f3n de una eventual revocaci\u00f3n de mandato, sino quienes tomaron la decisi\u00f3n pol\u00edtica de negar los recursos que se requieren para que este proceso se lleve a cabo con todas las garant\u00edas de legalidad y certeza\u201d, dijo en la sesi\u00f3n extraordinaria del Consejo.<\/p>\n\n\n\n<p>El consejero Jos\u00e9 Roberto Ruiz respald\u00f3 el proyecto, pues dijo que los recursos que actualmente se tienen solo alcanzar\u00edan hasta la primera quincena de abril, por lo que no se podr\u00eda cubrir todos los gastos de la revocaci\u00f3n de mandato.<\/p>\n\n\n\n<p>Igual opini\u00f3n tuvo la consejera Dania Ravel, quien dijo que si no se aplaza la revocaci\u00f3n de mandato es factible que queden inconclusas las actividades, lo que traer\u00e1 -coment\u00f3- demandas contra el INE por el incumplimiento de pagos.<\/p>\n","protected":false},"excerpt":{"rendered":"<p>Con votaci\u00f3n dividida, el INE aplaz\u00f3 la consulta de revocaci\u00f3n de mandato del presidente hasta que la Corte resuelva si se le deben dar m\u00e1s recursos Ciudad de M\u00e9xico. En votaci\u00f3n dividida, el Consejo General del Instituto Nacional Electoral (INE) pospuso temporalmente la consulta de revocaci\u00f3n de mandato del presidente Andr\u00e9s Manuel L\u00f3pez Obrador por [&hellip;]<\/p>\n","protected":false},"author":5,"featured_media":20157,"comment_status":"open","ping_status":"open","sticky":false,"template":"","format":"standard","meta":{"tdm_status":"","tdm_grid_status":"","footnotes":""},"categories":[39],"tags":[],"class_list":{"0":"post-20156","1":"post","2":"type-post","3":"status-publish","4":"format-standard","5":"has-post-thumbnail","7":"category-noticias-nacionales"},"yoast_head":"<!-- This site is optimized with the Yoast SEO plugin v27.5 - https:\/\/yoast.com\/product\/yoast-seo-wordpress\/ -->\n<title>INE pospone consulta de revocaci\u00f3n de mandato por falta de presupuesto - Fuentes Fidedignas<\/title>\n<meta name=\"robots\" content=\"index, follow, max-snippet:-1, max-image-preview:large, max-video-preview:-1\" \/>\n<link rel=\"canonical\" href=\"https:\/\/fuentesfidedignas.com.mx\/index.php\/2021\/12\/17\/ine-pospone-consulta-de-revocacion-de-mandato-por-falta-de-presupuesto\/\" \/>\n<meta property=\"og:locale\" content=\"es_MX\" \/>\n<meta property=\"og:type\" content=\"article\" \/>\n<meta property=\"og:title\" content=\"INE pospone consulta de revocaci\u00f3n de mandato por falta de presupuesto - Fuentes Fidedignas\" \/>\n<meta property=\"og:description\" content=\"Con votaci\u00f3n dividida, el INE aplaz\u00f3 la consulta de revocaci\u00f3n de mandato del presidente hasta que la Corte resuelva si se le deben dar m\u00e1s recursos Ciudad de M\u00e9xico. En votaci\u00f3n dividida, el Consejo General del Instituto Nacional Electoral (INE) pospuso temporalmente la consulta de revocaci\u00f3n de mandato del presidente Andr\u00e9s Manuel L\u00f3pez Obrador por [&hellip;]\" \/>\n<meta property=\"og:url\" content=\"https:\/\/fuentesfidedignas.com.mx\/index.php\/2021\/12\/17\/ine-pospone-consulta-de-revocacion-de-mandato-por-falta-de-presupuesto\/\" \/>\n<meta property=\"og:site_name\" content=\"Fuentes Fidedignas\" \/>\n<meta property=\"article:publisher\" content=\"https:\/\/www.facebook.com\/Fuentes-Fidedignas-368234489921644\" \/>\n<meta property=\"article:published_time\" content=\"2021-12-18T03:00:03+00:00\" \/>\n<meta property=\"article:modified_time\" content=\"2021-12-18T03:00:06+00:00\" \/>\n<meta property=\"og:image\" content=\"https:\/\/fuentesfidedignas.com.mx\/wp-content\/uploads\/2021\/12\/AMLOrevocacio\u0301n-768x432-1.jpg\" \/>\n\t<meta property=\"og:image:width\" content=\"768\" \/>\n\t<meta property=\"og:image:height\" content=\"432\" \/>\n\t<meta property=\"og:image:type\" content=\"image\/jpeg\" \/>\n<meta name=\"author\" content=\"Forbes\" \/>\n<meta name=\"twitter:card\" content=\"summary_large_image\" \/>\n<meta name=\"twitter:creator\" content=\"@fidedignas\" \/>\n<meta name=\"twitter:site\" content=\"@fidedignas\" \/>\n<meta name=\"twitter:label1\" content=\"Escrito por\" \/>\n\t<meta name=\"twitter:data1\" content=\"Forbes\" \/>\n\t<meta name=\"twitter:label2\" content=\"Tiempo de lectura\" \/>\n\t<meta name=\"twitter:data2\" content=\"4 minutos\" \/>\n<script type=\"application\/ld+json\" class=\"yoast-schema-graph\">{\"@context\":\"https:\\\/\\\/schema.org\",\"@graph\":[{\"@type\":\"Article\",\"@id\":\"https:\\\/\\\/fuentesfidedignas.com.mx\\\/index.php\\\/2021\\\/12\\\/17\\\/ine-pospone-consulta-de-revocacion-de-mandato-por-falta-de-presupuesto\\\/#article\",\"isPartOf\":{\"@id\":\"https:\\\/\\\/fuentesfidedignas.com.mx\\\/index.php\\\/2021\\\/12\\\/17\\\/ine-pospone-consulta-de-revocacion-de-mandato-por-falta-de-presupuesto\\\/\"},\"author\":{\"name\":\"Forbes\",\"@id\":\"https:\\\/\\\/fuentesfidedignas.com.mx\\\/#\\\/schema\\\/person\\\/5623d53fe2e579d825b1679734abcc44\"},\"headline\":\"INE pospone consulta de revocaci\u00f3n de mandato por falta de presupuesto\",\"datePublished\":\"2021-12-18T03:00:03+00:00\",\"dateModified\":\"2021-12-18T03:00:06+00:00\",\"mainEntityOfPage\":{\"@id\":\"https:\\\/\\\/fuentesfidedignas.com.mx\\\/index.php\\\/2021\\\/12\\\/17\\\/ine-pospone-consulta-de-revocacion-de-mandato-por-falta-de-presupuesto\\\/\"},\"wordCount\":780,\"commentCount\":0,\"publisher\":{\"@id\":\"https:\\\/\\\/fuentesfidedignas.com.mx\\\/#organization\"},\"image\":{\"@id\":\"https:\\\/\\\/fuentesfidedignas.com.mx\\\/index.php\\\/2021\\\/12\\\/17\\\/ine-pospone-consulta-de-revocacion-de-mandato-por-falta-de-presupuesto\\\/#primaryimage\"},\"thumbnailUrl\":\"https:\\\/\\\/fuentesfidedignas.com.mx\\\/wp-content\\\/uploads\\\/2021\\\/12\\\/AMLOrevocacio\u0301n-768x432-1.jpg\",\"articleSection\":[\"NOTICIAS NACIONALES\"],\"inLanguage\":\"es\",\"potentialAction\":[{\"@type\":\"CommentAction\",\"name\":\"Comment\",\"target\":[\"https:\\\/\\\/fuentesfidedignas.com.mx\\\/index.php\\\/2021\\\/12\\\/17\\\/ine-pospone-consulta-de-revocacion-de-mandato-por-falta-de-presupuesto\\\/#respond\"]}]},{\"@type\":\"WebPage\",\"@id\":\"https:\\\/\\\/fuentesfidedignas.com.mx\\\/index.php\\\/2021\\\/12\\\/17\\\/ine-pospone-consulta-de-revocacion-de-mandato-por-falta-de-presupuesto\\\/\",\"url\":\"https:\\\/\\\/fuentesfidedignas.com.mx\\\/index.php\\\/2021\\\/12\\\/17\\\/ine-pospone-consulta-de-revocacion-de-mandato-por-falta-de-presupuesto\\\/\",\"name\":\"INE pospone consulta de revocaci\u00f3n de mandato por falta de presupuesto - Fuentes Fidedignas\",\"isPartOf\":{\"@id\":\"https:\\\/\\\/fuentesfidedignas.com.mx\\\/#website\"},\"primaryImageOfPage\":{\"@id\":\"https:\\\/\\\/fuentesfidedignas.com.mx\\\/index.php\\\/2021\\\/12\\\/17\\\/ine-pospone-consulta-de-revocacion-de-mandato-por-falta-de-presupuesto\\\/#primaryimage\"},\"image\":{\"@id\":\"https:\\\/\\\/fuentesfidedignas.com.mx\\\/index.php\\\/2021\\\/12\\\/17\\\/ine-pospone-consulta-de-revocacion-de-mandato-por-falta-de-presupuesto\\\/#primaryimage\"},\"thumbnailUrl\":\"https:\\\/\\\/fuentesfidedignas.com.mx\\\/wp-content\\\/uploads\\\/2021\\\/12\\\/AMLOrevocacio\u0301n-768x432-1.jpg\",\"datePublished\":\"2021-12-18T03:00:03+00:00\",\"dateModified\":\"2021-12-18T03:00:06+00:00\",\"breadcrumb\":{\"@id\":\"https:\\\/\\\/fuentesfidedignas.com.mx\\\/index.php\\\/2021\\\/12\\\/17\\\/ine-pospone-consulta-de-revocacion-de-mandato-por-falta-de-presupuesto\\\/#breadcrumb\"},\"inLanguage\":\"es\",\"potentialAction\":[{\"@type\":\"ReadAction\",\"target\":[\"https:\\\/\\\/fuentesfidedignas.com.mx\\\/index.php\\\/2021\\\/12\\\/17\\\/ine-pospone-consulta-de-revocacion-de-mandato-por-falta-de-presupuesto\\\/\"]}]},{\"@type\":\"ImageObject\",\"inLanguage\":\"es\",\"@id\":\"https:\\\/\\\/fuentesfidedignas.com.mx\\\/index.php\\\/2021\\\/12\\\/17\\\/ine-pospone-consulta-de-revocacion-de-mandato-por-falta-de-presupuesto\\\/#primaryimage\",\"url\":\"https:\\\/\\\/fuentesfidedignas.com.mx\\\/wp-content\\\/uploads\\\/2021\\\/12\\\/AMLOrevocacio\u0301n-768x432-1.jpg\",\"contentUrl\":\"https:\\\/\\\/fuentesfidedignas.com.mx\\\/wp-content\\\/uploads\\\/2021\\\/12\\\/AMLOrevocacio\u0301n-768x432-1.jpg\",\"width\":768,\"height\":432},{\"@type\":\"BreadcrumbList\",\"@id\":\"https:\\\/\\\/fuentesfidedignas.com.mx\\\/index.php\\\/2021\\\/12\\\/17\\\/ine-pospone-consulta-de-revocacion-de-mandato-por-falta-de-presupuesto\\\/#breadcrumb\",\"itemListElement\":[{\"@type\":\"ListItem\",\"position\":1,\"name\":\"Inicio\",\"item\":\"https:\\\/\\\/fuentesfidedignas.com.mx\\\/\"},{\"@type\":\"ListItem\",\"position\":2,\"name\":\"INE pospone consulta de revocaci\u00f3n de mandato por falta de presupuesto\"}]},{\"@type\":\"WebSite\",\"@id\":\"https:\\\/\\\/fuentesfidedignas.com.mx\\\/#website\",\"url\":\"https:\\\/\\\/fuentesfidedignas.com.mx\\\/\",\"name\":\"Fuentes Fidedignas\",\"description\":\"Otro sitio realizado con WordPress\",\"publisher\":{\"@id\":\"https:\\\/\\\/fuentesfidedignas.com.mx\\\/#organization\"},\"potentialAction\":[{\"@type\":\"SearchAction\",\"target\":{\"@type\":\"EntryPoint\",\"urlTemplate\":\"https:\\\/\\\/fuentesfidedignas.com.mx\\\/?s={search_term_string}\"},\"query-input\":{\"@type\":\"PropertyValueSpecification\",\"valueRequired\":true,\"valueName\":\"search_term_string\"}}],\"inLanguage\":\"es\"},{\"@type\":\"Organization\",\"@id\":\"https:\\\/\\\/fuentesfidedignas.com.mx\\\/#organization\",\"name\":\"Fuentes Fidedignas\",\"url\":\"https:\\\/\\\/fuentesfidedignas.com.mx\\\/\",\"logo\":{\"@type\":\"ImageObject\",\"inLanguage\":\"es\",\"@id\":\"https:\\\/\\\/fuentesfidedignas.com.mx\\\/#\\\/schema\\\/logo\\\/image\\\/\",\"url\":\"https:\\\/\\\/fuentesfidedignas.com.mx\\\/wp-content\\\/uploads\\\/2021\\\/04\\\/logo-retina.png\",\"contentUrl\":\"https:\\\/\\\/fuentesfidedignas.com.mx\\\/wp-content\\\/uploads\\\/2021\\\/04\\\/logo-retina.png\",\"width\":280,\"height\":51,\"caption\":\"Fuentes Fidedignas\"},\"image\":{\"@id\":\"https:\\\/\\\/fuentesfidedignas.com.mx\\\/#\\\/schema\\\/logo\\\/image\\\/\"},\"sameAs\":[\"https:\\\/\\\/www.facebook.com\\\/Fuentes-Fidedignas-368234489921644\",\"https:\\\/\\\/x.com\\\/fidedignas\"]},{\"@type\":\"Person\",\"@id\":\"https:\\\/\\\/fuentesfidedignas.com.mx\\\/#\\\/schema\\\/person\\\/5623d53fe2e579d825b1679734abcc44\",\"name\":\"Forbes\",\"image\":{\"@type\":\"ImageObject\",\"inLanguage\":\"es\",\"@id\":\"https:\\\/\\\/secure.gravatar.com\\\/avatar\\\/87ce3dd4e41e60c22a79c758614f01a6bc2469255fc936ec7b15efb9bb5cb66f?s=96&d=mm&r=g\",\"url\":\"https:\\\/\\\/secure.gravatar.com\\\/avatar\\\/87ce3dd4e41e60c22a79c758614f01a6bc2469255fc936ec7b15efb9bb5cb66f?s=96&d=mm&r=g\",\"contentUrl\":\"https:\\\/\\\/secure.gravatar.com\\\/avatar\\\/87ce3dd4e41e60c22a79c758614f01a6bc2469255fc936ec7b15efb9bb5cb66f?s=96&d=mm&r=g\",\"caption\":\"Forbes\"},\"url\":\"https:\\\/\\\/fuentesfidedignas.com.mx\\\/index.php\\\/author\\\/forbes\\\/\"}]}<\/script>\n<!-- \/ Yoast SEO plugin. -->","yoast_head_json":{"title":"INE pospone consulta de revocaci\u00f3n de mandato por falta de presupuesto - Fuentes Fidedignas","robots":{"index":"index","follow":"follow","max-snippet":"max-snippet:-1","max-image-preview":"max-image-preview:large","max-video-preview":"max-video-preview:-1"},"canonical":"https:\/\/fuentesfidedignas.com.mx\/index.php\/2021\/12\/17\/ine-pospone-consulta-de-revocacion-de-mandato-por-falta-de-presupuesto\/","og_locale":"es_MX","og_type":"article","og_title":"INE pospone consulta de revocaci\u00f3n de mandato por falta de presupuesto - Fuentes Fidedignas","og_description":"Con votaci\u00f3n dividida, el INE aplaz\u00f3 la consulta de revocaci\u00f3n de mandato del presidente hasta que la Corte resuelva si se le deben dar m\u00e1s recursos Ciudad de M\u00e9xico. En votaci\u00f3n dividida, el Consejo General del Instituto Nacional Electoral (INE) pospuso temporalmente la consulta de revocaci\u00f3n de mandato del presidente Andr\u00e9s Manuel L\u00f3pez Obrador por [&hellip;]","og_url":"https:\/\/fuentesfidedignas.com.mx\/index.php\/2021\/12\/17\/ine-pospone-consulta-de-revocacion-de-mandato-por-falta-de-presupuesto\/","og_site_name":"Fuentes Fidedignas","article_publisher":"https:\/\/www.facebook.com\/Fuentes-Fidedignas-368234489921644","article_published_time":"2021-12-18T03:00:03+00:00","article_modified_time":"2021-12-18T03:00:06+00:00","og_image":[{"width":768,"height":432,"url":"https:\/\/fuentesfidedignas.com.mx\/wp-content\/uploads\/2021\/12\/AMLOrevocacio\u0301n-768x432-1.jpg","type":"image\/jpeg"}],"author":"Forbes","twitter_card":"summary_large_image","twitter_creator":"@fidedignas","twitter_site":"@fidedignas","twitter_misc":{"Escrito por":"Forbes","Tiempo de lectura":"4 minutos"},"schema":{"@context":"https:\/\/schema.org","@graph":[{"@type":"Article","@id":"https:\/\/fuentesfidedignas.com.mx\/index.php\/2021\/12\/17\/ine-pospone-consulta-de-revocacion-de-mandato-por-falta-de-presupuesto\/#article","isPartOf":{"@id":"https:\/\/fuentesfidedignas.com.mx\/index.php\/2021\/12\/17\/ine-pospone-consulta-de-revocacion-de-mandato-por-falta-de-presupuesto\/"},"author":{"name":"Forbes","@id":"https:\/\/fuentesfidedignas.com.mx\/#\/schema\/person\/5623d53fe2e579d825b1679734abcc44"},"headline":"INE pospone consulta de revocaci\u00f3n de mandato por falta de presupuesto","datePublished":"2021-12-18T03:00:03+00:00","dateModified":"2021-12-18T03:00:06+00:00","mainEntityOfPage":{"@id":"https:\/\/fuentesfidedignas.com.mx\/index.php\/2021\/12\/17\/ine-pospone-consulta-de-revocacion-de-mandato-por-falta-de-presupuesto\/"},"wordCount":780,"commentCount":0,"publisher":{"@id":"https:\/\/fuentesfidedignas.com.mx\/#organization"},"image":{"@id":"https:\/\/fuentesfidedignas.com.mx\/index.php\/2021\/12\/17\/ine-pospone-consulta-de-revocacion-de-mandato-por-falta-de-presupuesto\/#primaryimage"},"thumbnailUrl":"https:\/\/fuentesfidedignas.com.mx\/wp-content\/uploads\/2021\/12\/AMLOrevocacio\u0301n-768x432-1.jpg","articleSection":["NOTICIAS NACIONALES"],"inLanguage":"es","potentialAction":[{"@type":"CommentAction","name":"Comment","target":["https:\/\/fuentesfidedignas.com.mx\/index.php\/2021\/12\/17\/ine-pospone-consulta-de-revocacion-de-mandato-por-falta-de-presupuesto\/#respond"]}]},{"@type":"WebPage","@id":"https:\/\/fuentesfidedignas.com.mx\/index.php\/2021\/12\/17\/ine-pospone-consulta-de-revocacion-de-mandato-por-falta-de-presupuesto\/","url":"https:\/\/fuentesfidedignas.com.mx\/index.php\/2021\/12\/17\/ine-pospone-consulta-de-revocacion-de-mandato-por-falta-de-presupuesto\/","name":"INE pospone consulta de revocaci\u00f3n de mandato por falta de presupuesto - Fuentes Fidedignas","isPartOf":{"@id":"https:\/\/fuentesfidedignas.com.mx\/#website"},"primaryImageOfPage":{"@id":"https:\/\/fuentesfidedignas.com.mx\/index.php\/2021\/12\/17\/ine-pospone-consulta-de-revocacion-de-mandato-por-falta-de-presupuesto\/#primaryimage"},"image":{"@id":"https:\/\/fuentesfidedignas.com.mx\/index.php\/2021\/12\/17\/ine-pospone-consulta-de-revocacion-de-mandato-por-falta-de-presupuesto\/#primaryimage"},"thumbnailUrl":"https:\/\/fuentesfidedignas.com.mx\/wp-content\/uploads\/2021\/12\/AMLOrevocacio\u0301n-768x432-1.jpg","datePublished":"2021-12-18T03:00:03+00:00","dateModified":"2021-12-18T03:00:06+00:00","breadcrumb":{"@id":"https:\/\/fuentesfidedignas.com.mx\/index.php\/2021\/12\/17\/ine-pospone-consulta-de-revocacion-de-mandato-por-falta-de-presupuesto\/#breadcrumb"},"inLanguage":"es","potentialAction":[{"@type":"ReadAction","target":["https:\/\/fuentesfidedignas.com.mx\/index.php\/2021\/12\/17\/ine-pospone-consulta-de-revocacion-de-mandato-por-falta-de-presupuesto\/"]}]},{"@type":"ImageObject","inLanguage":"es","@id":"https:\/\/fuentesfidedignas.com.mx\/index.php\/2021\/12\/17\/ine-pospone-consulta-de-revocacion-de-mandato-por-falta-de-presupuesto\/#primaryimage","url":"https:\/\/fuentesfidedignas.com.mx\/wp-content\/uploads\/2021\/12\/AMLOrevocacio\u0301n-768x432-1.jpg","contentUrl":"https:\/\/fuentesfidedignas.com.mx\/wp-content\/uploads\/2021\/12\/AMLOrevocacio\u0301n-768x432-1.jpg","width":768,"height":432},{"@type":"BreadcrumbList","@id":"https:\/\/fuentesfidedignas.com.mx\/index.php\/2021\/12\/17\/ine-pospone-consulta-de-revocacion-de-mandato-por-falta-de-presupuesto\/#breadcrumb","itemListElement":[{"@type":"ListItem","position":1,"name":"Inicio","item":"https:\/\/fuentesfidedignas.com.mx\/"},{"@type":"ListItem","position":2,"name":"INE pospone consulta de revocaci\u00f3n de mandato por falta de presupuesto"}]},{"@type":"WebSite","@id":"https:\/\/fuentesfidedignas.com.mx\/#website","url":"https:\/\/fuentesfidedignas.com.mx\/","name":"Fuentes Fidedignas","description":"Otro sitio realizado con WordPress","publisher":{"@id":"https:\/\/fuentesfidedignas.com.mx\/#organization"},"potentialAction":[{"@type":"SearchAction","target":{"@type":"EntryPoint","urlTemplate":"https:\/\/fuentesfidedignas.com.mx\/?s={search_term_string}"},"query-input":{"@type":"PropertyValueSpecification","valueRequired":true,"valueName":"search_term_string"}}],"inLanguage":"es"},{"@type":"Organization","@id":"https:\/\/fuentesfidedignas.com.mx\/#organization","name":"Fuentes Fidedignas","url":"https:\/\/fuentesfidedignas.com.mx\/","logo":{"@type":"ImageObject","inLanguage":"es","@id":"https:\/\/fuentesfidedignas.com.mx\/#\/schema\/logo\/image\/","url":"https:\/\/fuentesfidedignas.com.mx\/wp-content\/uploads\/2021\/04\/logo-retina.png","contentUrl":"https:\/\/fuentesfidedignas.com.mx\/wp-content\/uploads\/2021\/04\/logo-retina.png","width":280,"height":51,"caption":"Fuentes Fidedignas"},"image":{"@id":"https:\/\/fuentesfidedignas.com.mx\/#\/schema\/logo\/image\/"},"sameAs":["https:\/\/www.facebook.com\/Fuentes-Fidedignas-368234489921644","https:\/\/x.com\/fidedignas"]},{"@type":"Person","@id":"https:\/\/fuentesfidedignas.com.mx\/#\/schema\/person\/5623d53fe2e579d825b1679734abcc44","name":"Forbes","image":{"@type":"ImageObject","inLanguage":"es","@id":"https:\/\/secure.gravatar.com\/avatar\/87ce3dd4e41e60c22a79c758614f01a6bc2469255fc936ec7b15efb9bb5cb66f?s=96&d=mm&r=g","url":"https:\/\/secure.gravatar.com\/avatar\/87ce3dd4e41e60c22a79c758614f01a6bc2469255fc936ec7b15efb9bb5cb66f?s=96&d=mm&r=g","contentUrl":"https:\/\/secure.gravatar.com\/avatar\/87ce3dd4e41e60c22a79c758614f01a6bc2469255fc936ec7b15efb9bb5cb66f?s=96&d=mm&r=g","caption":"Forbes"},"url":"https:\/\/fuentesfidedignas.com.mx\/index.php\/author\/forbes\/"}]}},"_links":{"self":[{"href":"https:\/\/fuentesfidedignas.com.mx\/index.php\/wp-json\/wp\/v2\/posts\/20156","targetHints":{"allow":["GET"]}}],"collection":[{"href":"https:\/\/fuentesfidedignas.com.mx\/index.php\/wp-json\/wp\/v2\/posts"}],"about":[{"href":"https:\/\/fuentesfidedignas.com.mx\/index.php\/wp-json\/wp\/v2\/types\/post"}],"author":[{"embeddable":true,"href":"https:\/\/fuentesfidedignas.com.mx\/index.php\/wp-json\/wp\/v2\/users\/5"}],"replies":[{"embeddable":true,"href":"https:\/\/fuentesfidedignas.com.mx\/index.php\/wp-json\/wp\/v2\/comments?post=20156"}],"version-history":[{"count":1,"href":"https:\/\/fuentesfidedignas.com.mx\/index.php\/wp-json\/wp\/v2\/posts\/20156\/revisions"}],"predecessor-version":[{"id":20158,"href":"https:\/\/fuentesfidedignas.com.mx\/index.php\/wp-json\/wp\/v2\/posts\/20156\/revisions\/20158"}],"wp:featuredmedia":[{"embeddable":true,"href":"https:\/\/fuentesfidedignas.com.mx\/index.php\/wp-json\/wp\/v2\/media\/20157"}],"wp:attachment":[{"href":"https:\/\/fuentesfidedignas.com.mx\/index.php\/wp-json\/wp\/v2\/media?parent=20156"}],"wp:term":[{"taxonomy":"category","embeddable":true,"href":"https:\/\/fuentesfidedignas.com.mx\/index.php\/wp-json\/wp\/v2\/categories?post=20156"},{"taxonomy":"post_tag","embeddable":true,"href":"https:\/\/fuentesfidedignas.com.mx\/index.php\/wp-json\/wp\/v2\/tags?post=20156"}],"curies":[{"name":"wp","href":"https:\/\/api.w.org\/{rel}","templated":true}]}}