{"id":19997,"date":"2021-12-16T09:36:45","date_gmt":"2021-12-16T16:36:45","guid":{"rendered":"https:\/\/fuentesfidedignas.com.mx\/?p=19997"},"modified":"2021-12-16T09:42:41","modified_gmt":"2021-12-16T16:42:41","slug":"amlo-justifico-el-culiacanazo-y-la-liberacion-de-ovidio-guzman-yo-fui-el-que-tomo-la-decision","status":"publish","type":"post","link":"https:\/\/fuentesfidedignas.com.mx\/index.php\/2021\/12\/16\/amlo-justifico-el-culiacanazo-y-la-liberacion-de-ovidio-guzman-yo-fui-el-que-tomo-la-decision\/","title":{"rendered":"AMLO justific\u00f3 el \u201cCuliacanazo\u201d y la liberaci\u00f3n de Ovidio Guzm\u00e1n: \u201cYo fui el que tom\u00f3 la decisi\u00f3n\u201d"},"content":{"rendered":"\n<p><strong><em>El presidente afirm\u00f3 que EEUU est\u00e1 \u201cen su derecho\u201d de emprender la millonaria oferta por los \u201cChapitos\u201d, hijos de Joaqu\u00edn Guzm\u00e1n Loera<\/em><\/strong><\/p>\n\n\n\n<p>Ciudad de M\u00e9xico.- \u201cSi hicimos bien o hicimos mal, ya la historia lo dir\u00e1\u201d, as\u00ed fue como el presidente, Andr\u00e9s Manuel L\u00f3pez Obrador (AMLO), justific\u00f3 el operativo fallido que deriv\u00f3 en la liberaci\u00f3n de Ovidio Guzm\u00e1n L\u00f3pez, hijo y heredero de Joaqu\u00edn el Chapo Guzm\u00e1n, en octubre del 2019.<\/p>\n\n\n\n<p>Durante su conferencia matutina, el mandatario acept\u00f3 que la operaci\u00f3n \u201cse ejecut\u00f3 mal\u201d desde un principio, ya que se contaba con pocos elementos para el mismo.<\/p>\n\n\n\n<p>Adem\u00e1s, record\u00f3 que la detenci\u00f3n del delincuente hab\u00eda desatado una \u201creacci\u00f3n muy fuerte de la delincuencia organizada\u201d la cual pod\u00eda atentar contra la vida de aproximadamente 200 personas m\u00e1s; de ah\u00ed que, coment\u00f3, \u00e9l personalmente \u201ctom\u00f3 la decisi\u00f3n de detenerlo\u201d.<\/p>\n\n\n\n<p>\u201cNo quisimos que perdieran la vida m\u00e1s personas (\u2026) Si hicimos bien o hicimos mal, ya la historia lo dir\u00e1. Yo fui el que tom\u00f3 la decisi\u00f3n de parar el operativo\u201d.<br>A pesar de esta fallida operaci\u00f3n militar, conocida como el \u201cCuliacanazo\u201d y que mostr\u00f3 superioridad del C\u00e1rtel de Sinaloa a su administraci\u00f3n, el Jefe del Ejecutivo afirm\u00f3 que Ovidio Guzm\u00e1n sigue en la mira para el Gobierno de M\u00e9xico.<\/p>\n\n\n\n<p>Esta postura surgi\u00f3 tras ser cuestionado por la estrategia de Estados Unidos sobre ofertar hasta 55 millones de d\u00f3lares por informaci\u00f3n que aporte para la captura de los \u201cChapitos\u201d, hijos de Joaqu\u00edn Guzm\u00e1n Lera, \u201cEl Chapo\u201d y otros fugitivos m\u00e1s.<\/p>\n\n\n\n<p>Ante ello, el tabasque\u00f1o afirm\u00f3 que el pa\u00eds vecino \u201ctiene todo su derecho\u201d de emprender esta acci\u00f3n como parte de su programa del combate a las drogas, pues, coment\u00f3, \u201cse encuentran preocupados\u201d por el da\u00f1o que los narc\u00f3ticos sint\u00e9ticos han causado en su poblaci\u00f3n.<\/p>\n\n\n\n<p>\u201cEs un asunto grave porque lo que ha venido sucediendo en los \u00faltimos tiempos es que ya la mariguana, incluso, en EE.UU est\u00e1 legalizada\u201d, coment\u00f3.<\/p>\n\n\n\n<p>No obstante, reiter\u00f3 que \u00e9ste no ser\u00e1 argumento para que alguna fuerza extranjera despliegue operativos dentro del territorio nacional ya que \u201ca quien corresponde detenerlos es a la autoridad nuestra\u201d, reafirm\u00f3.<\/p>\n\n\n\n<p>\u201cNosotros somos los que tenemos que hacer nuestro trabajo de acuerdo a las investigaciones (\u2026) No hay impunidad para nadie\u201d.<\/p>\n\n\n\n<p>A trav\u00e9s de un comunicado de prensa, el Departamento del Estado norteamericano expres\u00f3 que \u201cdurante a\u00f1os, Estados Unidos ha sufrido la peor epidemia de drogas de su historia, impulsada por muertes por sobredosis de hero\u00edna y fentanilo fabricado il\u00edcitamente y un aumento en la disponibilidad de metanfetamina\u201d.<\/p>\n\n\n\n<p>Es por lo anterior que se han puesto en marcha las \u00f3rdenes ejecutivas que a continuaci\u00f3n te presentamos, mismas que \u201cdeclaran una emergencia nacional para hacer frente a esta epidemia\u201d.<\/p>\n\n\n\n<p>\u201cLas primeras designaciones del Departamento del Tesoro bajo esta nueva EO ayudar\u00e1n a interrumpir la cadena de suministro global y las redes financieras que permiten que los opioides sint\u00e9ticos y los precursores qu\u00edmicos lleguen a los Estados Unidos al mismo tiempo que interrumpen el flujo de opioides a nivel nacional\u201d, apuntaron.<\/p>\n\n\n\n<p>En este contexto, dos de los programas a desarrollar es el de Recompensas por Narc\u00f3ticos (NRP), y el de Recompensas por Crimen Organizado Transnacional (TOCRP).<\/p>\n","protected":false},"excerpt":{"rendered":"<p>El presidente afirm\u00f3 que EEUU est\u00e1 \u201cen su derecho\u201d de emprender la millonaria oferta por los \u201cChapitos\u201d, hijos de Joaqu\u00edn Guzm\u00e1n Loera Ciudad de M\u00e9xico.- \u201cSi hicimos bien o hicimos mal, ya la historia lo dir\u00e1\u201d, as\u00ed fue como el presidente, Andr\u00e9s Manuel L\u00f3pez Obrador (AMLO), justific\u00f3 el operativo fallido que deriv\u00f3 en la liberaci\u00f3n [&hellip;]<\/p>\n","protected":false},"author":41,"featured_media":19998,"comment_status":"open","ping_status":"open","sticky":false,"template":"","format":"standard","meta":{"tdm_status":"","tdm_grid_status":"","footnotes":""},"categories":[37],"tags":[247,297,147,382],"class_list":{"0":"post-19997","1":"post","2":"type-post","3":"status-publish","4":"format-standard","5":"has-post-thumbnail","7":"category-nota-principal","8":"tag-amlo","9":"tag-andres-manuel-lopez-obrador","10":"tag-el-chapo-guzman","11":"tag-joaquin-el-chapo-guzman"},"yoast_head":"<!-- This site is optimized with the Yoast SEO plugin v27.5 - https:\/\/yoast.com\/product\/yoast-seo-wordpress\/ -->\n<title>AMLO justific\u00f3 el \u201cCuliacanazo\u201d y la liberaci\u00f3n de Ovidio Guzm\u00e1n: \u201cYo fui el que tom\u00f3 la decisi\u00f3n\u201d - Fuentes Fidedignas<\/title>\n<meta name=\"robots\" content=\"index, follow, max-snippet:-1, max-image-preview:large, max-video-preview:-1\" \/>\n<link rel=\"canonical\" href=\"https:\/\/fuentesfidedignas.com.mx\/index.php\/2021\/12\/16\/amlo-justifico-el-culiacanazo-y-la-liberacion-de-ovidio-guzman-yo-fui-el-que-tomo-la-decision\/\" \/>\n<meta property=\"og:locale\" content=\"es_MX\" \/>\n<meta property=\"og:type\" content=\"article\" \/>\n<meta property=\"og:title\" content=\"AMLO justific\u00f3 el \u201cCuliacanazo\u201d y la liberaci\u00f3n de Ovidio Guzm\u00e1n: \u201cYo fui el que tom\u00f3 la decisi\u00f3n\u201d - Fuentes Fidedignas\" \/>\n<meta property=\"og:description\" content=\"El presidente afirm\u00f3 que EEUU est\u00e1 \u201cen su derecho\u201d de emprender la millonaria oferta por los \u201cChapitos\u201d, hijos de Joaqu\u00edn Guzm\u00e1n Loera Ciudad de M\u00e9xico.- \u201cSi hicimos bien o hicimos mal, ya la historia lo dir\u00e1\u201d, as\u00ed fue como el presidente, Andr\u00e9s Manuel L\u00f3pez Obrador (AMLO), justific\u00f3 el operativo fallido que deriv\u00f3 en la liberaci\u00f3n [&hellip;]\" \/>\n<meta property=\"og:url\" content=\"https:\/\/fuentesfidedignas.com.mx\/index.php\/2021\/12\/16\/amlo-justifico-el-culiacanazo-y-la-liberacion-de-ovidio-guzman-yo-fui-el-que-tomo-la-decision\/\" \/>\n<meta property=\"og:site_name\" content=\"Fuentes Fidedignas\" \/>\n<meta property=\"article:publisher\" content=\"https:\/\/www.facebook.com\/Fuentes-Fidedignas-368234489921644\" \/>\n<meta property=\"article:published_time\" content=\"2021-12-16T16:36:45+00:00\" \/>\n<meta property=\"article:modified_time\" content=\"2021-12-16T16:42:41+00:00\" \/>\n<meta property=\"og:image\" content=\"https:\/\/fuentesfidedignas.com.mx\/wp-content\/uploads\/2021\/12\/amlo-lo\u0301pez-obrador-640x360-1.jpg\" \/>\n\t<meta property=\"og:image:width\" content=\"640\" \/>\n\t<meta property=\"og:image:height\" content=\"360\" \/>\n\t<meta property=\"og:image:type\" content=\"image\/jpeg\" \/>\n<meta name=\"author\" content=\"Infobae\" \/>\n<meta name=\"twitter:card\" content=\"summary_large_image\" \/>\n<meta name=\"twitter:creator\" content=\"@fidedignas\" \/>\n<meta name=\"twitter:site\" content=\"@fidedignas\" \/>\n<meta name=\"twitter:label1\" content=\"Escrito por\" \/>\n\t<meta name=\"twitter:data1\" content=\"Infobae\" \/>\n\t<meta name=\"twitter:label2\" content=\"Tiempo de lectura\" \/>\n\t<meta name=\"twitter:data2\" content=\"3 minutos\" \/>\n<script type=\"application\/ld+json\" class=\"yoast-schema-graph\">{\"@context\":\"https:\\\/\\\/schema.org\",\"@graph\":[{\"@type\":\"Article\",\"@id\":\"https:\\\/\\\/fuentesfidedignas.com.mx\\\/index.php\\\/2021\\\/12\\\/16\\\/amlo-justifico-el-culiacanazo-y-la-liberacion-de-ovidio-guzman-yo-fui-el-que-tomo-la-decision\\\/#article\",\"isPartOf\":{\"@id\":\"https:\\\/\\\/fuentesfidedignas.com.mx\\\/index.php\\\/2021\\\/12\\\/16\\\/amlo-justifico-el-culiacanazo-y-la-liberacion-de-ovidio-guzman-yo-fui-el-que-tomo-la-decision\\\/\"},\"author\":{\"name\":\"Infobae\",\"@id\":\"https:\\\/\\\/fuentesfidedignas.com.mx\\\/#\\\/schema\\\/person\\\/8575896a7c1067d352f6c1cd6582c389\"},\"headline\":\"AMLO justific\u00f3 el \u201cCuliacanazo\u201d y la liberaci\u00f3n de Ovidio Guzm\u00e1n: \u201cYo fui el que tom\u00f3 la decisi\u00f3n\u201d\",\"datePublished\":\"2021-12-16T16:36:45+00:00\",\"dateModified\":\"2021-12-16T16:42:41+00:00\",\"mainEntityOfPage\":{\"@id\":\"https:\\\/\\\/fuentesfidedignas.com.mx\\\/index.php\\\/2021\\\/12\\\/16\\\/amlo-justifico-el-culiacanazo-y-la-liberacion-de-ovidio-guzman-yo-fui-el-que-tomo-la-decision\\\/\"},\"wordCount\":583,\"commentCount\":0,\"publisher\":{\"@id\":\"https:\\\/\\\/fuentesfidedignas.com.mx\\\/#organization\"},\"image\":{\"@id\":\"https:\\\/\\\/fuentesfidedignas.com.mx\\\/index.php\\\/2021\\\/12\\\/16\\\/amlo-justifico-el-culiacanazo-y-la-liberacion-de-ovidio-guzman-yo-fui-el-que-tomo-la-decision\\\/#primaryimage\"},\"thumbnailUrl\":\"https:\\\/\\\/fuentesfidedignas.com.mx\\\/wp-content\\\/uploads\\\/2021\\\/12\\\/amlo-lo\u0301pez-obrador-640x360-1.jpg\",\"keywords\":[\"AMLO\",\"Andr\u00e9s Manuel L\u00f3pez Obrador\",\"El Chapo Guzm\u00e1n\",\"Joaqu\u00edn El Chapo Guzm\u00e1n\"],\"articleSection\":[\"NOTA PRINCIPAL\"],\"inLanguage\":\"es\",\"potentialAction\":[{\"@type\":\"CommentAction\",\"name\":\"Comment\",\"target\":[\"https:\\\/\\\/fuentesfidedignas.com.mx\\\/index.php\\\/2021\\\/12\\\/16\\\/amlo-justifico-el-culiacanazo-y-la-liberacion-de-ovidio-guzman-yo-fui-el-que-tomo-la-decision\\\/#respond\"]}]},{\"@type\":\"WebPage\",\"@id\":\"https:\\\/\\\/fuentesfidedignas.com.mx\\\/index.php\\\/2021\\\/12\\\/16\\\/amlo-justifico-el-culiacanazo-y-la-liberacion-de-ovidio-guzman-yo-fui-el-que-tomo-la-decision\\\/\",\"url\":\"https:\\\/\\\/fuentesfidedignas.com.mx\\\/index.php\\\/2021\\\/12\\\/16\\\/amlo-justifico-el-culiacanazo-y-la-liberacion-de-ovidio-guzman-yo-fui-el-que-tomo-la-decision\\\/\",\"name\":\"AMLO justific\u00f3 el \u201cCuliacanazo\u201d y la liberaci\u00f3n de Ovidio Guzm\u00e1n: \u201cYo fui el que tom\u00f3 la decisi\u00f3n\u201d - Fuentes Fidedignas\",\"isPartOf\":{\"@id\":\"https:\\\/\\\/fuentesfidedignas.com.mx\\\/#website\"},\"primaryImageOfPage\":{\"@id\":\"https:\\\/\\\/fuentesfidedignas.com.mx\\\/index.php\\\/2021\\\/12\\\/16\\\/amlo-justifico-el-culiacanazo-y-la-liberacion-de-ovidio-guzman-yo-fui-el-que-tomo-la-decision\\\/#primaryimage\"},\"image\":{\"@id\":\"https:\\\/\\\/fuentesfidedignas.com.mx\\\/index.php\\\/2021\\\/12\\\/16\\\/amlo-justifico-el-culiacanazo-y-la-liberacion-de-ovidio-guzman-yo-fui-el-que-tomo-la-decision\\\/#primaryimage\"},\"thumbnailUrl\":\"https:\\\/\\\/fuentesfidedignas.com.mx\\\/wp-content\\\/uploads\\\/2021\\\/12\\\/amlo-lo\u0301pez-obrador-640x360-1.jpg\",\"datePublished\":\"2021-12-16T16:36:45+00:00\",\"dateModified\":\"2021-12-16T16:42:41+00:00\",\"breadcrumb\":{\"@id\":\"https:\\\/\\\/fuentesfidedignas.com.mx\\\/index.php\\\/2021\\\/12\\\/16\\\/amlo-justifico-el-culiacanazo-y-la-liberacion-de-ovidio-guzman-yo-fui-el-que-tomo-la-decision\\\/#breadcrumb\"},\"inLanguage\":\"es\",\"potentialAction\":[{\"@type\":\"ReadAction\",\"target\":[\"https:\\\/\\\/fuentesfidedignas.com.mx\\\/index.php\\\/2021\\\/12\\\/16\\\/amlo-justifico-el-culiacanazo-y-la-liberacion-de-ovidio-guzman-yo-fui-el-que-tomo-la-decision\\\/\"]}]},{\"@type\":\"ImageObject\",\"inLanguage\":\"es\",\"@id\":\"https:\\\/\\\/fuentesfidedignas.com.mx\\\/index.php\\\/2021\\\/12\\\/16\\\/amlo-justifico-el-culiacanazo-y-la-liberacion-de-ovidio-guzman-yo-fui-el-que-tomo-la-decision\\\/#primaryimage\",\"url\":\"https:\\\/\\\/fuentesfidedignas.com.mx\\\/wp-content\\\/uploads\\\/2021\\\/12\\\/amlo-lo\u0301pez-obrador-640x360-1.jpg\",\"contentUrl\":\"https:\\\/\\\/fuentesfidedignas.com.mx\\\/wp-content\\\/uploads\\\/2021\\\/12\\\/amlo-lo\u0301pez-obrador-640x360-1.jpg\",\"width\":640,\"height\":360},{\"@type\":\"BreadcrumbList\",\"@id\":\"https:\\\/\\\/fuentesfidedignas.com.mx\\\/index.php\\\/2021\\\/12\\\/16\\\/amlo-justifico-el-culiacanazo-y-la-liberacion-de-ovidio-guzman-yo-fui-el-que-tomo-la-decision\\\/#breadcrumb\",\"itemListElement\":[{\"@type\":\"ListItem\",\"position\":1,\"name\":\"Inicio\",\"item\":\"https:\\\/\\\/fuentesfidedignas.com.mx\\\/\"},{\"@type\":\"ListItem\",\"position\":2,\"name\":\"AMLO justific\u00f3 el \u201cCuliacanazo\u201d y la liberaci\u00f3n de Ovidio Guzm\u00e1n: \u201cYo fui el que tom\u00f3 la decisi\u00f3n\u201d\"}]},{\"@type\":\"WebSite\",\"@id\":\"https:\\\/\\\/fuentesfidedignas.com.mx\\\/#website\",\"url\":\"https:\\\/\\\/fuentesfidedignas.com.mx\\\/\",\"name\":\"Fuentes Fidedignas\",\"description\":\"Otro sitio realizado con WordPress\",\"publisher\":{\"@id\":\"https:\\\/\\\/fuentesfidedignas.com.mx\\\/#organization\"},\"potentialAction\":[{\"@type\":\"SearchAction\",\"target\":{\"@type\":\"EntryPoint\",\"urlTemplate\":\"https:\\\/\\\/fuentesfidedignas.com.mx\\\/?s={search_term_string}\"},\"query-input\":{\"@type\":\"PropertyValueSpecification\",\"valueRequired\":true,\"valueName\":\"search_term_string\"}}],\"inLanguage\":\"es\"},{\"@type\":\"Organization\",\"@id\":\"https:\\\/\\\/fuentesfidedignas.com.mx\\\/#organization\",\"name\":\"Fuentes Fidedignas\",\"url\":\"https:\\\/\\\/fuentesfidedignas.com.mx\\\/\",\"logo\":{\"@type\":\"ImageObject\",\"inLanguage\":\"es\",\"@id\":\"https:\\\/\\\/fuentesfidedignas.com.mx\\\/#\\\/schema\\\/logo\\\/image\\\/\",\"url\":\"https:\\\/\\\/fuentesfidedignas.com.mx\\\/wp-content\\\/uploads\\\/2021\\\/04\\\/logo-retina.png\",\"contentUrl\":\"https:\\\/\\\/fuentesfidedignas.com.mx\\\/wp-content\\\/uploads\\\/2021\\\/04\\\/logo-retina.png\",\"width\":280,\"height\":51,\"caption\":\"Fuentes Fidedignas\"},\"image\":{\"@id\":\"https:\\\/\\\/fuentesfidedignas.com.mx\\\/#\\\/schema\\\/logo\\\/image\\\/\"},\"sameAs\":[\"https:\\\/\\\/www.facebook.com\\\/Fuentes-Fidedignas-368234489921644\",\"https:\\\/\\\/x.com\\\/fidedignas\"]},{\"@type\":\"Person\",\"@id\":\"https:\\\/\\\/fuentesfidedignas.com.mx\\\/#\\\/schema\\\/person\\\/8575896a7c1067d352f6c1cd6582c389\",\"name\":\"Infobae\",\"image\":{\"@type\":\"ImageObject\",\"inLanguage\":\"es\",\"@id\":\"https:\\\/\\\/secure.gravatar.com\\\/avatar\\\/e4ec95706f8d1670343f6526fdcec45474bab17475a851434a64ca12b5acba1c?s=96&d=mm&r=g\",\"url\":\"https:\\\/\\\/secure.gravatar.com\\\/avatar\\\/e4ec95706f8d1670343f6526fdcec45474bab17475a851434a64ca12b5acba1c?s=96&d=mm&r=g\",\"contentUrl\":\"https:\\\/\\\/secure.gravatar.com\\\/avatar\\\/e4ec95706f8d1670343f6526fdcec45474bab17475a851434a64ca12b5acba1c?s=96&d=mm&r=g\",\"caption\":\"Infobae\"},\"url\":\"https:\\\/\\\/fuentesfidedignas.com.mx\\\/index.php\\\/author\\\/infobae\\\/\"}]}<\/script>\n<!-- \/ Yoast SEO plugin. -->","yoast_head_json":{"title":"AMLO justific\u00f3 el \u201cCuliacanazo\u201d y la liberaci\u00f3n de Ovidio Guzm\u00e1n: \u201cYo fui el que tom\u00f3 la decisi\u00f3n\u201d - Fuentes Fidedignas","robots":{"index":"index","follow":"follow","max-snippet":"max-snippet:-1","max-image-preview":"max-image-preview:large","max-video-preview":"max-video-preview:-1"},"canonical":"https:\/\/fuentesfidedignas.com.mx\/index.php\/2021\/12\/16\/amlo-justifico-el-culiacanazo-y-la-liberacion-de-ovidio-guzman-yo-fui-el-que-tomo-la-decision\/","og_locale":"es_MX","og_type":"article","og_title":"AMLO justific\u00f3 el \u201cCuliacanazo\u201d y la liberaci\u00f3n de Ovidio Guzm\u00e1n: \u201cYo fui el que tom\u00f3 la decisi\u00f3n\u201d - Fuentes Fidedignas","og_description":"El presidente afirm\u00f3 que EEUU est\u00e1 \u201cen su derecho\u201d de emprender la millonaria oferta por los \u201cChapitos\u201d, hijos de Joaqu\u00edn Guzm\u00e1n Loera Ciudad de M\u00e9xico.- \u201cSi hicimos bien o hicimos mal, ya la historia lo dir\u00e1\u201d, as\u00ed fue como el presidente, Andr\u00e9s Manuel L\u00f3pez Obrador (AMLO), justific\u00f3 el operativo fallido que deriv\u00f3 en la liberaci\u00f3n [&hellip;]","og_url":"https:\/\/fuentesfidedignas.com.mx\/index.php\/2021\/12\/16\/amlo-justifico-el-culiacanazo-y-la-liberacion-de-ovidio-guzman-yo-fui-el-que-tomo-la-decision\/","og_site_name":"Fuentes Fidedignas","article_publisher":"https:\/\/www.facebook.com\/Fuentes-Fidedignas-368234489921644","article_published_time":"2021-12-16T16:36:45+00:00","article_modified_time":"2021-12-16T16:42:41+00:00","og_image":[{"width":640,"height":360,"url":"https:\/\/fuentesfidedignas.com.mx\/wp-content\/uploads\/2021\/12\/amlo-lo\u0301pez-obrador-640x360-1.jpg","type":"image\/jpeg"}],"author":"Infobae","twitter_card":"summary_large_image","twitter_creator":"@fidedignas","twitter_site":"@fidedignas","twitter_misc":{"Escrito por":"Infobae","Tiempo de lectura":"3 minutos"},"schema":{"@context":"https:\/\/schema.org","@graph":[{"@type":"Article","@id":"https:\/\/fuentesfidedignas.com.mx\/index.php\/2021\/12\/16\/amlo-justifico-el-culiacanazo-y-la-liberacion-de-ovidio-guzman-yo-fui-el-que-tomo-la-decision\/#article","isPartOf":{"@id":"https:\/\/fuentesfidedignas.com.mx\/index.php\/2021\/12\/16\/amlo-justifico-el-culiacanazo-y-la-liberacion-de-ovidio-guzman-yo-fui-el-que-tomo-la-decision\/"},"author":{"name":"Infobae","@id":"https:\/\/fuentesfidedignas.com.mx\/#\/schema\/person\/8575896a7c1067d352f6c1cd6582c389"},"headline":"AMLO justific\u00f3 el \u201cCuliacanazo\u201d y la liberaci\u00f3n de Ovidio Guzm\u00e1n: \u201cYo fui el que tom\u00f3 la decisi\u00f3n\u201d","datePublished":"2021-12-16T16:36:45+00:00","dateModified":"2021-12-16T16:42:41+00:00","mainEntityOfPage":{"@id":"https:\/\/fuentesfidedignas.com.mx\/index.php\/2021\/12\/16\/amlo-justifico-el-culiacanazo-y-la-liberacion-de-ovidio-guzman-yo-fui-el-que-tomo-la-decision\/"},"wordCount":583,"commentCount":0,"publisher":{"@id":"https:\/\/fuentesfidedignas.com.mx\/#organization"},"image":{"@id":"https:\/\/fuentesfidedignas.com.mx\/index.php\/2021\/12\/16\/amlo-justifico-el-culiacanazo-y-la-liberacion-de-ovidio-guzman-yo-fui-el-que-tomo-la-decision\/#primaryimage"},"thumbnailUrl":"https:\/\/fuentesfidedignas.com.mx\/wp-content\/uploads\/2021\/12\/amlo-lo\u0301pez-obrador-640x360-1.jpg","keywords":["AMLO","Andr\u00e9s Manuel L\u00f3pez Obrador","El Chapo Guzm\u00e1n","Joaqu\u00edn El Chapo Guzm\u00e1n"],"articleSection":["NOTA PRINCIPAL"],"inLanguage":"es","potentialAction":[{"@type":"CommentAction","name":"Comment","target":["https:\/\/fuentesfidedignas.com.mx\/index.php\/2021\/12\/16\/amlo-justifico-el-culiacanazo-y-la-liberacion-de-ovidio-guzman-yo-fui-el-que-tomo-la-decision\/#respond"]}]},{"@type":"WebPage","@id":"https:\/\/fuentesfidedignas.com.mx\/index.php\/2021\/12\/16\/amlo-justifico-el-culiacanazo-y-la-liberacion-de-ovidio-guzman-yo-fui-el-que-tomo-la-decision\/","url":"https:\/\/fuentesfidedignas.com.mx\/index.php\/2021\/12\/16\/amlo-justifico-el-culiacanazo-y-la-liberacion-de-ovidio-guzman-yo-fui-el-que-tomo-la-decision\/","name":"AMLO justific\u00f3 el \u201cCuliacanazo\u201d y la liberaci\u00f3n de Ovidio Guzm\u00e1n: \u201cYo fui el que tom\u00f3 la decisi\u00f3n\u201d - Fuentes Fidedignas","isPartOf":{"@id":"https:\/\/fuentesfidedignas.com.mx\/#website"},"primaryImageOfPage":{"@id":"https:\/\/fuentesfidedignas.com.mx\/index.php\/2021\/12\/16\/amlo-justifico-el-culiacanazo-y-la-liberacion-de-ovidio-guzman-yo-fui-el-que-tomo-la-decision\/#primaryimage"},"image":{"@id":"https:\/\/fuentesfidedignas.com.mx\/index.php\/2021\/12\/16\/amlo-justifico-el-culiacanazo-y-la-liberacion-de-ovidio-guzman-yo-fui-el-que-tomo-la-decision\/#primaryimage"},"thumbnailUrl":"https:\/\/fuentesfidedignas.com.mx\/wp-content\/uploads\/2021\/12\/amlo-lo\u0301pez-obrador-640x360-1.jpg","datePublished":"2021-12-16T16:36:45+00:00","dateModified":"2021-12-16T16:42:41+00:00","breadcrumb":{"@id":"https:\/\/fuentesfidedignas.com.mx\/index.php\/2021\/12\/16\/amlo-justifico-el-culiacanazo-y-la-liberacion-de-ovidio-guzman-yo-fui-el-que-tomo-la-decision\/#breadcrumb"},"inLanguage":"es","potentialAction":[{"@type":"ReadAction","target":["https:\/\/fuentesfidedignas.com.mx\/index.php\/2021\/12\/16\/amlo-justifico-el-culiacanazo-y-la-liberacion-de-ovidio-guzman-yo-fui-el-que-tomo-la-decision\/"]}]},{"@type":"ImageObject","inLanguage":"es","@id":"https:\/\/fuentesfidedignas.com.mx\/index.php\/2021\/12\/16\/amlo-justifico-el-culiacanazo-y-la-liberacion-de-ovidio-guzman-yo-fui-el-que-tomo-la-decision\/#primaryimage","url":"https:\/\/fuentesfidedignas.com.mx\/wp-content\/uploads\/2021\/12\/amlo-lo\u0301pez-obrador-640x360-1.jpg","contentUrl":"https:\/\/fuentesfidedignas.com.mx\/wp-content\/uploads\/2021\/12\/amlo-lo\u0301pez-obrador-640x360-1.jpg","width":640,"height":360},{"@type":"BreadcrumbList","@id":"https:\/\/fuentesfidedignas.com.mx\/index.php\/2021\/12\/16\/amlo-justifico-el-culiacanazo-y-la-liberacion-de-ovidio-guzman-yo-fui-el-que-tomo-la-decision\/#breadcrumb","itemListElement":[{"@type":"ListItem","position":1,"name":"Inicio","item":"https:\/\/fuentesfidedignas.com.mx\/"},{"@type":"ListItem","position":2,"name":"AMLO justific\u00f3 el \u201cCuliacanazo\u201d y la liberaci\u00f3n de Ovidio Guzm\u00e1n: \u201cYo fui el que tom\u00f3 la decisi\u00f3n\u201d"}]},{"@type":"WebSite","@id":"https:\/\/fuentesfidedignas.com.mx\/#website","url":"https:\/\/fuentesfidedignas.com.mx\/","name":"Fuentes Fidedignas","description":"Otro sitio realizado con WordPress","publisher":{"@id":"https:\/\/fuentesfidedignas.com.mx\/#organization"},"potentialAction":[{"@type":"SearchAction","target":{"@type":"EntryPoint","urlTemplate":"https:\/\/fuentesfidedignas.com.mx\/?s={search_term_string}"},"query-input":{"@type":"PropertyValueSpecification","valueRequired":true,"valueName":"search_term_string"}}],"inLanguage":"es"},{"@type":"Organization","@id":"https:\/\/fuentesfidedignas.com.mx\/#organization","name":"Fuentes Fidedignas","url":"https:\/\/fuentesfidedignas.com.mx\/","logo":{"@type":"ImageObject","inLanguage":"es","@id":"https:\/\/fuentesfidedignas.com.mx\/#\/schema\/logo\/image\/","url":"https:\/\/fuentesfidedignas.com.mx\/wp-content\/uploads\/2021\/04\/logo-retina.png","contentUrl":"https:\/\/fuentesfidedignas.com.mx\/wp-content\/uploads\/2021\/04\/logo-retina.png","width":280,"height":51,"caption":"Fuentes Fidedignas"},"image":{"@id":"https:\/\/fuentesfidedignas.com.mx\/#\/schema\/logo\/image\/"},"sameAs":["https:\/\/www.facebook.com\/Fuentes-Fidedignas-368234489921644","https:\/\/x.com\/fidedignas"]},{"@type":"Person","@id":"https:\/\/fuentesfidedignas.com.mx\/#\/schema\/person\/8575896a7c1067d352f6c1cd6582c389","name":"Infobae","image":{"@type":"ImageObject","inLanguage":"es","@id":"https:\/\/secure.gravatar.com\/avatar\/e4ec95706f8d1670343f6526fdcec45474bab17475a851434a64ca12b5acba1c?s=96&d=mm&r=g","url":"https:\/\/secure.gravatar.com\/avatar\/e4ec95706f8d1670343f6526fdcec45474bab17475a851434a64ca12b5acba1c?s=96&d=mm&r=g","contentUrl":"https:\/\/secure.gravatar.com\/avatar\/e4ec95706f8d1670343f6526fdcec45474bab17475a851434a64ca12b5acba1c?s=96&d=mm&r=g","caption":"Infobae"},"url":"https:\/\/fuentesfidedignas.com.mx\/index.php\/author\/infobae\/"}]}},"_links":{"self":[{"href":"https:\/\/fuentesfidedignas.com.mx\/index.php\/wp-json\/wp\/v2\/posts\/19997","targetHints":{"allow":["GET"]}}],"collection":[{"href":"https:\/\/fuentesfidedignas.com.mx\/index.php\/wp-json\/wp\/v2\/posts"}],"about":[{"href":"https:\/\/fuentesfidedignas.com.mx\/index.php\/wp-json\/wp\/v2\/types\/post"}],"author":[{"embeddable":true,"href":"https:\/\/fuentesfidedignas.com.mx\/index.php\/wp-json\/wp\/v2\/users\/41"}],"replies":[{"embeddable":true,"href":"https:\/\/fuentesfidedignas.com.mx\/index.php\/wp-json\/wp\/v2\/comments?post=19997"}],"version-history":[{"count":1,"href":"https:\/\/fuentesfidedignas.com.mx\/index.php\/wp-json\/wp\/v2\/posts\/19997\/revisions"}],"predecessor-version":[{"id":19999,"href":"https:\/\/fuentesfidedignas.com.mx\/index.php\/wp-json\/wp\/v2\/posts\/19997\/revisions\/19999"}],"wp:featuredmedia":[{"embeddable":true,"href":"https:\/\/fuentesfidedignas.com.mx\/index.php\/wp-json\/wp\/v2\/media\/19998"}],"wp:attachment":[{"href":"https:\/\/fuentesfidedignas.com.mx\/index.php\/wp-json\/wp\/v2\/media?parent=19997"}],"wp:term":[{"taxonomy":"category","embeddable":true,"href":"https:\/\/fuentesfidedignas.com.mx\/index.php\/wp-json\/wp\/v2\/categories?post=19997"},{"taxonomy":"post_tag","embeddable":true,"href":"https:\/\/fuentesfidedignas.com.mx\/index.php\/wp-json\/wp\/v2\/tags?post=19997"}],"curies":[{"name":"wp","href":"https:\/\/api.w.org\/{rel}","templated":true}]}}