{"id":19991,"date":"2021-12-16T07:08:57","date_gmt":"2021-12-16T14:08:57","guid":{"rendered":"https:\/\/fuentesfidedignas.com.mx\/?p=19991"},"modified":"2021-12-16T07:08:58","modified_gmt":"2021-12-16T14:08:58","slug":"rsf-pide-poner-fin-a-la-hecatombe-de-periodistas-en-mexico","status":"publish","type":"post","link":"https:\/\/fuentesfidedignas.com.mx\/index.php\/2021\/12\/16\/rsf-pide-poner-fin-a-la-hecatombe-de-periodistas-en-mexico\/","title":{"rendered":"RSF pide poner fin a la \u2018hecatombe\u2019 de periodistas en M\u00e9xico"},"content":{"rendered":"\n<p><em><strong>A lo largo de 2021 siete periodistas fueron asesinados en M\u00e9xico, lo que eleva a 47 el n\u00famero de v\u00edctimas en los \u00faltimos cinco a\u00f1os.<\/strong><\/em><\/p>\n\n\n\n<p>Ciudad de M\u00e9xico.- M\u00e9xico se convirti\u00f3 por tercer a\u00f1o consecutivo en el pa\u00eds donde m\u00e1s periodistas fueron asesinados, seg\u00fan el balance anual de Reporteros Sin Fronteras (RSF), cuyo secretario general, Christophe Deloire, consider\u00f3 una \u201checatombe\u201d la situaci\u00f3n de la prensa en ese pa\u00eds y pidi\u00f3 a las autoridades medidas radicales para ponerle fin.<\/p>\n\n\n\n<p>\u201cLo que pasa en M\u00e9xico es terror\u00edfico, vuelve a ser el pa\u00eds con m\u00e1s muertos en un a\u00f1o, aunque es un pa\u00eds en teor\u00eda en paz\u201d, explic\u00f3 Deloire a Efe, coincidiendo con la publicaci\u00f3n este jueves de su balance anual.<\/p>\n\n\n\n<p>\u201cLos periodistas que investigan sobre el narcotr\u00e1fico, sobre lo bajos fondos de una clase pol\u00edtica corrupta, son asesinados con m\u00e1s frecuencia que en otros pa\u00edses. Es siniestro\u201d, a\u00f1adi\u00f3.<\/p>\n\n\n\n<p>A lo largo de 2021 siete periodistas fueron asesinados en M\u00e9xico, lo que eleva a 47 el n\u00famero de v\u00edctimas en los \u00faltimos cinco a\u00f1os. Fredy L\u00f3pez Ar\u00e9valo, Manuel Gonz\u00e1lez Reyes, Jacinto Romero Flores, Ricardo L\u00f3pez Dom\u00ednguez, Sa\u00fal Tijerina Renter\u00eda, Gustavo S\u00e1nchez Cabrera y Benjam\u00edn Morales Hern\u00e1ndez se sumaron este a\u00f1o a la lista de bajas.<\/p>\n\n\n\n<p>RSF puso el foco en Sonora, un estado \u201cgangrenado por grupos armados y el tr\u00e1fico de drogas\u201d donde desaparecieron dos reporteros y otros dos fueron asesinados.<\/p>\n\n\n\n<p>Deloire apunt\u00f3 directamente a las autoridades locales, a las que acus\u00f3 de no hacer lo suficiente para detener esa sangr\u00eda.<\/p>\n\n\n\n<p>Record\u00f3 que presentaron una denuncia ante la Corte Penal Internacional por cr\u00edmenes contra la humanidad durante los mandatos de los dos anteriores presidentes mexicanos, pero se\u00f1al\u00f3 que el actual, Andr\u00e9s Manuel L\u00f3pez Obrador, \u201cno ha logrado mejorar la situaci\u00f3n\u201d.<\/p>\n\n\n\n<p>\u201cM\u00e9xico tiene organismos oficiales para la protecci\u00f3n de periodistas, bien con medidas activas, bien a trav\u00e9s de una Fiscal\u00eda especial para cr\u00edmenes contra ellos. Pero en realidad es solo una gran burocracia muy ineficaz (\u2026) que se habit\u00faa a esa situaci\u00f3n y hace poco para evitarlo\u201d, lament\u00f3.<\/p>\n\n\n\n<p>Adem\u00e1s de apelar a las autoridades, Deloire lanz\u00f3 un llamamiento a los grandes medios del pa\u00eds y a los periodistas que trabajan en las zonas menos peligrosas para que se solidaricen con los que trabajan en los estados de m\u00e1s riesgo.<\/p>\n\n\n\n<p>\u201cNecesitan su solidaridad. Es hora de que haya una movilizaci\u00f3n del conjunto de los periodistas mexicanos en favor de los que corren riesgos\u201d, dijo el responsable de RSF.<\/p>\n\n\n\n<p>Deloire indic\u00f3 que la situaci\u00f3n de la prensa en M\u00e9xico evita que el pa\u00eds pueda afrontar el problema que tiene con la violencia.<\/p>\n\n\n\n<p>\u201cNo acabar\u00e1n con su violencia end\u00e9mica si no detienen la violencia contra los periodistas, porque son los periodistas con sus investigaciones los que podr\u00e1n permitir que se tomen otras medidas\u201d, dijo.<\/p>\n","protected":false},"excerpt":{"rendered":"<p>A lo largo de 2021 siete periodistas fueron asesinados en M\u00e9xico, lo que eleva a 47 el n\u00famero de v\u00edctimas en los \u00faltimos cinco a\u00f1os. Ciudad de M\u00e9xico.- M\u00e9xico se convirti\u00f3 por tercer a\u00f1o consecutivo en el pa\u00eds donde m\u00e1s periodistas fueron asesinados, seg\u00fan el balance anual de Reporteros Sin Fronteras (RSF), cuyo secretario general, [&hellip;]<\/p>\n","protected":false},"author":22,"featured_media":19992,"comment_status":"open","ping_status":"open","sticky":false,"template":"","format":"standard","meta":{"tdm_status":"","tdm_grid_status":"","footnotes":""},"categories":[39],"tags":[2243,678,2244],"class_list":{"0":"post-19991","1":"post","2":"type-post","3":"status-publish","4":"format-standard","5":"has-post-thumbnail","7":"category-noticias-nacionales","8":"tag-periodismo","9":"tag-periodistas","10":"tag-reporteros-sin-fronteras"},"yoast_head":"<!-- This site is optimized with the Yoast SEO plugin v27.5 - https:\/\/yoast.com\/product\/yoast-seo-wordpress\/ -->\n<title>RSF pide poner fin a la \u2018hecatombe\u2019 de periodistas en M\u00e9xico - Fuentes Fidedignas<\/title>\n<meta name=\"robots\" content=\"index, follow, max-snippet:-1, max-image-preview:large, max-video-preview:-1\" \/>\n<link rel=\"canonical\" href=\"https:\/\/fuentesfidedignas.com.mx\/index.php\/2021\/12\/16\/rsf-pide-poner-fin-a-la-hecatombe-de-periodistas-en-mexico\/\" \/>\n<meta property=\"og:locale\" content=\"es_MX\" \/>\n<meta property=\"og:type\" content=\"article\" \/>\n<meta property=\"og:title\" content=\"RSF pide poner fin a la \u2018hecatombe\u2019 de periodistas en M\u00e9xico - Fuentes Fidedignas\" \/>\n<meta property=\"og:description\" content=\"A lo largo de 2021 siete periodistas fueron asesinados en M\u00e9xico, lo que eleva a 47 el n\u00famero de v\u00edctimas en los \u00faltimos cinco a\u00f1os. Ciudad de M\u00e9xico.- M\u00e9xico se convirti\u00f3 por tercer a\u00f1o consecutivo en el pa\u00eds donde m\u00e1s periodistas fueron asesinados, seg\u00fan el balance anual de Reporteros Sin Fronteras (RSF), cuyo secretario general, [&hellip;]\" \/>\n<meta property=\"og:url\" content=\"https:\/\/fuentesfidedignas.com.mx\/index.php\/2021\/12\/16\/rsf-pide-poner-fin-a-la-hecatombe-de-periodistas-en-mexico\/\" \/>\n<meta property=\"og:site_name\" content=\"Fuentes Fidedignas\" \/>\n<meta property=\"article:publisher\" content=\"https:\/\/www.facebook.com\/Fuentes-Fidedignas-368234489921644\" \/>\n<meta property=\"article:published_time\" content=\"2021-12-16T14:08:57+00:00\" \/>\n<meta property=\"article:modified_time\" content=\"2021-12-16T14:08:58+00:00\" \/>\n<meta property=\"og:image\" content=\"https:\/\/fuentesfidedignas.com.mx\/wp-content\/uploads\/2021\/12\/PERIODISTAS.jpg\" \/>\n\t<meta property=\"og:image:width\" content=\"640\" \/>\n\t<meta property=\"og:image:height\" content=\"360\" \/>\n\t<meta property=\"og:image:type\" content=\"image\/jpeg\" \/>\n<meta name=\"author\" content=\"EFE\" \/>\n<meta name=\"twitter:card\" content=\"summary_large_image\" \/>\n<meta name=\"twitter:creator\" content=\"@fidedignas\" \/>\n<meta name=\"twitter:site\" content=\"@fidedignas\" \/>\n<meta name=\"twitter:label1\" content=\"Escrito por\" \/>\n\t<meta name=\"twitter:data1\" content=\"EFE\" \/>\n\t<meta name=\"twitter:label2\" content=\"Tiempo de lectura\" \/>\n\t<meta name=\"twitter:data2\" content=\"3 minutos\" \/>\n<script type=\"application\/ld+json\" class=\"yoast-schema-graph\">{\"@context\":\"https:\\\/\\\/schema.org\",\"@graph\":[{\"@type\":\"Article\",\"@id\":\"https:\\\/\\\/fuentesfidedignas.com.mx\\\/index.php\\\/2021\\\/12\\\/16\\\/rsf-pide-poner-fin-a-la-hecatombe-de-periodistas-en-mexico\\\/#article\",\"isPartOf\":{\"@id\":\"https:\\\/\\\/fuentesfidedignas.com.mx\\\/index.php\\\/2021\\\/12\\\/16\\\/rsf-pide-poner-fin-a-la-hecatombe-de-periodistas-en-mexico\\\/\"},\"author\":{\"name\":\"EFE\",\"@id\":\"https:\\\/\\\/fuentesfidedignas.com.mx\\\/#\\\/schema\\\/person\\\/0d44615087b5a626d5d3f13afe31ac41\"},\"headline\":\"RSF pide poner fin a la \u2018hecatombe\u2019 de periodistas en M\u00e9xico\",\"datePublished\":\"2021-12-16T14:08:57+00:00\",\"dateModified\":\"2021-12-16T14:08:58+00:00\",\"mainEntityOfPage\":{\"@id\":\"https:\\\/\\\/fuentesfidedignas.com.mx\\\/index.php\\\/2021\\\/12\\\/16\\\/rsf-pide-poner-fin-a-la-hecatombe-de-periodistas-en-mexico\\\/\"},\"wordCount\":529,\"commentCount\":0,\"publisher\":{\"@id\":\"https:\\\/\\\/fuentesfidedignas.com.mx\\\/#organization\"},\"image\":{\"@id\":\"https:\\\/\\\/fuentesfidedignas.com.mx\\\/index.php\\\/2021\\\/12\\\/16\\\/rsf-pide-poner-fin-a-la-hecatombe-de-periodistas-en-mexico\\\/#primaryimage\"},\"thumbnailUrl\":\"https:\\\/\\\/fuentesfidedignas.com.mx\\\/wp-content\\\/uploads\\\/2021\\\/12\\\/PERIODISTAS.jpg\",\"keywords\":[\"Periodismo\",\"Periodistas\",\"Reporteros Sin Fronteras\"],\"articleSection\":[\"NOTICIAS NACIONALES\"],\"inLanguage\":\"es\",\"potentialAction\":[{\"@type\":\"CommentAction\",\"name\":\"Comment\",\"target\":[\"https:\\\/\\\/fuentesfidedignas.com.mx\\\/index.php\\\/2021\\\/12\\\/16\\\/rsf-pide-poner-fin-a-la-hecatombe-de-periodistas-en-mexico\\\/#respond\"]}]},{\"@type\":\"WebPage\",\"@id\":\"https:\\\/\\\/fuentesfidedignas.com.mx\\\/index.php\\\/2021\\\/12\\\/16\\\/rsf-pide-poner-fin-a-la-hecatombe-de-periodistas-en-mexico\\\/\",\"url\":\"https:\\\/\\\/fuentesfidedignas.com.mx\\\/index.php\\\/2021\\\/12\\\/16\\\/rsf-pide-poner-fin-a-la-hecatombe-de-periodistas-en-mexico\\\/\",\"name\":\"RSF pide poner fin a la \u2018hecatombe\u2019 de periodistas en M\u00e9xico - Fuentes Fidedignas\",\"isPartOf\":{\"@id\":\"https:\\\/\\\/fuentesfidedignas.com.mx\\\/#website\"},\"primaryImageOfPage\":{\"@id\":\"https:\\\/\\\/fuentesfidedignas.com.mx\\\/index.php\\\/2021\\\/12\\\/16\\\/rsf-pide-poner-fin-a-la-hecatombe-de-periodistas-en-mexico\\\/#primaryimage\"},\"image\":{\"@id\":\"https:\\\/\\\/fuentesfidedignas.com.mx\\\/index.php\\\/2021\\\/12\\\/16\\\/rsf-pide-poner-fin-a-la-hecatombe-de-periodistas-en-mexico\\\/#primaryimage\"},\"thumbnailUrl\":\"https:\\\/\\\/fuentesfidedignas.com.mx\\\/wp-content\\\/uploads\\\/2021\\\/12\\\/PERIODISTAS.jpg\",\"datePublished\":\"2021-12-16T14:08:57+00:00\",\"dateModified\":\"2021-12-16T14:08:58+00:00\",\"breadcrumb\":{\"@id\":\"https:\\\/\\\/fuentesfidedignas.com.mx\\\/index.php\\\/2021\\\/12\\\/16\\\/rsf-pide-poner-fin-a-la-hecatombe-de-periodistas-en-mexico\\\/#breadcrumb\"},\"inLanguage\":\"es\",\"potentialAction\":[{\"@type\":\"ReadAction\",\"target\":[\"https:\\\/\\\/fuentesfidedignas.com.mx\\\/index.php\\\/2021\\\/12\\\/16\\\/rsf-pide-poner-fin-a-la-hecatombe-de-periodistas-en-mexico\\\/\"]}]},{\"@type\":\"ImageObject\",\"inLanguage\":\"es\",\"@id\":\"https:\\\/\\\/fuentesfidedignas.com.mx\\\/index.php\\\/2021\\\/12\\\/16\\\/rsf-pide-poner-fin-a-la-hecatombe-de-periodistas-en-mexico\\\/#primaryimage\",\"url\":\"https:\\\/\\\/fuentesfidedignas.com.mx\\\/wp-content\\\/uploads\\\/2021\\\/12\\\/PERIODISTAS.jpg\",\"contentUrl\":\"https:\\\/\\\/fuentesfidedignas.com.mx\\\/wp-content\\\/uploads\\\/2021\\\/12\\\/PERIODISTAS.jpg\",\"width\":640,\"height\":360},{\"@type\":\"BreadcrumbList\",\"@id\":\"https:\\\/\\\/fuentesfidedignas.com.mx\\\/index.php\\\/2021\\\/12\\\/16\\\/rsf-pide-poner-fin-a-la-hecatombe-de-periodistas-en-mexico\\\/#breadcrumb\",\"itemListElement\":[{\"@type\":\"ListItem\",\"position\":1,\"name\":\"Inicio\",\"item\":\"https:\\\/\\\/fuentesfidedignas.com.mx\\\/\"},{\"@type\":\"ListItem\",\"position\":2,\"name\":\"RSF pide poner fin a la \u2018hecatombe\u2019 de periodistas en M\u00e9xico\"}]},{\"@type\":\"WebSite\",\"@id\":\"https:\\\/\\\/fuentesfidedignas.com.mx\\\/#website\",\"url\":\"https:\\\/\\\/fuentesfidedignas.com.mx\\\/\",\"name\":\"Fuentes Fidedignas\",\"description\":\"Otro sitio realizado con WordPress\",\"publisher\":{\"@id\":\"https:\\\/\\\/fuentesfidedignas.com.mx\\\/#organization\"},\"potentialAction\":[{\"@type\":\"SearchAction\",\"target\":{\"@type\":\"EntryPoint\",\"urlTemplate\":\"https:\\\/\\\/fuentesfidedignas.com.mx\\\/?s={search_term_string}\"},\"query-input\":{\"@type\":\"PropertyValueSpecification\",\"valueRequired\":true,\"valueName\":\"search_term_string\"}}],\"inLanguage\":\"es\"},{\"@type\":\"Organization\",\"@id\":\"https:\\\/\\\/fuentesfidedignas.com.mx\\\/#organization\",\"name\":\"Fuentes Fidedignas\",\"url\":\"https:\\\/\\\/fuentesfidedignas.com.mx\\\/\",\"logo\":{\"@type\":\"ImageObject\",\"inLanguage\":\"es\",\"@id\":\"https:\\\/\\\/fuentesfidedignas.com.mx\\\/#\\\/schema\\\/logo\\\/image\\\/\",\"url\":\"https:\\\/\\\/fuentesfidedignas.com.mx\\\/wp-content\\\/uploads\\\/2021\\\/04\\\/logo-retina.png\",\"contentUrl\":\"https:\\\/\\\/fuentesfidedignas.com.mx\\\/wp-content\\\/uploads\\\/2021\\\/04\\\/logo-retina.png\",\"width\":280,\"height\":51,\"caption\":\"Fuentes Fidedignas\"},\"image\":{\"@id\":\"https:\\\/\\\/fuentesfidedignas.com.mx\\\/#\\\/schema\\\/logo\\\/image\\\/\"},\"sameAs\":[\"https:\\\/\\\/www.facebook.com\\\/Fuentes-Fidedignas-368234489921644\",\"https:\\\/\\\/x.com\\\/fidedignas\"]},{\"@type\":\"Person\",\"@id\":\"https:\\\/\\\/fuentesfidedignas.com.mx\\\/#\\\/schema\\\/person\\\/0d44615087b5a626d5d3f13afe31ac41\",\"name\":\"EFE\",\"image\":{\"@type\":\"ImageObject\",\"inLanguage\":\"es\",\"@id\":\"https:\\\/\\\/secure.gravatar.com\\\/avatar\\\/7048c2d9b569d9bed55bb53ad23821e6e047aa66338fb6ea9868627bbb9f54e8?s=96&d=mm&r=g\",\"url\":\"https:\\\/\\\/secure.gravatar.com\\\/avatar\\\/7048c2d9b569d9bed55bb53ad23821e6e047aa66338fb6ea9868627bbb9f54e8?s=96&d=mm&r=g\",\"contentUrl\":\"https:\\\/\\\/secure.gravatar.com\\\/avatar\\\/7048c2d9b569d9bed55bb53ad23821e6e047aa66338fb6ea9868627bbb9f54e8?s=96&d=mm&r=g\",\"caption\":\"EFE\"},\"url\":\"https:\\\/\\\/fuentesfidedignas.com.mx\\\/index.php\\\/author\\\/efe\\\/\"}]}<\/script>\n<!-- \/ Yoast SEO plugin. -->","yoast_head_json":{"title":"RSF pide poner fin a la \u2018hecatombe\u2019 de periodistas en M\u00e9xico - Fuentes Fidedignas","robots":{"index":"index","follow":"follow","max-snippet":"max-snippet:-1","max-image-preview":"max-image-preview:large","max-video-preview":"max-video-preview:-1"},"canonical":"https:\/\/fuentesfidedignas.com.mx\/index.php\/2021\/12\/16\/rsf-pide-poner-fin-a-la-hecatombe-de-periodistas-en-mexico\/","og_locale":"es_MX","og_type":"article","og_title":"RSF pide poner fin a la \u2018hecatombe\u2019 de periodistas en M\u00e9xico - Fuentes Fidedignas","og_description":"A lo largo de 2021 siete periodistas fueron asesinados en M\u00e9xico, lo que eleva a 47 el n\u00famero de v\u00edctimas en los \u00faltimos cinco a\u00f1os. Ciudad de M\u00e9xico.- M\u00e9xico se convirti\u00f3 por tercer a\u00f1o consecutivo en el pa\u00eds donde m\u00e1s periodistas fueron asesinados, seg\u00fan el balance anual de Reporteros Sin Fronteras (RSF), cuyo secretario general, [&hellip;]","og_url":"https:\/\/fuentesfidedignas.com.mx\/index.php\/2021\/12\/16\/rsf-pide-poner-fin-a-la-hecatombe-de-periodistas-en-mexico\/","og_site_name":"Fuentes Fidedignas","article_publisher":"https:\/\/www.facebook.com\/Fuentes-Fidedignas-368234489921644","article_published_time":"2021-12-16T14:08:57+00:00","article_modified_time":"2021-12-16T14:08:58+00:00","og_image":[{"width":640,"height":360,"url":"https:\/\/fuentesfidedignas.com.mx\/wp-content\/uploads\/2021\/12\/PERIODISTAS.jpg","type":"image\/jpeg"}],"author":"EFE","twitter_card":"summary_large_image","twitter_creator":"@fidedignas","twitter_site":"@fidedignas","twitter_misc":{"Escrito por":"EFE","Tiempo de lectura":"3 minutos"},"schema":{"@context":"https:\/\/schema.org","@graph":[{"@type":"Article","@id":"https:\/\/fuentesfidedignas.com.mx\/index.php\/2021\/12\/16\/rsf-pide-poner-fin-a-la-hecatombe-de-periodistas-en-mexico\/#article","isPartOf":{"@id":"https:\/\/fuentesfidedignas.com.mx\/index.php\/2021\/12\/16\/rsf-pide-poner-fin-a-la-hecatombe-de-periodistas-en-mexico\/"},"author":{"name":"EFE","@id":"https:\/\/fuentesfidedignas.com.mx\/#\/schema\/person\/0d44615087b5a626d5d3f13afe31ac41"},"headline":"RSF pide poner fin a la \u2018hecatombe\u2019 de periodistas en M\u00e9xico","datePublished":"2021-12-16T14:08:57+00:00","dateModified":"2021-12-16T14:08:58+00:00","mainEntityOfPage":{"@id":"https:\/\/fuentesfidedignas.com.mx\/index.php\/2021\/12\/16\/rsf-pide-poner-fin-a-la-hecatombe-de-periodistas-en-mexico\/"},"wordCount":529,"commentCount":0,"publisher":{"@id":"https:\/\/fuentesfidedignas.com.mx\/#organization"},"image":{"@id":"https:\/\/fuentesfidedignas.com.mx\/index.php\/2021\/12\/16\/rsf-pide-poner-fin-a-la-hecatombe-de-periodistas-en-mexico\/#primaryimage"},"thumbnailUrl":"https:\/\/fuentesfidedignas.com.mx\/wp-content\/uploads\/2021\/12\/PERIODISTAS.jpg","keywords":["Periodismo","Periodistas","Reporteros Sin Fronteras"],"articleSection":["NOTICIAS NACIONALES"],"inLanguage":"es","potentialAction":[{"@type":"CommentAction","name":"Comment","target":["https:\/\/fuentesfidedignas.com.mx\/index.php\/2021\/12\/16\/rsf-pide-poner-fin-a-la-hecatombe-de-periodistas-en-mexico\/#respond"]}]},{"@type":"WebPage","@id":"https:\/\/fuentesfidedignas.com.mx\/index.php\/2021\/12\/16\/rsf-pide-poner-fin-a-la-hecatombe-de-periodistas-en-mexico\/","url":"https:\/\/fuentesfidedignas.com.mx\/index.php\/2021\/12\/16\/rsf-pide-poner-fin-a-la-hecatombe-de-periodistas-en-mexico\/","name":"RSF pide poner fin a la \u2018hecatombe\u2019 de periodistas en M\u00e9xico - Fuentes Fidedignas","isPartOf":{"@id":"https:\/\/fuentesfidedignas.com.mx\/#website"},"primaryImageOfPage":{"@id":"https:\/\/fuentesfidedignas.com.mx\/index.php\/2021\/12\/16\/rsf-pide-poner-fin-a-la-hecatombe-de-periodistas-en-mexico\/#primaryimage"},"image":{"@id":"https:\/\/fuentesfidedignas.com.mx\/index.php\/2021\/12\/16\/rsf-pide-poner-fin-a-la-hecatombe-de-periodistas-en-mexico\/#primaryimage"},"thumbnailUrl":"https:\/\/fuentesfidedignas.com.mx\/wp-content\/uploads\/2021\/12\/PERIODISTAS.jpg","datePublished":"2021-12-16T14:08:57+00:00","dateModified":"2021-12-16T14:08:58+00:00","breadcrumb":{"@id":"https:\/\/fuentesfidedignas.com.mx\/index.php\/2021\/12\/16\/rsf-pide-poner-fin-a-la-hecatombe-de-periodistas-en-mexico\/#breadcrumb"},"inLanguage":"es","potentialAction":[{"@type":"ReadAction","target":["https:\/\/fuentesfidedignas.com.mx\/index.php\/2021\/12\/16\/rsf-pide-poner-fin-a-la-hecatombe-de-periodistas-en-mexico\/"]}]},{"@type":"ImageObject","inLanguage":"es","@id":"https:\/\/fuentesfidedignas.com.mx\/index.php\/2021\/12\/16\/rsf-pide-poner-fin-a-la-hecatombe-de-periodistas-en-mexico\/#primaryimage","url":"https:\/\/fuentesfidedignas.com.mx\/wp-content\/uploads\/2021\/12\/PERIODISTAS.jpg","contentUrl":"https:\/\/fuentesfidedignas.com.mx\/wp-content\/uploads\/2021\/12\/PERIODISTAS.jpg","width":640,"height":360},{"@type":"BreadcrumbList","@id":"https:\/\/fuentesfidedignas.com.mx\/index.php\/2021\/12\/16\/rsf-pide-poner-fin-a-la-hecatombe-de-periodistas-en-mexico\/#breadcrumb","itemListElement":[{"@type":"ListItem","position":1,"name":"Inicio","item":"https:\/\/fuentesfidedignas.com.mx\/"},{"@type":"ListItem","position":2,"name":"RSF pide poner fin a la \u2018hecatombe\u2019 de periodistas en M\u00e9xico"}]},{"@type":"WebSite","@id":"https:\/\/fuentesfidedignas.com.mx\/#website","url":"https:\/\/fuentesfidedignas.com.mx\/","name":"Fuentes Fidedignas","description":"Otro sitio realizado con WordPress","publisher":{"@id":"https:\/\/fuentesfidedignas.com.mx\/#organization"},"potentialAction":[{"@type":"SearchAction","target":{"@type":"EntryPoint","urlTemplate":"https:\/\/fuentesfidedignas.com.mx\/?s={search_term_string}"},"query-input":{"@type":"PropertyValueSpecification","valueRequired":true,"valueName":"search_term_string"}}],"inLanguage":"es"},{"@type":"Organization","@id":"https:\/\/fuentesfidedignas.com.mx\/#organization","name":"Fuentes Fidedignas","url":"https:\/\/fuentesfidedignas.com.mx\/","logo":{"@type":"ImageObject","inLanguage":"es","@id":"https:\/\/fuentesfidedignas.com.mx\/#\/schema\/logo\/image\/","url":"https:\/\/fuentesfidedignas.com.mx\/wp-content\/uploads\/2021\/04\/logo-retina.png","contentUrl":"https:\/\/fuentesfidedignas.com.mx\/wp-content\/uploads\/2021\/04\/logo-retina.png","width":280,"height":51,"caption":"Fuentes Fidedignas"},"image":{"@id":"https:\/\/fuentesfidedignas.com.mx\/#\/schema\/logo\/image\/"},"sameAs":["https:\/\/www.facebook.com\/Fuentes-Fidedignas-368234489921644","https:\/\/x.com\/fidedignas"]},{"@type":"Person","@id":"https:\/\/fuentesfidedignas.com.mx\/#\/schema\/person\/0d44615087b5a626d5d3f13afe31ac41","name":"EFE","image":{"@type":"ImageObject","inLanguage":"es","@id":"https:\/\/secure.gravatar.com\/avatar\/7048c2d9b569d9bed55bb53ad23821e6e047aa66338fb6ea9868627bbb9f54e8?s=96&d=mm&r=g","url":"https:\/\/secure.gravatar.com\/avatar\/7048c2d9b569d9bed55bb53ad23821e6e047aa66338fb6ea9868627bbb9f54e8?s=96&d=mm&r=g","contentUrl":"https:\/\/secure.gravatar.com\/avatar\/7048c2d9b569d9bed55bb53ad23821e6e047aa66338fb6ea9868627bbb9f54e8?s=96&d=mm&r=g","caption":"EFE"},"url":"https:\/\/fuentesfidedignas.com.mx\/index.php\/author\/efe\/"}]}},"_links":{"self":[{"href":"https:\/\/fuentesfidedignas.com.mx\/index.php\/wp-json\/wp\/v2\/posts\/19991","targetHints":{"allow":["GET"]}}],"collection":[{"href":"https:\/\/fuentesfidedignas.com.mx\/index.php\/wp-json\/wp\/v2\/posts"}],"about":[{"href":"https:\/\/fuentesfidedignas.com.mx\/index.php\/wp-json\/wp\/v2\/types\/post"}],"author":[{"embeddable":true,"href":"https:\/\/fuentesfidedignas.com.mx\/index.php\/wp-json\/wp\/v2\/users\/22"}],"replies":[{"embeddable":true,"href":"https:\/\/fuentesfidedignas.com.mx\/index.php\/wp-json\/wp\/v2\/comments?post=19991"}],"version-history":[{"count":1,"href":"https:\/\/fuentesfidedignas.com.mx\/index.php\/wp-json\/wp\/v2\/posts\/19991\/revisions"}],"predecessor-version":[{"id":19993,"href":"https:\/\/fuentesfidedignas.com.mx\/index.php\/wp-json\/wp\/v2\/posts\/19991\/revisions\/19993"}],"wp:featuredmedia":[{"embeddable":true,"href":"https:\/\/fuentesfidedignas.com.mx\/index.php\/wp-json\/wp\/v2\/media\/19992"}],"wp:attachment":[{"href":"https:\/\/fuentesfidedignas.com.mx\/index.php\/wp-json\/wp\/v2\/media?parent=19991"}],"wp:term":[{"taxonomy":"category","embeddable":true,"href":"https:\/\/fuentesfidedignas.com.mx\/index.php\/wp-json\/wp\/v2\/categories?post=19991"},{"taxonomy":"post_tag","embeddable":true,"href":"https:\/\/fuentesfidedignas.com.mx\/index.php\/wp-json\/wp\/v2\/tags?post=19991"}],"curies":[{"name":"wp","href":"https:\/\/api.w.org\/{rel}","templated":true}]}}