{"id":19935,"date":"2021-12-15T14:53:59","date_gmt":"2021-12-15T21:53:59","guid":{"rendered":"https:\/\/fuentesfidedignas.com.mx\/?p=19935"},"modified":"2021-12-15T14:54:01","modified_gmt":"2021-12-15T21:54:01","slug":"piden-moderarse-con-el-alcohol-en-fiestas-decembrinas","status":"publish","type":"post","link":"https:\/\/fuentesfidedignas.com.mx\/index.php\/2021\/12\/15\/piden-moderarse-con-el-alcohol-en-fiestas-decembrinas\/","title":{"rendered":"Piden moderarse con el alcohol en fiestas decembrinas"},"content":{"rendered":"\n<p><em><strong>* El prop\u00f3sito es hacer conciencia entre la poblaci\u00f3n, principalmente los j\u00f3venes, sobre el consumo inmoderado del alcohol<\/strong><\/em><\/p>\n\n\n\n<p>Culiac\u00e1n, Sin.- Con el principal objetivo de prevenir adicciones, evitar accidentes y salvar vidas, la Direcci\u00f3n de Inspecci\u00f3n y Normatividad inici\u00f3 este mi\u00e9rcoles por la tarde la campa\u00f1a de concientizaci\u00f3n del consumo de alcohol en j\u00f3venes y adultos \u201cUna m\u00e1s, est\u00e1 de m\u00e1s, con moderaci\u00f3n se convive mejor\u201d.<\/p>\n\n\n\n<p>Este programa es de inter\u00e9s para el gobernador Rub\u00e9n Rocha Moya, y est\u00e1 enfocado a informar a la sociedad sinaloense sobre las consecuencias de los excesos en el consumo del alcohol, principalmente entre los j\u00f3venes, sobre todo en este mes cuando se incrementan las reuniones sociales y familiares, por motivo de vacaciones y fiestas decembrinas.<\/p>\n\n\n\n<p>El director de Inspecci\u00f3n y Normatividad del Gobierno del Estado, Pablo Francisco Bedoya Ba\u00f1uelos, precis\u00f3 que la campa\u00f1a consiste en la difusi\u00f3n de spots en radio, as\u00ed como im\u00e1genes alusivas a trav\u00e9s de las diferentes redes sociales y la colocaci\u00f3n de posters en bares, centros nocturnos y puntos de venta, mediante los cuales se busca concientizar a los j\u00f3venes y adultos sobre los efectos del consumo excesivo de alcohol.<\/p>\n\n\n\n<p>\u201cA trav\u00e9s de esta campa\u00f1a de concientizaci\u00f3n se busca que las y los sinaloenses tomen conciencia de los da\u00f1os que genera en la salud y en la sociedad el abuso de alcohol. Es por ello que el gobernador Rub\u00e9n Rocha Moya nos ha pedido estar cerca de los sinaloenses para difundir un mensaje positivo y de prevenci\u00f3n\u201d, manifest\u00f3 el funcionario estatal.<\/p>\n\n\n\n<p>A\u00f1adi\u00f3 que el consumo excesivo de bebidas alcoh\u00f3licas puede incrementar riesgos en la salud y afectar la sana convivencia, por eso la importancia de llegar a los sinaloenses con un mensaje claro que los sensibilice sobre el abuso del alcohol.<\/p>\n","protected":false},"excerpt":{"rendered":"<p>* El prop\u00f3sito es hacer conciencia entre la poblaci\u00f3n, principalmente los j\u00f3venes, sobre el consumo inmoderado del alcohol Culiac\u00e1n, Sin.- Con el principal objetivo de prevenir adicciones, evitar accidentes y salvar vidas, la Direcci\u00f3n de Inspecci\u00f3n y Normatividad inici\u00f3 este mi\u00e9rcoles por la tarde la campa\u00f1a de concientizaci\u00f3n del consumo de alcohol en j\u00f3venes y [&hellip;]<\/p>\n","protected":false},"author":4,"featured_media":19936,"comment_status":"open","ping_status":"open","sticky":false,"template":"","format":"standard","meta":{"tdm_status":"","tdm_grid_status":"","footnotes":""},"categories":[37],"tags":[],"class_list":{"0":"post-19935","1":"post","2":"type-post","3":"status-publish","4":"format-standard","5":"has-post-thumbnail","7":"category-nota-principal"},"yoast_head":"<!-- This site is optimized with the Yoast SEO plugin v27.5 - https:\/\/yoast.com\/product\/yoast-seo-wordpress\/ -->\n<title>Piden moderarse con el alcohol en fiestas decembrinas - Fuentes Fidedignas<\/title>\n<meta name=\"robots\" content=\"index, follow, max-snippet:-1, max-image-preview:large, max-video-preview:-1\" \/>\n<link rel=\"canonical\" href=\"https:\/\/fuentesfidedignas.com.mx\/index.php\/2021\/12\/15\/piden-moderarse-con-el-alcohol-en-fiestas-decembrinas\/\" \/>\n<meta property=\"og:locale\" content=\"es_MX\" \/>\n<meta property=\"og:type\" content=\"article\" \/>\n<meta property=\"og:title\" content=\"Piden moderarse con el alcohol en fiestas decembrinas - Fuentes Fidedignas\" \/>\n<meta property=\"og:description\" content=\"* El prop\u00f3sito es hacer conciencia entre la poblaci\u00f3n, principalmente los j\u00f3venes, sobre el consumo inmoderado del alcohol Culiac\u00e1n, Sin.- Con el principal objetivo de prevenir adicciones, evitar accidentes y salvar vidas, la Direcci\u00f3n de Inspecci\u00f3n y Normatividad inici\u00f3 este mi\u00e9rcoles por la tarde la campa\u00f1a de concientizaci\u00f3n del consumo de alcohol en j\u00f3venes y [&hellip;]\" \/>\n<meta property=\"og:url\" content=\"https:\/\/fuentesfidedignas.com.mx\/index.php\/2021\/12\/15\/piden-moderarse-con-el-alcohol-en-fiestas-decembrinas\/\" \/>\n<meta property=\"og:site_name\" content=\"Fuentes Fidedignas\" \/>\n<meta property=\"article:publisher\" content=\"https:\/\/www.facebook.com\/Fuentes-Fidedignas-368234489921644\" \/>\n<meta property=\"article:published_time\" content=\"2021-12-15T21:53:59+00:00\" \/>\n<meta property=\"article:modified_time\" content=\"2021-12-15T21:54:01+00:00\" \/>\n<meta property=\"og:image\" content=\"https:\/\/fuentesfidedignas.com.mx\/wp-content\/uploads\/2021\/12\/IMG-20211215-WA0016.jpg\" \/>\n\t<meta property=\"og:image:width\" content=\"1123\" \/>\n\t<meta property=\"og:image:height\" content=\"854\" \/>\n\t<meta property=\"og:image:type\" content=\"image\/jpeg\" \/>\n<meta name=\"author\" content=\"Redacci\u00f3n\" \/>\n<meta name=\"twitter:card\" content=\"summary_large_image\" \/>\n<meta name=\"twitter:creator\" content=\"@fidedignas\" \/>\n<meta name=\"twitter:site\" content=\"@fidedignas\" \/>\n<meta name=\"twitter:label1\" content=\"Escrito por\" \/>\n\t<meta name=\"twitter:data1\" content=\"Redacci\u00f3n\" \/>\n\t<meta name=\"twitter:label2\" content=\"Tiempo de lectura\" \/>\n\t<meta name=\"twitter:data2\" content=\"2 minutos\" \/>\n<script type=\"application\/ld+json\" class=\"yoast-schema-graph\">{\"@context\":\"https:\\\/\\\/schema.org\",\"@graph\":[{\"@type\":\"Article\",\"@id\":\"https:\\\/\\\/fuentesfidedignas.com.mx\\\/index.php\\\/2021\\\/12\\\/15\\\/piden-moderarse-con-el-alcohol-en-fiestas-decembrinas\\\/#article\",\"isPartOf\":{\"@id\":\"https:\\\/\\\/fuentesfidedignas.com.mx\\\/index.php\\\/2021\\\/12\\\/15\\\/piden-moderarse-con-el-alcohol-en-fiestas-decembrinas\\\/\"},\"author\":{\"name\":\"Redacci\u00f3n\",\"@id\":\"https:\\\/\\\/fuentesfidedignas.com.mx\\\/#\\\/schema\\\/person\\\/331be9283d37198e2acd5750279085b0\"},\"headline\":\"Piden moderarse con el alcohol en fiestas decembrinas\",\"datePublished\":\"2021-12-15T21:53:59+00:00\",\"dateModified\":\"2021-12-15T21:54:01+00:00\",\"mainEntityOfPage\":{\"@id\":\"https:\\\/\\\/fuentesfidedignas.com.mx\\\/index.php\\\/2021\\\/12\\\/15\\\/piden-moderarse-con-el-alcohol-en-fiestas-decembrinas\\\/\"},\"wordCount\":331,\"commentCount\":0,\"publisher\":{\"@id\":\"https:\\\/\\\/fuentesfidedignas.com.mx\\\/#organization\"},\"image\":{\"@id\":\"https:\\\/\\\/fuentesfidedignas.com.mx\\\/index.php\\\/2021\\\/12\\\/15\\\/piden-moderarse-con-el-alcohol-en-fiestas-decembrinas\\\/#primaryimage\"},\"thumbnailUrl\":\"https:\\\/\\\/fuentesfidedignas.com.mx\\\/wp-content\\\/uploads\\\/2021\\\/12\\\/IMG-20211215-WA0016.jpg\",\"articleSection\":[\"NOTA PRINCIPAL\"],\"inLanguage\":\"es\",\"potentialAction\":[{\"@type\":\"CommentAction\",\"name\":\"Comment\",\"target\":[\"https:\\\/\\\/fuentesfidedignas.com.mx\\\/index.php\\\/2021\\\/12\\\/15\\\/piden-moderarse-con-el-alcohol-en-fiestas-decembrinas\\\/#respond\"]}]},{\"@type\":\"WebPage\",\"@id\":\"https:\\\/\\\/fuentesfidedignas.com.mx\\\/index.php\\\/2021\\\/12\\\/15\\\/piden-moderarse-con-el-alcohol-en-fiestas-decembrinas\\\/\",\"url\":\"https:\\\/\\\/fuentesfidedignas.com.mx\\\/index.php\\\/2021\\\/12\\\/15\\\/piden-moderarse-con-el-alcohol-en-fiestas-decembrinas\\\/\",\"name\":\"Piden moderarse con el alcohol en fiestas decembrinas - Fuentes Fidedignas\",\"isPartOf\":{\"@id\":\"https:\\\/\\\/fuentesfidedignas.com.mx\\\/#website\"},\"primaryImageOfPage\":{\"@id\":\"https:\\\/\\\/fuentesfidedignas.com.mx\\\/index.php\\\/2021\\\/12\\\/15\\\/piden-moderarse-con-el-alcohol-en-fiestas-decembrinas\\\/#primaryimage\"},\"image\":{\"@id\":\"https:\\\/\\\/fuentesfidedignas.com.mx\\\/index.php\\\/2021\\\/12\\\/15\\\/piden-moderarse-con-el-alcohol-en-fiestas-decembrinas\\\/#primaryimage\"},\"thumbnailUrl\":\"https:\\\/\\\/fuentesfidedignas.com.mx\\\/wp-content\\\/uploads\\\/2021\\\/12\\\/IMG-20211215-WA0016.jpg\",\"datePublished\":\"2021-12-15T21:53:59+00:00\",\"dateModified\":\"2021-12-15T21:54:01+00:00\",\"breadcrumb\":{\"@id\":\"https:\\\/\\\/fuentesfidedignas.com.mx\\\/index.php\\\/2021\\\/12\\\/15\\\/piden-moderarse-con-el-alcohol-en-fiestas-decembrinas\\\/#breadcrumb\"},\"inLanguage\":\"es\",\"potentialAction\":[{\"@type\":\"ReadAction\",\"target\":[\"https:\\\/\\\/fuentesfidedignas.com.mx\\\/index.php\\\/2021\\\/12\\\/15\\\/piden-moderarse-con-el-alcohol-en-fiestas-decembrinas\\\/\"]}]},{\"@type\":\"ImageObject\",\"inLanguage\":\"es\",\"@id\":\"https:\\\/\\\/fuentesfidedignas.com.mx\\\/index.php\\\/2021\\\/12\\\/15\\\/piden-moderarse-con-el-alcohol-en-fiestas-decembrinas\\\/#primaryimage\",\"url\":\"https:\\\/\\\/fuentesfidedignas.com.mx\\\/wp-content\\\/uploads\\\/2021\\\/12\\\/IMG-20211215-WA0016.jpg\",\"contentUrl\":\"https:\\\/\\\/fuentesfidedignas.com.mx\\\/wp-content\\\/uploads\\\/2021\\\/12\\\/IMG-20211215-WA0016.jpg\",\"width\":1123,\"height\":854},{\"@type\":\"BreadcrumbList\",\"@id\":\"https:\\\/\\\/fuentesfidedignas.com.mx\\\/index.php\\\/2021\\\/12\\\/15\\\/piden-moderarse-con-el-alcohol-en-fiestas-decembrinas\\\/#breadcrumb\",\"itemListElement\":[{\"@type\":\"ListItem\",\"position\":1,\"name\":\"Inicio\",\"item\":\"https:\\\/\\\/fuentesfidedignas.com.mx\\\/\"},{\"@type\":\"ListItem\",\"position\":2,\"name\":\"Piden moderarse con el alcohol en fiestas decembrinas\"}]},{\"@type\":\"WebSite\",\"@id\":\"https:\\\/\\\/fuentesfidedignas.com.mx\\\/#website\",\"url\":\"https:\\\/\\\/fuentesfidedignas.com.mx\\\/\",\"name\":\"Fuentes Fidedignas\",\"description\":\"Otro sitio realizado con WordPress\",\"publisher\":{\"@id\":\"https:\\\/\\\/fuentesfidedignas.com.mx\\\/#organization\"},\"potentialAction\":[{\"@type\":\"SearchAction\",\"target\":{\"@type\":\"EntryPoint\",\"urlTemplate\":\"https:\\\/\\\/fuentesfidedignas.com.mx\\\/?s={search_term_string}\"},\"query-input\":{\"@type\":\"PropertyValueSpecification\",\"valueRequired\":true,\"valueName\":\"search_term_string\"}}],\"inLanguage\":\"es\"},{\"@type\":\"Organization\",\"@id\":\"https:\\\/\\\/fuentesfidedignas.com.mx\\\/#organization\",\"name\":\"Fuentes Fidedignas\",\"url\":\"https:\\\/\\\/fuentesfidedignas.com.mx\\\/\",\"logo\":{\"@type\":\"ImageObject\",\"inLanguage\":\"es\",\"@id\":\"https:\\\/\\\/fuentesfidedignas.com.mx\\\/#\\\/schema\\\/logo\\\/image\\\/\",\"url\":\"https:\\\/\\\/fuentesfidedignas.com.mx\\\/wp-content\\\/uploads\\\/2021\\\/04\\\/logo-retina.png\",\"contentUrl\":\"https:\\\/\\\/fuentesfidedignas.com.mx\\\/wp-content\\\/uploads\\\/2021\\\/04\\\/logo-retina.png\",\"width\":280,\"height\":51,\"caption\":\"Fuentes Fidedignas\"},\"image\":{\"@id\":\"https:\\\/\\\/fuentesfidedignas.com.mx\\\/#\\\/schema\\\/logo\\\/image\\\/\"},\"sameAs\":[\"https:\\\/\\\/www.facebook.com\\\/Fuentes-Fidedignas-368234489921644\",\"https:\\\/\\\/x.com\\\/fidedignas\"]},{\"@type\":\"Person\",\"@id\":\"https:\\\/\\\/fuentesfidedignas.com.mx\\\/#\\\/schema\\\/person\\\/331be9283d37198e2acd5750279085b0\",\"name\":\"Redacci\u00f3n\",\"image\":{\"@type\":\"ImageObject\",\"inLanguage\":\"es\",\"@id\":\"https:\\\/\\\/secure.gravatar.com\\\/avatar\\\/f6d8782c11d12b2d4ad3fbb6931aeab5309937a4d6cd2fc9cfaa28a6396a5aec?s=96&d=mm&r=g\",\"url\":\"https:\\\/\\\/secure.gravatar.com\\\/avatar\\\/f6d8782c11d12b2d4ad3fbb6931aeab5309937a4d6cd2fc9cfaa28a6396a5aec?s=96&d=mm&r=g\",\"contentUrl\":\"https:\\\/\\\/secure.gravatar.com\\\/avatar\\\/f6d8782c11d12b2d4ad3fbb6931aeab5309937a4d6cd2fc9cfaa28a6396a5aec?s=96&d=mm&r=g\",\"caption\":\"Redacci\u00f3n\"},\"url\":\"https:\\\/\\\/fuentesfidedignas.com.mx\\\/index.php\\\/author\\\/redaccion\\\/\"}]}<\/script>\n<!-- \/ Yoast SEO plugin. -->","yoast_head_json":{"title":"Piden moderarse con el alcohol en fiestas decembrinas - Fuentes Fidedignas","robots":{"index":"index","follow":"follow","max-snippet":"max-snippet:-1","max-image-preview":"max-image-preview:large","max-video-preview":"max-video-preview:-1"},"canonical":"https:\/\/fuentesfidedignas.com.mx\/index.php\/2021\/12\/15\/piden-moderarse-con-el-alcohol-en-fiestas-decembrinas\/","og_locale":"es_MX","og_type":"article","og_title":"Piden moderarse con el alcohol en fiestas decembrinas - Fuentes Fidedignas","og_description":"* El prop\u00f3sito es hacer conciencia entre la poblaci\u00f3n, principalmente los j\u00f3venes, sobre el consumo inmoderado del alcohol Culiac\u00e1n, Sin.- Con el principal objetivo de prevenir adicciones, evitar accidentes y salvar vidas, la Direcci\u00f3n de Inspecci\u00f3n y Normatividad inici\u00f3 este mi\u00e9rcoles por la tarde la campa\u00f1a de concientizaci\u00f3n del consumo de alcohol en j\u00f3venes y [&hellip;]","og_url":"https:\/\/fuentesfidedignas.com.mx\/index.php\/2021\/12\/15\/piden-moderarse-con-el-alcohol-en-fiestas-decembrinas\/","og_site_name":"Fuentes Fidedignas","article_publisher":"https:\/\/www.facebook.com\/Fuentes-Fidedignas-368234489921644","article_published_time":"2021-12-15T21:53:59+00:00","article_modified_time":"2021-12-15T21:54:01+00:00","og_image":[{"width":1123,"height":854,"url":"https:\/\/fuentesfidedignas.com.mx\/wp-content\/uploads\/2021\/12\/IMG-20211215-WA0016.jpg","type":"image\/jpeg"}],"author":"Redacci\u00f3n","twitter_card":"summary_large_image","twitter_creator":"@fidedignas","twitter_site":"@fidedignas","twitter_misc":{"Escrito por":"Redacci\u00f3n","Tiempo de lectura":"2 minutos"},"schema":{"@context":"https:\/\/schema.org","@graph":[{"@type":"Article","@id":"https:\/\/fuentesfidedignas.com.mx\/index.php\/2021\/12\/15\/piden-moderarse-con-el-alcohol-en-fiestas-decembrinas\/#article","isPartOf":{"@id":"https:\/\/fuentesfidedignas.com.mx\/index.php\/2021\/12\/15\/piden-moderarse-con-el-alcohol-en-fiestas-decembrinas\/"},"author":{"name":"Redacci\u00f3n","@id":"https:\/\/fuentesfidedignas.com.mx\/#\/schema\/person\/331be9283d37198e2acd5750279085b0"},"headline":"Piden moderarse con el alcohol en fiestas decembrinas","datePublished":"2021-12-15T21:53:59+00:00","dateModified":"2021-12-15T21:54:01+00:00","mainEntityOfPage":{"@id":"https:\/\/fuentesfidedignas.com.mx\/index.php\/2021\/12\/15\/piden-moderarse-con-el-alcohol-en-fiestas-decembrinas\/"},"wordCount":331,"commentCount":0,"publisher":{"@id":"https:\/\/fuentesfidedignas.com.mx\/#organization"},"image":{"@id":"https:\/\/fuentesfidedignas.com.mx\/index.php\/2021\/12\/15\/piden-moderarse-con-el-alcohol-en-fiestas-decembrinas\/#primaryimage"},"thumbnailUrl":"https:\/\/fuentesfidedignas.com.mx\/wp-content\/uploads\/2021\/12\/IMG-20211215-WA0016.jpg","articleSection":["NOTA PRINCIPAL"],"inLanguage":"es","potentialAction":[{"@type":"CommentAction","name":"Comment","target":["https:\/\/fuentesfidedignas.com.mx\/index.php\/2021\/12\/15\/piden-moderarse-con-el-alcohol-en-fiestas-decembrinas\/#respond"]}]},{"@type":"WebPage","@id":"https:\/\/fuentesfidedignas.com.mx\/index.php\/2021\/12\/15\/piden-moderarse-con-el-alcohol-en-fiestas-decembrinas\/","url":"https:\/\/fuentesfidedignas.com.mx\/index.php\/2021\/12\/15\/piden-moderarse-con-el-alcohol-en-fiestas-decembrinas\/","name":"Piden moderarse con el alcohol en fiestas decembrinas - Fuentes Fidedignas","isPartOf":{"@id":"https:\/\/fuentesfidedignas.com.mx\/#website"},"primaryImageOfPage":{"@id":"https:\/\/fuentesfidedignas.com.mx\/index.php\/2021\/12\/15\/piden-moderarse-con-el-alcohol-en-fiestas-decembrinas\/#primaryimage"},"image":{"@id":"https:\/\/fuentesfidedignas.com.mx\/index.php\/2021\/12\/15\/piden-moderarse-con-el-alcohol-en-fiestas-decembrinas\/#primaryimage"},"thumbnailUrl":"https:\/\/fuentesfidedignas.com.mx\/wp-content\/uploads\/2021\/12\/IMG-20211215-WA0016.jpg","datePublished":"2021-12-15T21:53:59+00:00","dateModified":"2021-12-15T21:54:01+00:00","breadcrumb":{"@id":"https:\/\/fuentesfidedignas.com.mx\/index.php\/2021\/12\/15\/piden-moderarse-con-el-alcohol-en-fiestas-decembrinas\/#breadcrumb"},"inLanguage":"es","potentialAction":[{"@type":"ReadAction","target":["https:\/\/fuentesfidedignas.com.mx\/index.php\/2021\/12\/15\/piden-moderarse-con-el-alcohol-en-fiestas-decembrinas\/"]}]},{"@type":"ImageObject","inLanguage":"es","@id":"https:\/\/fuentesfidedignas.com.mx\/index.php\/2021\/12\/15\/piden-moderarse-con-el-alcohol-en-fiestas-decembrinas\/#primaryimage","url":"https:\/\/fuentesfidedignas.com.mx\/wp-content\/uploads\/2021\/12\/IMG-20211215-WA0016.jpg","contentUrl":"https:\/\/fuentesfidedignas.com.mx\/wp-content\/uploads\/2021\/12\/IMG-20211215-WA0016.jpg","width":1123,"height":854},{"@type":"BreadcrumbList","@id":"https:\/\/fuentesfidedignas.com.mx\/index.php\/2021\/12\/15\/piden-moderarse-con-el-alcohol-en-fiestas-decembrinas\/#breadcrumb","itemListElement":[{"@type":"ListItem","position":1,"name":"Inicio","item":"https:\/\/fuentesfidedignas.com.mx\/"},{"@type":"ListItem","position":2,"name":"Piden moderarse con el alcohol en fiestas decembrinas"}]},{"@type":"WebSite","@id":"https:\/\/fuentesfidedignas.com.mx\/#website","url":"https:\/\/fuentesfidedignas.com.mx\/","name":"Fuentes Fidedignas","description":"Otro sitio realizado con WordPress","publisher":{"@id":"https:\/\/fuentesfidedignas.com.mx\/#organization"},"potentialAction":[{"@type":"SearchAction","target":{"@type":"EntryPoint","urlTemplate":"https:\/\/fuentesfidedignas.com.mx\/?s={search_term_string}"},"query-input":{"@type":"PropertyValueSpecification","valueRequired":true,"valueName":"search_term_string"}}],"inLanguage":"es"},{"@type":"Organization","@id":"https:\/\/fuentesfidedignas.com.mx\/#organization","name":"Fuentes Fidedignas","url":"https:\/\/fuentesfidedignas.com.mx\/","logo":{"@type":"ImageObject","inLanguage":"es","@id":"https:\/\/fuentesfidedignas.com.mx\/#\/schema\/logo\/image\/","url":"https:\/\/fuentesfidedignas.com.mx\/wp-content\/uploads\/2021\/04\/logo-retina.png","contentUrl":"https:\/\/fuentesfidedignas.com.mx\/wp-content\/uploads\/2021\/04\/logo-retina.png","width":280,"height":51,"caption":"Fuentes Fidedignas"},"image":{"@id":"https:\/\/fuentesfidedignas.com.mx\/#\/schema\/logo\/image\/"},"sameAs":["https:\/\/www.facebook.com\/Fuentes-Fidedignas-368234489921644","https:\/\/x.com\/fidedignas"]},{"@type":"Person","@id":"https:\/\/fuentesfidedignas.com.mx\/#\/schema\/person\/331be9283d37198e2acd5750279085b0","name":"Redacci\u00f3n","image":{"@type":"ImageObject","inLanguage":"es","@id":"https:\/\/secure.gravatar.com\/avatar\/f6d8782c11d12b2d4ad3fbb6931aeab5309937a4d6cd2fc9cfaa28a6396a5aec?s=96&d=mm&r=g","url":"https:\/\/secure.gravatar.com\/avatar\/f6d8782c11d12b2d4ad3fbb6931aeab5309937a4d6cd2fc9cfaa28a6396a5aec?s=96&d=mm&r=g","contentUrl":"https:\/\/secure.gravatar.com\/avatar\/f6d8782c11d12b2d4ad3fbb6931aeab5309937a4d6cd2fc9cfaa28a6396a5aec?s=96&d=mm&r=g","caption":"Redacci\u00f3n"},"url":"https:\/\/fuentesfidedignas.com.mx\/index.php\/author\/redaccion\/"}]}},"_links":{"self":[{"href":"https:\/\/fuentesfidedignas.com.mx\/index.php\/wp-json\/wp\/v2\/posts\/19935","targetHints":{"allow":["GET"]}}],"collection":[{"href":"https:\/\/fuentesfidedignas.com.mx\/index.php\/wp-json\/wp\/v2\/posts"}],"about":[{"href":"https:\/\/fuentesfidedignas.com.mx\/index.php\/wp-json\/wp\/v2\/types\/post"}],"author":[{"embeddable":true,"href":"https:\/\/fuentesfidedignas.com.mx\/index.php\/wp-json\/wp\/v2\/users\/4"}],"replies":[{"embeddable":true,"href":"https:\/\/fuentesfidedignas.com.mx\/index.php\/wp-json\/wp\/v2\/comments?post=19935"}],"version-history":[{"count":1,"href":"https:\/\/fuentesfidedignas.com.mx\/index.php\/wp-json\/wp\/v2\/posts\/19935\/revisions"}],"predecessor-version":[{"id":19937,"href":"https:\/\/fuentesfidedignas.com.mx\/index.php\/wp-json\/wp\/v2\/posts\/19935\/revisions\/19937"}],"wp:featuredmedia":[{"embeddable":true,"href":"https:\/\/fuentesfidedignas.com.mx\/index.php\/wp-json\/wp\/v2\/media\/19936"}],"wp:attachment":[{"href":"https:\/\/fuentesfidedignas.com.mx\/index.php\/wp-json\/wp\/v2\/media?parent=19935"}],"wp:term":[{"taxonomy":"category","embeddable":true,"href":"https:\/\/fuentesfidedignas.com.mx\/index.php\/wp-json\/wp\/v2\/categories?post=19935"},{"taxonomy":"post_tag","embeddable":true,"href":"https:\/\/fuentesfidedignas.com.mx\/index.php\/wp-json\/wp\/v2\/tags?post=19935"}],"curies":[{"name":"wp","href":"https:\/\/api.w.org\/{rel}","templated":true}]}}