{"id":19873,"date":"2021-12-14T17:51:15","date_gmt":"2021-12-15T00:51:15","guid":{"rendered":"https:\/\/fuentesfidedignas.com.mx\/?p=19873"},"modified":"2021-12-14T17:51:17","modified_gmt":"2021-12-15T00:51:17","slug":"aprueba-congreso-segundo-y-ultimo-paquete-de-actualizacion-de-tablas-catastrales","status":"publish","type":"post","link":"https:\/\/fuentesfidedignas.com.mx\/index.php\/2021\/12\/14\/aprueba-congreso-segundo-y-ultimo-paquete-de-actualizacion-de-tablas-catastrales\/","title":{"rendered":"Aprueba Congreso segundo y \u00faltimo paquete de actualizaci\u00f3n de tablas catastrales"},"content":{"rendered":"\n<p><strong><em>2.5 por ciento cuando el valor del suelo y de la construcci\u00f3n sea de hasta un mill\u00f3n de pesos; del 3.0 por ciento cuando el valor oscile entre el mill\u00f3n un centavo y los tres millones; y ser\u00e1 del 4.0 por ciento cuando el valor rebase los tres millones de pesos<\/em><\/strong><\/p>\n\n\n\n<p>Culiac\u00e1n, Sin. Con el voto un\u00e1nime de todas las diputadas y diputados, el Congreso del Estado de Sinaloa concluy\u00f3 este martes la aprobaci\u00f3n de un segundo y \u00faltimo paquete de decretos que establecen los Valores Unitarios del Suelo y de las construcciones de ocho municipios para el ejercicio fiscal 2022.<\/p>\n\n\n\n<p>En la Sesi\u00f3n Ordinaria de este martes se aprobaron los Decretos correspondientes de ocho municipios: Ahome, Guasave, Salvador Alvarado, Navolato, Culiac\u00e1n, Mazatl\u00e1n, El Rosario y Escuinapa.<\/p>\n\n\n\n<p>El correspondiente decreto del municipio de Elota no se vot\u00f3 junto con estos municipios debido a que el Ayuntamiento no envi\u00f3 en tiempo y forma su propuesta de actualizaci\u00f3n.<\/p>\n\n\n\n<p>En esta ocasi\u00f3n se tuvo la participaci\u00f3n de los alcaldes de Ahome, Guasave y Culiac\u00e1n, Gerardo Vargas Landeros, Mart\u00edn Ahumada Quintero y Jes\u00fas Estrada Ferreiro, durante la discusi\u00f3n de los valores unitarios de sus correspondientes municipios.<\/p>\n\n\n\n<p>Los dos primeros para avalar las propuestas presentadas ante el Pleno, y el tercero para rechazarla.<\/p>\n\n\n\n<p>De igual manera participaron diputadas y diputados de Morena, as\u00ed como diputadas del PAS, y diputado del PAN.<br>Previamente la Comisi\u00f3n de Hacienda P\u00fablica y Administraci\u00f3n del Congreso del Estado de Sinaloa hab\u00eda aprobado tambi\u00e9n por unanimidad los correspondientes dict\u00e1menes que actualizan las tablas catastrales.<\/p>\n\n\n\n<p>Las tasas de actualizaci\u00f3n aprobadas este martes ser\u00e1n iguales a las aprobadas para el primer paquete de 9 municipios: del 2.5 por ciento cuando el valor del suelo y de la construcci\u00f3n sea de hasta un mill\u00f3n de pesos; del 3.0 por ciento cuando el valor oscile entre el mill\u00f3n un centavo y los tres millones; y ser\u00e1 del 4.0 por ciento cuando el valor rebase los tres millones de pesos.<br>En el art\u00edculo segundo transitorio de los decretos se estable que:<\/p>\n\n\n\n<p>\u201cDurante el a\u00f1o 2022 el importe del Impuesto Predial en los Predios Urbanos con o sin construcci\u00f3n, ser\u00e1 mayor respecto del monto que correspondi\u00f3 pagar en el 2021\u201d, y se atienden los porcentajes se\u00f1alados de acuerdo a los valores.<\/p>\n\n\n\n<p>Se establece tambi\u00e9n que a los predios con o sin construcci\u00f3n que se integren al padr\u00f3n catastral, se les aplicar\u00e1 la tarifa establecida en el art\u00edculo 35 de la Ley de Hacienda Municipal del Estado.<\/p>\n\n\n\n<p>Por su parte, para los predios que tengan modificaci\u00f3n del valor catastral por motivos distintos a la aplicaci\u00f3n de la Tabla de Valores Unitarios del Suelo y de las construcciones aprobadas, se considerar\u00e1 lo siguiente:<\/p>\n\n\n\n<p>Si el valor catastral de un predio para el a\u00f1o 2022 es mayor al valor anterior, a la diferencia entre dichos valores se aplicar\u00e1 la tarifa establecida en el art\u00edculo 35 de la Ley de Hacienda Municipal del Estado y al impuesto resultante se le sumar\u00e1 al impuesto inmediato anterior determinado.<\/p>\n\n\n\n<p>Para el caso de que el valor catastral de alg\u00fan predio resulte menor al del movimiento anterior, el impuesto predial se calcular\u00e1 disminuyendo el importe determinado o pagado en dicho movimiento, en la misma proporci\u00f3n en que haya disminuido el valor catastral.<\/p>\n","protected":false},"excerpt":{"rendered":"<p>2.5 por ciento cuando el valor del suelo y de la construcci\u00f3n sea de hasta un mill\u00f3n de pesos; del 3.0 por ciento cuando el valor oscile entre el mill\u00f3n un centavo y los tres millones; y ser\u00e1 del 4.0 por ciento cuando el valor rebase los tres millones de pesos Culiac\u00e1n, Sin. Con el [&hellip;]<\/p>\n","protected":false},"author":4,"featured_media":19874,"comment_status":"open","ping_status":"open","sticky":false,"template":"","format":"standard","meta":{"tdm_status":"","tdm_grid_status":"","footnotes":""},"categories":[37],"tags":[],"class_list":{"0":"post-19873","1":"post","2":"type-post","3":"status-publish","4":"format-standard","5":"has-post-thumbnail","7":"category-nota-principal"},"yoast_head":"<!-- This site is optimized with the Yoast SEO plugin v27.5 - https:\/\/yoast.com\/product\/yoast-seo-wordpress\/ -->\n<title>Aprueba Congreso segundo y \u00faltimo paquete de actualizaci\u00f3n de tablas catastrales - Fuentes Fidedignas<\/title>\n<meta name=\"robots\" content=\"index, follow, max-snippet:-1, max-image-preview:large, max-video-preview:-1\" \/>\n<link rel=\"canonical\" href=\"https:\/\/fuentesfidedignas.com.mx\/index.php\/2021\/12\/14\/aprueba-congreso-segundo-y-ultimo-paquete-de-actualizacion-de-tablas-catastrales\/\" \/>\n<meta property=\"og:locale\" content=\"es_MX\" \/>\n<meta property=\"og:type\" content=\"article\" \/>\n<meta property=\"og:title\" content=\"Aprueba Congreso segundo y \u00faltimo paquete de actualizaci\u00f3n de tablas catastrales - Fuentes Fidedignas\" \/>\n<meta property=\"og:description\" content=\"2.5 por ciento cuando el valor del suelo y de la construcci\u00f3n sea de hasta un mill\u00f3n de pesos; del 3.0 por ciento cuando el valor oscile entre el mill\u00f3n un centavo y los tres millones; y ser\u00e1 del 4.0 por ciento cuando el valor rebase los tres millones de pesos Culiac\u00e1n, Sin. Con el [&hellip;]\" \/>\n<meta property=\"og:url\" content=\"https:\/\/fuentesfidedignas.com.mx\/index.php\/2021\/12\/14\/aprueba-congreso-segundo-y-ultimo-paquete-de-actualizacion-de-tablas-catastrales\/\" \/>\n<meta property=\"og:site_name\" content=\"Fuentes Fidedignas\" \/>\n<meta property=\"article:publisher\" content=\"https:\/\/www.facebook.com\/Fuentes-Fidedignas-368234489921644\" \/>\n<meta property=\"article:published_time\" content=\"2021-12-15T00:51:15+00:00\" \/>\n<meta property=\"article:modified_time\" content=\"2021-12-15T00:51:17+00:00\" \/>\n<meta property=\"og:image\" content=\"https:\/\/fuentesfidedignas.com.mx\/wp-content\/uploads\/2021\/12\/IMG-20211214-WA0008.jpg\" \/>\n\t<meta property=\"og:image:width\" content=\"1280\" \/>\n\t<meta property=\"og:image:height\" content=\"855\" \/>\n\t<meta property=\"og:image:type\" content=\"image\/jpeg\" \/>\n<meta name=\"author\" content=\"Redacci\u00f3n\" \/>\n<meta name=\"twitter:card\" content=\"summary_large_image\" \/>\n<meta name=\"twitter:creator\" content=\"@fidedignas\" \/>\n<meta name=\"twitter:site\" content=\"@fidedignas\" \/>\n<meta name=\"twitter:label1\" content=\"Escrito por\" \/>\n\t<meta name=\"twitter:data1\" content=\"Redacci\u00f3n\" \/>\n\t<meta name=\"twitter:label2\" content=\"Tiempo de lectura\" \/>\n\t<meta name=\"twitter:data2\" content=\"3 minutos\" \/>\n<script type=\"application\/ld+json\" class=\"yoast-schema-graph\">{\"@context\":\"https:\\\/\\\/schema.org\",\"@graph\":[{\"@type\":\"Article\",\"@id\":\"https:\\\/\\\/fuentesfidedignas.com.mx\\\/index.php\\\/2021\\\/12\\\/14\\\/aprueba-congreso-segundo-y-ultimo-paquete-de-actualizacion-de-tablas-catastrales\\\/#article\",\"isPartOf\":{\"@id\":\"https:\\\/\\\/fuentesfidedignas.com.mx\\\/index.php\\\/2021\\\/12\\\/14\\\/aprueba-congreso-segundo-y-ultimo-paquete-de-actualizacion-de-tablas-catastrales\\\/\"},\"author\":{\"name\":\"Redacci\u00f3n\",\"@id\":\"https:\\\/\\\/fuentesfidedignas.com.mx\\\/#\\\/schema\\\/person\\\/331be9283d37198e2acd5750279085b0\"},\"headline\":\"Aprueba Congreso segundo y \u00faltimo paquete de actualizaci\u00f3n de tablas catastrales\",\"datePublished\":\"2021-12-15T00:51:15+00:00\",\"dateModified\":\"2021-12-15T00:51:17+00:00\",\"mainEntityOfPage\":{\"@id\":\"https:\\\/\\\/fuentesfidedignas.com.mx\\\/index.php\\\/2021\\\/12\\\/14\\\/aprueba-congreso-segundo-y-ultimo-paquete-de-actualizacion-de-tablas-catastrales\\\/\"},\"wordCount\":577,\"commentCount\":0,\"publisher\":{\"@id\":\"https:\\\/\\\/fuentesfidedignas.com.mx\\\/#organization\"},\"image\":{\"@id\":\"https:\\\/\\\/fuentesfidedignas.com.mx\\\/index.php\\\/2021\\\/12\\\/14\\\/aprueba-congreso-segundo-y-ultimo-paquete-de-actualizacion-de-tablas-catastrales\\\/#primaryimage\"},\"thumbnailUrl\":\"https:\\\/\\\/fuentesfidedignas.com.mx\\\/wp-content\\\/uploads\\\/2021\\\/12\\\/IMG-20211214-WA0008.jpg\",\"articleSection\":[\"NOTA PRINCIPAL\"],\"inLanguage\":\"es\",\"potentialAction\":[{\"@type\":\"CommentAction\",\"name\":\"Comment\",\"target\":[\"https:\\\/\\\/fuentesfidedignas.com.mx\\\/index.php\\\/2021\\\/12\\\/14\\\/aprueba-congreso-segundo-y-ultimo-paquete-de-actualizacion-de-tablas-catastrales\\\/#respond\"]}]},{\"@type\":\"WebPage\",\"@id\":\"https:\\\/\\\/fuentesfidedignas.com.mx\\\/index.php\\\/2021\\\/12\\\/14\\\/aprueba-congreso-segundo-y-ultimo-paquete-de-actualizacion-de-tablas-catastrales\\\/\",\"url\":\"https:\\\/\\\/fuentesfidedignas.com.mx\\\/index.php\\\/2021\\\/12\\\/14\\\/aprueba-congreso-segundo-y-ultimo-paquete-de-actualizacion-de-tablas-catastrales\\\/\",\"name\":\"Aprueba Congreso segundo y \u00faltimo paquete de actualizaci\u00f3n de tablas catastrales - Fuentes Fidedignas\",\"isPartOf\":{\"@id\":\"https:\\\/\\\/fuentesfidedignas.com.mx\\\/#website\"},\"primaryImageOfPage\":{\"@id\":\"https:\\\/\\\/fuentesfidedignas.com.mx\\\/index.php\\\/2021\\\/12\\\/14\\\/aprueba-congreso-segundo-y-ultimo-paquete-de-actualizacion-de-tablas-catastrales\\\/#primaryimage\"},\"image\":{\"@id\":\"https:\\\/\\\/fuentesfidedignas.com.mx\\\/index.php\\\/2021\\\/12\\\/14\\\/aprueba-congreso-segundo-y-ultimo-paquete-de-actualizacion-de-tablas-catastrales\\\/#primaryimage\"},\"thumbnailUrl\":\"https:\\\/\\\/fuentesfidedignas.com.mx\\\/wp-content\\\/uploads\\\/2021\\\/12\\\/IMG-20211214-WA0008.jpg\",\"datePublished\":\"2021-12-15T00:51:15+00:00\",\"dateModified\":\"2021-12-15T00:51:17+00:00\",\"breadcrumb\":{\"@id\":\"https:\\\/\\\/fuentesfidedignas.com.mx\\\/index.php\\\/2021\\\/12\\\/14\\\/aprueba-congreso-segundo-y-ultimo-paquete-de-actualizacion-de-tablas-catastrales\\\/#breadcrumb\"},\"inLanguage\":\"es\",\"potentialAction\":[{\"@type\":\"ReadAction\",\"target\":[\"https:\\\/\\\/fuentesfidedignas.com.mx\\\/index.php\\\/2021\\\/12\\\/14\\\/aprueba-congreso-segundo-y-ultimo-paquete-de-actualizacion-de-tablas-catastrales\\\/\"]}]},{\"@type\":\"ImageObject\",\"inLanguage\":\"es\",\"@id\":\"https:\\\/\\\/fuentesfidedignas.com.mx\\\/index.php\\\/2021\\\/12\\\/14\\\/aprueba-congreso-segundo-y-ultimo-paquete-de-actualizacion-de-tablas-catastrales\\\/#primaryimage\",\"url\":\"https:\\\/\\\/fuentesfidedignas.com.mx\\\/wp-content\\\/uploads\\\/2021\\\/12\\\/IMG-20211214-WA0008.jpg\",\"contentUrl\":\"https:\\\/\\\/fuentesfidedignas.com.mx\\\/wp-content\\\/uploads\\\/2021\\\/12\\\/IMG-20211214-WA0008.jpg\",\"width\":1280,\"height\":855},{\"@type\":\"BreadcrumbList\",\"@id\":\"https:\\\/\\\/fuentesfidedignas.com.mx\\\/index.php\\\/2021\\\/12\\\/14\\\/aprueba-congreso-segundo-y-ultimo-paquete-de-actualizacion-de-tablas-catastrales\\\/#breadcrumb\",\"itemListElement\":[{\"@type\":\"ListItem\",\"position\":1,\"name\":\"Inicio\",\"item\":\"https:\\\/\\\/fuentesfidedignas.com.mx\\\/\"},{\"@type\":\"ListItem\",\"position\":2,\"name\":\"Aprueba Congreso segundo y \u00faltimo paquete de actualizaci\u00f3n de tablas catastrales\"}]},{\"@type\":\"WebSite\",\"@id\":\"https:\\\/\\\/fuentesfidedignas.com.mx\\\/#website\",\"url\":\"https:\\\/\\\/fuentesfidedignas.com.mx\\\/\",\"name\":\"Fuentes Fidedignas\",\"description\":\"Otro sitio realizado con WordPress\",\"publisher\":{\"@id\":\"https:\\\/\\\/fuentesfidedignas.com.mx\\\/#organization\"},\"potentialAction\":[{\"@type\":\"SearchAction\",\"target\":{\"@type\":\"EntryPoint\",\"urlTemplate\":\"https:\\\/\\\/fuentesfidedignas.com.mx\\\/?s={search_term_string}\"},\"query-input\":{\"@type\":\"PropertyValueSpecification\",\"valueRequired\":true,\"valueName\":\"search_term_string\"}}],\"inLanguage\":\"es\"},{\"@type\":\"Organization\",\"@id\":\"https:\\\/\\\/fuentesfidedignas.com.mx\\\/#organization\",\"name\":\"Fuentes Fidedignas\",\"url\":\"https:\\\/\\\/fuentesfidedignas.com.mx\\\/\",\"logo\":{\"@type\":\"ImageObject\",\"inLanguage\":\"es\",\"@id\":\"https:\\\/\\\/fuentesfidedignas.com.mx\\\/#\\\/schema\\\/logo\\\/image\\\/\",\"url\":\"https:\\\/\\\/fuentesfidedignas.com.mx\\\/wp-content\\\/uploads\\\/2021\\\/04\\\/logo-retina.png\",\"contentUrl\":\"https:\\\/\\\/fuentesfidedignas.com.mx\\\/wp-content\\\/uploads\\\/2021\\\/04\\\/logo-retina.png\",\"width\":280,\"height\":51,\"caption\":\"Fuentes Fidedignas\"},\"image\":{\"@id\":\"https:\\\/\\\/fuentesfidedignas.com.mx\\\/#\\\/schema\\\/logo\\\/image\\\/\"},\"sameAs\":[\"https:\\\/\\\/www.facebook.com\\\/Fuentes-Fidedignas-368234489921644\",\"https:\\\/\\\/x.com\\\/fidedignas\"]},{\"@type\":\"Person\",\"@id\":\"https:\\\/\\\/fuentesfidedignas.com.mx\\\/#\\\/schema\\\/person\\\/331be9283d37198e2acd5750279085b0\",\"name\":\"Redacci\u00f3n\",\"image\":{\"@type\":\"ImageObject\",\"inLanguage\":\"es\",\"@id\":\"https:\\\/\\\/secure.gravatar.com\\\/avatar\\\/f6d8782c11d12b2d4ad3fbb6931aeab5309937a4d6cd2fc9cfaa28a6396a5aec?s=96&d=mm&r=g\",\"url\":\"https:\\\/\\\/secure.gravatar.com\\\/avatar\\\/f6d8782c11d12b2d4ad3fbb6931aeab5309937a4d6cd2fc9cfaa28a6396a5aec?s=96&d=mm&r=g\",\"contentUrl\":\"https:\\\/\\\/secure.gravatar.com\\\/avatar\\\/f6d8782c11d12b2d4ad3fbb6931aeab5309937a4d6cd2fc9cfaa28a6396a5aec?s=96&d=mm&r=g\",\"caption\":\"Redacci\u00f3n\"},\"url\":\"https:\\\/\\\/fuentesfidedignas.com.mx\\\/index.php\\\/author\\\/redaccion\\\/\"}]}<\/script>\n<!-- \/ Yoast SEO plugin. -->","yoast_head_json":{"title":"Aprueba Congreso segundo y \u00faltimo paquete de actualizaci\u00f3n de tablas catastrales - Fuentes Fidedignas","robots":{"index":"index","follow":"follow","max-snippet":"max-snippet:-1","max-image-preview":"max-image-preview:large","max-video-preview":"max-video-preview:-1"},"canonical":"https:\/\/fuentesfidedignas.com.mx\/index.php\/2021\/12\/14\/aprueba-congreso-segundo-y-ultimo-paquete-de-actualizacion-de-tablas-catastrales\/","og_locale":"es_MX","og_type":"article","og_title":"Aprueba Congreso segundo y \u00faltimo paquete de actualizaci\u00f3n de tablas catastrales - Fuentes Fidedignas","og_description":"2.5 por ciento cuando el valor del suelo y de la construcci\u00f3n sea de hasta un mill\u00f3n de pesos; del 3.0 por ciento cuando el valor oscile entre el mill\u00f3n un centavo y los tres millones; y ser\u00e1 del 4.0 por ciento cuando el valor rebase los tres millones de pesos Culiac\u00e1n, Sin. Con el [&hellip;]","og_url":"https:\/\/fuentesfidedignas.com.mx\/index.php\/2021\/12\/14\/aprueba-congreso-segundo-y-ultimo-paquete-de-actualizacion-de-tablas-catastrales\/","og_site_name":"Fuentes Fidedignas","article_publisher":"https:\/\/www.facebook.com\/Fuentes-Fidedignas-368234489921644","article_published_time":"2021-12-15T00:51:15+00:00","article_modified_time":"2021-12-15T00:51:17+00:00","og_image":[{"width":1280,"height":855,"url":"https:\/\/fuentesfidedignas.com.mx\/wp-content\/uploads\/2021\/12\/IMG-20211214-WA0008.jpg","type":"image\/jpeg"}],"author":"Redacci\u00f3n","twitter_card":"summary_large_image","twitter_creator":"@fidedignas","twitter_site":"@fidedignas","twitter_misc":{"Escrito por":"Redacci\u00f3n","Tiempo de lectura":"3 minutos"},"schema":{"@context":"https:\/\/schema.org","@graph":[{"@type":"Article","@id":"https:\/\/fuentesfidedignas.com.mx\/index.php\/2021\/12\/14\/aprueba-congreso-segundo-y-ultimo-paquete-de-actualizacion-de-tablas-catastrales\/#article","isPartOf":{"@id":"https:\/\/fuentesfidedignas.com.mx\/index.php\/2021\/12\/14\/aprueba-congreso-segundo-y-ultimo-paquete-de-actualizacion-de-tablas-catastrales\/"},"author":{"name":"Redacci\u00f3n","@id":"https:\/\/fuentesfidedignas.com.mx\/#\/schema\/person\/331be9283d37198e2acd5750279085b0"},"headline":"Aprueba Congreso segundo y \u00faltimo paquete de actualizaci\u00f3n de tablas catastrales","datePublished":"2021-12-15T00:51:15+00:00","dateModified":"2021-12-15T00:51:17+00:00","mainEntityOfPage":{"@id":"https:\/\/fuentesfidedignas.com.mx\/index.php\/2021\/12\/14\/aprueba-congreso-segundo-y-ultimo-paquete-de-actualizacion-de-tablas-catastrales\/"},"wordCount":577,"commentCount":0,"publisher":{"@id":"https:\/\/fuentesfidedignas.com.mx\/#organization"},"image":{"@id":"https:\/\/fuentesfidedignas.com.mx\/index.php\/2021\/12\/14\/aprueba-congreso-segundo-y-ultimo-paquete-de-actualizacion-de-tablas-catastrales\/#primaryimage"},"thumbnailUrl":"https:\/\/fuentesfidedignas.com.mx\/wp-content\/uploads\/2021\/12\/IMG-20211214-WA0008.jpg","articleSection":["NOTA PRINCIPAL"],"inLanguage":"es","potentialAction":[{"@type":"CommentAction","name":"Comment","target":["https:\/\/fuentesfidedignas.com.mx\/index.php\/2021\/12\/14\/aprueba-congreso-segundo-y-ultimo-paquete-de-actualizacion-de-tablas-catastrales\/#respond"]}]},{"@type":"WebPage","@id":"https:\/\/fuentesfidedignas.com.mx\/index.php\/2021\/12\/14\/aprueba-congreso-segundo-y-ultimo-paquete-de-actualizacion-de-tablas-catastrales\/","url":"https:\/\/fuentesfidedignas.com.mx\/index.php\/2021\/12\/14\/aprueba-congreso-segundo-y-ultimo-paquete-de-actualizacion-de-tablas-catastrales\/","name":"Aprueba Congreso segundo y \u00faltimo paquete de actualizaci\u00f3n de tablas catastrales - Fuentes Fidedignas","isPartOf":{"@id":"https:\/\/fuentesfidedignas.com.mx\/#website"},"primaryImageOfPage":{"@id":"https:\/\/fuentesfidedignas.com.mx\/index.php\/2021\/12\/14\/aprueba-congreso-segundo-y-ultimo-paquete-de-actualizacion-de-tablas-catastrales\/#primaryimage"},"image":{"@id":"https:\/\/fuentesfidedignas.com.mx\/index.php\/2021\/12\/14\/aprueba-congreso-segundo-y-ultimo-paquete-de-actualizacion-de-tablas-catastrales\/#primaryimage"},"thumbnailUrl":"https:\/\/fuentesfidedignas.com.mx\/wp-content\/uploads\/2021\/12\/IMG-20211214-WA0008.jpg","datePublished":"2021-12-15T00:51:15+00:00","dateModified":"2021-12-15T00:51:17+00:00","breadcrumb":{"@id":"https:\/\/fuentesfidedignas.com.mx\/index.php\/2021\/12\/14\/aprueba-congreso-segundo-y-ultimo-paquete-de-actualizacion-de-tablas-catastrales\/#breadcrumb"},"inLanguage":"es","potentialAction":[{"@type":"ReadAction","target":["https:\/\/fuentesfidedignas.com.mx\/index.php\/2021\/12\/14\/aprueba-congreso-segundo-y-ultimo-paquete-de-actualizacion-de-tablas-catastrales\/"]}]},{"@type":"ImageObject","inLanguage":"es","@id":"https:\/\/fuentesfidedignas.com.mx\/index.php\/2021\/12\/14\/aprueba-congreso-segundo-y-ultimo-paquete-de-actualizacion-de-tablas-catastrales\/#primaryimage","url":"https:\/\/fuentesfidedignas.com.mx\/wp-content\/uploads\/2021\/12\/IMG-20211214-WA0008.jpg","contentUrl":"https:\/\/fuentesfidedignas.com.mx\/wp-content\/uploads\/2021\/12\/IMG-20211214-WA0008.jpg","width":1280,"height":855},{"@type":"BreadcrumbList","@id":"https:\/\/fuentesfidedignas.com.mx\/index.php\/2021\/12\/14\/aprueba-congreso-segundo-y-ultimo-paquete-de-actualizacion-de-tablas-catastrales\/#breadcrumb","itemListElement":[{"@type":"ListItem","position":1,"name":"Inicio","item":"https:\/\/fuentesfidedignas.com.mx\/"},{"@type":"ListItem","position":2,"name":"Aprueba Congreso segundo y \u00faltimo paquete de actualizaci\u00f3n de tablas catastrales"}]},{"@type":"WebSite","@id":"https:\/\/fuentesfidedignas.com.mx\/#website","url":"https:\/\/fuentesfidedignas.com.mx\/","name":"Fuentes Fidedignas","description":"Otro sitio realizado con WordPress","publisher":{"@id":"https:\/\/fuentesfidedignas.com.mx\/#organization"},"potentialAction":[{"@type":"SearchAction","target":{"@type":"EntryPoint","urlTemplate":"https:\/\/fuentesfidedignas.com.mx\/?s={search_term_string}"},"query-input":{"@type":"PropertyValueSpecification","valueRequired":true,"valueName":"search_term_string"}}],"inLanguage":"es"},{"@type":"Organization","@id":"https:\/\/fuentesfidedignas.com.mx\/#organization","name":"Fuentes Fidedignas","url":"https:\/\/fuentesfidedignas.com.mx\/","logo":{"@type":"ImageObject","inLanguage":"es","@id":"https:\/\/fuentesfidedignas.com.mx\/#\/schema\/logo\/image\/","url":"https:\/\/fuentesfidedignas.com.mx\/wp-content\/uploads\/2021\/04\/logo-retina.png","contentUrl":"https:\/\/fuentesfidedignas.com.mx\/wp-content\/uploads\/2021\/04\/logo-retina.png","width":280,"height":51,"caption":"Fuentes Fidedignas"},"image":{"@id":"https:\/\/fuentesfidedignas.com.mx\/#\/schema\/logo\/image\/"},"sameAs":["https:\/\/www.facebook.com\/Fuentes-Fidedignas-368234489921644","https:\/\/x.com\/fidedignas"]},{"@type":"Person","@id":"https:\/\/fuentesfidedignas.com.mx\/#\/schema\/person\/331be9283d37198e2acd5750279085b0","name":"Redacci\u00f3n","image":{"@type":"ImageObject","inLanguage":"es","@id":"https:\/\/secure.gravatar.com\/avatar\/f6d8782c11d12b2d4ad3fbb6931aeab5309937a4d6cd2fc9cfaa28a6396a5aec?s=96&d=mm&r=g","url":"https:\/\/secure.gravatar.com\/avatar\/f6d8782c11d12b2d4ad3fbb6931aeab5309937a4d6cd2fc9cfaa28a6396a5aec?s=96&d=mm&r=g","contentUrl":"https:\/\/secure.gravatar.com\/avatar\/f6d8782c11d12b2d4ad3fbb6931aeab5309937a4d6cd2fc9cfaa28a6396a5aec?s=96&d=mm&r=g","caption":"Redacci\u00f3n"},"url":"https:\/\/fuentesfidedignas.com.mx\/index.php\/author\/redaccion\/"}]}},"_links":{"self":[{"href":"https:\/\/fuentesfidedignas.com.mx\/index.php\/wp-json\/wp\/v2\/posts\/19873","targetHints":{"allow":["GET"]}}],"collection":[{"href":"https:\/\/fuentesfidedignas.com.mx\/index.php\/wp-json\/wp\/v2\/posts"}],"about":[{"href":"https:\/\/fuentesfidedignas.com.mx\/index.php\/wp-json\/wp\/v2\/types\/post"}],"author":[{"embeddable":true,"href":"https:\/\/fuentesfidedignas.com.mx\/index.php\/wp-json\/wp\/v2\/users\/4"}],"replies":[{"embeddable":true,"href":"https:\/\/fuentesfidedignas.com.mx\/index.php\/wp-json\/wp\/v2\/comments?post=19873"}],"version-history":[{"count":1,"href":"https:\/\/fuentesfidedignas.com.mx\/index.php\/wp-json\/wp\/v2\/posts\/19873\/revisions"}],"predecessor-version":[{"id":19875,"href":"https:\/\/fuentesfidedignas.com.mx\/index.php\/wp-json\/wp\/v2\/posts\/19873\/revisions\/19875"}],"wp:featuredmedia":[{"embeddable":true,"href":"https:\/\/fuentesfidedignas.com.mx\/index.php\/wp-json\/wp\/v2\/media\/19874"}],"wp:attachment":[{"href":"https:\/\/fuentesfidedignas.com.mx\/index.php\/wp-json\/wp\/v2\/media?parent=19873"}],"wp:term":[{"taxonomy":"category","embeddable":true,"href":"https:\/\/fuentesfidedignas.com.mx\/index.php\/wp-json\/wp\/v2\/categories?post=19873"},{"taxonomy":"post_tag","embeddable":true,"href":"https:\/\/fuentesfidedignas.com.mx\/index.php\/wp-json\/wp\/v2\/tags?post=19873"}],"curies":[{"name":"wp","href":"https:\/\/api.w.org\/{rel}","templated":true}]}}