{"id":19825,"date":"2021-12-14T08:21:17","date_gmt":"2021-12-14T15:21:17","guid":{"rendered":"https:\/\/fuentesfidedignas.com.mx\/?p=19825"},"modified":"2021-12-14T08:21:19","modified_gmt":"2021-12-14T15:21:19","slug":"oms-pide-proteger-a-los-no-vacunados-y-luego-ofrecer-refuerzos","status":"publish","type":"post","link":"https:\/\/fuentesfidedignas.com.mx\/index.php\/2021\/12\/14\/oms-pide-proteger-a-los-no-vacunados-y-luego-ofrecer-refuerzos\/","title":{"rendered":"OMS pide proteger a los no vacunados y luego ofrecer refuerzos"},"content":{"rendered":"\n<p><strong><em>El director de emergencias de la OMS inst\u00f3 a acelerar la vacunaci\u00f3n de las personas que no han recibido el biol\u00f3gico y despu\u00e9s aplicar refuerzos.<\/em><\/strong><\/p>\n\n\n\n<p>Ciudad de M\u00e9xico.- Obtener una ronda inicial de vacunas contra Covid-19 para grupos desprotegidos en todo el mundo deber\u00eda seguir siendo una prioridad principal antes de ofrecer dosis de refuerzo a grupos vulnerables, dijo el martes el director de emergencias de la Organizaci\u00f3n Mundial de la Salud (OMS), Mike Ryan.<\/p>\n\n\n\n<p>Un importante estudio realizado el martes encontr\u00f3 que dos dosis de la vacuna Covid-19 de Pfizer-BioNTech parecen haber brindado un 70% de protecci\u00f3n contra la hospitalizaci\u00f3n en Sud\u00e1frica en las \u00faltimas semanas, lo que sugiere una eficacia m\u00e1s d\u00e9bil contra la nueva variante \u00d3micron.<\/p>\n\n\n\n<p>\u201cLa gente siempre pregunta si deber\u00edamos recibir una vacunaci\u00f3n primaria o refuerzos, la realidad es que deber\u00edamos hacer ambas cosas. Deber\u00edamos centrarnos en vacunar a los que no est\u00e1n vacunados lo antes posible y luego poder darles dosis de refuerzo a grupos vulnerables\u201d, dijo Ryan en un evento en l\u00ednea.<\/p>\n","protected":false},"excerpt":{"rendered":"<p>El director de emergencias de la OMS inst\u00f3 a acelerar la vacunaci\u00f3n de las personas que no han recibido el biol\u00f3gico y despu\u00e9s aplicar refuerzos. Ciudad de M\u00e9xico.- Obtener una ronda inicial de vacunas contra Covid-19 para grupos desprotegidos en todo el mundo deber\u00eda seguir siendo una prioridad principal antes de ofrecer dosis de refuerzo [&hellip;]<\/p>\n","protected":false},"author":5,"featured_media":19826,"comment_status":"open","ping_status":"open","sticky":false,"template":"","format":"standard","meta":{"tdm_status":"","tdm_grid_status":"","footnotes":""},"categories":[39],"tags":[374,375,407],"class_list":{"0":"post-19825","1":"post","2":"type-post","3":"status-publish","4":"format-standard","5":"has-post-thumbnail","7":"category-noticias-nacionales","8":"tag-oms","9":"tag-organizacion-mundial-de-la-salud","10":"tag-vacuna-anticovid"},"yoast_head":"<!-- This site is optimized with the Yoast SEO plugin v27.5 - https:\/\/yoast.com\/product\/yoast-seo-wordpress\/ -->\n<title>OMS pide proteger a los no vacunados y luego ofrecer refuerzos - Fuentes Fidedignas<\/title>\n<meta name=\"robots\" content=\"index, follow, max-snippet:-1, max-image-preview:large, max-video-preview:-1\" \/>\n<link rel=\"canonical\" href=\"https:\/\/fuentesfidedignas.com.mx\/index.php\/2021\/12\/14\/oms-pide-proteger-a-los-no-vacunados-y-luego-ofrecer-refuerzos\/\" \/>\n<meta property=\"og:locale\" content=\"es_MX\" \/>\n<meta property=\"og:type\" content=\"article\" \/>\n<meta property=\"og:title\" content=\"OMS pide proteger a los no vacunados y luego ofrecer refuerzos - Fuentes Fidedignas\" \/>\n<meta property=\"og:description\" content=\"El director de emergencias de la OMS inst\u00f3 a acelerar la vacunaci\u00f3n de las personas que no han recibido el biol\u00f3gico y despu\u00e9s aplicar refuerzos. Ciudad de M\u00e9xico.- Obtener una ronda inicial de vacunas contra Covid-19 para grupos desprotegidos en todo el mundo deber\u00eda seguir siendo una prioridad principal antes de ofrecer dosis de refuerzo [&hellip;]\" \/>\n<meta property=\"og:url\" content=\"https:\/\/fuentesfidedignas.com.mx\/index.php\/2021\/12\/14\/oms-pide-proteger-a-los-no-vacunados-y-luego-ofrecer-refuerzos\/\" \/>\n<meta property=\"og:site_name\" content=\"Fuentes Fidedignas\" \/>\n<meta property=\"article:publisher\" content=\"https:\/\/www.facebook.com\/Fuentes-Fidedignas-368234489921644\" \/>\n<meta property=\"article:published_time\" content=\"2021-12-14T15:21:17+00:00\" \/>\n<meta property=\"article:modified_time\" content=\"2021-12-14T15:21:19+00:00\" \/>\n<meta property=\"og:image\" content=\"https:\/\/fuentesfidedignas.com.mx\/wp-content\/uploads\/2021\/12\/vacuna-covid-1-640x360-1.jpg\" \/>\n\t<meta property=\"og:image:width\" content=\"640\" \/>\n\t<meta property=\"og:image:height\" content=\"360\" \/>\n\t<meta property=\"og:image:type\" content=\"image\/jpeg\" \/>\n<meta name=\"author\" content=\"Forbes\" \/>\n<meta name=\"twitter:card\" content=\"summary_large_image\" \/>\n<meta name=\"twitter:creator\" content=\"@fidedignas\" \/>\n<meta name=\"twitter:site\" content=\"@fidedignas\" \/>\n<meta name=\"twitter:label1\" content=\"Escrito por\" \/>\n\t<meta name=\"twitter:data1\" content=\"Forbes\" \/>\n\t<meta name=\"twitter:label2\" content=\"Tiempo de lectura\" \/>\n\t<meta name=\"twitter:data2\" content=\"1 minuto\" \/>\n<script type=\"application\/ld+json\" class=\"yoast-schema-graph\">{\"@context\":\"https:\\\/\\\/schema.org\",\"@graph\":[{\"@type\":\"Article\",\"@id\":\"https:\\\/\\\/fuentesfidedignas.com.mx\\\/index.php\\\/2021\\\/12\\\/14\\\/oms-pide-proteger-a-los-no-vacunados-y-luego-ofrecer-refuerzos\\\/#article\",\"isPartOf\":{\"@id\":\"https:\\\/\\\/fuentesfidedignas.com.mx\\\/index.php\\\/2021\\\/12\\\/14\\\/oms-pide-proteger-a-los-no-vacunados-y-luego-ofrecer-refuerzos\\\/\"},\"author\":{\"name\":\"Forbes\",\"@id\":\"https:\\\/\\\/fuentesfidedignas.com.mx\\\/#\\\/schema\\\/person\\\/5623d53fe2e579d825b1679734abcc44\"},\"headline\":\"OMS pide proteger a los no vacunados y luego ofrecer refuerzos\",\"datePublished\":\"2021-12-14T15:21:17+00:00\",\"dateModified\":\"2021-12-14T15:21:19+00:00\",\"mainEntityOfPage\":{\"@id\":\"https:\\\/\\\/fuentesfidedignas.com.mx\\\/index.php\\\/2021\\\/12\\\/14\\\/oms-pide-proteger-a-los-no-vacunados-y-luego-ofrecer-refuerzos\\\/\"},\"wordCount\":197,\"commentCount\":0,\"publisher\":{\"@id\":\"https:\\\/\\\/fuentesfidedignas.com.mx\\\/#organization\"},\"image\":{\"@id\":\"https:\\\/\\\/fuentesfidedignas.com.mx\\\/index.php\\\/2021\\\/12\\\/14\\\/oms-pide-proteger-a-los-no-vacunados-y-luego-ofrecer-refuerzos\\\/#primaryimage\"},\"thumbnailUrl\":\"https:\\\/\\\/fuentesfidedignas.com.mx\\\/wp-content\\\/uploads\\\/2021\\\/12\\\/vacuna-covid-1-640x360-1.jpg\",\"keywords\":[\"OMS\",\"Organizaci\u00f3n Mundial de la Salud\",\"Vacuna anticovid\"],\"articleSection\":[\"NOTICIAS NACIONALES\"],\"inLanguage\":\"es\",\"potentialAction\":[{\"@type\":\"CommentAction\",\"name\":\"Comment\",\"target\":[\"https:\\\/\\\/fuentesfidedignas.com.mx\\\/index.php\\\/2021\\\/12\\\/14\\\/oms-pide-proteger-a-los-no-vacunados-y-luego-ofrecer-refuerzos\\\/#respond\"]}]},{\"@type\":\"WebPage\",\"@id\":\"https:\\\/\\\/fuentesfidedignas.com.mx\\\/index.php\\\/2021\\\/12\\\/14\\\/oms-pide-proteger-a-los-no-vacunados-y-luego-ofrecer-refuerzos\\\/\",\"url\":\"https:\\\/\\\/fuentesfidedignas.com.mx\\\/index.php\\\/2021\\\/12\\\/14\\\/oms-pide-proteger-a-los-no-vacunados-y-luego-ofrecer-refuerzos\\\/\",\"name\":\"OMS pide proteger a los no vacunados y luego ofrecer refuerzos - Fuentes Fidedignas\",\"isPartOf\":{\"@id\":\"https:\\\/\\\/fuentesfidedignas.com.mx\\\/#website\"},\"primaryImageOfPage\":{\"@id\":\"https:\\\/\\\/fuentesfidedignas.com.mx\\\/index.php\\\/2021\\\/12\\\/14\\\/oms-pide-proteger-a-los-no-vacunados-y-luego-ofrecer-refuerzos\\\/#primaryimage\"},\"image\":{\"@id\":\"https:\\\/\\\/fuentesfidedignas.com.mx\\\/index.php\\\/2021\\\/12\\\/14\\\/oms-pide-proteger-a-los-no-vacunados-y-luego-ofrecer-refuerzos\\\/#primaryimage\"},\"thumbnailUrl\":\"https:\\\/\\\/fuentesfidedignas.com.mx\\\/wp-content\\\/uploads\\\/2021\\\/12\\\/vacuna-covid-1-640x360-1.jpg\",\"datePublished\":\"2021-12-14T15:21:17+00:00\",\"dateModified\":\"2021-12-14T15:21:19+00:00\",\"breadcrumb\":{\"@id\":\"https:\\\/\\\/fuentesfidedignas.com.mx\\\/index.php\\\/2021\\\/12\\\/14\\\/oms-pide-proteger-a-los-no-vacunados-y-luego-ofrecer-refuerzos\\\/#breadcrumb\"},\"inLanguage\":\"es\",\"potentialAction\":[{\"@type\":\"ReadAction\",\"target\":[\"https:\\\/\\\/fuentesfidedignas.com.mx\\\/index.php\\\/2021\\\/12\\\/14\\\/oms-pide-proteger-a-los-no-vacunados-y-luego-ofrecer-refuerzos\\\/\"]}]},{\"@type\":\"ImageObject\",\"inLanguage\":\"es\",\"@id\":\"https:\\\/\\\/fuentesfidedignas.com.mx\\\/index.php\\\/2021\\\/12\\\/14\\\/oms-pide-proteger-a-los-no-vacunados-y-luego-ofrecer-refuerzos\\\/#primaryimage\",\"url\":\"https:\\\/\\\/fuentesfidedignas.com.mx\\\/wp-content\\\/uploads\\\/2021\\\/12\\\/vacuna-covid-1-640x360-1.jpg\",\"contentUrl\":\"https:\\\/\\\/fuentesfidedignas.com.mx\\\/wp-content\\\/uploads\\\/2021\\\/12\\\/vacuna-covid-1-640x360-1.jpg\",\"width\":640,\"height\":360},{\"@type\":\"BreadcrumbList\",\"@id\":\"https:\\\/\\\/fuentesfidedignas.com.mx\\\/index.php\\\/2021\\\/12\\\/14\\\/oms-pide-proteger-a-los-no-vacunados-y-luego-ofrecer-refuerzos\\\/#breadcrumb\",\"itemListElement\":[{\"@type\":\"ListItem\",\"position\":1,\"name\":\"Inicio\",\"item\":\"https:\\\/\\\/fuentesfidedignas.com.mx\\\/\"},{\"@type\":\"ListItem\",\"position\":2,\"name\":\"OMS pide proteger a los no vacunados y luego ofrecer refuerzos\"}]},{\"@type\":\"WebSite\",\"@id\":\"https:\\\/\\\/fuentesfidedignas.com.mx\\\/#website\",\"url\":\"https:\\\/\\\/fuentesfidedignas.com.mx\\\/\",\"name\":\"Fuentes Fidedignas\",\"description\":\"Otro sitio realizado con WordPress\",\"publisher\":{\"@id\":\"https:\\\/\\\/fuentesfidedignas.com.mx\\\/#organization\"},\"potentialAction\":[{\"@type\":\"SearchAction\",\"target\":{\"@type\":\"EntryPoint\",\"urlTemplate\":\"https:\\\/\\\/fuentesfidedignas.com.mx\\\/?s={search_term_string}\"},\"query-input\":{\"@type\":\"PropertyValueSpecification\",\"valueRequired\":true,\"valueName\":\"search_term_string\"}}],\"inLanguage\":\"es\"},{\"@type\":\"Organization\",\"@id\":\"https:\\\/\\\/fuentesfidedignas.com.mx\\\/#organization\",\"name\":\"Fuentes Fidedignas\",\"url\":\"https:\\\/\\\/fuentesfidedignas.com.mx\\\/\",\"logo\":{\"@type\":\"ImageObject\",\"inLanguage\":\"es\",\"@id\":\"https:\\\/\\\/fuentesfidedignas.com.mx\\\/#\\\/schema\\\/logo\\\/image\\\/\",\"url\":\"https:\\\/\\\/fuentesfidedignas.com.mx\\\/wp-content\\\/uploads\\\/2021\\\/04\\\/logo-retina.png\",\"contentUrl\":\"https:\\\/\\\/fuentesfidedignas.com.mx\\\/wp-content\\\/uploads\\\/2021\\\/04\\\/logo-retina.png\",\"width\":280,\"height\":51,\"caption\":\"Fuentes Fidedignas\"},\"image\":{\"@id\":\"https:\\\/\\\/fuentesfidedignas.com.mx\\\/#\\\/schema\\\/logo\\\/image\\\/\"},\"sameAs\":[\"https:\\\/\\\/www.facebook.com\\\/Fuentes-Fidedignas-368234489921644\",\"https:\\\/\\\/x.com\\\/fidedignas\"]},{\"@type\":\"Person\",\"@id\":\"https:\\\/\\\/fuentesfidedignas.com.mx\\\/#\\\/schema\\\/person\\\/5623d53fe2e579d825b1679734abcc44\",\"name\":\"Forbes\",\"image\":{\"@type\":\"ImageObject\",\"inLanguage\":\"es\",\"@id\":\"https:\\\/\\\/secure.gravatar.com\\\/avatar\\\/87ce3dd4e41e60c22a79c758614f01a6bc2469255fc936ec7b15efb9bb5cb66f?s=96&d=mm&r=g\",\"url\":\"https:\\\/\\\/secure.gravatar.com\\\/avatar\\\/87ce3dd4e41e60c22a79c758614f01a6bc2469255fc936ec7b15efb9bb5cb66f?s=96&d=mm&r=g\",\"contentUrl\":\"https:\\\/\\\/secure.gravatar.com\\\/avatar\\\/87ce3dd4e41e60c22a79c758614f01a6bc2469255fc936ec7b15efb9bb5cb66f?s=96&d=mm&r=g\",\"caption\":\"Forbes\"},\"url\":\"https:\\\/\\\/fuentesfidedignas.com.mx\\\/index.php\\\/author\\\/forbes\\\/\"}]}<\/script>\n<!-- \/ Yoast SEO plugin. -->","yoast_head_json":{"title":"OMS pide proteger a los no vacunados y luego ofrecer refuerzos - Fuentes Fidedignas","robots":{"index":"index","follow":"follow","max-snippet":"max-snippet:-1","max-image-preview":"max-image-preview:large","max-video-preview":"max-video-preview:-1"},"canonical":"https:\/\/fuentesfidedignas.com.mx\/index.php\/2021\/12\/14\/oms-pide-proteger-a-los-no-vacunados-y-luego-ofrecer-refuerzos\/","og_locale":"es_MX","og_type":"article","og_title":"OMS pide proteger a los no vacunados y luego ofrecer refuerzos - Fuentes Fidedignas","og_description":"El director de emergencias de la OMS inst\u00f3 a acelerar la vacunaci\u00f3n de las personas que no han recibido el biol\u00f3gico y despu\u00e9s aplicar refuerzos. Ciudad de M\u00e9xico.- Obtener una ronda inicial de vacunas contra Covid-19 para grupos desprotegidos en todo el mundo deber\u00eda seguir siendo una prioridad principal antes de ofrecer dosis de refuerzo [&hellip;]","og_url":"https:\/\/fuentesfidedignas.com.mx\/index.php\/2021\/12\/14\/oms-pide-proteger-a-los-no-vacunados-y-luego-ofrecer-refuerzos\/","og_site_name":"Fuentes Fidedignas","article_publisher":"https:\/\/www.facebook.com\/Fuentes-Fidedignas-368234489921644","article_published_time":"2021-12-14T15:21:17+00:00","article_modified_time":"2021-12-14T15:21:19+00:00","og_image":[{"width":640,"height":360,"url":"https:\/\/fuentesfidedignas.com.mx\/wp-content\/uploads\/2021\/12\/vacuna-covid-1-640x360-1.jpg","type":"image\/jpeg"}],"author":"Forbes","twitter_card":"summary_large_image","twitter_creator":"@fidedignas","twitter_site":"@fidedignas","twitter_misc":{"Escrito por":"Forbes","Tiempo de lectura":"1 minuto"},"schema":{"@context":"https:\/\/schema.org","@graph":[{"@type":"Article","@id":"https:\/\/fuentesfidedignas.com.mx\/index.php\/2021\/12\/14\/oms-pide-proteger-a-los-no-vacunados-y-luego-ofrecer-refuerzos\/#article","isPartOf":{"@id":"https:\/\/fuentesfidedignas.com.mx\/index.php\/2021\/12\/14\/oms-pide-proteger-a-los-no-vacunados-y-luego-ofrecer-refuerzos\/"},"author":{"name":"Forbes","@id":"https:\/\/fuentesfidedignas.com.mx\/#\/schema\/person\/5623d53fe2e579d825b1679734abcc44"},"headline":"OMS pide proteger a los no vacunados y luego ofrecer refuerzos","datePublished":"2021-12-14T15:21:17+00:00","dateModified":"2021-12-14T15:21:19+00:00","mainEntityOfPage":{"@id":"https:\/\/fuentesfidedignas.com.mx\/index.php\/2021\/12\/14\/oms-pide-proteger-a-los-no-vacunados-y-luego-ofrecer-refuerzos\/"},"wordCount":197,"commentCount":0,"publisher":{"@id":"https:\/\/fuentesfidedignas.com.mx\/#organization"},"image":{"@id":"https:\/\/fuentesfidedignas.com.mx\/index.php\/2021\/12\/14\/oms-pide-proteger-a-los-no-vacunados-y-luego-ofrecer-refuerzos\/#primaryimage"},"thumbnailUrl":"https:\/\/fuentesfidedignas.com.mx\/wp-content\/uploads\/2021\/12\/vacuna-covid-1-640x360-1.jpg","keywords":["OMS","Organizaci\u00f3n Mundial de la Salud","Vacuna anticovid"],"articleSection":["NOTICIAS NACIONALES"],"inLanguage":"es","potentialAction":[{"@type":"CommentAction","name":"Comment","target":["https:\/\/fuentesfidedignas.com.mx\/index.php\/2021\/12\/14\/oms-pide-proteger-a-los-no-vacunados-y-luego-ofrecer-refuerzos\/#respond"]}]},{"@type":"WebPage","@id":"https:\/\/fuentesfidedignas.com.mx\/index.php\/2021\/12\/14\/oms-pide-proteger-a-los-no-vacunados-y-luego-ofrecer-refuerzos\/","url":"https:\/\/fuentesfidedignas.com.mx\/index.php\/2021\/12\/14\/oms-pide-proteger-a-los-no-vacunados-y-luego-ofrecer-refuerzos\/","name":"OMS pide proteger a los no vacunados y luego ofrecer refuerzos - Fuentes Fidedignas","isPartOf":{"@id":"https:\/\/fuentesfidedignas.com.mx\/#website"},"primaryImageOfPage":{"@id":"https:\/\/fuentesfidedignas.com.mx\/index.php\/2021\/12\/14\/oms-pide-proteger-a-los-no-vacunados-y-luego-ofrecer-refuerzos\/#primaryimage"},"image":{"@id":"https:\/\/fuentesfidedignas.com.mx\/index.php\/2021\/12\/14\/oms-pide-proteger-a-los-no-vacunados-y-luego-ofrecer-refuerzos\/#primaryimage"},"thumbnailUrl":"https:\/\/fuentesfidedignas.com.mx\/wp-content\/uploads\/2021\/12\/vacuna-covid-1-640x360-1.jpg","datePublished":"2021-12-14T15:21:17+00:00","dateModified":"2021-12-14T15:21:19+00:00","breadcrumb":{"@id":"https:\/\/fuentesfidedignas.com.mx\/index.php\/2021\/12\/14\/oms-pide-proteger-a-los-no-vacunados-y-luego-ofrecer-refuerzos\/#breadcrumb"},"inLanguage":"es","potentialAction":[{"@type":"ReadAction","target":["https:\/\/fuentesfidedignas.com.mx\/index.php\/2021\/12\/14\/oms-pide-proteger-a-los-no-vacunados-y-luego-ofrecer-refuerzos\/"]}]},{"@type":"ImageObject","inLanguage":"es","@id":"https:\/\/fuentesfidedignas.com.mx\/index.php\/2021\/12\/14\/oms-pide-proteger-a-los-no-vacunados-y-luego-ofrecer-refuerzos\/#primaryimage","url":"https:\/\/fuentesfidedignas.com.mx\/wp-content\/uploads\/2021\/12\/vacuna-covid-1-640x360-1.jpg","contentUrl":"https:\/\/fuentesfidedignas.com.mx\/wp-content\/uploads\/2021\/12\/vacuna-covid-1-640x360-1.jpg","width":640,"height":360},{"@type":"BreadcrumbList","@id":"https:\/\/fuentesfidedignas.com.mx\/index.php\/2021\/12\/14\/oms-pide-proteger-a-los-no-vacunados-y-luego-ofrecer-refuerzos\/#breadcrumb","itemListElement":[{"@type":"ListItem","position":1,"name":"Inicio","item":"https:\/\/fuentesfidedignas.com.mx\/"},{"@type":"ListItem","position":2,"name":"OMS pide proteger a los no vacunados y luego ofrecer refuerzos"}]},{"@type":"WebSite","@id":"https:\/\/fuentesfidedignas.com.mx\/#website","url":"https:\/\/fuentesfidedignas.com.mx\/","name":"Fuentes Fidedignas","description":"Otro sitio realizado con WordPress","publisher":{"@id":"https:\/\/fuentesfidedignas.com.mx\/#organization"},"potentialAction":[{"@type":"SearchAction","target":{"@type":"EntryPoint","urlTemplate":"https:\/\/fuentesfidedignas.com.mx\/?s={search_term_string}"},"query-input":{"@type":"PropertyValueSpecification","valueRequired":true,"valueName":"search_term_string"}}],"inLanguage":"es"},{"@type":"Organization","@id":"https:\/\/fuentesfidedignas.com.mx\/#organization","name":"Fuentes Fidedignas","url":"https:\/\/fuentesfidedignas.com.mx\/","logo":{"@type":"ImageObject","inLanguage":"es","@id":"https:\/\/fuentesfidedignas.com.mx\/#\/schema\/logo\/image\/","url":"https:\/\/fuentesfidedignas.com.mx\/wp-content\/uploads\/2021\/04\/logo-retina.png","contentUrl":"https:\/\/fuentesfidedignas.com.mx\/wp-content\/uploads\/2021\/04\/logo-retina.png","width":280,"height":51,"caption":"Fuentes Fidedignas"},"image":{"@id":"https:\/\/fuentesfidedignas.com.mx\/#\/schema\/logo\/image\/"},"sameAs":["https:\/\/www.facebook.com\/Fuentes-Fidedignas-368234489921644","https:\/\/x.com\/fidedignas"]},{"@type":"Person","@id":"https:\/\/fuentesfidedignas.com.mx\/#\/schema\/person\/5623d53fe2e579d825b1679734abcc44","name":"Forbes","image":{"@type":"ImageObject","inLanguage":"es","@id":"https:\/\/secure.gravatar.com\/avatar\/87ce3dd4e41e60c22a79c758614f01a6bc2469255fc936ec7b15efb9bb5cb66f?s=96&d=mm&r=g","url":"https:\/\/secure.gravatar.com\/avatar\/87ce3dd4e41e60c22a79c758614f01a6bc2469255fc936ec7b15efb9bb5cb66f?s=96&d=mm&r=g","contentUrl":"https:\/\/secure.gravatar.com\/avatar\/87ce3dd4e41e60c22a79c758614f01a6bc2469255fc936ec7b15efb9bb5cb66f?s=96&d=mm&r=g","caption":"Forbes"},"url":"https:\/\/fuentesfidedignas.com.mx\/index.php\/author\/forbes\/"}]}},"_links":{"self":[{"href":"https:\/\/fuentesfidedignas.com.mx\/index.php\/wp-json\/wp\/v2\/posts\/19825","targetHints":{"allow":["GET"]}}],"collection":[{"href":"https:\/\/fuentesfidedignas.com.mx\/index.php\/wp-json\/wp\/v2\/posts"}],"about":[{"href":"https:\/\/fuentesfidedignas.com.mx\/index.php\/wp-json\/wp\/v2\/types\/post"}],"author":[{"embeddable":true,"href":"https:\/\/fuentesfidedignas.com.mx\/index.php\/wp-json\/wp\/v2\/users\/5"}],"replies":[{"embeddable":true,"href":"https:\/\/fuentesfidedignas.com.mx\/index.php\/wp-json\/wp\/v2\/comments?post=19825"}],"version-history":[{"count":1,"href":"https:\/\/fuentesfidedignas.com.mx\/index.php\/wp-json\/wp\/v2\/posts\/19825\/revisions"}],"predecessor-version":[{"id":19827,"href":"https:\/\/fuentesfidedignas.com.mx\/index.php\/wp-json\/wp\/v2\/posts\/19825\/revisions\/19827"}],"wp:featuredmedia":[{"embeddable":true,"href":"https:\/\/fuentesfidedignas.com.mx\/index.php\/wp-json\/wp\/v2\/media\/19826"}],"wp:attachment":[{"href":"https:\/\/fuentesfidedignas.com.mx\/index.php\/wp-json\/wp\/v2\/media?parent=19825"}],"wp:term":[{"taxonomy":"category","embeddable":true,"href":"https:\/\/fuentesfidedignas.com.mx\/index.php\/wp-json\/wp\/v2\/categories?post=19825"},{"taxonomy":"post_tag","embeddable":true,"href":"https:\/\/fuentesfidedignas.com.mx\/index.php\/wp-json\/wp\/v2\/tags?post=19825"}],"curies":[{"name":"wp","href":"https:\/\/api.w.org\/{rel}","templated":true}]}}