{"id":19817,"date":"2021-12-14T07:25:08","date_gmt":"2021-12-14T14:25:08","guid":{"rendered":"https:\/\/fuentesfidedignas.com.mx\/?p=19817"},"modified":"2021-12-14T07:27:25","modified_gmt":"2021-12-14T14:27:25","slug":"refuerzo-de-vacuna-covid-siempre-si-se-necesitara-registro-previo-dice-lopez-gatell","status":"publish","type":"post","link":"https:\/\/fuentesfidedignas.com.mx\/index.php\/2021\/12\/14\/refuerzo-de-vacuna-covid-siempre-si-se-necesitara-registro-previo-dice-lopez-gatell\/","title":{"rendered":"Refuerzo de vacuna Covid: \u2018Siempre s\u00ed\u2019 se necesitar\u00e1 registro previo, dice L\u00f3pez-Gatell"},"content":{"rendered":"\n<p><strong><em>Los adultos mayores deber\u00e1n registrarse antes de acudir por refuerzo de vacuna COVID.<\/em><\/strong><\/p>\n\n\n\n<p>Ciudad de M\u00e9xico.- Los adultos mayores de 60 a\u00f1os y m\u00e1s necesitan obtener su comprobante de registro previo a la vacunaci\u00f3n de refuerzo contra el COVID-19.<\/p>\n\n\n\n<p>A pesar de haber admitido que la dosis de refuerzo se aplicar\u00eda sin condiciones, el subsecretario de Salud, Hugo L\u00f3pez-Gatell, aclar\u00f3 que el registro previo es necesario para agilizar los procesos de registro de vacunaci\u00f3n.<\/p>\n\n\n\n<p>\u201cCuando anunciamos la dosis de refuerzo, indicamos que no se necesitar\u00eda registro previo sin embargo hemos identificado que es conveniente el registro previo para facilitar los procesos de registro\u201d, coment\u00f3 durante la conferencia de prensa desde Palacio Nacional.<\/p>\n\n\n\n<figure class=\"wp-block-embed is-type-rich is-provider-twitter wp-block-embed-twitter\"><div class=\"wp-block-embed__wrapper\">\n<blockquote class=\"twitter-tweet\" data-width=\"550\" data-dnt=\"true\"><p lang=\"es\" dir=\"ltr\">A pesar de que en d\u00edas previos se notific\u00f3 que no era necesario hacer un registro previo para recibir la vacuna de refuerzo contra COVID-19, el subsecretario de Salud, <a href=\"https:\/\/twitter.com\/HLGatell?ref_src=twsrc%5Etfw\">@HLGatell<\/a>, aclar\u00f3 en la &#39;ma\u00f1anera&#39; que s\u00ed ser\u00e1 conveniente hacerlo para agilizar el proceso. <a href=\"https:\/\/t.co\/YZ78WsBnbF\">pic.twitter.com\/YZ78WsBnbF<\/a><\/p>&mdash; El Financiero TV (@ElFinancieroTv) <a href=\"https:\/\/twitter.com\/ElFinancieroTv\/status\/1470745000916832258?ref_src=twsrc%5Etfw\">December 14, 2021<\/a><\/blockquote><script async src=\"https:\/\/platform.twitter.com\/widgets.js\" charset=\"utf-8\"><\/script>\n<\/div><\/figure>\n\n\n\n<p>El funcionario de salud coment\u00f3 que el registro en el portal de <a href=\"https:\/\/mivacuna.salud.gob.mx\/index.php\">mivacuna<\/a> reducir\u00e1 el tiempo de espera para recibir la dosis de refuerzo.<\/p>\n\n\n\n<p>\u201cPara las personas adultas mayores no queremos que est\u00e9n mucho tiempo en espera en los centros de vacunaci\u00f3n entonces si ya llegan con su papeleta de vacunaci\u00f3n que ser\u00e1 v\u00e1lida como comprobante de vacunaci\u00f3n ya es mucho mas f\u00e1cil, ya solo se agrega el lote y la fecha y ya tienen su comprobante\u201d, agreg\u00f3.<\/p>\n\n\n\n<p>En el portal mi <a href=\"https:\/\/mivacuna.salud.gob.mx\/index.php\">vacuna.salud.gob.mx<\/a>., solo se requiere ingresar el CURP, fecha de la ultima dosis y datos del domicilio. La papeleta obtenida ser\u00e1 v\u00e1lida como comprobante una vez que en los centros de vacunaci\u00f3n se agreguen los datos de la inmunizaci\u00f3n.<\/p>\n\n\n\n<p>De acuerdo con informaci\u00f3n del mandatario, esta semana los contagios por COVID-19 tuvieron una reducci\u00f3n del menos 6 por ciento por lo que M\u00e9xico se encuentra en una fase de estabilidad de transmisi\u00f3n.<\/p>\n\n\n\n<p>Las unidades COVID se siguen vaciando porque las hospitalizaciones se han ido reduciendo: hay menos pacientes nuevos y menos pacientes que salen de recuperaci\u00f3n.<\/p>\n\n\n\n<p>Alrededor del 87 por ciento de la poblaci\u00f3n mayor de 18 a\u00f1os en el pa\u00eds est\u00e1 vacunada y se est\u00e1n sumando los adolescentes de 15 a 17 a\u00f1os con comorbilidades y las comunidades alejadas como las de Chiapas, de acuerdo con Gatell.<\/p>\n","protected":false},"excerpt":{"rendered":"<p>Los adultos mayores deber\u00e1n registrarse antes de acudir por refuerzo de vacuna COVID. Ciudad de M\u00e9xico.- Los adultos mayores de 60 a\u00f1os y m\u00e1s necesitan obtener su comprobante de registro previo a la vacunaci\u00f3n de refuerzo contra el COVID-19. A pesar de haber admitido que la dosis de refuerzo se aplicar\u00eda sin condiciones, el subsecretario [&hellip;]<\/p>\n","protected":false},"author":21,"featured_media":19818,"comment_status":"open","ping_status":"open","sticky":false,"template":"","format":"standard","meta":{"tdm_status":"","tdm_grid_status":"","footnotes":""},"categories":[37],"tags":[332,59,296,407],"class_list":{"0":"post-19817","1":"post","2":"type-post","3":"status-publish","4":"format-standard","5":"has-post-thumbnail","7":"category-nota-principal","8":"tag-coronavirus","9":"tag-covid-19","10":"tag-hugo-lopez-gatell","11":"tag-vacuna-anticovid"},"yoast_head":"<!-- This site is optimized with the Yoast SEO plugin v27.5 - https:\/\/yoast.com\/product\/yoast-seo-wordpress\/ -->\n<title>Refuerzo de vacuna Covid: \u2018Siempre s\u00ed\u2019 se necesitar\u00e1 registro previo, dice L\u00f3pez-Gatell - Fuentes Fidedignas<\/title>\n<meta name=\"robots\" content=\"index, follow, max-snippet:-1, max-image-preview:large, max-video-preview:-1\" \/>\n<link rel=\"canonical\" href=\"https:\/\/fuentesfidedignas.com.mx\/index.php\/2021\/12\/14\/refuerzo-de-vacuna-covid-siempre-si-se-necesitara-registro-previo-dice-lopez-gatell\/\" \/>\n<meta property=\"og:locale\" content=\"es_MX\" \/>\n<meta property=\"og:type\" content=\"article\" \/>\n<meta property=\"og:title\" content=\"Refuerzo de vacuna Covid: \u2018Siempre s\u00ed\u2019 se necesitar\u00e1 registro previo, dice L\u00f3pez-Gatell - Fuentes Fidedignas\" \/>\n<meta property=\"og:description\" content=\"Los adultos mayores deber\u00e1n registrarse antes de acudir por refuerzo de vacuna COVID. Ciudad de M\u00e9xico.- Los adultos mayores de 60 a\u00f1os y m\u00e1s necesitan obtener su comprobante de registro previo a la vacunaci\u00f3n de refuerzo contra el COVID-19. A pesar de haber admitido que la dosis de refuerzo se aplicar\u00eda sin condiciones, el subsecretario [&hellip;]\" \/>\n<meta property=\"og:url\" content=\"https:\/\/fuentesfidedignas.com.mx\/index.php\/2021\/12\/14\/refuerzo-de-vacuna-covid-siempre-si-se-necesitara-registro-previo-dice-lopez-gatell\/\" \/>\n<meta property=\"og:site_name\" content=\"Fuentes Fidedignas\" \/>\n<meta property=\"article:publisher\" content=\"https:\/\/www.facebook.com\/Fuentes-Fidedignas-368234489921644\" \/>\n<meta property=\"article:published_time\" content=\"2021-12-14T14:25:08+00:00\" \/>\n<meta property=\"article:modified_time\" content=\"2021-12-14T14:27:25+00:00\" \/>\n<meta property=\"og:image\" content=\"https:\/\/fuentesfidedignas.com.mx\/wp-content\/uploads\/2021\/12\/REFUERZO_GATELL.jpeg\" \/>\n\t<meta property=\"og:image:width\" content=\"800\" \/>\n\t<meta property=\"og:image:height\" content=\"533\" \/>\n\t<meta property=\"og:image:type\" content=\"image\/jpeg\" \/>\n<meta name=\"author\" content=\"El Financiero\" \/>\n<meta name=\"twitter:card\" content=\"summary_large_image\" \/>\n<meta name=\"twitter:creator\" content=\"@fidedignas\" \/>\n<meta name=\"twitter:site\" content=\"@fidedignas\" \/>\n<meta name=\"twitter:label1\" content=\"Escrito por\" \/>\n\t<meta name=\"twitter:data1\" content=\"El Financiero\" \/>\n\t<meta name=\"twitter:label2\" content=\"Tiempo de lectura\" \/>\n\t<meta name=\"twitter:data2\" content=\"2 minutos\" \/>\n<script type=\"application\/ld+json\" class=\"yoast-schema-graph\">{\"@context\":\"https:\\\/\\\/schema.org\",\"@graph\":[{\"@type\":\"Article\",\"@id\":\"https:\\\/\\\/fuentesfidedignas.com.mx\\\/index.php\\\/2021\\\/12\\\/14\\\/refuerzo-de-vacuna-covid-siempre-si-se-necesitara-registro-previo-dice-lopez-gatell\\\/#article\",\"isPartOf\":{\"@id\":\"https:\\\/\\\/fuentesfidedignas.com.mx\\\/index.php\\\/2021\\\/12\\\/14\\\/refuerzo-de-vacuna-covid-siempre-si-se-necesitara-registro-previo-dice-lopez-gatell\\\/\"},\"author\":{\"name\":\"El Financiero\",\"@id\":\"https:\\\/\\\/fuentesfidedignas.com.mx\\\/#\\\/schema\\\/person\\\/494f7e0dce8dfaaec5b64f16615b78e9\"},\"headline\":\"Refuerzo de vacuna Covid: \u2018Siempre s\u00ed\u2019 se necesitar\u00e1 registro previo, dice L\u00f3pez-Gatell\",\"datePublished\":\"2021-12-14T14:25:08+00:00\",\"dateModified\":\"2021-12-14T14:27:25+00:00\",\"mainEntityOfPage\":{\"@id\":\"https:\\\/\\\/fuentesfidedignas.com.mx\\\/index.php\\\/2021\\\/12\\\/14\\\/refuerzo-de-vacuna-covid-siempre-si-se-necesitara-registro-previo-dice-lopez-gatell\\\/\"},\"wordCount\":375,\"commentCount\":0,\"publisher\":{\"@id\":\"https:\\\/\\\/fuentesfidedignas.com.mx\\\/#organization\"},\"image\":{\"@id\":\"https:\\\/\\\/fuentesfidedignas.com.mx\\\/index.php\\\/2021\\\/12\\\/14\\\/refuerzo-de-vacuna-covid-siempre-si-se-necesitara-registro-previo-dice-lopez-gatell\\\/#primaryimage\"},\"thumbnailUrl\":\"https:\\\/\\\/fuentesfidedignas.com.mx\\\/wp-content\\\/uploads\\\/2021\\\/12\\\/REFUERZO_GATELL.jpeg\",\"keywords\":[\"Coronavirus\",\"Covid-19\",\"Hugo L\u00f3pez-Gatell\",\"Vacuna anticovid\"],\"articleSection\":[\"NOTA PRINCIPAL\"],\"inLanguage\":\"es\",\"potentialAction\":[{\"@type\":\"CommentAction\",\"name\":\"Comment\",\"target\":[\"https:\\\/\\\/fuentesfidedignas.com.mx\\\/index.php\\\/2021\\\/12\\\/14\\\/refuerzo-de-vacuna-covid-siempre-si-se-necesitara-registro-previo-dice-lopez-gatell\\\/#respond\"]}]},{\"@type\":\"WebPage\",\"@id\":\"https:\\\/\\\/fuentesfidedignas.com.mx\\\/index.php\\\/2021\\\/12\\\/14\\\/refuerzo-de-vacuna-covid-siempre-si-se-necesitara-registro-previo-dice-lopez-gatell\\\/\",\"url\":\"https:\\\/\\\/fuentesfidedignas.com.mx\\\/index.php\\\/2021\\\/12\\\/14\\\/refuerzo-de-vacuna-covid-siempre-si-se-necesitara-registro-previo-dice-lopez-gatell\\\/\",\"name\":\"Refuerzo de vacuna Covid: \u2018Siempre s\u00ed\u2019 se necesitar\u00e1 registro previo, dice L\u00f3pez-Gatell - Fuentes Fidedignas\",\"isPartOf\":{\"@id\":\"https:\\\/\\\/fuentesfidedignas.com.mx\\\/#website\"},\"primaryImageOfPage\":{\"@id\":\"https:\\\/\\\/fuentesfidedignas.com.mx\\\/index.php\\\/2021\\\/12\\\/14\\\/refuerzo-de-vacuna-covid-siempre-si-se-necesitara-registro-previo-dice-lopez-gatell\\\/#primaryimage\"},\"image\":{\"@id\":\"https:\\\/\\\/fuentesfidedignas.com.mx\\\/index.php\\\/2021\\\/12\\\/14\\\/refuerzo-de-vacuna-covid-siempre-si-se-necesitara-registro-previo-dice-lopez-gatell\\\/#primaryimage\"},\"thumbnailUrl\":\"https:\\\/\\\/fuentesfidedignas.com.mx\\\/wp-content\\\/uploads\\\/2021\\\/12\\\/REFUERZO_GATELL.jpeg\",\"datePublished\":\"2021-12-14T14:25:08+00:00\",\"dateModified\":\"2021-12-14T14:27:25+00:00\",\"breadcrumb\":{\"@id\":\"https:\\\/\\\/fuentesfidedignas.com.mx\\\/index.php\\\/2021\\\/12\\\/14\\\/refuerzo-de-vacuna-covid-siempre-si-se-necesitara-registro-previo-dice-lopez-gatell\\\/#breadcrumb\"},\"inLanguage\":\"es\",\"potentialAction\":[{\"@type\":\"ReadAction\",\"target\":[\"https:\\\/\\\/fuentesfidedignas.com.mx\\\/index.php\\\/2021\\\/12\\\/14\\\/refuerzo-de-vacuna-covid-siempre-si-se-necesitara-registro-previo-dice-lopez-gatell\\\/\"]}]},{\"@type\":\"ImageObject\",\"inLanguage\":\"es\",\"@id\":\"https:\\\/\\\/fuentesfidedignas.com.mx\\\/index.php\\\/2021\\\/12\\\/14\\\/refuerzo-de-vacuna-covid-siempre-si-se-necesitara-registro-previo-dice-lopez-gatell\\\/#primaryimage\",\"url\":\"https:\\\/\\\/fuentesfidedignas.com.mx\\\/wp-content\\\/uploads\\\/2021\\\/12\\\/REFUERZO_GATELL.jpeg\",\"contentUrl\":\"https:\\\/\\\/fuentesfidedignas.com.mx\\\/wp-content\\\/uploads\\\/2021\\\/12\\\/REFUERZO_GATELL.jpeg\",\"width\":800,\"height\":533},{\"@type\":\"BreadcrumbList\",\"@id\":\"https:\\\/\\\/fuentesfidedignas.com.mx\\\/index.php\\\/2021\\\/12\\\/14\\\/refuerzo-de-vacuna-covid-siempre-si-se-necesitara-registro-previo-dice-lopez-gatell\\\/#breadcrumb\",\"itemListElement\":[{\"@type\":\"ListItem\",\"position\":1,\"name\":\"Inicio\",\"item\":\"https:\\\/\\\/fuentesfidedignas.com.mx\\\/\"},{\"@type\":\"ListItem\",\"position\":2,\"name\":\"Refuerzo de vacuna Covid: \u2018Siempre s\u00ed\u2019 se necesitar\u00e1 registro previo, dice L\u00f3pez-Gatell\"}]},{\"@type\":\"WebSite\",\"@id\":\"https:\\\/\\\/fuentesfidedignas.com.mx\\\/#website\",\"url\":\"https:\\\/\\\/fuentesfidedignas.com.mx\\\/\",\"name\":\"Fuentes Fidedignas\",\"description\":\"Otro sitio realizado con WordPress\",\"publisher\":{\"@id\":\"https:\\\/\\\/fuentesfidedignas.com.mx\\\/#organization\"},\"potentialAction\":[{\"@type\":\"SearchAction\",\"target\":{\"@type\":\"EntryPoint\",\"urlTemplate\":\"https:\\\/\\\/fuentesfidedignas.com.mx\\\/?s={search_term_string}\"},\"query-input\":{\"@type\":\"PropertyValueSpecification\",\"valueRequired\":true,\"valueName\":\"search_term_string\"}}],\"inLanguage\":\"es\"},{\"@type\":\"Organization\",\"@id\":\"https:\\\/\\\/fuentesfidedignas.com.mx\\\/#organization\",\"name\":\"Fuentes Fidedignas\",\"url\":\"https:\\\/\\\/fuentesfidedignas.com.mx\\\/\",\"logo\":{\"@type\":\"ImageObject\",\"inLanguage\":\"es\",\"@id\":\"https:\\\/\\\/fuentesfidedignas.com.mx\\\/#\\\/schema\\\/logo\\\/image\\\/\",\"url\":\"https:\\\/\\\/fuentesfidedignas.com.mx\\\/wp-content\\\/uploads\\\/2021\\\/04\\\/logo-retina.png\",\"contentUrl\":\"https:\\\/\\\/fuentesfidedignas.com.mx\\\/wp-content\\\/uploads\\\/2021\\\/04\\\/logo-retina.png\",\"width\":280,\"height\":51,\"caption\":\"Fuentes Fidedignas\"},\"image\":{\"@id\":\"https:\\\/\\\/fuentesfidedignas.com.mx\\\/#\\\/schema\\\/logo\\\/image\\\/\"},\"sameAs\":[\"https:\\\/\\\/www.facebook.com\\\/Fuentes-Fidedignas-368234489921644\",\"https:\\\/\\\/x.com\\\/fidedignas\"]},{\"@type\":\"Person\",\"@id\":\"https:\\\/\\\/fuentesfidedignas.com.mx\\\/#\\\/schema\\\/person\\\/494f7e0dce8dfaaec5b64f16615b78e9\",\"name\":\"El Financiero\",\"image\":{\"@type\":\"ImageObject\",\"inLanguage\":\"es\",\"@id\":\"https:\\\/\\\/secure.gravatar.com\\\/avatar\\\/88c0f3f2079389318ef8dd35c22cb997212aa89646e357ba59b318db26ed91a9?s=96&d=mm&r=g\",\"url\":\"https:\\\/\\\/secure.gravatar.com\\\/avatar\\\/88c0f3f2079389318ef8dd35c22cb997212aa89646e357ba59b318db26ed91a9?s=96&d=mm&r=g\",\"contentUrl\":\"https:\\\/\\\/secure.gravatar.com\\\/avatar\\\/88c0f3f2079389318ef8dd35c22cb997212aa89646e357ba59b318db26ed91a9?s=96&d=mm&r=g\",\"caption\":\"El Financiero\"},\"url\":\"https:\\\/\\\/fuentesfidedignas.com.mx\\\/index.php\\\/author\\\/financiero\\\/\"}]}<\/script>\n<!-- \/ Yoast SEO plugin. -->","yoast_head_json":{"title":"Refuerzo de vacuna Covid: \u2018Siempre s\u00ed\u2019 se necesitar\u00e1 registro previo, dice L\u00f3pez-Gatell - Fuentes Fidedignas","robots":{"index":"index","follow":"follow","max-snippet":"max-snippet:-1","max-image-preview":"max-image-preview:large","max-video-preview":"max-video-preview:-1"},"canonical":"https:\/\/fuentesfidedignas.com.mx\/index.php\/2021\/12\/14\/refuerzo-de-vacuna-covid-siempre-si-se-necesitara-registro-previo-dice-lopez-gatell\/","og_locale":"es_MX","og_type":"article","og_title":"Refuerzo de vacuna Covid: \u2018Siempre s\u00ed\u2019 se necesitar\u00e1 registro previo, dice L\u00f3pez-Gatell - Fuentes Fidedignas","og_description":"Los adultos mayores deber\u00e1n registrarse antes de acudir por refuerzo de vacuna COVID. Ciudad de M\u00e9xico.- Los adultos mayores de 60 a\u00f1os y m\u00e1s necesitan obtener su comprobante de registro previo a la vacunaci\u00f3n de refuerzo contra el COVID-19. A pesar de haber admitido que la dosis de refuerzo se aplicar\u00eda sin condiciones, el subsecretario [&hellip;]","og_url":"https:\/\/fuentesfidedignas.com.mx\/index.php\/2021\/12\/14\/refuerzo-de-vacuna-covid-siempre-si-se-necesitara-registro-previo-dice-lopez-gatell\/","og_site_name":"Fuentes Fidedignas","article_publisher":"https:\/\/www.facebook.com\/Fuentes-Fidedignas-368234489921644","article_published_time":"2021-12-14T14:25:08+00:00","article_modified_time":"2021-12-14T14:27:25+00:00","og_image":[{"width":800,"height":533,"url":"https:\/\/fuentesfidedignas.com.mx\/wp-content\/uploads\/2021\/12\/REFUERZO_GATELL.jpeg","type":"image\/jpeg"}],"author":"El Financiero","twitter_card":"summary_large_image","twitter_creator":"@fidedignas","twitter_site":"@fidedignas","twitter_misc":{"Escrito por":"El Financiero","Tiempo de lectura":"2 minutos"},"schema":{"@context":"https:\/\/schema.org","@graph":[{"@type":"Article","@id":"https:\/\/fuentesfidedignas.com.mx\/index.php\/2021\/12\/14\/refuerzo-de-vacuna-covid-siempre-si-se-necesitara-registro-previo-dice-lopez-gatell\/#article","isPartOf":{"@id":"https:\/\/fuentesfidedignas.com.mx\/index.php\/2021\/12\/14\/refuerzo-de-vacuna-covid-siempre-si-se-necesitara-registro-previo-dice-lopez-gatell\/"},"author":{"name":"El Financiero","@id":"https:\/\/fuentesfidedignas.com.mx\/#\/schema\/person\/494f7e0dce8dfaaec5b64f16615b78e9"},"headline":"Refuerzo de vacuna Covid: \u2018Siempre s\u00ed\u2019 se necesitar\u00e1 registro previo, dice L\u00f3pez-Gatell","datePublished":"2021-12-14T14:25:08+00:00","dateModified":"2021-12-14T14:27:25+00:00","mainEntityOfPage":{"@id":"https:\/\/fuentesfidedignas.com.mx\/index.php\/2021\/12\/14\/refuerzo-de-vacuna-covid-siempre-si-se-necesitara-registro-previo-dice-lopez-gatell\/"},"wordCount":375,"commentCount":0,"publisher":{"@id":"https:\/\/fuentesfidedignas.com.mx\/#organization"},"image":{"@id":"https:\/\/fuentesfidedignas.com.mx\/index.php\/2021\/12\/14\/refuerzo-de-vacuna-covid-siempre-si-se-necesitara-registro-previo-dice-lopez-gatell\/#primaryimage"},"thumbnailUrl":"https:\/\/fuentesfidedignas.com.mx\/wp-content\/uploads\/2021\/12\/REFUERZO_GATELL.jpeg","keywords":["Coronavirus","Covid-19","Hugo L\u00f3pez-Gatell","Vacuna anticovid"],"articleSection":["NOTA PRINCIPAL"],"inLanguage":"es","potentialAction":[{"@type":"CommentAction","name":"Comment","target":["https:\/\/fuentesfidedignas.com.mx\/index.php\/2021\/12\/14\/refuerzo-de-vacuna-covid-siempre-si-se-necesitara-registro-previo-dice-lopez-gatell\/#respond"]}]},{"@type":"WebPage","@id":"https:\/\/fuentesfidedignas.com.mx\/index.php\/2021\/12\/14\/refuerzo-de-vacuna-covid-siempre-si-se-necesitara-registro-previo-dice-lopez-gatell\/","url":"https:\/\/fuentesfidedignas.com.mx\/index.php\/2021\/12\/14\/refuerzo-de-vacuna-covid-siempre-si-se-necesitara-registro-previo-dice-lopez-gatell\/","name":"Refuerzo de vacuna Covid: \u2018Siempre s\u00ed\u2019 se necesitar\u00e1 registro previo, dice L\u00f3pez-Gatell - Fuentes Fidedignas","isPartOf":{"@id":"https:\/\/fuentesfidedignas.com.mx\/#website"},"primaryImageOfPage":{"@id":"https:\/\/fuentesfidedignas.com.mx\/index.php\/2021\/12\/14\/refuerzo-de-vacuna-covid-siempre-si-se-necesitara-registro-previo-dice-lopez-gatell\/#primaryimage"},"image":{"@id":"https:\/\/fuentesfidedignas.com.mx\/index.php\/2021\/12\/14\/refuerzo-de-vacuna-covid-siempre-si-se-necesitara-registro-previo-dice-lopez-gatell\/#primaryimage"},"thumbnailUrl":"https:\/\/fuentesfidedignas.com.mx\/wp-content\/uploads\/2021\/12\/REFUERZO_GATELL.jpeg","datePublished":"2021-12-14T14:25:08+00:00","dateModified":"2021-12-14T14:27:25+00:00","breadcrumb":{"@id":"https:\/\/fuentesfidedignas.com.mx\/index.php\/2021\/12\/14\/refuerzo-de-vacuna-covid-siempre-si-se-necesitara-registro-previo-dice-lopez-gatell\/#breadcrumb"},"inLanguage":"es","potentialAction":[{"@type":"ReadAction","target":["https:\/\/fuentesfidedignas.com.mx\/index.php\/2021\/12\/14\/refuerzo-de-vacuna-covid-siempre-si-se-necesitara-registro-previo-dice-lopez-gatell\/"]}]},{"@type":"ImageObject","inLanguage":"es","@id":"https:\/\/fuentesfidedignas.com.mx\/index.php\/2021\/12\/14\/refuerzo-de-vacuna-covid-siempre-si-se-necesitara-registro-previo-dice-lopez-gatell\/#primaryimage","url":"https:\/\/fuentesfidedignas.com.mx\/wp-content\/uploads\/2021\/12\/REFUERZO_GATELL.jpeg","contentUrl":"https:\/\/fuentesfidedignas.com.mx\/wp-content\/uploads\/2021\/12\/REFUERZO_GATELL.jpeg","width":800,"height":533},{"@type":"BreadcrumbList","@id":"https:\/\/fuentesfidedignas.com.mx\/index.php\/2021\/12\/14\/refuerzo-de-vacuna-covid-siempre-si-se-necesitara-registro-previo-dice-lopez-gatell\/#breadcrumb","itemListElement":[{"@type":"ListItem","position":1,"name":"Inicio","item":"https:\/\/fuentesfidedignas.com.mx\/"},{"@type":"ListItem","position":2,"name":"Refuerzo de vacuna Covid: \u2018Siempre s\u00ed\u2019 se necesitar\u00e1 registro previo, dice L\u00f3pez-Gatell"}]},{"@type":"WebSite","@id":"https:\/\/fuentesfidedignas.com.mx\/#website","url":"https:\/\/fuentesfidedignas.com.mx\/","name":"Fuentes Fidedignas","description":"Otro sitio realizado con WordPress","publisher":{"@id":"https:\/\/fuentesfidedignas.com.mx\/#organization"},"potentialAction":[{"@type":"SearchAction","target":{"@type":"EntryPoint","urlTemplate":"https:\/\/fuentesfidedignas.com.mx\/?s={search_term_string}"},"query-input":{"@type":"PropertyValueSpecification","valueRequired":true,"valueName":"search_term_string"}}],"inLanguage":"es"},{"@type":"Organization","@id":"https:\/\/fuentesfidedignas.com.mx\/#organization","name":"Fuentes Fidedignas","url":"https:\/\/fuentesfidedignas.com.mx\/","logo":{"@type":"ImageObject","inLanguage":"es","@id":"https:\/\/fuentesfidedignas.com.mx\/#\/schema\/logo\/image\/","url":"https:\/\/fuentesfidedignas.com.mx\/wp-content\/uploads\/2021\/04\/logo-retina.png","contentUrl":"https:\/\/fuentesfidedignas.com.mx\/wp-content\/uploads\/2021\/04\/logo-retina.png","width":280,"height":51,"caption":"Fuentes Fidedignas"},"image":{"@id":"https:\/\/fuentesfidedignas.com.mx\/#\/schema\/logo\/image\/"},"sameAs":["https:\/\/www.facebook.com\/Fuentes-Fidedignas-368234489921644","https:\/\/x.com\/fidedignas"]},{"@type":"Person","@id":"https:\/\/fuentesfidedignas.com.mx\/#\/schema\/person\/494f7e0dce8dfaaec5b64f16615b78e9","name":"El Financiero","image":{"@type":"ImageObject","inLanguage":"es","@id":"https:\/\/secure.gravatar.com\/avatar\/88c0f3f2079389318ef8dd35c22cb997212aa89646e357ba59b318db26ed91a9?s=96&d=mm&r=g","url":"https:\/\/secure.gravatar.com\/avatar\/88c0f3f2079389318ef8dd35c22cb997212aa89646e357ba59b318db26ed91a9?s=96&d=mm&r=g","contentUrl":"https:\/\/secure.gravatar.com\/avatar\/88c0f3f2079389318ef8dd35c22cb997212aa89646e357ba59b318db26ed91a9?s=96&d=mm&r=g","caption":"El Financiero"},"url":"https:\/\/fuentesfidedignas.com.mx\/index.php\/author\/financiero\/"}]}},"_links":{"self":[{"href":"https:\/\/fuentesfidedignas.com.mx\/index.php\/wp-json\/wp\/v2\/posts\/19817","targetHints":{"allow":["GET"]}}],"collection":[{"href":"https:\/\/fuentesfidedignas.com.mx\/index.php\/wp-json\/wp\/v2\/posts"}],"about":[{"href":"https:\/\/fuentesfidedignas.com.mx\/index.php\/wp-json\/wp\/v2\/types\/post"}],"author":[{"embeddable":true,"href":"https:\/\/fuentesfidedignas.com.mx\/index.php\/wp-json\/wp\/v2\/users\/21"}],"replies":[{"embeddable":true,"href":"https:\/\/fuentesfidedignas.com.mx\/index.php\/wp-json\/wp\/v2\/comments?post=19817"}],"version-history":[{"count":2,"href":"https:\/\/fuentesfidedignas.com.mx\/index.php\/wp-json\/wp\/v2\/posts\/19817\/revisions"}],"predecessor-version":[{"id":19821,"href":"https:\/\/fuentesfidedignas.com.mx\/index.php\/wp-json\/wp\/v2\/posts\/19817\/revisions\/19821"}],"wp:featuredmedia":[{"embeddable":true,"href":"https:\/\/fuentesfidedignas.com.mx\/index.php\/wp-json\/wp\/v2\/media\/19818"}],"wp:attachment":[{"href":"https:\/\/fuentesfidedignas.com.mx\/index.php\/wp-json\/wp\/v2\/media?parent=19817"}],"wp:term":[{"taxonomy":"category","embeddable":true,"href":"https:\/\/fuentesfidedignas.com.mx\/index.php\/wp-json\/wp\/v2\/categories?post=19817"},{"taxonomy":"post_tag","embeddable":true,"href":"https:\/\/fuentesfidedignas.com.mx\/index.php\/wp-json\/wp\/v2\/tags?post=19817"}],"curies":[{"name":"wp","href":"https:\/\/api.w.org\/{rel}","templated":true}]}}