{"id":19781,"date":"2021-12-13T19:34:29","date_gmt":"2021-12-14T02:34:29","guid":{"rendered":"https:\/\/fuentesfidedignas.com.mx\/?p=19781"},"modified":"2021-12-13T19:34:31","modified_gmt":"2021-12-14T02:34:31","slug":"proponen-aumentar-cobertura-de-pension-para-personas-con-discapacidad-hasta-los-64-anos","status":"publish","type":"post","link":"https:\/\/fuentesfidedignas.com.mx\/index.php\/2021\/12\/13\/proponen-aumentar-cobertura-de-pension-para-personas-con-discapacidad-hasta-los-64-anos\/","title":{"rendered":"Proponen aumentar cobertura de Pensi\u00f3n para Personas con Discapacidad hasta los 64 a\u00f1os"},"content":{"rendered":"\n<p><em><strong>Actualmente la Pensi\u00f3n por Discapacidad es para personas de hasta 29 a\u00f1os, pero se busca aumentar la cobertura hasta los 64 a\u00f1os de edad<\/strong><\/em><\/p>\n\n\n\n<p>Ciudad de M\u00e9xico.- La secretaria de Bienestar y Desarrollo Sustentable, Ruth D\u00edaz Gurr\u00eda, en representaci\u00f3n del gobernador del estado, Rub\u00e9n Rocha Moya, particip\u00f3 en la Reuni\u00f3n de Trabajo hacia una Pensi\u00f3n Universal para las Personas con Discapacidad, donde se abord\u00f3 la posibilidad de aumentar la cobertura de este beneficio para personas de hasta 64 a\u00f1os, pues actualmente el apoyo abarca s\u00f3lo hasta los 29 a\u00f1os de edad.<\/p>\n\n\n\n<p>Cabe destacar que el evento estuvieron presentes Javier May Rodr\u00edguez, secretario del Bienestar; Ariadna Montiel Reyes, subsecretaria de dicha dependencia y Carlos Torres Rosas, coordinador de los Programas para el Desarrollo.<\/p>\n\n\n\n<p>El convenio plantea la necesidad de coordinar y aumentar la cobertura de la pensi\u00f3n, lo que implicar\u00eda pasar de los 29 a\u00f1os como edad l\u00edmite, a los 64 a\u00f1os de edad; en la actualidad reciben el apoyo un total de 3 millones 564 mil 546 personas en todo el pa\u00eds, y con este acuerdo se busca llegar a m\u00e1s de 2 millones 615 mil 344 adultos, de entre 30 y 64 a\u00f1os con discapacidad.<\/p>\n\n\n\n<p>En la reuni\u00f3n de trabajo se plante\u00f3 la necesidad de lograr un consenso entre las entidades federativas y el gobierno de M\u00e9xico para que los estados aporten un 50 por ciento y la federaci\u00f3n el otro 50 por ciento, logrando con ello la atenci\u00f3n de las personas con discapacidad de ese rango de edad y lograr con ello la universalidad.<\/p>\n\n\n\n<p>Actualmente, este sector de la poblaci\u00f3n recibe una pensi\u00f3n de 2 mil 700 pesos, pero con la propuesta se espera tambi\u00e9n aumentar el monto total que reciben cada uno de los pensionados.<\/p>\n","protected":false},"excerpt":{"rendered":"<p>Actualmente la Pensi\u00f3n por Discapacidad es para personas de hasta 29 a\u00f1os, pero se busca aumentar la cobertura hasta los 64 a\u00f1os de edad Ciudad de M\u00e9xico.- La secretaria de Bienestar y Desarrollo Sustentable, Ruth D\u00edaz Gurr\u00eda, en representaci\u00f3n del gobernador del estado, Rub\u00e9n Rocha Moya, particip\u00f3 en la Reuni\u00f3n de Trabajo hacia una Pensi\u00f3n [&hellip;]<\/p>\n","protected":false},"author":4,"featured_media":19782,"comment_status":"open","ping_status":"open","sticky":false,"template":"","format":"standard","meta":{"tdm_status":"","tdm_grid_status":"","footnotes":""},"categories":[37],"tags":[],"class_list":{"0":"post-19781","1":"post","2":"type-post","3":"status-publish","4":"format-standard","5":"has-post-thumbnail","7":"category-nota-principal"},"yoast_head":"<!-- This site is optimized with the Yoast SEO plugin v27.5 - https:\/\/yoast.com\/product\/yoast-seo-wordpress\/ -->\n<title>Proponen aumentar cobertura de Pensi\u00f3n para Personas con Discapacidad hasta los 64 a\u00f1os - Fuentes Fidedignas<\/title>\n<meta name=\"robots\" content=\"index, follow, max-snippet:-1, max-image-preview:large, max-video-preview:-1\" \/>\n<link rel=\"canonical\" href=\"https:\/\/fuentesfidedignas.com.mx\/index.php\/2021\/12\/13\/proponen-aumentar-cobertura-de-pension-para-personas-con-discapacidad-hasta-los-64-anos\/\" \/>\n<meta property=\"og:locale\" content=\"es_MX\" \/>\n<meta property=\"og:type\" content=\"article\" \/>\n<meta property=\"og:title\" content=\"Proponen aumentar cobertura de Pensi\u00f3n para Personas con Discapacidad hasta los 64 a\u00f1os - Fuentes Fidedignas\" \/>\n<meta property=\"og:description\" content=\"Actualmente la Pensi\u00f3n por Discapacidad es para personas de hasta 29 a\u00f1os, pero se busca aumentar la cobertura hasta los 64 a\u00f1os de edad Ciudad de M\u00e9xico.- La secretaria de Bienestar y Desarrollo Sustentable, Ruth D\u00edaz Gurr\u00eda, en representaci\u00f3n del gobernador del estado, Rub\u00e9n Rocha Moya, particip\u00f3 en la Reuni\u00f3n de Trabajo hacia una Pensi\u00f3n [&hellip;]\" \/>\n<meta property=\"og:url\" content=\"https:\/\/fuentesfidedignas.com.mx\/index.php\/2021\/12\/13\/proponen-aumentar-cobertura-de-pension-para-personas-con-discapacidad-hasta-los-64-anos\/\" \/>\n<meta property=\"og:site_name\" content=\"Fuentes Fidedignas\" \/>\n<meta property=\"article:publisher\" content=\"https:\/\/www.facebook.com\/Fuentes-Fidedignas-368234489921644\" \/>\n<meta property=\"article:published_time\" content=\"2021-12-14T02:34:29+00:00\" \/>\n<meta property=\"article:modified_time\" content=\"2021-12-14T02:34:31+00:00\" \/>\n<meta property=\"og:image\" content=\"https:\/\/fuentesfidedignas.com.mx\/wp-content\/uploads\/2021\/12\/IMG-20211213-WA0056.jpg\" \/>\n\t<meta property=\"og:image:width\" content=\"1024\" \/>\n\t<meta property=\"og:image:height\" content=\"489\" \/>\n\t<meta property=\"og:image:type\" content=\"image\/jpeg\" \/>\n<meta name=\"author\" content=\"Redacci\u00f3n\" \/>\n<meta name=\"twitter:card\" content=\"summary_large_image\" \/>\n<meta name=\"twitter:creator\" content=\"@fidedignas\" \/>\n<meta name=\"twitter:site\" content=\"@fidedignas\" \/>\n<meta name=\"twitter:label1\" content=\"Escrito por\" \/>\n\t<meta name=\"twitter:data1\" content=\"Redacci\u00f3n\" \/>\n\t<meta name=\"twitter:label2\" content=\"Tiempo de lectura\" \/>\n\t<meta name=\"twitter:data2\" content=\"2 minutos\" \/>\n<script type=\"application\/ld+json\" class=\"yoast-schema-graph\">{\"@context\":\"https:\\\/\\\/schema.org\",\"@graph\":[{\"@type\":\"Article\",\"@id\":\"https:\\\/\\\/fuentesfidedignas.com.mx\\\/index.php\\\/2021\\\/12\\\/13\\\/proponen-aumentar-cobertura-de-pension-para-personas-con-discapacidad-hasta-los-64-anos\\\/#article\",\"isPartOf\":{\"@id\":\"https:\\\/\\\/fuentesfidedignas.com.mx\\\/index.php\\\/2021\\\/12\\\/13\\\/proponen-aumentar-cobertura-de-pension-para-personas-con-discapacidad-hasta-los-64-anos\\\/\"},\"author\":{\"name\":\"Redacci\u00f3n\",\"@id\":\"https:\\\/\\\/fuentesfidedignas.com.mx\\\/#\\\/schema\\\/person\\\/331be9283d37198e2acd5750279085b0\"},\"headline\":\"Proponen aumentar cobertura de Pensi\u00f3n para Personas con Discapacidad hasta los 64 a\u00f1os\",\"datePublished\":\"2021-12-14T02:34:29+00:00\",\"dateModified\":\"2021-12-14T02:34:31+00:00\",\"mainEntityOfPage\":{\"@id\":\"https:\\\/\\\/fuentesfidedignas.com.mx\\\/index.php\\\/2021\\\/12\\\/13\\\/proponen-aumentar-cobertura-de-pension-para-personas-con-discapacidad-hasta-los-64-anos\\\/\"},\"wordCount\":314,\"commentCount\":0,\"publisher\":{\"@id\":\"https:\\\/\\\/fuentesfidedignas.com.mx\\\/#organization\"},\"image\":{\"@id\":\"https:\\\/\\\/fuentesfidedignas.com.mx\\\/index.php\\\/2021\\\/12\\\/13\\\/proponen-aumentar-cobertura-de-pension-para-personas-con-discapacidad-hasta-los-64-anos\\\/#primaryimage\"},\"thumbnailUrl\":\"https:\\\/\\\/fuentesfidedignas.com.mx\\\/wp-content\\\/uploads\\\/2021\\\/12\\\/IMG-20211213-WA0056.jpg\",\"articleSection\":[\"NOTA PRINCIPAL\"],\"inLanguage\":\"es\",\"potentialAction\":[{\"@type\":\"CommentAction\",\"name\":\"Comment\",\"target\":[\"https:\\\/\\\/fuentesfidedignas.com.mx\\\/index.php\\\/2021\\\/12\\\/13\\\/proponen-aumentar-cobertura-de-pension-para-personas-con-discapacidad-hasta-los-64-anos\\\/#respond\"]}]},{\"@type\":\"WebPage\",\"@id\":\"https:\\\/\\\/fuentesfidedignas.com.mx\\\/index.php\\\/2021\\\/12\\\/13\\\/proponen-aumentar-cobertura-de-pension-para-personas-con-discapacidad-hasta-los-64-anos\\\/\",\"url\":\"https:\\\/\\\/fuentesfidedignas.com.mx\\\/index.php\\\/2021\\\/12\\\/13\\\/proponen-aumentar-cobertura-de-pension-para-personas-con-discapacidad-hasta-los-64-anos\\\/\",\"name\":\"Proponen aumentar cobertura de Pensi\u00f3n para Personas con Discapacidad hasta los 64 a\u00f1os - Fuentes Fidedignas\",\"isPartOf\":{\"@id\":\"https:\\\/\\\/fuentesfidedignas.com.mx\\\/#website\"},\"primaryImageOfPage\":{\"@id\":\"https:\\\/\\\/fuentesfidedignas.com.mx\\\/index.php\\\/2021\\\/12\\\/13\\\/proponen-aumentar-cobertura-de-pension-para-personas-con-discapacidad-hasta-los-64-anos\\\/#primaryimage\"},\"image\":{\"@id\":\"https:\\\/\\\/fuentesfidedignas.com.mx\\\/index.php\\\/2021\\\/12\\\/13\\\/proponen-aumentar-cobertura-de-pension-para-personas-con-discapacidad-hasta-los-64-anos\\\/#primaryimage\"},\"thumbnailUrl\":\"https:\\\/\\\/fuentesfidedignas.com.mx\\\/wp-content\\\/uploads\\\/2021\\\/12\\\/IMG-20211213-WA0056.jpg\",\"datePublished\":\"2021-12-14T02:34:29+00:00\",\"dateModified\":\"2021-12-14T02:34:31+00:00\",\"breadcrumb\":{\"@id\":\"https:\\\/\\\/fuentesfidedignas.com.mx\\\/index.php\\\/2021\\\/12\\\/13\\\/proponen-aumentar-cobertura-de-pension-para-personas-con-discapacidad-hasta-los-64-anos\\\/#breadcrumb\"},\"inLanguage\":\"es\",\"potentialAction\":[{\"@type\":\"ReadAction\",\"target\":[\"https:\\\/\\\/fuentesfidedignas.com.mx\\\/index.php\\\/2021\\\/12\\\/13\\\/proponen-aumentar-cobertura-de-pension-para-personas-con-discapacidad-hasta-los-64-anos\\\/\"]}]},{\"@type\":\"ImageObject\",\"inLanguage\":\"es\",\"@id\":\"https:\\\/\\\/fuentesfidedignas.com.mx\\\/index.php\\\/2021\\\/12\\\/13\\\/proponen-aumentar-cobertura-de-pension-para-personas-con-discapacidad-hasta-los-64-anos\\\/#primaryimage\",\"url\":\"https:\\\/\\\/fuentesfidedignas.com.mx\\\/wp-content\\\/uploads\\\/2021\\\/12\\\/IMG-20211213-WA0056.jpg\",\"contentUrl\":\"https:\\\/\\\/fuentesfidedignas.com.mx\\\/wp-content\\\/uploads\\\/2021\\\/12\\\/IMG-20211213-WA0056.jpg\",\"width\":1024,\"height\":489},{\"@type\":\"BreadcrumbList\",\"@id\":\"https:\\\/\\\/fuentesfidedignas.com.mx\\\/index.php\\\/2021\\\/12\\\/13\\\/proponen-aumentar-cobertura-de-pension-para-personas-con-discapacidad-hasta-los-64-anos\\\/#breadcrumb\",\"itemListElement\":[{\"@type\":\"ListItem\",\"position\":1,\"name\":\"Inicio\",\"item\":\"https:\\\/\\\/fuentesfidedignas.com.mx\\\/\"},{\"@type\":\"ListItem\",\"position\":2,\"name\":\"Proponen aumentar cobertura de Pensi\u00f3n para Personas con Discapacidad hasta los 64 a\u00f1os\"}]},{\"@type\":\"WebSite\",\"@id\":\"https:\\\/\\\/fuentesfidedignas.com.mx\\\/#website\",\"url\":\"https:\\\/\\\/fuentesfidedignas.com.mx\\\/\",\"name\":\"Fuentes Fidedignas\",\"description\":\"Otro sitio realizado con WordPress\",\"publisher\":{\"@id\":\"https:\\\/\\\/fuentesfidedignas.com.mx\\\/#organization\"},\"potentialAction\":[{\"@type\":\"SearchAction\",\"target\":{\"@type\":\"EntryPoint\",\"urlTemplate\":\"https:\\\/\\\/fuentesfidedignas.com.mx\\\/?s={search_term_string}\"},\"query-input\":{\"@type\":\"PropertyValueSpecification\",\"valueRequired\":true,\"valueName\":\"search_term_string\"}}],\"inLanguage\":\"es\"},{\"@type\":\"Organization\",\"@id\":\"https:\\\/\\\/fuentesfidedignas.com.mx\\\/#organization\",\"name\":\"Fuentes Fidedignas\",\"url\":\"https:\\\/\\\/fuentesfidedignas.com.mx\\\/\",\"logo\":{\"@type\":\"ImageObject\",\"inLanguage\":\"es\",\"@id\":\"https:\\\/\\\/fuentesfidedignas.com.mx\\\/#\\\/schema\\\/logo\\\/image\\\/\",\"url\":\"https:\\\/\\\/fuentesfidedignas.com.mx\\\/wp-content\\\/uploads\\\/2021\\\/04\\\/logo-retina.png\",\"contentUrl\":\"https:\\\/\\\/fuentesfidedignas.com.mx\\\/wp-content\\\/uploads\\\/2021\\\/04\\\/logo-retina.png\",\"width\":280,\"height\":51,\"caption\":\"Fuentes Fidedignas\"},\"image\":{\"@id\":\"https:\\\/\\\/fuentesfidedignas.com.mx\\\/#\\\/schema\\\/logo\\\/image\\\/\"},\"sameAs\":[\"https:\\\/\\\/www.facebook.com\\\/Fuentes-Fidedignas-368234489921644\",\"https:\\\/\\\/x.com\\\/fidedignas\"]},{\"@type\":\"Person\",\"@id\":\"https:\\\/\\\/fuentesfidedignas.com.mx\\\/#\\\/schema\\\/person\\\/331be9283d37198e2acd5750279085b0\",\"name\":\"Redacci\u00f3n\",\"image\":{\"@type\":\"ImageObject\",\"inLanguage\":\"es\",\"@id\":\"https:\\\/\\\/secure.gravatar.com\\\/avatar\\\/f6d8782c11d12b2d4ad3fbb6931aeab5309937a4d6cd2fc9cfaa28a6396a5aec?s=96&d=mm&r=g\",\"url\":\"https:\\\/\\\/secure.gravatar.com\\\/avatar\\\/f6d8782c11d12b2d4ad3fbb6931aeab5309937a4d6cd2fc9cfaa28a6396a5aec?s=96&d=mm&r=g\",\"contentUrl\":\"https:\\\/\\\/secure.gravatar.com\\\/avatar\\\/f6d8782c11d12b2d4ad3fbb6931aeab5309937a4d6cd2fc9cfaa28a6396a5aec?s=96&d=mm&r=g\",\"caption\":\"Redacci\u00f3n\"},\"url\":\"https:\\\/\\\/fuentesfidedignas.com.mx\\\/index.php\\\/author\\\/redaccion\\\/\"}]}<\/script>\n<!-- \/ Yoast SEO plugin. -->","yoast_head_json":{"title":"Proponen aumentar cobertura de Pensi\u00f3n para Personas con Discapacidad hasta los 64 a\u00f1os - Fuentes Fidedignas","robots":{"index":"index","follow":"follow","max-snippet":"max-snippet:-1","max-image-preview":"max-image-preview:large","max-video-preview":"max-video-preview:-1"},"canonical":"https:\/\/fuentesfidedignas.com.mx\/index.php\/2021\/12\/13\/proponen-aumentar-cobertura-de-pension-para-personas-con-discapacidad-hasta-los-64-anos\/","og_locale":"es_MX","og_type":"article","og_title":"Proponen aumentar cobertura de Pensi\u00f3n para Personas con Discapacidad hasta los 64 a\u00f1os - Fuentes Fidedignas","og_description":"Actualmente la Pensi\u00f3n por Discapacidad es para personas de hasta 29 a\u00f1os, pero se busca aumentar la cobertura hasta los 64 a\u00f1os de edad Ciudad de M\u00e9xico.- La secretaria de Bienestar y Desarrollo Sustentable, Ruth D\u00edaz Gurr\u00eda, en representaci\u00f3n del gobernador del estado, Rub\u00e9n Rocha Moya, particip\u00f3 en la Reuni\u00f3n de Trabajo hacia una Pensi\u00f3n [&hellip;]","og_url":"https:\/\/fuentesfidedignas.com.mx\/index.php\/2021\/12\/13\/proponen-aumentar-cobertura-de-pension-para-personas-con-discapacidad-hasta-los-64-anos\/","og_site_name":"Fuentes Fidedignas","article_publisher":"https:\/\/www.facebook.com\/Fuentes-Fidedignas-368234489921644","article_published_time":"2021-12-14T02:34:29+00:00","article_modified_time":"2021-12-14T02:34:31+00:00","og_image":[{"width":1024,"height":489,"url":"https:\/\/fuentesfidedignas.com.mx\/wp-content\/uploads\/2021\/12\/IMG-20211213-WA0056.jpg","type":"image\/jpeg"}],"author":"Redacci\u00f3n","twitter_card":"summary_large_image","twitter_creator":"@fidedignas","twitter_site":"@fidedignas","twitter_misc":{"Escrito por":"Redacci\u00f3n","Tiempo de lectura":"2 minutos"},"schema":{"@context":"https:\/\/schema.org","@graph":[{"@type":"Article","@id":"https:\/\/fuentesfidedignas.com.mx\/index.php\/2021\/12\/13\/proponen-aumentar-cobertura-de-pension-para-personas-con-discapacidad-hasta-los-64-anos\/#article","isPartOf":{"@id":"https:\/\/fuentesfidedignas.com.mx\/index.php\/2021\/12\/13\/proponen-aumentar-cobertura-de-pension-para-personas-con-discapacidad-hasta-los-64-anos\/"},"author":{"name":"Redacci\u00f3n","@id":"https:\/\/fuentesfidedignas.com.mx\/#\/schema\/person\/331be9283d37198e2acd5750279085b0"},"headline":"Proponen aumentar cobertura de Pensi\u00f3n para Personas con Discapacidad hasta los 64 a\u00f1os","datePublished":"2021-12-14T02:34:29+00:00","dateModified":"2021-12-14T02:34:31+00:00","mainEntityOfPage":{"@id":"https:\/\/fuentesfidedignas.com.mx\/index.php\/2021\/12\/13\/proponen-aumentar-cobertura-de-pension-para-personas-con-discapacidad-hasta-los-64-anos\/"},"wordCount":314,"commentCount":0,"publisher":{"@id":"https:\/\/fuentesfidedignas.com.mx\/#organization"},"image":{"@id":"https:\/\/fuentesfidedignas.com.mx\/index.php\/2021\/12\/13\/proponen-aumentar-cobertura-de-pension-para-personas-con-discapacidad-hasta-los-64-anos\/#primaryimage"},"thumbnailUrl":"https:\/\/fuentesfidedignas.com.mx\/wp-content\/uploads\/2021\/12\/IMG-20211213-WA0056.jpg","articleSection":["NOTA PRINCIPAL"],"inLanguage":"es","potentialAction":[{"@type":"CommentAction","name":"Comment","target":["https:\/\/fuentesfidedignas.com.mx\/index.php\/2021\/12\/13\/proponen-aumentar-cobertura-de-pension-para-personas-con-discapacidad-hasta-los-64-anos\/#respond"]}]},{"@type":"WebPage","@id":"https:\/\/fuentesfidedignas.com.mx\/index.php\/2021\/12\/13\/proponen-aumentar-cobertura-de-pension-para-personas-con-discapacidad-hasta-los-64-anos\/","url":"https:\/\/fuentesfidedignas.com.mx\/index.php\/2021\/12\/13\/proponen-aumentar-cobertura-de-pension-para-personas-con-discapacidad-hasta-los-64-anos\/","name":"Proponen aumentar cobertura de Pensi\u00f3n para Personas con Discapacidad hasta los 64 a\u00f1os - Fuentes Fidedignas","isPartOf":{"@id":"https:\/\/fuentesfidedignas.com.mx\/#website"},"primaryImageOfPage":{"@id":"https:\/\/fuentesfidedignas.com.mx\/index.php\/2021\/12\/13\/proponen-aumentar-cobertura-de-pension-para-personas-con-discapacidad-hasta-los-64-anos\/#primaryimage"},"image":{"@id":"https:\/\/fuentesfidedignas.com.mx\/index.php\/2021\/12\/13\/proponen-aumentar-cobertura-de-pension-para-personas-con-discapacidad-hasta-los-64-anos\/#primaryimage"},"thumbnailUrl":"https:\/\/fuentesfidedignas.com.mx\/wp-content\/uploads\/2021\/12\/IMG-20211213-WA0056.jpg","datePublished":"2021-12-14T02:34:29+00:00","dateModified":"2021-12-14T02:34:31+00:00","breadcrumb":{"@id":"https:\/\/fuentesfidedignas.com.mx\/index.php\/2021\/12\/13\/proponen-aumentar-cobertura-de-pension-para-personas-con-discapacidad-hasta-los-64-anos\/#breadcrumb"},"inLanguage":"es","potentialAction":[{"@type":"ReadAction","target":["https:\/\/fuentesfidedignas.com.mx\/index.php\/2021\/12\/13\/proponen-aumentar-cobertura-de-pension-para-personas-con-discapacidad-hasta-los-64-anos\/"]}]},{"@type":"ImageObject","inLanguage":"es","@id":"https:\/\/fuentesfidedignas.com.mx\/index.php\/2021\/12\/13\/proponen-aumentar-cobertura-de-pension-para-personas-con-discapacidad-hasta-los-64-anos\/#primaryimage","url":"https:\/\/fuentesfidedignas.com.mx\/wp-content\/uploads\/2021\/12\/IMG-20211213-WA0056.jpg","contentUrl":"https:\/\/fuentesfidedignas.com.mx\/wp-content\/uploads\/2021\/12\/IMG-20211213-WA0056.jpg","width":1024,"height":489},{"@type":"BreadcrumbList","@id":"https:\/\/fuentesfidedignas.com.mx\/index.php\/2021\/12\/13\/proponen-aumentar-cobertura-de-pension-para-personas-con-discapacidad-hasta-los-64-anos\/#breadcrumb","itemListElement":[{"@type":"ListItem","position":1,"name":"Inicio","item":"https:\/\/fuentesfidedignas.com.mx\/"},{"@type":"ListItem","position":2,"name":"Proponen aumentar cobertura de Pensi\u00f3n para Personas con Discapacidad hasta los 64 a\u00f1os"}]},{"@type":"WebSite","@id":"https:\/\/fuentesfidedignas.com.mx\/#website","url":"https:\/\/fuentesfidedignas.com.mx\/","name":"Fuentes Fidedignas","description":"Otro sitio realizado con WordPress","publisher":{"@id":"https:\/\/fuentesfidedignas.com.mx\/#organization"},"potentialAction":[{"@type":"SearchAction","target":{"@type":"EntryPoint","urlTemplate":"https:\/\/fuentesfidedignas.com.mx\/?s={search_term_string}"},"query-input":{"@type":"PropertyValueSpecification","valueRequired":true,"valueName":"search_term_string"}}],"inLanguage":"es"},{"@type":"Organization","@id":"https:\/\/fuentesfidedignas.com.mx\/#organization","name":"Fuentes Fidedignas","url":"https:\/\/fuentesfidedignas.com.mx\/","logo":{"@type":"ImageObject","inLanguage":"es","@id":"https:\/\/fuentesfidedignas.com.mx\/#\/schema\/logo\/image\/","url":"https:\/\/fuentesfidedignas.com.mx\/wp-content\/uploads\/2021\/04\/logo-retina.png","contentUrl":"https:\/\/fuentesfidedignas.com.mx\/wp-content\/uploads\/2021\/04\/logo-retina.png","width":280,"height":51,"caption":"Fuentes Fidedignas"},"image":{"@id":"https:\/\/fuentesfidedignas.com.mx\/#\/schema\/logo\/image\/"},"sameAs":["https:\/\/www.facebook.com\/Fuentes-Fidedignas-368234489921644","https:\/\/x.com\/fidedignas"]},{"@type":"Person","@id":"https:\/\/fuentesfidedignas.com.mx\/#\/schema\/person\/331be9283d37198e2acd5750279085b0","name":"Redacci\u00f3n","image":{"@type":"ImageObject","inLanguage":"es","@id":"https:\/\/secure.gravatar.com\/avatar\/f6d8782c11d12b2d4ad3fbb6931aeab5309937a4d6cd2fc9cfaa28a6396a5aec?s=96&d=mm&r=g","url":"https:\/\/secure.gravatar.com\/avatar\/f6d8782c11d12b2d4ad3fbb6931aeab5309937a4d6cd2fc9cfaa28a6396a5aec?s=96&d=mm&r=g","contentUrl":"https:\/\/secure.gravatar.com\/avatar\/f6d8782c11d12b2d4ad3fbb6931aeab5309937a4d6cd2fc9cfaa28a6396a5aec?s=96&d=mm&r=g","caption":"Redacci\u00f3n"},"url":"https:\/\/fuentesfidedignas.com.mx\/index.php\/author\/redaccion\/"}]}},"_links":{"self":[{"href":"https:\/\/fuentesfidedignas.com.mx\/index.php\/wp-json\/wp\/v2\/posts\/19781","targetHints":{"allow":["GET"]}}],"collection":[{"href":"https:\/\/fuentesfidedignas.com.mx\/index.php\/wp-json\/wp\/v2\/posts"}],"about":[{"href":"https:\/\/fuentesfidedignas.com.mx\/index.php\/wp-json\/wp\/v2\/types\/post"}],"author":[{"embeddable":true,"href":"https:\/\/fuentesfidedignas.com.mx\/index.php\/wp-json\/wp\/v2\/users\/4"}],"replies":[{"embeddable":true,"href":"https:\/\/fuentesfidedignas.com.mx\/index.php\/wp-json\/wp\/v2\/comments?post=19781"}],"version-history":[{"count":1,"href":"https:\/\/fuentesfidedignas.com.mx\/index.php\/wp-json\/wp\/v2\/posts\/19781\/revisions"}],"predecessor-version":[{"id":19783,"href":"https:\/\/fuentesfidedignas.com.mx\/index.php\/wp-json\/wp\/v2\/posts\/19781\/revisions\/19783"}],"wp:featuredmedia":[{"embeddable":true,"href":"https:\/\/fuentesfidedignas.com.mx\/index.php\/wp-json\/wp\/v2\/media\/19782"}],"wp:attachment":[{"href":"https:\/\/fuentesfidedignas.com.mx\/index.php\/wp-json\/wp\/v2\/media?parent=19781"}],"wp:term":[{"taxonomy":"category","embeddable":true,"href":"https:\/\/fuentesfidedignas.com.mx\/index.php\/wp-json\/wp\/v2\/categories?post=19781"},{"taxonomy":"post_tag","embeddable":true,"href":"https:\/\/fuentesfidedignas.com.mx\/index.php\/wp-json\/wp\/v2\/tags?post=19781"}],"curies":[{"name":"wp","href":"https:\/\/api.w.org\/{rel}","templated":true}]}}