{"id":19740,"date":"2021-12-13T11:57:15","date_gmt":"2021-12-13T18:57:15","guid":{"rendered":"https:\/\/fuentesfidedignas.com.mx\/?p=19740"},"modified":"2021-12-13T11:57:16","modified_gmt":"2021-12-13T18:57:16","slug":"culmina-la-campana-de-activismo-contra-la-violencia-de-genero-en-sinaloa","status":"publish","type":"post","link":"https:\/\/fuentesfidedignas.com.mx\/index.php\/2021\/12\/13\/culmina-la-campana-de-activismo-contra-la-violencia-de-genero-en-sinaloa\/","title":{"rendered":"Culmina la Campa\u00f1a de Activismo contra la Violencia de G\u00e9nero en Sinaloa"},"content":{"rendered":"\n<p><strong><em>La lucha de SEMUJERES es y ser\u00e1 que en Sinaloa no haya ni una menos, ni una m\u00e1s&#8221;: Guerra Ochoa<\/em><\/strong><\/p>\n\n\n\n<p>Culiac\u00e1n, Sin.- Como parte de la Campa\u00f1a Pongamos Fin a la Violencia contra las Mujeres, \u00a1ya!, se desarrollaron centenares de actividades de sensibilizaci\u00f3n, talleres, conferencias, activaciones en calles y colonias; y como hecho destacado se vivi\u00f3 el encendido de luces del Palacio de Gobierno y se instal\u00f3 el Sistema Estatal para Prevenir, Atender, Sancionar y Erradicar la Violencia contra las Mujeres, acciones encabezadas por el gobernador del Estado, con lo que se demuestra el compromiso del mandatario estatal, Rub\u00e9n Rocha Moya con las mujeres, adolescentes y ni\u00f1as.<\/p>\n\n\n\n<p>Dentro de estos 16 d\u00edas, la Secretar\u00eda de las Mujeres que encabeza la Dra. Ma. Teresa Guerra Ochoa firm\u00f3 dos convenios de colaboraci\u00f3n: el primero con la Secretar\u00eda de Econom\u00eda con la finalidad de propiciar espacios y programas que permitan a las mujeres v\u00edctimas de violencia lograr su empoderamiento econ\u00f3mico, y con la Secretar\u00eda de Educaci\u00f3n con el objetivo de capacitarles y sensibilizarles en perspectiva de g\u00e9nero, para que en la elaboraci\u00f3n de sus planes de estudio consideren los valores de igualdad y no discriminaci\u00f3n, evitando con ello los estereotipos y la violencia desde las aulas.<\/p>\n\n\n\n<p>Otro logro en este periodo, fue el establecimiento de la mesa permanente de trabajo con la Fiscal\u00eda del estado, la Secretar\u00eda de Seguridad P\u00fablica y el Supremo Tribunal de Justicia, que sesionar\u00e1 cada 14 d\u00edas para establecer l\u00edneas de acci\u00f3n encaminadas a la prevenci\u00f3n, atenci\u00f3n y procuraci\u00f3n de justicia en delitos cometidos contra las sinaloenses.<\/p>\n\n\n\n<p>Con apoyo de la Secretar\u00eda de Salud, la Secretar\u00eda de Seguridad P\u00fablica, la Secretar\u00eda de Educaci\u00f3n P\u00fablica y Cultura, la Secretar\u00eda de Econom\u00eda e Icatsin se llevaron las Jornadas Comunitarias de Servicios Interinstitucionales a sectores de alta incidencia delictiva contra las mujeres, donde se brind\u00f3 atenci\u00f3n gratuita a mujeres y sus familias: atenci\u00f3n m\u00e9dica, aplicaci\u00f3n de vacunas contra la influenza, mastograf\u00edas, asesor\u00eda legal, atenci\u00f3n psicol\u00f3gica y de trabajo social, asesor\u00edas para emprender negocios propios, cortes de cabello y actividades l\u00fadicas.<\/p>\n\n\n\n<p>Estas primeras Jornadas tuvieron lugar en la colonia CNOP en Culiac\u00e1n y en la Sindicatura de Villa Ju\u00e1rez en Navolato como parte de una estrategia establecida por la Secretar\u00eda de las Mujeres, al ser pol\u00edgonos de inter\u00e9s para la prevenci\u00f3n y atenci\u00f3n inmediata.<\/p>\n\n\n\n<p>Como acto de culminaci\u00f3n de la Campa\u00f1a que inici\u00f3 el pasado 25 de noviembre, la Secretaria de las Mujeres visit\u00f3 el M\u00f3dulo de Mujeres del Centro Penitenciario de Culiac\u00e1n, para apoyar a las mujeres en condici\u00f3n de internamiento. Ah\u00ed la Dra. Guerra Ochoa manifest\u00f3 su agradecimiento a las 18 instancias municipales de las mujeres, todas las secretar\u00edas del gobierno estatal, a las instituciones educativas, asociaciones de la sociedad civil y a cada persona que hizo suyos estos 16 d\u00edas de activismo.<\/p>\n\n\n\n<p>\u201cQuiero agradecer a todas las dependencias que nos apoyaron para estos 16 d\u00edas a favor del respeto pleno de los derechos humanos de las mujeres, decirles que vamos a seguir sumando esfuerzos, uniendo voluntades a efecto de que las sinaloenses vivan una vida libre de violencia. Estos 16 d\u00edas fueron una ense\u00f1anza y un refrendo de compromisos, en ello estuvo involucrado el Gobernador del Estado y varias secretar\u00edas.<\/p>\n\n\n\n<p>Decirles que desde la Secretar\u00eda de las Mujeres seguiremos trabajando a favor de la seguridad y la justicia, a favor del pleno respeto de los derechos humanos de las mujeres. Gracias por apoyarnos, y \u00a1en Sinaloa ni una menos, ni una m\u00e1s!, recalc\u00f3.<\/p>\n","protected":false},"excerpt":{"rendered":"<p>La lucha de SEMUJERES es y ser\u00e1 que en Sinaloa no haya ni una menos, ni una m\u00e1s&#8221;: Guerra Ochoa Culiac\u00e1n, Sin.- Como parte de la Campa\u00f1a Pongamos Fin a la Violencia contra las Mujeres, \u00a1ya!, se desarrollaron centenares de actividades de sensibilizaci\u00f3n, talleres, conferencias, activaciones en calles y colonias; y como hecho destacado se [&hellip;]<\/p>\n","protected":false},"author":4,"featured_media":19741,"comment_status":"open","ping_status":"open","sticky":false,"template":"","format":"standard","meta":{"tdm_status":"","tdm_grid_status":"","footnotes":""},"categories":[37],"tags":[2082,2147,2231],"class_list":{"0":"post-19740","1":"post","2":"type-post","3":"status-publish","4":"format-standard","5":"has-post-thumbnail","7":"category-nota-principal","8":"tag-secretaria-de-las-mujeres","9":"tag-tere-guerra","10":"tag-violencia-de-genero"},"yoast_head":"<!-- This site is optimized with the Yoast SEO plugin v27.4 - https:\/\/yoast.com\/product\/yoast-seo-wordpress\/ -->\n<title>Culmina la Campa\u00f1a de Activismo contra la Violencia de G\u00e9nero en Sinaloa - Fuentes Fidedignas<\/title>\n<meta name=\"robots\" content=\"index, follow, max-snippet:-1, max-image-preview:large, max-video-preview:-1\" \/>\n<link rel=\"canonical\" href=\"https:\/\/fuentesfidedignas.com.mx\/index.php\/2021\/12\/13\/culmina-la-campana-de-activismo-contra-la-violencia-de-genero-en-sinaloa\/\" \/>\n<meta property=\"og:locale\" content=\"es_MX\" \/>\n<meta property=\"og:type\" content=\"article\" \/>\n<meta property=\"og:title\" content=\"Culmina la Campa\u00f1a de Activismo contra la Violencia de G\u00e9nero en Sinaloa - Fuentes Fidedignas\" \/>\n<meta property=\"og:description\" content=\"La lucha de SEMUJERES es y ser\u00e1 que en Sinaloa no haya ni una menos, ni una m\u00e1s&#8221;: Guerra Ochoa Culiac\u00e1n, Sin.- Como parte de la Campa\u00f1a Pongamos Fin a la Violencia contra las Mujeres, \u00a1ya!, se desarrollaron centenares de actividades de sensibilizaci\u00f3n, talleres, conferencias, activaciones en calles y colonias; y como hecho destacado se [&hellip;]\" \/>\n<meta property=\"og:url\" content=\"https:\/\/fuentesfidedignas.com.mx\/index.php\/2021\/12\/13\/culmina-la-campana-de-activismo-contra-la-violencia-de-genero-en-sinaloa\/\" \/>\n<meta property=\"og:site_name\" content=\"Fuentes Fidedignas\" \/>\n<meta property=\"article:publisher\" content=\"https:\/\/www.facebook.com\/Fuentes-Fidedignas-368234489921644\" \/>\n<meta property=\"article:published_time\" content=\"2021-12-13T18:57:15+00:00\" \/>\n<meta property=\"article:modified_time\" content=\"2021-12-13T18:57:16+00:00\" \/>\n<meta property=\"og:image\" content=\"https:\/\/fuentesfidedignas.com.mx\/wp-content\/uploads\/2021\/12\/9196d408-5034-41da-918d-0d52db9b9aad.jpg\" \/>\n\t<meta property=\"og:image:width\" content=\"907\" \/>\n\t<meta property=\"og:image:height\" content=\"596\" \/>\n\t<meta property=\"og:image:type\" content=\"image\/jpeg\" \/>\n<meta name=\"author\" content=\"Redacci\u00f3n\" \/>\n<meta name=\"twitter:card\" content=\"summary_large_image\" \/>\n<meta name=\"twitter:creator\" content=\"@fidedignas\" \/>\n<meta name=\"twitter:site\" content=\"@fidedignas\" \/>\n<meta name=\"twitter:label1\" content=\"Escrito por\" \/>\n\t<meta name=\"twitter:data1\" content=\"Redacci\u00f3n\" \/>\n\t<meta name=\"twitter:label2\" content=\"Tiempo de lectura\" \/>\n\t<meta name=\"twitter:data2\" content=\"3 minutos\" \/>\n<script type=\"application\/ld+json\" class=\"yoast-schema-graph\">{\"@context\":\"https:\\\/\\\/schema.org\",\"@graph\":[{\"@type\":\"Article\",\"@id\":\"https:\\\/\\\/fuentesfidedignas.com.mx\\\/index.php\\\/2021\\\/12\\\/13\\\/culmina-la-campana-de-activismo-contra-la-violencia-de-genero-en-sinaloa\\\/#article\",\"isPartOf\":{\"@id\":\"https:\\\/\\\/fuentesfidedignas.com.mx\\\/index.php\\\/2021\\\/12\\\/13\\\/culmina-la-campana-de-activismo-contra-la-violencia-de-genero-en-sinaloa\\\/\"},\"author\":{\"name\":\"Redacci\u00f3n\",\"@id\":\"https:\\\/\\\/fuentesfidedignas.com.mx\\\/#\\\/schema\\\/person\\\/331be9283d37198e2acd5750279085b0\"},\"headline\":\"Culmina la Campa\u00f1a de Activismo contra la Violencia de G\u00e9nero en Sinaloa\",\"datePublished\":\"2021-12-13T18:57:15+00:00\",\"dateModified\":\"2021-12-13T18:57:16+00:00\",\"mainEntityOfPage\":{\"@id\":\"https:\\\/\\\/fuentesfidedignas.com.mx\\\/index.php\\\/2021\\\/12\\\/13\\\/culmina-la-campana-de-activismo-contra-la-violencia-de-genero-en-sinaloa\\\/\"},\"wordCount\":646,\"commentCount\":0,\"publisher\":{\"@id\":\"https:\\\/\\\/fuentesfidedignas.com.mx\\\/#organization\"},\"image\":{\"@id\":\"https:\\\/\\\/fuentesfidedignas.com.mx\\\/index.php\\\/2021\\\/12\\\/13\\\/culmina-la-campana-de-activismo-contra-la-violencia-de-genero-en-sinaloa\\\/#primaryimage\"},\"thumbnailUrl\":\"https:\\\/\\\/fuentesfidedignas.com.mx\\\/wp-content\\\/uploads\\\/2021\\\/12\\\/9196d408-5034-41da-918d-0d52db9b9aad.jpg\",\"keywords\":[\"Secretar\u00eda de las Mujeres\",\"Tere Guerra\",\"Violencia de G\u00e9nero\"],\"articleSection\":[\"NOTA PRINCIPAL\"],\"inLanguage\":\"es\",\"potentialAction\":[{\"@type\":\"CommentAction\",\"name\":\"Comment\",\"target\":[\"https:\\\/\\\/fuentesfidedignas.com.mx\\\/index.php\\\/2021\\\/12\\\/13\\\/culmina-la-campana-de-activismo-contra-la-violencia-de-genero-en-sinaloa\\\/#respond\"]}]},{\"@type\":\"WebPage\",\"@id\":\"https:\\\/\\\/fuentesfidedignas.com.mx\\\/index.php\\\/2021\\\/12\\\/13\\\/culmina-la-campana-de-activismo-contra-la-violencia-de-genero-en-sinaloa\\\/\",\"url\":\"https:\\\/\\\/fuentesfidedignas.com.mx\\\/index.php\\\/2021\\\/12\\\/13\\\/culmina-la-campana-de-activismo-contra-la-violencia-de-genero-en-sinaloa\\\/\",\"name\":\"Culmina la Campa\u00f1a de Activismo contra la Violencia de G\u00e9nero en Sinaloa - Fuentes Fidedignas\",\"isPartOf\":{\"@id\":\"https:\\\/\\\/fuentesfidedignas.com.mx\\\/#website\"},\"primaryImageOfPage\":{\"@id\":\"https:\\\/\\\/fuentesfidedignas.com.mx\\\/index.php\\\/2021\\\/12\\\/13\\\/culmina-la-campana-de-activismo-contra-la-violencia-de-genero-en-sinaloa\\\/#primaryimage\"},\"image\":{\"@id\":\"https:\\\/\\\/fuentesfidedignas.com.mx\\\/index.php\\\/2021\\\/12\\\/13\\\/culmina-la-campana-de-activismo-contra-la-violencia-de-genero-en-sinaloa\\\/#primaryimage\"},\"thumbnailUrl\":\"https:\\\/\\\/fuentesfidedignas.com.mx\\\/wp-content\\\/uploads\\\/2021\\\/12\\\/9196d408-5034-41da-918d-0d52db9b9aad.jpg\",\"datePublished\":\"2021-12-13T18:57:15+00:00\",\"dateModified\":\"2021-12-13T18:57:16+00:00\",\"breadcrumb\":{\"@id\":\"https:\\\/\\\/fuentesfidedignas.com.mx\\\/index.php\\\/2021\\\/12\\\/13\\\/culmina-la-campana-de-activismo-contra-la-violencia-de-genero-en-sinaloa\\\/#breadcrumb\"},\"inLanguage\":\"es\",\"potentialAction\":[{\"@type\":\"ReadAction\",\"target\":[\"https:\\\/\\\/fuentesfidedignas.com.mx\\\/index.php\\\/2021\\\/12\\\/13\\\/culmina-la-campana-de-activismo-contra-la-violencia-de-genero-en-sinaloa\\\/\"]}]},{\"@type\":\"ImageObject\",\"inLanguage\":\"es\",\"@id\":\"https:\\\/\\\/fuentesfidedignas.com.mx\\\/index.php\\\/2021\\\/12\\\/13\\\/culmina-la-campana-de-activismo-contra-la-violencia-de-genero-en-sinaloa\\\/#primaryimage\",\"url\":\"https:\\\/\\\/fuentesfidedignas.com.mx\\\/wp-content\\\/uploads\\\/2021\\\/12\\\/9196d408-5034-41da-918d-0d52db9b9aad.jpg\",\"contentUrl\":\"https:\\\/\\\/fuentesfidedignas.com.mx\\\/wp-content\\\/uploads\\\/2021\\\/12\\\/9196d408-5034-41da-918d-0d52db9b9aad.jpg\",\"width\":907,\"height\":596},{\"@type\":\"BreadcrumbList\",\"@id\":\"https:\\\/\\\/fuentesfidedignas.com.mx\\\/index.php\\\/2021\\\/12\\\/13\\\/culmina-la-campana-de-activismo-contra-la-violencia-de-genero-en-sinaloa\\\/#breadcrumb\",\"itemListElement\":[{\"@type\":\"ListItem\",\"position\":1,\"name\":\"Inicio\",\"item\":\"https:\\\/\\\/fuentesfidedignas.com.mx\\\/\"},{\"@type\":\"ListItem\",\"position\":2,\"name\":\"Culmina la Campa\u00f1a de Activismo contra la Violencia de G\u00e9nero en Sinaloa\"}]},{\"@type\":\"WebSite\",\"@id\":\"https:\\\/\\\/fuentesfidedignas.com.mx\\\/#website\",\"url\":\"https:\\\/\\\/fuentesfidedignas.com.mx\\\/\",\"name\":\"Fuentes Fidedignas\",\"description\":\"Otro sitio realizado con WordPress\",\"publisher\":{\"@id\":\"https:\\\/\\\/fuentesfidedignas.com.mx\\\/#organization\"},\"potentialAction\":[{\"@type\":\"SearchAction\",\"target\":{\"@type\":\"EntryPoint\",\"urlTemplate\":\"https:\\\/\\\/fuentesfidedignas.com.mx\\\/?s={search_term_string}\"},\"query-input\":{\"@type\":\"PropertyValueSpecification\",\"valueRequired\":true,\"valueName\":\"search_term_string\"}}],\"inLanguage\":\"es\"},{\"@type\":\"Organization\",\"@id\":\"https:\\\/\\\/fuentesfidedignas.com.mx\\\/#organization\",\"name\":\"Fuentes Fidedignas\",\"url\":\"https:\\\/\\\/fuentesfidedignas.com.mx\\\/\",\"logo\":{\"@type\":\"ImageObject\",\"inLanguage\":\"es\",\"@id\":\"https:\\\/\\\/fuentesfidedignas.com.mx\\\/#\\\/schema\\\/logo\\\/image\\\/\",\"url\":\"https:\\\/\\\/fuentesfidedignas.com.mx\\\/wp-content\\\/uploads\\\/2021\\\/04\\\/logo-retina.png\",\"contentUrl\":\"https:\\\/\\\/fuentesfidedignas.com.mx\\\/wp-content\\\/uploads\\\/2021\\\/04\\\/logo-retina.png\",\"width\":280,\"height\":51,\"caption\":\"Fuentes Fidedignas\"},\"image\":{\"@id\":\"https:\\\/\\\/fuentesfidedignas.com.mx\\\/#\\\/schema\\\/logo\\\/image\\\/\"},\"sameAs\":[\"https:\\\/\\\/www.facebook.com\\\/Fuentes-Fidedignas-368234489921644\",\"https:\\\/\\\/x.com\\\/fidedignas\"]},{\"@type\":\"Person\",\"@id\":\"https:\\\/\\\/fuentesfidedignas.com.mx\\\/#\\\/schema\\\/person\\\/331be9283d37198e2acd5750279085b0\",\"name\":\"Redacci\u00f3n\",\"image\":{\"@type\":\"ImageObject\",\"inLanguage\":\"es\",\"@id\":\"https:\\\/\\\/secure.gravatar.com\\\/avatar\\\/f6d8782c11d12b2d4ad3fbb6931aeab5309937a4d6cd2fc9cfaa28a6396a5aec?s=96&d=mm&r=g\",\"url\":\"https:\\\/\\\/secure.gravatar.com\\\/avatar\\\/f6d8782c11d12b2d4ad3fbb6931aeab5309937a4d6cd2fc9cfaa28a6396a5aec?s=96&d=mm&r=g\",\"contentUrl\":\"https:\\\/\\\/secure.gravatar.com\\\/avatar\\\/f6d8782c11d12b2d4ad3fbb6931aeab5309937a4d6cd2fc9cfaa28a6396a5aec?s=96&d=mm&r=g\",\"caption\":\"Redacci\u00f3n\"},\"url\":\"https:\\\/\\\/fuentesfidedignas.com.mx\\\/index.php\\\/author\\\/redaccion\\\/\"}]}<\/script>\n<!-- \/ Yoast SEO plugin. -->","yoast_head_json":{"title":"Culmina la Campa\u00f1a de Activismo contra la Violencia de G\u00e9nero en Sinaloa - Fuentes Fidedignas","robots":{"index":"index","follow":"follow","max-snippet":"max-snippet:-1","max-image-preview":"max-image-preview:large","max-video-preview":"max-video-preview:-1"},"canonical":"https:\/\/fuentesfidedignas.com.mx\/index.php\/2021\/12\/13\/culmina-la-campana-de-activismo-contra-la-violencia-de-genero-en-sinaloa\/","og_locale":"es_MX","og_type":"article","og_title":"Culmina la Campa\u00f1a de Activismo contra la Violencia de G\u00e9nero en Sinaloa - Fuentes Fidedignas","og_description":"La lucha de SEMUJERES es y ser\u00e1 que en Sinaloa no haya ni una menos, ni una m\u00e1s&#8221;: Guerra Ochoa Culiac\u00e1n, Sin.- Como parte de la Campa\u00f1a Pongamos Fin a la Violencia contra las Mujeres, \u00a1ya!, se desarrollaron centenares de actividades de sensibilizaci\u00f3n, talleres, conferencias, activaciones en calles y colonias; y como hecho destacado se [&hellip;]","og_url":"https:\/\/fuentesfidedignas.com.mx\/index.php\/2021\/12\/13\/culmina-la-campana-de-activismo-contra-la-violencia-de-genero-en-sinaloa\/","og_site_name":"Fuentes Fidedignas","article_publisher":"https:\/\/www.facebook.com\/Fuentes-Fidedignas-368234489921644","article_published_time":"2021-12-13T18:57:15+00:00","article_modified_time":"2021-12-13T18:57:16+00:00","og_image":[{"width":907,"height":596,"url":"https:\/\/fuentesfidedignas.com.mx\/wp-content\/uploads\/2021\/12\/9196d408-5034-41da-918d-0d52db9b9aad.jpg","type":"image\/jpeg"}],"author":"Redacci\u00f3n","twitter_card":"summary_large_image","twitter_creator":"@fidedignas","twitter_site":"@fidedignas","twitter_misc":{"Escrito por":"Redacci\u00f3n","Tiempo de lectura":"3 minutos"},"schema":{"@context":"https:\/\/schema.org","@graph":[{"@type":"Article","@id":"https:\/\/fuentesfidedignas.com.mx\/index.php\/2021\/12\/13\/culmina-la-campana-de-activismo-contra-la-violencia-de-genero-en-sinaloa\/#article","isPartOf":{"@id":"https:\/\/fuentesfidedignas.com.mx\/index.php\/2021\/12\/13\/culmina-la-campana-de-activismo-contra-la-violencia-de-genero-en-sinaloa\/"},"author":{"name":"Redacci\u00f3n","@id":"https:\/\/fuentesfidedignas.com.mx\/#\/schema\/person\/331be9283d37198e2acd5750279085b0"},"headline":"Culmina la Campa\u00f1a de Activismo contra la Violencia de G\u00e9nero en Sinaloa","datePublished":"2021-12-13T18:57:15+00:00","dateModified":"2021-12-13T18:57:16+00:00","mainEntityOfPage":{"@id":"https:\/\/fuentesfidedignas.com.mx\/index.php\/2021\/12\/13\/culmina-la-campana-de-activismo-contra-la-violencia-de-genero-en-sinaloa\/"},"wordCount":646,"commentCount":0,"publisher":{"@id":"https:\/\/fuentesfidedignas.com.mx\/#organization"},"image":{"@id":"https:\/\/fuentesfidedignas.com.mx\/index.php\/2021\/12\/13\/culmina-la-campana-de-activismo-contra-la-violencia-de-genero-en-sinaloa\/#primaryimage"},"thumbnailUrl":"https:\/\/fuentesfidedignas.com.mx\/wp-content\/uploads\/2021\/12\/9196d408-5034-41da-918d-0d52db9b9aad.jpg","keywords":["Secretar\u00eda de las Mujeres","Tere Guerra","Violencia de G\u00e9nero"],"articleSection":["NOTA PRINCIPAL"],"inLanguage":"es","potentialAction":[{"@type":"CommentAction","name":"Comment","target":["https:\/\/fuentesfidedignas.com.mx\/index.php\/2021\/12\/13\/culmina-la-campana-de-activismo-contra-la-violencia-de-genero-en-sinaloa\/#respond"]}]},{"@type":"WebPage","@id":"https:\/\/fuentesfidedignas.com.mx\/index.php\/2021\/12\/13\/culmina-la-campana-de-activismo-contra-la-violencia-de-genero-en-sinaloa\/","url":"https:\/\/fuentesfidedignas.com.mx\/index.php\/2021\/12\/13\/culmina-la-campana-de-activismo-contra-la-violencia-de-genero-en-sinaloa\/","name":"Culmina la Campa\u00f1a de Activismo contra la Violencia de G\u00e9nero en Sinaloa - Fuentes Fidedignas","isPartOf":{"@id":"https:\/\/fuentesfidedignas.com.mx\/#website"},"primaryImageOfPage":{"@id":"https:\/\/fuentesfidedignas.com.mx\/index.php\/2021\/12\/13\/culmina-la-campana-de-activismo-contra-la-violencia-de-genero-en-sinaloa\/#primaryimage"},"image":{"@id":"https:\/\/fuentesfidedignas.com.mx\/index.php\/2021\/12\/13\/culmina-la-campana-de-activismo-contra-la-violencia-de-genero-en-sinaloa\/#primaryimage"},"thumbnailUrl":"https:\/\/fuentesfidedignas.com.mx\/wp-content\/uploads\/2021\/12\/9196d408-5034-41da-918d-0d52db9b9aad.jpg","datePublished":"2021-12-13T18:57:15+00:00","dateModified":"2021-12-13T18:57:16+00:00","breadcrumb":{"@id":"https:\/\/fuentesfidedignas.com.mx\/index.php\/2021\/12\/13\/culmina-la-campana-de-activismo-contra-la-violencia-de-genero-en-sinaloa\/#breadcrumb"},"inLanguage":"es","potentialAction":[{"@type":"ReadAction","target":["https:\/\/fuentesfidedignas.com.mx\/index.php\/2021\/12\/13\/culmina-la-campana-de-activismo-contra-la-violencia-de-genero-en-sinaloa\/"]}]},{"@type":"ImageObject","inLanguage":"es","@id":"https:\/\/fuentesfidedignas.com.mx\/index.php\/2021\/12\/13\/culmina-la-campana-de-activismo-contra-la-violencia-de-genero-en-sinaloa\/#primaryimage","url":"https:\/\/fuentesfidedignas.com.mx\/wp-content\/uploads\/2021\/12\/9196d408-5034-41da-918d-0d52db9b9aad.jpg","contentUrl":"https:\/\/fuentesfidedignas.com.mx\/wp-content\/uploads\/2021\/12\/9196d408-5034-41da-918d-0d52db9b9aad.jpg","width":907,"height":596},{"@type":"BreadcrumbList","@id":"https:\/\/fuentesfidedignas.com.mx\/index.php\/2021\/12\/13\/culmina-la-campana-de-activismo-contra-la-violencia-de-genero-en-sinaloa\/#breadcrumb","itemListElement":[{"@type":"ListItem","position":1,"name":"Inicio","item":"https:\/\/fuentesfidedignas.com.mx\/"},{"@type":"ListItem","position":2,"name":"Culmina la Campa\u00f1a de Activismo contra la Violencia de G\u00e9nero en Sinaloa"}]},{"@type":"WebSite","@id":"https:\/\/fuentesfidedignas.com.mx\/#website","url":"https:\/\/fuentesfidedignas.com.mx\/","name":"Fuentes Fidedignas","description":"Otro sitio realizado con WordPress","publisher":{"@id":"https:\/\/fuentesfidedignas.com.mx\/#organization"},"potentialAction":[{"@type":"SearchAction","target":{"@type":"EntryPoint","urlTemplate":"https:\/\/fuentesfidedignas.com.mx\/?s={search_term_string}"},"query-input":{"@type":"PropertyValueSpecification","valueRequired":true,"valueName":"search_term_string"}}],"inLanguage":"es"},{"@type":"Organization","@id":"https:\/\/fuentesfidedignas.com.mx\/#organization","name":"Fuentes Fidedignas","url":"https:\/\/fuentesfidedignas.com.mx\/","logo":{"@type":"ImageObject","inLanguage":"es","@id":"https:\/\/fuentesfidedignas.com.mx\/#\/schema\/logo\/image\/","url":"https:\/\/fuentesfidedignas.com.mx\/wp-content\/uploads\/2021\/04\/logo-retina.png","contentUrl":"https:\/\/fuentesfidedignas.com.mx\/wp-content\/uploads\/2021\/04\/logo-retina.png","width":280,"height":51,"caption":"Fuentes Fidedignas"},"image":{"@id":"https:\/\/fuentesfidedignas.com.mx\/#\/schema\/logo\/image\/"},"sameAs":["https:\/\/www.facebook.com\/Fuentes-Fidedignas-368234489921644","https:\/\/x.com\/fidedignas"]},{"@type":"Person","@id":"https:\/\/fuentesfidedignas.com.mx\/#\/schema\/person\/331be9283d37198e2acd5750279085b0","name":"Redacci\u00f3n","image":{"@type":"ImageObject","inLanguage":"es","@id":"https:\/\/secure.gravatar.com\/avatar\/f6d8782c11d12b2d4ad3fbb6931aeab5309937a4d6cd2fc9cfaa28a6396a5aec?s=96&d=mm&r=g","url":"https:\/\/secure.gravatar.com\/avatar\/f6d8782c11d12b2d4ad3fbb6931aeab5309937a4d6cd2fc9cfaa28a6396a5aec?s=96&d=mm&r=g","contentUrl":"https:\/\/secure.gravatar.com\/avatar\/f6d8782c11d12b2d4ad3fbb6931aeab5309937a4d6cd2fc9cfaa28a6396a5aec?s=96&d=mm&r=g","caption":"Redacci\u00f3n"},"url":"https:\/\/fuentesfidedignas.com.mx\/index.php\/author\/redaccion\/"}]}},"_links":{"self":[{"href":"https:\/\/fuentesfidedignas.com.mx\/index.php\/wp-json\/wp\/v2\/posts\/19740","targetHints":{"allow":["GET"]}}],"collection":[{"href":"https:\/\/fuentesfidedignas.com.mx\/index.php\/wp-json\/wp\/v2\/posts"}],"about":[{"href":"https:\/\/fuentesfidedignas.com.mx\/index.php\/wp-json\/wp\/v2\/types\/post"}],"author":[{"embeddable":true,"href":"https:\/\/fuentesfidedignas.com.mx\/index.php\/wp-json\/wp\/v2\/users\/4"}],"replies":[{"embeddable":true,"href":"https:\/\/fuentesfidedignas.com.mx\/index.php\/wp-json\/wp\/v2\/comments?post=19740"}],"version-history":[{"count":1,"href":"https:\/\/fuentesfidedignas.com.mx\/index.php\/wp-json\/wp\/v2\/posts\/19740\/revisions"}],"predecessor-version":[{"id":19742,"href":"https:\/\/fuentesfidedignas.com.mx\/index.php\/wp-json\/wp\/v2\/posts\/19740\/revisions\/19742"}],"wp:featuredmedia":[{"embeddable":true,"href":"https:\/\/fuentesfidedignas.com.mx\/index.php\/wp-json\/wp\/v2\/media\/19741"}],"wp:attachment":[{"href":"https:\/\/fuentesfidedignas.com.mx\/index.php\/wp-json\/wp\/v2\/media?parent=19740"}],"wp:term":[{"taxonomy":"category","embeddable":true,"href":"https:\/\/fuentesfidedignas.com.mx\/index.php\/wp-json\/wp\/v2\/categories?post=19740"},{"taxonomy":"post_tag","embeddable":true,"href":"https:\/\/fuentesfidedignas.com.mx\/index.php\/wp-json\/wp\/v2\/tags?post=19740"}],"curies":[{"name":"wp","href":"https:\/\/api.w.org\/{rel}","templated":true}]}}