{"id":19705,"date":"2021-12-13T06:16:47","date_gmt":"2021-12-13T13:16:47","guid":{"rendered":"https:\/\/fuentesfidedignas.com.mx\/?p=19705"},"modified":"2021-12-13T06:16:48","modified_gmt":"2021-12-13T13:16:48","slug":"brote-de-inflacion-genera-caida-en-los-ajustes-salariales","status":"publish","type":"post","link":"https:\/\/fuentesfidedignas.com.mx\/index.php\/2021\/12\/13\/brote-de-inflacion-genera-caida-en-los-ajustes-salariales\/","title":{"rendered":"Brote de inflaci\u00f3n genera ca\u00edda en los ajustes salariales"},"content":{"rendered":"\n<p><strong><em>Reportan su mayor contracci\u00f3n real en cuatro a\u00f1os, desde octubre de 2017.<\/em><\/strong><\/p>\n\n\n\n<p>Ciudad e M\u00e9xico.- El\u00a0repunte inflacionario\u00a0impact\u00f3 nuevamente en las revisiones de los\u00a0salarios contractuales, que en noviembre reportaron un descenso en t\u00e9rminos reales, el tercer mes consecutivo con retrocesos y adem\u00e1s fue su peor cifra en poco m\u00e1s de cuatro a\u00f1os.<\/p>\n\n\n\n<p>De acuerdo con los registros de la\u00a0Secretar\u00eda del Trabajo y Previsi\u00f3n Social (STPS), los salarios contractuales tuvieron en el onceavo mes un incremento nominal de 5.1 por ciento, que una vez descontada la inflaci\u00f3n se tradujo en una p\u00e9rdida real de 2.14 por ciento, es decir, un deterioro del poder adquisitivo, y esta fue la mayor ca\u00edda desde octubre de 2017.<\/p>\n\n\n\n<p>De acuerdo con los registros del\u00a0INEGI, durante noviembre la\u00a0inflaci\u00f3n anual\u00a0fue 7.37 por ciento, la m\u00e1s alta desde enero de 2001 y acumulo nueve meses consecutivos fuera del margen objetivo del\u00a0Banco de M\u00e9xico.<\/p>\n\n\n\n<p>\u201cEl factor m\u00e1s importante es el incremento de precios, sobre todo de productos de la canasta b\u00e1sica. Aunque el incremento a los salarios m\u00ednimos sea mayor a la inflaci\u00f3n, los salarios contractuales no aumentan en el mismo porcentaje. Aumentan de acuerdo a la inflaci\u00f3n, pero la del a\u00f1o anterior a la revisi\u00f3n contractual, de tal manera que la inflaci\u00f3n actual y sus perspectivas dejan con una p\u00e9rdida del poder adquisitivo en t\u00e9rminos reales\u201d, se\u00f1al\u00f3 Miguel Gonz\u00e1lez, coordinador del Centro de Estudios Financieros y de Finanzas P\u00fablicas (CEFI) de la UNAM.about:blank<\/p>\n\n\n\n<p>A\u00f1adi\u00f3 que otro factor de car\u00e1cter estructural es el pobre desempe\u00f1o de la productividad y las condiciones en que quedaron las empresas, sobre todo, las de servicios despu\u00e9s del confinamiento, sin haber recibido apoyos por parte de las autoridades.<\/p>\n\n\n\n<p>Entre enero y noviembre, los ajustes salariales promedio reportan una ca\u00edda de 0.94 por ciento, en t\u00e9rminos reales, y es la primera cifra negativa desde 2018, seg\u00fan los datos de la STPS.<\/p>\n\n\n\n<h2 class=\"wp-block-heading\">REZAGO EN LA RECUPERACI\u00d3N<\/h2>\n\n\n\n<p>Gabriela Siller, directora de an\u00e1lisis econ\u00f3mico de banco Base, indic\u00f3 que la recuperaci\u00f3n del\u00a0mercado laboral\u00a0no es uniforme, en la recuperaci\u00f3n no son los mismos trabajos, ni los mismos\u00a0sueldos\u00a0que se ten\u00edan antes de la crisis del\u00a0coronavirus; \u201cuna buena parte de estas plazas est\u00e1n recuperando su ocupaci\u00f3n en informalidad o con salarios menores\u201d.<\/p>\n\n\n\n<p>A\u00f1adi\u00f3 que en t\u00e9rminos reales, los salarios han ido a la baja debido a la alta inflaci\u00f3n de los \u00faltimos meses.<\/p>\n\n\n\n<p>\u201cLos \u00faltimos tres datos de inflaci\u00f3n han sido bastante altos, tanto en t\u00e9rminos mensuales como en anuales, y lo que estamos viendo es una p\u00e9rdida del valor del poder adquisitivo de las personas y que realmente en t\u00e9rminos reales los crecimientos salariales no han alcanzado a cubrir esa brecha, sino que estamos en un continuo proceso de p\u00e9rdida del valor de los ingresos de los trabajadores\u201d, apunt\u00f3 Carlos Hern\u00e1ndez, analista s\u00e9nior de Masari Casa de Bolsa.<\/p>\n\n\n\n<p>A\u00f1adi\u00f3 que para que el poder adquisitivo de los trabajadores mejoren es necesario, \u201cen primer lugar, que se resuelvan los cuellos de botella para que tambi\u00e9n el nivel general de producci\u00f3n se incremente y los costos originados de producci\u00f3n por insumos ayuden a que las remuneraci\u00f3n de la fuerza laboral tenga un mejor posicionamiento\u201d.<\/p>\n\n\n\n<p>Explic\u00f3 que en segundo lugar, las medidas de distanciamiento social contribuyen a limitar la capacidad total de producci\u00f3n, ya que al no estar en su m\u00e1ximo nivel no hay una plena disposici\u00f3n de los puestos laborales; y tres, que se disuelvan las medidas de pandemia que siguen vigentes.<\/p>\n\n\n\n<p>Por actividad, el ajuste salarial en la industria baj\u00f3 1.94 por ciento real, siendo las manufacturas y miner\u00eda los principales lastres al disminuir 2.01 y 0.84 por ciento. En los servicios el descenso fue de 3.05 por ciento.<\/p>\n\n\n\n<p>Por entidad federativa, la mayor contracci\u00f3n en los salarios se observ\u00f3 en Oaxaca, con 4.59 por ciento, seguido de Tabasco, con 3.11 por ciento. En contraste, las menores disminuciones se reportaron en Coahuila y en la Ciudad de M\u00e9xico, con 0.18 y 1.06 por ciento.<\/p>\n\n\n\n<figure class=\"wp-block-image\"><img decoding=\"async\" src=\"https:\/\/www.elfinanciero.com.mx\/resizer\/IVdt-92g0FfmWnnVNxj4CPPO-po=\/1440x0\/filters:format(jpg):quality(70)\/cloudfront-us-east-1.images.arcpublishing.com\/elfinanciero\/DR2RKD6FANHOJO6LZN3A3HVNDE.jpg\" alt=\"\"\/><figcaption><strong>Gr\u00e1fica.&nbsp;<\/strong>(Especial.)<\/figcaption><\/figure>\n","protected":false},"excerpt":{"rendered":"<p>Reportan su mayor contracci\u00f3n real en cuatro a\u00f1os, desde octubre de 2017. Ciudad e M\u00e9xico.- El\u00a0repunte inflacionario\u00a0impact\u00f3 nuevamente en las revisiones de los\u00a0salarios contractuales, que en noviembre reportaron un descenso en t\u00e9rminos reales, el tercer mes consecutivo con retrocesos y adem\u00e1s fue su peor cifra en poco m\u00e1s de cuatro a\u00f1os. De acuerdo con los [&hellip;]<\/p>\n","protected":false},"author":21,"featured_media":19706,"comment_status":"open","ping_status":"open","sticky":false,"template":"","format":"standard","meta":{"tdm_status":"","tdm_grid_status":"","footnotes":""},"categories":[37],"tags":[2229],"class_list":{"0":"post-19705","1":"post","2":"type-post","3":"status-publish","4":"format-standard","5":"has-post-thumbnail","7":"category-nota-principal","8":"tag-salario"},"yoast_head":"<!-- This site is optimized with the Yoast SEO plugin v27.5 - https:\/\/yoast.com\/product\/yoast-seo-wordpress\/ -->\n<title>Brote de inflaci\u00f3n genera ca\u00edda en los ajustes salariales - Fuentes Fidedignas<\/title>\n<meta name=\"robots\" content=\"index, follow, max-snippet:-1, max-image-preview:large, max-video-preview:-1\" \/>\n<link rel=\"canonical\" href=\"https:\/\/fuentesfidedignas.com.mx\/index.php\/2021\/12\/13\/brote-de-inflacion-genera-caida-en-los-ajustes-salariales\/\" \/>\n<meta property=\"og:locale\" content=\"es_MX\" \/>\n<meta property=\"og:type\" content=\"article\" \/>\n<meta property=\"og:title\" content=\"Brote de inflaci\u00f3n genera ca\u00edda en los ajustes salariales - Fuentes Fidedignas\" \/>\n<meta property=\"og:description\" content=\"Reportan su mayor contracci\u00f3n real en cuatro a\u00f1os, desde octubre de 2017. Ciudad e M\u00e9xico.- El\u00a0repunte inflacionario\u00a0impact\u00f3 nuevamente en las revisiones de los\u00a0salarios contractuales, que en noviembre reportaron un descenso en t\u00e9rminos reales, el tercer mes consecutivo con retrocesos y adem\u00e1s fue su peor cifra en poco m\u00e1s de cuatro a\u00f1os. De acuerdo con los [&hellip;]\" \/>\n<meta property=\"og:url\" content=\"https:\/\/fuentesfidedignas.com.mx\/index.php\/2021\/12\/13\/brote-de-inflacion-genera-caida-en-los-ajustes-salariales\/\" \/>\n<meta property=\"og:site_name\" content=\"Fuentes Fidedignas\" \/>\n<meta property=\"article:publisher\" content=\"https:\/\/www.facebook.com\/Fuentes-Fidedignas-368234489921644\" \/>\n<meta property=\"article:published_time\" content=\"2021-12-13T13:16:47+00:00\" \/>\n<meta property=\"article:modified_time\" content=\"2021-12-13T13:16:48+00:00\" \/>\n<meta property=\"og:image\" content=\"https:\/\/fuentesfidedignas.com.mx\/wp-content\/uploads\/2021\/12\/DINERO.jpeg\" \/>\n\t<meta property=\"og:image:width\" content=\"800\" \/>\n\t<meta property=\"og:image:height\" content=\"534\" \/>\n\t<meta property=\"og:image:type\" content=\"image\/jpeg\" \/>\n<meta name=\"author\" content=\"El Financiero\" \/>\n<meta name=\"twitter:card\" content=\"summary_large_image\" \/>\n<meta name=\"twitter:creator\" content=\"@fidedignas\" \/>\n<meta name=\"twitter:site\" content=\"@fidedignas\" \/>\n<meta name=\"twitter:label1\" content=\"Escrito por\" \/>\n\t<meta name=\"twitter:data1\" content=\"El Financiero\" \/>\n\t<meta name=\"twitter:label2\" content=\"Tiempo de lectura\" \/>\n\t<meta name=\"twitter:data2\" content=\"4 minutos\" \/>\n<script type=\"application\/ld+json\" class=\"yoast-schema-graph\">{\"@context\":\"https:\\\/\\\/schema.org\",\"@graph\":[{\"@type\":\"Article\",\"@id\":\"https:\\\/\\\/fuentesfidedignas.com.mx\\\/index.php\\\/2021\\\/12\\\/13\\\/brote-de-inflacion-genera-caida-en-los-ajustes-salariales\\\/#article\",\"isPartOf\":{\"@id\":\"https:\\\/\\\/fuentesfidedignas.com.mx\\\/index.php\\\/2021\\\/12\\\/13\\\/brote-de-inflacion-genera-caida-en-los-ajustes-salariales\\\/\"},\"author\":{\"name\":\"El Financiero\",\"@id\":\"https:\\\/\\\/fuentesfidedignas.com.mx\\\/#\\\/schema\\\/person\\\/494f7e0dce8dfaaec5b64f16615b78e9\"},\"headline\":\"Brote de inflaci\u00f3n genera ca\u00edda en los ajustes salariales\",\"datePublished\":\"2021-12-13T13:16:47+00:00\",\"dateModified\":\"2021-12-13T13:16:48+00:00\",\"mainEntityOfPage\":{\"@id\":\"https:\\\/\\\/fuentesfidedignas.com.mx\\\/index.php\\\/2021\\\/12\\\/13\\\/brote-de-inflacion-genera-caida-en-los-ajustes-salariales\\\/\"},\"wordCount\":721,\"commentCount\":0,\"publisher\":{\"@id\":\"https:\\\/\\\/fuentesfidedignas.com.mx\\\/#organization\"},\"image\":{\"@id\":\"https:\\\/\\\/fuentesfidedignas.com.mx\\\/index.php\\\/2021\\\/12\\\/13\\\/brote-de-inflacion-genera-caida-en-los-ajustes-salariales\\\/#primaryimage\"},\"thumbnailUrl\":\"https:\\\/\\\/fuentesfidedignas.com.mx\\\/wp-content\\\/uploads\\\/2021\\\/12\\\/DINERO.jpeg\",\"keywords\":[\"Salario\"],\"articleSection\":[\"NOTA PRINCIPAL\"],\"inLanguage\":\"es\",\"potentialAction\":[{\"@type\":\"CommentAction\",\"name\":\"Comment\",\"target\":[\"https:\\\/\\\/fuentesfidedignas.com.mx\\\/index.php\\\/2021\\\/12\\\/13\\\/brote-de-inflacion-genera-caida-en-los-ajustes-salariales\\\/#respond\"]}]},{\"@type\":\"WebPage\",\"@id\":\"https:\\\/\\\/fuentesfidedignas.com.mx\\\/index.php\\\/2021\\\/12\\\/13\\\/brote-de-inflacion-genera-caida-en-los-ajustes-salariales\\\/\",\"url\":\"https:\\\/\\\/fuentesfidedignas.com.mx\\\/index.php\\\/2021\\\/12\\\/13\\\/brote-de-inflacion-genera-caida-en-los-ajustes-salariales\\\/\",\"name\":\"Brote de inflaci\u00f3n genera ca\u00edda en los ajustes salariales - Fuentes Fidedignas\",\"isPartOf\":{\"@id\":\"https:\\\/\\\/fuentesfidedignas.com.mx\\\/#website\"},\"primaryImageOfPage\":{\"@id\":\"https:\\\/\\\/fuentesfidedignas.com.mx\\\/index.php\\\/2021\\\/12\\\/13\\\/brote-de-inflacion-genera-caida-en-los-ajustes-salariales\\\/#primaryimage\"},\"image\":{\"@id\":\"https:\\\/\\\/fuentesfidedignas.com.mx\\\/index.php\\\/2021\\\/12\\\/13\\\/brote-de-inflacion-genera-caida-en-los-ajustes-salariales\\\/#primaryimage\"},\"thumbnailUrl\":\"https:\\\/\\\/fuentesfidedignas.com.mx\\\/wp-content\\\/uploads\\\/2021\\\/12\\\/DINERO.jpeg\",\"datePublished\":\"2021-12-13T13:16:47+00:00\",\"dateModified\":\"2021-12-13T13:16:48+00:00\",\"breadcrumb\":{\"@id\":\"https:\\\/\\\/fuentesfidedignas.com.mx\\\/index.php\\\/2021\\\/12\\\/13\\\/brote-de-inflacion-genera-caida-en-los-ajustes-salariales\\\/#breadcrumb\"},\"inLanguage\":\"es\",\"potentialAction\":[{\"@type\":\"ReadAction\",\"target\":[\"https:\\\/\\\/fuentesfidedignas.com.mx\\\/index.php\\\/2021\\\/12\\\/13\\\/brote-de-inflacion-genera-caida-en-los-ajustes-salariales\\\/\"]}]},{\"@type\":\"ImageObject\",\"inLanguage\":\"es\",\"@id\":\"https:\\\/\\\/fuentesfidedignas.com.mx\\\/index.php\\\/2021\\\/12\\\/13\\\/brote-de-inflacion-genera-caida-en-los-ajustes-salariales\\\/#primaryimage\",\"url\":\"https:\\\/\\\/fuentesfidedignas.com.mx\\\/wp-content\\\/uploads\\\/2021\\\/12\\\/DINERO.jpeg\",\"contentUrl\":\"https:\\\/\\\/fuentesfidedignas.com.mx\\\/wp-content\\\/uploads\\\/2021\\\/12\\\/DINERO.jpeg\",\"width\":800,\"height\":534},{\"@type\":\"BreadcrumbList\",\"@id\":\"https:\\\/\\\/fuentesfidedignas.com.mx\\\/index.php\\\/2021\\\/12\\\/13\\\/brote-de-inflacion-genera-caida-en-los-ajustes-salariales\\\/#breadcrumb\",\"itemListElement\":[{\"@type\":\"ListItem\",\"position\":1,\"name\":\"Inicio\",\"item\":\"https:\\\/\\\/fuentesfidedignas.com.mx\\\/\"},{\"@type\":\"ListItem\",\"position\":2,\"name\":\"Brote de inflaci\u00f3n genera ca\u00edda en los ajustes salariales\"}]},{\"@type\":\"WebSite\",\"@id\":\"https:\\\/\\\/fuentesfidedignas.com.mx\\\/#website\",\"url\":\"https:\\\/\\\/fuentesfidedignas.com.mx\\\/\",\"name\":\"Fuentes Fidedignas\",\"description\":\"Otro sitio realizado con WordPress\",\"publisher\":{\"@id\":\"https:\\\/\\\/fuentesfidedignas.com.mx\\\/#organization\"},\"potentialAction\":[{\"@type\":\"SearchAction\",\"target\":{\"@type\":\"EntryPoint\",\"urlTemplate\":\"https:\\\/\\\/fuentesfidedignas.com.mx\\\/?s={search_term_string}\"},\"query-input\":{\"@type\":\"PropertyValueSpecification\",\"valueRequired\":true,\"valueName\":\"search_term_string\"}}],\"inLanguage\":\"es\"},{\"@type\":\"Organization\",\"@id\":\"https:\\\/\\\/fuentesfidedignas.com.mx\\\/#organization\",\"name\":\"Fuentes Fidedignas\",\"url\":\"https:\\\/\\\/fuentesfidedignas.com.mx\\\/\",\"logo\":{\"@type\":\"ImageObject\",\"inLanguage\":\"es\",\"@id\":\"https:\\\/\\\/fuentesfidedignas.com.mx\\\/#\\\/schema\\\/logo\\\/image\\\/\",\"url\":\"https:\\\/\\\/fuentesfidedignas.com.mx\\\/wp-content\\\/uploads\\\/2021\\\/04\\\/logo-retina.png\",\"contentUrl\":\"https:\\\/\\\/fuentesfidedignas.com.mx\\\/wp-content\\\/uploads\\\/2021\\\/04\\\/logo-retina.png\",\"width\":280,\"height\":51,\"caption\":\"Fuentes Fidedignas\"},\"image\":{\"@id\":\"https:\\\/\\\/fuentesfidedignas.com.mx\\\/#\\\/schema\\\/logo\\\/image\\\/\"},\"sameAs\":[\"https:\\\/\\\/www.facebook.com\\\/Fuentes-Fidedignas-368234489921644\",\"https:\\\/\\\/x.com\\\/fidedignas\"]},{\"@type\":\"Person\",\"@id\":\"https:\\\/\\\/fuentesfidedignas.com.mx\\\/#\\\/schema\\\/person\\\/494f7e0dce8dfaaec5b64f16615b78e9\",\"name\":\"El Financiero\",\"image\":{\"@type\":\"ImageObject\",\"inLanguage\":\"es\",\"@id\":\"https:\\\/\\\/secure.gravatar.com\\\/avatar\\\/88c0f3f2079389318ef8dd35c22cb997212aa89646e357ba59b318db26ed91a9?s=96&d=mm&r=g\",\"url\":\"https:\\\/\\\/secure.gravatar.com\\\/avatar\\\/88c0f3f2079389318ef8dd35c22cb997212aa89646e357ba59b318db26ed91a9?s=96&d=mm&r=g\",\"contentUrl\":\"https:\\\/\\\/secure.gravatar.com\\\/avatar\\\/88c0f3f2079389318ef8dd35c22cb997212aa89646e357ba59b318db26ed91a9?s=96&d=mm&r=g\",\"caption\":\"El Financiero\"},\"url\":\"https:\\\/\\\/fuentesfidedignas.com.mx\\\/index.php\\\/author\\\/financiero\\\/\"}]}<\/script>\n<!-- \/ Yoast SEO plugin. -->","yoast_head_json":{"title":"Brote de inflaci\u00f3n genera ca\u00edda en los ajustes salariales - Fuentes Fidedignas","robots":{"index":"index","follow":"follow","max-snippet":"max-snippet:-1","max-image-preview":"max-image-preview:large","max-video-preview":"max-video-preview:-1"},"canonical":"https:\/\/fuentesfidedignas.com.mx\/index.php\/2021\/12\/13\/brote-de-inflacion-genera-caida-en-los-ajustes-salariales\/","og_locale":"es_MX","og_type":"article","og_title":"Brote de inflaci\u00f3n genera ca\u00edda en los ajustes salariales - Fuentes Fidedignas","og_description":"Reportan su mayor contracci\u00f3n real en cuatro a\u00f1os, desde octubre de 2017. Ciudad e M\u00e9xico.- El\u00a0repunte inflacionario\u00a0impact\u00f3 nuevamente en las revisiones de los\u00a0salarios contractuales, que en noviembre reportaron un descenso en t\u00e9rminos reales, el tercer mes consecutivo con retrocesos y adem\u00e1s fue su peor cifra en poco m\u00e1s de cuatro a\u00f1os. De acuerdo con los [&hellip;]","og_url":"https:\/\/fuentesfidedignas.com.mx\/index.php\/2021\/12\/13\/brote-de-inflacion-genera-caida-en-los-ajustes-salariales\/","og_site_name":"Fuentes Fidedignas","article_publisher":"https:\/\/www.facebook.com\/Fuentes-Fidedignas-368234489921644","article_published_time":"2021-12-13T13:16:47+00:00","article_modified_time":"2021-12-13T13:16:48+00:00","og_image":[{"width":800,"height":534,"url":"https:\/\/fuentesfidedignas.com.mx\/wp-content\/uploads\/2021\/12\/DINERO.jpeg","type":"image\/jpeg"}],"author":"El Financiero","twitter_card":"summary_large_image","twitter_creator":"@fidedignas","twitter_site":"@fidedignas","twitter_misc":{"Escrito por":"El Financiero","Tiempo de lectura":"4 minutos"},"schema":{"@context":"https:\/\/schema.org","@graph":[{"@type":"Article","@id":"https:\/\/fuentesfidedignas.com.mx\/index.php\/2021\/12\/13\/brote-de-inflacion-genera-caida-en-los-ajustes-salariales\/#article","isPartOf":{"@id":"https:\/\/fuentesfidedignas.com.mx\/index.php\/2021\/12\/13\/brote-de-inflacion-genera-caida-en-los-ajustes-salariales\/"},"author":{"name":"El Financiero","@id":"https:\/\/fuentesfidedignas.com.mx\/#\/schema\/person\/494f7e0dce8dfaaec5b64f16615b78e9"},"headline":"Brote de inflaci\u00f3n genera ca\u00edda en los ajustes salariales","datePublished":"2021-12-13T13:16:47+00:00","dateModified":"2021-12-13T13:16:48+00:00","mainEntityOfPage":{"@id":"https:\/\/fuentesfidedignas.com.mx\/index.php\/2021\/12\/13\/brote-de-inflacion-genera-caida-en-los-ajustes-salariales\/"},"wordCount":721,"commentCount":0,"publisher":{"@id":"https:\/\/fuentesfidedignas.com.mx\/#organization"},"image":{"@id":"https:\/\/fuentesfidedignas.com.mx\/index.php\/2021\/12\/13\/brote-de-inflacion-genera-caida-en-los-ajustes-salariales\/#primaryimage"},"thumbnailUrl":"https:\/\/fuentesfidedignas.com.mx\/wp-content\/uploads\/2021\/12\/DINERO.jpeg","keywords":["Salario"],"articleSection":["NOTA PRINCIPAL"],"inLanguage":"es","potentialAction":[{"@type":"CommentAction","name":"Comment","target":["https:\/\/fuentesfidedignas.com.mx\/index.php\/2021\/12\/13\/brote-de-inflacion-genera-caida-en-los-ajustes-salariales\/#respond"]}]},{"@type":"WebPage","@id":"https:\/\/fuentesfidedignas.com.mx\/index.php\/2021\/12\/13\/brote-de-inflacion-genera-caida-en-los-ajustes-salariales\/","url":"https:\/\/fuentesfidedignas.com.mx\/index.php\/2021\/12\/13\/brote-de-inflacion-genera-caida-en-los-ajustes-salariales\/","name":"Brote de inflaci\u00f3n genera ca\u00edda en los ajustes salariales - Fuentes Fidedignas","isPartOf":{"@id":"https:\/\/fuentesfidedignas.com.mx\/#website"},"primaryImageOfPage":{"@id":"https:\/\/fuentesfidedignas.com.mx\/index.php\/2021\/12\/13\/brote-de-inflacion-genera-caida-en-los-ajustes-salariales\/#primaryimage"},"image":{"@id":"https:\/\/fuentesfidedignas.com.mx\/index.php\/2021\/12\/13\/brote-de-inflacion-genera-caida-en-los-ajustes-salariales\/#primaryimage"},"thumbnailUrl":"https:\/\/fuentesfidedignas.com.mx\/wp-content\/uploads\/2021\/12\/DINERO.jpeg","datePublished":"2021-12-13T13:16:47+00:00","dateModified":"2021-12-13T13:16:48+00:00","breadcrumb":{"@id":"https:\/\/fuentesfidedignas.com.mx\/index.php\/2021\/12\/13\/brote-de-inflacion-genera-caida-en-los-ajustes-salariales\/#breadcrumb"},"inLanguage":"es","potentialAction":[{"@type":"ReadAction","target":["https:\/\/fuentesfidedignas.com.mx\/index.php\/2021\/12\/13\/brote-de-inflacion-genera-caida-en-los-ajustes-salariales\/"]}]},{"@type":"ImageObject","inLanguage":"es","@id":"https:\/\/fuentesfidedignas.com.mx\/index.php\/2021\/12\/13\/brote-de-inflacion-genera-caida-en-los-ajustes-salariales\/#primaryimage","url":"https:\/\/fuentesfidedignas.com.mx\/wp-content\/uploads\/2021\/12\/DINERO.jpeg","contentUrl":"https:\/\/fuentesfidedignas.com.mx\/wp-content\/uploads\/2021\/12\/DINERO.jpeg","width":800,"height":534},{"@type":"BreadcrumbList","@id":"https:\/\/fuentesfidedignas.com.mx\/index.php\/2021\/12\/13\/brote-de-inflacion-genera-caida-en-los-ajustes-salariales\/#breadcrumb","itemListElement":[{"@type":"ListItem","position":1,"name":"Inicio","item":"https:\/\/fuentesfidedignas.com.mx\/"},{"@type":"ListItem","position":2,"name":"Brote de inflaci\u00f3n genera ca\u00edda en los ajustes salariales"}]},{"@type":"WebSite","@id":"https:\/\/fuentesfidedignas.com.mx\/#website","url":"https:\/\/fuentesfidedignas.com.mx\/","name":"Fuentes Fidedignas","description":"Otro sitio realizado con WordPress","publisher":{"@id":"https:\/\/fuentesfidedignas.com.mx\/#organization"},"potentialAction":[{"@type":"SearchAction","target":{"@type":"EntryPoint","urlTemplate":"https:\/\/fuentesfidedignas.com.mx\/?s={search_term_string}"},"query-input":{"@type":"PropertyValueSpecification","valueRequired":true,"valueName":"search_term_string"}}],"inLanguage":"es"},{"@type":"Organization","@id":"https:\/\/fuentesfidedignas.com.mx\/#organization","name":"Fuentes Fidedignas","url":"https:\/\/fuentesfidedignas.com.mx\/","logo":{"@type":"ImageObject","inLanguage":"es","@id":"https:\/\/fuentesfidedignas.com.mx\/#\/schema\/logo\/image\/","url":"https:\/\/fuentesfidedignas.com.mx\/wp-content\/uploads\/2021\/04\/logo-retina.png","contentUrl":"https:\/\/fuentesfidedignas.com.mx\/wp-content\/uploads\/2021\/04\/logo-retina.png","width":280,"height":51,"caption":"Fuentes Fidedignas"},"image":{"@id":"https:\/\/fuentesfidedignas.com.mx\/#\/schema\/logo\/image\/"},"sameAs":["https:\/\/www.facebook.com\/Fuentes-Fidedignas-368234489921644","https:\/\/x.com\/fidedignas"]},{"@type":"Person","@id":"https:\/\/fuentesfidedignas.com.mx\/#\/schema\/person\/494f7e0dce8dfaaec5b64f16615b78e9","name":"El Financiero","image":{"@type":"ImageObject","inLanguage":"es","@id":"https:\/\/secure.gravatar.com\/avatar\/88c0f3f2079389318ef8dd35c22cb997212aa89646e357ba59b318db26ed91a9?s=96&d=mm&r=g","url":"https:\/\/secure.gravatar.com\/avatar\/88c0f3f2079389318ef8dd35c22cb997212aa89646e357ba59b318db26ed91a9?s=96&d=mm&r=g","contentUrl":"https:\/\/secure.gravatar.com\/avatar\/88c0f3f2079389318ef8dd35c22cb997212aa89646e357ba59b318db26ed91a9?s=96&d=mm&r=g","caption":"El Financiero"},"url":"https:\/\/fuentesfidedignas.com.mx\/index.php\/author\/financiero\/"}]}},"_links":{"self":[{"href":"https:\/\/fuentesfidedignas.com.mx\/index.php\/wp-json\/wp\/v2\/posts\/19705","targetHints":{"allow":["GET"]}}],"collection":[{"href":"https:\/\/fuentesfidedignas.com.mx\/index.php\/wp-json\/wp\/v2\/posts"}],"about":[{"href":"https:\/\/fuentesfidedignas.com.mx\/index.php\/wp-json\/wp\/v2\/types\/post"}],"author":[{"embeddable":true,"href":"https:\/\/fuentesfidedignas.com.mx\/index.php\/wp-json\/wp\/v2\/users\/21"}],"replies":[{"embeddable":true,"href":"https:\/\/fuentesfidedignas.com.mx\/index.php\/wp-json\/wp\/v2\/comments?post=19705"}],"version-history":[{"count":1,"href":"https:\/\/fuentesfidedignas.com.mx\/index.php\/wp-json\/wp\/v2\/posts\/19705\/revisions"}],"predecessor-version":[{"id":19707,"href":"https:\/\/fuentesfidedignas.com.mx\/index.php\/wp-json\/wp\/v2\/posts\/19705\/revisions\/19707"}],"wp:featuredmedia":[{"embeddable":true,"href":"https:\/\/fuentesfidedignas.com.mx\/index.php\/wp-json\/wp\/v2\/media\/19706"}],"wp:attachment":[{"href":"https:\/\/fuentesfidedignas.com.mx\/index.php\/wp-json\/wp\/v2\/media?parent=19705"}],"wp:term":[{"taxonomy":"category","embeddable":true,"href":"https:\/\/fuentesfidedignas.com.mx\/index.php\/wp-json\/wp\/v2\/categories?post=19705"},{"taxonomy":"post_tag","embeddable":true,"href":"https:\/\/fuentesfidedignas.com.mx\/index.php\/wp-json\/wp\/v2\/tags?post=19705"}],"curies":[{"name":"wp","href":"https:\/\/api.w.org\/{rel}","templated":true}]}}