{"id":19637,"date":"2021-12-11T15:02:23","date_gmt":"2021-12-11T22:02:23","guid":{"rendered":"https:\/\/fuentesfidedignas.com.mx\/?p=19637"},"modified":"2021-12-11T15:02:24","modified_gmt":"2021-12-11T22:02:24","slug":"instala-congreso-mesa-de-analisis-de-iniciativa-de-ley-de-ingresos-y-presupuesto-de-egresos","status":"publish","type":"post","link":"https:\/\/fuentesfidedignas.com.mx\/index.php\/2021\/12\/11\/instala-congreso-mesa-de-analisis-de-iniciativa-de-ley-de-ingresos-y-presupuesto-de-egresos\/","title":{"rendered":"Instala Congreso mesa de an\u00e1lisis de Iniciativa de Ley de Ingresos y Presupuesto de Egresos"},"content":{"rendered":"\n<p><strong><em>Asistieron las y los integrantes de la JUCOPO, as\u00ed como diputados y diputadas integrantes de los distintos grupos parlamentarios<\/em><\/strong>. <\/p>\n\n\n\n<p>Culiac\u00e1n, Sin.- El Congreso del Estado de Sinaloa y la Secretar\u00eda estatal de Administraci\u00f3n y Finanzas instalaron este s\u00e1bado una mesa de an\u00e1lisis de la Ley de Ingresos y Presupuesto de Egresos para el ejercicio Fiscal 2022.<\/p>\n\n\n\n<p>La mesa de an\u00e1lisis se dividi\u00f3 luego en submesas para que cada fuerza pol\u00edtica con presencia en el Congreso expresara en particular sus dudas, observaciones y planteamientos.<\/p>\n\n\n\n<p>La ceremonia de instalaci\u00f3n fue presidida por el presidente de la Junta de Coordinaci\u00f3n Pol\u00edtica (JUCOPO), Feliciano Castro Mel\u00e9ndrez, y por el presidente de la Mesa Directiva, Gene Ren\u00e9 Boj\u00f3rquez Ruiz, y fue moderada por el presidente de la Comisi\u00f3n de Hacienda P\u00fablica y Administraci\u00f3n del Congreso, Jes\u00fas Alfonso Ibarra Ramos.<\/p>\n\n\n\n<p>Asistieron las y los integrantes de la JUCOPO, as\u00ed como diputados y diputadas integrantes de los distintos grupos parlamentarios.<\/p>\n\n\n\n<p>El diputado Jes\u00fas Ibarra resalt\u00f3 que la mesa de an\u00e1lisis se da en un ambiente respetuoso de la autonom\u00eda de los poderes, lo que permite analizar, y replantear en su caso, las prioridades en materia social y econ\u00f3mica.<\/p>\n\n\n\n<p>Al titular de la Secretar\u00eda de Administraci\u00f3n y Finanzas, Enrique Alonso D\u00edaz Vega, quien acudi\u00f3 con la representaci\u00f3n del gobernador Rub\u00e9n Rocha Moya, le expres\u00f3 que su presencia ayudar\u00e1 a entender el planteamiento social, humano, econ\u00f3mico y presupuestal de la iniciativa.<\/p>\n\n\n\n<p>\u201cConocedores de las m\u00faltiples necesidades de los sinaloenses, este ejercicio viene a<br>fortalecer el entendimiento de cu\u00e1les fueron las prioridades y causas que les orientaron a enviar dicha iniciativa en los t\u00e9rminos que fue planteada\u201d, expres\u00f3.<\/p>\n\n\n\n<p>El secretario de Administraci\u00f3n y Finanzas, Enrique Alonso D\u00edaz Vega, asegur\u00f3 que tienen amplia disposici\u00f3n para escuchar, y esclarecer dudas y planteamientos que expongan diputados y diputadas sobre la Iniciativa de Ley de Ingresos y Presupuesto de Egresos.<\/p>\n\n\n\n<p>Asegur\u00f3 que esta iniciativa contiene un dise\u00f1o presupuestal que asegura el cumplimiento de las funciones esenciales del estado, y se perfila una reorientaci\u00f3n del gasto con sentido y fines sociales para la protecci\u00f3n de los sectores m\u00e1s vulnerables.<\/p>\n\n\n\n<p>Asimismo, agreg\u00f3, responde cabalmente a la informaci\u00f3n y los t\u00e9rminos a lo que les obliga la Ley de Presupuesto y Responsabilidad Hacendaria.<\/p>\n\n\n\n<p>De igual manera, afirm\u00f3 que se tiene compromiso con la transparencia y la rendici\u00f3n de cuentas.<\/p>\n\n\n\n<p>D\u00edaz Vega entreg\u00f3 al Congreso el anexo 11 en donde se expone a detalle cada partida del presupuesto contenido en la referida iniciativa.<\/p>\n\n\n\n<p>Asegur\u00f3 que la colaboraci\u00f3n institucional entre los poderes Legislativo y Ejecutivo ayudar\u00e1 a mejorar la transparencia y el mutuo entendimiento, con lo que se fortalece el ejercicio de gobierno para avanzar en el binomio transformaci\u00f3n-bienestar.<\/p>\n","protected":false},"excerpt":{"rendered":"<p>Asistieron las y los integrantes de la JUCOPO, as\u00ed como diputados y diputadas integrantes de los distintos grupos parlamentarios. Culiac\u00e1n, Sin.- El Congreso del Estado de Sinaloa y la Secretar\u00eda estatal de Administraci\u00f3n y Finanzas instalaron este s\u00e1bado una mesa de an\u00e1lisis de la Ley de Ingresos y Presupuesto de Egresos para el ejercicio Fiscal [&hellip;]<\/p>\n","protected":false},"author":4,"featured_media":19638,"comment_status":"open","ping_status":"open","sticky":false,"template":"","format":"standard","meta":{"tdm_status":"","tdm_grid_status":"","footnotes":""},"categories":[37],"tags":[708],"class_list":{"0":"post-19637","1":"post","2":"type-post","3":"status-publish","4":"format-standard","5":"has-post-thumbnail","7":"category-nota-principal","8":"tag-congreso-del-estado-de-sinaloa"},"yoast_head":"<!-- This site is optimized with the Yoast SEO plugin v27.5 - https:\/\/yoast.com\/product\/yoast-seo-wordpress\/ -->\n<title>Instala Congreso mesa de an\u00e1lisis de Iniciativa de Ley de Ingresos y Presupuesto de Egresos - Fuentes Fidedignas<\/title>\n<meta name=\"robots\" content=\"index, follow, max-snippet:-1, max-image-preview:large, max-video-preview:-1\" \/>\n<link rel=\"canonical\" href=\"https:\/\/fuentesfidedignas.com.mx\/index.php\/2021\/12\/11\/instala-congreso-mesa-de-analisis-de-iniciativa-de-ley-de-ingresos-y-presupuesto-de-egresos\/\" \/>\n<meta property=\"og:locale\" content=\"es_MX\" \/>\n<meta property=\"og:type\" content=\"article\" \/>\n<meta property=\"og:title\" content=\"Instala Congreso mesa de an\u00e1lisis de Iniciativa de Ley de Ingresos y Presupuesto de Egresos - Fuentes Fidedignas\" \/>\n<meta property=\"og:description\" content=\"Asistieron las y los integrantes de la JUCOPO, as\u00ed como diputados y diputadas integrantes de los distintos grupos parlamentarios. Culiac\u00e1n, Sin.- El Congreso del Estado de Sinaloa y la Secretar\u00eda estatal de Administraci\u00f3n y Finanzas instalaron este s\u00e1bado una mesa de an\u00e1lisis de la Ley de Ingresos y Presupuesto de Egresos para el ejercicio Fiscal [&hellip;]\" \/>\n<meta property=\"og:url\" content=\"https:\/\/fuentesfidedignas.com.mx\/index.php\/2021\/12\/11\/instala-congreso-mesa-de-analisis-de-iniciativa-de-ley-de-ingresos-y-presupuesto-de-egresos\/\" \/>\n<meta property=\"og:site_name\" content=\"Fuentes Fidedignas\" \/>\n<meta property=\"article:publisher\" content=\"https:\/\/www.facebook.com\/Fuentes-Fidedignas-368234489921644\" \/>\n<meta property=\"article:published_time\" content=\"2021-12-11T22:02:23+00:00\" \/>\n<meta property=\"article:modified_time\" content=\"2021-12-11T22:02:24+00:00\" \/>\n<meta property=\"og:image\" content=\"https:\/\/fuentesfidedignas.com.mx\/wp-content\/uploads\/2021\/12\/congreso_analisis.jpg\" \/>\n\t<meta property=\"og:image:width\" content=\"1280\" \/>\n\t<meta property=\"og:image:height\" content=\"858\" \/>\n\t<meta property=\"og:image:type\" content=\"image\/jpeg\" \/>\n<meta name=\"author\" content=\"Redacci\u00f3n\" \/>\n<meta name=\"twitter:card\" content=\"summary_large_image\" \/>\n<meta name=\"twitter:creator\" content=\"@fidedignas\" \/>\n<meta name=\"twitter:site\" content=\"@fidedignas\" \/>\n<meta name=\"twitter:label1\" content=\"Escrito por\" \/>\n\t<meta name=\"twitter:data1\" content=\"Redacci\u00f3n\" \/>\n\t<meta name=\"twitter:label2\" content=\"Tiempo de lectura\" \/>\n\t<meta name=\"twitter:data2\" content=\"2 minutos\" \/>\n<script type=\"application\/ld+json\" class=\"yoast-schema-graph\">{\"@context\":\"https:\\\/\\\/schema.org\",\"@graph\":[{\"@type\":\"Article\",\"@id\":\"https:\\\/\\\/fuentesfidedignas.com.mx\\\/index.php\\\/2021\\\/12\\\/11\\\/instala-congreso-mesa-de-analisis-de-iniciativa-de-ley-de-ingresos-y-presupuesto-de-egresos\\\/#article\",\"isPartOf\":{\"@id\":\"https:\\\/\\\/fuentesfidedignas.com.mx\\\/index.php\\\/2021\\\/12\\\/11\\\/instala-congreso-mesa-de-analisis-de-iniciativa-de-ley-de-ingresos-y-presupuesto-de-egresos\\\/\"},\"author\":{\"name\":\"Redacci\u00f3n\",\"@id\":\"https:\\\/\\\/fuentesfidedignas.com.mx\\\/#\\\/schema\\\/person\\\/331be9283d37198e2acd5750279085b0\"},\"headline\":\"Instala Congreso mesa de an\u00e1lisis de Iniciativa de Ley de Ingresos y Presupuesto de Egresos\",\"datePublished\":\"2021-12-11T22:02:23+00:00\",\"dateModified\":\"2021-12-11T22:02:24+00:00\",\"mainEntityOfPage\":{\"@id\":\"https:\\\/\\\/fuentesfidedignas.com.mx\\\/index.php\\\/2021\\\/12\\\/11\\\/instala-congreso-mesa-de-analisis-de-iniciativa-de-ley-de-ingresos-y-presupuesto-de-egresos\\\/\"},\"wordCount\":496,\"commentCount\":0,\"publisher\":{\"@id\":\"https:\\\/\\\/fuentesfidedignas.com.mx\\\/#organization\"},\"image\":{\"@id\":\"https:\\\/\\\/fuentesfidedignas.com.mx\\\/index.php\\\/2021\\\/12\\\/11\\\/instala-congreso-mesa-de-analisis-de-iniciativa-de-ley-de-ingresos-y-presupuesto-de-egresos\\\/#primaryimage\"},\"thumbnailUrl\":\"https:\\\/\\\/fuentesfidedignas.com.mx\\\/wp-content\\\/uploads\\\/2021\\\/12\\\/congreso_analisis.jpg\",\"keywords\":[\"Congreso del Estado de Sinaloa\"],\"articleSection\":[\"NOTA PRINCIPAL\"],\"inLanguage\":\"es\",\"potentialAction\":[{\"@type\":\"CommentAction\",\"name\":\"Comment\",\"target\":[\"https:\\\/\\\/fuentesfidedignas.com.mx\\\/index.php\\\/2021\\\/12\\\/11\\\/instala-congreso-mesa-de-analisis-de-iniciativa-de-ley-de-ingresos-y-presupuesto-de-egresos\\\/#respond\"]}]},{\"@type\":\"WebPage\",\"@id\":\"https:\\\/\\\/fuentesfidedignas.com.mx\\\/index.php\\\/2021\\\/12\\\/11\\\/instala-congreso-mesa-de-analisis-de-iniciativa-de-ley-de-ingresos-y-presupuesto-de-egresos\\\/\",\"url\":\"https:\\\/\\\/fuentesfidedignas.com.mx\\\/index.php\\\/2021\\\/12\\\/11\\\/instala-congreso-mesa-de-analisis-de-iniciativa-de-ley-de-ingresos-y-presupuesto-de-egresos\\\/\",\"name\":\"Instala Congreso mesa de an\u00e1lisis de Iniciativa de Ley de Ingresos y Presupuesto de Egresos - Fuentes Fidedignas\",\"isPartOf\":{\"@id\":\"https:\\\/\\\/fuentesfidedignas.com.mx\\\/#website\"},\"primaryImageOfPage\":{\"@id\":\"https:\\\/\\\/fuentesfidedignas.com.mx\\\/index.php\\\/2021\\\/12\\\/11\\\/instala-congreso-mesa-de-analisis-de-iniciativa-de-ley-de-ingresos-y-presupuesto-de-egresos\\\/#primaryimage\"},\"image\":{\"@id\":\"https:\\\/\\\/fuentesfidedignas.com.mx\\\/index.php\\\/2021\\\/12\\\/11\\\/instala-congreso-mesa-de-analisis-de-iniciativa-de-ley-de-ingresos-y-presupuesto-de-egresos\\\/#primaryimage\"},\"thumbnailUrl\":\"https:\\\/\\\/fuentesfidedignas.com.mx\\\/wp-content\\\/uploads\\\/2021\\\/12\\\/congreso_analisis.jpg\",\"datePublished\":\"2021-12-11T22:02:23+00:00\",\"dateModified\":\"2021-12-11T22:02:24+00:00\",\"breadcrumb\":{\"@id\":\"https:\\\/\\\/fuentesfidedignas.com.mx\\\/index.php\\\/2021\\\/12\\\/11\\\/instala-congreso-mesa-de-analisis-de-iniciativa-de-ley-de-ingresos-y-presupuesto-de-egresos\\\/#breadcrumb\"},\"inLanguage\":\"es\",\"potentialAction\":[{\"@type\":\"ReadAction\",\"target\":[\"https:\\\/\\\/fuentesfidedignas.com.mx\\\/index.php\\\/2021\\\/12\\\/11\\\/instala-congreso-mesa-de-analisis-de-iniciativa-de-ley-de-ingresos-y-presupuesto-de-egresos\\\/\"]}]},{\"@type\":\"ImageObject\",\"inLanguage\":\"es\",\"@id\":\"https:\\\/\\\/fuentesfidedignas.com.mx\\\/index.php\\\/2021\\\/12\\\/11\\\/instala-congreso-mesa-de-analisis-de-iniciativa-de-ley-de-ingresos-y-presupuesto-de-egresos\\\/#primaryimage\",\"url\":\"https:\\\/\\\/fuentesfidedignas.com.mx\\\/wp-content\\\/uploads\\\/2021\\\/12\\\/congreso_analisis.jpg\",\"contentUrl\":\"https:\\\/\\\/fuentesfidedignas.com.mx\\\/wp-content\\\/uploads\\\/2021\\\/12\\\/congreso_analisis.jpg\",\"width\":1280,\"height\":858},{\"@type\":\"BreadcrumbList\",\"@id\":\"https:\\\/\\\/fuentesfidedignas.com.mx\\\/index.php\\\/2021\\\/12\\\/11\\\/instala-congreso-mesa-de-analisis-de-iniciativa-de-ley-de-ingresos-y-presupuesto-de-egresos\\\/#breadcrumb\",\"itemListElement\":[{\"@type\":\"ListItem\",\"position\":1,\"name\":\"Inicio\",\"item\":\"https:\\\/\\\/fuentesfidedignas.com.mx\\\/\"},{\"@type\":\"ListItem\",\"position\":2,\"name\":\"Instala Congreso mesa de an\u00e1lisis de Iniciativa de Ley de Ingresos y Presupuesto de Egresos\"}]},{\"@type\":\"WebSite\",\"@id\":\"https:\\\/\\\/fuentesfidedignas.com.mx\\\/#website\",\"url\":\"https:\\\/\\\/fuentesfidedignas.com.mx\\\/\",\"name\":\"Fuentes Fidedignas\",\"description\":\"Otro sitio realizado con WordPress\",\"publisher\":{\"@id\":\"https:\\\/\\\/fuentesfidedignas.com.mx\\\/#organization\"},\"potentialAction\":[{\"@type\":\"SearchAction\",\"target\":{\"@type\":\"EntryPoint\",\"urlTemplate\":\"https:\\\/\\\/fuentesfidedignas.com.mx\\\/?s={search_term_string}\"},\"query-input\":{\"@type\":\"PropertyValueSpecification\",\"valueRequired\":true,\"valueName\":\"search_term_string\"}}],\"inLanguage\":\"es\"},{\"@type\":\"Organization\",\"@id\":\"https:\\\/\\\/fuentesfidedignas.com.mx\\\/#organization\",\"name\":\"Fuentes Fidedignas\",\"url\":\"https:\\\/\\\/fuentesfidedignas.com.mx\\\/\",\"logo\":{\"@type\":\"ImageObject\",\"inLanguage\":\"es\",\"@id\":\"https:\\\/\\\/fuentesfidedignas.com.mx\\\/#\\\/schema\\\/logo\\\/image\\\/\",\"url\":\"https:\\\/\\\/fuentesfidedignas.com.mx\\\/wp-content\\\/uploads\\\/2021\\\/04\\\/logo-retina.png\",\"contentUrl\":\"https:\\\/\\\/fuentesfidedignas.com.mx\\\/wp-content\\\/uploads\\\/2021\\\/04\\\/logo-retina.png\",\"width\":280,\"height\":51,\"caption\":\"Fuentes Fidedignas\"},\"image\":{\"@id\":\"https:\\\/\\\/fuentesfidedignas.com.mx\\\/#\\\/schema\\\/logo\\\/image\\\/\"},\"sameAs\":[\"https:\\\/\\\/www.facebook.com\\\/Fuentes-Fidedignas-368234489921644\",\"https:\\\/\\\/x.com\\\/fidedignas\"]},{\"@type\":\"Person\",\"@id\":\"https:\\\/\\\/fuentesfidedignas.com.mx\\\/#\\\/schema\\\/person\\\/331be9283d37198e2acd5750279085b0\",\"name\":\"Redacci\u00f3n\",\"image\":{\"@type\":\"ImageObject\",\"inLanguage\":\"es\",\"@id\":\"https:\\\/\\\/secure.gravatar.com\\\/avatar\\\/f6d8782c11d12b2d4ad3fbb6931aeab5309937a4d6cd2fc9cfaa28a6396a5aec?s=96&d=mm&r=g\",\"url\":\"https:\\\/\\\/secure.gravatar.com\\\/avatar\\\/f6d8782c11d12b2d4ad3fbb6931aeab5309937a4d6cd2fc9cfaa28a6396a5aec?s=96&d=mm&r=g\",\"contentUrl\":\"https:\\\/\\\/secure.gravatar.com\\\/avatar\\\/f6d8782c11d12b2d4ad3fbb6931aeab5309937a4d6cd2fc9cfaa28a6396a5aec?s=96&d=mm&r=g\",\"caption\":\"Redacci\u00f3n\"},\"url\":\"https:\\\/\\\/fuentesfidedignas.com.mx\\\/index.php\\\/author\\\/redaccion\\\/\"}]}<\/script>\n<!-- \/ Yoast SEO plugin. -->","yoast_head_json":{"title":"Instala Congreso mesa de an\u00e1lisis de Iniciativa de Ley de Ingresos y Presupuesto de Egresos - Fuentes Fidedignas","robots":{"index":"index","follow":"follow","max-snippet":"max-snippet:-1","max-image-preview":"max-image-preview:large","max-video-preview":"max-video-preview:-1"},"canonical":"https:\/\/fuentesfidedignas.com.mx\/index.php\/2021\/12\/11\/instala-congreso-mesa-de-analisis-de-iniciativa-de-ley-de-ingresos-y-presupuesto-de-egresos\/","og_locale":"es_MX","og_type":"article","og_title":"Instala Congreso mesa de an\u00e1lisis de Iniciativa de Ley de Ingresos y Presupuesto de Egresos - Fuentes Fidedignas","og_description":"Asistieron las y los integrantes de la JUCOPO, as\u00ed como diputados y diputadas integrantes de los distintos grupos parlamentarios. Culiac\u00e1n, Sin.- El Congreso del Estado de Sinaloa y la Secretar\u00eda estatal de Administraci\u00f3n y Finanzas instalaron este s\u00e1bado una mesa de an\u00e1lisis de la Ley de Ingresos y Presupuesto de Egresos para el ejercicio Fiscal [&hellip;]","og_url":"https:\/\/fuentesfidedignas.com.mx\/index.php\/2021\/12\/11\/instala-congreso-mesa-de-analisis-de-iniciativa-de-ley-de-ingresos-y-presupuesto-de-egresos\/","og_site_name":"Fuentes Fidedignas","article_publisher":"https:\/\/www.facebook.com\/Fuentes-Fidedignas-368234489921644","article_published_time":"2021-12-11T22:02:23+00:00","article_modified_time":"2021-12-11T22:02:24+00:00","og_image":[{"width":1280,"height":858,"url":"https:\/\/fuentesfidedignas.com.mx\/wp-content\/uploads\/2021\/12\/congreso_analisis.jpg","type":"image\/jpeg"}],"author":"Redacci\u00f3n","twitter_card":"summary_large_image","twitter_creator":"@fidedignas","twitter_site":"@fidedignas","twitter_misc":{"Escrito por":"Redacci\u00f3n","Tiempo de lectura":"2 minutos"},"schema":{"@context":"https:\/\/schema.org","@graph":[{"@type":"Article","@id":"https:\/\/fuentesfidedignas.com.mx\/index.php\/2021\/12\/11\/instala-congreso-mesa-de-analisis-de-iniciativa-de-ley-de-ingresos-y-presupuesto-de-egresos\/#article","isPartOf":{"@id":"https:\/\/fuentesfidedignas.com.mx\/index.php\/2021\/12\/11\/instala-congreso-mesa-de-analisis-de-iniciativa-de-ley-de-ingresos-y-presupuesto-de-egresos\/"},"author":{"name":"Redacci\u00f3n","@id":"https:\/\/fuentesfidedignas.com.mx\/#\/schema\/person\/331be9283d37198e2acd5750279085b0"},"headline":"Instala Congreso mesa de an\u00e1lisis de Iniciativa de Ley de Ingresos y Presupuesto de Egresos","datePublished":"2021-12-11T22:02:23+00:00","dateModified":"2021-12-11T22:02:24+00:00","mainEntityOfPage":{"@id":"https:\/\/fuentesfidedignas.com.mx\/index.php\/2021\/12\/11\/instala-congreso-mesa-de-analisis-de-iniciativa-de-ley-de-ingresos-y-presupuesto-de-egresos\/"},"wordCount":496,"commentCount":0,"publisher":{"@id":"https:\/\/fuentesfidedignas.com.mx\/#organization"},"image":{"@id":"https:\/\/fuentesfidedignas.com.mx\/index.php\/2021\/12\/11\/instala-congreso-mesa-de-analisis-de-iniciativa-de-ley-de-ingresos-y-presupuesto-de-egresos\/#primaryimage"},"thumbnailUrl":"https:\/\/fuentesfidedignas.com.mx\/wp-content\/uploads\/2021\/12\/congreso_analisis.jpg","keywords":["Congreso del Estado de Sinaloa"],"articleSection":["NOTA PRINCIPAL"],"inLanguage":"es","potentialAction":[{"@type":"CommentAction","name":"Comment","target":["https:\/\/fuentesfidedignas.com.mx\/index.php\/2021\/12\/11\/instala-congreso-mesa-de-analisis-de-iniciativa-de-ley-de-ingresos-y-presupuesto-de-egresos\/#respond"]}]},{"@type":"WebPage","@id":"https:\/\/fuentesfidedignas.com.mx\/index.php\/2021\/12\/11\/instala-congreso-mesa-de-analisis-de-iniciativa-de-ley-de-ingresos-y-presupuesto-de-egresos\/","url":"https:\/\/fuentesfidedignas.com.mx\/index.php\/2021\/12\/11\/instala-congreso-mesa-de-analisis-de-iniciativa-de-ley-de-ingresos-y-presupuesto-de-egresos\/","name":"Instala Congreso mesa de an\u00e1lisis de Iniciativa de Ley de Ingresos y Presupuesto de Egresos - Fuentes Fidedignas","isPartOf":{"@id":"https:\/\/fuentesfidedignas.com.mx\/#website"},"primaryImageOfPage":{"@id":"https:\/\/fuentesfidedignas.com.mx\/index.php\/2021\/12\/11\/instala-congreso-mesa-de-analisis-de-iniciativa-de-ley-de-ingresos-y-presupuesto-de-egresos\/#primaryimage"},"image":{"@id":"https:\/\/fuentesfidedignas.com.mx\/index.php\/2021\/12\/11\/instala-congreso-mesa-de-analisis-de-iniciativa-de-ley-de-ingresos-y-presupuesto-de-egresos\/#primaryimage"},"thumbnailUrl":"https:\/\/fuentesfidedignas.com.mx\/wp-content\/uploads\/2021\/12\/congreso_analisis.jpg","datePublished":"2021-12-11T22:02:23+00:00","dateModified":"2021-12-11T22:02:24+00:00","breadcrumb":{"@id":"https:\/\/fuentesfidedignas.com.mx\/index.php\/2021\/12\/11\/instala-congreso-mesa-de-analisis-de-iniciativa-de-ley-de-ingresos-y-presupuesto-de-egresos\/#breadcrumb"},"inLanguage":"es","potentialAction":[{"@type":"ReadAction","target":["https:\/\/fuentesfidedignas.com.mx\/index.php\/2021\/12\/11\/instala-congreso-mesa-de-analisis-de-iniciativa-de-ley-de-ingresos-y-presupuesto-de-egresos\/"]}]},{"@type":"ImageObject","inLanguage":"es","@id":"https:\/\/fuentesfidedignas.com.mx\/index.php\/2021\/12\/11\/instala-congreso-mesa-de-analisis-de-iniciativa-de-ley-de-ingresos-y-presupuesto-de-egresos\/#primaryimage","url":"https:\/\/fuentesfidedignas.com.mx\/wp-content\/uploads\/2021\/12\/congreso_analisis.jpg","contentUrl":"https:\/\/fuentesfidedignas.com.mx\/wp-content\/uploads\/2021\/12\/congreso_analisis.jpg","width":1280,"height":858},{"@type":"BreadcrumbList","@id":"https:\/\/fuentesfidedignas.com.mx\/index.php\/2021\/12\/11\/instala-congreso-mesa-de-analisis-de-iniciativa-de-ley-de-ingresos-y-presupuesto-de-egresos\/#breadcrumb","itemListElement":[{"@type":"ListItem","position":1,"name":"Inicio","item":"https:\/\/fuentesfidedignas.com.mx\/"},{"@type":"ListItem","position":2,"name":"Instala Congreso mesa de an\u00e1lisis de Iniciativa de Ley de Ingresos y Presupuesto de Egresos"}]},{"@type":"WebSite","@id":"https:\/\/fuentesfidedignas.com.mx\/#website","url":"https:\/\/fuentesfidedignas.com.mx\/","name":"Fuentes Fidedignas","description":"Otro sitio realizado con WordPress","publisher":{"@id":"https:\/\/fuentesfidedignas.com.mx\/#organization"},"potentialAction":[{"@type":"SearchAction","target":{"@type":"EntryPoint","urlTemplate":"https:\/\/fuentesfidedignas.com.mx\/?s={search_term_string}"},"query-input":{"@type":"PropertyValueSpecification","valueRequired":true,"valueName":"search_term_string"}}],"inLanguage":"es"},{"@type":"Organization","@id":"https:\/\/fuentesfidedignas.com.mx\/#organization","name":"Fuentes Fidedignas","url":"https:\/\/fuentesfidedignas.com.mx\/","logo":{"@type":"ImageObject","inLanguage":"es","@id":"https:\/\/fuentesfidedignas.com.mx\/#\/schema\/logo\/image\/","url":"https:\/\/fuentesfidedignas.com.mx\/wp-content\/uploads\/2021\/04\/logo-retina.png","contentUrl":"https:\/\/fuentesfidedignas.com.mx\/wp-content\/uploads\/2021\/04\/logo-retina.png","width":280,"height":51,"caption":"Fuentes Fidedignas"},"image":{"@id":"https:\/\/fuentesfidedignas.com.mx\/#\/schema\/logo\/image\/"},"sameAs":["https:\/\/www.facebook.com\/Fuentes-Fidedignas-368234489921644","https:\/\/x.com\/fidedignas"]},{"@type":"Person","@id":"https:\/\/fuentesfidedignas.com.mx\/#\/schema\/person\/331be9283d37198e2acd5750279085b0","name":"Redacci\u00f3n","image":{"@type":"ImageObject","inLanguage":"es","@id":"https:\/\/secure.gravatar.com\/avatar\/f6d8782c11d12b2d4ad3fbb6931aeab5309937a4d6cd2fc9cfaa28a6396a5aec?s=96&d=mm&r=g","url":"https:\/\/secure.gravatar.com\/avatar\/f6d8782c11d12b2d4ad3fbb6931aeab5309937a4d6cd2fc9cfaa28a6396a5aec?s=96&d=mm&r=g","contentUrl":"https:\/\/secure.gravatar.com\/avatar\/f6d8782c11d12b2d4ad3fbb6931aeab5309937a4d6cd2fc9cfaa28a6396a5aec?s=96&d=mm&r=g","caption":"Redacci\u00f3n"},"url":"https:\/\/fuentesfidedignas.com.mx\/index.php\/author\/redaccion\/"}]}},"_links":{"self":[{"href":"https:\/\/fuentesfidedignas.com.mx\/index.php\/wp-json\/wp\/v2\/posts\/19637","targetHints":{"allow":["GET"]}}],"collection":[{"href":"https:\/\/fuentesfidedignas.com.mx\/index.php\/wp-json\/wp\/v2\/posts"}],"about":[{"href":"https:\/\/fuentesfidedignas.com.mx\/index.php\/wp-json\/wp\/v2\/types\/post"}],"author":[{"embeddable":true,"href":"https:\/\/fuentesfidedignas.com.mx\/index.php\/wp-json\/wp\/v2\/users\/4"}],"replies":[{"embeddable":true,"href":"https:\/\/fuentesfidedignas.com.mx\/index.php\/wp-json\/wp\/v2\/comments?post=19637"}],"version-history":[{"count":1,"href":"https:\/\/fuentesfidedignas.com.mx\/index.php\/wp-json\/wp\/v2\/posts\/19637\/revisions"}],"predecessor-version":[{"id":19639,"href":"https:\/\/fuentesfidedignas.com.mx\/index.php\/wp-json\/wp\/v2\/posts\/19637\/revisions\/19639"}],"wp:featuredmedia":[{"embeddable":true,"href":"https:\/\/fuentesfidedignas.com.mx\/index.php\/wp-json\/wp\/v2\/media\/19638"}],"wp:attachment":[{"href":"https:\/\/fuentesfidedignas.com.mx\/index.php\/wp-json\/wp\/v2\/media?parent=19637"}],"wp:term":[{"taxonomy":"category","embeddable":true,"href":"https:\/\/fuentesfidedignas.com.mx\/index.php\/wp-json\/wp\/v2\/categories?post=19637"},{"taxonomy":"post_tag","embeddable":true,"href":"https:\/\/fuentesfidedignas.com.mx\/index.php\/wp-json\/wp\/v2\/tags?post=19637"}],"curies":[{"name":"wp","href":"https:\/\/api.w.org\/{rel}","templated":true}]}}