{"id":19634,"date":"2021-12-11T14:56:02","date_gmt":"2021-12-11T21:56:02","guid":{"rendered":"https:\/\/fuentesfidedignas.com.mx\/?p=19634"},"modified":"2021-12-11T14:56:04","modified_gmt":"2021-12-11T21:56:04","slug":"rocha-recibio-el-mayor-cargamento-de-vacunas-contra-el-covid","status":"publish","type":"post","link":"https:\/\/fuentesfidedignas.com.mx\/index.php\/2021\/12\/11\/rocha-recibio-el-mayor-cargamento-de-vacunas-contra-el-covid\/","title":{"rendered":"Rocha recibi\u00f3 el mayor cargamento de vacunas contra el Covid"},"content":{"rendered":"\n<p><strong><em>Con el arribo de las 300 mil vacunas para adultos mayores y las 49 mil para j\u00f3venes de 15-17 a\u00f1os, se llegar\u00e1 al 100 por ciento de cobertura<\/em><\/strong><\/p>\n\n\n\n<p>Culiac\u00e1n, Sin.- El gobernador Rub\u00e9n Rocha Moya recibi\u00f3 en el hangar de la Fuerza A\u00e9rea Mexicana, en el aeropuerto de Culiac\u00e1n, un nuevo cargamento de vacunas contra el COVID, el mayor recibido hasta ahora, de dos distintas farmac\u00e9uticas, para cubrir al 100 por ciento la demanda de vacunaci\u00f3n de la tercera dosis para adultos mayores de 60 a\u00f1os, y para la primera dosis del segmento de la poblaci\u00f3n de j\u00f3venes entre 15 y 17 a\u00f1os.<\/p>\n\n\n\n<p>Acompa\u00f1ado por el secretario de Salud, H\u00e9ctor Melesio Cu\u00e9n Ojeda, y por los dem\u00e1s miembros del Comando Estatal de Vacunaci\u00f3n en Sinaloa, el gobernador Rocha recibi\u00f3 por la ma\u00f1ana el cargamento que transport\u00f3 un avi\u00f3n Boeing 777 de la Fuerza A\u00e9rea Mexicana, que trajo 300 mil dosis de la vacuna Astra Z\u00e9neca, y 49 mil 110 de la farmac\u00e9utica Pfizer, las cuales de inmediato fueron trasladadas a los centros de refrigeraci\u00f3n de la Universidad Aut\u00f3noma de Sinaloa, desde donde se destinar\u00e1n a los diferentes macrocentros de vacunaci\u00f3n.<\/p>\n\n\n\n<p>Cabe destacar que con el arribo de esta cantidad de biol\u00f3gicos, se cubrir\u00e1 al 100 por ciento la vacunaci\u00f3n de los 387 mil adultos mayores que hay en Sinaloa, lo mismo que en el sector de los j\u00f3venes, donde existen alrededor de 150 mil en el estado, y que hasta la fecha se tiene un avance del 75 por ciento, pues con la llegada de las 49 mil dosis de Pfizer tambi\u00e9n se cubrir\u00e1 la totalidad de este sector juvenil de la poblaci\u00f3n, inform\u00f3 a su vez el secretario H\u00e9ctor Melesio Cu\u00e9n Ojeda.<\/p>\n\n\n\n<p>El gobernador Rocha le agradeci\u00f3 al presidente de la Rep\u00fablica, Andr\u00e9s Manuel L\u00f3pez Obrador por el env\u00edo de esta nueva remesa de vacunas, pues reconoci\u00f3 que el mandatario de la Naci\u00f3n ha estado muy atento de este proceso de vacunaci\u00f3n en Sinaloa, y gracias a ello, se podr\u00e1 concluir al 100 por ciento en este mismo mes de diciembre la tercera dosis de vacunaci\u00f3n para los adultos mayores.<\/p>\n\n\n\n<p>El mandatario estatal aprovech\u00f3 para agradecer la colaboraci\u00f3n de la Universidad Aut\u00f3noma de Sinaloa, con su brigada de voluntarios, y tambi\u00e9n al Ej\u00e9rcito Mexicano, a la Marina Armada de M\u00e9xico y a la Guardia Nacional, por su colaboraci\u00f3n en el traslado y resguardo de las vacunas.<\/p>\n\n\n\n<p>\u201cDe manera especial quiero agradecer a los trabajadores del Seguro Social, del ISSSTE, a los estudiantes de Medicina, de Enfermer\u00eda de la Universidad, que han estado poni\u00e9ndose las pilas\u201d, reconoci\u00f3.<\/p>\n\n\n\n<p>El gobernador Rocha destac\u00f3 por otra parte, que en agosto el IMSS ten\u00eda un total de 500 personas hospitalizadas en el estado a ra\u00edz del COVID, y al d\u00eda de hoy la cifra es de 26 pacientes. \u201cEsperemos que salgan con bien del hospital, y ahora ser\u00e1 una Navidad distinta, lo cual celebramos mucho, y esto tiene mucho que ver con este Comando de Vacunaci\u00f3n\u201d, concluy\u00f3.<\/p>\n\n\n\n<p>Luego de recibir las vacunas en la Base A\u00e9rea, el gobernador del estado se traslad\u00f3 al macrocentro de vacunaci\u00f3n instalado en el Parque Ernesto Mill\u00e1n Escalante, para aplicarse su tercera dosis de la vacuna Asta Z\u00e9neca.<\/p>\n\n\n\n<p>El mandatario estatal estuvo acompa\u00f1ado tambi\u00e9n por la delegada del IMSS, Tania Clarissa Medina L\u00f3pez; el delegado del ISSSTE, Marcial Silva G\u00f3mez; el rector de la UAS, Jes\u00fas Madue\u00f1a Molina; el delegado de Programas Sociales, Juan de Dios G\u00e1mez Mend\u00edvil; el comandante de la Base A\u00e9rea N\u00famero 10 de la Fuerza A\u00e9rea Mexicana, general de Ala, Enrique Gaona Mart\u00ednez; y en representaci\u00f3n de la Novena Zona Militar, el teniente coronel Sabino Victorio Carmona Miranda; y por la Guardia Nacional, el oficial Juan Carlos Valencia Guerrero.<\/p>\n","protected":false},"excerpt":{"rendered":"<p>Con el arribo de las 300 mil vacunas para adultos mayores y las 49 mil para j\u00f3venes de 15-17 a\u00f1os, se llegar\u00e1 al 100 por ciento de cobertura Culiac\u00e1n, Sin.- El gobernador Rub\u00e9n Rocha Moya recibi\u00f3 en el hangar de la Fuerza A\u00e9rea Mexicana, en el aeropuerto de Culiac\u00e1n, un nuevo cargamento de vacunas contra [&hellip;]<\/p>\n","protected":false},"author":4,"featured_media":0,"comment_status":"open","ping_status":"open","sticky":false,"template":"","format":"standard","meta":{"tdm_status":"","tdm_grid_status":"","footnotes":""},"categories":[37],"tags":[],"class_list":{"0":"post-19634","1":"post","2":"type-post","3":"status-publish","4":"format-standard","6":"category-nota-principal"},"yoast_head":"<!-- This site is optimized with the Yoast SEO plugin v27.5 - https:\/\/yoast.com\/product\/yoast-seo-wordpress\/ -->\n<title>Rocha recibi\u00f3 el mayor cargamento de vacunas contra el Covid - Fuentes Fidedignas<\/title>\n<meta name=\"robots\" content=\"index, follow, max-snippet:-1, max-image-preview:large, max-video-preview:-1\" \/>\n<link rel=\"canonical\" href=\"https:\/\/fuentesfidedignas.com.mx\/index.php\/2021\/12\/11\/rocha-recibio-el-mayor-cargamento-de-vacunas-contra-el-covid\/\" \/>\n<meta property=\"og:locale\" content=\"es_MX\" \/>\n<meta property=\"og:type\" content=\"article\" \/>\n<meta property=\"og:title\" content=\"Rocha recibi\u00f3 el mayor cargamento de vacunas contra el Covid - Fuentes Fidedignas\" \/>\n<meta property=\"og:description\" content=\"Con el arribo de las 300 mil vacunas para adultos mayores y las 49 mil para j\u00f3venes de 15-17 a\u00f1os, se llegar\u00e1 al 100 por ciento de cobertura Culiac\u00e1n, Sin.- El gobernador Rub\u00e9n Rocha Moya recibi\u00f3 en el hangar de la Fuerza A\u00e9rea Mexicana, en el aeropuerto de Culiac\u00e1n, un nuevo cargamento de vacunas contra [&hellip;]\" \/>\n<meta property=\"og:url\" content=\"https:\/\/fuentesfidedignas.com.mx\/index.php\/2021\/12\/11\/rocha-recibio-el-mayor-cargamento-de-vacunas-contra-el-covid\/\" \/>\n<meta property=\"og:site_name\" content=\"Fuentes Fidedignas\" \/>\n<meta property=\"article:publisher\" content=\"https:\/\/www.facebook.com\/Fuentes-Fidedignas-368234489921644\" \/>\n<meta property=\"article:published_time\" content=\"2021-12-11T21:56:02+00:00\" \/>\n<meta property=\"article:modified_time\" content=\"2021-12-11T21:56:04+00:00\" \/>\n<meta property=\"og:image\" content=\"https:\/\/fuentesfidedignas.com.mx\/wp-content\/uploads\/2021\/12\/WhatsApp-Image-2021-12-11-at-2.36.44-PM.jpeg\" \/>\n\t<meta property=\"og:image:width\" content=\"1600\" \/>\n\t<meta property=\"og:image:height\" content=\"1066\" \/>\n\t<meta property=\"og:image:type\" content=\"image\/jpeg\" \/>\n<meta name=\"author\" content=\"Redacci\u00f3n\" \/>\n<meta name=\"twitter:card\" content=\"summary_large_image\" \/>\n<meta name=\"twitter:creator\" content=\"@fidedignas\" \/>\n<meta name=\"twitter:site\" content=\"@fidedignas\" \/>\n<meta name=\"twitter:label1\" content=\"Escrito por\" \/>\n\t<meta name=\"twitter:data1\" content=\"Redacci\u00f3n\" \/>\n\t<meta name=\"twitter:label2\" content=\"Tiempo de lectura\" \/>\n\t<meta name=\"twitter:data2\" content=\"3 minutos\" \/>\n<script type=\"application\/ld+json\" class=\"yoast-schema-graph\">{\"@context\":\"https:\\\/\\\/schema.org\",\"@graph\":[{\"@type\":\"Article\",\"@id\":\"https:\\\/\\\/fuentesfidedignas.com.mx\\\/index.php\\\/2021\\\/12\\\/11\\\/rocha-recibio-el-mayor-cargamento-de-vacunas-contra-el-covid\\\/#article\",\"isPartOf\":{\"@id\":\"https:\\\/\\\/fuentesfidedignas.com.mx\\\/index.php\\\/2021\\\/12\\\/11\\\/rocha-recibio-el-mayor-cargamento-de-vacunas-contra-el-covid\\\/\"},\"author\":{\"name\":\"Redacci\u00f3n\",\"@id\":\"https:\\\/\\\/fuentesfidedignas.com.mx\\\/#\\\/schema\\\/person\\\/331be9283d37198e2acd5750279085b0\"},\"headline\":\"Rocha recibi\u00f3 el mayor cargamento de vacunas contra el Covid\",\"datePublished\":\"2021-12-11T21:56:02+00:00\",\"dateModified\":\"2021-12-11T21:56:04+00:00\",\"mainEntityOfPage\":{\"@id\":\"https:\\\/\\\/fuentesfidedignas.com.mx\\\/index.php\\\/2021\\\/12\\\/11\\\/rocha-recibio-el-mayor-cargamento-de-vacunas-contra-el-covid\\\/\"},\"wordCount\":674,\"commentCount\":0,\"publisher\":{\"@id\":\"https:\\\/\\\/fuentesfidedignas.com.mx\\\/#organization\"},\"articleSection\":[\"NOTA PRINCIPAL\"],\"inLanguage\":\"es\",\"potentialAction\":[{\"@type\":\"CommentAction\",\"name\":\"Comment\",\"target\":[\"https:\\\/\\\/fuentesfidedignas.com.mx\\\/index.php\\\/2021\\\/12\\\/11\\\/rocha-recibio-el-mayor-cargamento-de-vacunas-contra-el-covid\\\/#respond\"]}]},{\"@type\":\"WebPage\",\"@id\":\"https:\\\/\\\/fuentesfidedignas.com.mx\\\/index.php\\\/2021\\\/12\\\/11\\\/rocha-recibio-el-mayor-cargamento-de-vacunas-contra-el-covid\\\/\",\"url\":\"https:\\\/\\\/fuentesfidedignas.com.mx\\\/index.php\\\/2021\\\/12\\\/11\\\/rocha-recibio-el-mayor-cargamento-de-vacunas-contra-el-covid\\\/\",\"name\":\"Rocha recibi\u00f3 el mayor cargamento de vacunas contra el Covid - Fuentes Fidedignas\",\"isPartOf\":{\"@id\":\"https:\\\/\\\/fuentesfidedignas.com.mx\\\/#website\"},\"datePublished\":\"2021-12-11T21:56:02+00:00\",\"dateModified\":\"2021-12-11T21:56:04+00:00\",\"breadcrumb\":{\"@id\":\"https:\\\/\\\/fuentesfidedignas.com.mx\\\/index.php\\\/2021\\\/12\\\/11\\\/rocha-recibio-el-mayor-cargamento-de-vacunas-contra-el-covid\\\/#breadcrumb\"},\"inLanguage\":\"es\",\"potentialAction\":[{\"@type\":\"ReadAction\",\"target\":[\"https:\\\/\\\/fuentesfidedignas.com.mx\\\/index.php\\\/2021\\\/12\\\/11\\\/rocha-recibio-el-mayor-cargamento-de-vacunas-contra-el-covid\\\/\"]}]},{\"@type\":\"BreadcrumbList\",\"@id\":\"https:\\\/\\\/fuentesfidedignas.com.mx\\\/index.php\\\/2021\\\/12\\\/11\\\/rocha-recibio-el-mayor-cargamento-de-vacunas-contra-el-covid\\\/#breadcrumb\",\"itemListElement\":[{\"@type\":\"ListItem\",\"position\":1,\"name\":\"Inicio\",\"item\":\"https:\\\/\\\/fuentesfidedignas.com.mx\\\/\"},{\"@type\":\"ListItem\",\"position\":2,\"name\":\"Rocha recibi\u00f3 el mayor cargamento de vacunas contra el Covid\"}]},{\"@type\":\"WebSite\",\"@id\":\"https:\\\/\\\/fuentesfidedignas.com.mx\\\/#website\",\"url\":\"https:\\\/\\\/fuentesfidedignas.com.mx\\\/\",\"name\":\"Fuentes Fidedignas\",\"description\":\"Otro sitio realizado con WordPress\",\"publisher\":{\"@id\":\"https:\\\/\\\/fuentesfidedignas.com.mx\\\/#organization\"},\"potentialAction\":[{\"@type\":\"SearchAction\",\"target\":{\"@type\":\"EntryPoint\",\"urlTemplate\":\"https:\\\/\\\/fuentesfidedignas.com.mx\\\/?s={search_term_string}\"},\"query-input\":{\"@type\":\"PropertyValueSpecification\",\"valueRequired\":true,\"valueName\":\"search_term_string\"}}],\"inLanguage\":\"es\"},{\"@type\":\"Organization\",\"@id\":\"https:\\\/\\\/fuentesfidedignas.com.mx\\\/#organization\",\"name\":\"Fuentes Fidedignas\",\"url\":\"https:\\\/\\\/fuentesfidedignas.com.mx\\\/\",\"logo\":{\"@type\":\"ImageObject\",\"inLanguage\":\"es\",\"@id\":\"https:\\\/\\\/fuentesfidedignas.com.mx\\\/#\\\/schema\\\/logo\\\/image\\\/\",\"url\":\"https:\\\/\\\/fuentesfidedignas.com.mx\\\/wp-content\\\/uploads\\\/2021\\\/04\\\/logo-retina.png\",\"contentUrl\":\"https:\\\/\\\/fuentesfidedignas.com.mx\\\/wp-content\\\/uploads\\\/2021\\\/04\\\/logo-retina.png\",\"width\":280,\"height\":51,\"caption\":\"Fuentes Fidedignas\"},\"image\":{\"@id\":\"https:\\\/\\\/fuentesfidedignas.com.mx\\\/#\\\/schema\\\/logo\\\/image\\\/\"},\"sameAs\":[\"https:\\\/\\\/www.facebook.com\\\/Fuentes-Fidedignas-368234489921644\",\"https:\\\/\\\/x.com\\\/fidedignas\"]},{\"@type\":\"Person\",\"@id\":\"https:\\\/\\\/fuentesfidedignas.com.mx\\\/#\\\/schema\\\/person\\\/331be9283d37198e2acd5750279085b0\",\"name\":\"Redacci\u00f3n\",\"image\":{\"@type\":\"ImageObject\",\"inLanguage\":\"es\",\"@id\":\"https:\\\/\\\/secure.gravatar.com\\\/avatar\\\/f6d8782c11d12b2d4ad3fbb6931aeab5309937a4d6cd2fc9cfaa28a6396a5aec?s=96&d=mm&r=g\",\"url\":\"https:\\\/\\\/secure.gravatar.com\\\/avatar\\\/f6d8782c11d12b2d4ad3fbb6931aeab5309937a4d6cd2fc9cfaa28a6396a5aec?s=96&d=mm&r=g\",\"contentUrl\":\"https:\\\/\\\/secure.gravatar.com\\\/avatar\\\/f6d8782c11d12b2d4ad3fbb6931aeab5309937a4d6cd2fc9cfaa28a6396a5aec?s=96&d=mm&r=g\",\"caption\":\"Redacci\u00f3n\"},\"url\":\"https:\\\/\\\/fuentesfidedignas.com.mx\\\/index.php\\\/author\\\/redaccion\\\/\"}]}<\/script>\n<!-- \/ Yoast SEO plugin. -->","yoast_head_json":{"title":"Rocha recibi\u00f3 el mayor cargamento de vacunas contra el Covid - Fuentes Fidedignas","robots":{"index":"index","follow":"follow","max-snippet":"max-snippet:-1","max-image-preview":"max-image-preview:large","max-video-preview":"max-video-preview:-1"},"canonical":"https:\/\/fuentesfidedignas.com.mx\/index.php\/2021\/12\/11\/rocha-recibio-el-mayor-cargamento-de-vacunas-contra-el-covid\/","og_locale":"es_MX","og_type":"article","og_title":"Rocha recibi\u00f3 el mayor cargamento de vacunas contra el Covid - Fuentes Fidedignas","og_description":"Con el arribo de las 300 mil vacunas para adultos mayores y las 49 mil para j\u00f3venes de 15-17 a\u00f1os, se llegar\u00e1 al 100 por ciento de cobertura Culiac\u00e1n, Sin.- El gobernador Rub\u00e9n Rocha Moya recibi\u00f3 en el hangar de la Fuerza A\u00e9rea Mexicana, en el aeropuerto de Culiac\u00e1n, un nuevo cargamento de vacunas contra [&hellip;]","og_url":"https:\/\/fuentesfidedignas.com.mx\/index.php\/2021\/12\/11\/rocha-recibio-el-mayor-cargamento-de-vacunas-contra-el-covid\/","og_site_name":"Fuentes Fidedignas","article_publisher":"https:\/\/www.facebook.com\/Fuentes-Fidedignas-368234489921644","article_published_time":"2021-12-11T21:56:02+00:00","article_modified_time":"2021-12-11T21:56:04+00:00","og_image":[{"width":1600,"height":1066,"url":"https:\/\/fuentesfidedignas.com.mx\/wp-content\/uploads\/2021\/12\/WhatsApp-Image-2021-12-11-at-2.36.44-PM.jpeg","type":"image\/jpeg"}],"author":"Redacci\u00f3n","twitter_card":"summary_large_image","twitter_creator":"@fidedignas","twitter_site":"@fidedignas","twitter_misc":{"Escrito por":"Redacci\u00f3n","Tiempo de lectura":"3 minutos"},"schema":{"@context":"https:\/\/schema.org","@graph":[{"@type":"Article","@id":"https:\/\/fuentesfidedignas.com.mx\/index.php\/2021\/12\/11\/rocha-recibio-el-mayor-cargamento-de-vacunas-contra-el-covid\/#article","isPartOf":{"@id":"https:\/\/fuentesfidedignas.com.mx\/index.php\/2021\/12\/11\/rocha-recibio-el-mayor-cargamento-de-vacunas-contra-el-covid\/"},"author":{"name":"Redacci\u00f3n","@id":"https:\/\/fuentesfidedignas.com.mx\/#\/schema\/person\/331be9283d37198e2acd5750279085b0"},"headline":"Rocha recibi\u00f3 el mayor cargamento de vacunas contra el Covid","datePublished":"2021-12-11T21:56:02+00:00","dateModified":"2021-12-11T21:56:04+00:00","mainEntityOfPage":{"@id":"https:\/\/fuentesfidedignas.com.mx\/index.php\/2021\/12\/11\/rocha-recibio-el-mayor-cargamento-de-vacunas-contra-el-covid\/"},"wordCount":674,"commentCount":0,"publisher":{"@id":"https:\/\/fuentesfidedignas.com.mx\/#organization"},"articleSection":["NOTA PRINCIPAL"],"inLanguage":"es","potentialAction":[{"@type":"CommentAction","name":"Comment","target":["https:\/\/fuentesfidedignas.com.mx\/index.php\/2021\/12\/11\/rocha-recibio-el-mayor-cargamento-de-vacunas-contra-el-covid\/#respond"]}]},{"@type":"WebPage","@id":"https:\/\/fuentesfidedignas.com.mx\/index.php\/2021\/12\/11\/rocha-recibio-el-mayor-cargamento-de-vacunas-contra-el-covid\/","url":"https:\/\/fuentesfidedignas.com.mx\/index.php\/2021\/12\/11\/rocha-recibio-el-mayor-cargamento-de-vacunas-contra-el-covid\/","name":"Rocha recibi\u00f3 el mayor cargamento de vacunas contra el Covid - Fuentes Fidedignas","isPartOf":{"@id":"https:\/\/fuentesfidedignas.com.mx\/#website"},"datePublished":"2021-12-11T21:56:02+00:00","dateModified":"2021-12-11T21:56:04+00:00","breadcrumb":{"@id":"https:\/\/fuentesfidedignas.com.mx\/index.php\/2021\/12\/11\/rocha-recibio-el-mayor-cargamento-de-vacunas-contra-el-covid\/#breadcrumb"},"inLanguage":"es","potentialAction":[{"@type":"ReadAction","target":["https:\/\/fuentesfidedignas.com.mx\/index.php\/2021\/12\/11\/rocha-recibio-el-mayor-cargamento-de-vacunas-contra-el-covid\/"]}]},{"@type":"BreadcrumbList","@id":"https:\/\/fuentesfidedignas.com.mx\/index.php\/2021\/12\/11\/rocha-recibio-el-mayor-cargamento-de-vacunas-contra-el-covid\/#breadcrumb","itemListElement":[{"@type":"ListItem","position":1,"name":"Inicio","item":"https:\/\/fuentesfidedignas.com.mx\/"},{"@type":"ListItem","position":2,"name":"Rocha recibi\u00f3 el mayor cargamento de vacunas contra el Covid"}]},{"@type":"WebSite","@id":"https:\/\/fuentesfidedignas.com.mx\/#website","url":"https:\/\/fuentesfidedignas.com.mx\/","name":"Fuentes Fidedignas","description":"Otro sitio realizado con WordPress","publisher":{"@id":"https:\/\/fuentesfidedignas.com.mx\/#organization"},"potentialAction":[{"@type":"SearchAction","target":{"@type":"EntryPoint","urlTemplate":"https:\/\/fuentesfidedignas.com.mx\/?s={search_term_string}"},"query-input":{"@type":"PropertyValueSpecification","valueRequired":true,"valueName":"search_term_string"}}],"inLanguage":"es"},{"@type":"Organization","@id":"https:\/\/fuentesfidedignas.com.mx\/#organization","name":"Fuentes Fidedignas","url":"https:\/\/fuentesfidedignas.com.mx\/","logo":{"@type":"ImageObject","inLanguage":"es","@id":"https:\/\/fuentesfidedignas.com.mx\/#\/schema\/logo\/image\/","url":"https:\/\/fuentesfidedignas.com.mx\/wp-content\/uploads\/2021\/04\/logo-retina.png","contentUrl":"https:\/\/fuentesfidedignas.com.mx\/wp-content\/uploads\/2021\/04\/logo-retina.png","width":280,"height":51,"caption":"Fuentes Fidedignas"},"image":{"@id":"https:\/\/fuentesfidedignas.com.mx\/#\/schema\/logo\/image\/"},"sameAs":["https:\/\/www.facebook.com\/Fuentes-Fidedignas-368234489921644","https:\/\/x.com\/fidedignas"]},{"@type":"Person","@id":"https:\/\/fuentesfidedignas.com.mx\/#\/schema\/person\/331be9283d37198e2acd5750279085b0","name":"Redacci\u00f3n","image":{"@type":"ImageObject","inLanguage":"es","@id":"https:\/\/secure.gravatar.com\/avatar\/f6d8782c11d12b2d4ad3fbb6931aeab5309937a4d6cd2fc9cfaa28a6396a5aec?s=96&d=mm&r=g","url":"https:\/\/secure.gravatar.com\/avatar\/f6d8782c11d12b2d4ad3fbb6931aeab5309937a4d6cd2fc9cfaa28a6396a5aec?s=96&d=mm&r=g","contentUrl":"https:\/\/secure.gravatar.com\/avatar\/f6d8782c11d12b2d4ad3fbb6931aeab5309937a4d6cd2fc9cfaa28a6396a5aec?s=96&d=mm&r=g","caption":"Redacci\u00f3n"},"url":"https:\/\/fuentesfidedignas.com.mx\/index.php\/author\/redaccion\/"}]}},"_links":{"self":[{"href":"https:\/\/fuentesfidedignas.com.mx\/index.php\/wp-json\/wp\/v2\/posts\/19634","targetHints":{"allow":["GET"]}}],"collection":[{"href":"https:\/\/fuentesfidedignas.com.mx\/index.php\/wp-json\/wp\/v2\/posts"}],"about":[{"href":"https:\/\/fuentesfidedignas.com.mx\/index.php\/wp-json\/wp\/v2\/types\/post"}],"author":[{"embeddable":true,"href":"https:\/\/fuentesfidedignas.com.mx\/index.php\/wp-json\/wp\/v2\/users\/4"}],"replies":[{"embeddable":true,"href":"https:\/\/fuentesfidedignas.com.mx\/index.php\/wp-json\/wp\/v2\/comments?post=19634"}],"version-history":[{"count":1,"href":"https:\/\/fuentesfidedignas.com.mx\/index.php\/wp-json\/wp\/v2\/posts\/19634\/revisions"}],"predecessor-version":[{"id":19636,"href":"https:\/\/fuentesfidedignas.com.mx\/index.php\/wp-json\/wp\/v2\/posts\/19634\/revisions\/19636"}],"wp:attachment":[{"href":"https:\/\/fuentesfidedignas.com.mx\/index.php\/wp-json\/wp\/v2\/media?parent=19634"}],"wp:term":[{"taxonomy":"category","embeddable":true,"href":"https:\/\/fuentesfidedignas.com.mx\/index.php\/wp-json\/wp\/v2\/categories?post=19634"},{"taxonomy":"post_tag","embeddable":true,"href":"https:\/\/fuentesfidedignas.com.mx\/index.php\/wp-json\/wp\/v2\/tags?post=19634"}],"curies":[{"name":"wp","href":"https:\/\/api.w.org\/{rel}","templated":true}]}}