{"id":19628,"date":"2021-12-11T12:51:55","date_gmt":"2021-12-11T19:51:55","guid":{"rendered":"https:\/\/fuentesfidedignas.com.mx\/?p=19628"},"modified":"2021-12-11T12:52:24","modified_gmt":"2021-12-11T19:52:24","slug":"gobierno-municipal-cercano-a-la-gente-con-la-feria-del-bienestar-vargas-landeros","status":"publish","type":"post","link":"https:\/\/fuentesfidedignas.com.mx\/index.php\/2021\/12\/11\/gobierno-municipal-cercano-a-la-gente-con-la-feria-del-bienestar-vargas-landeros\/","title":{"rendered":"Gobierno Municipal cercano a la gente con la Feria del Bienestar: Vargas Landeros"},"content":{"rendered":"\n<p><strong><em>Durante las cinco ediciones de este programa se han otorgado alrededor de 8 mil 443 servicios y acciones de gobierno municipal.<\/em><\/strong><\/p>\n\n\n\n<p>Los Mochis, Ahome, Sin.- La Feria del Bienestar ha otorgado aproximadamente 8 mil 443 servicios y acciones durante las cinco ediciones de este programa destac\u00f3 Gerardo Vargas Landeros, presidente municipal de Ahome.<\/p>\n\n\n\n<p>La Feria del Bienestar del Gobierno del Municipio de Ahome lleg\u00f3 con todos sus programas y servicios gratuitos a la colonia Santa Alicia de la ciudad de Los Mochis, en donde el Alcalde de Ahome atendi\u00f3 de manera personal a los ciudadanos que se le acercaron para presentarle solicitudes y hacer gesti\u00f3n de desarrollo comunitario.<\/p>\n\n\n\n<p>En su mensaje, Gerardo Vargas Landeros precis\u00f3 \u201cEsta es la forma en que 4 T del Gobierno de M\u00e9xico que encabezan el presidente de la Rep\u00fablica, Andr\u00e9s Manuel L\u00f3pez Obrador y el gobernador de Sinaloa, Rub\u00e9n Rocha Moya apoyan a la sociedad ahomense&#8221;.<\/p>\n\n\n\n<p>Asimismo, exhort\u00f3 a la ciudadan\u00eda para que aprovechen este programa que tiene como objetivo acercar los servicios municipales a la gente. Tambi\u00e9n expres\u00f3 su agradecimiento a los funcionarios, servidores p\u00fablicos y regidores que se suman a estas actividades para hacer posible las Feria del Bienestar.<\/p>\n\n\n\n<p>EL Presidente Municipal de Ahome tambi\u00e9n extern\u00f3 sus parabienes a los ahomenses para que disfruten de los festejos navide\u00f1os con paz, armon\u00eda y tranquilidad.<\/p>\n\n\n\n<p>Gerardo Vargas Landeros asever\u00f3 que la \u00faltima Feria del Bienestar del 2021 se realizar\u00e1 el pr\u00f3ximo s\u00e1bado en alguna comunidad rural del Municipio y que regresar\u00e1 el s\u00e1bado 8 de enero del 2022 a alguna colonia de la ciudad de Los Mochis.<\/p>\n\n\n\n<p>Como ya es costumbre en estas ferias que organiza el Gobierno Municipal participan todas las dependencias como son Educaci\u00f3n, A, Atenci\u00f3n y Participaci\u00f3n Ciudadana, Didesol, Japama, Seguridad P\u00fablica, COMUN, Obras P\u00fablicas, Servicios P\u00fablicos Municipales,IMAC, IPAMA, Protecci\u00f3n Civil, Secretar\u00eda del Bienestar, Secretar\u00eda de las Mujeres, entre otras dependencias que conforman el Ayuntamiento as\u00ed como organismos de los gobiernos Federal y Estatal, adem\u00e1s de organismos sociales de apoyo a la comunidad.<\/p>\n","protected":false},"excerpt":{"rendered":"<p>Durante las cinco ediciones de este programa se han otorgado alrededor de 8 mil 443 servicios y acciones de gobierno municipal. Los Mochis, Ahome, Sin.- La Feria del Bienestar ha otorgado aproximadamente 8 mil 443 servicios y acciones durante las cinco ediciones de este programa destac\u00f3 Gerardo Vargas Landeros, presidente municipal de Ahome. La Feria [&hellip;]<\/p>\n","protected":false},"author":4,"featured_media":0,"comment_status":"open","ping_status":"open","sticky":false,"template":"","format":"standard","meta":{"tdm_status":"","tdm_grid_status":"","footnotes":""},"categories":[37],"tags":[278,1715,1654],"class_list":{"0":"post-19628","1":"post","2":"type-post","3":"status-publish","4":"format-standard","6":"category-nota-principal","7":"tag-ahome","8":"tag-ayuntamiento-de-ahome","9":"tag-gerardo-vargas-landeros"},"yoast_head":"<!-- This site is optimized with the Yoast SEO plugin v27.5 - https:\/\/yoast.com\/product\/yoast-seo-wordpress\/ -->\n<title>Gobierno Municipal cercano a la gente con la Feria del Bienestar: Vargas Landeros - Fuentes Fidedignas<\/title>\n<meta name=\"robots\" content=\"index, follow, max-snippet:-1, max-image-preview:large, max-video-preview:-1\" \/>\n<link rel=\"canonical\" href=\"https:\/\/fuentesfidedignas.com.mx\/index.php\/2021\/12\/11\/gobierno-municipal-cercano-a-la-gente-con-la-feria-del-bienestar-vargas-landeros\/\" \/>\n<meta property=\"og:locale\" content=\"es_MX\" \/>\n<meta property=\"og:type\" content=\"article\" \/>\n<meta property=\"og:title\" content=\"Gobierno Municipal cercano a la gente con la Feria del Bienestar: Vargas Landeros - Fuentes Fidedignas\" \/>\n<meta property=\"og:description\" content=\"Durante las cinco ediciones de este programa se han otorgado alrededor de 8 mil 443 servicios y acciones de gobierno municipal. Los Mochis, Ahome, Sin.- La Feria del Bienestar ha otorgado aproximadamente 8 mil 443 servicios y acciones durante las cinco ediciones de este programa destac\u00f3 Gerardo Vargas Landeros, presidente municipal de Ahome. La Feria [&hellip;]\" \/>\n<meta property=\"og:url\" content=\"https:\/\/fuentesfidedignas.com.mx\/index.php\/2021\/12\/11\/gobierno-municipal-cercano-a-la-gente-con-la-feria-del-bienestar-vargas-landeros\/\" \/>\n<meta property=\"og:site_name\" content=\"Fuentes Fidedignas\" \/>\n<meta property=\"article:publisher\" content=\"https:\/\/www.facebook.com\/Fuentes-Fidedignas-368234489921644\" \/>\n<meta property=\"article:published_time\" content=\"2021-12-11T19:51:55+00:00\" \/>\n<meta property=\"article:modified_time\" content=\"2021-12-11T19:52:24+00:00\" \/>\n<meta property=\"og:image\" content=\"https:\/\/fuentesfidedignas.com.mx\/wp-content\/uploads\/2021\/12\/WhatsApp-Image-2021-12-11-at-12.48.41-PM.jpeg\" \/>\n\t<meta property=\"og:image:width\" content=\"1217\" \/>\n\t<meta property=\"og:image:height\" content=\"781\" \/>\n\t<meta property=\"og:image:type\" content=\"image\/jpeg\" \/>\n<meta name=\"author\" content=\"Redacci\u00f3n\" \/>\n<meta name=\"twitter:card\" content=\"summary_large_image\" \/>\n<meta name=\"twitter:creator\" content=\"@fidedignas\" \/>\n<meta name=\"twitter:site\" content=\"@fidedignas\" \/>\n<meta name=\"twitter:label1\" content=\"Escrito por\" \/>\n\t<meta name=\"twitter:data1\" content=\"Redacci\u00f3n\" \/>\n\t<meta name=\"twitter:label2\" content=\"Tiempo de lectura\" \/>\n\t<meta name=\"twitter:data2\" content=\"2 minutos\" \/>\n<script type=\"application\/ld+json\" class=\"yoast-schema-graph\">{\"@context\":\"https:\\\/\\\/schema.org\",\"@graph\":[{\"@type\":\"Article\",\"@id\":\"https:\\\/\\\/fuentesfidedignas.com.mx\\\/index.php\\\/2021\\\/12\\\/11\\\/gobierno-municipal-cercano-a-la-gente-con-la-feria-del-bienestar-vargas-landeros\\\/#article\",\"isPartOf\":{\"@id\":\"https:\\\/\\\/fuentesfidedignas.com.mx\\\/index.php\\\/2021\\\/12\\\/11\\\/gobierno-municipal-cercano-a-la-gente-con-la-feria-del-bienestar-vargas-landeros\\\/\"},\"author\":{\"name\":\"Redacci\u00f3n\",\"@id\":\"https:\\\/\\\/fuentesfidedignas.com.mx\\\/#\\\/schema\\\/person\\\/331be9283d37198e2acd5750279085b0\"},\"headline\":\"Gobierno Municipal cercano a la gente con la Feria del Bienestar: Vargas Landeros\",\"datePublished\":\"2021-12-11T19:51:55+00:00\",\"dateModified\":\"2021-12-11T19:52:24+00:00\",\"mainEntityOfPage\":{\"@id\":\"https:\\\/\\\/fuentesfidedignas.com.mx\\\/index.php\\\/2021\\\/12\\\/11\\\/gobierno-municipal-cercano-a-la-gente-con-la-feria-del-bienestar-vargas-landeros\\\/\"},\"wordCount\":363,\"commentCount\":0,\"publisher\":{\"@id\":\"https:\\\/\\\/fuentesfidedignas.com.mx\\\/#organization\"},\"keywords\":[\"Ahome\",\"Ayuntamiento de Ahome\",\"Gerardo Vargas Landeros\"],\"articleSection\":[\"NOTA PRINCIPAL\"],\"inLanguage\":\"es\",\"potentialAction\":[{\"@type\":\"CommentAction\",\"name\":\"Comment\",\"target\":[\"https:\\\/\\\/fuentesfidedignas.com.mx\\\/index.php\\\/2021\\\/12\\\/11\\\/gobierno-municipal-cercano-a-la-gente-con-la-feria-del-bienestar-vargas-landeros\\\/#respond\"]}]},{\"@type\":\"WebPage\",\"@id\":\"https:\\\/\\\/fuentesfidedignas.com.mx\\\/index.php\\\/2021\\\/12\\\/11\\\/gobierno-municipal-cercano-a-la-gente-con-la-feria-del-bienestar-vargas-landeros\\\/\",\"url\":\"https:\\\/\\\/fuentesfidedignas.com.mx\\\/index.php\\\/2021\\\/12\\\/11\\\/gobierno-municipal-cercano-a-la-gente-con-la-feria-del-bienestar-vargas-landeros\\\/\",\"name\":\"Gobierno Municipal cercano a la gente con la Feria del Bienestar: Vargas Landeros - Fuentes Fidedignas\",\"isPartOf\":{\"@id\":\"https:\\\/\\\/fuentesfidedignas.com.mx\\\/#website\"},\"datePublished\":\"2021-12-11T19:51:55+00:00\",\"dateModified\":\"2021-12-11T19:52:24+00:00\",\"breadcrumb\":{\"@id\":\"https:\\\/\\\/fuentesfidedignas.com.mx\\\/index.php\\\/2021\\\/12\\\/11\\\/gobierno-municipal-cercano-a-la-gente-con-la-feria-del-bienestar-vargas-landeros\\\/#breadcrumb\"},\"inLanguage\":\"es\",\"potentialAction\":[{\"@type\":\"ReadAction\",\"target\":[\"https:\\\/\\\/fuentesfidedignas.com.mx\\\/index.php\\\/2021\\\/12\\\/11\\\/gobierno-municipal-cercano-a-la-gente-con-la-feria-del-bienestar-vargas-landeros\\\/\"]}]},{\"@type\":\"BreadcrumbList\",\"@id\":\"https:\\\/\\\/fuentesfidedignas.com.mx\\\/index.php\\\/2021\\\/12\\\/11\\\/gobierno-municipal-cercano-a-la-gente-con-la-feria-del-bienestar-vargas-landeros\\\/#breadcrumb\",\"itemListElement\":[{\"@type\":\"ListItem\",\"position\":1,\"name\":\"Inicio\",\"item\":\"https:\\\/\\\/fuentesfidedignas.com.mx\\\/\"},{\"@type\":\"ListItem\",\"position\":2,\"name\":\"Gobierno Municipal cercano a la gente con la Feria del Bienestar: Vargas Landeros\"}]},{\"@type\":\"WebSite\",\"@id\":\"https:\\\/\\\/fuentesfidedignas.com.mx\\\/#website\",\"url\":\"https:\\\/\\\/fuentesfidedignas.com.mx\\\/\",\"name\":\"Fuentes Fidedignas\",\"description\":\"Otro sitio realizado con WordPress\",\"publisher\":{\"@id\":\"https:\\\/\\\/fuentesfidedignas.com.mx\\\/#organization\"},\"potentialAction\":[{\"@type\":\"SearchAction\",\"target\":{\"@type\":\"EntryPoint\",\"urlTemplate\":\"https:\\\/\\\/fuentesfidedignas.com.mx\\\/?s={search_term_string}\"},\"query-input\":{\"@type\":\"PropertyValueSpecification\",\"valueRequired\":true,\"valueName\":\"search_term_string\"}}],\"inLanguage\":\"es\"},{\"@type\":\"Organization\",\"@id\":\"https:\\\/\\\/fuentesfidedignas.com.mx\\\/#organization\",\"name\":\"Fuentes Fidedignas\",\"url\":\"https:\\\/\\\/fuentesfidedignas.com.mx\\\/\",\"logo\":{\"@type\":\"ImageObject\",\"inLanguage\":\"es\",\"@id\":\"https:\\\/\\\/fuentesfidedignas.com.mx\\\/#\\\/schema\\\/logo\\\/image\\\/\",\"url\":\"https:\\\/\\\/fuentesfidedignas.com.mx\\\/wp-content\\\/uploads\\\/2021\\\/04\\\/logo-retina.png\",\"contentUrl\":\"https:\\\/\\\/fuentesfidedignas.com.mx\\\/wp-content\\\/uploads\\\/2021\\\/04\\\/logo-retina.png\",\"width\":280,\"height\":51,\"caption\":\"Fuentes Fidedignas\"},\"image\":{\"@id\":\"https:\\\/\\\/fuentesfidedignas.com.mx\\\/#\\\/schema\\\/logo\\\/image\\\/\"},\"sameAs\":[\"https:\\\/\\\/www.facebook.com\\\/Fuentes-Fidedignas-368234489921644\",\"https:\\\/\\\/x.com\\\/fidedignas\"]},{\"@type\":\"Person\",\"@id\":\"https:\\\/\\\/fuentesfidedignas.com.mx\\\/#\\\/schema\\\/person\\\/331be9283d37198e2acd5750279085b0\",\"name\":\"Redacci\u00f3n\",\"image\":{\"@type\":\"ImageObject\",\"inLanguage\":\"es\",\"@id\":\"https:\\\/\\\/secure.gravatar.com\\\/avatar\\\/f6d8782c11d12b2d4ad3fbb6931aeab5309937a4d6cd2fc9cfaa28a6396a5aec?s=96&d=mm&r=g\",\"url\":\"https:\\\/\\\/secure.gravatar.com\\\/avatar\\\/f6d8782c11d12b2d4ad3fbb6931aeab5309937a4d6cd2fc9cfaa28a6396a5aec?s=96&d=mm&r=g\",\"contentUrl\":\"https:\\\/\\\/secure.gravatar.com\\\/avatar\\\/f6d8782c11d12b2d4ad3fbb6931aeab5309937a4d6cd2fc9cfaa28a6396a5aec?s=96&d=mm&r=g\",\"caption\":\"Redacci\u00f3n\"},\"url\":\"https:\\\/\\\/fuentesfidedignas.com.mx\\\/index.php\\\/author\\\/redaccion\\\/\"}]}<\/script>\n<!-- \/ Yoast SEO plugin. -->","yoast_head_json":{"title":"Gobierno Municipal cercano a la gente con la Feria del Bienestar: Vargas Landeros - Fuentes Fidedignas","robots":{"index":"index","follow":"follow","max-snippet":"max-snippet:-1","max-image-preview":"max-image-preview:large","max-video-preview":"max-video-preview:-1"},"canonical":"https:\/\/fuentesfidedignas.com.mx\/index.php\/2021\/12\/11\/gobierno-municipal-cercano-a-la-gente-con-la-feria-del-bienestar-vargas-landeros\/","og_locale":"es_MX","og_type":"article","og_title":"Gobierno Municipal cercano a la gente con la Feria del Bienestar: Vargas Landeros - Fuentes Fidedignas","og_description":"Durante las cinco ediciones de este programa se han otorgado alrededor de 8 mil 443 servicios y acciones de gobierno municipal. Los Mochis, Ahome, Sin.- La Feria del Bienestar ha otorgado aproximadamente 8 mil 443 servicios y acciones durante las cinco ediciones de este programa destac\u00f3 Gerardo Vargas Landeros, presidente municipal de Ahome. La Feria [&hellip;]","og_url":"https:\/\/fuentesfidedignas.com.mx\/index.php\/2021\/12\/11\/gobierno-municipal-cercano-a-la-gente-con-la-feria-del-bienestar-vargas-landeros\/","og_site_name":"Fuentes Fidedignas","article_publisher":"https:\/\/www.facebook.com\/Fuentes-Fidedignas-368234489921644","article_published_time":"2021-12-11T19:51:55+00:00","article_modified_time":"2021-12-11T19:52:24+00:00","og_image":[{"width":1217,"height":781,"url":"https:\/\/fuentesfidedignas.com.mx\/wp-content\/uploads\/2021\/12\/WhatsApp-Image-2021-12-11-at-12.48.41-PM.jpeg","type":"image\/jpeg"}],"author":"Redacci\u00f3n","twitter_card":"summary_large_image","twitter_creator":"@fidedignas","twitter_site":"@fidedignas","twitter_misc":{"Escrito por":"Redacci\u00f3n","Tiempo de lectura":"2 minutos"},"schema":{"@context":"https:\/\/schema.org","@graph":[{"@type":"Article","@id":"https:\/\/fuentesfidedignas.com.mx\/index.php\/2021\/12\/11\/gobierno-municipal-cercano-a-la-gente-con-la-feria-del-bienestar-vargas-landeros\/#article","isPartOf":{"@id":"https:\/\/fuentesfidedignas.com.mx\/index.php\/2021\/12\/11\/gobierno-municipal-cercano-a-la-gente-con-la-feria-del-bienestar-vargas-landeros\/"},"author":{"name":"Redacci\u00f3n","@id":"https:\/\/fuentesfidedignas.com.mx\/#\/schema\/person\/331be9283d37198e2acd5750279085b0"},"headline":"Gobierno Municipal cercano a la gente con la Feria del Bienestar: Vargas Landeros","datePublished":"2021-12-11T19:51:55+00:00","dateModified":"2021-12-11T19:52:24+00:00","mainEntityOfPage":{"@id":"https:\/\/fuentesfidedignas.com.mx\/index.php\/2021\/12\/11\/gobierno-municipal-cercano-a-la-gente-con-la-feria-del-bienestar-vargas-landeros\/"},"wordCount":363,"commentCount":0,"publisher":{"@id":"https:\/\/fuentesfidedignas.com.mx\/#organization"},"keywords":["Ahome","Ayuntamiento de Ahome","Gerardo Vargas Landeros"],"articleSection":["NOTA PRINCIPAL"],"inLanguage":"es","potentialAction":[{"@type":"CommentAction","name":"Comment","target":["https:\/\/fuentesfidedignas.com.mx\/index.php\/2021\/12\/11\/gobierno-municipal-cercano-a-la-gente-con-la-feria-del-bienestar-vargas-landeros\/#respond"]}]},{"@type":"WebPage","@id":"https:\/\/fuentesfidedignas.com.mx\/index.php\/2021\/12\/11\/gobierno-municipal-cercano-a-la-gente-con-la-feria-del-bienestar-vargas-landeros\/","url":"https:\/\/fuentesfidedignas.com.mx\/index.php\/2021\/12\/11\/gobierno-municipal-cercano-a-la-gente-con-la-feria-del-bienestar-vargas-landeros\/","name":"Gobierno Municipal cercano a la gente con la Feria del Bienestar: Vargas Landeros - Fuentes Fidedignas","isPartOf":{"@id":"https:\/\/fuentesfidedignas.com.mx\/#website"},"datePublished":"2021-12-11T19:51:55+00:00","dateModified":"2021-12-11T19:52:24+00:00","breadcrumb":{"@id":"https:\/\/fuentesfidedignas.com.mx\/index.php\/2021\/12\/11\/gobierno-municipal-cercano-a-la-gente-con-la-feria-del-bienestar-vargas-landeros\/#breadcrumb"},"inLanguage":"es","potentialAction":[{"@type":"ReadAction","target":["https:\/\/fuentesfidedignas.com.mx\/index.php\/2021\/12\/11\/gobierno-municipal-cercano-a-la-gente-con-la-feria-del-bienestar-vargas-landeros\/"]}]},{"@type":"BreadcrumbList","@id":"https:\/\/fuentesfidedignas.com.mx\/index.php\/2021\/12\/11\/gobierno-municipal-cercano-a-la-gente-con-la-feria-del-bienestar-vargas-landeros\/#breadcrumb","itemListElement":[{"@type":"ListItem","position":1,"name":"Inicio","item":"https:\/\/fuentesfidedignas.com.mx\/"},{"@type":"ListItem","position":2,"name":"Gobierno Municipal cercano a la gente con la Feria del Bienestar: Vargas Landeros"}]},{"@type":"WebSite","@id":"https:\/\/fuentesfidedignas.com.mx\/#website","url":"https:\/\/fuentesfidedignas.com.mx\/","name":"Fuentes Fidedignas","description":"Otro sitio realizado con WordPress","publisher":{"@id":"https:\/\/fuentesfidedignas.com.mx\/#organization"},"potentialAction":[{"@type":"SearchAction","target":{"@type":"EntryPoint","urlTemplate":"https:\/\/fuentesfidedignas.com.mx\/?s={search_term_string}"},"query-input":{"@type":"PropertyValueSpecification","valueRequired":true,"valueName":"search_term_string"}}],"inLanguage":"es"},{"@type":"Organization","@id":"https:\/\/fuentesfidedignas.com.mx\/#organization","name":"Fuentes Fidedignas","url":"https:\/\/fuentesfidedignas.com.mx\/","logo":{"@type":"ImageObject","inLanguage":"es","@id":"https:\/\/fuentesfidedignas.com.mx\/#\/schema\/logo\/image\/","url":"https:\/\/fuentesfidedignas.com.mx\/wp-content\/uploads\/2021\/04\/logo-retina.png","contentUrl":"https:\/\/fuentesfidedignas.com.mx\/wp-content\/uploads\/2021\/04\/logo-retina.png","width":280,"height":51,"caption":"Fuentes Fidedignas"},"image":{"@id":"https:\/\/fuentesfidedignas.com.mx\/#\/schema\/logo\/image\/"},"sameAs":["https:\/\/www.facebook.com\/Fuentes-Fidedignas-368234489921644","https:\/\/x.com\/fidedignas"]},{"@type":"Person","@id":"https:\/\/fuentesfidedignas.com.mx\/#\/schema\/person\/331be9283d37198e2acd5750279085b0","name":"Redacci\u00f3n","image":{"@type":"ImageObject","inLanguage":"es","@id":"https:\/\/secure.gravatar.com\/avatar\/f6d8782c11d12b2d4ad3fbb6931aeab5309937a4d6cd2fc9cfaa28a6396a5aec?s=96&d=mm&r=g","url":"https:\/\/secure.gravatar.com\/avatar\/f6d8782c11d12b2d4ad3fbb6931aeab5309937a4d6cd2fc9cfaa28a6396a5aec?s=96&d=mm&r=g","contentUrl":"https:\/\/secure.gravatar.com\/avatar\/f6d8782c11d12b2d4ad3fbb6931aeab5309937a4d6cd2fc9cfaa28a6396a5aec?s=96&d=mm&r=g","caption":"Redacci\u00f3n"},"url":"https:\/\/fuentesfidedignas.com.mx\/index.php\/author\/redaccion\/"}]}},"_links":{"self":[{"href":"https:\/\/fuentesfidedignas.com.mx\/index.php\/wp-json\/wp\/v2\/posts\/19628","targetHints":{"allow":["GET"]}}],"collection":[{"href":"https:\/\/fuentesfidedignas.com.mx\/index.php\/wp-json\/wp\/v2\/posts"}],"about":[{"href":"https:\/\/fuentesfidedignas.com.mx\/index.php\/wp-json\/wp\/v2\/types\/post"}],"author":[{"embeddable":true,"href":"https:\/\/fuentesfidedignas.com.mx\/index.php\/wp-json\/wp\/v2\/users\/4"}],"replies":[{"embeddable":true,"href":"https:\/\/fuentesfidedignas.com.mx\/index.php\/wp-json\/wp\/v2\/comments?post=19628"}],"version-history":[{"count":2,"href":"https:\/\/fuentesfidedignas.com.mx\/index.php\/wp-json\/wp\/v2\/posts\/19628\/revisions"}],"predecessor-version":[{"id":19631,"href":"https:\/\/fuentesfidedignas.com.mx\/index.php\/wp-json\/wp\/v2\/posts\/19628\/revisions\/19631"}],"wp:attachment":[{"href":"https:\/\/fuentesfidedignas.com.mx\/index.php\/wp-json\/wp\/v2\/media?parent=19628"}],"wp:term":[{"taxonomy":"category","embeddable":true,"href":"https:\/\/fuentesfidedignas.com.mx\/index.php\/wp-json\/wp\/v2\/categories?post=19628"},{"taxonomy":"post_tag","embeddable":true,"href":"https:\/\/fuentesfidedignas.com.mx\/index.php\/wp-json\/wp\/v2\/tags?post=19628"}],"curies":[{"name":"wp","href":"https:\/\/api.w.org\/{rel}","templated":true}]}}