{"id":19586,"date":"2021-12-10T19:35:26","date_gmt":"2021-12-11T02:35:26","guid":{"rendered":"https:\/\/fuentesfidedignas.com.mx\/?p=19586"},"modified":"2021-12-10T19:43:08","modified_gmt":"2021-12-11T02:43:08","slug":"arranca-sesesp-campana-pontevivo-para-prevenir-muertes-por-accidentes-viales","status":"publish","type":"post","link":"https:\/\/fuentesfidedignas.com.mx\/index.php\/2021\/12\/10\/arranca-sesesp-campana-pontevivo-para-prevenir-muertes-por-accidentes-viales\/","title":{"rendered":"Arranca SESESP campa\u00f1a #PonteVivo para prevenir muertes por accidentes viales"},"content":{"rendered":"\n<p><strong><em>Los mensajes de #PonteVivo se difundir\u00e1n de manera intensiva durante un mes, con activaciones en los principales cruceros de los municipios de Culiac\u00e1n, Guasave, Ahome, Mazatl\u00e1n y Navolato.<\/em><\/strong><\/p>\n\n\n\n<p>Culiac\u00e1n, Sin.- Con el objetivo de concientizar a las y los ciudadanos para disminuir el n\u00famero de muertes por accidentes viales, Gobierno del Estado a trav\u00e9s del Secretariado Ejecutivo del Sistema Estatal de Seguridad P\u00fablica lanz\u00f3 este d\u00eda una intensiva campa\u00f1a de sensibilizaci\u00f3n llamada #PonteVivo.<\/p>\n\n\n\n<p>El titular del SESESP, Ricardo Jenny del Rinc\u00f3n, explic\u00f3 que la campa\u00f1a busca crear conciencia sobre las principales causas de muertes por accidentes viales, que son el exceso de velocidad, conducir usando el celular, conducir bajo los influjos del alcohol o drogas y no portar casco, en el caso de motociclistas.<\/p>\n\n\n\n<p>Los mensajes de #PonteVivo se difundir\u00e1n de manera intensiva durante un mes, con activaciones en los principales cruceros de los municipios de Culiac\u00e1n, Guasave, Ahome, Mazatl\u00e1n y Navolato, donde se concentra casi el 70% del total de muertes por accidentes viales en Sinaloa. Tambi\u00e9n se difundir\u00e1 la campa\u00f1a en espectaculares, redes sociales, televisi\u00f3n y spots de radio, iniciando este 10 de diciembre y concluyendo el 10 de enero.<\/p>\n\n\n\n<p>La campa\u00f1a se lanza en seguimiento al acuerdo tomado el d\u00eda de ayer en Sesi\u00f3n Ordinaria del Consejo Estatal de Seguridad P\u00fablica, el cual se\u00f1ala que las autoridades de los 18 municipios deber\u00e1n hacer cumplir de manera irrestricta la Ley de Movilidad Sustentable del Estado de Sinaloa, los Bandos de Polic\u00eda y Gobierno, as\u00ed como los reglamentos de Tr\u00e1nsito, con la finalidad de disminuir la alta incidencia de accidentes y muertes por esta causa.<\/p>\n\n\n\n<p>Jenny del Rinc\u00f3n destac\u00f3 que por primera vez en el hist\u00f3rico de Sinaloa, en 2021 las muertes por accidentes superaron a los homicidios dolosos, lo que muestra la magnitud de la problem\u00e1tica.<\/p>\n\n\n\n<p><strong>Balance inicial<\/strong><br>Por otra parte, el Secretario Ejecutivo dio un balance inicial de c\u00f3mo se trabajar\u00e1 durante esta administraci\u00f3n en el SESESP, destacando que se buscar\u00e1 dar un enfoque \u00fatil para la sociedad al trabajo generado por los Centros de Informaci\u00f3n y de Prevenci\u00f3n.<\/p>\n\n\n\n<p>\u201cEn estas dos instancias encontramos \u00e1reas de oportunidad que ser\u00e1n el punto de partida para los trabajos del SESESP: generar verdadera inteligencia social con los datos de seguridad, y tambi\u00e9n generar pol\u00edticas p\u00fablicas preventivas como siempre lo hemos dicho: claras, efectivas, con metas medibles y evaluables para que verdaderamente brinden resultados\u201d, expuso.<\/p>\n\n\n\n<p>Agreg\u00f3 que el Secretariado Ejecutivo dir\u00e1 adi\u00f3s a las \u201ccifras alegres\u201d, dando paso en su lugar a diagn\u00f3sticos reales y objetivos con los cuales se dise\u00f1en e implementen pol\u00edticas p\u00fablicas efectivas y orientadas a resultados.<\/p>\n\n\n\n<p>Finalmente, en materia de recursos, dijo que al SESESP le corresponde la planeaci\u00f3n y administraci\u00f3n de los recursos del Fondo de Aportaciones para la Seguridad P\u00fablica (FASP).<\/p>\n\n\n\n<p>Recalc\u00f3 que existe el compromiso de ser muy responsables en las decisiones para hacer un uso correcto de cada peso invertido y aprovecharlos al m\u00e1ximo bajo criterios de eficiencia, eficacia y transparencia, buscando tambi\u00e9n apoyar el fortalecimiento de las instituciones, como el incremento del estado de fuerza policial y la mejora de las capacidades de la Fiscal\u00eda General del Estado.<\/p>\n","protected":false},"excerpt":{"rendered":"<p>Los mensajes de #PonteVivo se difundir\u00e1n de manera intensiva durante un mes, con activaciones en los principales cruceros de los municipios de Culiac\u00e1n, Guasave, Ahome, Mazatl\u00e1n y Navolato. Culiac\u00e1n, Sin.- Con el objetivo de concientizar a las y los ciudadanos para disminuir el n\u00famero de muertes por accidentes viales, Gobierno del Estado a trav\u00e9s del [&hellip;]<\/p>\n","protected":false},"author":4,"featured_media":19587,"comment_status":"open","ping_status":"open","sticky":false,"template":"","format":"standard","meta":{"tdm_status":"","tdm_grid_status":"","footnotes":""},"categories":[37],"tags":[],"class_list":{"0":"post-19586","1":"post","2":"type-post","3":"status-publish","4":"format-standard","5":"has-post-thumbnail","7":"category-nota-principal"},"yoast_head":"<!-- This site is optimized with the Yoast SEO plugin v27.5 - https:\/\/yoast.com\/product\/yoast-seo-wordpress\/ -->\n<title>Arranca SESESP campa\u00f1a #PonteVivo para prevenir muertes por accidentes viales - Fuentes Fidedignas<\/title>\n<meta name=\"robots\" content=\"index, follow, max-snippet:-1, max-image-preview:large, max-video-preview:-1\" \/>\n<link rel=\"canonical\" href=\"https:\/\/fuentesfidedignas.com.mx\/index.php\/2021\/12\/10\/arranca-sesesp-campana-pontevivo-para-prevenir-muertes-por-accidentes-viales\/\" \/>\n<meta property=\"og:locale\" content=\"es_MX\" \/>\n<meta property=\"og:type\" content=\"article\" \/>\n<meta property=\"og:title\" content=\"Arranca SESESP campa\u00f1a #PonteVivo para prevenir muertes por accidentes viales - Fuentes Fidedignas\" \/>\n<meta property=\"og:description\" content=\"Los mensajes de #PonteVivo se difundir\u00e1n de manera intensiva durante un mes, con activaciones en los principales cruceros de los municipios de Culiac\u00e1n, Guasave, Ahome, Mazatl\u00e1n y Navolato. Culiac\u00e1n, Sin.- Con el objetivo de concientizar a las y los ciudadanos para disminuir el n\u00famero de muertes por accidentes viales, Gobierno del Estado a trav\u00e9s del [&hellip;]\" \/>\n<meta property=\"og:url\" content=\"https:\/\/fuentesfidedignas.com.mx\/index.php\/2021\/12\/10\/arranca-sesesp-campana-pontevivo-para-prevenir-muertes-por-accidentes-viales\/\" \/>\n<meta property=\"og:site_name\" content=\"Fuentes Fidedignas\" \/>\n<meta property=\"article:publisher\" content=\"https:\/\/www.facebook.com\/Fuentes-Fidedignas-368234489921644\" \/>\n<meta property=\"article:published_time\" content=\"2021-12-11T02:35:26+00:00\" \/>\n<meta property=\"article:modified_time\" content=\"2021-12-11T02:43:08+00:00\" \/>\n<meta property=\"og:image\" content=\"https:\/\/fuentesfidedignas.com.mx\/wp-content\/uploads\/2021\/12\/SSP_CAMPANA.jpg\" \/>\n\t<meta property=\"og:image:width\" content=\"1280\" \/>\n\t<meta property=\"og:image:height\" content=\"853\" \/>\n\t<meta property=\"og:image:type\" content=\"image\/jpeg\" \/>\n<meta name=\"author\" content=\"Redacci\u00f3n\" \/>\n<meta name=\"twitter:card\" content=\"summary_large_image\" \/>\n<meta name=\"twitter:creator\" content=\"@fidedignas\" \/>\n<meta name=\"twitter:site\" content=\"@fidedignas\" \/>\n<meta name=\"twitter:label1\" content=\"Escrito por\" \/>\n\t<meta name=\"twitter:data1\" content=\"Redacci\u00f3n\" \/>\n\t<meta name=\"twitter:label2\" content=\"Tiempo de lectura\" \/>\n\t<meta name=\"twitter:data2\" content=\"3 minutos\" \/>\n<script type=\"application\/ld+json\" class=\"yoast-schema-graph\">{\"@context\":\"https:\\\/\\\/schema.org\",\"@graph\":[{\"@type\":\"Article\",\"@id\":\"https:\\\/\\\/fuentesfidedignas.com.mx\\\/index.php\\\/2021\\\/12\\\/10\\\/arranca-sesesp-campana-pontevivo-para-prevenir-muertes-por-accidentes-viales\\\/#article\",\"isPartOf\":{\"@id\":\"https:\\\/\\\/fuentesfidedignas.com.mx\\\/index.php\\\/2021\\\/12\\\/10\\\/arranca-sesesp-campana-pontevivo-para-prevenir-muertes-por-accidentes-viales\\\/\"},\"author\":{\"name\":\"Redacci\u00f3n\",\"@id\":\"https:\\\/\\\/fuentesfidedignas.com.mx\\\/#\\\/schema\\\/person\\\/331be9283d37198e2acd5750279085b0\"},\"headline\":\"Arranca SESESP campa\u00f1a #PonteVivo para prevenir muertes por accidentes viales\",\"datePublished\":\"2021-12-11T02:35:26+00:00\",\"dateModified\":\"2021-12-11T02:43:08+00:00\",\"mainEntityOfPage\":{\"@id\":\"https:\\\/\\\/fuentesfidedignas.com.mx\\\/index.php\\\/2021\\\/12\\\/10\\\/arranca-sesesp-campana-pontevivo-para-prevenir-muertes-por-accidentes-viales\\\/\"},\"wordCount\":571,\"commentCount\":0,\"publisher\":{\"@id\":\"https:\\\/\\\/fuentesfidedignas.com.mx\\\/#organization\"},\"image\":{\"@id\":\"https:\\\/\\\/fuentesfidedignas.com.mx\\\/index.php\\\/2021\\\/12\\\/10\\\/arranca-sesesp-campana-pontevivo-para-prevenir-muertes-por-accidentes-viales\\\/#primaryimage\"},\"thumbnailUrl\":\"https:\\\/\\\/fuentesfidedignas.com.mx\\\/wp-content\\\/uploads\\\/2021\\\/12\\\/SSP_CAMPANA.jpg\",\"articleSection\":[\"NOTA PRINCIPAL\"],\"inLanguage\":\"es\",\"potentialAction\":[{\"@type\":\"CommentAction\",\"name\":\"Comment\",\"target\":[\"https:\\\/\\\/fuentesfidedignas.com.mx\\\/index.php\\\/2021\\\/12\\\/10\\\/arranca-sesesp-campana-pontevivo-para-prevenir-muertes-por-accidentes-viales\\\/#respond\"]}]},{\"@type\":\"WebPage\",\"@id\":\"https:\\\/\\\/fuentesfidedignas.com.mx\\\/index.php\\\/2021\\\/12\\\/10\\\/arranca-sesesp-campana-pontevivo-para-prevenir-muertes-por-accidentes-viales\\\/\",\"url\":\"https:\\\/\\\/fuentesfidedignas.com.mx\\\/index.php\\\/2021\\\/12\\\/10\\\/arranca-sesesp-campana-pontevivo-para-prevenir-muertes-por-accidentes-viales\\\/\",\"name\":\"Arranca SESESP campa\u00f1a #PonteVivo para prevenir muertes por accidentes viales - Fuentes Fidedignas\",\"isPartOf\":{\"@id\":\"https:\\\/\\\/fuentesfidedignas.com.mx\\\/#website\"},\"primaryImageOfPage\":{\"@id\":\"https:\\\/\\\/fuentesfidedignas.com.mx\\\/index.php\\\/2021\\\/12\\\/10\\\/arranca-sesesp-campana-pontevivo-para-prevenir-muertes-por-accidentes-viales\\\/#primaryimage\"},\"image\":{\"@id\":\"https:\\\/\\\/fuentesfidedignas.com.mx\\\/index.php\\\/2021\\\/12\\\/10\\\/arranca-sesesp-campana-pontevivo-para-prevenir-muertes-por-accidentes-viales\\\/#primaryimage\"},\"thumbnailUrl\":\"https:\\\/\\\/fuentesfidedignas.com.mx\\\/wp-content\\\/uploads\\\/2021\\\/12\\\/SSP_CAMPANA.jpg\",\"datePublished\":\"2021-12-11T02:35:26+00:00\",\"dateModified\":\"2021-12-11T02:43:08+00:00\",\"breadcrumb\":{\"@id\":\"https:\\\/\\\/fuentesfidedignas.com.mx\\\/index.php\\\/2021\\\/12\\\/10\\\/arranca-sesesp-campana-pontevivo-para-prevenir-muertes-por-accidentes-viales\\\/#breadcrumb\"},\"inLanguage\":\"es\",\"potentialAction\":[{\"@type\":\"ReadAction\",\"target\":[\"https:\\\/\\\/fuentesfidedignas.com.mx\\\/index.php\\\/2021\\\/12\\\/10\\\/arranca-sesesp-campana-pontevivo-para-prevenir-muertes-por-accidentes-viales\\\/\"]}]},{\"@type\":\"ImageObject\",\"inLanguage\":\"es\",\"@id\":\"https:\\\/\\\/fuentesfidedignas.com.mx\\\/index.php\\\/2021\\\/12\\\/10\\\/arranca-sesesp-campana-pontevivo-para-prevenir-muertes-por-accidentes-viales\\\/#primaryimage\",\"url\":\"https:\\\/\\\/fuentesfidedignas.com.mx\\\/wp-content\\\/uploads\\\/2021\\\/12\\\/SSP_CAMPANA.jpg\",\"contentUrl\":\"https:\\\/\\\/fuentesfidedignas.com.mx\\\/wp-content\\\/uploads\\\/2021\\\/12\\\/SSP_CAMPANA.jpg\",\"width\":1280,\"height\":853},{\"@type\":\"BreadcrumbList\",\"@id\":\"https:\\\/\\\/fuentesfidedignas.com.mx\\\/index.php\\\/2021\\\/12\\\/10\\\/arranca-sesesp-campana-pontevivo-para-prevenir-muertes-por-accidentes-viales\\\/#breadcrumb\",\"itemListElement\":[{\"@type\":\"ListItem\",\"position\":1,\"name\":\"Inicio\",\"item\":\"https:\\\/\\\/fuentesfidedignas.com.mx\\\/\"},{\"@type\":\"ListItem\",\"position\":2,\"name\":\"Arranca SESESP campa\u00f1a #PonteVivo para prevenir muertes por accidentes viales\"}]},{\"@type\":\"WebSite\",\"@id\":\"https:\\\/\\\/fuentesfidedignas.com.mx\\\/#website\",\"url\":\"https:\\\/\\\/fuentesfidedignas.com.mx\\\/\",\"name\":\"Fuentes Fidedignas\",\"description\":\"Otro sitio realizado con WordPress\",\"publisher\":{\"@id\":\"https:\\\/\\\/fuentesfidedignas.com.mx\\\/#organization\"},\"potentialAction\":[{\"@type\":\"SearchAction\",\"target\":{\"@type\":\"EntryPoint\",\"urlTemplate\":\"https:\\\/\\\/fuentesfidedignas.com.mx\\\/?s={search_term_string}\"},\"query-input\":{\"@type\":\"PropertyValueSpecification\",\"valueRequired\":true,\"valueName\":\"search_term_string\"}}],\"inLanguage\":\"es\"},{\"@type\":\"Organization\",\"@id\":\"https:\\\/\\\/fuentesfidedignas.com.mx\\\/#organization\",\"name\":\"Fuentes Fidedignas\",\"url\":\"https:\\\/\\\/fuentesfidedignas.com.mx\\\/\",\"logo\":{\"@type\":\"ImageObject\",\"inLanguage\":\"es\",\"@id\":\"https:\\\/\\\/fuentesfidedignas.com.mx\\\/#\\\/schema\\\/logo\\\/image\\\/\",\"url\":\"https:\\\/\\\/fuentesfidedignas.com.mx\\\/wp-content\\\/uploads\\\/2021\\\/04\\\/logo-retina.png\",\"contentUrl\":\"https:\\\/\\\/fuentesfidedignas.com.mx\\\/wp-content\\\/uploads\\\/2021\\\/04\\\/logo-retina.png\",\"width\":280,\"height\":51,\"caption\":\"Fuentes Fidedignas\"},\"image\":{\"@id\":\"https:\\\/\\\/fuentesfidedignas.com.mx\\\/#\\\/schema\\\/logo\\\/image\\\/\"},\"sameAs\":[\"https:\\\/\\\/www.facebook.com\\\/Fuentes-Fidedignas-368234489921644\",\"https:\\\/\\\/x.com\\\/fidedignas\"]},{\"@type\":\"Person\",\"@id\":\"https:\\\/\\\/fuentesfidedignas.com.mx\\\/#\\\/schema\\\/person\\\/331be9283d37198e2acd5750279085b0\",\"name\":\"Redacci\u00f3n\",\"image\":{\"@type\":\"ImageObject\",\"inLanguage\":\"es\",\"@id\":\"https:\\\/\\\/secure.gravatar.com\\\/avatar\\\/f6d8782c11d12b2d4ad3fbb6931aeab5309937a4d6cd2fc9cfaa28a6396a5aec?s=96&d=mm&r=g\",\"url\":\"https:\\\/\\\/secure.gravatar.com\\\/avatar\\\/f6d8782c11d12b2d4ad3fbb6931aeab5309937a4d6cd2fc9cfaa28a6396a5aec?s=96&d=mm&r=g\",\"contentUrl\":\"https:\\\/\\\/secure.gravatar.com\\\/avatar\\\/f6d8782c11d12b2d4ad3fbb6931aeab5309937a4d6cd2fc9cfaa28a6396a5aec?s=96&d=mm&r=g\",\"caption\":\"Redacci\u00f3n\"},\"url\":\"https:\\\/\\\/fuentesfidedignas.com.mx\\\/index.php\\\/author\\\/redaccion\\\/\"}]}<\/script>\n<!-- \/ Yoast SEO plugin. -->","yoast_head_json":{"title":"Arranca SESESP campa\u00f1a #PonteVivo para prevenir muertes por accidentes viales - Fuentes Fidedignas","robots":{"index":"index","follow":"follow","max-snippet":"max-snippet:-1","max-image-preview":"max-image-preview:large","max-video-preview":"max-video-preview:-1"},"canonical":"https:\/\/fuentesfidedignas.com.mx\/index.php\/2021\/12\/10\/arranca-sesesp-campana-pontevivo-para-prevenir-muertes-por-accidentes-viales\/","og_locale":"es_MX","og_type":"article","og_title":"Arranca SESESP campa\u00f1a #PonteVivo para prevenir muertes por accidentes viales - Fuentes Fidedignas","og_description":"Los mensajes de #PonteVivo se difundir\u00e1n de manera intensiva durante un mes, con activaciones en los principales cruceros de los municipios de Culiac\u00e1n, Guasave, Ahome, Mazatl\u00e1n y Navolato. Culiac\u00e1n, Sin.- Con el objetivo de concientizar a las y los ciudadanos para disminuir el n\u00famero de muertes por accidentes viales, Gobierno del Estado a trav\u00e9s del [&hellip;]","og_url":"https:\/\/fuentesfidedignas.com.mx\/index.php\/2021\/12\/10\/arranca-sesesp-campana-pontevivo-para-prevenir-muertes-por-accidentes-viales\/","og_site_name":"Fuentes Fidedignas","article_publisher":"https:\/\/www.facebook.com\/Fuentes-Fidedignas-368234489921644","article_published_time":"2021-12-11T02:35:26+00:00","article_modified_time":"2021-12-11T02:43:08+00:00","og_image":[{"width":1280,"height":853,"url":"https:\/\/fuentesfidedignas.com.mx\/wp-content\/uploads\/2021\/12\/SSP_CAMPANA.jpg","type":"image\/jpeg"}],"author":"Redacci\u00f3n","twitter_card":"summary_large_image","twitter_creator":"@fidedignas","twitter_site":"@fidedignas","twitter_misc":{"Escrito por":"Redacci\u00f3n","Tiempo de lectura":"3 minutos"},"schema":{"@context":"https:\/\/schema.org","@graph":[{"@type":"Article","@id":"https:\/\/fuentesfidedignas.com.mx\/index.php\/2021\/12\/10\/arranca-sesesp-campana-pontevivo-para-prevenir-muertes-por-accidentes-viales\/#article","isPartOf":{"@id":"https:\/\/fuentesfidedignas.com.mx\/index.php\/2021\/12\/10\/arranca-sesesp-campana-pontevivo-para-prevenir-muertes-por-accidentes-viales\/"},"author":{"name":"Redacci\u00f3n","@id":"https:\/\/fuentesfidedignas.com.mx\/#\/schema\/person\/331be9283d37198e2acd5750279085b0"},"headline":"Arranca SESESP campa\u00f1a #PonteVivo para prevenir muertes por accidentes viales","datePublished":"2021-12-11T02:35:26+00:00","dateModified":"2021-12-11T02:43:08+00:00","mainEntityOfPage":{"@id":"https:\/\/fuentesfidedignas.com.mx\/index.php\/2021\/12\/10\/arranca-sesesp-campana-pontevivo-para-prevenir-muertes-por-accidentes-viales\/"},"wordCount":571,"commentCount":0,"publisher":{"@id":"https:\/\/fuentesfidedignas.com.mx\/#organization"},"image":{"@id":"https:\/\/fuentesfidedignas.com.mx\/index.php\/2021\/12\/10\/arranca-sesesp-campana-pontevivo-para-prevenir-muertes-por-accidentes-viales\/#primaryimage"},"thumbnailUrl":"https:\/\/fuentesfidedignas.com.mx\/wp-content\/uploads\/2021\/12\/SSP_CAMPANA.jpg","articleSection":["NOTA PRINCIPAL"],"inLanguage":"es","potentialAction":[{"@type":"CommentAction","name":"Comment","target":["https:\/\/fuentesfidedignas.com.mx\/index.php\/2021\/12\/10\/arranca-sesesp-campana-pontevivo-para-prevenir-muertes-por-accidentes-viales\/#respond"]}]},{"@type":"WebPage","@id":"https:\/\/fuentesfidedignas.com.mx\/index.php\/2021\/12\/10\/arranca-sesesp-campana-pontevivo-para-prevenir-muertes-por-accidentes-viales\/","url":"https:\/\/fuentesfidedignas.com.mx\/index.php\/2021\/12\/10\/arranca-sesesp-campana-pontevivo-para-prevenir-muertes-por-accidentes-viales\/","name":"Arranca SESESP campa\u00f1a #PonteVivo para prevenir muertes por accidentes viales - Fuentes Fidedignas","isPartOf":{"@id":"https:\/\/fuentesfidedignas.com.mx\/#website"},"primaryImageOfPage":{"@id":"https:\/\/fuentesfidedignas.com.mx\/index.php\/2021\/12\/10\/arranca-sesesp-campana-pontevivo-para-prevenir-muertes-por-accidentes-viales\/#primaryimage"},"image":{"@id":"https:\/\/fuentesfidedignas.com.mx\/index.php\/2021\/12\/10\/arranca-sesesp-campana-pontevivo-para-prevenir-muertes-por-accidentes-viales\/#primaryimage"},"thumbnailUrl":"https:\/\/fuentesfidedignas.com.mx\/wp-content\/uploads\/2021\/12\/SSP_CAMPANA.jpg","datePublished":"2021-12-11T02:35:26+00:00","dateModified":"2021-12-11T02:43:08+00:00","breadcrumb":{"@id":"https:\/\/fuentesfidedignas.com.mx\/index.php\/2021\/12\/10\/arranca-sesesp-campana-pontevivo-para-prevenir-muertes-por-accidentes-viales\/#breadcrumb"},"inLanguage":"es","potentialAction":[{"@type":"ReadAction","target":["https:\/\/fuentesfidedignas.com.mx\/index.php\/2021\/12\/10\/arranca-sesesp-campana-pontevivo-para-prevenir-muertes-por-accidentes-viales\/"]}]},{"@type":"ImageObject","inLanguage":"es","@id":"https:\/\/fuentesfidedignas.com.mx\/index.php\/2021\/12\/10\/arranca-sesesp-campana-pontevivo-para-prevenir-muertes-por-accidentes-viales\/#primaryimage","url":"https:\/\/fuentesfidedignas.com.mx\/wp-content\/uploads\/2021\/12\/SSP_CAMPANA.jpg","contentUrl":"https:\/\/fuentesfidedignas.com.mx\/wp-content\/uploads\/2021\/12\/SSP_CAMPANA.jpg","width":1280,"height":853},{"@type":"BreadcrumbList","@id":"https:\/\/fuentesfidedignas.com.mx\/index.php\/2021\/12\/10\/arranca-sesesp-campana-pontevivo-para-prevenir-muertes-por-accidentes-viales\/#breadcrumb","itemListElement":[{"@type":"ListItem","position":1,"name":"Inicio","item":"https:\/\/fuentesfidedignas.com.mx\/"},{"@type":"ListItem","position":2,"name":"Arranca SESESP campa\u00f1a #PonteVivo para prevenir muertes por accidentes viales"}]},{"@type":"WebSite","@id":"https:\/\/fuentesfidedignas.com.mx\/#website","url":"https:\/\/fuentesfidedignas.com.mx\/","name":"Fuentes Fidedignas","description":"Otro sitio realizado con WordPress","publisher":{"@id":"https:\/\/fuentesfidedignas.com.mx\/#organization"},"potentialAction":[{"@type":"SearchAction","target":{"@type":"EntryPoint","urlTemplate":"https:\/\/fuentesfidedignas.com.mx\/?s={search_term_string}"},"query-input":{"@type":"PropertyValueSpecification","valueRequired":true,"valueName":"search_term_string"}}],"inLanguage":"es"},{"@type":"Organization","@id":"https:\/\/fuentesfidedignas.com.mx\/#organization","name":"Fuentes Fidedignas","url":"https:\/\/fuentesfidedignas.com.mx\/","logo":{"@type":"ImageObject","inLanguage":"es","@id":"https:\/\/fuentesfidedignas.com.mx\/#\/schema\/logo\/image\/","url":"https:\/\/fuentesfidedignas.com.mx\/wp-content\/uploads\/2021\/04\/logo-retina.png","contentUrl":"https:\/\/fuentesfidedignas.com.mx\/wp-content\/uploads\/2021\/04\/logo-retina.png","width":280,"height":51,"caption":"Fuentes Fidedignas"},"image":{"@id":"https:\/\/fuentesfidedignas.com.mx\/#\/schema\/logo\/image\/"},"sameAs":["https:\/\/www.facebook.com\/Fuentes-Fidedignas-368234489921644","https:\/\/x.com\/fidedignas"]},{"@type":"Person","@id":"https:\/\/fuentesfidedignas.com.mx\/#\/schema\/person\/331be9283d37198e2acd5750279085b0","name":"Redacci\u00f3n","image":{"@type":"ImageObject","inLanguage":"es","@id":"https:\/\/secure.gravatar.com\/avatar\/f6d8782c11d12b2d4ad3fbb6931aeab5309937a4d6cd2fc9cfaa28a6396a5aec?s=96&d=mm&r=g","url":"https:\/\/secure.gravatar.com\/avatar\/f6d8782c11d12b2d4ad3fbb6931aeab5309937a4d6cd2fc9cfaa28a6396a5aec?s=96&d=mm&r=g","contentUrl":"https:\/\/secure.gravatar.com\/avatar\/f6d8782c11d12b2d4ad3fbb6931aeab5309937a4d6cd2fc9cfaa28a6396a5aec?s=96&d=mm&r=g","caption":"Redacci\u00f3n"},"url":"https:\/\/fuentesfidedignas.com.mx\/index.php\/author\/redaccion\/"}]}},"_links":{"self":[{"href":"https:\/\/fuentesfidedignas.com.mx\/index.php\/wp-json\/wp\/v2\/posts\/19586","targetHints":{"allow":["GET"]}}],"collection":[{"href":"https:\/\/fuentesfidedignas.com.mx\/index.php\/wp-json\/wp\/v2\/posts"}],"about":[{"href":"https:\/\/fuentesfidedignas.com.mx\/index.php\/wp-json\/wp\/v2\/types\/post"}],"author":[{"embeddable":true,"href":"https:\/\/fuentesfidedignas.com.mx\/index.php\/wp-json\/wp\/v2\/users\/4"}],"replies":[{"embeddable":true,"href":"https:\/\/fuentesfidedignas.com.mx\/index.php\/wp-json\/wp\/v2\/comments?post=19586"}],"version-history":[{"count":2,"href":"https:\/\/fuentesfidedignas.com.mx\/index.php\/wp-json\/wp\/v2\/posts\/19586\/revisions"}],"predecessor-version":[{"id":19591,"href":"https:\/\/fuentesfidedignas.com.mx\/index.php\/wp-json\/wp\/v2\/posts\/19586\/revisions\/19591"}],"wp:featuredmedia":[{"embeddable":true,"href":"https:\/\/fuentesfidedignas.com.mx\/index.php\/wp-json\/wp\/v2\/media\/19587"}],"wp:attachment":[{"href":"https:\/\/fuentesfidedignas.com.mx\/index.php\/wp-json\/wp\/v2\/media?parent=19586"}],"wp:term":[{"taxonomy":"category","embeddable":true,"href":"https:\/\/fuentesfidedignas.com.mx\/index.php\/wp-json\/wp\/v2\/categories?post=19586"},{"taxonomy":"post_tag","embeddable":true,"href":"https:\/\/fuentesfidedignas.com.mx\/index.php\/wp-json\/wp\/v2\/tags?post=19586"}],"curies":[{"name":"wp","href":"https:\/\/api.w.org\/{rel}","templated":true}]}}