{"id":19559,"date":"2021-12-10T13:42:11","date_gmt":"2021-12-10T20:42:11","guid":{"rendered":"https:\/\/fuentesfidedignas.com.mx\/?p=19559"},"modified":"2021-12-10T13:42:12","modified_gmt":"2021-12-10T20:42:12","slug":"rocha-instala-el-sistema-estatal-de-proteccion-de-los-derechos-de-ninas-ninos-y-adolescentes","status":"publish","type":"post","link":"https:\/\/fuentesfidedignas.com.mx\/index.php\/2021\/12\/10\/rocha-instala-el-sistema-estatal-de-proteccion-de-los-derechos-de-ninas-ninos-y-adolescentes\/","title":{"rendered":"Rocha instala el Sistema Estatal de Protecci\u00f3n de los Derechos de Ni\u00f1as, Ni\u00f1os y Adolescentes"},"content":{"rendered":"\n<p><strong><em>El gobernador del estado dijo que se trabajar\u00e1 para desterrar la mano de obra infantil y que los ni\u00f1os vayan a la escuela<\/em><\/strong><\/p>\n\n\n\n<p>Culiac\u00e1n, Sin.- Al instalar el Sistema Estatal de Protecci\u00f3n Integral de los Derechos de Ni\u00f1as, Ni\u00f1os y Adolescentes, el gobernador Rub\u00e9n Rocha Moya dijo que el compromiso de su gobierno es mejorar las condiciones en que vive la ni\u00f1ez, en especial de 10 mil ni\u00f1os en Sinaloa que viven en pobreza extrema, lo cual se lograr\u00e1 a trav\u00e9s de programas de apoyo, desterrando la mano de obra infantil y en su lugar ofrecer las condiciones para que los ni\u00f1os permanezcan en la escuela.<\/p>\n\n\n\n<p>El mandatario estatal instal\u00f3 este Sistema Estatal en un evento que fue moderado por la secretaria ejecutiva del SIPINNA, Nuria Alejandra Gonz\u00e1lez Elizalde, y que cont\u00f3 con la presencia de la encargada del Despacho del Sistema Nacional de Protecci\u00f3n Integral de Ni\u00f1as, Ni\u00f1os y Adolescentes, Mar\u00eda Constanza Tort San Rom\u00e1n, quien reconoci\u00f3 la voluntad del gobernador Rocha para trabajar de manera muy coordinada con todas las instituciones y organismos de la sociedad civil, a fin de proteger los derechos de la ni\u00f1ez.<\/p>\n\n\n\n<p>\u201cNosotros tenemos que hacer el gran esfuerzo para que los ni\u00f1os no trabajen, y para eso hay que apoyarlos con becas\u201d, dijo el mandatario estatal ante el testimonio precisamente de la ni\u00f1a Jessica Mart\u00ednez Solano, de origen mixteco, quien expuso su situaci\u00f3n particular que comparte con muchos de sus compa\u00f1eros, para continuar en la escuela en lugar de trabajar en el campo.<\/p>\n\n\n\n<p>\u201cElla quiere una beca, y se la vamos a dar, y tambi\u00e9n vamos a ver el tema de sus amiguitos. No te d\u00e9 pena ir a la escuela a desarrollarte, porque ir a la escuela es la manera en que puedas t\u00fa salir adelante\u201d, le reiter\u00f3 a la jovencita mixteca.<\/p>\n\n\n\n<p>El gobernador Rocha reconoci\u00f3 que en Sinaloa durante cada temporada hort\u00edcola se vive esta situaci\u00f3n en los grandes campos agr\u00edcolas, pues son los mismos padres quienes solicitan al patr\u00f3n que tambi\u00e9n trabajen sus hijos para tener m\u00e1s ingresos para estas familias que vienen principalmente de Oaxaca y de Guerrero, muchas de ellas de origen mixteco, zapotecos y triquis.<\/p>\n\n\n\n<p>Destac\u00f3 que \u00e9sta es una problem\u00e1tica que se debe atender, pues sumando a la poblaci\u00f3n migrante con la poblaci\u00f3n establecida en Sinaloa, totalizan 900 mil ni\u00f1as y ni\u00f1os que hay en el estado, de los cuales 100 mil de ellos viven en pobreza, y de \u00e9stos a su vez 10 mil se encuentran en pobreza extrema, es decir, que no tienen ni siquiera el sustento diario para comer.<\/p>\n\n\n\n<p>\u201cEntonces hay que atender a esos ni\u00f1os, tenemos necesidad de pol\u00edticas p\u00fablicas, que es a lo que se refiere el SIPINNA, y abordarlas de manera transversal, por eso aqu\u00ed estamos todo el personal, la secretaria de las Mujeres, el secretario de Salud, la secretaria del Bienestar, el DIF, que tienen que hacer un trabajo de mucha coordinaci\u00f3n, porque hay que llegar a los ni\u00f1os con apoyos, acu\u00e9rdense que siempre decimos que la mejor forma para salir de la pobreza es que tengan un empleo, pero aqu\u00ed no, \u00e9ste no es el caso, la mejor forma es apoyarlos con programas, desarrollar una serie de pol\u00edticas p\u00fablicas que permitan que sin tener empleo, porque los ni\u00f1os no deben tener empleo, podamos sacarlos de la pobreza\u201d, reiter\u00f3.<\/p>\n\n\n\n<p>A su vez, la encargada del SIPINNA Nacional, Mar\u00eda Constanza Tort San Rom\u00e1n, dijo que observa con benepl\u00e1cito el compromiso mostrado por el gobernador Rocha al tener aqu\u00ed a todos los funcionarios de primer nivel, porque de ah\u00ed deriva el \u00e9xito en estas pol\u00edticas p\u00fablicas de apoyo a la ni\u00f1ez.<\/p>\n\n\n\n<p>\u201cEl haber colocado a la ni\u00f1ez y a la adolescencia en el centro de la discusi\u00f3n pol\u00edtica ahora en el estado de Sinaloa, se\u00f1or gobernador, es verdaderamente un principio que hay que reconocer y celebrar, pues es en verdad en los pocos d\u00edas en que el gobernador asumi\u00f3 esta important\u00edsima encomienda como gobernador, \u00e9sta es una de sus primeras acciones, beneficiar a la ni\u00f1ez del estado, y con esto se reitera su compromiso y demuestra que le hace mucho bien a la ni\u00f1ez\u201d, reconoci\u00f3.<\/p>\n\n\n\n<p>Tort San Rom\u00e1n aclar\u00f3 que el apoyo que se le otorga a las ni\u00f1as y a los ni\u00f1os no es solamente una cuesti\u00f3n de justicia social, o de moral y \u00e9tica, algo que se tenga que hacer porque es lo correcto, sino que este apoyo es una cuesti\u00f3n de supervivencia nacional, pues los ni\u00f1os son el futuro y en la medida en que se garantice su seguridad y su adecuado desarrollo, es en esa misma medida en que se va a desarrollar M\u00e9xico.<\/p>\n\n\n\n<p>Se\u00f1al\u00f3 que la agenda impulsada a nivel nacional pretende consolidar el concepto de que estos ni\u00f1os no son objeto de protecci\u00f3n, sino sujetos de derechos, lo cual implica un cambio en la forma de gobernar y la necesidad de construir pol\u00edticas p\u00fablicas que pongan a este sector de la sociedad en el lugar m\u00e1s prioritario. \u201cNo me cabe duda que esto va a ocurrir en el estado de Sinaloa, se\u00f1or gobernador, estoy gratamente sorprendida de que est\u00e9 ocurriendo aqu\u00ed\u201d, concluy\u00f3.<\/p>\n\n\n\n<p>La bienvenida a esta primera sesi\u00f3n estuvo a cargo del secretario general de Gobierno, Enrique Inzunza C\u00e1zarez, y enseguida la secretaria ejecutiva del SIPINNA, Nuria Alejandra Gonz\u00e1lez Elizalde, puso a consideraci\u00f3n del pleno tres acuerdos, que fueron aprobados por unanimidad, que se refieren al exhorto a los presidentes municipales para la instalaci\u00f3n de los sistemas municipales del SIPINNA, la expedici\u00f3n de la convocatoria para seleccionar a dos personas representantes de la sociedad civil como integrantes de este Sistema Estatal, y el tercero, otra convocatoria para seleccionar a diez personas para integrar el Consejo Consultivo del SIPINNA.<\/p>\n","protected":false},"excerpt":{"rendered":"<p>El gobernador del estado dijo que se trabajar\u00e1 para desterrar la mano de obra infantil y que los ni\u00f1os vayan a la escuela Culiac\u00e1n, Sin.- Al instalar el Sistema Estatal de Protecci\u00f3n Integral de los Derechos de Ni\u00f1as, Ni\u00f1os y Adolescentes, el gobernador Rub\u00e9n Rocha Moya dijo que el compromiso de su gobierno es mejorar [&hellip;]<\/p>\n","protected":false},"author":4,"featured_media":0,"comment_status":"open","ping_status":"open","sticky":false,"template":"","format":"standard","meta":{"tdm_status":"","tdm_grid_status":"","footnotes":""},"categories":[37],"tags":[],"class_list":{"0":"post-19559","1":"post","2":"type-post","3":"status-publish","4":"format-standard","6":"category-nota-principal"},"yoast_head":"<!-- This site is optimized with the Yoast SEO plugin v27.5 - https:\/\/yoast.com\/product\/yoast-seo-wordpress\/ -->\n<title>Rocha instala el Sistema Estatal de Protecci\u00f3n de los Derechos de Ni\u00f1as, Ni\u00f1os y Adolescentes - Fuentes Fidedignas<\/title>\n<meta name=\"robots\" content=\"index, follow, max-snippet:-1, max-image-preview:large, max-video-preview:-1\" \/>\n<link rel=\"canonical\" href=\"https:\/\/fuentesfidedignas.com.mx\/index.php\/2021\/12\/10\/rocha-instala-el-sistema-estatal-de-proteccion-de-los-derechos-de-ninas-ninos-y-adolescentes\/\" \/>\n<meta property=\"og:locale\" content=\"es_MX\" \/>\n<meta property=\"og:type\" content=\"article\" \/>\n<meta property=\"og:title\" content=\"Rocha instala el Sistema Estatal de Protecci\u00f3n de los Derechos de Ni\u00f1as, Ni\u00f1os y Adolescentes - Fuentes Fidedignas\" \/>\n<meta property=\"og:description\" content=\"El gobernador del estado dijo que se trabajar\u00e1 para desterrar la mano de obra infantil y que los ni\u00f1os vayan a la escuela Culiac\u00e1n, Sin.- Al instalar el Sistema Estatal de Protecci\u00f3n Integral de los Derechos de Ni\u00f1as, Ni\u00f1os y Adolescentes, el gobernador Rub\u00e9n Rocha Moya dijo que el compromiso de su gobierno es mejorar [&hellip;]\" \/>\n<meta property=\"og:url\" content=\"https:\/\/fuentesfidedignas.com.mx\/index.php\/2021\/12\/10\/rocha-instala-el-sistema-estatal-de-proteccion-de-los-derechos-de-ninas-ninos-y-adolescentes\/\" \/>\n<meta property=\"og:site_name\" content=\"Fuentes Fidedignas\" \/>\n<meta property=\"article:publisher\" content=\"https:\/\/www.facebook.com\/Fuentes-Fidedignas-368234489921644\" \/>\n<meta property=\"article:published_time\" content=\"2021-12-10T20:42:11+00:00\" \/>\n<meta property=\"article:modified_time\" content=\"2021-12-10T20:42:12+00:00\" \/>\n<meta property=\"og:image\" content=\"https:\/\/fuentesfidedignas.com.mx\/wp-content\/uploads\/2021\/12\/WhatsApp-Image-2021-12-10-at-1.21.38-PM.jpeg\" \/>\n\t<meta property=\"og:image:width\" content=\"1280\" \/>\n\t<meta property=\"og:image:height\" content=\"854\" \/>\n\t<meta property=\"og:image:type\" content=\"image\/jpeg\" \/>\n<meta name=\"author\" content=\"Redacci\u00f3n\" \/>\n<meta name=\"twitter:card\" content=\"summary_large_image\" \/>\n<meta name=\"twitter:creator\" content=\"@fidedignas\" \/>\n<meta name=\"twitter:site\" content=\"@fidedignas\" \/>\n<meta name=\"twitter:label1\" content=\"Escrito por\" \/>\n\t<meta name=\"twitter:data1\" content=\"Redacci\u00f3n\" \/>\n\t<meta name=\"twitter:label2\" content=\"Tiempo de lectura\" \/>\n\t<meta name=\"twitter:data2\" content=\"5 minutos\" \/>\n<script type=\"application\/ld+json\" class=\"yoast-schema-graph\">{\"@context\":\"https:\\\/\\\/schema.org\",\"@graph\":[{\"@type\":\"Article\",\"@id\":\"https:\\\/\\\/fuentesfidedignas.com.mx\\\/index.php\\\/2021\\\/12\\\/10\\\/rocha-instala-el-sistema-estatal-de-proteccion-de-los-derechos-de-ninas-ninos-y-adolescentes\\\/#article\",\"isPartOf\":{\"@id\":\"https:\\\/\\\/fuentesfidedignas.com.mx\\\/index.php\\\/2021\\\/12\\\/10\\\/rocha-instala-el-sistema-estatal-de-proteccion-de-los-derechos-de-ninas-ninos-y-adolescentes\\\/\"},\"author\":{\"name\":\"Redacci\u00f3n\",\"@id\":\"https:\\\/\\\/fuentesfidedignas.com.mx\\\/#\\\/schema\\\/person\\\/331be9283d37198e2acd5750279085b0\"},\"headline\":\"Rocha instala el Sistema Estatal de Protecci\u00f3n de los Derechos de Ni\u00f1as, Ni\u00f1os y Adolescentes\",\"datePublished\":\"2021-12-10T20:42:11+00:00\",\"dateModified\":\"2021-12-10T20:42:12+00:00\",\"mainEntityOfPage\":{\"@id\":\"https:\\\/\\\/fuentesfidedignas.com.mx\\\/index.php\\\/2021\\\/12\\\/10\\\/rocha-instala-el-sistema-estatal-de-proteccion-de-los-derechos-de-ninas-ninos-y-adolescentes\\\/\"},\"wordCount\":1035,\"commentCount\":0,\"publisher\":{\"@id\":\"https:\\\/\\\/fuentesfidedignas.com.mx\\\/#organization\"},\"articleSection\":[\"NOTA PRINCIPAL\"],\"inLanguage\":\"es\",\"potentialAction\":[{\"@type\":\"CommentAction\",\"name\":\"Comment\",\"target\":[\"https:\\\/\\\/fuentesfidedignas.com.mx\\\/index.php\\\/2021\\\/12\\\/10\\\/rocha-instala-el-sistema-estatal-de-proteccion-de-los-derechos-de-ninas-ninos-y-adolescentes\\\/#respond\"]}]},{\"@type\":\"WebPage\",\"@id\":\"https:\\\/\\\/fuentesfidedignas.com.mx\\\/index.php\\\/2021\\\/12\\\/10\\\/rocha-instala-el-sistema-estatal-de-proteccion-de-los-derechos-de-ninas-ninos-y-adolescentes\\\/\",\"url\":\"https:\\\/\\\/fuentesfidedignas.com.mx\\\/index.php\\\/2021\\\/12\\\/10\\\/rocha-instala-el-sistema-estatal-de-proteccion-de-los-derechos-de-ninas-ninos-y-adolescentes\\\/\",\"name\":\"Rocha instala el Sistema Estatal de Protecci\u00f3n de los Derechos de Ni\u00f1as, Ni\u00f1os y Adolescentes - Fuentes Fidedignas\",\"isPartOf\":{\"@id\":\"https:\\\/\\\/fuentesfidedignas.com.mx\\\/#website\"},\"datePublished\":\"2021-12-10T20:42:11+00:00\",\"dateModified\":\"2021-12-10T20:42:12+00:00\",\"breadcrumb\":{\"@id\":\"https:\\\/\\\/fuentesfidedignas.com.mx\\\/index.php\\\/2021\\\/12\\\/10\\\/rocha-instala-el-sistema-estatal-de-proteccion-de-los-derechos-de-ninas-ninos-y-adolescentes\\\/#breadcrumb\"},\"inLanguage\":\"es\",\"potentialAction\":[{\"@type\":\"ReadAction\",\"target\":[\"https:\\\/\\\/fuentesfidedignas.com.mx\\\/index.php\\\/2021\\\/12\\\/10\\\/rocha-instala-el-sistema-estatal-de-proteccion-de-los-derechos-de-ninas-ninos-y-adolescentes\\\/\"]}]},{\"@type\":\"BreadcrumbList\",\"@id\":\"https:\\\/\\\/fuentesfidedignas.com.mx\\\/index.php\\\/2021\\\/12\\\/10\\\/rocha-instala-el-sistema-estatal-de-proteccion-de-los-derechos-de-ninas-ninos-y-adolescentes\\\/#breadcrumb\",\"itemListElement\":[{\"@type\":\"ListItem\",\"position\":1,\"name\":\"Inicio\",\"item\":\"https:\\\/\\\/fuentesfidedignas.com.mx\\\/\"},{\"@type\":\"ListItem\",\"position\":2,\"name\":\"Rocha instala el Sistema Estatal de Protecci\u00f3n de los Derechos de Ni\u00f1as, Ni\u00f1os y Adolescentes\"}]},{\"@type\":\"WebSite\",\"@id\":\"https:\\\/\\\/fuentesfidedignas.com.mx\\\/#website\",\"url\":\"https:\\\/\\\/fuentesfidedignas.com.mx\\\/\",\"name\":\"Fuentes Fidedignas\",\"description\":\"Otro sitio realizado con WordPress\",\"publisher\":{\"@id\":\"https:\\\/\\\/fuentesfidedignas.com.mx\\\/#organization\"},\"potentialAction\":[{\"@type\":\"SearchAction\",\"target\":{\"@type\":\"EntryPoint\",\"urlTemplate\":\"https:\\\/\\\/fuentesfidedignas.com.mx\\\/?s={search_term_string}\"},\"query-input\":{\"@type\":\"PropertyValueSpecification\",\"valueRequired\":true,\"valueName\":\"search_term_string\"}}],\"inLanguage\":\"es\"},{\"@type\":\"Organization\",\"@id\":\"https:\\\/\\\/fuentesfidedignas.com.mx\\\/#organization\",\"name\":\"Fuentes Fidedignas\",\"url\":\"https:\\\/\\\/fuentesfidedignas.com.mx\\\/\",\"logo\":{\"@type\":\"ImageObject\",\"inLanguage\":\"es\",\"@id\":\"https:\\\/\\\/fuentesfidedignas.com.mx\\\/#\\\/schema\\\/logo\\\/image\\\/\",\"url\":\"https:\\\/\\\/fuentesfidedignas.com.mx\\\/wp-content\\\/uploads\\\/2021\\\/04\\\/logo-retina.png\",\"contentUrl\":\"https:\\\/\\\/fuentesfidedignas.com.mx\\\/wp-content\\\/uploads\\\/2021\\\/04\\\/logo-retina.png\",\"width\":280,\"height\":51,\"caption\":\"Fuentes Fidedignas\"},\"image\":{\"@id\":\"https:\\\/\\\/fuentesfidedignas.com.mx\\\/#\\\/schema\\\/logo\\\/image\\\/\"},\"sameAs\":[\"https:\\\/\\\/www.facebook.com\\\/Fuentes-Fidedignas-368234489921644\",\"https:\\\/\\\/x.com\\\/fidedignas\"]},{\"@type\":\"Person\",\"@id\":\"https:\\\/\\\/fuentesfidedignas.com.mx\\\/#\\\/schema\\\/person\\\/331be9283d37198e2acd5750279085b0\",\"name\":\"Redacci\u00f3n\",\"image\":{\"@type\":\"ImageObject\",\"inLanguage\":\"es\",\"@id\":\"https:\\\/\\\/secure.gravatar.com\\\/avatar\\\/f6d8782c11d12b2d4ad3fbb6931aeab5309937a4d6cd2fc9cfaa28a6396a5aec?s=96&d=mm&r=g\",\"url\":\"https:\\\/\\\/secure.gravatar.com\\\/avatar\\\/f6d8782c11d12b2d4ad3fbb6931aeab5309937a4d6cd2fc9cfaa28a6396a5aec?s=96&d=mm&r=g\",\"contentUrl\":\"https:\\\/\\\/secure.gravatar.com\\\/avatar\\\/f6d8782c11d12b2d4ad3fbb6931aeab5309937a4d6cd2fc9cfaa28a6396a5aec?s=96&d=mm&r=g\",\"caption\":\"Redacci\u00f3n\"},\"url\":\"https:\\\/\\\/fuentesfidedignas.com.mx\\\/index.php\\\/author\\\/redaccion\\\/\"}]}<\/script>\n<!-- \/ Yoast SEO plugin. -->","yoast_head_json":{"title":"Rocha instala el Sistema Estatal de Protecci\u00f3n de los Derechos de Ni\u00f1as, Ni\u00f1os y Adolescentes - Fuentes Fidedignas","robots":{"index":"index","follow":"follow","max-snippet":"max-snippet:-1","max-image-preview":"max-image-preview:large","max-video-preview":"max-video-preview:-1"},"canonical":"https:\/\/fuentesfidedignas.com.mx\/index.php\/2021\/12\/10\/rocha-instala-el-sistema-estatal-de-proteccion-de-los-derechos-de-ninas-ninos-y-adolescentes\/","og_locale":"es_MX","og_type":"article","og_title":"Rocha instala el Sistema Estatal de Protecci\u00f3n de los Derechos de Ni\u00f1as, Ni\u00f1os y Adolescentes - Fuentes Fidedignas","og_description":"El gobernador del estado dijo que se trabajar\u00e1 para desterrar la mano de obra infantil y que los ni\u00f1os vayan a la escuela Culiac\u00e1n, Sin.- Al instalar el Sistema Estatal de Protecci\u00f3n Integral de los Derechos de Ni\u00f1as, Ni\u00f1os y Adolescentes, el gobernador Rub\u00e9n Rocha Moya dijo que el compromiso de su gobierno es mejorar [&hellip;]","og_url":"https:\/\/fuentesfidedignas.com.mx\/index.php\/2021\/12\/10\/rocha-instala-el-sistema-estatal-de-proteccion-de-los-derechos-de-ninas-ninos-y-adolescentes\/","og_site_name":"Fuentes Fidedignas","article_publisher":"https:\/\/www.facebook.com\/Fuentes-Fidedignas-368234489921644","article_published_time":"2021-12-10T20:42:11+00:00","article_modified_time":"2021-12-10T20:42:12+00:00","og_image":[{"width":1280,"height":854,"url":"https:\/\/fuentesfidedignas.com.mx\/wp-content\/uploads\/2021\/12\/WhatsApp-Image-2021-12-10-at-1.21.38-PM.jpeg","type":"image\/jpeg"}],"author":"Redacci\u00f3n","twitter_card":"summary_large_image","twitter_creator":"@fidedignas","twitter_site":"@fidedignas","twitter_misc":{"Escrito por":"Redacci\u00f3n","Tiempo de lectura":"5 minutos"},"schema":{"@context":"https:\/\/schema.org","@graph":[{"@type":"Article","@id":"https:\/\/fuentesfidedignas.com.mx\/index.php\/2021\/12\/10\/rocha-instala-el-sistema-estatal-de-proteccion-de-los-derechos-de-ninas-ninos-y-adolescentes\/#article","isPartOf":{"@id":"https:\/\/fuentesfidedignas.com.mx\/index.php\/2021\/12\/10\/rocha-instala-el-sistema-estatal-de-proteccion-de-los-derechos-de-ninas-ninos-y-adolescentes\/"},"author":{"name":"Redacci\u00f3n","@id":"https:\/\/fuentesfidedignas.com.mx\/#\/schema\/person\/331be9283d37198e2acd5750279085b0"},"headline":"Rocha instala el Sistema Estatal de Protecci\u00f3n de los Derechos de Ni\u00f1as, Ni\u00f1os y Adolescentes","datePublished":"2021-12-10T20:42:11+00:00","dateModified":"2021-12-10T20:42:12+00:00","mainEntityOfPage":{"@id":"https:\/\/fuentesfidedignas.com.mx\/index.php\/2021\/12\/10\/rocha-instala-el-sistema-estatal-de-proteccion-de-los-derechos-de-ninas-ninos-y-adolescentes\/"},"wordCount":1035,"commentCount":0,"publisher":{"@id":"https:\/\/fuentesfidedignas.com.mx\/#organization"},"articleSection":["NOTA PRINCIPAL"],"inLanguage":"es","potentialAction":[{"@type":"CommentAction","name":"Comment","target":["https:\/\/fuentesfidedignas.com.mx\/index.php\/2021\/12\/10\/rocha-instala-el-sistema-estatal-de-proteccion-de-los-derechos-de-ninas-ninos-y-adolescentes\/#respond"]}]},{"@type":"WebPage","@id":"https:\/\/fuentesfidedignas.com.mx\/index.php\/2021\/12\/10\/rocha-instala-el-sistema-estatal-de-proteccion-de-los-derechos-de-ninas-ninos-y-adolescentes\/","url":"https:\/\/fuentesfidedignas.com.mx\/index.php\/2021\/12\/10\/rocha-instala-el-sistema-estatal-de-proteccion-de-los-derechos-de-ninas-ninos-y-adolescentes\/","name":"Rocha instala el Sistema Estatal de Protecci\u00f3n de los Derechos de Ni\u00f1as, Ni\u00f1os y Adolescentes - Fuentes Fidedignas","isPartOf":{"@id":"https:\/\/fuentesfidedignas.com.mx\/#website"},"datePublished":"2021-12-10T20:42:11+00:00","dateModified":"2021-12-10T20:42:12+00:00","breadcrumb":{"@id":"https:\/\/fuentesfidedignas.com.mx\/index.php\/2021\/12\/10\/rocha-instala-el-sistema-estatal-de-proteccion-de-los-derechos-de-ninas-ninos-y-adolescentes\/#breadcrumb"},"inLanguage":"es","potentialAction":[{"@type":"ReadAction","target":["https:\/\/fuentesfidedignas.com.mx\/index.php\/2021\/12\/10\/rocha-instala-el-sistema-estatal-de-proteccion-de-los-derechos-de-ninas-ninos-y-adolescentes\/"]}]},{"@type":"BreadcrumbList","@id":"https:\/\/fuentesfidedignas.com.mx\/index.php\/2021\/12\/10\/rocha-instala-el-sistema-estatal-de-proteccion-de-los-derechos-de-ninas-ninos-y-adolescentes\/#breadcrumb","itemListElement":[{"@type":"ListItem","position":1,"name":"Inicio","item":"https:\/\/fuentesfidedignas.com.mx\/"},{"@type":"ListItem","position":2,"name":"Rocha instala el Sistema Estatal de Protecci\u00f3n de los Derechos de Ni\u00f1as, Ni\u00f1os y Adolescentes"}]},{"@type":"WebSite","@id":"https:\/\/fuentesfidedignas.com.mx\/#website","url":"https:\/\/fuentesfidedignas.com.mx\/","name":"Fuentes Fidedignas","description":"Otro sitio realizado con WordPress","publisher":{"@id":"https:\/\/fuentesfidedignas.com.mx\/#organization"},"potentialAction":[{"@type":"SearchAction","target":{"@type":"EntryPoint","urlTemplate":"https:\/\/fuentesfidedignas.com.mx\/?s={search_term_string}"},"query-input":{"@type":"PropertyValueSpecification","valueRequired":true,"valueName":"search_term_string"}}],"inLanguage":"es"},{"@type":"Organization","@id":"https:\/\/fuentesfidedignas.com.mx\/#organization","name":"Fuentes Fidedignas","url":"https:\/\/fuentesfidedignas.com.mx\/","logo":{"@type":"ImageObject","inLanguage":"es","@id":"https:\/\/fuentesfidedignas.com.mx\/#\/schema\/logo\/image\/","url":"https:\/\/fuentesfidedignas.com.mx\/wp-content\/uploads\/2021\/04\/logo-retina.png","contentUrl":"https:\/\/fuentesfidedignas.com.mx\/wp-content\/uploads\/2021\/04\/logo-retina.png","width":280,"height":51,"caption":"Fuentes Fidedignas"},"image":{"@id":"https:\/\/fuentesfidedignas.com.mx\/#\/schema\/logo\/image\/"},"sameAs":["https:\/\/www.facebook.com\/Fuentes-Fidedignas-368234489921644","https:\/\/x.com\/fidedignas"]},{"@type":"Person","@id":"https:\/\/fuentesfidedignas.com.mx\/#\/schema\/person\/331be9283d37198e2acd5750279085b0","name":"Redacci\u00f3n","image":{"@type":"ImageObject","inLanguage":"es","@id":"https:\/\/secure.gravatar.com\/avatar\/f6d8782c11d12b2d4ad3fbb6931aeab5309937a4d6cd2fc9cfaa28a6396a5aec?s=96&d=mm&r=g","url":"https:\/\/secure.gravatar.com\/avatar\/f6d8782c11d12b2d4ad3fbb6931aeab5309937a4d6cd2fc9cfaa28a6396a5aec?s=96&d=mm&r=g","contentUrl":"https:\/\/secure.gravatar.com\/avatar\/f6d8782c11d12b2d4ad3fbb6931aeab5309937a4d6cd2fc9cfaa28a6396a5aec?s=96&d=mm&r=g","caption":"Redacci\u00f3n"},"url":"https:\/\/fuentesfidedignas.com.mx\/index.php\/author\/redaccion\/"}]}},"_links":{"self":[{"href":"https:\/\/fuentesfidedignas.com.mx\/index.php\/wp-json\/wp\/v2\/posts\/19559","targetHints":{"allow":["GET"]}}],"collection":[{"href":"https:\/\/fuentesfidedignas.com.mx\/index.php\/wp-json\/wp\/v2\/posts"}],"about":[{"href":"https:\/\/fuentesfidedignas.com.mx\/index.php\/wp-json\/wp\/v2\/types\/post"}],"author":[{"embeddable":true,"href":"https:\/\/fuentesfidedignas.com.mx\/index.php\/wp-json\/wp\/v2\/users\/4"}],"replies":[{"embeddable":true,"href":"https:\/\/fuentesfidedignas.com.mx\/index.php\/wp-json\/wp\/v2\/comments?post=19559"}],"version-history":[{"count":1,"href":"https:\/\/fuentesfidedignas.com.mx\/index.php\/wp-json\/wp\/v2\/posts\/19559\/revisions"}],"predecessor-version":[{"id":19561,"href":"https:\/\/fuentesfidedignas.com.mx\/index.php\/wp-json\/wp\/v2\/posts\/19559\/revisions\/19561"}],"wp:attachment":[{"href":"https:\/\/fuentesfidedignas.com.mx\/index.php\/wp-json\/wp\/v2\/media?parent=19559"}],"wp:term":[{"taxonomy":"category","embeddable":true,"href":"https:\/\/fuentesfidedignas.com.mx\/index.php\/wp-json\/wp\/v2\/categories?post=19559"},{"taxonomy":"post_tag","embeddable":true,"href":"https:\/\/fuentesfidedignas.com.mx\/index.php\/wp-json\/wp\/v2\/tags?post=19559"}],"curies":[{"name":"wp","href":"https:\/\/api.w.org\/{rel}","templated":true}]}}