{"id":19548,"date":"2021-12-10T12:24:27","date_gmt":"2021-12-10T19:24:27","guid":{"rendered":"https:\/\/fuentesfidedignas.com.mx\/?p=19548"},"modified":"2021-12-10T12:24:29","modified_gmt":"2021-12-10T19:24:29","slug":"vecinos-de-la-colonia-scally-agradecen-por-rehabilitacion-del-bulevar-rio-fuerte","status":"publish","type":"post","link":"https:\/\/fuentesfidedignas.com.mx\/index.php\/2021\/12\/10\/vecinos-de-la-colonia-scally-agradecen-por-rehabilitacion-del-bulevar-rio-fuerte\/","title":{"rendered":"Vecinos de la colonia Scally agradecen por rehabilitaci\u00f3n del bulevar R\u00edo Fuerte"},"content":{"rendered":"\n<p><strong><em>La ma\u00f1ana de este viernes el Presidente Municipal, Gerardo Octavio Vargas Landeros, encabez\u00f3 la entrega de los trabajos realizados en dicha vialidad, en el tramo que va de la avenida Francisco I. Madero a Aquiles Serd\u00e1n <\/em><\/strong><\/p>\n\n\n\n<p>Ahome, Sinaloa.- Como una obra realizada en tiempo r\u00e9cord, calificaron vecinos de la colonia Scally la rehabilitaci\u00f3n del bulevar R\u00edo Fuerte, en el tramo que va de la avenida Francisco I. Madero a Aquiles Serd\u00e1n, la cual hizo el Ayuntamiento de Ahome.<\/p>\n\n\n\n<p>La entrega de dichos trabajos fue encabezada por el Presidente Municipal, C. Gerardo Octavio Vargas Landeros, quien destac\u00f3 que esto se da porque hay voluntad de hacer las cosas, adem\u00e1s de la aportaci\u00f3n de la ciudadan\u00eda que cumple con el pago de sus impuestos.<\/p>\n\n\n\n<p>&#8220;Esta obra se pudo hacer de inmediato porque la ciudadan\u00eda se port\u00f3 muy bien con nosotros ahora en el Buen Fin, tra\u00edamos nosotros una meta de 14 millones y llegamos a 20\u201d, expres\u00f3 Vargas Landeros.<\/p>\n\n\n\n<p>Explic\u00f3 que dicha obra tuvo una inversi\u00f3n aproximada de 2 millones de pesos, la cual realiz\u00f3 JAPAMA en coordinaci\u00f3n con la Secretar\u00eda de Obras P\u00fablicas y el COMUN.<\/p>\n\n\n\n<p>Por su parte los vecinos del lugar se dijeron contentos y muy agradecidos con el Presidente Municipal, as\u00ed como con los trabajadores, por estos trabajos que van a dar bienestar a las familias de dicho sector.<\/p>\n\n\n\n<p>Amintha Prado, una de las personas que viven en la colonia Scally, explic\u00f3 que ten\u00edan varios problemas, entre ellos los malos olores y la falta de alumbrado, por lo que esta obra les da la esperanza de que mejorar\u00e1n sus condiciones.<\/p>\n\n\n\n<p>Cabe mencionar que se trata de trabajos de reposici\u00f3n de losas con concreto hidr\u00e1ulico en aproximadamente 783 metros cuadrados, as\u00ed como aproximadamente 463 metros cuadrados de banquetas y colocaci\u00f3n de 56 metros lineales de tuber\u00eda de 48 pulgadas, lo que beneficia a aproximadamente 8 mil ahomenses.<\/p>\n","protected":false},"excerpt":{"rendered":"<p>La ma\u00f1ana de este viernes el Presidente Municipal, Gerardo Octavio Vargas Landeros, encabez\u00f3 la entrega de los trabajos realizados en dicha vialidad, en el tramo que va de la avenida Francisco I. Madero a Aquiles Serd\u00e1n Ahome, Sinaloa.- Como una obra realizada en tiempo r\u00e9cord, calificaron vecinos de la colonia Scally la rehabilitaci\u00f3n del bulevar [&hellip;]<\/p>\n","protected":false},"author":4,"featured_media":19549,"comment_status":"open","ping_status":"open","sticky":false,"template":"","format":"standard","meta":{"tdm_status":"","tdm_grid_status":"","footnotes":""},"categories":[37],"tags":[],"class_list":{"0":"post-19548","1":"post","2":"type-post","3":"status-publish","4":"format-standard","5":"has-post-thumbnail","7":"category-nota-principal"},"yoast_head":"<!-- This site is optimized with the Yoast SEO plugin v27.5 - https:\/\/yoast.com\/product\/yoast-seo-wordpress\/ -->\n<title>Vecinos de la colonia Scally agradecen por rehabilitaci\u00f3n del bulevar R\u00edo Fuerte - Fuentes Fidedignas<\/title>\n<meta name=\"robots\" content=\"index, follow, max-snippet:-1, max-image-preview:large, max-video-preview:-1\" \/>\n<link rel=\"canonical\" href=\"https:\/\/fuentesfidedignas.com.mx\/index.php\/2021\/12\/10\/vecinos-de-la-colonia-scally-agradecen-por-rehabilitacion-del-bulevar-rio-fuerte\/\" \/>\n<meta property=\"og:locale\" content=\"es_MX\" \/>\n<meta property=\"og:type\" content=\"article\" \/>\n<meta property=\"og:title\" content=\"Vecinos de la colonia Scally agradecen por rehabilitaci\u00f3n del bulevar R\u00edo Fuerte - Fuentes Fidedignas\" \/>\n<meta property=\"og:description\" content=\"La ma\u00f1ana de este viernes el Presidente Municipal, Gerardo Octavio Vargas Landeros, encabez\u00f3 la entrega de los trabajos realizados en dicha vialidad, en el tramo que va de la avenida Francisco I. Madero a Aquiles Serd\u00e1n Ahome, Sinaloa.- Como una obra realizada en tiempo r\u00e9cord, calificaron vecinos de la colonia Scally la rehabilitaci\u00f3n del bulevar [&hellip;]\" \/>\n<meta property=\"og:url\" content=\"https:\/\/fuentesfidedignas.com.mx\/index.php\/2021\/12\/10\/vecinos-de-la-colonia-scally-agradecen-por-rehabilitacion-del-bulevar-rio-fuerte\/\" \/>\n<meta property=\"og:site_name\" content=\"Fuentes Fidedignas\" \/>\n<meta property=\"article:publisher\" content=\"https:\/\/www.facebook.com\/Fuentes-Fidedignas-368234489921644\" \/>\n<meta property=\"article:published_time\" content=\"2021-12-10T19:24:27+00:00\" \/>\n<meta property=\"article:modified_time\" content=\"2021-12-10T19:24:29+00:00\" \/>\n<meta property=\"og:image\" content=\"https:\/\/fuentesfidedignas.com.mx\/wp-content\/uploads\/2021\/12\/IMG-20211210-WA0005.jpg\" \/>\n\t<meta property=\"og:image:width\" content=\"1280\" \/>\n\t<meta property=\"og:image:height\" content=\"854\" \/>\n\t<meta property=\"og:image:type\" content=\"image\/jpeg\" \/>\n<meta name=\"author\" content=\"Redacci\u00f3n\" \/>\n<meta name=\"twitter:card\" content=\"summary_large_image\" \/>\n<meta name=\"twitter:creator\" content=\"@fidedignas\" \/>\n<meta name=\"twitter:site\" content=\"@fidedignas\" \/>\n<meta name=\"twitter:label1\" content=\"Escrito por\" \/>\n\t<meta name=\"twitter:data1\" content=\"Redacci\u00f3n\" \/>\n\t<meta name=\"twitter:label2\" content=\"Tiempo de lectura\" \/>\n\t<meta name=\"twitter:data2\" content=\"2 minutos\" \/>\n<script type=\"application\/ld+json\" class=\"yoast-schema-graph\">{\"@context\":\"https:\\\/\\\/schema.org\",\"@graph\":[{\"@type\":\"Article\",\"@id\":\"https:\\\/\\\/fuentesfidedignas.com.mx\\\/index.php\\\/2021\\\/12\\\/10\\\/vecinos-de-la-colonia-scally-agradecen-por-rehabilitacion-del-bulevar-rio-fuerte\\\/#article\",\"isPartOf\":{\"@id\":\"https:\\\/\\\/fuentesfidedignas.com.mx\\\/index.php\\\/2021\\\/12\\\/10\\\/vecinos-de-la-colonia-scally-agradecen-por-rehabilitacion-del-bulevar-rio-fuerte\\\/\"},\"author\":{\"name\":\"Redacci\u00f3n\",\"@id\":\"https:\\\/\\\/fuentesfidedignas.com.mx\\\/#\\\/schema\\\/person\\\/331be9283d37198e2acd5750279085b0\"},\"headline\":\"Vecinos de la colonia Scally agradecen por rehabilitaci\u00f3n del bulevar R\u00edo Fuerte\",\"datePublished\":\"2021-12-10T19:24:27+00:00\",\"dateModified\":\"2021-12-10T19:24:29+00:00\",\"mainEntityOfPage\":{\"@id\":\"https:\\\/\\\/fuentesfidedignas.com.mx\\\/index.php\\\/2021\\\/12\\\/10\\\/vecinos-de-la-colonia-scally-agradecen-por-rehabilitacion-del-bulevar-rio-fuerte\\\/\"},\"wordCount\":336,\"commentCount\":0,\"publisher\":{\"@id\":\"https:\\\/\\\/fuentesfidedignas.com.mx\\\/#organization\"},\"image\":{\"@id\":\"https:\\\/\\\/fuentesfidedignas.com.mx\\\/index.php\\\/2021\\\/12\\\/10\\\/vecinos-de-la-colonia-scally-agradecen-por-rehabilitacion-del-bulevar-rio-fuerte\\\/#primaryimage\"},\"thumbnailUrl\":\"https:\\\/\\\/fuentesfidedignas.com.mx\\\/wp-content\\\/uploads\\\/2021\\\/12\\\/IMG-20211210-WA0005.jpg\",\"articleSection\":[\"NOTA PRINCIPAL\"],\"inLanguage\":\"es\",\"potentialAction\":[{\"@type\":\"CommentAction\",\"name\":\"Comment\",\"target\":[\"https:\\\/\\\/fuentesfidedignas.com.mx\\\/index.php\\\/2021\\\/12\\\/10\\\/vecinos-de-la-colonia-scally-agradecen-por-rehabilitacion-del-bulevar-rio-fuerte\\\/#respond\"]}]},{\"@type\":\"WebPage\",\"@id\":\"https:\\\/\\\/fuentesfidedignas.com.mx\\\/index.php\\\/2021\\\/12\\\/10\\\/vecinos-de-la-colonia-scally-agradecen-por-rehabilitacion-del-bulevar-rio-fuerte\\\/\",\"url\":\"https:\\\/\\\/fuentesfidedignas.com.mx\\\/index.php\\\/2021\\\/12\\\/10\\\/vecinos-de-la-colonia-scally-agradecen-por-rehabilitacion-del-bulevar-rio-fuerte\\\/\",\"name\":\"Vecinos de la colonia Scally agradecen por rehabilitaci\u00f3n del bulevar R\u00edo Fuerte - Fuentes Fidedignas\",\"isPartOf\":{\"@id\":\"https:\\\/\\\/fuentesfidedignas.com.mx\\\/#website\"},\"primaryImageOfPage\":{\"@id\":\"https:\\\/\\\/fuentesfidedignas.com.mx\\\/index.php\\\/2021\\\/12\\\/10\\\/vecinos-de-la-colonia-scally-agradecen-por-rehabilitacion-del-bulevar-rio-fuerte\\\/#primaryimage\"},\"image\":{\"@id\":\"https:\\\/\\\/fuentesfidedignas.com.mx\\\/index.php\\\/2021\\\/12\\\/10\\\/vecinos-de-la-colonia-scally-agradecen-por-rehabilitacion-del-bulevar-rio-fuerte\\\/#primaryimage\"},\"thumbnailUrl\":\"https:\\\/\\\/fuentesfidedignas.com.mx\\\/wp-content\\\/uploads\\\/2021\\\/12\\\/IMG-20211210-WA0005.jpg\",\"datePublished\":\"2021-12-10T19:24:27+00:00\",\"dateModified\":\"2021-12-10T19:24:29+00:00\",\"breadcrumb\":{\"@id\":\"https:\\\/\\\/fuentesfidedignas.com.mx\\\/index.php\\\/2021\\\/12\\\/10\\\/vecinos-de-la-colonia-scally-agradecen-por-rehabilitacion-del-bulevar-rio-fuerte\\\/#breadcrumb\"},\"inLanguage\":\"es\",\"potentialAction\":[{\"@type\":\"ReadAction\",\"target\":[\"https:\\\/\\\/fuentesfidedignas.com.mx\\\/index.php\\\/2021\\\/12\\\/10\\\/vecinos-de-la-colonia-scally-agradecen-por-rehabilitacion-del-bulevar-rio-fuerte\\\/\"]}]},{\"@type\":\"ImageObject\",\"inLanguage\":\"es\",\"@id\":\"https:\\\/\\\/fuentesfidedignas.com.mx\\\/index.php\\\/2021\\\/12\\\/10\\\/vecinos-de-la-colonia-scally-agradecen-por-rehabilitacion-del-bulevar-rio-fuerte\\\/#primaryimage\",\"url\":\"https:\\\/\\\/fuentesfidedignas.com.mx\\\/wp-content\\\/uploads\\\/2021\\\/12\\\/IMG-20211210-WA0005.jpg\",\"contentUrl\":\"https:\\\/\\\/fuentesfidedignas.com.mx\\\/wp-content\\\/uploads\\\/2021\\\/12\\\/IMG-20211210-WA0005.jpg\",\"width\":1280,\"height\":854},{\"@type\":\"BreadcrumbList\",\"@id\":\"https:\\\/\\\/fuentesfidedignas.com.mx\\\/index.php\\\/2021\\\/12\\\/10\\\/vecinos-de-la-colonia-scally-agradecen-por-rehabilitacion-del-bulevar-rio-fuerte\\\/#breadcrumb\",\"itemListElement\":[{\"@type\":\"ListItem\",\"position\":1,\"name\":\"Inicio\",\"item\":\"https:\\\/\\\/fuentesfidedignas.com.mx\\\/\"},{\"@type\":\"ListItem\",\"position\":2,\"name\":\"Vecinos de la colonia Scally agradecen por rehabilitaci\u00f3n del bulevar R\u00edo Fuerte\"}]},{\"@type\":\"WebSite\",\"@id\":\"https:\\\/\\\/fuentesfidedignas.com.mx\\\/#website\",\"url\":\"https:\\\/\\\/fuentesfidedignas.com.mx\\\/\",\"name\":\"Fuentes Fidedignas\",\"description\":\"Otro sitio realizado con WordPress\",\"publisher\":{\"@id\":\"https:\\\/\\\/fuentesfidedignas.com.mx\\\/#organization\"},\"potentialAction\":[{\"@type\":\"SearchAction\",\"target\":{\"@type\":\"EntryPoint\",\"urlTemplate\":\"https:\\\/\\\/fuentesfidedignas.com.mx\\\/?s={search_term_string}\"},\"query-input\":{\"@type\":\"PropertyValueSpecification\",\"valueRequired\":true,\"valueName\":\"search_term_string\"}}],\"inLanguage\":\"es\"},{\"@type\":\"Organization\",\"@id\":\"https:\\\/\\\/fuentesfidedignas.com.mx\\\/#organization\",\"name\":\"Fuentes Fidedignas\",\"url\":\"https:\\\/\\\/fuentesfidedignas.com.mx\\\/\",\"logo\":{\"@type\":\"ImageObject\",\"inLanguage\":\"es\",\"@id\":\"https:\\\/\\\/fuentesfidedignas.com.mx\\\/#\\\/schema\\\/logo\\\/image\\\/\",\"url\":\"https:\\\/\\\/fuentesfidedignas.com.mx\\\/wp-content\\\/uploads\\\/2021\\\/04\\\/logo-retina.png\",\"contentUrl\":\"https:\\\/\\\/fuentesfidedignas.com.mx\\\/wp-content\\\/uploads\\\/2021\\\/04\\\/logo-retina.png\",\"width\":280,\"height\":51,\"caption\":\"Fuentes Fidedignas\"},\"image\":{\"@id\":\"https:\\\/\\\/fuentesfidedignas.com.mx\\\/#\\\/schema\\\/logo\\\/image\\\/\"},\"sameAs\":[\"https:\\\/\\\/www.facebook.com\\\/Fuentes-Fidedignas-368234489921644\",\"https:\\\/\\\/x.com\\\/fidedignas\"]},{\"@type\":\"Person\",\"@id\":\"https:\\\/\\\/fuentesfidedignas.com.mx\\\/#\\\/schema\\\/person\\\/331be9283d37198e2acd5750279085b0\",\"name\":\"Redacci\u00f3n\",\"image\":{\"@type\":\"ImageObject\",\"inLanguage\":\"es\",\"@id\":\"https:\\\/\\\/secure.gravatar.com\\\/avatar\\\/f6d8782c11d12b2d4ad3fbb6931aeab5309937a4d6cd2fc9cfaa28a6396a5aec?s=96&d=mm&r=g\",\"url\":\"https:\\\/\\\/secure.gravatar.com\\\/avatar\\\/f6d8782c11d12b2d4ad3fbb6931aeab5309937a4d6cd2fc9cfaa28a6396a5aec?s=96&d=mm&r=g\",\"contentUrl\":\"https:\\\/\\\/secure.gravatar.com\\\/avatar\\\/f6d8782c11d12b2d4ad3fbb6931aeab5309937a4d6cd2fc9cfaa28a6396a5aec?s=96&d=mm&r=g\",\"caption\":\"Redacci\u00f3n\"},\"url\":\"https:\\\/\\\/fuentesfidedignas.com.mx\\\/index.php\\\/author\\\/redaccion\\\/\"}]}<\/script>\n<!-- \/ Yoast SEO plugin. -->","yoast_head_json":{"title":"Vecinos de la colonia Scally agradecen por rehabilitaci\u00f3n del bulevar R\u00edo Fuerte - Fuentes Fidedignas","robots":{"index":"index","follow":"follow","max-snippet":"max-snippet:-1","max-image-preview":"max-image-preview:large","max-video-preview":"max-video-preview:-1"},"canonical":"https:\/\/fuentesfidedignas.com.mx\/index.php\/2021\/12\/10\/vecinos-de-la-colonia-scally-agradecen-por-rehabilitacion-del-bulevar-rio-fuerte\/","og_locale":"es_MX","og_type":"article","og_title":"Vecinos de la colonia Scally agradecen por rehabilitaci\u00f3n del bulevar R\u00edo Fuerte - Fuentes Fidedignas","og_description":"La ma\u00f1ana de este viernes el Presidente Municipal, Gerardo Octavio Vargas Landeros, encabez\u00f3 la entrega de los trabajos realizados en dicha vialidad, en el tramo que va de la avenida Francisco I. Madero a Aquiles Serd\u00e1n Ahome, Sinaloa.- Como una obra realizada en tiempo r\u00e9cord, calificaron vecinos de la colonia Scally la rehabilitaci\u00f3n del bulevar [&hellip;]","og_url":"https:\/\/fuentesfidedignas.com.mx\/index.php\/2021\/12\/10\/vecinos-de-la-colonia-scally-agradecen-por-rehabilitacion-del-bulevar-rio-fuerte\/","og_site_name":"Fuentes Fidedignas","article_publisher":"https:\/\/www.facebook.com\/Fuentes-Fidedignas-368234489921644","article_published_time":"2021-12-10T19:24:27+00:00","article_modified_time":"2021-12-10T19:24:29+00:00","og_image":[{"width":1280,"height":854,"url":"https:\/\/fuentesfidedignas.com.mx\/wp-content\/uploads\/2021\/12\/IMG-20211210-WA0005.jpg","type":"image\/jpeg"}],"author":"Redacci\u00f3n","twitter_card":"summary_large_image","twitter_creator":"@fidedignas","twitter_site":"@fidedignas","twitter_misc":{"Escrito por":"Redacci\u00f3n","Tiempo de lectura":"2 minutos"},"schema":{"@context":"https:\/\/schema.org","@graph":[{"@type":"Article","@id":"https:\/\/fuentesfidedignas.com.mx\/index.php\/2021\/12\/10\/vecinos-de-la-colonia-scally-agradecen-por-rehabilitacion-del-bulevar-rio-fuerte\/#article","isPartOf":{"@id":"https:\/\/fuentesfidedignas.com.mx\/index.php\/2021\/12\/10\/vecinos-de-la-colonia-scally-agradecen-por-rehabilitacion-del-bulevar-rio-fuerte\/"},"author":{"name":"Redacci\u00f3n","@id":"https:\/\/fuentesfidedignas.com.mx\/#\/schema\/person\/331be9283d37198e2acd5750279085b0"},"headline":"Vecinos de la colonia Scally agradecen por rehabilitaci\u00f3n del bulevar R\u00edo Fuerte","datePublished":"2021-12-10T19:24:27+00:00","dateModified":"2021-12-10T19:24:29+00:00","mainEntityOfPage":{"@id":"https:\/\/fuentesfidedignas.com.mx\/index.php\/2021\/12\/10\/vecinos-de-la-colonia-scally-agradecen-por-rehabilitacion-del-bulevar-rio-fuerte\/"},"wordCount":336,"commentCount":0,"publisher":{"@id":"https:\/\/fuentesfidedignas.com.mx\/#organization"},"image":{"@id":"https:\/\/fuentesfidedignas.com.mx\/index.php\/2021\/12\/10\/vecinos-de-la-colonia-scally-agradecen-por-rehabilitacion-del-bulevar-rio-fuerte\/#primaryimage"},"thumbnailUrl":"https:\/\/fuentesfidedignas.com.mx\/wp-content\/uploads\/2021\/12\/IMG-20211210-WA0005.jpg","articleSection":["NOTA PRINCIPAL"],"inLanguage":"es","potentialAction":[{"@type":"CommentAction","name":"Comment","target":["https:\/\/fuentesfidedignas.com.mx\/index.php\/2021\/12\/10\/vecinos-de-la-colonia-scally-agradecen-por-rehabilitacion-del-bulevar-rio-fuerte\/#respond"]}]},{"@type":"WebPage","@id":"https:\/\/fuentesfidedignas.com.mx\/index.php\/2021\/12\/10\/vecinos-de-la-colonia-scally-agradecen-por-rehabilitacion-del-bulevar-rio-fuerte\/","url":"https:\/\/fuentesfidedignas.com.mx\/index.php\/2021\/12\/10\/vecinos-de-la-colonia-scally-agradecen-por-rehabilitacion-del-bulevar-rio-fuerte\/","name":"Vecinos de la colonia Scally agradecen por rehabilitaci\u00f3n del bulevar R\u00edo Fuerte - Fuentes Fidedignas","isPartOf":{"@id":"https:\/\/fuentesfidedignas.com.mx\/#website"},"primaryImageOfPage":{"@id":"https:\/\/fuentesfidedignas.com.mx\/index.php\/2021\/12\/10\/vecinos-de-la-colonia-scally-agradecen-por-rehabilitacion-del-bulevar-rio-fuerte\/#primaryimage"},"image":{"@id":"https:\/\/fuentesfidedignas.com.mx\/index.php\/2021\/12\/10\/vecinos-de-la-colonia-scally-agradecen-por-rehabilitacion-del-bulevar-rio-fuerte\/#primaryimage"},"thumbnailUrl":"https:\/\/fuentesfidedignas.com.mx\/wp-content\/uploads\/2021\/12\/IMG-20211210-WA0005.jpg","datePublished":"2021-12-10T19:24:27+00:00","dateModified":"2021-12-10T19:24:29+00:00","breadcrumb":{"@id":"https:\/\/fuentesfidedignas.com.mx\/index.php\/2021\/12\/10\/vecinos-de-la-colonia-scally-agradecen-por-rehabilitacion-del-bulevar-rio-fuerte\/#breadcrumb"},"inLanguage":"es","potentialAction":[{"@type":"ReadAction","target":["https:\/\/fuentesfidedignas.com.mx\/index.php\/2021\/12\/10\/vecinos-de-la-colonia-scally-agradecen-por-rehabilitacion-del-bulevar-rio-fuerte\/"]}]},{"@type":"ImageObject","inLanguage":"es","@id":"https:\/\/fuentesfidedignas.com.mx\/index.php\/2021\/12\/10\/vecinos-de-la-colonia-scally-agradecen-por-rehabilitacion-del-bulevar-rio-fuerte\/#primaryimage","url":"https:\/\/fuentesfidedignas.com.mx\/wp-content\/uploads\/2021\/12\/IMG-20211210-WA0005.jpg","contentUrl":"https:\/\/fuentesfidedignas.com.mx\/wp-content\/uploads\/2021\/12\/IMG-20211210-WA0005.jpg","width":1280,"height":854},{"@type":"BreadcrumbList","@id":"https:\/\/fuentesfidedignas.com.mx\/index.php\/2021\/12\/10\/vecinos-de-la-colonia-scally-agradecen-por-rehabilitacion-del-bulevar-rio-fuerte\/#breadcrumb","itemListElement":[{"@type":"ListItem","position":1,"name":"Inicio","item":"https:\/\/fuentesfidedignas.com.mx\/"},{"@type":"ListItem","position":2,"name":"Vecinos de la colonia Scally agradecen por rehabilitaci\u00f3n del bulevar R\u00edo Fuerte"}]},{"@type":"WebSite","@id":"https:\/\/fuentesfidedignas.com.mx\/#website","url":"https:\/\/fuentesfidedignas.com.mx\/","name":"Fuentes Fidedignas","description":"Otro sitio realizado con WordPress","publisher":{"@id":"https:\/\/fuentesfidedignas.com.mx\/#organization"},"potentialAction":[{"@type":"SearchAction","target":{"@type":"EntryPoint","urlTemplate":"https:\/\/fuentesfidedignas.com.mx\/?s={search_term_string}"},"query-input":{"@type":"PropertyValueSpecification","valueRequired":true,"valueName":"search_term_string"}}],"inLanguage":"es"},{"@type":"Organization","@id":"https:\/\/fuentesfidedignas.com.mx\/#organization","name":"Fuentes Fidedignas","url":"https:\/\/fuentesfidedignas.com.mx\/","logo":{"@type":"ImageObject","inLanguage":"es","@id":"https:\/\/fuentesfidedignas.com.mx\/#\/schema\/logo\/image\/","url":"https:\/\/fuentesfidedignas.com.mx\/wp-content\/uploads\/2021\/04\/logo-retina.png","contentUrl":"https:\/\/fuentesfidedignas.com.mx\/wp-content\/uploads\/2021\/04\/logo-retina.png","width":280,"height":51,"caption":"Fuentes Fidedignas"},"image":{"@id":"https:\/\/fuentesfidedignas.com.mx\/#\/schema\/logo\/image\/"},"sameAs":["https:\/\/www.facebook.com\/Fuentes-Fidedignas-368234489921644","https:\/\/x.com\/fidedignas"]},{"@type":"Person","@id":"https:\/\/fuentesfidedignas.com.mx\/#\/schema\/person\/331be9283d37198e2acd5750279085b0","name":"Redacci\u00f3n","image":{"@type":"ImageObject","inLanguage":"es","@id":"https:\/\/secure.gravatar.com\/avatar\/f6d8782c11d12b2d4ad3fbb6931aeab5309937a4d6cd2fc9cfaa28a6396a5aec?s=96&d=mm&r=g","url":"https:\/\/secure.gravatar.com\/avatar\/f6d8782c11d12b2d4ad3fbb6931aeab5309937a4d6cd2fc9cfaa28a6396a5aec?s=96&d=mm&r=g","contentUrl":"https:\/\/secure.gravatar.com\/avatar\/f6d8782c11d12b2d4ad3fbb6931aeab5309937a4d6cd2fc9cfaa28a6396a5aec?s=96&d=mm&r=g","caption":"Redacci\u00f3n"},"url":"https:\/\/fuentesfidedignas.com.mx\/index.php\/author\/redaccion\/"}]}},"_links":{"self":[{"href":"https:\/\/fuentesfidedignas.com.mx\/index.php\/wp-json\/wp\/v2\/posts\/19548","targetHints":{"allow":["GET"]}}],"collection":[{"href":"https:\/\/fuentesfidedignas.com.mx\/index.php\/wp-json\/wp\/v2\/posts"}],"about":[{"href":"https:\/\/fuentesfidedignas.com.mx\/index.php\/wp-json\/wp\/v2\/types\/post"}],"author":[{"embeddable":true,"href":"https:\/\/fuentesfidedignas.com.mx\/index.php\/wp-json\/wp\/v2\/users\/4"}],"replies":[{"embeddable":true,"href":"https:\/\/fuentesfidedignas.com.mx\/index.php\/wp-json\/wp\/v2\/comments?post=19548"}],"version-history":[{"count":1,"href":"https:\/\/fuentesfidedignas.com.mx\/index.php\/wp-json\/wp\/v2\/posts\/19548\/revisions"}],"predecessor-version":[{"id":19550,"href":"https:\/\/fuentesfidedignas.com.mx\/index.php\/wp-json\/wp\/v2\/posts\/19548\/revisions\/19550"}],"wp:featuredmedia":[{"embeddable":true,"href":"https:\/\/fuentesfidedignas.com.mx\/index.php\/wp-json\/wp\/v2\/media\/19549"}],"wp:attachment":[{"href":"https:\/\/fuentesfidedignas.com.mx\/index.php\/wp-json\/wp\/v2\/media?parent=19548"}],"wp:term":[{"taxonomy":"category","embeddable":true,"href":"https:\/\/fuentesfidedignas.com.mx\/index.php\/wp-json\/wp\/v2\/categories?post=19548"},{"taxonomy":"post_tag","embeddable":true,"href":"https:\/\/fuentesfidedignas.com.mx\/index.php\/wp-json\/wp\/v2\/tags?post=19548"}],"curies":[{"name":"wp","href":"https:\/\/api.w.org\/{rel}","templated":true}]}}