{"id":19513,"date":"2021-12-10T07:53:56","date_gmt":"2021-12-10T14:53:56","guid":{"rendered":"https:\/\/fuentesfidedignas.com.mx\/?p=19513"},"modified":"2021-12-10T07:54:42","modified_gmt":"2021-12-10T14:54:42","slug":"vacunacion-para-60-y-mas-se-ampliara-a-los-18-municipios-en-los-proximos-dias-cuen","status":"publish","type":"post","link":"https:\/\/fuentesfidedignas.com.mx\/index.php\/2021\/12\/10\/vacunacion-para-60-y-mas-se-ampliara-a-los-18-municipios-en-los-proximos-dias-cuen\/","title":{"rendered":"Vacunaci\u00f3n para 60 y m\u00e1s se ampliar\u00e1 a los 18 municipios en los pr\u00f3ximos d\u00edas: Cu\u00e9n"},"content":{"rendered":"\n<p><em><strong>El Secretario de Salud de Sinaloa, inform\u00f3 que la estrategia de vacunaci\u00f3n busca reforzar la inmunizaci\u00f3n de los m\u00e1s vulnerables contra el Covid \u2013 19 y sus nuevas variantes<\/strong><\/em><\/p>\n\n\n\n<p>Culiac\u00e1n, Sin; Acatando las instrucciones del Gobernador del Estado de Sinaloa, Rub\u00e9n Rocha Moya, en los pr\u00f3ximos d\u00edas la estrategia de vacunaci\u00f3n para 60 y m\u00e1s llegar\u00e1 a los 18 municipios del Estado, inform\u00f3 el MC. H\u00e9ctor Melesio Cu\u00e9n Ojeda, Secretario de Salud de Sinaloa.<\/p>\n\n\n\n<p>El tambi\u00e9n Director General de los Servicios de Salud, detall\u00f3 que actualmente la vacunaci\u00f3n se encuentra en 8 municipios, sin embargo, en un corto plazo el Comando Estatal de Vacunaci\u00f3n, dar\u00e1 a conocer los puntos de vacunaci\u00f3n para los 18 municipios.<\/p>\n\n\n\n<p>\u201cHay una instrucci\u00f3n del Dr. Rub\u00e9n Rocha Moya, nuestro Gobernador que vayamos y busquemos a la gente si se puede hasta debajo de las piedras para que, para inmunizarla para vacunarlas, esa es la instrucci\u00f3n que nosotros tenemos y la verdad es que est\u00e1 trabajando muy bien el IMSS las Fuerzas Armadas hay que reconocerlo porque si ellos ser\u00eda imposible poder impulsar la log\u00edstica del proceso de vacunaci\u00f3n el ISSSTE est\u00e1 trabajando fuerte bienestar la universidad aut\u00f3noma de Sinaloa\u201d, se\u00f1al\u00f3.<\/p>\n\n\n\n<p>El responsable de la salud en la entidad, inform\u00f3 que el objetivo es reforzar la inmunizaci\u00f3n del sector m\u00e1s vulnerable es por ello que la tercera dosis inici\u00f3 con adultos mayores de 60 a\u00f1os y m\u00e1s.<\/p>\n\n\n\n<p>Es as\u00ed que, a partir de hoy las 6 Jurisdicciones Sanitarias de la Secretar\u00eda de Salud puso a disposici\u00f3n su personal a Bienestar para reforzar esta estrategia de vacunaci\u00f3n, as\u00ed mismo agradeci\u00f3 el apoyo de la Universidad Aut\u00f3noma de Sinaloa y a su Rector, Dr. Jes\u00fas Madue\u00f1a Molina, pues los pasantes de enfermer\u00eda colaborar\u00e1n en el proceso de vacunaci\u00f3n de los 18 municipios, para llegar a los 387 mil adultos mayores de 60 a\u00f1os y m\u00e1s que se tienen aqu\u00ed en Sinaloa.<\/p>\n\n\n\n<p>En cuanto al refuerzo para maestros, aclar\u00f3 que, se estar\u00e1 aplicando la farmac\u00e9utica Astrazeneca solo a aquellos docentes mayores de 60 y m\u00e1s, independientemente del biol\u00f3gico que tengan en su esquema de vacunaci\u00f3n.<\/p>\n","protected":false},"excerpt":{"rendered":"<p>El Secretario de Salud de Sinaloa, inform\u00f3 que la estrategia de vacunaci\u00f3n busca reforzar la inmunizaci\u00f3n de los m\u00e1s vulnerables contra el Covid \u2013 19 y sus nuevas variantes Culiac\u00e1n, Sin; Acatando las instrucciones del Gobernador del Estado de Sinaloa, Rub\u00e9n Rocha Moya, en los pr\u00f3ximos d\u00edas la estrategia de vacunaci\u00f3n para 60 y m\u00e1s [&hellip;]<\/p>\n","protected":false},"author":4,"featured_media":19514,"comment_status":"open","ping_status":"open","sticky":false,"template":"","format":"standard","meta":{"tdm_status":"","tdm_grid_status":"","footnotes":""},"categories":[37],"tags":[],"class_list":{"0":"post-19513","1":"post","2":"type-post","3":"status-publish","4":"format-standard","5":"has-post-thumbnail","7":"category-nota-principal"},"yoast_head":"<!-- This site is optimized with the Yoast SEO plugin v27.5 - https:\/\/yoast.com\/product\/yoast-seo-wordpress\/ -->\n<title>Vacunaci\u00f3n para 60 y m\u00e1s se ampliar\u00e1 a los 18 municipios en los pr\u00f3ximos d\u00edas: Cu\u00e9n - Fuentes Fidedignas<\/title>\n<meta name=\"robots\" content=\"index, follow, max-snippet:-1, max-image-preview:large, max-video-preview:-1\" \/>\n<link rel=\"canonical\" href=\"https:\/\/fuentesfidedignas.com.mx\/index.php\/2021\/12\/10\/vacunacion-para-60-y-mas-se-ampliara-a-los-18-municipios-en-los-proximos-dias-cuen\/\" \/>\n<meta property=\"og:locale\" content=\"es_MX\" \/>\n<meta property=\"og:type\" content=\"article\" \/>\n<meta property=\"og:title\" content=\"Vacunaci\u00f3n para 60 y m\u00e1s se ampliar\u00e1 a los 18 municipios en los pr\u00f3ximos d\u00edas: Cu\u00e9n - Fuentes Fidedignas\" \/>\n<meta property=\"og:description\" content=\"El Secretario de Salud de Sinaloa, inform\u00f3 que la estrategia de vacunaci\u00f3n busca reforzar la inmunizaci\u00f3n de los m\u00e1s vulnerables contra el Covid \u2013 19 y sus nuevas variantes Culiac\u00e1n, Sin; Acatando las instrucciones del Gobernador del Estado de Sinaloa, Rub\u00e9n Rocha Moya, en los pr\u00f3ximos d\u00edas la estrategia de vacunaci\u00f3n para 60 y m\u00e1s [&hellip;]\" \/>\n<meta property=\"og:url\" content=\"https:\/\/fuentesfidedignas.com.mx\/index.php\/2021\/12\/10\/vacunacion-para-60-y-mas-se-ampliara-a-los-18-municipios-en-los-proximos-dias-cuen\/\" \/>\n<meta property=\"og:site_name\" content=\"Fuentes Fidedignas\" \/>\n<meta property=\"article:publisher\" content=\"https:\/\/www.facebook.com\/Fuentes-Fidedignas-368234489921644\" \/>\n<meta property=\"article:published_time\" content=\"2021-12-10T14:53:56+00:00\" \/>\n<meta property=\"article:modified_time\" content=\"2021-12-10T14:54:42+00:00\" \/>\n<meta property=\"og:image\" content=\"https:\/\/fuentesfidedignas.com.mx\/wp-content\/uploads\/2021\/12\/SECRETARIO-1.jpeg\" \/>\n\t<meta property=\"og:image:width\" content=\"1280\" \/>\n\t<meta property=\"og:image:height\" content=\"853\" \/>\n\t<meta property=\"og:image:type\" content=\"image\/jpeg\" \/>\n<meta name=\"author\" content=\"Redacci\u00f3n\" \/>\n<meta name=\"twitter:card\" content=\"summary_large_image\" \/>\n<meta name=\"twitter:creator\" content=\"@fidedignas\" \/>\n<meta name=\"twitter:site\" content=\"@fidedignas\" \/>\n<meta name=\"twitter:label1\" content=\"Escrito por\" \/>\n\t<meta name=\"twitter:data1\" content=\"Redacci\u00f3n\" \/>\n\t<meta name=\"twitter:label2\" content=\"Tiempo de lectura\" \/>\n\t<meta name=\"twitter:data2\" content=\"2 minutos\" \/>\n<script type=\"application\/ld+json\" class=\"yoast-schema-graph\">{\"@context\":\"https:\\\/\\\/schema.org\",\"@graph\":[{\"@type\":\"Article\",\"@id\":\"https:\\\/\\\/fuentesfidedignas.com.mx\\\/index.php\\\/2021\\\/12\\\/10\\\/vacunacion-para-60-y-mas-se-ampliara-a-los-18-municipios-en-los-proximos-dias-cuen\\\/#article\",\"isPartOf\":{\"@id\":\"https:\\\/\\\/fuentesfidedignas.com.mx\\\/index.php\\\/2021\\\/12\\\/10\\\/vacunacion-para-60-y-mas-se-ampliara-a-los-18-municipios-en-los-proximos-dias-cuen\\\/\"},\"author\":{\"name\":\"Redacci\u00f3n\",\"@id\":\"https:\\\/\\\/fuentesfidedignas.com.mx\\\/#\\\/schema\\\/person\\\/331be9283d37198e2acd5750279085b0\"},\"headline\":\"Vacunaci\u00f3n para 60 y m\u00e1s se ampliar\u00e1 a los 18 municipios en los pr\u00f3ximos d\u00edas: Cu\u00e9n\",\"datePublished\":\"2021-12-10T14:53:56+00:00\",\"dateModified\":\"2021-12-10T14:54:42+00:00\",\"mainEntityOfPage\":{\"@id\":\"https:\\\/\\\/fuentesfidedignas.com.mx\\\/index.php\\\/2021\\\/12\\\/10\\\/vacunacion-para-60-y-mas-se-ampliara-a-los-18-municipios-en-los-proximos-dias-cuen\\\/\"},\"wordCount\":395,\"commentCount\":0,\"publisher\":{\"@id\":\"https:\\\/\\\/fuentesfidedignas.com.mx\\\/#organization\"},\"image\":{\"@id\":\"https:\\\/\\\/fuentesfidedignas.com.mx\\\/index.php\\\/2021\\\/12\\\/10\\\/vacunacion-para-60-y-mas-se-ampliara-a-los-18-municipios-en-los-proximos-dias-cuen\\\/#primaryimage\"},\"thumbnailUrl\":\"https:\\\/\\\/fuentesfidedignas.com.mx\\\/wp-content\\\/uploads\\\/2021\\\/12\\\/SECRETARIO-1.jpeg\",\"articleSection\":[\"NOTA PRINCIPAL\"],\"inLanguage\":\"es\",\"potentialAction\":[{\"@type\":\"CommentAction\",\"name\":\"Comment\",\"target\":[\"https:\\\/\\\/fuentesfidedignas.com.mx\\\/index.php\\\/2021\\\/12\\\/10\\\/vacunacion-para-60-y-mas-se-ampliara-a-los-18-municipios-en-los-proximos-dias-cuen\\\/#respond\"]}]},{\"@type\":\"WebPage\",\"@id\":\"https:\\\/\\\/fuentesfidedignas.com.mx\\\/index.php\\\/2021\\\/12\\\/10\\\/vacunacion-para-60-y-mas-se-ampliara-a-los-18-municipios-en-los-proximos-dias-cuen\\\/\",\"url\":\"https:\\\/\\\/fuentesfidedignas.com.mx\\\/index.php\\\/2021\\\/12\\\/10\\\/vacunacion-para-60-y-mas-se-ampliara-a-los-18-municipios-en-los-proximos-dias-cuen\\\/\",\"name\":\"Vacunaci\u00f3n para 60 y m\u00e1s se ampliar\u00e1 a los 18 municipios en los pr\u00f3ximos d\u00edas: Cu\u00e9n - Fuentes Fidedignas\",\"isPartOf\":{\"@id\":\"https:\\\/\\\/fuentesfidedignas.com.mx\\\/#website\"},\"primaryImageOfPage\":{\"@id\":\"https:\\\/\\\/fuentesfidedignas.com.mx\\\/index.php\\\/2021\\\/12\\\/10\\\/vacunacion-para-60-y-mas-se-ampliara-a-los-18-municipios-en-los-proximos-dias-cuen\\\/#primaryimage\"},\"image\":{\"@id\":\"https:\\\/\\\/fuentesfidedignas.com.mx\\\/index.php\\\/2021\\\/12\\\/10\\\/vacunacion-para-60-y-mas-se-ampliara-a-los-18-municipios-en-los-proximos-dias-cuen\\\/#primaryimage\"},\"thumbnailUrl\":\"https:\\\/\\\/fuentesfidedignas.com.mx\\\/wp-content\\\/uploads\\\/2021\\\/12\\\/SECRETARIO-1.jpeg\",\"datePublished\":\"2021-12-10T14:53:56+00:00\",\"dateModified\":\"2021-12-10T14:54:42+00:00\",\"breadcrumb\":{\"@id\":\"https:\\\/\\\/fuentesfidedignas.com.mx\\\/index.php\\\/2021\\\/12\\\/10\\\/vacunacion-para-60-y-mas-se-ampliara-a-los-18-municipios-en-los-proximos-dias-cuen\\\/#breadcrumb\"},\"inLanguage\":\"es\",\"potentialAction\":[{\"@type\":\"ReadAction\",\"target\":[\"https:\\\/\\\/fuentesfidedignas.com.mx\\\/index.php\\\/2021\\\/12\\\/10\\\/vacunacion-para-60-y-mas-se-ampliara-a-los-18-municipios-en-los-proximos-dias-cuen\\\/\"]}]},{\"@type\":\"ImageObject\",\"inLanguage\":\"es\",\"@id\":\"https:\\\/\\\/fuentesfidedignas.com.mx\\\/index.php\\\/2021\\\/12\\\/10\\\/vacunacion-para-60-y-mas-se-ampliara-a-los-18-municipios-en-los-proximos-dias-cuen\\\/#primaryimage\",\"url\":\"https:\\\/\\\/fuentesfidedignas.com.mx\\\/wp-content\\\/uploads\\\/2021\\\/12\\\/SECRETARIO-1.jpeg\",\"contentUrl\":\"https:\\\/\\\/fuentesfidedignas.com.mx\\\/wp-content\\\/uploads\\\/2021\\\/12\\\/SECRETARIO-1.jpeg\",\"width\":1280,\"height\":853},{\"@type\":\"BreadcrumbList\",\"@id\":\"https:\\\/\\\/fuentesfidedignas.com.mx\\\/index.php\\\/2021\\\/12\\\/10\\\/vacunacion-para-60-y-mas-se-ampliara-a-los-18-municipios-en-los-proximos-dias-cuen\\\/#breadcrumb\",\"itemListElement\":[{\"@type\":\"ListItem\",\"position\":1,\"name\":\"Inicio\",\"item\":\"https:\\\/\\\/fuentesfidedignas.com.mx\\\/\"},{\"@type\":\"ListItem\",\"position\":2,\"name\":\"Vacunaci\u00f3n para 60 y m\u00e1s se ampliar\u00e1 a los 18 municipios en los pr\u00f3ximos d\u00edas: Cu\u00e9n\"}]},{\"@type\":\"WebSite\",\"@id\":\"https:\\\/\\\/fuentesfidedignas.com.mx\\\/#website\",\"url\":\"https:\\\/\\\/fuentesfidedignas.com.mx\\\/\",\"name\":\"Fuentes Fidedignas\",\"description\":\"Otro sitio realizado con WordPress\",\"publisher\":{\"@id\":\"https:\\\/\\\/fuentesfidedignas.com.mx\\\/#organization\"},\"potentialAction\":[{\"@type\":\"SearchAction\",\"target\":{\"@type\":\"EntryPoint\",\"urlTemplate\":\"https:\\\/\\\/fuentesfidedignas.com.mx\\\/?s={search_term_string}\"},\"query-input\":{\"@type\":\"PropertyValueSpecification\",\"valueRequired\":true,\"valueName\":\"search_term_string\"}}],\"inLanguage\":\"es\"},{\"@type\":\"Organization\",\"@id\":\"https:\\\/\\\/fuentesfidedignas.com.mx\\\/#organization\",\"name\":\"Fuentes Fidedignas\",\"url\":\"https:\\\/\\\/fuentesfidedignas.com.mx\\\/\",\"logo\":{\"@type\":\"ImageObject\",\"inLanguage\":\"es\",\"@id\":\"https:\\\/\\\/fuentesfidedignas.com.mx\\\/#\\\/schema\\\/logo\\\/image\\\/\",\"url\":\"https:\\\/\\\/fuentesfidedignas.com.mx\\\/wp-content\\\/uploads\\\/2021\\\/04\\\/logo-retina.png\",\"contentUrl\":\"https:\\\/\\\/fuentesfidedignas.com.mx\\\/wp-content\\\/uploads\\\/2021\\\/04\\\/logo-retina.png\",\"width\":280,\"height\":51,\"caption\":\"Fuentes Fidedignas\"},\"image\":{\"@id\":\"https:\\\/\\\/fuentesfidedignas.com.mx\\\/#\\\/schema\\\/logo\\\/image\\\/\"},\"sameAs\":[\"https:\\\/\\\/www.facebook.com\\\/Fuentes-Fidedignas-368234489921644\",\"https:\\\/\\\/x.com\\\/fidedignas\"]},{\"@type\":\"Person\",\"@id\":\"https:\\\/\\\/fuentesfidedignas.com.mx\\\/#\\\/schema\\\/person\\\/331be9283d37198e2acd5750279085b0\",\"name\":\"Redacci\u00f3n\",\"image\":{\"@type\":\"ImageObject\",\"inLanguage\":\"es\",\"@id\":\"https:\\\/\\\/secure.gravatar.com\\\/avatar\\\/f6d8782c11d12b2d4ad3fbb6931aeab5309937a4d6cd2fc9cfaa28a6396a5aec?s=96&d=mm&r=g\",\"url\":\"https:\\\/\\\/secure.gravatar.com\\\/avatar\\\/f6d8782c11d12b2d4ad3fbb6931aeab5309937a4d6cd2fc9cfaa28a6396a5aec?s=96&d=mm&r=g\",\"contentUrl\":\"https:\\\/\\\/secure.gravatar.com\\\/avatar\\\/f6d8782c11d12b2d4ad3fbb6931aeab5309937a4d6cd2fc9cfaa28a6396a5aec?s=96&d=mm&r=g\",\"caption\":\"Redacci\u00f3n\"},\"url\":\"https:\\\/\\\/fuentesfidedignas.com.mx\\\/index.php\\\/author\\\/redaccion\\\/\"}]}<\/script>\n<!-- \/ Yoast SEO plugin. -->","yoast_head_json":{"title":"Vacunaci\u00f3n para 60 y m\u00e1s se ampliar\u00e1 a los 18 municipios en los pr\u00f3ximos d\u00edas: Cu\u00e9n - Fuentes Fidedignas","robots":{"index":"index","follow":"follow","max-snippet":"max-snippet:-1","max-image-preview":"max-image-preview:large","max-video-preview":"max-video-preview:-1"},"canonical":"https:\/\/fuentesfidedignas.com.mx\/index.php\/2021\/12\/10\/vacunacion-para-60-y-mas-se-ampliara-a-los-18-municipios-en-los-proximos-dias-cuen\/","og_locale":"es_MX","og_type":"article","og_title":"Vacunaci\u00f3n para 60 y m\u00e1s se ampliar\u00e1 a los 18 municipios en los pr\u00f3ximos d\u00edas: Cu\u00e9n - Fuentes Fidedignas","og_description":"El Secretario de Salud de Sinaloa, inform\u00f3 que la estrategia de vacunaci\u00f3n busca reforzar la inmunizaci\u00f3n de los m\u00e1s vulnerables contra el Covid \u2013 19 y sus nuevas variantes Culiac\u00e1n, Sin; Acatando las instrucciones del Gobernador del Estado de Sinaloa, Rub\u00e9n Rocha Moya, en los pr\u00f3ximos d\u00edas la estrategia de vacunaci\u00f3n para 60 y m\u00e1s [&hellip;]","og_url":"https:\/\/fuentesfidedignas.com.mx\/index.php\/2021\/12\/10\/vacunacion-para-60-y-mas-se-ampliara-a-los-18-municipios-en-los-proximos-dias-cuen\/","og_site_name":"Fuentes Fidedignas","article_publisher":"https:\/\/www.facebook.com\/Fuentes-Fidedignas-368234489921644","article_published_time":"2021-12-10T14:53:56+00:00","article_modified_time":"2021-12-10T14:54:42+00:00","og_image":[{"width":1280,"height":853,"url":"https:\/\/fuentesfidedignas.com.mx\/wp-content\/uploads\/2021\/12\/SECRETARIO-1.jpeg","type":"image\/jpeg"}],"author":"Redacci\u00f3n","twitter_card":"summary_large_image","twitter_creator":"@fidedignas","twitter_site":"@fidedignas","twitter_misc":{"Escrito por":"Redacci\u00f3n","Tiempo de lectura":"2 minutos"},"schema":{"@context":"https:\/\/schema.org","@graph":[{"@type":"Article","@id":"https:\/\/fuentesfidedignas.com.mx\/index.php\/2021\/12\/10\/vacunacion-para-60-y-mas-se-ampliara-a-los-18-municipios-en-los-proximos-dias-cuen\/#article","isPartOf":{"@id":"https:\/\/fuentesfidedignas.com.mx\/index.php\/2021\/12\/10\/vacunacion-para-60-y-mas-se-ampliara-a-los-18-municipios-en-los-proximos-dias-cuen\/"},"author":{"name":"Redacci\u00f3n","@id":"https:\/\/fuentesfidedignas.com.mx\/#\/schema\/person\/331be9283d37198e2acd5750279085b0"},"headline":"Vacunaci\u00f3n para 60 y m\u00e1s se ampliar\u00e1 a los 18 municipios en los pr\u00f3ximos d\u00edas: Cu\u00e9n","datePublished":"2021-12-10T14:53:56+00:00","dateModified":"2021-12-10T14:54:42+00:00","mainEntityOfPage":{"@id":"https:\/\/fuentesfidedignas.com.mx\/index.php\/2021\/12\/10\/vacunacion-para-60-y-mas-se-ampliara-a-los-18-municipios-en-los-proximos-dias-cuen\/"},"wordCount":395,"commentCount":0,"publisher":{"@id":"https:\/\/fuentesfidedignas.com.mx\/#organization"},"image":{"@id":"https:\/\/fuentesfidedignas.com.mx\/index.php\/2021\/12\/10\/vacunacion-para-60-y-mas-se-ampliara-a-los-18-municipios-en-los-proximos-dias-cuen\/#primaryimage"},"thumbnailUrl":"https:\/\/fuentesfidedignas.com.mx\/wp-content\/uploads\/2021\/12\/SECRETARIO-1.jpeg","articleSection":["NOTA PRINCIPAL"],"inLanguage":"es","potentialAction":[{"@type":"CommentAction","name":"Comment","target":["https:\/\/fuentesfidedignas.com.mx\/index.php\/2021\/12\/10\/vacunacion-para-60-y-mas-se-ampliara-a-los-18-municipios-en-los-proximos-dias-cuen\/#respond"]}]},{"@type":"WebPage","@id":"https:\/\/fuentesfidedignas.com.mx\/index.php\/2021\/12\/10\/vacunacion-para-60-y-mas-se-ampliara-a-los-18-municipios-en-los-proximos-dias-cuen\/","url":"https:\/\/fuentesfidedignas.com.mx\/index.php\/2021\/12\/10\/vacunacion-para-60-y-mas-se-ampliara-a-los-18-municipios-en-los-proximos-dias-cuen\/","name":"Vacunaci\u00f3n para 60 y m\u00e1s se ampliar\u00e1 a los 18 municipios en los pr\u00f3ximos d\u00edas: Cu\u00e9n - Fuentes Fidedignas","isPartOf":{"@id":"https:\/\/fuentesfidedignas.com.mx\/#website"},"primaryImageOfPage":{"@id":"https:\/\/fuentesfidedignas.com.mx\/index.php\/2021\/12\/10\/vacunacion-para-60-y-mas-se-ampliara-a-los-18-municipios-en-los-proximos-dias-cuen\/#primaryimage"},"image":{"@id":"https:\/\/fuentesfidedignas.com.mx\/index.php\/2021\/12\/10\/vacunacion-para-60-y-mas-se-ampliara-a-los-18-municipios-en-los-proximos-dias-cuen\/#primaryimage"},"thumbnailUrl":"https:\/\/fuentesfidedignas.com.mx\/wp-content\/uploads\/2021\/12\/SECRETARIO-1.jpeg","datePublished":"2021-12-10T14:53:56+00:00","dateModified":"2021-12-10T14:54:42+00:00","breadcrumb":{"@id":"https:\/\/fuentesfidedignas.com.mx\/index.php\/2021\/12\/10\/vacunacion-para-60-y-mas-se-ampliara-a-los-18-municipios-en-los-proximos-dias-cuen\/#breadcrumb"},"inLanguage":"es","potentialAction":[{"@type":"ReadAction","target":["https:\/\/fuentesfidedignas.com.mx\/index.php\/2021\/12\/10\/vacunacion-para-60-y-mas-se-ampliara-a-los-18-municipios-en-los-proximos-dias-cuen\/"]}]},{"@type":"ImageObject","inLanguage":"es","@id":"https:\/\/fuentesfidedignas.com.mx\/index.php\/2021\/12\/10\/vacunacion-para-60-y-mas-se-ampliara-a-los-18-municipios-en-los-proximos-dias-cuen\/#primaryimage","url":"https:\/\/fuentesfidedignas.com.mx\/wp-content\/uploads\/2021\/12\/SECRETARIO-1.jpeg","contentUrl":"https:\/\/fuentesfidedignas.com.mx\/wp-content\/uploads\/2021\/12\/SECRETARIO-1.jpeg","width":1280,"height":853},{"@type":"BreadcrumbList","@id":"https:\/\/fuentesfidedignas.com.mx\/index.php\/2021\/12\/10\/vacunacion-para-60-y-mas-se-ampliara-a-los-18-municipios-en-los-proximos-dias-cuen\/#breadcrumb","itemListElement":[{"@type":"ListItem","position":1,"name":"Inicio","item":"https:\/\/fuentesfidedignas.com.mx\/"},{"@type":"ListItem","position":2,"name":"Vacunaci\u00f3n para 60 y m\u00e1s se ampliar\u00e1 a los 18 municipios en los pr\u00f3ximos d\u00edas: Cu\u00e9n"}]},{"@type":"WebSite","@id":"https:\/\/fuentesfidedignas.com.mx\/#website","url":"https:\/\/fuentesfidedignas.com.mx\/","name":"Fuentes Fidedignas","description":"Otro sitio realizado con WordPress","publisher":{"@id":"https:\/\/fuentesfidedignas.com.mx\/#organization"},"potentialAction":[{"@type":"SearchAction","target":{"@type":"EntryPoint","urlTemplate":"https:\/\/fuentesfidedignas.com.mx\/?s={search_term_string}"},"query-input":{"@type":"PropertyValueSpecification","valueRequired":true,"valueName":"search_term_string"}}],"inLanguage":"es"},{"@type":"Organization","@id":"https:\/\/fuentesfidedignas.com.mx\/#organization","name":"Fuentes Fidedignas","url":"https:\/\/fuentesfidedignas.com.mx\/","logo":{"@type":"ImageObject","inLanguage":"es","@id":"https:\/\/fuentesfidedignas.com.mx\/#\/schema\/logo\/image\/","url":"https:\/\/fuentesfidedignas.com.mx\/wp-content\/uploads\/2021\/04\/logo-retina.png","contentUrl":"https:\/\/fuentesfidedignas.com.mx\/wp-content\/uploads\/2021\/04\/logo-retina.png","width":280,"height":51,"caption":"Fuentes Fidedignas"},"image":{"@id":"https:\/\/fuentesfidedignas.com.mx\/#\/schema\/logo\/image\/"},"sameAs":["https:\/\/www.facebook.com\/Fuentes-Fidedignas-368234489921644","https:\/\/x.com\/fidedignas"]},{"@type":"Person","@id":"https:\/\/fuentesfidedignas.com.mx\/#\/schema\/person\/331be9283d37198e2acd5750279085b0","name":"Redacci\u00f3n","image":{"@type":"ImageObject","inLanguage":"es","@id":"https:\/\/secure.gravatar.com\/avatar\/f6d8782c11d12b2d4ad3fbb6931aeab5309937a4d6cd2fc9cfaa28a6396a5aec?s=96&d=mm&r=g","url":"https:\/\/secure.gravatar.com\/avatar\/f6d8782c11d12b2d4ad3fbb6931aeab5309937a4d6cd2fc9cfaa28a6396a5aec?s=96&d=mm&r=g","contentUrl":"https:\/\/secure.gravatar.com\/avatar\/f6d8782c11d12b2d4ad3fbb6931aeab5309937a4d6cd2fc9cfaa28a6396a5aec?s=96&d=mm&r=g","caption":"Redacci\u00f3n"},"url":"https:\/\/fuentesfidedignas.com.mx\/index.php\/author\/redaccion\/"}]}},"_links":{"self":[{"href":"https:\/\/fuentesfidedignas.com.mx\/index.php\/wp-json\/wp\/v2\/posts\/19513","targetHints":{"allow":["GET"]}}],"collection":[{"href":"https:\/\/fuentesfidedignas.com.mx\/index.php\/wp-json\/wp\/v2\/posts"}],"about":[{"href":"https:\/\/fuentesfidedignas.com.mx\/index.php\/wp-json\/wp\/v2\/types\/post"}],"author":[{"embeddable":true,"href":"https:\/\/fuentesfidedignas.com.mx\/index.php\/wp-json\/wp\/v2\/users\/4"}],"replies":[{"embeddable":true,"href":"https:\/\/fuentesfidedignas.com.mx\/index.php\/wp-json\/wp\/v2\/comments?post=19513"}],"version-history":[{"count":2,"href":"https:\/\/fuentesfidedignas.com.mx\/index.php\/wp-json\/wp\/v2\/posts\/19513\/revisions"}],"predecessor-version":[{"id":19516,"href":"https:\/\/fuentesfidedignas.com.mx\/index.php\/wp-json\/wp\/v2\/posts\/19513\/revisions\/19516"}],"wp:featuredmedia":[{"embeddable":true,"href":"https:\/\/fuentesfidedignas.com.mx\/index.php\/wp-json\/wp\/v2\/media\/19514"}],"wp:attachment":[{"href":"https:\/\/fuentesfidedignas.com.mx\/index.php\/wp-json\/wp\/v2\/media?parent=19513"}],"wp:term":[{"taxonomy":"category","embeddable":true,"href":"https:\/\/fuentesfidedignas.com.mx\/index.php\/wp-json\/wp\/v2\/categories?post=19513"},{"taxonomy":"post_tag","embeddable":true,"href":"https:\/\/fuentesfidedignas.com.mx\/index.php\/wp-json\/wp\/v2\/tags?post=19513"}],"curies":[{"name":"wp","href":"https:\/\/api.w.org\/{rel}","templated":true}]}}