{"id":19492,"date":"2021-12-10T06:19:59","date_gmt":"2021-12-10T13:19:59","guid":{"rendered":"https:\/\/fuentesfidedignas.com.mx\/?p=19492"},"modified":"2021-12-10T06:20:01","modified_gmt":"2021-12-10T13:20:01","slug":"tasas-de-impuesto-predial-seran-del-2-5-3-0-y-4-0-para-el-2022","status":"publish","type":"post","link":"https:\/\/fuentesfidedignas.com.mx\/index.php\/2021\/12\/10\/tasas-de-impuesto-predial-seran-del-2-5-3-0-y-4-0-para-el-2022\/","title":{"rendered":"Tasas de impuesto predial ser\u00e1n del 2.5, 3.0 y 4.0 para el 2022"},"content":{"rendered":"\n<p><strong><em>Las tasas de actualizaci\u00f3n se propone sean del 2.5 por ciento cuando el valor del suelo y de la construcci\u00f3n sea de hasta un mill\u00f3n de pesos<\/em><\/strong><\/p>\n\n\n\n<p>Culiac\u00e1n, Sin. La Comisi\u00f3n de Hacienda P\u00fablica y Administraci\u00f3n del Congreso del Estado de Sinaloa aprob\u00f3 por unanimidad los dict\u00e1menes que actualizan las tablas catastrales para el ejercicio fiscal 2022 en tasas progresivas de acuerdo al valor del suelo y de las construcciones.<\/p>\n\n\n\n<p>Las tasas de actualizaci\u00f3n se propone sean del 2.5 por ciento cuando el valor del suelo y de la construcci\u00f3n sea de hasta un mill\u00f3n de pesos; del 3.0 por ciento cuando el valor oscile entre el mill\u00f3n un peso y los tres millones; y ser\u00e1 del 4.0 por ciento cuando el valor rebase los tres millones de pesos.<\/p>\n\n\n\n<p>Durante la reuni\u00f3n se precis\u00f3 que las tablas catastrales aprobadas aplicar\u00e1n para todos los municipios, a excepci\u00f3n de Elota, que no envi\u00f3 en tiempo y forma su propuesta de actualizaci\u00f3n de los valores del suelo y de las construcciones.<\/p>\n\n\n\n<p>Tanto el presidente de la Comisi\u00f3n, Jes\u00fas Alfonso Ibarra Ramos, y la secretaria, Gloria Himelda F\u00e9lix Niebla, as\u00ed como los diputados Gene Ren\u00e9 Boj\u00f3rquez Ruiz y Pedro Alonso Villegas Lobo, y la diputada Juana Minerva V\u00e1zquez Gonz\u00e1lez, como vocales, resaltaron que en la actualizaci\u00f3n de las tablas catastrales se tom\u00f3 en cuenta la econom\u00eda postpandemia de los contribuyentes.<\/p>\n\n\n\n<p>Jes\u00fas Alfonso Ibarra Ramos precis\u00f3 que al fijar una tasa del 2.5 por ciento para las propiedades con valor m\u00e1ximo de hasta un mill\u00f3n de pesos, se beneficia a quienes menos tienen.<\/p>\n\n\n\n<p>Precis\u00f3 que alrededor del 80 por ciento de las claves catastrales que manejan los municipios, corresponden a propiedades cuyo valor es menor al mill\u00f3n de pesos.<br>Para contribuyentes cuyas propiedades tienen un valor superior a los tres millones de pesos, explic\u00f3, aportar\u00e1n un poco m\u00e1s, pero no por encima del \u00edndice inflacionario.<\/p>\n\n\n\n<p>El director de Asuntos Jur\u00eddicos y Procesos Legislativos, \u00c9dgar Donato Vega M\u00e1rquez, puntualiz\u00f3 que en el art\u00edculo segundo transitorio de los dict\u00e1menes se estable que:<\/p>\n\n\n\n<p>\u201cDurante el a\u00f1o 2022 el importe del impuesto predial en los predios urbanos con o sin construcci\u00f3n, ser\u00e1 mayor respecto del monto que correspondi\u00f3 pagar en el 2021\u201d, y se atienden los porcentajes se\u00f1alados de acuerdo a los valores.<\/p>\n\n\n\n<p>La secretaria de la Comisi\u00f3n, Gloria Himelda F\u00e9lix Niebla, agradeci\u00f3 que se hayan tomado en cuenta las observaciones presentadas por el grupo parlamentario del PRI, al que pertenece.<\/p>\n\n\n\n<p>Expuso que se analizaron las iniciativas, los dict\u00e1menes y la documentaci\u00f3n que acompa\u00f1a a \u00e9stos, y con base en ello se hicieron algunas observaciones, relacionadas con las resoluciones emitidas por la Suprema Corte de Justicia de la Naci\u00f3n en relaci\u00f3n al tema de las tablas catastrales.<\/p>\n\n\n\n<p>Explic\u00f3 que con ello se busc\u00f3 robustecer la fundamentaci\u00f3n de la Comisi\u00f3n de Hacienda para establecer las tablas catastrales.<\/p>\n\n\n\n<p>El diputado Gen\u00e9 Ren\u00e9 Boj\u00f3rquez Ruiz asegur\u00f3 que se formaliza una tabla de valores con la que se apoya a quienes menos tienen.<\/p>\n\n\n\n<p>Asimismo, expuso que se plasm\u00f3 lo que se quiere para los municipios, acorde a lo que ha planteado el gobernador Rub\u00e9n Rocha Moya, con lo cual como diputados y diputadas se unen a la causa sensible de quienes menos tienen.<\/p>\n\n\n\n<p>El diputado Pedro Alonso Villegas Lobo afirm\u00f3 que la Comisi\u00f3n de Hacienda aprueba los dict\u00e1menes de manera equitativa para que quienes tengan menos paguen menos y quienes tengan m\u00e1s paguen un poco m\u00e1s, sin ahorcarles.<\/p>\n\n\n\n<p>Invit\u00f3 a alcaldes y alcaldesas a ajustar a los grandes contribuyentes, ya que son los que menos pagan el impuesto predial.<\/p>\n\n\n\n<p>La diputada Juana Minerva V\u00e1zquez Gonz\u00e1lez resalt\u00f3 el di\u00e1logo permanente que tuvo la Comisi\u00f3n con los ayuntamientos y sus \u00f3rganos t\u00e9cnicos y jur\u00eddicos.<\/p>\n\n\n\n<p>De igual manera asegur\u00f3 que la visi\u00f3n que se tiene con los dict\u00e1menes aprobados es apoyar a los que menos tienen, y tambi\u00e9n ser justos en la pol\u00edtica tributaria y cuidar las haciendas municipales.<\/p>\n","protected":false},"excerpt":{"rendered":"<p>Las tasas de actualizaci\u00f3n se propone sean del 2.5 por ciento cuando el valor del suelo y de la construcci\u00f3n sea de hasta un mill\u00f3n de pesos Culiac\u00e1n, Sin. La Comisi\u00f3n de Hacienda P\u00fablica y Administraci\u00f3n del Congreso del Estado de Sinaloa aprob\u00f3 por unanimidad los dict\u00e1menes que actualizan las tablas catastrales para el ejercicio [&hellip;]<\/p>\n","protected":false},"author":4,"featured_media":19493,"comment_status":"open","ping_status":"open","sticky":false,"template":"","format":"standard","meta":{"tdm_status":"","tdm_grid_status":"","footnotes":""},"categories":[37],"tags":[],"class_list":{"0":"post-19492","1":"post","2":"type-post","3":"status-publish","4":"format-standard","5":"has-post-thumbnail","7":"category-nota-principal"},"yoast_head":"<!-- This site is optimized with the Yoast SEO plugin v27.5 - https:\/\/yoast.com\/product\/yoast-seo-wordpress\/ -->\n<title>Tasas de impuesto predial ser\u00e1n del 2.5, 3.0 y 4.0 para el 2022 - Fuentes Fidedignas<\/title>\n<meta name=\"robots\" content=\"index, follow, max-snippet:-1, max-image-preview:large, max-video-preview:-1\" \/>\n<link rel=\"canonical\" href=\"https:\/\/fuentesfidedignas.com.mx\/index.php\/2021\/12\/10\/tasas-de-impuesto-predial-seran-del-2-5-3-0-y-4-0-para-el-2022\/\" \/>\n<meta property=\"og:locale\" content=\"es_MX\" \/>\n<meta property=\"og:type\" content=\"article\" \/>\n<meta property=\"og:title\" content=\"Tasas de impuesto predial ser\u00e1n del 2.5, 3.0 y 4.0 para el 2022 - Fuentes Fidedignas\" \/>\n<meta property=\"og:description\" content=\"Las tasas de actualizaci\u00f3n se propone sean del 2.5 por ciento cuando el valor del suelo y de la construcci\u00f3n sea de hasta un mill\u00f3n de pesos Culiac\u00e1n, Sin. La Comisi\u00f3n de Hacienda P\u00fablica y Administraci\u00f3n del Congreso del Estado de Sinaloa aprob\u00f3 por unanimidad los dict\u00e1menes que actualizan las tablas catastrales para el ejercicio [&hellip;]\" \/>\n<meta property=\"og:url\" content=\"https:\/\/fuentesfidedignas.com.mx\/index.php\/2021\/12\/10\/tasas-de-impuesto-predial-seran-del-2-5-3-0-y-4-0-para-el-2022\/\" \/>\n<meta property=\"og:site_name\" content=\"Fuentes Fidedignas\" \/>\n<meta property=\"article:publisher\" content=\"https:\/\/www.facebook.com\/Fuentes-Fidedignas-368234489921644\" \/>\n<meta property=\"article:published_time\" content=\"2021-12-10T13:19:59+00:00\" \/>\n<meta property=\"article:modified_time\" content=\"2021-12-10T13:20:01+00:00\" \/>\n<meta property=\"og:image\" content=\"https:\/\/fuentesfidedignas.com.mx\/wp-content\/uploads\/2021\/12\/IMG-20211209-WA0044.jpg\" \/>\n\t<meta property=\"og:image:width\" content=\"1280\" \/>\n\t<meta property=\"og:image:height\" content=\"853\" \/>\n\t<meta property=\"og:image:type\" content=\"image\/jpeg\" \/>\n<meta name=\"author\" content=\"Redacci\u00f3n\" \/>\n<meta name=\"twitter:card\" content=\"summary_large_image\" \/>\n<meta name=\"twitter:creator\" content=\"@fidedignas\" \/>\n<meta name=\"twitter:site\" content=\"@fidedignas\" \/>\n<meta name=\"twitter:label1\" content=\"Escrito por\" \/>\n\t<meta name=\"twitter:data1\" content=\"Redacci\u00f3n\" \/>\n\t<meta name=\"twitter:label2\" content=\"Tiempo de lectura\" \/>\n\t<meta name=\"twitter:data2\" content=\"3 minutos\" \/>\n<script type=\"application\/ld+json\" class=\"yoast-schema-graph\">{\"@context\":\"https:\\\/\\\/schema.org\",\"@graph\":[{\"@type\":\"Article\",\"@id\":\"https:\\\/\\\/fuentesfidedignas.com.mx\\\/index.php\\\/2021\\\/12\\\/10\\\/tasas-de-impuesto-predial-seran-del-2-5-3-0-y-4-0-para-el-2022\\\/#article\",\"isPartOf\":{\"@id\":\"https:\\\/\\\/fuentesfidedignas.com.mx\\\/index.php\\\/2021\\\/12\\\/10\\\/tasas-de-impuesto-predial-seran-del-2-5-3-0-y-4-0-para-el-2022\\\/\"},\"author\":{\"name\":\"Redacci\u00f3n\",\"@id\":\"https:\\\/\\\/fuentesfidedignas.com.mx\\\/#\\\/schema\\\/person\\\/331be9283d37198e2acd5750279085b0\"},\"headline\":\"Tasas de impuesto predial ser\u00e1n del 2.5, 3.0 y 4.0 para el 2022\",\"datePublished\":\"2021-12-10T13:19:59+00:00\",\"dateModified\":\"2021-12-10T13:20:01+00:00\",\"mainEntityOfPage\":{\"@id\":\"https:\\\/\\\/fuentesfidedignas.com.mx\\\/index.php\\\/2021\\\/12\\\/10\\\/tasas-de-impuesto-predial-seran-del-2-5-3-0-y-4-0-para-el-2022\\\/\"},\"wordCount\":706,\"commentCount\":0,\"publisher\":{\"@id\":\"https:\\\/\\\/fuentesfidedignas.com.mx\\\/#organization\"},\"image\":{\"@id\":\"https:\\\/\\\/fuentesfidedignas.com.mx\\\/index.php\\\/2021\\\/12\\\/10\\\/tasas-de-impuesto-predial-seran-del-2-5-3-0-y-4-0-para-el-2022\\\/#primaryimage\"},\"thumbnailUrl\":\"https:\\\/\\\/fuentesfidedignas.com.mx\\\/wp-content\\\/uploads\\\/2021\\\/12\\\/IMG-20211209-WA0044.jpg\",\"articleSection\":[\"NOTA PRINCIPAL\"],\"inLanguage\":\"es\",\"potentialAction\":[{\"@type\":\"CommentAction\",\"name\":\"Comment\",\"target\":[\"https:\\\/\\\/fuentesfidedignas.com.mx\\\/index.php\\\/2021\\\/12\\\/10\\\/tasas-de-impuesto-predial-seran-del-2-5-3-0-y-4-0-para-el-2022\\\/#respond\"]}]},{\"@type\":\"WebPage\",\"@id\":\"https:\\\/\\\/fuentesfidedignas.com.mx\\\/index.php\\\/2021\\\/12\\\/10\\\/tasas-de-impuesto-predial-seran-del-2-5-3-0-y-4-0-para-el-2022\\\/\",\"url\":\"https:\\\/\\\/fuentesfidedignas.com.mx\\\/index.php\\\/2021\\\/12\\\/10\\\/tasas-de-impuesto-predial-seran-del-2-5-3-0-y-4-0-para-el-2022\\\/\",\"name\":\"Tasas de impuesto predial ser\u00e1n del 2.5, 3.0 y 4.0 para el 2022 - Fuentes Fidedignas\",\"isPartOf\":{\"@id\":\"https:\\\/\\\/fuentesfidedignas.com.mx\\\/#website\"},\"primaryImageOfPage\":{\"@id\":\"https:\\\/\\\/fuentesfidedignas.com.mx\\\/index.php\\\/2021\\\/12\\\/10\\\/tasas-de-impuesto-predial-seran-del-2-5-3-0-y-4-0-para-el-2022\\\/#primaryimage\"},\"image\":{\"@id\":\"https:\\\/\\\/fuentesfidedignas.com.mx\\\/index.php\\\/2021\\\/12\\\/10\\\/tasas-de-impuesto-predial-seran-del-2-5-3-0-y-4-0-para-el-2022\\\/#primaryimage\"},\"thumbnailUrl\":\"https:\\\/\\\/fuentesfidedignas.com.mx\\\/wp-content\\\/uploads\\\/2021\\\/12\\\/IMG-20211209-WA0044.jpg\",\"datePublished\":\"2021-12-10T13:19:59+00:00\",\"dateModified\":\"2021-12-10T13:20:01+00:00\",\"breadcrumb\":{\"@id\":\"https:\\\/\\\/fuentesfidedignas.com.mx\\\/index.php\\\/2021\\\/12\\\/10\\\/tasas-de-impuesto-predial-seran-del-2-5-3-0-y-4-0-para-el-2022\\\/#breadcrumb\"},\"inLanguage\":\"es\",\"potentialAction\":[{\"@type\":\"ReadAction\",\"target\":[\"https:\\\/\\\/fuentesfidedignas.com.mx\\\/index.php\\\/2021\\\/12\\\/10\\\/tasas-de-impuesto-predial-seran-del-2-5-3-0-y-4-0-para-el-2022\\\/\"]}]},{\"@type\":\"ImageObject\",\"inLanguage\":\"es\",\"@id\":\"https:\\\/\\\/fuentesfidedignas.com.mx\\\/index.php\\\/2021\\\/12\\\/10\\\/tasas-de-impuesto-predial-seran-del-2-5-3-0-y-4-0-para-el-2022\\\/#primaryimage\",\"url\":\"https:\\\/\\\/fuentesfidedignas.com.mx\\\/wp-content\\\/uploads\\\/2021\\\/12\\\/IMG-20211209-WA0044.jpg\",\"contentUrl\":\"https:\\\/\\\/fuentesfidedignas.com.mx\\\/wp-content\\\/uploads\\\/2021\\\/12\\\/IMG-20211209-WA0044.jpg\",\"width\":1280,\"height\":853},{\"@type\":\"BreadcrumbList\",\"@id\":\"https:\\\/\\\/fuentesfidedignas.com.mx\\\/index.php\\\/2021\\\/12\\\/10\\\/tasas-de-impuesto-predial-seran-del-2-5-3-0-y-4-0-para-el-2022\\\/#breadcrumb\",\"itemListElement\":[{\"@type\":\"ListItem\",\"position\":1,\"name\":\"Inicio\",\"item\":\"https:\\\/\\\/fuentesfidedignas.com.mx\\\/\"},{\"@type\":\"ListItem\",\"position\":2,\"name\":\"Tasas de impuesto predial ser\u00e1n del 2.5, 3.0 y 4.0 para el 2022\"}]},{\"@type\":\"WebSite\",\"@id\":\"https:\\\/\\\/fuentesfidedignas.com.mx\\\/#website\",\"url\":\"https:\\\/\\\/fuentesfidedignas.com.mx\\\/\",\"name\":\"Fuentes Fidedignas\",\"description\":\"Otro sitio realizado con WordPress\",\"publisher\":{\"@id\":\"https:\\\/\\\/fuentesfidedignas.com.mx\\\/#organization\"},\"potentialAction\":[{\"@type\":\"SearchAction\",\"target\":{\"@type\":\"EntryPoint\",\"urlTemplate\":\"https:\\\/\\\/fuentesfidedignas.com.mx\\\/?s={search_term_string}\"},\"query-input\":{\"@type\":\"PropertyValueSpecification\",\"valueRequired\":true,\"valueName\":\"search_term_string\"}}],\"inLanguage\":\"es\"},{\"@type\":\"Organization\",\"@id\":\"https:\\\/\\\/fuentesfidedignas.com.mx\\\/#organization\",\"name\":\"Fuentes Fidedignas\",\"url\":\"https:\\\/\\\/fuentesfidedignas.com.mx\\\/\",\"logo\":{\"@type\":\"ImageObject\",\"inLanguage\":\"es\",\"@id\":\"https:\\\/\\\/fuentesfidedignas.com.mx\\\/#\\\/schema\\\/logo\\\/image\\\/\",\"url\":\"https:\\\/\\\/fuentesfidedignas.com.mx\\\/wp-content\\\/uploads\\\/2021\\\/04\\\/logo-retina.png\",\"contentUrl\":\"https:\\\/\\\/fuentesfidedignas.com.mx\\\/wp-content\\\/uploads\\\/2021\\\/04\\\/logo-retina.png\",\"width\":280,\"height\":51,\"caption\":\"Fuentes Fidedignas\"},\"image\":{\"@id\":\"https:\\\/\\\/fuentesfidedignas.com.mx\\\/#\\\/schema\\\/logo\\\/image\\\/\"},\"sameAs\":[\"https:\\\/\\\/www.facebook.com\\\/Fuentes-Fidedignas-368234489921644\",\"https:\\\/\\\/x.com\\\/fidedignas\"]},{\"@type\":\"Person\",\"@id\":\"https:\\\/\\\/fuentesfidedignas.com.mx\\\/#\\\/schema\\\/person\\\/331be9283d37198e2acd5750279085b0\",\"name\":\"Redacci\u00f3n\",\"image\":{\"@type\":\"ImageObject\",\"inLanguage\":\"es\",\"@id\":\"https:\\\/\\\/secure.gravatar.com\\\/avatar\\\/f6d8782c11d12b2d4ad3fbb6931aeab5309937a4d6cd2fc9cfaa28a6396a5aec?s=96&d=mm&r=g\",\"url\":\"https:\\\/\\\/secure.gravatar.com\\\/avatar\\\/f6d8782c11d12b2d4ad3fbb6931aeab5309937a4d6cd2fc9cfaa28a6396a5aec?s=96&d=mm&r=g\",\"contentUrl\":\"https:\\\/\\\/secure.gravatar.com\\\/avatar\\\/f6d8782c11d12b2d4ad3fbb6931aeab5309937a4d6cd2fc9cfaa28a6396a5aec?s=96&d=mm&r=g\",\"caption\":\"Redacci\u00f3n\"},\"url\":\"https:\\\/\\\/fuentesfidedignas.com.mx\\\/index.php\\\/author\\\/redaccion\\\/\"}]}<\/script>\n<!-- \/ Yoast SEO plugin. -->","yoast_head_json":{"title":"Tasas de impuesto predial ser\u00e1n del 2.5, 3.0 y 4.0 para el 2022 - Fuentes Fidedignas","robots":{"index":"index","follow":"follow","max-snippet":"max-snippet:-1","max-image-preview":"max-image-preview:large","max-video-preview":"max-video-preview:-1"},"canonical":"https:\/\/fuentesfidedignas.com.mx\/index.php\/2021\/12\/10\/tasas-de-impuesto-predial-seran-del-2-5-3-0-y-4-0-para-el-2022\/","og_locale":"es_MX","og_type":"article","og_title":"Tasas de impuesto predial ser\u00e1n del 2.5, 3.0 y 4.0 para el 2022 - Fuentes Fidedignas","og_description":"Las tasas de actualizaci\u00f3n se propone sean del 2.5 por ciento cuando el valor del suelo y de la construcci\u00f3n sea de hasta un mill\u00f3n de pesos Culiac\u00e1n, Sin. La Comisi\u00f3n de Hacienda P\u00fablica y Administraci\u00f3n del Congreso del Estado de Sinaloa aprob\u00f3 por unanimidad los dict\u00e1menes que actualizan las tablas catastrales para el ejercicio [&hellip;]","og_url":"https:\/\/fuentesfidedignas.com.mx\/index.php\/2021\/12\/10\/tasas-de-impuesto-predial-seran-del-2-5-3-0-y-4-0-para-el-2022\/","og_site_name":"Fuentes Fidedignas","article_publisher":"https:\/\/www.facebook.com\/Fuentes-Fidedignas-368234489921644","article_published_time":"2021-12-10T13:19:59+00:00","article_modified_time":"2021-12-10T13:20:01+00:00","og_image":[{"width":1280,"height":853,"url":"https:\/\/fuentesfidedignas.com.mx\/wp-content\/uploads\/2021\/12\/IMG-20211209-WA0044.jpg","type":"image\/jpeg"}],"author":"Redacci\u00f3n","twitter_card":"summary_large_image","twitter_creator":"@fidedignas","twitter_site":"@fidedignas","twitter_misc":{"Escrito por":"Redacci\u00f3n","Tiempo de lectura":"3 minutos"},"schema":{"@context":"https:\/\/schema.org","@graph":[{"@type":"Article","@id":"https:\/\/fuentesfidedignas.com.mx\/index.php\/2021\/12\/10\/tasas-de-impuesto-predial-seran-del-2-5-3-0-y-4-0-para-el-2022\/#article","isPartOf":{"@id":"https:\/\/fuentesfidedignas.com.mx\/index.php\/2021\/12\/10\/tasas-de-impuesto-predial-seran-del-2-5-3-0-y-4-0-para-el-2022\/"},"author":{"name":"Redacci\u00f3n","@id":"https:\/\/fuentesfidedignas.com.mx\/#\/schema\/person\/331be9283d37198e2acd5750279085b0"},"headline":"Tasas de impuesto predial ser\u00e1n del 2.5, 3.0 y 4.0 para el 2022","datePublished":"2021-12-10T13:19:59+00:00","dateModified":"2021-12-10T13:20:01+00:00","mainEntityOfPage":{"@id":"https:\/\/fuentesfidedignas.com.mx\/index.php\/2021\/12\/10\/tasas-de-impuesto-predial-seran-del-2-5-3-0-y-4-0-para-el-2022\/"},"wordCount":706,"commentCount":0,"publisher":{"@id":"https:\/\/fuentesfidedignas.com.mx\/#organization"},"image":{"@id":"https:\/\/fuentesfidedignas.com.mx\/index.php\/2021\/12\/10\/tasas-de-impuesto-predial-seran-del-2-5-3-0-y-4-0-para-el-2022\/#primaryimage"},"thumbnailUrl":"https:\/\/fuentesfidedignas.com.mx\/wp-content\/uploads\/2021\/12\/IMG-20211209-WA0044.jpg","articleSection":["NOTA PRINCIPAL"],"inLanguage":"es","potentialAction":[{"@type":"CommentAction","name":"Comment","target":["https:\/\/fuentesfidedignas.com.mx\/index.php\/2021\/12\/10\/tasas-de-impuesto-predial-seran-del-2-5-3-0-y-4-0-para-el-2022\/#respond"]}]},{"@type":"WebPage","@id":"https:\/\/fuentesfidedignas.com.mx\/index.php\/2021\/12\/10\/tasas-de-impuesto-predial-seran-del-2-5-3-0-y-4-0-para-el-2022\/","url":"https:\/\/fuentesfidedignas.com.mx\/index.php\/2021\/12\/10\/tasas-de-impuesto-predial-seran-del-2-5-3-0-y-4-0-para-el-2022\/","name":"Tasas de impuesto predial ser\u00e1n del 2.5, 3.0 y 4.0 para el 2022 - Fuentes Fidedignas","isPartOf":{"@id":"https:\/\/fuentesfidedignas.com.mx\/#website"},"primaryImageOfPage":{"@id":"https:\/\/fuentesfidedignas.com.mx\/index.php\/2021\/12\/10\/tasas-de-impuesto-predial-seran-del-2-5-3-0-y-4-0-para-el-2022\/#primaryimage"},"image":{"@id":"https:\/\/fuentesfidedignas.com.mx\/index.php\/2021\/12\/10\/tasas-de-impuesto-predial-seran-del-2-5-3-0-y-4-0-para-el-2022\/#primaryimage"},"thumbnailUrl":"https:\/\/fuentesfidedignas.com.mx\/wp-content\/uploads\/2021\/12\/IMG-20211209-WA0044.jpg","datePublished":"2021-12-10T13:19:59+00:00","dateModified":"2021-12-10T13:20:01+00:00","breadcrumb":{"@id":"https:\/\/fuentesfidedignas.com.mx\/index.php\/2021\/12\/10\/tasas-de-impuesto-predial-seran-del-2-5-3-0-y-4-0-para-el-2022\/#breadcrumb"},"inLanguage":"es","potentialAction":[{"@type":"ReadAction","target":["https:\/\/fuentesfidedignas.com.mx\/index.php\/2021\/12\/10\/tasas-de-impuesto-predial-seran-del-2-5-3-0-y-4-0-para-el-2022\/"]}]},{"@type":"ImageObject","inLanguage":"es","@id":"https:\/\/fuentesfidedignas.com.mx\/index.php\/2021\/12\/10\/tasas-de-impuesto-predial-seran-del-2-5-3-0-y-4-0-para-el-2022\/#primaryimage","url":"https:\/\/fuentesfidedignas.com.mx\/wp-content\/uploads\/2021\/12\/IMG-20211209-WA0044.jpg","contentUrl":"https:\/\/fuentesfidedignas.com.mx\/wp-content\/uploads\/2021\/12\/IMG-20211209-WA0044.jpg","width":1280,"height":853},{"@type":"BreadcrumbList","@id":"https:\/\/fuentesfidedignas.com.mx\/index.php\/2021\/12\/10\/tasas-de-impuesto-predial-seran-del-2-5-3-0-y-4-0-para-el-2022\/#breadcrumb","itemListElement":[{"@type":"ListItem","position":1,"name":"Inicio","item":"https:\/\/fuentesfidedignas.com.mx\/"},{"@type":"ListItem","position":2,"name":"Tasas de impuesto predial ser\u00e1n del 2.5, 3.0 y 4.0 para el 2022"}]},{"@type":"WebSite","@id":"https:\/\/fuentesfidedignas.com.mx\/#website","url":"https:\/\/fuentesfidedignas.com.mx\/","name":"Fuentes Fidedignas","description":"Otro sitio realizado con WordPress","publisher":{"@id":"https:\/\/fuentesfidedignas.com.mx\/#organization"},"potentialAction":[{"@type":"SearchAction","target":{"@type":"EntryPoint","urlTemplate":"https:\/\/fuentesfidedignas.com.mx\/?s={search_term_string}"},"query-input":{"@type":"PropertyValueSpecification","valueRequired":true,"valueName":"search_term_string"}}],"inLanguage":"es"},{"@type":"Organization","@id":"https:\/\/fuentesfidedignas.com.mx\/#organization","name":"Fuentes Fidedignas","url":"https:\/\/fuentesfidedignas.com.mx\/","logo":{"@type":"ImageObject","inLanguage":"es","@id":"https:\/\/fuentesfidedignas.com.mx\/#\/schema\/logo\/image\/","url":"https:\/\/fuentesfidedignas.com.mx\/wp-content\/uploads\/2021\/04\/logo-retina.png","contentUrl":"https:\/\/fuentesfidedignas.com.mx\/wp-content\/uploads\/2021\/04\/logo-retina.png","width":280,"height":51,"caption":"Fuentes Fidedignas"},"image":{"@id":"https:\/\/fuentesfidedignas.com.mx\/#\/schema\/logo\/image\/"},"sameAs":["https:\/\/www.facebook.com\/Fuentes-Fidedignas-368234489921644","https:\/\/x.com\/fidedignas"]},{"@type":"Person","@id":"https:\/\/fuentesfidedignas.com.mx\/#\/schema\/person\/331be9283d37198e2acd5750279085b0","name":"Redacci\u00f3n","image":{"@type":"ImageObject","inLanguage":"es","@id":"https:\/\/secure.gravatar.com\/avatar\/f6d8782c11d12b2d4ad3fbb6931aeab5309937a4d6cd2fc9cfaa28a6396a5aec?s=96&d=mm&r=g","url":"https:\/\/secure.gravatar.com\/avatar\/f6d8782c11d12b2d4ad3fbb6931aeab5309937a4d6cd2fc9cfaa28a6396a5aec?s=96&d=mm&r=g","contentUrl":"https:\/\/secure.gravatar.com\/avatar\/f6d8782c11d12b2d4ad3fbb6931aeab5309937a4d6cd2fc9cfaa28a6396a5aec?s=96&d=mm&r=g","caption":"Redacci\u00f3n"},"url":"https:\/\/fuentesfidedignas.com.mx\/index.php\/author\/redaccion\/"}]}},"_links":{"self":[{"href":"https:\/\/fuentesfidedignas.com.mx\/index.php\/wp-json\/wp\/v2\/posts\/19492","targetHints":{"allow":["GET"]}}],"collection":[{"href":"https:\/\/fuentesfidedignas.com.mx\/index.php\/wp-json\/wp\/v2\/posts"}],"about":[{"href":"https:\/\/fuentesfidedignas.com.mx\/index.php\/wp-json\/wp\/v2\/types\/post"}],"author":[{"embeddable":true,"href":"https:\/\/fuentesfidedignas.com.mx\/index.php\/wp-json\/wp\/v2\/users\/4"}],"replies":[{"embeddable":true,"href":"https:\/\/fuentesfidedignas.com.mx\/index.php\/wp-json\/wp\/v2\/comments?post=19492"}],"version-history":[{"count":1,"href":"https:\/\/fuentesfidedignas.com.mx\/index.php\/wp-json\/wp\/v2\/posts\/19492\/revisions"}],"predecessor-version":[{"id":19494,"href":"https:\/\/fuentesfidedignas.com.mx\/index.php\/wp-json\/wp\/v2\/posts\/19492\/revisions\/19494"}],"wp:featuredmedia":[{"embeddable":true,"href":"https:\/\/fuentesfidedignas.com.mx\/index.php\/wp-json\/wp\/v2\/media\/19493"}],"wp:attachment":[{"href":"https:\/\/fuentesfidedignas.com.mx\/index.php\/wp-json\/wp\/v2\/media?parent=19492"}],"wp:term":[{"taxonomy":"category","embeddable":true,"href":"https:\/\/fuentesfidedignas.com.mx\/index.php\/wp-json\/wp\/v2\/categories?post=19492"},{"taxonomy":"post_tag","embeddable":true,"href":"https:\/\/fuentesfidedignas.com.mx\/index.php\/wp-json\/wp\/v2\/tags?post=19492"}],"curies":[{"name":"wp","href":"https:\/\/api.w.org\/{rel}","templated":true}]}}