{"id":19393,"date":"2021-12-08T17:06:42","date_gmt":"2021-12-09T00:06:42","guid":{"rendered":"https:\/\/fuentesfidedignas.com.mx\/?p=19393"},"modified":"2021-12-08T17:06:43","modified_gmt":"2021-12-09T00:06:43","slug":"ine-ordena-a-amlo-no-emitir-comentarios-sobre-revocacion-de-mandato","status":"publish","type":"post","link":"https:\/\/fuentesfidedignas.com.mx\/index.php\/2021\/12\/08\/ine-ordena-a-amlo-no-emitir-comentarios-sobre-revocacion-de-mandato\/","title":{"rendered":"INE ordena a AMLO no emitir comentarios sobre revocaci\u00f3n de mandato"},"content":{"rendered":"\n<p><strong><em>El INE se\u00f1ala que AMLO promocion\u00f3 indebidamente la consulta de revocaci\u00f3n de mandato durante el festejo de sus tres a\u00f1os como presidente.<\/em><\/strong><\/p>\n\n\n\n<p>Ciudad de M\u00e9xico.- La Comisi\u00f3n de Quejas y Denuncias del Instituto Nacional Electoral (INE) orden\u00f3 al presidente Andr\u00e9s Manuel L\u00f3pez Obrador abstenerse de realizar manifestaciones que pudieran influir en la consulta de revocaci\u00f3n de mandato.<\/p>\n\n\n\n<p>Esto, despu\u00e9s de que el PRD interpuso una queja contra el mandatario federal por utilizar indebidamente los recursos p\u00fablicos, pues el 1 de diciembre el presidente invit\u00f3 a participar en la consulta de revocaci\u00f3n de mandato durante el evento \u201cTres A\u00f1os de Gobierno\u201d, con lo que \u2014consideraron los perredistas\u2014 busca incidir en la preferencia de los ciudadanos.<\/p>\n\n\n\n<p>Ante ello, la Comisi\u00f3n de Quejas del INE determin\u00f3 que desde una perspectiva preliminar y en apariencia del buen derecho, el mandatario federal realiz\u00f3 promoci\u00f3n indebida del proceso de revocaci\u00f3n de mandato al invitar expresamente a la ciudadan\u00eda a participar, lo que contraviene la normativa constitucional y legal.<\/p>\n\n\n\n<p>En sesi\u00f3n virtual, la Comisi\u00f3n destac\u00f3 que no se trata de hechos aislados, pues no es la primera vez que el presidente emite expresiones relacionadas con este ejercicio de participaci\u00f3n ciudadana, ya que el 3 y 5 de noviembre se pronunci\u00f3 sobre la revocaci\u00f3n de mandato durante sus ma\u00f1aneras.<\/p>\n\n\n\n<p>Por ello, los consejeros electorales ordenaron a L\u00f3pez Obrador a que, desde que sea notificado y hasta concluya la jornada de la consulta de revocaci\u00f3n, se abstenga de efectuar manifestaciones, emitir comentarios, opiniones, o se\u00f1alamientos sobre este proceso de participaci\u00f3n ciudadana.<\/p>\n","protected":false},"excerpt":{"rendered":"<p>El INE se\u00f1ala que AMLO promocion\u00f3 indebidamente la consulta de revocaci\u00f3n de mandato durante el festejo de sus tres a\u00f1os como presidente. Ciudad de M\u00e9xico.- La Comisi\u00f3n de Quejas y Denuncias del Instituto Nacional Electoral (INE) orden\u00f3 al presidente Andr\u00e9s Manuel L\u00f3pez Obrador abstenerse de realizar manifestaciones que pudieran influir en la consulta de revocaci\u00f3n [&hellip;]<\/p>\n","protected":false},"author":5,"featured_media":19394,"comment_status":"open","ping_status":"open","sticky":false,"template":"","format":"standard","meta":{"tdm_status":"","tdm_grid_status":"","footnotes":""},"categories":[39],"tags":[247,297,264,263,1582],"class_list":{"0":"post-19393","1":"post","2":"type-post","3":"status-publish","4":"format-standard","5":"has-post-thumbnail","7":"category-noticias-nacionales","8":"tag-amlo","9":"tag-andres-manuel-lopez-obrador","10":"tag-ine","11":"tag-instituto-nacional-electoral","12":"tag-revocacion-de-mandato"},"yoast_head":"<!-- This site is optimized with the Yoast SEO plugin v27.5 - https:\/\/yoast.com\/product\/yoast-seo-wordpress\/ -->\n<title>INE ordena a AMLO no emitir comentarios sobre revocaci\u00f3n de mandato - Fuentes Fidedignas<\/title>\n<meta name=\"robots\" content=\"index, follow, max-snippet:-1, max-image-preview:large, max-video-preview:-1\" \/>\n<link rel=\"canonical\" href=\"https:\/\/fuentesfidedignas.com.mx\/index.php\/2021\/12\/08\/ine-ordena-a-amlo-no-emitir-comentarios-sobre-revocacion-de-mandato\/\" \/>\n<meta property=\"og:locale\" content=\"es_MX\" \/>\n<meta property=\"og:type\" content=\"article\" \/>\n<meta property=\"og:title\" content=\"INE ordena a AMLO no emitir comentarios sobre revocaci\u00f3n de mandato - Fuentes Fidedignas\" \/>\n<meta property=\"og:description\" content=\"El INE se\u00f1ala que AMLO promocion\u00f3 indebidamente la consulta de revocaci\u00f3n de mandato durante el festejo de sus tres a\u00f1os como presidente. Ciudad de M\u00e9xico.- La Comisi\u00f3n de Quejas y Denuncias del Instituto Nacional Electoral (INE) orden\u00f3 al presidente Andr\u00e9s Manuel L\u00f3pez Obrador abstenerse de realizar manifestaciones que pudieran influir en la consulta de revocaci\u00f3n [&hellip;]\" \/>\n<meta property=\"og:url\" content=\"https:\/\/fuentesfidedignas.com.mx\/index.php\/2021\/12\/08\/ine-ordena-a-amlo-no-emitir-comentarios-sobre-revocacion-de-mandato\/\" \/>\n<meta property=\"og:site_name\" content=\"Fuentes Fidedignas\" \/>\n<meta property=\"article:publisher\" content=\"https:\/\/www.facebook.com\/Fuentes-Fidedignas-368234489921644\" \/>\n<meta property=\"article:published_time\" content=\"2021-12-09T00:06:42+00:00\" \/>\n<meta property=\"article:modified_time\" content=\"2021-12-09T00:06:43+00:00\" \/>\n<meta property=\"og:image\" content=\"https:\/\/fuentesfidedignas.com.mx\/wp-content\/uploads\/2021\/12\/amlo-1-dic-zocalo-640x360-1.jpg\" \/>\n\t<meta property=\"og:image:width\" content=\"640\" \/>\n\t<meta property=\"og:image:height\" content=\"360\" \/>\n\t<meta property=\"og:image:type\" content=\"image\/jpeg\" \/>\n<meta name=\"author\" content=\"Forbes\" \/>\n<meta name=\"twitter:card\" content=\"summary_large_image\" \/>\n<meta name=\"twitter:creator\" content=\"@fidedignas\" \/>\n<meta name=\"twitter:site\" content=\"@fidedignas\" \/>\n<meta name=\"twitter:label1\" content=\"Escrito por\" \/>\n\t<meta name=\"twitter:data1\" content=\"Forbes\" \/>\n\t<meta name=\"twitter:label2\" content=\"Tiempo de lectura\" \/>\n\t<meta name=\"twitter:data2\" content=\"2 minutos\" \/>\n<script type=\"application\/ld+json\" class=\"yoast-schema-graph\">{\"@context\":\"https:\\\/\\\/schema.org\",\"@graph\":[{\"@type\":\"Article\",\"@id\":\"https:\\\/\\\/fuentesfidedignas.com.mx\\\/index.php\\\/2021\\\/12\\\/08\\\/ine-ordena-a-amlo-no-emitir-comentarios-sobre-revocacion-de-mandato\\\/#article\",\"isPartOf\":{\"@id\":\"https:\\\/\\\/fuentesfidedignas.com.mx\\\/index.php\\\/2021\\\/12\\\/08\\\/ine-ordena-a-amlo-no-emitir-comentarios-sobre-revocacion-de-mandato\\\/\"},\"author\":{\"name\":\"Forbes\",\"@id\":\"https:\\\/\\\/fuentesfidedignas.com.mx\\\/#\\\/schema\\\/person\\\/5623d53fe2e579d825b1679734abcc44\"},\"headline\":\"INE ordena a AMLO no emitir comentarios sobre revocaci\u00f3n de mandato\",\"datePublished\":\"2021-12-09T00:06:42+00:00\",\"dateModified\":\"2021-12-09T00:06:43+00:00\",\"mainEntityOfPage\":{\"@id\":\"https:\\\/\\\/fuentesfidedignas.com.mx\\\/index.php\\\/2021\\\/12\\\/08\\\/ine-ordena-a-amlo-no-emitir-comentarios-sobre-revocacion-de-mandato\\\/\"},\"wordCount\":287,\"commentCount\":0,\"publisher\":{\"@id\":\"https:\\\/\\\/fuentesfidedignas.com.mx\\\/#organization\"},\"image\":{\"@id\":\"https:\\\/\\\/fuentesfidedignas.com.mx\\\/index.php\\\/2021\\\/12\\\/08\\\/ine-ordena-a-amlo-no-emitir-comentarios-sobre-revocacion-de-mandato\\\/#primaryimage\"},\"thumbnailUrl\":\"https:\\\/\\\/fuentesfidedignas.com.mx\\\/wp-content\\\/uploads\\\/2021\\\/12\\\/amlo-1-dic-zocalo-640x360-1.jpg\",\"keywords\":[\"AMLO\",\"Andr\u00e9s Manuel L\u00f3pez Obrador\",\"INE\",\"Instituto Nacional Electoral\",\"Revocaci\u00f3n de mandato\"],\"articleSection\":[\"NOTICIAS NACIONALES\"],\"inLanguage\":\"es\",\"potentialAction\":[{\"@type\":\"CommentAction\",\"name\":\"Comment\",\"target\":[\"https:\\\/\\\/fuentesfidedignas.com.mx\\\/index.php\\\/2021\\\/12\\\/08\\\/ine-ordena-a-amlo-no-emitir-comentarios-sobre-revocacion-de-mandato\\\/#respond\"]}]},{\"@type\":\"WebPage\",\"@id\":\"https:\\\/\\\/fuentesfidedignas.com.mx\\\/index.php\\\/2021\\\/12\\\/08\\\/ine-ordena-a-amlo-no-emitir-comentarios-sobre-revocacion-de-mandato\\\/\",\"url\":\"https:\\\/\\\/fuentesfidedignas.com.mx\\\/index.php\\\/2021\\\/12\\\/08\\\/ine-ordena-a-amlo-no-emitir-comentarios-sobre-revocacion-de-mandato\\\/\",\"name\":\"INE ordena a AMLO no emitir comentarios sobre revocaci\u00f3n de mandato - Fuentes Fidedignas\",\"isPartOf\":{\"@id\":\"https:\\\/\\\/fuentesfidedignas.com.mx\\\/#website\"},\"primaryImageOfPage\":{\"@id\":\"https:\\\/\\\/fuentesfidedignas.com.mx\\\/index.php\\\/2021\\\/12\\\/08\\\/ine-ordena-a-amlo-no-emitir-comentarios-sobre-revocacion-de-mandato\\\/#primaryimage\"},\"image\":{\"@id\":\"https:\\\/\\\/fuentesfidedignas.com.mx\\\/index.php\\\/2021\\\/12\\\/08\\\/ine-ordena-a-amlo-no-emitir-comentarios-sobre-revocacion-de-mandato\\\/#primaryimage\"},\"thumbnailUrl\":\"https:\\\/\\\/fuentesfidedignas.com.mx\\\/wp-content\\\/uploads\\\/2021\\\/12\\\/amlo-1-dic-zocalo-640x360-1.jpg\",\"datePublished\":\"2021-12-09T00:06:42+00:00\",\"dateModified\":\"2021-12-09T00:06:43+00:00\",\"breadcrumb\":{\"@id\":\"https:\\\/\\\/fuentesfidedignas.com.mx\\\/index.php\\\/2021\\\/12\\\/08\\\/ine-ordena-a-amlo-no-emitir-comentarios-sobre-revocacion-de-mandato\\\/#breadcrumb\"},\"inLanguage\":\"es\",\"potentialAction\":[{\"@type\":\"ReadAction\",\"target\":[\"https:\\\/\\\/fuentesfidedignas.com.mx\\\/index.php\\\/2021\\\/12\\\/08\\\/ine-ordena-a-amlo-no-emitir-comentarios-sobre-revocacion-de-mandato\\\/\"]}]},{\"@type\":\"ImageObject\",\"inLanguage\":\"es\",\"@id\":\"https:\\\/\\\/fuentesfidedignas.com.mx\\\/index.php\\\/2021\\\/12\\\/08\\\/ine-ordena-a-amlo-no-emitir-comentarios-sobre-revocacion-de-mandato\\\/#primaryimage\",\"url\":\"https:\\\/\\\/fuentesfidedignas.com.mx\\\/wp-content\\\/uploads\\\/2021\\\/12\\\/amlo-1-dic-zocalo-640x360-1.jpg\",\"contentUrl\":\"https:\\\/\\\/fuentesfidedignas.com.mx\\\/wp-content\\\/uploads\\\/2021\\\/12\\\/amlo-1-dic-zocalo-640x360-1.jpg\",\"width\":640,\"height\":360},{\"@type\":\"BreadcrumbList\",\"@id\":\"https:\\\/\\\/fuentesfidedignas.com.mx\\\/index.php\\\/2021\\\/12\\\/08\\\/ine-ordena-a-amlo-no-emitir-comentarios-sobre-revocacion-de-mandato\\\/#breadcrumb\",\"itemListElement\":[{\"@type\":\"ListItem\",\"position\":1,\"name\":\"Inicio\",\"item\":\"https:\\\/\\\/fuentesfidedignas.com.mx\\\/\"},{\"@type\":\"ListItem\",\"position\":2,\"name\":\"INE ordena a AMLO no emitir comentarios sobre revocaci\u00f3n de mandato\"}]},{\"@type\":\"WebSite\",\"@id\":\"https:\\\/\\\/fuentesfidedignas.com.mx\\\/#website\",\"url\":\"https:\\\/\\\/fuentesfidedignas.com.mx\\\/\",\"name\":\"Fuentes Fidedignas\",\"description\":\"Otro sitio realizado con WordPress\",\"publisher\":{\"@id\":\"https:\\\/\\\/fuentesfidedignas.com.mx\\\/#organization\"},\"potentialAction\":[{\"@type\":\"SearchAction\",\"target\":{\"@type\":\"EntryPoint\",\"urlTemplate\":\"https:\\\/\\\/fuentesfidedignas.com.mx\\\/?s={search_term_string}\"},\"query-input\":{\"@type\":\"PropertyValueSpecification\",\"valueRequired\":true,\"valueName\":\"search_term_string\"}}],\"inLanguage\":\"es\"},{\"@type\":\"Organization\",\"@id\":\"https:\\\/\\\/fuentesfidedignas.com.mx\\\/#organization\",\"name\":\"Fuentes Fidedignas\",\"url\":\"https:\\\/\\\/fuentesfidedignas.com.mx\\\/\",\"logo\":{\"@type\":\"ImageObject\",\"inLanguage\":\"es\",\"@id\":\"https:\\\/\\\/fuentesfidedignas.com.mx\\\/#\\\/schema\\\/logo\\\/image\\\/\",\"url\":\"https:\\\/\\\/fuentesfidedignas.com.mx\\\/wp-content\\\/uploads\\\/2021\\\/04\\\/logo-retina.png\",\"contentUrl\":\"https:\\\/\\\/fuentesfidedignas.com.mx\\\/wp-content\\\/uploads\\\/2021\\\/04\\\/logo-retina.png\",\"width\":280,\"height\":51,\"caption\":\"Fuentes Fidedignas\"},\"image\":{\"@id\":\"https:\\\/\\\/fuentesfidedignas.com.mx\\\/#\\\/schema\\\/logo\\\/image\\\/\"},\"sameAs\":[\"https:\\\/\\\/www.facebook.com\\\/Fuentes-Fidedignas-368234489921644\",\"https:\\\/\\\/x.com\\\/fidedignas\"]},{\"@type\":\"Person\",\"@id\":\"https:\\\/\\\/fuentesfidedignas.com.mx\\\/#\\\/schema\\\/person\\\/5623d53fe2e579d825b1679734abcc44\",\"name\":\"Forbes\",\"image\":{\"@type\":\"ImageObject\",\"inLanguage\":\"es\",\"@id\":\"https:\\\/\\\/secure.gravatar.com\\\/avatar\\\/87ce3dd4e41e60c22a79c758614f01a6bc2469255fc936ec7b15efb9bb5cb66f?s=96&d=mm&r=g\",\"url\":\"https:\\\/\\\/secure.gravatar.com\\\/avatar\\\/87ce3dd4e41e60c22a79c758614f01a6bc2469255fc936ec7b15efb9bb5cb66f?s=96&d=mm&r=g\",\"contentUrl\":\"https:\\\/\\\/secure.gravatar.com\\\/avatar\\\/87ce3dd4e41e60c22a79c758614f01a6bc2469255fc936ec7b15efb9bb5cb66f?s=96&d=mm&r=g\",\"caption\":\"Forbes\"},\"url\":\"https:\\\/\\\/fuentesfidedignas.com.mx\\\/index.php\\\/author\\\/forbes\\\/\"}]}<\/script>\n<!-- \/ Yoast SEO plugin. -->","yoast_head_json":{"title":"INE ordena a AMLO no emitir comentarios sobre revocaci\u00f3n de mandato - Fuentes Fidedignas","robots":{"index":"index","follow":"follow","max-snippet":"max-snippet:-1","max-image-preview":"max-image-preview:large","max-video-preview":"max-video-preview:-1"},"canonical":"https:\/\/fuentesfidedignas.com.mx\/index.php\/2021\/12\/08\/ine-ordena-a-amlo-no-emitir-comentarios-sobre-revocacion-de-mandato\/","og_locale":"es_MX","og_type":"article","og_title":"INE ordena a AMLO no emitir comentarios sobre revocaci\u00f3n de mandato - Fuentes Fidedignas","og_description":"El INE se\u00f1ala que AMLO promocion\u00f3 indebidamente la consulta de revocaci\u00f3n de mandato durante el festejo de sus tres a\u00f1os como presidente. Ciudad de M\u00e9xico.- La Comisi\u00f3n de Quejas y Denuncias del Instituto Nacional Electoral (INE) orden\u00f3 al presidente Andr\u00e9s Manuel L\u00f3pez Obrador abstenerse de realizar manifestaciones que pudieran influir en la consulta de revocaci\u00f3n [&hellip;]","og_url":"https:\/\/fuentesfidedignas.com.mx\/index.php\/2021\/12\/08\/ine-ordena-a-amlo-no-emitir-comentarios-sobre-revocacion-de-mandato\/","og_site_name":"Fuentes Fidedignas","article_publisher":"https:\/\/www.facebook.com\/Fuentes-Fidedignas-368234489921644","article_published_time":"2021-12-09T00:06:42+00:00","article_modified_time":"2021-12-09T00:06:43+00:00","og_image":[{"width":640,"height":360,"url":"https:\/\/fuentesfidedignas.com.mx\/wp-content\/uploads\/2021\/12\/amlo-1-dic-zocalo-640x360-1.jpg","type":"image\/jpeg"}],"author":"Forbes","twitter_card":"summary_large_image","twitter_creator":"@fidedignas","twitter_site":"@fidedignas","twitter_misc":{"Escrito por":"Forbes","Tiempo de lectura":"2 minutos"},"schema":{"@context":"https:\/\/schema.org","@graph":[{"@type":"Article","@id":"https:\/\/fuentesfidedignas.com.mx\/index.php\/2021\/12\/08\/ine-ordena-a-amlo-no-emitir-comentarios-sobre-revocacion-de-mandato\/#article","isPartOf":{"@id":"https:\/\/fuentesfidedignas.com.mx\/index.php\/2021\/12\/08\/ine-ordena-a-amlo-no-emitir-comentarios-sobre-revocacion-de-mandato\/"},"author":{"name":"Forbes","@id":"https:\/\/fuentesfidedignas.com.mx\/#\/schema\/person\/5623d53fe2e579d825b1679734abcc44"},"headline":"INE ordena a AMLO no emitir comentarios sobre revocaci\u00f3n de mandato","datePublished":"2021-12-09T00:06:42+00:00","dateModified":"2021-12-09T00:06:43+00:00","mainEntityOfPage":{"@id":"https:\/\/fuentesfidedignas.com.mx\/index.php\/2021\/12\/08\/ine-ordena-a-amlo-no-emitir-comentarios-sobre-revocacion-de-mandato\/"},"wordCount":287,"commentCount":0,"publisher":{"@id":"https:\/\/fuentesfidedignas.com.mx\/#organization"},"image":{"@id":"https:\/\/fuentesfidedignas.com.mx\/index.php\/2021\/12\/08\/ine-ordena-a-amlo-no-emitir-comentarios-sobre-revocacion-de-mandato\/#primaryimage"},"thumbnailUrl":"https:\/\/fuentesfidedignas.com.mx\/wp-content\/uploads\/2021\/12\/amlo-1-dic-zocalo-640x360-1.jpg","keywords":["AMLO","Andr\u00e9s Manuel L\u00f3pez Obrador","INE","Instituto Nacional Electoral","Revocaci\u00f3n de mandato"],"articleSection":["NOTICIAS NACIONALES"],"inLanguage":"es","potentialAction":[{"@type":"CommentAction","name":"Comment","target":["https:\/\/fuentesfidedignas.com.mx\/index.php\/2021\/12\/08\/ine-ordena-a-amlo-no-emitir-comentarios-sobre-revocacion-de-mandato\/#respond"]}]},{"@type":"WebPage","@id":"https:\/\/fuentesfidedignas.com.mx\/index.php\/2021\/12\/08\/ine-ordena-a-amlo-no-emitir-comentarios-sobre-revocacion-de-mandato\/","url":"https:\/\/fuentesfidedignas.com.mx\/index.php\/2021\/12\/08\/ine-ordena-a-amlo-no-emitir-comentarios-sobre-revocacion-de-mandato\/","name":"INE ordena a AMLO no emitir comentarios sobre revocaci\u00f3n de mandato - Fuentes Fidedignas","isPartOf":{"@id":"https:\/\/fuentesfidedignas.com.mx\/#website"},"primaryImageOfPage":{"@id":"https:\/\/fuentesfidedignas.com.mx\/index.php\/2021\/12\/08\/ine-ordena-a-amlo-no-emitir-comentarios-sobre-revocacion-de-mandato\/#primaryimage"},"image":{"@id":"https:\/\/fuentesfidedignas.com.mx\/index.php\/2021\/12\/08\/ine-ordena-a-amlo-no-emitir-comentarios-sobre-revocacion-de-mandato\/#primaryimage"},"thumbnailUrl":"https:\/\/fuentesfidedignas.com.mx\/wp-content\/uploads\/2021\/12\/amlo-1-dic-zocalo-640x360-1.jpg","datePublished":"2021-12-09T00:06:42+00:00","dateModified":"2021-12-09T00:06:43+00:00","breadcrumb":{"@id":"https:\/\/fuentesfidedignas.com.mx\/index.php\/2021\/12\/08\/ine-ordena-a-amlo-no-emitir-comentarios-sobre-revocacion-de-mandato\/#breadcrumb"},"inLanguage":"es","potentialAction":[{"@type":"ReadAction","target":["https:\/\/fuentesfidedignas.com.mx\/index.php\/2021\/12\/08\/ine-ordena-a-amlo-no-emitir-comentarios-sobre-revocacion-de-mandato\/"]}]},{"@type":"ImageObject","inLanguage":"es","@id":"https:\/\/fuentesfidedignas.com.mx\/index.php\/2021\/12\/08\/ine-ordena-a-amlo-no-emitir-comentarios-sobre-revocacion-de-mandato\/#primaryimage","url":"https:\/\/fuentesfidedignas.com.mx\/wp-content\/uploads\/2021\/12\/amlo-1-dic-zocalo-640x360-1.jpg","contentUrl":"https:\/\/fuentesfidedignas.com.mx\/wp-content\/uploads\/2021\/12\/amlo-1-dic-zocalo-640x360-1.jpg","width":640,"height":360},{"@type":"BreadcrumbList","@id":"https:\/\/fuentesfidedignas.com.mx\/index.php\/2021\/12\/08\/ine-ordena-a-amlo-no-emitir-comentarios-sobre-revocacion-de-mandato\/#breadcrumb","itemListElement":[{"@type":"ListItem","position":1,"name":"Inicio","item":"https:\/\/fuentesfidedignas.com.mx\/"},{"@type":"ListItem","position":2,"name":"INE ordena a AMLO no emitir comentarios sobre revocaci\u00f3n de mandato"}]},{"@type":"WebSite","@id":"https:\/\/fuentesfidedignas.com.mx\/#website","url":"https:\/\/fuentesfidedignas.com.mx\/","name":"Fuentes Fidedignas","description":"Otro sitio realizado con WordPress","publisher":{"@id":"https:\/\/fuentesfidedignas.com.mx\/#organization"},"potentialAction":[{"@type":"SearchAction","target":{"@type":"EntryPoint","urlTemplate":"https:\/\/fuentesfidedignas.com.mx\/?s={search_term_string}"},"query-input":{"@type":"PropertyValueSpecification","valueRequired":true,"valueName":"search_term_string"}}],"inLanguage":"es"},{"@type":"Organization","@id":"https:\/\/fuentesfidedignas.com.mx\/#organization","name":"Fuentes Fidedignas","url":"https:\/\/fuentesfidedignas.com.mx\/","logo":{"@type":"ImageObject","inLanguage":"es","@id":"https:\/\/fuentesfidedignas.com.mx\/#\/schema\/logo\/image\/","url":"https:\/\/fuentesfidedignas.com.mx\/wp-content\/uploads\/2021\/04\/logo-retina.png","contentUrl":"https:\/\/fuentesfidedignas.com.mx\/wp-content\/uploads\/2021\/04\/logo-retina.png","width":280,"height":51,"caption":"Fuentes Fidedignas"},"image":{"@id":"https:\/\/fuentesfidedignas.com.mx\/#\/schema\/logo\/image\/"},"sameAs":["https:\/\/www.facebook.com\/Fuentes-Fidedignas-368234489921644","https:\/\/x.com\/fidedignas"]},{"@type":"Person","@id":"https:\/\/fuentesfidedignas.com.mx\/#\/schema\/person\/5623d53fe2e579d825b1679734abcc44","name":"Forbes","image":{"@type":"ImageObject","inLanguage":"es","@id":"https:\/\/secure.gravatar.com\/avatar\/87ce3dd4e41e60c22a79c758614f01a6bc2469255fc936ec7b15efb9bb5cb66f?s=96&d=mm&r=g","url":"https:\/\/secure.gravatar.com\/avatar\/87ce3dd4e41e60c22a79c758614f01a6bc2469255fc936ec7b15efb9bb5cb66f?s=96&d=mm&r=g","contentUrl":"https:\/\/secure.gravatar.com\/avatar\/87ce3dd4e41e60c22a79c758614f01a6bc2469255fc936ec7b15efb9bb5cb66f?s=96&d=mm&r=g","caption":"Forbes"},"url":"https:\/\/fuentesfidedignas.com.mx\/index.php\/author\/forbes\/"}]}},"_links":{"self":[{"href":"https:\/\/fuentesfidedignas.com.mx\/index.php\/wp-json\/wp\/v2\/posts\/19393","targetHints":{"allow":["GET"]}}],"collection":[{"href":"https:\/\/fuentesfidedignas.com.mx\/index.php\/wp-json\/wp\/v2\/posts"}],"about":[{"href":"https:\/\/fuentesfidedignas.com.mx\/index.php\/wp-json\/wp\/v2\/types\/post"}],"author":[{"embeddable":true,"href":"https:\/\/fuentesfidedignas.com.mx\/index.php\/wp-json\/wp\/v2\/users\/5"}],"replies":[{"embeddable":true,"href":"https:\/\/fuentesfidedignas.com.mx\/index.php\/wp-json\/wp\/v2\/comments?post=19393"}],"version-history":[{"count":1,"href":"https:\/\/fuentesfidedignas.com.mx\/index.php\/wp-json\/wp\/v2\/posts\/19393\/revisions"}],"predecessor-version":[{"id":19395,"href":"https:\/\/fuentesfidedignas.com.mx\/index.php\/wp-json\/wp\/v2\/posts\/19393\/revisions\/19395"}],"wp:featuredmedia":[{"embeddable":true,"href":"https:\/\/fuentesfidedignas.com.mx\/index.php\/wp-json\/wp\/v2\/media\/19394"}],"wp:attachment":[{"href":"https:\/\/fuentesfidedignas.com.mx\/index.php\/wp-json\/wp\/v2\/media?parent=19393"}],"wp:term":[{"taxonomy":"category","embeddable":true,"href":"https:\/\/fuentesfidedignas.com.mx\/index.php\/wp-json\/wp\/v2\/categories?post=19393"},{"taxonomy":"post_tag","embeddable":true,"href":"https:\/\/fuentesfidedignas.com.mx\/index.php\/wp-json\/wp\/v2\/tags?post=19393"}],"curies":[{"name":"wp","href":"https:\/\/api.w.org\/{rel}","templated":true}]}}