{"id":19334,"date":"2021-12-07T17:07:32","date_gmt":"2021-12-08T00:07:32","guid":{"rendered":"https:\/\/fuentesfidedignas.com.mx\/?p=19334"},"modified":"2021-12-07T17:07:33","modified_gmt":"2021-12-08T00:07:33","slug":"ine-impugna-ante-la-scjn-recorte-de-4-9-mil-mdp-a-presupuesto-de-2022","status":"publish","type":"post","link":"https:\/\/fuentesfidedignas.com.mx\/index.php\/2021\/12\/07\/ine-impugna-ante-la-scjn-recorte-de-4-9-mil-mdp-a-presupuesto-de-2022\/","title":{"rendered":"INE impugna ante la SCJN recorte de 4.9 mil mdp a presupuesto de 2022"},"content":{"rendered":"\n<p><strong><em>El organismo electoral dijo que la C\u00e1mara de Diputados lo dej\u00f3 sin los fondos necesarios para cumplir con la organizaci\u00f3n de la revocaci\u00f3n de mandato de AMLO.<\/em><\/strong><\/p>\n\n\n\n<p>Ciudad de M\u00e9xico.- El Instituto Nacional Electoral (INE) interpuso una controversia constitucional ante la Suprema Corte de Justicia de la Naci\u00f3n (SCJN) en contra del Presupuesto de Egresos de la Federaci\u00f3n 2022, en el que le recortan 4,913 millones de pesos al presupuesto en comparaci\u00f3n a lo que solicit\u00f3 el \u00f3rgano electoral.<\/p>\n\n\n\n<p>\u201cEl recorte determinado por el Legislativo, que careci\u00f3 de motivaci\u00f3n o justificaci\u00f3n alguna en el decreto presupuestal, impide el ejercicio pleno de las atribuciones constitucionales a las que est\u00e1 obligada la autoridad electoral, en particular, la realizaci\u00f3n de un eventual proceso de revocaci\u00f3n de mandato que, en caso de ser solicitado por la ciudadan\u00eda, requiere de 3,830 millones de pesos para llevarse a cabo\u201d, dijo en comunicado.<\/p>\n\n\n\n<p>El organismo electoral se\u00f1al\u00f3 que con el recorte, la C\u00e1mara de Diputados lo dej\u00f3 sin fondos para cumplir con la revocaci\u00f3n de mandato que se realizar\u00e1 en abril del pr\u00f3ximo a\u00f1o, donde se determinar\u00e1 si el presidente Andr\u00e9s Manuel L\u00f3pez Obrador finaliza su administraci\u00f3n en 2024 o en 2021.<\/p>\n\n\n\n<p>El organismo encabezado por Lorenzo C\u00f3rdova explic\u00f3 que al elaborar su propuesta presupuestaria contempl\u00f3 los recursos para la revocaci\u00f3n de mandato y para una probable consulta popular; ello atendiendo lo que resolvi\u00f3 la Suprema Corte de Justicia de la Naci\u00f3n (SCJN), sobre que la autoridad electoral ten\u00eda la \u201cobligaci\u00f3n de prever\u201d los recursos suficientes para este tipo de ejercicios de participaci\u00f3n ciudadana contemplados en el art\u00edculo 35 de la Constituci\u00f3n.<\/p>\n\n\n\n<p>\u201cAl no haber sido otorgados por el Legislativo los mencionados recursos y al haberse aplicado un recorte que excede en mucho la solicitud presupuestal formulada, el INE consider\u00f3 procedente someter a consideraci\u00f3n de la SCJN que ordene a la C\u00e1mara de Diputados proveer al Instituto de los recursos necesarios para organizar, eventualmente, la Revocaci\u00f3n de Mandato\u201d, se\u00f1al\u00f3.<\/p>\n\n\n\n<p>El INE se\u00f1al\u00f3 que al no contar con dicho presupuesto, no est\u00e1 en condiciones de cumplir sus funciones como la mandata la Constituci\u00f3n y la ley para realizar la revocaci\u00f3n de mandato; adem\u00e1s, asegur\u00f3 que con el recorte presupuestal se violan sus garant\u00edas institucionales otorgadas por la Carta Magna y, con ello, el ejercicio de los derechos humanos pol\u00edtico-electorales de la ciudadan\u00eda.<\/p>\n\n\n\n<p>\u201cEl INE reitera que tiene toda la disposici\u00f3n y cuenta con toda la experiencia necesaria para llevar a cabo, como es debido, este ejercicio de participaci\u00f3n ciudadana. Asimismo, manifiesta su confianza en las instituciones de justicia de este pa\u00eds y subraya que, para el cabal cumplimiento de sus obligaciones constitucionales, el INE debe contar con suficiencia presupuestaria que garantice los principios constitucionales de legalidad y certeza\u201d, finaliz\u00f3.<\/p>\n","protected":false},"excerpt":{"rendered":"<p>El organismo electoral dijo que la C\u00e1mara de Diputados lo dej\u00f3 sin los fondos necesarios para cumplir con la organizaci\u00f3n de la revocaci\u00f3n de mandato de AMLO. Ciudad de M\u00e9xico.- El Instituto Nacional Electoral (INE) interpuso una controversia constitucional ante la Suprema Corte de Justicia de la Naci\u00f3n (SCJN) en contra del Presupuesto de Egresos [&hellip;]<\/p>\n","protected":false},"author":5,"featured_media":19335,"comment_status":"open","ping_status":"open","sticky":false,"template":"","format":"standard","meta":{"tdm_status":"","tdm_grid_status":"","footnotes":""},"categories":[39],"tags":[264,263,772,771],"class_list":{"0":"post-19334","1":"post","2":"type-post","3":"status-publish","4":"format-standard","5":"has-post-thumbnail","7":"category-noticias-nacionales","8":"tag-ine","9":"tag-instituto-nacional-electoral","10":"tag-scjn","11":"tag-suprema-corte-de-justicia-de-la-nacion"},"yoast_head":"<!-- This site is optimized with the Yoast SEO plugin v27.5 - https:\/\/yoast.com\/product\/yoast-seo-wordpress\/ -->\n<title>INE impugna ante la SCJN recorte de 4.9 mil mdp a presupuesto de 2022 - Fuentes Fidedignas<\/title>\n<meta name=\"robots\" content=\"index, follow, max-snippet:-1, max-image-preview:large, max-video-preview:-1\" \/>\n<link rel=\"canonical\" href=\"https:\/\/fuentesfidedignas.com.mx\/index.php\/2021\/12\/07\/ine-impugna-ante-la-scjn-recorte-de-4-9-mil-mdp-a-presupuesto-de-2022\/\" \/>\n<meta property=\"og:locale\" content=\"es_MX\" \/>\n<meta property=\"og:type\" content=\"article\" \/>\n<meta property=\"og:title\" content=\"INE impugna ante la SCJN recorte de 4.9 mil mdp a presupuesto de 2022 - Fuentes Fidedignas\" \/>\n<meta property=\"og:description\" content=\"El organismo electoral dijo que la C\u00e1mara de Diputados lo dej\u00f3 sin los fondos necesarios para cumplir con la organizaci\u00f3n de la revocaci\u00f3n de mandato de AMLO. Ciudad de M\u00e9xico.- El Instituto Nacional Electoral (INE) interpuso una controversia constitucional ante la Suprema Corte de Justicia de la Naci\u00f3n (SCJN) en contra del Presupuesto de Egresos [&hellip;]\" \/>\n<meta property=\"og:url\" content=\"https:\/\/fuentesfidedignas.com.mx\/index.php\/2021\/12\/07\/ine-impugna-ante-la-scjn-recorte-de-4-9-mil-mdp-a-presupuesto-de-2022\/\" \/>\n<meta property=\"og:site_name\" content=\"Fuentes Fidedignas\" \/>\n<meta property=\"article:publisher\" content=\"https:\/\/www.facebook.com\/Fuentes-Fidedignas-368234489921644\" \/>\n<meta property=\"article:published_time\" content=\"2021-12-08T00:07:32+00:00\" \/>\n<meta property=\"article:modified_time\" content=\"2021-12-08T00:07:33+00:00\" \/>\n<meta property=\"og:image\" content=\"https:\/\/fuentesfidedignas.com.mx\/wp-content\/uploads\/2021\/12\/Unknown-e1633676192807-640x360-1.jpeg\" \/>\n\t<meta property=\"og:image:width\" content=\"640\" \/>\n\t<meta property=\"og:image:height\" content=\"360\" \/>\n\t<meta property=\"og:image:type\" content=\"image\/jpeg\" \/>\n<meta name=\"author\" content=\"Forbes\" \/>\n<meta name=\"twitter:card\" content=\"summary_large_image\" \/>\n<meta name=\"twitter:creator\" content=\"@fidedignas\" \/>\n<meta name=\"twitter:site\" content=\"@fidedignas\" \/>\n<meta name=\"twitter:label1\" content=\"Escrito por\" \/>\n\t<meta name=\"twitter:data1\" content=\"Forbes\" \/>\n\t<meta name=\"twitter:label2\" content=\"Tiempo de lectura\" \/>\n\t<meta name=\"twitter:data2\" content=\"2 minutos\" \/>\n<script type=\"application\/ld+json\" class=\"yoast-schema-graph\">{\"@context\":\"https:\\\/\\\/schema.org\",\"@graph\":[{\"@type\":\"Article\",\"@id\":\"https:\\\/\\\/fuentesfidedignas.com.mx\\\/index.php\\\/2021\\\/12\\\/07\\\/ine-impugna-ante-la-scjn-recorte-de-4-9-mil-mdp-a-presupuesto-de-2022\\\/#article\",\"isPartOf\":{\"@id\":\"https:\\\/\\\/fuentesfidedignas.com.mx\\\/index.php\\\/2021\\\/12\\\/07\\\/ine-impugna-ante-la-scjn-recorte-de-4-9-mil-mdp-a-presupuesto-de-2022\\\/\"},\"author\":{\"name\":\"Forbes\",\"@id\":\"https:\\\/\\\/fuentesfidedignas.com.mx\\\/#\\\/schema\\\/person\\\/5623d53fe2e579d825b1679734abcc44\"},\"headline\":\"INE impugna ante la SCJN recorte de 4.9 mil mdp a presupuesto de 2022\",\"datePublished\":\"2021-12-08T00:07:32+00:00\",\"dateModified\":\"2021-12-08T00:07:33+00:00\",\"mainEntityOfPage\":{\"@id\":\"https:\\\/\\\/fuentesfidedignas.com.mx\\\/index.php\\\/2021\\\/12\\\/07\\\/ine-impugna-ante-la-scjn-recorte-de-4-9-mil-mdp-a-presupuesto-de-2022\\\/\"},\"wordCount\":500,\"commentCount\":0,\"publisher\":{\"@id\":\"https:\\\/\\\/fuentesfidedignas.com.mx\\\/#organization\"},\"image\":{\"@id\":\"https:\\\/\\\/fuentesfidedignas.com.mx\\\/index.php\\\/2021\\\/12\\\/07\\\/ine-impugna-ante-la-scjn-recorte-de-4-9-mil-mdp-a-presupuesto-de-2022\\\/#primaryimage\"},\"thumbnailUrl\":\"https:\\\/\\\/fuentesfidedignas.com.mx\\\/wp-content\\\/uploads\\\/2021\\\/12\\\/Unknown-e1633676192807-640x360-1.jpeg\",\"keywords\":[\"INE\",\"Instituto Nacional Electoral\",\"SCJN\",\"Suprema Corte de Justicia de la Naci\u00f3n\"],\"articleSection\":[\"NOTICIAS NACIONALES\"],\"inLanguage\":\"es\",\"potentialAction\":[{\"@type\":\"CommentAction\",\"name\":\"Comment\",\"target\":[\"https:\\\/\\\/fuentesfidedignas.com.mx\\\/index.php\\\/2021\\\/12\\\/07\\\/ine-impugna-ante-la-scjn-recorte-de-4-9-mil-mdp-a-presupuesto-de-2022\\\/#respond\"]}]},{\"@type\":\"WebPage\",\"@id\":\"https:\\\/\\\/fuentesfidedignas.com.mx\\\/index.php\\\/2021\\\/12\\\/07\\\/ine-impugna-ante-la-scjn-recorte-de-4-9-mil-mdp-a-presupuesto-de-2022\\\/\",\"url\":\"https:\\\/\\\/fuentesfidedignas.com.mx\\\/index.php\\\/2021\\\/12\\\/07\\\/ine-impugna-ante-la-scjn-recorte-de-4-9-mil-mdp-a-presupuesto-de-2022\\\/\",\"name\":\"INE impugna ante la SCJN recorte de 4.9 mil mdp a presupuesto de 2022 - Fuentes Fidedignas\",\"isPartOf\":{\"@id\":\"https:\\\/\\\/fuentesfidedignas.com.mx\\\/#website\"},\"primaryImageOfPage\":{\"@id\":\"https:\\\/\\\/fuentesfidedignas.com.mx\\\/index.php\\\/2021\\\/12\\\/07\\\/ine-impugna-ante-la-scjn-recorte-de-4-9-mil-mdp-a-presupuesto-de-2022\\\/#primaryimage\"},\"image\":{\"@id\":\"https:\\\/\\\/fuentesfidedignas.com.mx\\\/index.php\\\/2021\\\/12\\\/07\\\/ine-impugna-ante-la-scjn-recorte-de-4-9-mil-mdp-a-presupuesto-de-2022\\\/#primaryimage\"},\"thumbnailUrl\":\"https:\\\/\\\/fuentesfidedignas.com.mx\\\/wp-content\\\/uploads\\\/2021\\\/12\\\/Unknown-e1633676192807-640x360-1.jpeg\",\"datePublished\":\"2021-12-08T00:07:32+00:00\",\"dateModified\":\"2021-12-08T00:07:33+00:00\",\"breadcrumb\":{\"@id\":\"https:\\\/\\\/fuentesfidedignas.com.mx\\\/index.php\\\/2021\\\/12\\\/07\\\/ine-impugna-ante-la-scjn-recorte-de-4-9-mil-mdp-a-presupuesto-de-2022\\\/#breadcrumb\"},\"inLanguage\":\"es\",\"potentialAction\":[{\"@type\":\"ReadAction\",\"target\":[\"https:\\\/\\\/fuentesfidedignas.com.mx\\\/index.php\\\/2021\\\/12\\\/07\\\/ine-impugna-ante-la-scjn-recorte-de-4-9-mil-mdp-a-presupuesto-de-2022\\\/\"]}]},{\"@type\":\"ImageObject\",\"inLanguage\":\"es\",\"@id\":\"https:\\\/\\\/fuentesfidedignas.com.mx\\\/index.php\\\/2021\\\/12\\\/07\\\/ine-impugna-ante-la-scjn-recorte-de-4-9-mil-mdp-a-presupuesto-de-2022\\\/#primaryimage\",\"url\":\"https:\\\/\\\/fuentesfidedignas.com.mx\\\/wp-content\\\/uploads\\\/2021\\\/12\\\/Unknown-e1633676192807-640x360-1.jpeg\",\"contentUrl\":\"https:\\\/\\\/fuentesfidedignas.com.mx\\\/wp-content\\\/uploads\\\/2021\\\/12\\\/Unknown-e1633676192807-640x360-1.jpeg\",\"width\":640,\"height\":360},{\"@type\":\"BreadcrumbList\",\"@id\":\"https:\\\/\\\/fuentesfidedignas.com.mx\\\/index.php\\\/2021\\\/12\\\/07\\\/ine-impugna-ante-la-scjn-recorte-de-4-9-mil-mdp-a-presupuesto-de-2022\\\/#breadcrumb\",\"itemListElement\":[{\"@type\":\"ListItem\",\"position\":1,\"name\":\"Inicio\",\"item\":\"https:\\\/\\\/fuentesfidedignas.com.mx\\\/\"},{\"@type\":\"ListItem\",\"position\":2,\"name\":\"INE impugna ante la SCJN recorte de 4.9 mil mdp a presupuesto de 2022\"}]},{\"@type\":\"WebSite\",\"@id\":\"https:\\\/\\\/fuentesfidedignas.com.mx\\\/#website\",\"url\":\"https:\\\/\\\/fuentesfidedignas.com.mx\\\/\",\"name\":\"Fuentes Fidedignas\",\"description\":\"Otro sitio realizado con WordPress\",\"publisher\":{\"@id\":\"https:\\\/\\\/fuentesfidedignas.com.mx\\\/#organization\"},\"potentialAction\":[{\"@type\":\"SearchAction\",\"target\":{\"@type\":\"EntryPoint\",\"urlTemplate\":\"https:\\\/\\\/fuentesfidedignas.com.mx\\\/?s={search_term_string}\"},\"query-input\":{\"@type\":\"PropertyValueSpecification\",\"valueRequired\":true,\"valueName\":\"search_term_string\"}}],\"inLanguage\":\"es\"},{\"@type\":\"Organization\",\"@id\":\"https:\\\/\\\/fuentesfidedignas.com.mx\\\/#organization\",\"name\":\"Fuentes Fidedignas\",\"url\":\"https:\\\/\\\/fuentesfidedignas.com.mx\\\/\",\"logo\":{\"@type\":\"ImageObject\",\"inLanguage\":\"es\",\"@id\":\"https:\\\/\\\/fuentesfidedignas.com.mx\\\/#\\\/schema\\\/logo\\\/image\\\/\",\"url\":\"https:\\\/\\\/fuentesfidedignas.com.mx\\\/wp-content\\\/uploads\\\/2021\\\/04\\\/logo-retina.png\",\"contentUrl\":\"https:\\\/\\\/fuentesfidedignas.com.mx\\\/wp-content\\\/uploads\\\/2021\\\/04\\\/logo-retina.png\",\"width\":280,\"height\":51,\"caption\":\"Fuentes Fidedignas\"},\"image\":{\"@id\":\"https:\\\/\\\/fuentesfidedignas.com.mx\\\/#\\\/schema\\\/logo\\\/image\\\/\"},\"sameAs\":[\"https:\\\/\\\/www.facebook.com\\\/Fuentes-Fidedignas-368234489921644\",\"https:\\\/\\\/x.com\\\/fidedignas\"]},{\"@type\":\"Person\",\"@id\":\"https:\\\/\\\/fuentesfidedignas.com.mx\\\/#\\\/schema\\\/person\\\/5623d53fe2e579d825b1679734abcc44\",\"name\":\"Forbes\",\"image\":{\"@type\":\"ImageObject\",\"inLanguage\":\"es\",\"@id\":\"https:\\\/\\\/secure.gravatar.com\\\/avatar\\\/87ce3dd4e41e60c22a79c758614f01a6bc2469255fc936ec7b15efb9bb5cb66f?s=96&d=mm&r=g\",\"url\":\"https:\\\/\\\/secure.gravatar.com\\\/avatar\\\/87ce3dd4e41e60c22a79c758614f01a6bc2469255fc936ec7b15efb9bb5cb66f?s=96&d=mm&r=g\",\"contentUrl\":\"https:\\\/\\\/secure.gravatar.com\\\/avatar\\\/87ce3dd4e41e60c22a79c758614f01a6bc2469255fc936ec7b15efb9bb5cb66f?s=96&d=mm&r=g\",\"caption\":\"Forbes\"},\"url\":\"https:\\\/\\\/fuentesfidedignas.com.mx\\\/index.php\\\/author\\\/forbes\\\/\"}]}<\/script>\n<!-- \/ Yoast SEO plugin. -->","yoast_head_json":{"title":"INE impugna ante la SCJN recorte de 4.9 mil mdp a presupuesto de 2022 - Fuentes Fidedignas","robots":{"index":"index","follow":"follow","max-snippet":"max-snippet:-1","max-image-preview":"max-image-preview:large","max-video-preview":"max-video-preview:-1"},"canonical":"https:\/\/fuentesfidedignas.com.mx\/index.php\/2021\/12\/07\/ine-impugna-ante-la-scjn-recorte-de-4-9-mil-mdp-a-presupuesto-de-2022\/","og_locale":"es_MX","og_type":"article","og_title":"INE impugna ante la SCJN recorte de 4.9 mil mdp a presupuesto de 2022 - Fuentes Fidedignas","og_description":"El organismo electoral dijo que la C\u00e1mara de Diputados lo dej\u00f3 sin los fondos necesarios para cumplir con la organizaci\u00f3n de la revocaci\u00f3n de mandato de AMLO. Ciudad de M\u00e9xico.- El Instituto Nacional Electoral (INE) interpuso una controversia constitucional ante la Suprema Corte de Justicia de la Naci\u00f3n (SCJN) en contra del Presupuesto de Egresos [&hellip;]","og_url":"https:\/\/fuentesfidedignas.com.mx\/index.php\/2021\/12\/07\/ine-impugna-ante-la-scjn-recorte-de-4-9-mil-mdp-a-presupuesto-de-2022\/","og_site_name":"Fuentes Fidedignas","article_publisher":"https:\/\/www.facebook.com\/Fuentes-Fidedignas-368234489921644","article_published_time":"2021-12-08T00:07:32+00:00","article_modified_time":"2021-12-08T00:07:33+00:00","og_image":[{"width":640,"height":360,"url":"https:\/\/fuentesfidedignas.com.mx\/wp-content\/uploads\/2021\/12\/Unknown-e1633676192807-640x360-1.jpeg","type":"image\/jpeg"}],"author":"Forbes","twitter_card":"summary_large_image","twitter_creator":"@fidedignas","twitter_site":"@fidedignas","twitter_misc":{"Escrito por":"Forbes","Tiempo de lectura":"2 minutos"},"schema":{"@context":"https:\/\/schema.org","@graph":[{"@type":"Article","@id":"https:\/\/fuentesfidedignas.com.mx\/index.php\/2021\/12\/07\/ine-impugna-ante-la-scjn-recorte-de-4-9-mil-mdp-a-presupuesto-de-2022\/#article","isPartOf":{"@id":"https:\/\/fuentesfidedignas.com.mx\/index.php\/2021\/12\/07\/ine-impugna-ante-la-scjn-recorte-de-4-9-mil-mdp-a-presupuesto-de-2022\/"},"author":{"name":"Forbes","@id":"https:\/\/fuentesfidedignas.com.mx\/#\/schema\/person\/5623d53fe2e579d825b1679734abcc44"},"headline":"INE impugna ante la SCJN recorte de 4.9 mil mdp a presupuesto de 2022","datePublished":"2021-12-08T00:07:32+00:00","dateModified":"2021-12-08T00:07:33+00:00","mainEntityOfPage":{"@id":"https:\/\/fuentesfidedignas.com.mx\/index.php\/2021\/12\/07\/ine-impugna-ante-la-scjn-recorte-de-4-9-mil-mdp-a-presupuesto-de-2022\/"},"wordCount":500,"commentCount":0,"publisher":{"@id":"https:\/\/fuentesfidedignas.com.mx\/#organization"},"image":{"@id":"https:\/\/fuentesfidedignas.com.mx\/index.php\/2021\/12\/07\/ine-impugna-ante-la-scjn-recorte-de-4-9-mil-mdp-a-presupuesto-de-2022\/#primaryimage"},"thumbnailUrl":"https:\/\/fuentesfidedignas.com.mx\/wp-content\/uploads\/2021\/12\/Unknown-e1633676192807-640x360-1.jpeg","keywords":["INE","Instituto Nacional Electoral","SCJN","Suprema Corte de Justicia de la Naci\u00f3n"],"articleSection":["NOTICIAS NACIONALES"],"inLanguage":"es","potentialAction":[{"@type":"CommentAction","name":"Comment","target":["https:\/\/fuentesfidedignas.com.mx\/index.php\/2021\/12\/07\/ine-impugna-ante-la-scjn-recorte-de-4-9-mil-mdp-a-presupuesto-de-2022\/#respond"]}]},{"@type":"WebPage","@id":"https:\/\/fuentesfidedignas.com.mx\/index.php\/2021\/12\/07\/ine-impugna-ante-la-scjn-recorte-de-4-9-mil-mdp-a-presupuesto-de-2022\/","url":"https:\/\/fuentesfidedignas.com.mx\/index.php\/2021\/12\/07\/ine-impugna-ante-la-scjn-recorte-de-4-9-mil-mdp-a-presupuesto-de-2022\/","name":"INE impugna ante la SCJN recorte de 4.9 mil mdp a presupuesto de 2022 - Fuentes Fidedignas","isPartOf":{"@id":"https:\/\/fuentesfidedignas.com.mx\/#website"},"primaryImageOfPage":{"@id":"https:\/\/fuentesfidedignas.com.mx\/index.php\/2021\/12\/07\/ine-impugna-ante-la-scjn-recorte-de-4-9-mil-mdp-a-presupuesto-de-2022\/#primaryimage"},"image":{"@id":"https:\/\/fuentesfidedignas.com.mx\/index.php\/2021\/12\/07\/ine-impugna-ante-la-scjn-recorte-de-4-9-mil-mdp-a-presupuesto-de-2022\/#primaryimage"},"thumbnailUrl":"https:\/\/fuentesfidedignas.com.mx\/wp-content\/uploads\/2021\/12\/Unknown-e1633676192807-640x360-1.jpeg","datePublished":"2021-12-08T00:07:32+00:00","dateModified":"2021-12-08T00:07:33+00:00","breadcrumb":{"@id":"https:\/\/fuentesfidedignas.com.mx\/index.php\/2021\/12\/07\/ine-impugna-ante-la-scjn-recorte-de-4-9-mil-mdp-a-presupuesto-de-2022\/#breadcrumb"},"inLanguage":"es","potentialAction":[{"@type":"ReadAction","target":["https:\/\/fuentesfidedignas.com.mx\/index.php\/2021\/12\/07\/ine-impugna-ante-la-scjn-recorte-de-4-9-mil-mdp-a-presupuesto-de-2022\/"]}]},{"@type":"ImageObject","inLanguage":"es","@id":"https:\/\/fuentesfidedignas.com.mx\/index.php\/2021\/12\/07\/ine-impugna-ante-la-scjn-recorte-de-4-9-mil-mdp-a-presupuesto-de-2022\/#primaryimage","url":"https:\/\/fuentesfidedignas.com.mx\/wp-content\/uploads\/2021\/12\/Unknown-e1633676192807-640x360-1.jpeg","contentUrl":"https:\/\/fuentesfidedignas.com.mx\/wp-content\/uploads\/2021\/12\/Unknown-e1633676192807-640x360-1.jpeg","width":640,"height":360},{"@type":"BreadcrumbList","@id":"https:\/\/fuentesfidedignas.com.mx\/index.php\/2021\/12\/07\/ine-impugna-ante-la-scjn-recorte-de-4-9-mil-mdp-a-presupuesto-de-2022\/#breadcrumb","itemListElement":[{"@type":"ListItem","position":1,"name":"Inicio","item":"https:\/\/fuentesfidedignas.com.mx\/"},{"@type":"ListItem","position":2,"name":"INE impugna ante la SCJN recorte de 4.9 mil mdp a presupuesto de 2022"}]},{"@type":"WebSite","@id":"https:\/\/fuentesfidedignas.com.mx\/#website","url":"https:\/\/fuentesfidedignas.com.mx\/","name":"Fuentes Fidedignas","description":"Otro sitio realizado con WordPress","publisher":{"@id":"https:\/\/fuentesfidedignas.com.mx\/#organization"},"potentialAction":[{"@type":"SearchAction","target":{"@type":"EntryPoint","urlTemplate":"https:\/\/fuentesfidedignas.com.mx\/?s={search_term_string}"},"query-input":{"@type":"PropertyValueSpecification","valueRequired":true,"valueName":"search_term_string"}}],"inLanguage":"es"},{"@type":"Organization","@id":"https:\/\/fuentesfidedignas.com.mx\/#organization","name":"Fuentes Fidedignas","url":"https:\/\/fuentesfidedignas.com.mx\/","logo":{"@type":"ImageObject","inLanguage":"es","@id":"https:\/\/fuentesfidedignas.com.mx\/#\/schema\/logo\/image\/","url":"https:\/\/fuentesfidedignas.com.mx\/wp-content\/uploads\/2021\/04\/logo-retina.png","contentUrl":"https:\/\/fuentesfidedignas.com.mx\/wp-content\/uploads\/2021\/04\/logo-retina.png","width":280,"height":51,"caption":"Fuentes Fidedignas"},"image":{"@id":"https:\/\/fuentesfidedignas.com.mx\/#\/schema\/logo\/image\/"},"sameAs":["https:\/\/www.facebook.com\/Fuentes-Fidedignas-368234489921644","https:\/\/x.com\/fidedignas"]},{"@type":"Person","@id":"https:\/\/fuentesfidedignas.com.mx\/#\/schema\/person\/5623d53fe2e579d825b1679734abcc44","name":"Forbes","image":{"@type":"ImageObject","inLanguage":"es","@id":"https:\/\/secure.gravatar.com\/avatar\/87ce3dd4e41e60c22a79c758614f01a6bc2469255fc936ec7b15efb9bb5cb66f?s=96&d=mm&r=g","url":"https:\/\/secure.gravatar.com\/avatar\/87ce3dd4e41e60c22a79c758614f01a6bc2469255fc936ec7b15efb9bb5cb66f?s=96&d=mm&r=g","contentUrl":"https:\/\/secure.gravatar.com\/avatar\/87ce3dd4e41e60c22a79c758614f01a6bc2469255fc936ec7b15efb9bb5cb66f?s=96&d=mm&r=g","caption":"Forbes"},"url":"https:\/\/fuentesfidedignas.com.mx\/index.php\/author\/forbes\/"}]}},"_links":{"self":[{"href":"https:\/\/fuentesfidedignas.com.mx\/index.php\/wp-json\/wp\/v2\/posts\/19334","targetHints":{"allow":["GET"]}}],"collection":[{"href":"https:\/\/fuentesfidedignas.com.mx\/index.php\/wp-json\/wp\/v2\/posts"}],"about":[{"href":"https:\/\/fuentesfidedignas.com.mx\/index.php\/wp-json\/wp\/v2\/types\/post"}],"author":[{"embeddable":true,"href":"https:\/\/fuentesfidedignas.com.mx\/index.php\/wp-json\/wp\/v2\/users\/5"}],"replies":[{"embeddable":true,"href":"https:\/\/fuentesfidedignas.com.mx\/index.php\/wp-json\/wp\/v2\/comments?post=19334"}],"version-history":[{"count":1,"href":"https:\/\/fuentesfidedignas.com.mx\/index.php\/wp-json\/wp\/v2\/posts\/19334\/revisions"}],"predecessor-version":[{"id":19336,"href":"https:\/\/fuentesfidedignas.com.mx\/index.php\/wp-json\/wp\/v2\/posts\/19334\/revisions\/19336"}],"wp:featuredmedia":[{"embeddable":true,"href":"https:\/\/fuentesfidedignas.com.mx\/index.php\/wp-json\/wp\/v2\/media\/19335"}],"wp:attachment":[{"href":"https:\/\/fuentesfidedignas.com.mx\/index.php\/wp-json\/wp\/v2\/media?parent=19334"}],"wp:term":[{"taxonomy":"category","embeddable":true,"href":"https:\/\/fuentesfidedignas.com.mx\/index.php\/wp-json\/wp\/v2\/categories?post=19334"},{"taxonomy":"post_tag","embeddable":true,"href":"https:\/\/fuentesfidedignas.com.mx\/index.php\/wp-json\/wp\/v2\/tags?post=19334"}],"curies":[{"name":"wp","href":"https:\/\/api.w.org\/{rel}","templated":true}]}}