{"id":19302,"date":"2021-12-07T14:20:47","date_gmt":"2021-12-07T21:20:47","guid":{"rendered":"https:\/\/fuentesfidedignas.com.mx\/?p=19302"},"modified":"2021-12-07T14:21:08","modified_gmt":"2021-12-07T21:21:08","slug":"emilio-lozoya-pide-otra-prorroga-de-60-dias-por-casos-odebrecht-y-agronitrogenados","status":"publish","type":"post","link":"https:\/\/fuentesfidedignas.com.mx\/index.php\/2021\/12\/07\/emilio-lozoya-pide-otra-prorroga-de-60-dias-por-casos-odebrecht-y-agronitrogenados\/","title":{"rendered":"Emilio Lozoya pide otra pr\u00f3rroga de 60 d\u00edas por casos Odebrecht y Agronitrogenados"},"content":{"rendered":"\n<p><em><strong>La defensa de Emilio Lozoya solicit\u00f3 una s\u00e9ptima pr\u00f3rroga ara el cierre de la investigaci\u00f3n complementaria por las dos causas contra su cliente; el juez definir\u00e1 ma\u00f1ana si la concede.<\/strong><\/em><\/p>\n\n\n\n<p>Ciudad de M\u00e9xico.- La defensa de Emilio Lozoya solicit\u00f3 una pr\u00f3rroga de 60 d\u00edas para el cierre de la investigaci\u00f3n complementaria para los casos Odebrecht y Agronitrogenados, por lo que el juez determinar\u00e1 en una audiencia ma\u00f1ana si la concede.<\/p>\n\n\n\n<p>El abogado Miguel Ontiveros solicit\u00f3 el plazo adicional, por lo que para tal efecto, al ser una decisi\u00f3n que requiere de audiencia con la presencia de la defensa y la Fiscal\u00eda General de la Rep\u00fablica se cit\u00f3 a audiencia este mi\u00e9rcoles 8 de diciembre a las 10:00 de la ma\u00f1ana el Centro de Justicia Penal Federal con sede en el reclusorio Norte.<\/p>\n\n\n\n<p>Cabe destacar que, por s\u00e9ptima ocasi\u00f3n la defensa del exdirector de Pemex solicta al juez federal que le conceda una nueva pr\u00f3rroga de 60 d\u00edas para reunir pruebas a su favor y, en su caso, tratar de conseguir un acuerdo que impida que sea llevado a juicio por los casos Odebrecht y Agronitrogenados.<\/p>\n\n\n\n<p>El pasado viernes 3 de diciembre se venci\u00f3 la \u00faltima pr\u00f3rroga que el juez Artemio Z\u00fa\u00f1iga concedi\u00f3 para cerrar la investigaci\u00f3n de ambos procesos. Los abogados del exfuncionario federal presentaron un escrito en el que solicitan, otra vez, una ampliaci\u00f3n.<\/p>\n\n\n\n<p>Sin embargo, dado que existe oposici\u00f3n tanto de la FGR como de la Unidad de Inteligencia Financiera (UIF) para que se conceda esta pr\u00f3rroga, el juez ha convocado a todas las partes, incluyendo al propio Lozoya a que comparezcan ma\u00f1ana a una doble audiencia para debatir el asunto.<\/p>\n\n\n\n<p>La primera audiencia relacionada con la causa penal 211\/2019 que corresponde al asunto de Agronitrogenados se llevar\u00e1 a cabo a las 10 de la ma\u00f1ana, mientras que lo relacionado con el proceso de Odebrecht correspondiente a la causa penal 269\/2019 se analizar\u00e1 a las 10:30 de la ma\u00f1ana.<\/p>\n\n\n\n<p>La estrategia de la defensa de Lozoya Austin es alargar el proceso en busca de un acuerdo reparatorio con Petr\u00f3leos Mexicanos con la finalidad de que se le pueda cancelar uno de los procesos. La estrategia, es similar a la que us\u00f3 la defensa del presidente y due\u00f1o de Altos Hornos de M\u00e9xico, Alonso Ancira.<\/p>\n\n\n\n<p>Tambi\u00e9n se busca que la FGR, le conceda el criterio de oportunidad y suspenda el proceso penal en su contra, tras haber denunciado diversos hechos de corrupci\u00f3n ocurridos el sexenio pasado.<\/p>\n\n\n\n<p>Ser\u00e1 juez Artemio Z\u00fa\u00f1iga quien decida si se le concede la ampliaci\u00f3n solicitada por la defensa de Emilio Lozoya, quien seguir\u00e1 en prisi\u00f3n preventiva en el reclusorio Norte hasta que concluya dicha pr\u00f3rroga y se defina si es acusado o no.<\/p>\n\n\n\n<p>En el caso de ser negada la ampliaci\u00f3n del t\u00e9rmino de 60 d\u00edas, la FGR contar\u00e1 con un plazo de 15 d\u00edas h\u00e1biles para presentar la acusaci\u00f3n por escrito en su contra por uno o por ambos casos.<\/p>\n","protected":false},"excerpt":{"rendered":"<p>La defensa de Emilio Lozoya solicit\u00f3 una s\u00e9ptima pr\u00f3rroga ara el cierre de la investigaci\u00f3n complementaria por las dos causas contra su cliente; el juez definir\u00e1 ma\u00f1ana si la concede. Ciudad de M\u00e9xico.- La defensa de Emilio Lozoya solicit\u00f3 una pr\u00f3rroga de 60 d\u00edas para el cierre de la investigaci\u00f3n complementaria para los casos Odebrecht [&hellip;]<\/p>\n","protected":false},"author":7,"featured_media":19303,"comment_status":"open","ping_status":"open","sticky":false,"template":"","format":"standard","meta":{"tdm_status":"","tdm_grid_status":"","footnotes":""},"categories":[39],"tags":[1359],"class_list":{"0":"post-19302","1":"post","2":"type-post","3":"status-publish","4":"format-standard","5":"has-post-thumbnail","7":"category-noticias-nacionales","8":"tag-emilio-lozoya"},"yoast_head":"<!-- This site is optimized with the Yoast SEO plugin v27.5 - https:\/\/yoast.com\/product\/yoast-seo-wordpress\/ -->\n<title>Emilio Lozoya pide otra pr\u00f3rroga de 60 d\u00edas por casos Odebrecht y Agronitrogenados - Fuentes Fidedignas<\/title>\n<meta name=\"robots\" content=\"index, follow, max-snippet:-1, max-image-preview:large, max-video-preview:-1\" \/>\n<link rel=\"canonical\" href=\"https:\/\/fuentesfidedignas.com.mx\/index.php\/2021\/12\/07\/emilio-lozoya-pide-otra-prorroga-de-60-dias-por-casos-odebrecht-y-agronitrogenados\/\" \/>\n<meta property=\"og:locale\" content=\"es_MX\" \/>\n<meta property=\"og:type\" content=\"article\" \/>\n<meta property=\"og:title\" content=\"Emilio Lozoya pide otra pr\u00f3rroga de 60 d\u00edas por casos Odebrecht y Agronitrogenados - Fuentes Fidedignas\" \/>\n<meta property=\"og:description\" content=\"La defensa de Emilio Lozoya solicit\u00f3 una s\u00e9ptima pr\u00f3rroga ara el cierre de la investigaci\u00f3n complementaria por las dos causas contra su cliente; el juez definir\u00e1 ma\u00f1ana si la concede. Ciudad de M\u00e9xico.- La defensa de Emilio Lozoya solicit\u00f3 una pr\u00f3rroga de 60 d\u00edas para el cierre de la investigaci\u00f3n complementaria para los casos Odebrecht [&hellip;]\" \/>\n<meta property=\"og:url\" content=\"https:\/\/fuentesfidedignas.com.mx\/index.php\/2021\/12\/07\/emilio-lozoya-pide-otra-prorroga-de-60-dias-por-casos-odebrecht-y-agronitrogenados\/\" \/>\n<meta property=\"og:site_name\" content=\"Fuentes Fidedignas\" \/>\n<meta property=\"article:publisher\" content=\"https:\/\/www.facebook.com\/Fuentes-Fidedignas-368234489921644\" \/>\n<meta property=\"article:published_time\" content=\"2021-12-07T21:20:47+00:00\" \/>\n<meta property=\"article:modified_time\" content=\"2021-12-07T21:21:08+00:00\" \/>\n<meta property=\"og:image\" content=\"https:\/\/fuentesfidedignas.com.mx\/wp-content\/uploads\/2021\/12\/EMILIO.jpg\" \/>\n\t<meta property=\"og:image:width\" content=\"800\" \/>\n\t<meta property=\"og:image:height\" content=\"600\" \/>\n\t<meta property=\"og:image:type\" content=\"image\/jpeg\" \/>\n<meta name=\"author\" content=\"Exc\u00e9lsior\" \/>\n<meta name=\"twitter:card\" content=\"summary_large_image\" \/>\n<meta name=\"twitter:creator\" content=\"@fidedignas\" \/>\n<meta name=\"twitter:site\" content=\"@fidedignas\" \/>\n<meta name=\"twitter:label1\" content=\"Escrito por\" \/>\n\t<meta name=\"twitter:data1\" content=\"Exc\u00e9lsior\" \/>\n\t<meta name=\"twitter:label2\" content=\"Tiempo de lectura\" \/>\n\t<meta name=\"twitter:data2\" content=\"3 minutos\" \/>\n<script type=\"application\/ld+json\" class=\"yoast-schema-graph\">{\"@context\":\"https:\\\/\\\/schema.org\",\"@graph\":[{\"@type\":\"Article\",\"@id\":\"https:\\\/\\\/fuentesfidedignas.com.mx\\\/index.php\\\/2021\\\/12\\\/07\\\/emilio-lozoya-pide-otra-prorroga-de-60-dias-por-casos-odebrecht-y-agronitrogenados\\\/#article\",\"isPartOf\":{\"@id\":\"https:\\\/\\\/fuentesfidedignas.com.mx\\\/index.php\\\/2021\\\/12\\\/07\\\/emilio-lozoya-pide-otra-prorroga-de-60-dias-por-casos-odebrecht-y-agronitrogenados\\\/\"},\"author\":{\"name\":\"Exc\u00e9lsior\",\"@id\":\"https:\\\/\\\/fuentesfidedignas.com.mx\\\/#\\\/schema\\\/person\\\/ec4edd1fbf5efa3e44fce34fe2787780\"},\"headline\":\"Emilio Lozoya pide otra pr\u00f3rroga de 60 d\u00edas por casos Odebrecht y Agronitrogenados\",\"datePublished\":\"2021-12-07T21:20:47+00:00\",\"dateModified\":\"2021-12-07T21:21:08+00:00\",\"mainEntityOfPage\":{\"@id\":\"https:\\\/\\\/fuentesfidedignas.com.mx\\\/index.php\\\/2021\\\/12\\\/07\\\/emilio-lozoya-pide-otra-prorroga-de-60-dias-por-casos-odebrecht-y-agronitrogenados\\\/\"},\"wordCount\":532,\"commentCount\":0,\"publisher\":{\"@id\":\"https:\\\/\\\/fuentesfidedignas.com.mx\\\/#organization\"},\"image\":{\"@id\":\"https:\\\/\\\/fuentesfidedignas.com.mx\\\/index.php\\\/2021\\\/12\\\/07\\\/emilio-lozoya-pide-otra-prorroga-de-60-dias-por-casos-odebrecht-y-agronitrogenados\\\/#primaryimage\"},\"thumbnailUrl\":\"https:\\\/\\\/fuentesfidedignas.com.mx\\\/wp-content\\\/uploads\\\/2021\\\/12\\\/EMILIO.jpg\",\"keywords\":[\"Emilio Lozoya\"],\"articleSection\":[\"NOTICIAS NACIONALES\"],\"inLanguage\":\"es\",\"potentialAction\":[{\"@type\":\"CommentAction\",\"name\":\"Comment\",\"target\":[\"https:\\\/\\\/fuentesfidedignas.com.mx\\\/index.php\\\/2021\\\/12\\\/07\\\/emilio-lozoya-pide-otra-prorroga-de-60-dias-por-casos-odebrecht-y-agronitrogenados\\\/#respond\"]}]},{\"@type\":\"WebPage\",\"@id\":\"https:\\\/\\\/fuentesfidedignas.com.mx\\\/index.php\\\/2021\\\/12\\\/07\\\/emilio-lozoya-pide-otra-prorroga-de-60-dias-por-casos-odebrecht-y-agronitrogenados\\\/\",\"url\":\"https:\\\/\\\/fuentesfidedignas.com.mx\\\/index.php\\\/2021\\\/12\\\/07\\\/emilio-lozoya-pide-otra-prorroga-de-60-dias-por-casos-odebrecht-y-agronitrogenados\\\/\",\"name\":\"Emilio Lozoya pide otra pr\u00f3rroga de 60 d\u00edas por casos Odebrecht y Agronitrogenados - Fuentes Fidedignas\",\"isPartOf\":{\"@id\":\"https:\\\/\\\/fuentesfidedignas.com.mx\\\/#website\"},\"primaryImageOfPage\":{\"@id\":\"https:\\\/\\\/fuentesfidedignas.com.mx\\\/index.php\\\/2021\\\/12\\\/07\\\/emilio-lozoya-pide-otra-prorroga-de-60-dias-por-casos-odebrecht-y-agronitrogenados\\\/#primaryimage\"},\"image\":{\"@id\":\"https:\\\/\\\/fuentesfidedignas.com.mx\\\/index.php\\\/2021\\\/12\\\/07\\\/emilio-lozoya-pide-otra-prorroga-de-60-dias-por-casos-odebrecht-y-agronitrogenados\\\/#primaryimage\"},\"thumbnailUrl\":\"https:\\\/\\\/fuentesfidedignas.com.mx\\\/wp-content\\\/uploads\\\/2021\\\/12\\\/EMILIO.jpg\",\"datePublished\":\"2021-12-07T21:20:47+00:00\",\"dateModified\":\"2021-12-07T21:21:08+00:00\",\"breadcrumb\":{\"@id\":\"https:\\\/\\\/fuentesfidedignas.com.mx\\\/index.php\\\/2021\\\/12\\\/07\\\/emilio-lozoya-pide-otra-prorroga-de-60-dias-por-casos-odebrecht-y-agronitrogenados\\\/#breadcrumb\"},\"inLanguage\":\"es\",\"potentialAction\":[{\"@type\":\"ReadAction\",\"target\":[\"https:\\\/\\\/fuentesfidedignas.com.mx\\\/index.php\\\/2021\\\/12\\\/07\\\/emilio-lozoya-pide-otra-prorroga-de-60-dias-por-casos-odebrecht-y-agronitrogenados\\\/\"]}]},{\"@type\":\"ImageObject\",\"inLanguage\":\"es\",\"@id\":\"https:\\\/\\\/fuentesfidedignas.com.mx\\\/index.php\\\/2021\\\/12\\\/07\\\/emilio-lozoya-pide-otra-prorroga-de-60-dias-por-casos-odebrecht-y-agronitrogenados\\\/#primaryimage\",\"url\":\"https:\\\/\\\/fuentesfidedignas.com.mx\\\/wp-content\\\/uploads\\\/2021\\\/12\\\/EMILIO.jpg\",\"contentUrl\":\"https:\\\/\\\/fuentesfidedignas.com.mx\\\/wp-content\\\/uploads\\\/2021\\\/12\\\/EMILIO.jpg\",\"width\":800,\"height\":600},{\"@type\":\"BreadcrumbList\",\"@id\":\"https:\\\/\\\/fuentesfidedignas.com.mx\\\/index.php\\\/2021\\\/12\\\/07\\\/emilio-lozoya-pide-otra-prorroga-de-60-dias-por-casos-odebrecht-y-agronitrogenados\\\/#breadcrumb\",\"itemListElement\":[{\"@type\":\"ListItem\",\"position\":1,\"name\":\"Inicio\",\"item\":\"https:\\\/\\\/fuentesfidedignas.com.mx\\\/\"},{\"@type\":\"ListItem\",\"position\":2,\"name\":\"Emilio Lozoya pide otra pr\u00f3rroga de 60 d\u00edas por casos Odebrecht y Agronitrogenados\"}]},{\"@type\":\"WebSite\",\"@id\":\"https:\\\/\\\/fuentesfidedignas.com.mx\\\/#website\",\"url\":\"https:\\\/\\\/fuentesfidedignas.com.mx\\\/\",\"name\":\"Fuentes Fidedignas\",\"description\":\"Otro sitio realizado con WordPress\",\"publisher\":{\"@id\":\"https:\\\/\\\/fuentesfidedignas.com.mx\\\/#organization\"},\"potentialAction\":[{\"@type\":\"SearchAction\",\"target\":{\"@type\":\"EntryPoint\",\"urlTemplate\":\"https:\\\/\\\/fuentesfidedignas.com.mx\\\/?s={search_term_string}\"},\"query-input\":{\"@type\":\"PropertyValueSpecification\",\"valueRequired\":true,\"valueName\":\"search_term_string\"}}],\"inLanguage\":\"es\"},{\"@type\":\"Organization\",\"@id\":\"https:\\\/\\\/fuentesfidedignas.com.mx\\\/#organization\",\"name\":\"Fuentes Fidedignas\",\"url\":\"https:\\\/\\\/fuentesfidedignas.com.mx\\\/\",\"logo\":{\"@type\":\"ImageObject\",\"inLanguage\":\"es\",\"@id\":\"https:\\\/\\\/fuentesfidedignas.com.mx\\\/#\\\/schema\\\/logo\\\/image\\\/\",\"url\":\"https:\\\/\\\/fuentesfidedignas.com.mx\\\/wp-content\\\/uploads\\\/2021\\\/04\\\/logo-retina.png\",\"contentUrl\":\"https:\\\/\\\/fuentesfidedignas.com.mx\\\/wp-content\\\/uploads\\\/2021\\\/04\\\/logo-retina.png\",\"width\":280,\"height\":51,\"caption\":\"Fuentes Fidedignas\"},\"image\":{\"@id\":\"https:\\\/\\\/fuentesfidedignas.com.mx\\\/#\\\/schema\\\/logo\\\/image\\\/\"},\"sameAs\":[\"https:\\\/\\\/www.facebook.com\\\/Fuentes-Fidedignas-368234489921644\",\"https:\\\/\\\/x.com\\\/fidedignas\"]},{\"@type\":\"Person\",\"@id\":\"https:\\\/\\\/fuentesfidedignas.com.mx\\\/#\\\/schema\\\/person\\\/ec4edd1fbf5efa3e44fce34fe2787780\",\"name\":\"Exc\u00e9lsior\",\"image\":{\"@type\":\"ImageObject\",\"inLanguage\":\"es\",\"@id\":\"https:\\\/\\\/secure.gravatar.com\\\/avatar\\\/4b7ee9206b48be08447852b3f0814dbc7c0f3b51541b164f1464a2725614020b?s=96&d=mm&r=g\",\"url\":\"https:\\\/\\\/secure.gravatar.com\\\/avatar\\\/4b7ee9206b48be08447852b3f0814dbc7c0f3b51541b164f1464a2725614020b?s=96&d=mm&r=g\",\"contentUrl\":\"https:\\\/\\\/secure.gravatar.com\\\/avatar\\\/4b7ee9206b48be08447852b3f0814dbc7c0f3b51541b164f1464a2725614020b?s=96&d=mm&r=g\",\"caption\":\"Exc\u00e9lsior\"},\"url\":\"https:\\\/\\\/fuentesfidedignas.com.mx\\\/index.php\\\/author\\\/excelsior\\\/\"}]}<\/script>\n<!-- \/ Yoast SEO plugin. -->","yoast_head_json":{"title":"Emilio Lozoya pide otra pr\u00f3rroga de 60 d\u00edas por casos Odebrecht y Agronitrogenados - Fuentes Fidedignas","robots":{"index":"index","follow":"follow","max-snippet":"max-snippet:-1","max-image-preview":"max-image-preview:large","max-video-preview":"max-video-preview:-1"},"canonical":"https:\/\/fuentesfidedignas.com.mx\/index.php\/2021\/12\/07\/emilio-lozoya-pide-otra-prorroga-de-60-dias-por-casos-odebrecht-y-agronitrogenados\/","og_locale":"es_MX","og_type":"article","og_title":"Emilio Lozoya pide otra pr\u00f3rroga de 60 d\u00edas por casos Odebrecht y Agronitrogenados - Fuentes Fidedignas","og_description":"La defensa de Emilio Lozoya solicit\u00f3 una s\u00e9ptima pr\u00f3rroga ara el cierre de la investigaci\u00f3n complementaria por las dos causas contra su cliente; el juez definir\u00e1 ma\u00f1ana si la concede. Ciudad de M\u00e9xico.- La defensa de Emilio Lozoya solicit\u00f3 una pr\u00f3rroga de 60 d\u00edas para el cierre de la investigaci\u00f3n complementaria para los casos Odebrecht [&hellip;]","og_url":"https:\/\/fuentesfidedignas.com.mx\/index.php\/2021\/12\/07\/emilio-lozoya-pide-otra-prorroga-de-60-dias-por-casos-odebrecht-y-agronitrogenados\/","og_site_name":"Fuentes Fidedignas","article_publisher":"https:\/\/www.facebook.com\/Fuentes-Fidedignas-368234489921644","article_published_time":"2021-12-07T21:20:47+00:00","article_modified_time":"2021-12-07T21:21:08+00:00","og_image":[{"width":800,"height":600,"url":"https:\/\/fuentesfidedignas.com.mx\/wp-content\/uploads\/2021\/12\/EMILIO.jpg","type":"image\/jpeg"}],"author":"Exc\u00e9lsior","twitter_card":"summary_large_image","twitter_creator":"@fidedignas","twitter_site":"@fidedignas","twitter_misc":{"Escrito por":"Exc\u00e9lsior","Tiempo de lectura":"3 minutos"},"schema":{"@context":"https:\/\/schema.org","@graph":[{"@type":"Article","@id":"https:\/\/fuentesfidedignas.com.mx\/index.php\/2021\/12\/07\/emilio-lozoya-pide-otra-prorroga-de-60-dias-por-casos-odebrecht-y-agronitrogenados\/#article","isPartOf":{"@id":"https:\/\/fuentesfidedignas.com.mx\/index.php\/2021\/12\/07\/emilio-lozoya-pide-otra-prorroga-de-60-dias-por-casos-odebrecht-y-agronitrogenados\/"},"author":{"name":"Exc\u00e9lsior","@id":"https:\/\/fuentesfidedignas.com.mx\/#\/schema\/person\/ec4edd1fbf5efa3e44fce34fe2787780"},"headline":"Emilio Lozoya pide otra pr\u00f3rroga de 60 d\u00edas por casos Odebrecht y Agronitrogenados","datePublished":"2021-12-07T21:20:47+00:00","dateModified":"2021-12-07T21:21:08+00:00","mainEntityOfPage":{"@id":"https:\/\/fuentesfidedignas.com.mx\/index.php\/2021\/12\/07\/emilio-lozoya-pide-otra-prorroga-de-60-dias-por-casos-odebrecht-y-agronitrogenados\/"},"wordCount":532,"commentCount":0,"publisher":{"@id":"https:\/\/fuentesfidedignas.com.mx\/#organization"},"image":{"@id":"https:\/\/fuentesfidedignas.com.mx\/index.php\/2021\/12\/07\/emilio-lozoya-pide-otra-prorroga-de-60-dias-por-casos-odebrecht-y-agronitrogenados\/#primaryimage"},"thumbnailUrl":"https:\/\/fuentesfidedignas.com.mx\/wp-content\/uploads\/2021\/12\/EMILIO.jpg","keywords":["Emilio Lozoya"],"articleSection":["NOTICIAS NACIONALES"],"inLanguage":"es","potentialAction":[{"@type":"CommentAction","name":"Comment","target":["https:\/\/fuentesfidedignas.com.mx\/index.php\/2021\/12\/07\/emilio-lozoya-pide-otra-prorroga-de-60-dias-por-casos-odebrecht-y-agronitrogenados\/#respond"]}]},{"@type":"WebPage","@id":"https:\/\/fuentesfidedignas.com.mx\/index.php\/2021\/12\/07\/emilio-lozoya-pide-otra-prorroga-de-60-dias-por-casos-odebrecht-y-agronitrogenados\/","url":"https:\/\/fuentesfidedignas.com.mx\/index.php\/2021\/12\/07\/emilio-lozoya-pide-otra-prorroga-de-60-dias-por-casos-odebrecht-y-agronitrogenados\/","name":"Emilio Lozoya pide otra pr\u00f3rroga de 60 d\u00edas por casos Odebrecht y Agronitrogenados - Fuentes Fidedignas","isPartOf":{"@id":"https:\/\/fuentesfidedignas.com.mx\/#website"},"primaryImageOfPage":{"@id":"https:\/\/fuentesfidedignas.com.mx\/index.php\/2021\/12\/07\/emilio-lozoya-pide-otra-prorroga-de-60-dias-por-casos-odebrecht-y-agronitrogenados\/#primaryimage"},"image":{"@id":"https:\/\/fuentesfidedignas.com.mx\/index.php\/2021\/12\/07\/emilio-lozoya-pide-otra-prorroga-de-60-dias-por-casos-odebrecht-y-agronitrogenados\/#primaryimage"},"thumbnailUrl":"https:\/\/fuentesfidedignas.com.mx\/wp-content\/uploads\/2021\/12\/EMILIO.jpg","datePublished":"2021-12-07T21:20:47+00:00","dateModified":"2021-12-07T21:21:08+00:00","breadcrumb":{"@id":"https:\/\/fuentesfidedignas.com.mx\/index.php\/2021\/12\/07\/emilio-lozoya-pide-otra-prorroga-de-60-dias-por-casos-odebrecht-y-agronitrogenados\/#breadcrumb"},"inLanguage":"es","potentialAction":[{"@type":"ReadAction","target":["https:\/\/fuentesfidedignas.com.mx\/index.php\/2021\/12\/07\/emilio-lozoya-pide-otra-prorroga-de-60-dias-por-casos-odebrecht-y-agronitrogenados\/"]}]},{"@type":"ImageObject","inLanguage":"es","@id":"https:\/\/fuentesfidedignas.com.mx\/index.php\/2021\/12\/07\/emilio-lozoya-pide-otra-prorroga-de-60-dias-por-casos-odebrecht-y-agronitrogenados\/#primaryimage","url":"https:\/\/fuentesfidedignas.com.mx\/wp-content\/uploads\/2021\/12\/EMILIO.jpg","contentUrl":"https:\/\/fuentesfidedignas.com.mx\/wp-content\/uploads\/2021\/12\/EMILIO.jpg","width":800,"height":600},{"@type":"BreadcrumbList","@id":"https:\/\/fuentesfidedignas.com.mx\/index.php\/2021\/12\/07\/emilio-lozoya-pide-otra-prorroga-de-60-dias-por-casos-odebrecht-y-agronitrogenados\/#breadcrumb","itemListElement":[{"@type":"ListItem","position":1,"name":"Inicio","item":"https:\/\/fuentesfidedignas.com.mx\/"},{"@type":"ListItem","position":2,"name":"Emilio Lozoya pide otra pr\u00f3rroga de 60 d\u00edas por casos Odebrecht y Agronitrogenados"}]},{"@type":"WebSite","@id":"https:\/\/fuentesfidedignas.com.mx\/#website","url":"https:\/\/fuentesfidedignas.com.mx\/","name":"Fuentes Fidedignas","description":"Otro sitio realizado con WordPress","publisher":{"@id":"https:\/\/fuentesfidedignas.com.mx\/#organization"},"potentialAction":[{"@type":"SearchAction","target":{"@type":"EntryPoint","urlTemplate":"https:\/\/fuentesfidedignas.com.mx\/?s={search_term_string}"},"query-input":{"@type":"PropertyValueSpecification","valueRequired":true,"valueName":"search_term_string"}}],"inLanguage":"es"},{"@type":"Organization","@id":"https:\/\/fuentesfidedignas.com.mx\/#organization","name":"Fuentes Fidedignas","url":"https:\/\/fuentesfidedignas.com.mx\/","logo":{"@type":"ImageObject","inLanguage":"es","@id":"https:\/\/fuentesfidedignas.com.mx\/#\/schema\/logo\/image\/","url":"https:\/\/fuentesfidedignas.com.mx\/wp-content\/uploads\/2021\/04\/logo-retina.png","contentUrl":"https:\/\/fuentesfidedignas.com.mx\/wp-content\/uploads\/2021\/04\/logo-retina.png","width":280,"height":51,"caption":"Fuentes Fidedignas"},"image":{"@id":"https:\/\/fuentesfidedignas.com.mx\/#\/schema\/logo\/image\/"},"sameAs":["https:\/\/www.facebook.com\/Fuentes-Fidedignas-368234489921644","https:\/\/x.com\/fidedignas"]},{"@type":"Person","@id":"https:\/\/fuentesfidedignas.com.mx\/#\/schema\/person\/ec4edd1fbf5efa3e44fce34fe2787780","name":"Exc\u00e9lsior","image":{"@type":"ImageObject","inLanguage":"es","@id":"https:\/\/secure.gravatar.com\/avatar\/4b7ee9206b48be08447852b3f0814dbc7c0f3b51541b164f1464a2725614020b?s=96&d=mm&r=g","url":"https:\/\/secure.gravatar.com\/avatar\/4b7ee9206b48be08447852b3f0814dbc7c0f3b51541b164f1464a2725614020b?s=96&d=mm&r=g","contentUrl":"https:\/\/secure.gravatar.com\/avatar\/4b7ee9206b48be08447852b3f0814dbc7c0f3b51541b164f1464a2725614020b?s=96&d=mm&r=g","caption":"Exc\u00e9lsior"},"url":"https:\/\/fuentesfidedignas.com.mx\/index.php\/author\/excelsior\/"}]}},"_links":{"self":[{"href":"https:\/\/fuentesfidedignas.com.mx\/index.php\/wp-json\/wp\/v2\/posts\/19302","targetHints":{"allow":["GET"]}}],"collection":[{"href":"https:\/\/fuentesfidedignas.com.mx\/index.php\/wp-json\/wp\/v2\/posts"}],"about":[{"href":"https:\/\/fuentesfidedignas.com.mx\/index.php\/wp-json\/wp\/v2\/types\/post"}],"author":[{"embeddable":true,"href":"https:\/\/fuentesfidedignas.com.mx\/index.php\/wp-json\/wp\/v2\/users\/7"}],"replies":[{"embeddable":true,"href":"https:\/\/fuentesfidedignas.com.mx\/index.php\/wp-json\/wp\/v2\/comments?post=19302"}],"version-history":[{"count":2,"href":"https:\/\/fuentesfidedignas.com.mx\/index.php\/wp-json\/wp\/v2\/posts\/19302\/revisions"}],"predecessor-version":[{"id":19305,"href":"https:\/\/fuentesfidedignas.com.mx\/index.php\/wp-json\/wp\/v2\/posts\/19302\/revisions\/19305"}],"wp:featuredmedia":[{"embeddable":true,"href":"https:\/\/fuentesfidedignas.com.mx\/index.php\/wp-json\/wp\/v2\/media\/19303"}],"wp:attachment":[{"href":"https:\/\/fuentesfidedignas.com.mx\/index.php\/wp-json\/wp\/v2\/media?parent=19302"}],"wp:term":[{"taxonomy":"category","embeddable":true,"href":"https:\/\/fuentesfidedignas.com.mx\/index.php\/wp-json\/wp\/v2\/categories?post=19302"},{"taxonomy":"post_tag","embeddable":true,"href":"https:\/\/fuentesfidedignas.com.mx\/index.php\/wp-json\/wp\/v2\/tags?post=19302"}],"curies":[{"name":"wp","href":"https:\/\/api.w.org\/{rel}","templated":true}]}}