{"id":19280,"date":"2021-12-07T09:48:12","date_gmt":"2021-12-07T16:48:12","guid":{"rendered":"https:\/\/fuentesfidedignas.com.mx\/?p=19280"},"modified":"2021-12-07T09:48:14","modified_gmt":"2021-12-07T16:48:14","slug":"el-peso-registro-su-peor-nivel-frente-al-dolar-en-noviembre","status":"publish","type":"post","link":"https:\/\/fuentesfidedignas.com.mx\/index.php\/2021\/12\/07\/el-peso-registro-su-peor-nivel-frente-al-dolar-en-noviembre\/","title":{"rendered":"El peso registr\u00f3 su peor nivel frente al d\u00f3lar en noviembre"},"content":{"rendered":"\n<p><strong><em>Factores internacionales y locales que desestabilizaron nuestra moneda<\/em><\/strong><\/p>\n\n\n\n<p>Ciudad de M\u00e9xico. En las \u00faltimas semanas, el tipo de cambio entre el peso mexicano y el d\u00f3lar estadounidense ha presentado una alta volatilidad, con lo que el 29 de noviembre alcanz\u00f3 un nivel m\u00e1ximo en 2021, en 21.99. Los factores que explicaron este comportamiento son varios, pero se resumen en un incremento de la incertidumbre en varios frentes, tanto externos como locales.<\/p>\n\n\n\n<p>El primer factor tiene que ver con que, el 03 de noviembre, la Reserva Federal de EE.UU. anunci\u00f3 el inicio del retiro de los est\u00edmulos que implement\u00f3 para reducir los choques econ\u00f3micos y financieros adversos provocados por la pandemia. En su comunicado de pol\u00edtica monetaria, el banco se\u00f1al\u00f3 que su compra de activos empezar\u00eda a disminuir a partir de finales de ese mes. El ritmo de esta reducci\u00f3n consiste en ir adquiriendo 10 mil millones de d\u00f3lares (mmd) menos de bonos del Tesoro y 5 mmd menos de bonos respaldados por hipotecas por mes. De mantenerse ese dinamismo, el programa de compras concluir\u00eda en junio de 2022. Sin embargo, los altos datos de inflaci\u00f3n reportados en octubre implican una amenaza para que los integrantes del Comit\u00e9 Federal de Mercado Abierto (FOMC por sus siglas en ingl\u00e9s) decidan acelerar los recortes y terminar el esquema antes.<\/p>\n\n\n\n<p>Una vez que finalice la adquisici\u00f3n de activos por parte de la Fed, el siguiente paso que tomar\u00e1 el banco ser\u00e1 incrementar la tasa de inter\u00e9s referencia. En 2 reuniones extraordinarias realizadas en la primera quincena de marzo del a\u00f1o pasado, el FOMC recort\u00f3 la tasa de los fondos federales en 150 puntos base, de 1.75% a 0.25%. Desde entonces, las tasas de inter\u00e9s de corto plazo en EE.UU. se han encontrado en casi cero por ciento, con el objetivo de darle un impulso al consumo de los consumidores y empresas.<\/p>\n\n\n\n<p>En las \u00faltimas semanas, las expectativas sobre el momento en el que el FOMC empezar\u00e1 a incrementar la tasa de inter\u00e9s de referencia se adelant\u00f3 de 2023 a 2022, con algunos inversionistas descontando que, esta podr\u00eda incrementar hasta en 75 puntos base el pr\u00f3ximo a\u00f1o. Esto provocar\u00eda que, la tasa libre de riesgo mundial se vuelva m\u00e1s atractiva en comparaci\u00f3n con la que ofrecen otros pa\u00edses, induciendo una salida de capitales de econom\u00edas emergentes y, por consiguiente, una depreciaci\u00f3n de sus monedas frente al d\u00f3lar. Para reducir este efecto, los bancos centrales incrementar\u00e1n sus tasas de inter\u00e9s objetivo t\u00e1ndem con Fed.<\/p>\n\n\n\n<p>Estas expectativas se fortalecer\u00e1n o se debilitar\u00e1n en funci\u00f3n de c\u00f3mo evolucionen las variables objetivo de la Fed, es decir, la inflaci\u00f3n y el empleo. A mediados de noviembre se difundi\u00f3 que la inflaci\u00f3n al consumidor de octubre aument\u00f3 a 6.2%, el mayor nivel desde noviembre de 1990, lo que super\u00f3 ampliamente las previsiones de los analistas de 5.9%. Por su parte, la inflaci\u00f3n subyacente, que descuenta el precio de alimentos y energ\u00eda, tambi\u00e9n repunt\u00f3, en este caso hasta 4.6%. Este fue el mayor aumento anual de los precios b\u00e1sicos en los \u00faltimos 31 a\u00f1os. En lo que respecta al empleo, la econom\u00eda estadounidense gener\u00f3 solo 210 mil plazas en noviembre, la menor cantidad en lo que va del a\u00f1o, ya que los empleadores contin\u00faan enfrentando dificultades para contratar y retener trabajadores. Aun as\u00ed, ya se ha recuperado el 82.5% de los 22,362 empleos perdidos entre marzo y abril del a\u00f1o pasado. Por su parte, la tasa de desempleo cay\u00f3 a su nivel m\u00e1s bajo desde febrero de 2020, a 4.2% desde 4.6% en octubre; mientras que la tasa de participaci\u00f3n en la fuerza laboral subi\u00f3 a 61.8%, con lo que es 1.5 puntos porcentuales m\u00e1s baja que la registrada en febrero de 2020.<\/p>\n\n\n\n<p>El segundo factor que debilit\u00f3 al peso se relaciona con el anuncio del descubrimiento de una nueva variante del SARS-Cov-2 el 28 de noviembre, denominada como \u00d3micron por la OMS. Aunque a\u00fan no se cuenta con la evidencia cient\u00edfica suficiente para determinar si esta cepa provoca efectos m\u00e1s severos que los ya conocidos, los inversionistas se tornaron m\u00e1s cautelosos ante la posibilidad de que sea necesario reimponer restricciones a la movilidad de la poblaci\u00f3n que desacelerar\u00edan la recuperaci\u00f3n econ\u00f3mica mundial.<\/p>\n\n\n\n<p>Finalmente, el tercer factor que increment\u00f3 la incertidumbre tuvo que ver con un evento en el \u00e1mbito local. El 23 de noviembre, el exsecretario de Hacienda, Arturo Herrera, confirm\u00f3 en su cuenta de Twitter el retiro de su nominaci\u00f3n para ocupar el cargo de Gobernador del Banco de M\u00e9xico y, dos d\u00edas despu\u00e9s, el Ejecutivo envi\u00f3 su nueva candidata al Congreso de la Uni\u00f3n, Victoria Rodr\u00edguez Ceja. Este cambio ocurri\u00f3 en medio de una coyuntura compleja para el pa\u00eds, pues la inflaci\u00f3n alcanz\u00f3 un m\u00e1ximo no visto en los \u00faltimos 20 a\u00f1os en la primera quincena de noviembre, mientras que la actividad econ\u00f3mica se est\u00e1 desacelerando.<\/p>\n\n\n\n<p>En 2022, la situaci\u00f3n econ\u00f3mica mundial seguir\u00e1 siendo compleja, por lo que habr\u00e1 que estar preparados para nuevos episodios de volatilidad, en donde los factores expuestos seguir\u00e1n en el radar de los mercados.<\/p>\n","protected":false},"excerpt":{"rendered":"<p>Factores internacionales y locales que desestabilizaron nuestra moneda Ciudad de M\u00e9xico. En las \u00faltimas semanas, el tipo de cambio entre el peso mexicano y el d\u00f3lar estadounidense ha presentado una alta volatilidad, con lo que el 29 de noviembre alcanz\u00f3 un nivel m\u00e1ximo en 2021, en 21.99. Los factores que explicaron este comportamiento son varios, [&hellip;]<\/p>\n","protected":false},"author":5,"featured_media":19281,"comment_status":"open","ping_status":"open","sticky":false,"template":"","format":"standard","meta":{"tdm_status":"","tdm_grid_status":"","footnotes":""},"categories":[39],"tags":[],"class_list":{"0":"post-19280","1":"post","2":"type-post","3":"status-publish","4":"format-standard","5":"has-post-thumbnail","7":"category-noticias-nacionales"},"yoast_head":"<!-- This site is optimized with the Yoast SEO plugin v27.5 - https:\/\/yoast.com\/product\/yoast-seo-wordpress\/ -->\n<title>El peso registr\u00f3 su peor nivel frente al d\u00f3lar en noviembre - Fuentes Fidedignas<\/title>\n<meta name=\"robots\" content=\"index, follow, max-snippet:-1, max-image-preview:large, max-video-preview:-1\" \/>\n<link rel=\"canonical\" href=\"https:\/\/fuentesfidedignas.com.mx\/index.php\/2021\/12\/07\/el-peso-registro-su-peor-nivel-frente-al-dolar-en-noviembre\/\" \/>\n<meta property=\"og:locale\" content=\"es_MX\" \/>\n<meta property=\"og:type\" content=\"article\" \/>\n<meta property=\"og:title\" content=\"El peso registr\u00f3 su peor nivel frente al d\u00f3lar en noviembre - Fuentes Fidedignas\" \/>\n<meta property=\"og:description\" content=\"Factores internacionales y locales que desestabilizaron nuestra moneda Ciudad de M\u00e9xico. En las \u00faltimas semanas, el tipo de cambio entre el peso mexicano y el d\u00f3lar estadounidense ha presentado una alta volatilidad, con lo que el 29 de noviembre alcanz\u00f3 un nivel m\u00e1ximo en 2021, en 21.99. Los factores que explicaron este comportamiento son varios, [&hellip;]\" \/>\n<meta property=\"og:url\" content=\"https:\/\/fuentesfidedignas.com.mx\/index.php\/2021\/12\/07\/el-peso-registro-su-peor-nivel-frente-al-dolar-en-noviembre\/\" \/>\n<meta property=\"og:site_name\" content=\"Fuentes Fidedignas\" \/>\n<meta property=\"article:publisher\" content=\"https:\/\/www.facebook.com\/Fuentes-Fidedignas-368234489921644\" \/>\n<meta property=\"article:published_time\" content=\"2021-12-07T16:48:12+00:00\" \/>\n<meta property=\"article:modified_time\" content=\"2021-12-07T16:48:14+00:00\" \/>\n<meta property=\"og:image\" content=\"https:\/\/fuentesfidedignas.com.mx\/wp-content\/uploads\/2021\/12\/Peso-economia-FLA_1863-768x432-1.jpg\" \/>\n\t<meta property=\"og:image:width\" content=\"768\" \/>\n\t<meta property=\"og:image:height\" content=\"432\" \/>\n\t<meta property=\"og:image:type\" content=\"image\/jpeg\" \/>\n<meta name=\"author\" content=\"Forbes\" \/>\n<meta name=\"twitter:card\" content=\"summary_large_image\" \/>\n<meta name=\"twitter:creator\" content=\"@fidedignas\" \/>\n<meta name=\"twitter:site\" content=\"@fidedignas\" \/>\n<meta name=\"twitter:label1\" content=\"Escrito por\" \/>\n\t<meta name=\"twitter:data1\" content=\"Forbes\" \/>\n\t<meta name=\"twitter:label2\" content=\"Tiempo de lectura\" \/>\n\t<meta name=\"twitter:data2\" content=\"4 minutos\" \/>\n<script type=\"application\/ld+json\" class=\"yoast-schema-graph\">{\"@context\":\"https:\\\/\\\/schema.org\",\"@graph\":[{\"@type\":\"Article\",\"@id\":\"https:\\\/\\\/fuentesfidedignas.com.mx\\\/index.php\\\/2021\\\/12\\\/07\\\/el-peso-registro-su-peor-nivel-frente-al-dolar-en-noviembre\\\/#article\",\"isPartOf\":{\"@id\":\"https:\\\/\\\/fuentesfidedignas.com.mx\\\/index.php\\\/2021\\\/12\\\/07\\\/el-peso-registro-su-peor-nivel-frente-al-dolar-en-noviembre\\\/\"},\"author\":{\"name\":\"Forbes\",\"@id\":\"https:\\\/\\\/fuentesfidedignas.com.mx\\\/#\\\/schema\\\/person\\\/5623d53fe2e579d825b1679734abcc44\"},\"headline\":\"El peso registr\u00f3 su peor nivel frente al d\u00f3lar en noviembre\",\"datePublished\":\"2021-12-07T16:48:12+00:00\",\"dateModified\":\"2021-12-07T16:48:14+00:00\",\"mainEntityOfPage\":{\"@id\":\"https:\\\/\\\/fuentesfidedignas.com.mx\\\/index.php\\\/2021\\\/12\\\/07\\\/el-peso-registro-su-peor-nivel-frente-al-dolar-en-noviembre\\\/\"},\"wordCount\":884,\"commentCount\":0,\"publisher\":{\"@id\":\"https:\\\/\\\/fuentesfidedignas.com.mx\\\/#organization\"},\"image\":{\"@id\":\"https:\\\/\\\/fuentesfidedignas.com.mx\\\/index.php\\\/2021\\\/12\\\/07\\\/el-peso-registro-su-peor-nivel-frente-al-dolar-en-noviembre\\\/#primaryimage\"},\"thumbnailUrl\":\"https:\\\/\\\/fuentesfidedignas.com.mx\\\/wp-content\\\/uploads\\\/2021\\\/12\\\/Peso-economia-FLA_1863-768x432-1.jpg\",\"articleSection\":[\"NOTICIAS NACIONALES\"],\"inLanguage\":\"es\",\"potentialAction\":[{\"@type\":\"CommentAction\",\"name\":\"Comment\",\"target\":[\"https:\\\/\\\/fuentesfidedignas.com.mx\\\/index.php\\\/2021\\\/12\\\/07\\\/el-peso-registro-su-peor-nivel-frente-al-dolar-en-noviembre\\\/#respond\"]}]},{\"@type\":\"WebPage\",\"@id\":\"https:\\\/\\\/fuentesfidedignas.com.mx\\\/index.php\\\/2021\\\/12\\\/07\\\/el-peso-registro-su-peor-nivel-frente-al-dolar-en-noviembre\\\/\",\"url\":\"https:\\\/\\\/fuentesfidedignas.com.mx\\\/index.php\\\/2021\\\/12\\\/07\\\/el-peso-registro-su-peor-nivel-frente-al-dolar-en-noviembre\\\/\",\"name\":\"El peso registr\u00f3 su peor nivel frente al d\u00f3lar en noviembre - Fuentes Fidedignas\",\"isPartOf\":{\"@id\":\"https:\\\/\\\/fuentesfidedignas.com.mx\\\/#website\"},\"primaryImageOfPage\":{\"@id\":\"https:\\\/\\\/fuentesfidedignas.com.mx\\\/index.php\\\/2021\\\/12\\\/07\\\/el-peso-registro-su-peor-nivel-frente-al-dolar-en-noviembre\\\/#primaryimage\"},\"image\":{\"@id\":\"https:\\\/\\\/fuentesfidedignas.com.mx\\\/index.php\\\/2021\\\/12\\\/07\\\/el-peso-registro-su-peor-nivel-frente-al-dolar-en-noviembre\\\/#primaryimage\"},\"thumbnailUrl\":\"https:\\\/\\\/fuentesfidedignas.com.mx\\\/wp-content\\\/uploads\\\/2021\\\/12\\\/Peso-economia-FLA_1863-768x432-1.jpg\",\"datePublished\":\"2021-12-07T16:48:12+00:00\",\"dateModified\":\"2021-12-07T16:48:14+00:00\",\"breadcrumb\":{\"@id\":\"https:\\\/\\\/fuentesfidedignas.com.mx\\\/index.php\\\/2021\\\/12\\\/07\\\/el-peso-registro-su-peor-nivel-frente-al-dolar-en-noviembre\\\/#breadcrumb\"},\"inLanguage\":\"es\",\"potentialAction\":[{\"@type\":\"ReadAction\",\"target\":[\"https:\\\/\\\/fuentesfidedignas.com.mx\\\/index.php\\\/2021\\\/12\\\/07\\\/el-peso-registro-su-peor-nivel-frente-al-dolar-en-noviembre\\\/\"]}]},{\"@type\":\"ImageObject\",\"inLanguage\":\"es\",\"@id\":\"https:\\\/\\\/fuentesfidedignas.com.mx\\\/index.php\\\/2021\\\/12\\\/07\\\/el-peso-registro-su-peor-nivel-frente-al-dolar-en-noviembre\\\/#primaryimage\",\"url\":\"https:\\\/\\\/fuentesfidedignas.com.mx\\\/wp-content\\\/uploads\\\/2021\\\/12\\\/Peso-economia-FLA_1863-768x432-1.jpg\",\"contentUrl\":\"https:\\\/\\\/fuentesfidedignas.com.mx\\\/wp-content\\\/uploads\\\/2021\\\/12\\\/Peso-economia-FLA_1863-768x432-1.jpg\",\"width\":768,\"height\":432},{\"@type\":\"BreadcrumbList\",\"@id\":\"https:\\\/\\\/fuentesfidedignas.com.mx\\\/index.php\\\/2021\\\/12\\\/07\\\/el-peso-registro-su-peor-nivel-frente-al-dolar-en-noviembre\\\/#breadcrumb\",\"itemListElement\":[{\"@type\":\"ListItem\",\"position\":1,\"name\":\"Inicio\",\"item\":\"https:\\\/\\\/fuentesfidedignas.com.mx\\\/\"},{\"@type\":\"ListItem\",\"position\":2,\"name\":\"El peso registr\u00f3 su peor nivel frente al d\u00f3lar en noviembre\"}]},{\"@type\":\"WebSite\",\"@id\":\"https:\\\/\\\/fuentesfidedignas.com.mx\\\/#website\",\"url\":\"https:\\\/\\\/fuentesfidedignas.com.mx\\\/\",\"name\":\"Fuentes Fidedignas\",\"description\":\"Otro sitio realizado con WordPress\",\"publisher\":{\"@id\":\"https:\\\/\\\/fuentesfidedignas.com.mx\\\/#organization\"},\"potentialAction\":[{\"@type\":\"SearchAction\",\"target\":{\"@type\":\"EntryPoint\",\"urlTemplate\":\"https:\\\/\\\/fuentesfidedignas.com.mx\\\/?s={search_term_string}\"},\"query-input\":{\"@type\":\"PropertyValueSpecification\",\"valueRequired\":true,\"valueName\":\"search_term_string\"}}],\"inLanguage\":\"es\"},{\"@type\":\"Organization\",\"@id\":\"https:\\\/\\\/fuentesfidedignas.com.mx\\\/#organization\",\"name\":\"Fuentes Fidedignas\",\"url\":\"https:\\\/\\\/fuentesfidedignas.com.mx\\\/\",\"logo\":{\"@type\":\"ImageObject\",\"inLanguage\":\"es\",\"@id\":\"https:\\\/\\\/fuentesfidedignas.com.mx\\\/#\\\/schema\\\/logo\\\/image\\\/\",\"url\":\"https:\\\/\\\/fuentesfidedignas.com.mx\\\/wp-content\\\/uploads\\\/2021\\\/04\\\/logo-retina.png\",\"contentUrl\":\"https:\\\/\\\/fuentesfidedignas.com.mx\\\/wp-content\\\/uploads\\\/2021\\\/04\\\/logo-retina.png\",\"width\":280,\"height\":51,\"caption\":\"Fuentes Fidedignas\"},\"image\":{\"@id\":\"https:\\\/\\\/fuentesfidedignas.com.mx\\\/#\\\/schema\\\/logo\\\/image\\\/\"},\"sameAs\":[\"https:\\\/\\\/www.facebook.com\\\/Fuentes-Fidedignas-368234489921644\",\"https:\\\/\\\/x.com\\\/fidedignas\"]},{\"@type\":\"Person\",\"@id\":\"https:\\\/\\\/fuentesfidedignas.com.mx\\\/#\\\/schema\\\/person\\\/5623d53fe2e579d825b1679734abcc44\",\"name\":\"Forbes\",\"image\":{\"@type\":\"ImageObject\",\"inLanguage\":\"es\",\"@id\":\"https:\\\/\\\/secure.gravatar.com\\\/avatar\\\/87ce3dd4e41e60c22a79c758614f01a6bc2469255fc936ec7b15efb9bb5cb66f?s=96&d=mm&r=g\",\"url\":\"https:\\\/\\\/secure.gravatar.com\\\/avatar\\\/87ce3dd4e41e60c22a79c758614f01a6bc2469255fc936ec7b15efb9bb5cb66f?s=96&d=mm&r=g\",\"contentUrl\":\"https:\\\/\\\/secure.gravatar.com\\\/avatar\\\/87ce3dd4e41e60c22a79c758614f01a6bc2469255fc936ec7b15efb9bb5cb66f?s=96&d=mm&r=g\",\"caption\":\"Forbes\"},\"url\":\"https:\\\/\\\/fuentesfidedignas.com.mx\\\/index.php\\\/author\\\/forbes\\\/\"}]}<\/script>\n<!-- \/ Yoast SEO plugin. -->","yoast_head_json":{"title":"El peso registr\u00f3 su peor nivel frente al d\u00f3lar en noviembre - Fuentes Fidedignas","robots":{"index":"index","follow":"follow","max-snippet":"max-snippet:-1","max-image-preview":"max-image-preview:large","max-video-preview":"max-video-preview:-1"},"canonical":"https:\/\/fuentesfidedignas.com.mx\/index.php\/2021\/12\/07\/el-peso-registro-su-peor-nivel-frente-al-dolar-en-noviembre\/","og_locale":"es_MX","og_type":"article","og_title":"El peso registr\u00f3 su peor nivel frente al d\u00f3lar en noviembre - Fuentes Fidedignas","og_description":"Factores internacionales y locales que desestabilizaron nuestra moneda Ciudad de M\u00e9xico. En las \u00faltimas semanas, el tipo de cambio entre el peso mexicano y el d\u00f3lar estadounidense ha presentado una alta volatilidad, con lo que el 29 de noviembre alcanz\u00f3 un nivel m\u00e1ximo en 2021, en 21.99. Los factores que explicaron este comportamiento son varios, [&hellip;]","og_url":"https:\/\/fuentesfidedignas.com.mx\/index.php\/2021\/12\/07\/el-peso-registro-su-peor-nivel-frente-al-dolar-en-noviembre\/","og_site_name":"Fuentes Fidedignas","article_publisher":"https:\/\/www.facebook.com\/Fuentes-Fidedignas-368234489921644","article_published_time":"2021-12-07T16:48:12+00:00","article_modified_time":"2021-12-07T16:48:14+00:00","og_image":[{"width":768,"height":432,"url":"https:\/\/fuentesfidedignas.com.mx\/wp-content\/uploads\/2021\/12\/Peso-economia-FLA_1863-768x432-1.jpg","type":"image\/jpeg"}],"author":"Forbes","twitter_card":"summary_large_image","twitter_creator":"@fidedignas","twitter_site":"@fidedignas","twitter_misc":{"Escrito por":"Forbes","Tiempo de lectura":"4 minutos"},"schema":{"@context":"https:\/\/schema.org","@graph":[{"@type":"Article","@id":"https:\/\/fuentesfidedignas.com.mx\/index.php\/2021\/12\/07\/el-peso-registro-su-peor-nivel-frente-al-dolar-en-noviembre\/#article","isPartOf":{"@id":"https:\/\/fuentesfidedignas.com.mx\/index.php\/2021\/12\/07\/el-peso-registro-su-peor-nivel-frente-al-dolar-en-noviembre\/"},"author":{"name":"Forbes","@id":"https:\/\/fuentesfidedignas.com.mx\/#\/schema\/person\/5623d53fe2e579d825b1679734abcc44"},"headline":"El peso registr\u00f3 su peor nivel frente al d\u00f3lar en noviembre","datePublished":"2021-12-07T16:48:12+00:00","dateModified":"2021-12-07T16:48:14+00:00","mainEntityOfPage":{"@id":"https:\/\/fuentesfidedignas.com.mx\/index.php\/2021\/12\/07\/el-peso-registro-su-peor-nivel-frente-al-dolar-en-noviembre\/"},"wordCount":884,"commentCount":0,"publisher":{"@id":"https:\/\/fuentesfidedignas.com.mx\/#organization"},"image":{"@id":"https:\/\/fuentesfidedignas.com.mx\/index.php\/2021\/12\/07\/el-peso-registro-su-peor-nivel-frente-al-dolar-en-noviembre\/#primaryimage"},"thumbnailUrl":"https:\/\/fuentesfidedignas.com.mx\/wp-content\/uploads\/2021\/12\/Peso-economia-FLA_1863-768x432-1.jpg","articleSection":["NOTICIAS NACIONALES"],"inLanguage":"es","potentialAction":[{"@type":"CommentAction","name":"Comment","target":["https:\/\/fuentesfidedignas.com.mx\/index.php\/2021\/12\/07\/el-peso-registro-su-peor-nivel-frente-al-dolar-en-noviembre\/#respond"]}]},{"@type":"WebPage","@id":"https:\/\/fuentesfidedignas.com.mx\/index.php\/2021\/12\/07\/el-peso-registro-su-peor-nivel-frente-al-dolar-en-noviembre\/","url":"https:\/\/fuentesfidedignas.com.mx\/index.php\/2021\/12\/07\/el-peso-registro-su-peor-nivel-frente-al-dolar-en-noviembre\/","name":"El peso registr\u00f3 su peor nivel frente al d\u00f3lar en noviembre - Fuentes Fidedignas","isPartOf":{"@id":"https:\/\/fuentesfidedignas.com.mx\/#website"},"primaryImageOfPage":{"@id":"https:\/\/fuentesfidedignas.com.mx\/index.php\/2021\/12\/07\/el-peso-registro-su-peor-nivel-frente-al-dolar-en-noviembre\/#primaryimage"},"image":{"@id":"https:\/\/fuentesfidedignas.com.mx\/index.php\/2021\/12\/07\/el-peso-registro-su-peor-nivel-frente-al-dolar-en-noviembre\/#primaryimage"},"thumbnailUrl":"https:\/\/fuentesfidedignas.com.mx\/wp-content\/uploads\/2021\/12\/Peso-economia-FLA_1863-768x432-1.jpg","datePublished":"2021-12-07T16:48:12+00:00","dateModified":"2021-12-07T16:48:14+00:00","breadcrumb":{"@id":"https:\/\/fuentesfidedignas.com.mx\/index.php\/2021\/12\/07\/el-peso-registro-su-peor-nivel-frente-al-dolar-en-noviembre\/#breadcrumb"},"inLanguage":"es","potentialAction":[{"@type":"ReadAction","target":["https:\/\/fuentesfidedignas.com.mx\/index.php\/2021\/12\/07\/el-peso-registro-su-peor-nivel-frente-al-dolar-en-noviembre\/"]}]},{"@type":"ImageObject","inLanguage":"es","@id":"https:\/\/fuentesfidedignas.com.mx\/index.php\/2021\/12\/07\/el-peso-registro-su-peor-nivel-frente-al-dolar-en-noviembre\/#primaryimage","url":"https:\/\/fuentesfidedignas.com.mx\/wp-content\/uploads\/2021\/12\/Peso-economia-FLA_1863-768x432-1.jpg","contentUrl":"https:\/\/fuentesfidedignas.com.mx\/wp-content\/uploads\/2021\/12\/Peso-economia-FLA_1863-768x432-1.jpg","width":768,"height":432},{"@type":"BreadcrumbList","@id":"https:\/\/fuentesfidedignas.com.mx\/index.php\/2021\/12\/07\/el-peso-registro-su-peor-nivel-frente-al-dolar-en-noviembre\/#breadcrumb","itemListElement":[{"@type":"ListItem","position":1,"name":"Inicio","item":"https:\/\/fuentesfidedignas.com.mx\/"},{"@type":"ListItem","position":2,"name":"El peso registr\u00f3 su peor nivel frente al d\u00f3lar en noviembre"}]},{"@type":"WebSite","@id":"https:\/\/fuentesfidedignas.com.mx\/#website","url":"https:\/\/fuentesfidedignas.com.mx\/","name":"Fuentes Fidedignas","description":"Otro sitio realizado con WordPress","publisher":{"@id":"https:\/\/fuentesfidedignas.com.mx\/#organization"},"potentialAction":[{"@type":"SearchAction","target":{"@type":"EntryPoint","urlTemplate":"https:\/\/fuentesfidedignas.com.mx\/?s={search_term_string}"},"query-input":{"@type":"PropertyValueSpecification","valueRequired":true,"valueName":"search_term_string"}}],"inLanguage":"es"},{"@type":"Organization","@id":"https:\/\/fuentesfidedignas.com.mx\/#organization","name":"Fuentes Fidedignas","url":"https:\/\/fuentesfidedignas.com.mx\/","logo":{"@type":"ImageObject","inLanguage":"es","@id":"https:\/\/fuentesfidedignas.com.mx\/#\/schema\/logo\/image\/","url":"https:\/\/fuentesfidedignas.com.mx\/wp-content\/uploads\/2021\/04\/logo-retina.png","contentUrl":"https:\/\/fuentesfidedignas.com.mx\/wp-content\/uploads\/2021\/04\/logo-retina.png","width":280,"height":51,"caption":"Fuentes Fidedignas"},"image":{"@id":"https:\/\/fuentesfidedignas.com.mx\/#\/schema\/logo\/image\/"},"sameAs":["https:\/\/www.facebook.com\/Fuentes-Fidedignas-368234489921644","https:\/\/x.com\/fidedignas"]},{"@type":"Person","@id":"https:\/\/fuentesfidedignas.com.mx\/#\/schema\/person\/5623d53fe2e579d825b1679734abcc44","name":"Forbes","image":{"@type":"ImageObject","inLanguage":"es","@id":"https:\/\/secure.gravatar.com\/avatar\/87ce3dd4e41e60c22a79c758614f01a6bc2469255fc936ec7b15efb9bb5cb66f?s=96&d=mm&r=g","url":"https:\/\/secure.gravatar.com\/avatar\/87ce3dd4e41e60c22a79c758614f01a6bc2469255fc936ec7b15efb9bb5cb66f?s=96&d=mm&r=g","contentUrl":"https:\/\/secure.gravatar.com\/avatar\/87ce3dd4e41e60c22a79c758614f01a6bc2469255fc936ec7b15efb9bb5cb66f?s=96&d=mm&r=g","caption":"Forbes"},"url":"https:\/\/fuentesfidedignas.com.mx\/index.php\/author\/forbes\/"}]}},"_links":{"self":[{"href":"https:\/\/fuentesfidedignas.com.mx\/index.php\/wp-json\/wp\/v2\/posts\/19280","targetHints":{"allow":["GET"]}}],"collection":[{"href":"https:\/\/fuentesfidedignas.com.mx\/index.php\/wp-json\/wp\/v2\/posts"}],"about":[{"href":"https:\/\/fuentesfidedignas.com.mx\/index.php\/wp-json\/wp\/v2\/types\/post"}],"author":[{"embeddable":true,"href":"https:\/\/fuentesfidedignas.com.mx\/index.php\/wp-json\/wp\/v2\/users\/5"}],"replies":[{"embeddable":true,"href":"https:\/\/fuentesfidedignas.com.mx\/index.php\/wp-json\/wp\/v2\/comments?post=19280"}],"version-history":[{"count":1,"href":"https:\/\/fuentesfidedignas.com.mx\/index.php\/wp-json\/wp\/v2\/posts\/19280\/revisions"}],"predecessor-version":[{"id":19282,"href":"https:\/\/fuentesfidedignas.com.mx\/index.php\/wp-json\/wp\/v2\/posts\/19280\/revisions\/19282"}],"wp:featuredmedia":[{"embeddable":true,"href":"https:\/\/fuentesfidedignas.com.mx\/index.php\/wp-json\/wp\/v2\/media\/19281"}],"wp:attachment":[{"href":"https:\/\/fuentesfidedignas.com.mx\/index.php\/wp-json\/wp\/v2\/media?parent=19280"}],"wp:term":[{"taxonomy":"category","embeddable":true,"href":"https:\/\/fuentesfidedignas.com.mx\/index.php\/wp-json\/wp\/v2\/categories?post=19280"},{"taxonomy":"post_tag","embeddable":true,"href":"https:\/\/fuentesfidedignas.com.mx\/index.php\/wp-json\/wp\/v2\/tags?post=19280"}],"curies":[{"name":"wp","href":"https:\/\/api.w.org\/{rel}","templated":true}]}}