{"id":19259,"date":"2021-12-07T07:05:23","date_gmt":"2021-12-07T14:05:23","guid":{"rendered":"https:\/\/fuentesfidedignas.com.mx\/?p=19259"},"modified":"2021-12-07T07:40:55","modified_gmt":"2021-12-07T14:40:55","slug":"inicia-en-sinaloa-y-otros-cinco-estados-la-tercera-dosis-de-refuerzo-contra-covid-19","status":"publish","type":"post","link":"https:\/\/fuentesfidedignas.com.mx\/index.php\/2021\/12\/07\/inicia-en-sinaloa-y-otros-cinco-estados-la-tercera-dosis-de-refuerzo-contra-covid-19\/","title":{"rendered":"Inicia en seis estados la tercera dosis de refuerzo contra Covid-19"},"content":{"rendered":"\n<p><strong><em>Hugo L\u00f3pez-Gatell, subsecretario de Salud, afirm\u00f3 que las dosis contra COVID-19 de refuerzo a adultos mayores ser\u00e1n del f\u00e1rmaco de AstraZeneca<\/em><\/strong><\/p>\n\n\n\n<p>Ciudad de M\u00e9xico. La Secretar\u00eda de Salud federal anunci\u00f3 el inicio de la dosis anticovid de refuerzo para adultos mayores de 60 a\u00f1os en seis estados de la Rep\u00fablica Mexicana.<\/p>\n\n\n\n<figure class=\"wp-block-embed is-type-rich is-provider-twitter wp-block-embed-twitter\"><div class=\"wp-block-embed__wrapper\">\n<blockquote class=\"twitter-tweet\" data-width=\"550\" data-dnt=\"true\"><p lang=\"es\" dir=\"ltr\"><a href=\"https:\/\/twitter.com\/hashtag\/IMPORTANTE?src=hash&amp;ref_src=twsrc%5Etfw\">#IMPORTANTE<\/a> Cambia Pol\u00edtica de Vacunaci\u00f3n contra COVID-19, con \u00e9nfasis en refuerzo en personas adultas mayores. <br><br>Aplicar\u00e1n a todos los mayores de 60 a\u00f1os que recibieron antes de junio su esquema una dosis adicional de AstraZeneca. <br><br>M\u00e1s en:  <a href=\"https:\/\/t.co\/FTS6plf7z0\">https:\/\/t.co\/FTS6plf7z0<\/a> <a href=\"https:\/\/t.co\/rWnZDRnfbg\">pic.twitter.com\/rWnZDRnfbg<\/a><\/p>&mdash; Joaqu\u00edn L\u00f3pez-D\u00f3riga (@lopezdoriga) <a href=\"https:\/\/twitter.com\/lopezdoriga\/status\/1468214281392979971?ref_src=twsrc%5Etfw\">December 7, 2021<\/a><\/blockquote><script async src=\"https:\/\/platform.twitter.com\/widgets.js\" charset=\"utf-8\"><\/script>\n<\/div><\/figure>\n\n\n\n<p>Hugo L\u00f3pez-Gatell, subsecretario de Salud, inform\u00f3 que esta nueva etapa en el plan nacional de vacunaci\u00f3n comenzar\u00e1 a partir de este 7 de diciembre y se aplicar\u00e1 en todos los casos el f\u00e1rmaco de AstraZeneca.<\/p>\n\n\n\n<p>No es un segundo esquema es una dosis adicional, utilizaremos la vacuna AztraZeneca en todos los casos independientemente de cu\u00e1l fue el esquema primario de vacunaci\u00f3n\u201d, refiri\u00f3 en la conferencia matutina llevada a cabo en Jalisco.<\/p>\n\n\n\n<p>\u201cInician las personas vacunadas antes de junio de 2021, pero si alguien se vacun\u00f3 posteriormente debe esperar seis meses desde la \u00faltima vacunaci\u00f3n\u201d, puntualiz\u00f3.<\/p>\n\n\n\n<p>El zar del coronavirus en M\u00e9xico se\u00f1al\u00f3 que no se requiere registro previo y \u00fanicamente la persona adulta mayor deber\u00e1 acudir al centro de vacunaci\u00f3n con una identificaci\u00f3n que acredite su edad de 60 a\u00f1os o m\u00e1s.<\/p>\n\n\n\n<p>Esta etapa del programa nacional de vacunaci\u00f3n iniciar\u00e1 en seis entidades de la Rep\u00fablica Mexicana: Chiapas, Ciudad de M\u00e9xico, Jalisco, Oaxaca, Sinaloa y Yucat\u00e1n.<\/p>\n\n\n\n<p>El subsecretario de Salud detall\u00f3 cinco consideraciones para llevar a cabo esta dosis de refuerzo en adultos mayores:<\/p>\n\n\n\n<p>1. El refuerzo debe aplicarse a grupos poblacionales m\u00e1s vulnerables, como los adultos mayores.<br>2. No hay evidencia concluyente sobre su aplicaci\u00f3n generalizada cuando ya se aplic\u00f3 un esquema completo.<br>3. Priorizar el avance de la cobertura de esquemas primarios, y completar dichos esquemas.<br>4. Evitar refuerzos generalizados cuando hay grupos poblaciones descubiertos de la inmunizaci\u00f3n.<br>5. La dosis adicional puede ser del mismo u otro tipo de vacuna seg\u00fan disponibilidad.<\/p>\n\n\n\n<p>En lo referente al estrategia nacional de vacunaci\u00f3n, el funcionario de Salud informa que 78.5 millones cuentan con al menos una dosis contra COVID-19. En total se han aplicado un total de 134 millones 694 mil 601 dosis del f\u00e1rmaco anticovid desde diciembre pasado.<\/p>\n","protected":false},"excerpt":{"rendered":"<p>Hugo L\u00f3pez-Gatell, subsecretario de Salud, afirm\u00f3 que las dosis contra COVID-19 de refuerzo a adultos mayores ser\u00e1n del f\u00e1rmaco de AstraZeneca Ciudad de M\u00e9xico. La Secretar\u00eda de Salud federal anunci\u00f3 el inicio de la dosis anticovid de refuerzo para adultos mayores de 60 a\u00f1os en seis estados de la Rep\u00fablica Mexicana. Hugo L\u00f3pez-Gatell, subsecretario de [&hellip;]<\/p>\n","protected":false},"author":47,"featured_media":19260,"comment_status":"open","ping_status":"open","sticky":false,"template":"","format":"standard","meta":{"tdm_status":"","tdm_grid_status":"","footnotes":""},"categories":[37],"tags":[332,59,416,407],"class_list":{"0":"post-19259","1":"post","2":"type-post","3":"status-publish","4":"format-standard","5":"has-post-thumbnail","7":"category-nota-principal","8":"tag-coronavirus","9":"tag-covid-19","10":"tag-sars-cov-2","11":"tag-vacuna-anticovid"},"yoast_head":"<!-- This site is optimized with the Yoast SEO plugin v27.5 - https:\/\/yoast.com\/product\/yoast-seo-wordpress\/ -->\n<title>Inicia en seis estados la tercera dosis de refuerzo contra Covid-19 - Fuentes Fidedignas<\/title>\n<meta name=\"robots\" content=\"index, follow, max-snippet:-1, max-image-preview:large, max-video-preview:-1\" \/>\n<link rel=\"canonical\" href=\"https:\/\/fuentesfidedignas.com.mx\/index.php\/2021\/12\/07\/inicia-en-sinaloa-y-otros-cinco-estados-la-tercera-dosis-de-refuerzo-contra-covid-19\/\" \/>\n<meta property=\"og:locale\" content=\"es_MX\" \/>\n<meta property=\"og:type\" content=\"article\" \/>\n<meta property=\"og:title\" content=\"Inicia en seis estados la tercera dosis de refuerzo contra Covid-19 - Fuentes Fidedignas\" \/>\n<meta property=\"og:description\" content=\"Hugo L\u00f3pez-Gatell, subsecretario de Salud, afirm\u00f3 que las dosis contra COVID-19 de refuerzo a adultos mayores ser\u00e1n del f\u00e1rmaco de AstraZeneca Ciudad de M\u00e9xico. La Secretar\u00eda de Salud federal anunci\u00f3 el inicio de la dosis anticovid de refuerzo para adultos mayores de 60 a\u00f1os en seis estados de la Rep\u00fablica Mexicana. Hugo L\u00f3pez-Gatell, subsecretario de [&hellip;]\" \/>\n<meta property=\"og:url\" content=\"https:\/\/fuentesfidedignas.com.mx\/index.php\/2021\/12\/07\/inicia-en-sinaloa-y-otros-cinco-estados-la-tercera-dosis-de-refuerzo-contra-covid-19\/\" \/>\n<meta property=\"og:site_name\" content=\"Fuentes Fidedignas\" \/>\n<meta property=\"article:publisher\" content=\"https:\/\/www.facebook.com\/Fuentes-Fidedignas-368234489921644\" \/>\n<meta property=\"article:published_time\" content=\"2021-12-07T14:05:23+00:00\" \/>\n<meta property=\"article:modified_time\" content=\"2021-12-07T14:40:55+00:00\" \/>\n<meta property=\"og:image\" content=\"https:\/\/fuentesfidedignas.com.mx\/wp-content\/uploads\/2021\/12\/vacunacion-covid-oaxaca.jpg\" \/>\n\t<meta property=\"og:image:width\" content=\"1000\" \/>\n\t<meta property=\"og:image:height\" content=\"563\" \/>\n\t<meta property=\"og:image:type\" content=\"image\/jpeg\" \/>\n<meta name=\"author\" content=\"L\u00f3pez D\u00f3riga\" \/>\n<meta name=\"twitter:card\" content=\"summary_large_image\" \/>\n<meta name=\"twitter:creator\" content=\"@fidedignas\" \/>\n<meta name=\"twitter:site\" content=\"@fidedignas\" \/>\n<meta name=\"twitter:label1\" content=\"Escrito por\" \/>\n\t<meta name=\"twitter:data1\" content=\"L\u00f3pez D\u00f3riga\" \/>\n\t<meta name=\"twitter:label2\" content=\"Tiempo de lectura\" \/>\n\t<meta name=\"twitter:data2\" content=\"2 minutos\" \/>\n<script type=\"application\/ld+json\" class=\"yoast-schema-graph\">{\"@context\":\"https:\\\/\\\/schema.org\",\"@graph\":[{\"@type\":\"Article\",\"@id\":\"https:\\\/\\\/fuentesfidedignas.com.mx\\\/index.php\\\/2021\\\/12\\\/07\\\/inicia-en-sinaloa-y-otros-cinco-estados-la-tercera-dosis-de-refuerzo-contra-covid-19\\\/#article\",\"isPartOf\":{\"@id\":\"https:\\\/\\\/fuentesfidedignas.com.mx\\\/index.php\\\/2021\\\/12\\\/07\\\/inicia-en-sinaloa-y-otros-cinco-estados-la-tercera-dosis-de-refuerzo-contra-covid-19\\\/\"},\"author\":{\"name\":\"L\u00f3pez D\u00f3riga\",\"@id\":\"https:\\\/\\\/fuentesfidedignas.com.mx\\\/#\\\/schema\\\/person\\\/67d852f0557c8509146a4b9ddebd543a\"},\"headline\":\"Inicia en seis estados la tercera dosis de refuerzo contra Covid-19\",\"datePublished\":\"2021-12-07T14:05:23+00:00\",\"dateModified\":\"2021-12-07T14:40:55+00:00\",\"mainEntityOfPage\":{\"@id\":\"https:\\\/\\\/fuentesfidedignas.com.mx\\\/index.php\\\/2021\\\/12\\\/07\\\/inicia-en-sinaloa-y-otros-cinco-estados-la-tercera-dosis-de-refuerzo-contra-covid-19\\\/\"},\"wordCount\":377,\"commentCount\":0,\"publisher\":{\"@id\":\"https:\\\/\\\/fuentesfidedignas.com.mx\\\/#organization\"},\"image\":{\"@id\":\"https:\\\/\\\/fuentesfidedignas.com.mx\\\/index.php\\\/2021\\\/12\\\/07\\\/inicia-en-sinaloa-y-otros-cinco-estados-la-tercera-dosis-de-refuerzo-contra-covid-19\\\/#primaryimage\"},\"thumbnailUrl\":\"https:\\\/\\\/fuentesfidedignas.com.mx\\\/wp-content\\\/uploads\\\/2021\\\/12\\\/vacunacion-covid-oaxaca.jpg\",\"keywords\":[\"Coronavirus\",\"Covid-19\",\"SARS-CoV-2\",\"Vacuna anticovid\"],\"articleSection\":[\"NOTA PRINCIPAL\"],\"inLanguage\":\"es\",\"potentialAction\":[{\"@type\":\"CommentAction\",\"name\":\"Comment\",\"target\":[\"https:\\\/\\\/fuentesfidedignas.com.mx\\\/index.php\\\/2021\\\/12\\\/07\\\/inicia-en-sinaloa-y-otros-cinco-estados-la-tercera-dosis-de-refuerzo-contra-covid-19\\\/#respond\"]}]},{\"@type\":\"WebPage\",\"@id\":\"https:\\\/\\\/fuentesfidedignas.com.mx\\\/index.php\\\/2021\\\/12\\\/07\\\/inicia-en-sinaloa-y-otros-cinco-estados-la-tercera-dosis-de-refuerzo-contra-covid-19\\\/\",\"url\":\"https:\\\/\\\/fuentesfidedignas.com.mx\\\/index.php\\\/2021\\\/12\\\/07\\\/inicia-en-sinaloa-y-otros-cinco-estados-la-tercera-dosis-de-refuerzo-contra-covid-19\\\/\",\"name\":\"Inicia en seis estados la tercera dosis de refuerzo contra Covid-19 - Fuentes Fidedignas\",\"isPartOf\":{\"@id\":\"https:\\\/\\\/fuentesfidedignas.com.mx\\\/#website\"},\"primaryImageOfPage\":{\"@id\":\"https:\\\/\\\/fuentesfidedignas.com.mx\\\/index.php\\\/2021\\\/12\\\/07\\\/inicia-en-sinaloa-y-otros-cinco-estados-la-tercera-dosis-de-refuerzo-contra-covid-19\\\/#primaryimage\"},\"image\":{\"@id\":\"https:\\\/\\\/fuentesfidedignas.com.mx\\\/index.php\\\/2021\\\/12\\\/07\\\/inicia-en-sinaloa-y-otros-cinco-estados-la-tercera-dosis-de-refuerzo-contra-covid-19\\\/#primaryimage\"},\"thumbnailUrl\":\"https:\\\/\\\/fuentesfidedignas.com.mx\\\/wp-content\\\/uploads\\\/2021\\\/12\\\/vacunacion-covid-oaxaca.jpg\",\"datePublished\":\"2021-12-07T14:05:23+00:00\",\"dateModified\":\"2021-12-07T14:40:55+00:00\",\"breadcrumb\":{\"@id\":\"https:\\\/\\\/fuentesfidedignas.com.mx\\\/index.php\\\/2021\\\/12\\\/07\\\/inicia-en-sinaloa-y-otros-cinco-estados-la-tercera-dosis-de-refuerzo-contra-covid-19\\\/#breadcrumb\"},\"inLanguage\":\"es\",\"potentialAction\":[{\"@type\":\"ReadAction\",\"target\":[\"https:\\\/\\\/fuentesfidedignas.com.mx\\\/index.php\\\/2021\\\/12\\\/07\\\/inicia-en-sinaloa-y-otros-cinco-estados-la-tercera-dosis-de-refuerzo-contra-covid-19\\\/\"]}]},{\"@type\":\"ImageObject\",\"inLanguage\":\"es\",\"@id\":\"https:\\\/\\\/fuentesfidedignas.com.mx\\\/index.php\\\/2021\\\/12\\\/07\\\/inicia-en-sinaloa-y-otros-cinco-estados-la-tercera-dosis-de-refuerzo-contra-covid-19\\\/#primaryimage\",\"url\":\"https:\\\/\\\/fuentesfidedignas.com.mx\\\/wp-content\\\/uploads\\\/2021\\\/12\\\/vacunacion-covid-oaxaca.jpg\",\"contentUrl\":\"https:\\\/\\\/fuentesfidedignas.com.mx\\\/wp-content\\\/uploads\\\/2021\\\/12\\\/vacunacion-covid-oaxaca.jpg\",\"width\":1000,\"height\":563},{\"@type\":\"BreadcrumbList\",\"@id\":\"https:\\\/\\\/fuentesfidedignas.com.mx\\\/index.php\\\/2021\\\/12\\\/07\\\/inicia-en-sinaloa-y-otros-cinco-estados-la-tercera-dosis-de-refuerzo-contra-covid-19\\\/#breadcrumb\",\"itemListElement\":[{\"@type\":\"ListItem\",\"position\":1,\"name\":\"Inicio\",\"item\":\"https:\\\/\\\/fuentesfidedignas.com.mx\\\/\"},{\"@type\":\"ListItem\",\"position\":2,\"name\":\"Inicia en seis estados la tercera dosis de refuerzo contra Covid-19\"}]},{\"@type\":\"WebSite\",\"@id\":\"https:\\\/\\\/fuentesfidedignas.com.mx\\\/#website\",\"url\":\"https:\\\/\\\/fuentesfidedignas.com.mx\\\/\",\"name\":\"Fuentes Fidedignas\",\"description\":\"Otro sitio realizado con WordPress\",\"publisher\":{\"@id\":\"https:\\\/\\\/fuentesfidedignas.com.mx\\\/#organization\"},\"potentialAction\":[{\"@type\":\"SearchAction\",\"target\":{\"@type\":\"EntryPoint\",\"urlTemplate\":\"https:\\\/\\\/fuentesfidedignas.com.mx\\\/?s={search_term_string}\"},\"query-input\":{\"@type\":\"PropertyValueSpecification\",\"valueRequired\":true,\"valueName\":\"search_term_string\"}}],\"inLanguage\":\"es\"},{\"@type\":\"Organization\",\"@id\":\"https:\\\/\\\/fuentesfidedignas.com.mx\\\/#organization\",\"name\":\"Fuentes Fidedignas\",\"url\":\"https:\\\/\\\/fuentesfidedignas.com.mx\\\/\",\"logo\":{\"@type\":\"ImageObject\",\"inLanguage\":\"es\",\"@id\":\"https:\\\/\\\/fuentesfidedignas.com.mx\\\/#\\\/schema\\\/logo\\\/image\\\/\",\"url\":\"https:\\\/\\\/fuentesfidedignas.com.mx\\\/wp-content\\\/uploads\\\/2021\\\/04\\\/logo-retina.png\",\"contentUrl\":\"https:\\\/\\\/fuentesfidedignas.com.mx\\\/wp-content\\\/uploads\\\/2021\\\/04\\\/logo-retina.png\",\"width\":280,\"height\":51,\"caption\":\"Fuentes Fidedignas\"},\"image\":{\"@id\":\"https:\\\/\\\/fuentesfidedignas.com.mx\\\/#\\\/schema\\\/logo\\\/image\\\/\"},\"sameAs\":[\"https:\\\/\\\/www.facebook.com\\\/Fuentes-Fidedignas-368234489921644\",\"https:\\\/\\\/x.com\\\/fidedignas\"]},{\"@type\":\"Person\",\"@id\":\"https:\\\/\\\/fuentesfidedignas.com.mx\\\/#\\\/schema\\\/person\\\/67d852f0557c8509146a4b9ddebd543a\",\"name\":\"L\u00f3pez D\u00f3riga\",\"image\":{\"@type\":\"ImageObject\",\"inLanguage\":\"es\",\"@id\":\"https:\\\/\\\/secure.gravatar.com\\\/avatar\\\/e525b06574ca18b33cded59dfe5778d6c823b9513154eff47da551b0551bdd1e?s=96&d=mm&r=g\",\"url\":\"https:\\\/\\\/secure.gravatar.com\\\/avatar\\\/e525b06574ca18b33cded59dfe5778d6c823b9513154eff47da551b0551bdd1e?s=96&d=mm&r=g\",\"contentUrl\":\"https:\\\/\\\/secure.gravatar.com\\\/avatar\\\/e525b06574ca18b33cded59dfe5778d6c823b9513154eff47da551b0551bdd1e?s=96&d=mm&r=g\",\"caption\":\"L\u00f3pez D\u00f3riga\"},\"url\":\"https:\\\/\\\/fuentesfidedignas.com.mx\\\/index.php\\\/author\\\/doriga\\\/\"}]}<\/script>\n<!-- \/ Yoast SEO plugin. -->","yoast_head_json":{"title":"Inicia en seis estados la tercera dosis de refuerzo contra Covid-19 - Fuentes Fidedignas","robots":{"index":"index","follow":"follow","max-snippet":"max-snippet:-1","max-image-preview":"max-image-preview:large","max-video-preview":"max-video-preview:-1"},"canonical":"https:\/\/fuentesfidedignas.com.mx\/index.php\/2021\/12\/07\/inicia-en-sinaloa-y-otros-cinco-estados-la-tercera-dosis-de-refuerzo-contra-covid-19\/","og_locale":"es_MX","og_type":"article","og_title":"Inicia en seis estados la tercera dosis de refuerzo contra Covid-19 - Fuentes Fidedignas","og_description":"Hugo L\u00f3pez-Gatell, subsecretario de Salud, afirm\u00f3 que las dosis contra COVID-19 de refuerzo a adultos mayores ser\u00e1n del f\u00e1rmaco de AstraZeneca Ciudad de M\u00e9xico. La Secretar\u00eda de Salud federal anunci\u00f3 el inicio de la dosis anticovid de refuerzo para adultos mayores de 60 a\u00f1os en seis estados de la Rep\u00fablica Mexicana. Hugo L\u00f3pez-Gatell, subsecretario de [&hellip;]","og_url":"https:\/\/fuentesfidedignas.com.mx\/index.php\/2021\/12\/07\/inicia-en-sinaloa-y-otros-cinco-estados-la-tercera-dosis-de-refuerzo-contra-covid-19\/","og_site_name":"Fuentes Fidedignas","article_publisher":"https:\/\/www.facebook.com\/Fuentes-Fidedignas-368234489921644","article_published_time":"2021-12-07T14:05:23+00:00","article_modified_time":"2021-12-07T14:40:55+00:00","og_image":[{"width":1000,"height":563,"url":"https:\/\/fuentesfidedignas.com.mx\/wp-content\/uploads\/2021\/12\/vacunacion-covid-oaxaca.jpg","type":"image\/jpeg"}],"author":"L\u00f3pez D\u00f3riga","twitter_card":"summary_large_image","twitter_creator":"@fidedignas","twitter_site":"@fidedignas","twitter_misc":{"Escrito por":"L\u00f3pez D\u00f3riga","Tiempo de lectura":"2 minutos"},"schema":{"@context":"https:\/\/schema.org","@graph":[{"@type":"Article","@id":"https:\/\/fuentesfidedignas.com.mx\/index.php\/2021\/12\/07\/inicia-en-sinaloa-y-otros-cinco-estados-la-tercera-dosis-de-refuerzo-contra-covid-19\/#article","isPartOf":{"@id":"https:\/\/fuentesfidedignas.com.mx\/index.php\/2021\/12\/07\/inicia-en-sinaloa-y-otros-cinco-estados-la-tercera-dosis-de-refuerzo-contra-covid-19\/"},"author":{"name":"L\u00f3pez D\u00f3riga","@id":"https:\/\/fuentesfidedignas.com.mx\/#\/schema\/person\/67d852f0557c8509146a4b9ddebd543a"},"headline":"Inicia en seis estados la tercera dosis de refuerzo contra Covid-19","datePublished":"2021-12-07T14:05:23+00:00","dateModified":"2021-12-07T14:40:55+00:00","mainEntityOfPage":{"@id":"https:\/\/fuentesfidedignas.com.mx\/index.php\/2021\/12\/07\/inicia-en-sinaloa-y-otros-cinco-estados-la-tercera-dosis-de-refuerzo-contra-covid-19\/"},"wordCount":377,"commentCount":0,"publisher":{"@id":"https:\/\/fuentesfidedignas.com.mx\/#organization"},"image":{"@id":"https:\/\/fuentesfidedignas.com.mx\/index.php\/2021\/12\/07\/inicia-en-sinaloa-y-otros-cinco-estados-la-tercera-dosis-de-refuerzo-contra-covid-19\/#primaryimage"},"thumbnailUrl":"https:\/\/fuentesfidedignas.com.mx\/wp-content\/uploads\/2021\/12\/vacunacion-covid-oaxaca.jpg","keywords":["Coronavirus","Covid-19","SARS-CoV-2","Vacuna anticovid"],"articleSection":["NOTA PRINCIPAL"],"inLanguage":"es","potentialAction":[{"@type":"CommentAction","name":"Comment","target":["https:\/\/fuentesfidedignas.com.mx\/index.php\/2021\/12\/07\/inicia-en-sinaloa-y-otros-cinco-estados-la-tercera-dosis-de-refuerzo-contra-covid-19\/#respond"]}]},{"@type":"WebPage","@id":"https:\/\/fuentesfidedignas.com.mx\/index.php\/2021\/12\/07\/inicia-en-sinaloa-y-otros-cinco-estados-la-tercera-dosis-de-refuerzo-contra-covid-19\/","url":"https:\/\/fuentesfidedignas.com.mx\/index.php\/2021\/12\/07\/inicia-en-sinaloa-y-otros-cinco-estados-la-tercera-dosis-de-refuerzo-contra-covid-19\/","name":"Inicia en seis estados la tercera dosis de refuerzo contra Covid-19 - Fuentes Fidedignas","isPartOf":{"@id":"https:\/\/fuentesfidedignas.com.mx\/#website"},"primaryImageOfPage":{"@id":"https:\/\/fuentesfidedignas.com.mx\/index.php\/2021\/12\/07\/inicia-en-sinaloa-y-otros-cinco-estados-la-tercera-dosis-de-refuerzo-contra-covid-19\/#primaryimage"},"image":{"@id":"https:\/\/fuentesfidedignas.com.mx\/index.php\/2021\/12\/07\/inicia-en-sinaloa-y-otros-cinco-estados-la-tercera-dosis-de-refuerzo-contra-covid-19\/#primaryimage"},"thumbnailUrl":"https:\/\/fuentesfidedignas.com.mx\/wp-content\/uploads\/2021\/12\/vacunacion-covid-oaxaca.jpg","datePublished":"2021-12-07T14:05:23+00:00","dateModified":"2021-12-07T14:40:55+00:00","breadcrumb":{"@id":"https:\/\/fuentesfidedignas.com.mx\/index.php\/2021\/12\/07\/inicia-en-sinaloa-y-otros-cinco-estados-la-tercera-dosis-de-refuerzo-contra-covid-19\/#breadcrumb"},"inLanguage":"es","potentialAction":[{"@type":"ReadAction","target":["https:\/\/fuentesfidedignas.com.mx\/index.php\/2021\/12\/07\/inicia-en-sinaloa-y-otros-cinco-estados-la-tercera-dosis-de-refuerzo-contra-covid-19\/"]}]},{"@type":"ImageObject","inLanguage":"es","@id":"https:\/\/fuentesfidedignas.com.mx\/index.php\/2021\/12\/07\/inicia-en-sinaloa-y-otros-cinco-estados-la-tercera-dosis-de-refuerzo-contra-covid-19\/#primaryimage","url":"https:\/\/fuentesfidedignas.com.mx\/wp-content\/uploads\/2021\/12\/vacunacion-covid-oaxaca.jpg","contentUrl":"https:\/\/fuentesfidedignas.com.mx\/wp-content\/uploads\/2021\/12\/vacunacion-covid-oaxaca.jpg","width":1000,"height":563},{"@type":"BreadcrumbList","@id":"https:\/\/fuentesfidedignas.com.mx\/index.php\/2021\/12\/07\/inicia-en-sinaloa-y-otros-cinco-estados-la-tercera-dosis-de-refuerzo-contra-covid-19\/#breadcrumb","itemListElement":[{"@type":"ListItem","position":1,"name":"Inicio","item":"https:\/\/fuentesfidedignas.com.mx\/"},{"@type":"ListItem","position":2,"name":"Inicia en seis estados la tercera dosis de refuerzo contra Covid-19"}]},{"@type":"WebSite","@id":"https:\/\/fuentesfidedignas.com.mx\/#website","url":"https:\/\/fuentesfidedignas.com.mx\/","name":"Fuentes Fidedignas","description":"Otro sitio realizado con WordPress","publisher":{"@id":"https:\/\/fuentesfidedignas.com.mx\/#organization"},"potentialAction":[{"@type":"SearchAction","target":{"@type":"EntryPoint","urlTemplate":"https:\/\/fuentesfidedignas.com.mx\/?s={search_term_string}"},"query-input":{"@type":"PropertyValueSpecification","valueRequired":true,"valueName":"search_term_string"}}],"inLanguage":"es"},{"@type":"Organization","@id":"https:\/\/fuentesfidedignas.com.mx\/#organization","name":"Fuentes Fidedignas","url":"https:\/\/fuentesfidedignas.com.mx\/","logo":{"@type":"ImageObject","inLanguage":"es","@id":"https:\/\/fuentesfidedignas.com.mx\/#\/schema\/logo\/image\/","url":"https:\/\/fuentesfidedignas.com.mx\/wp-content\/uploads\/2021\/04\/logo-retina.png","contentUrl":"https:\/\/fuentesfidedignas.com.mx\/wp-content\/uploads\/2021\/04\/logo-retina.png","width":280,"height":51,"caption":"Fuentes Fidedignas"},"image":{"@id":"https:\/\/fuentesfidedignas.com.mx\/#\/schema\/logo\/image\/"},"sameAs":["https:\/\/www.facebook.com\/Fuentes-Fidedignas-368234489921644","https:\/\/x.com\/fidedignas"]},{"@type":"Person","@id":"https:\/\/fuentesfidedignas.com.mx\/#\/schema\/person\/67d852f0557c8509146a4b9ddebd543a","name":"L\u00f3pez D\u00f3riga","image":{"@type":"ImageObject","inLanguage":"es","@id":"https:\/\/secure.gravatar.com\/avatar\/e525b06574ca18b33cded59dfe5778d6c823b9513154eff47da551b0551bdd1e?s=96&d=mm&r=g","url":"https:\/\/secure.gravatar.com\/avatar\/e525b06574ca18b33cded59dfe5778d6c823b9513154eff47da551b0551bdd1e?s=96&d=mm&r=g","contentUrl":"https:\/\/secure.gravatar.com\/avatar\/e525b06574ca18b33cded59dfe5778d6c823b9513154eff47da551b0551bdd1e?s=96&d=mm&r=g","caption":"L\u00f3pez D\u00f3riga"},"url":"https:\/\/fuentesfidedignas.com.mx\/index.php\/author\/doriga\/"}]}},"_links":{"self":[{"href":"https:\/\/fuentesfidedignas.com.mx\/index.php\/wp-json\/wp\/v2\/posts\/19259","targetHints":{"allow":["GET"]}}],"collection":[{"href":"https:\/\/fuentesfidedignas.com.mx\/index.php\/wp-json\/wp\/v2\/posts"}],"about":[{"href":"https:\/\/fuentesfidedignas.com.mx\/index.php\/wp-json\/wp\/v2\/types\/post"}],"author":[{"embeddable":true,"href":"https:\/\/fuentesfidedignas.com.mx\/index.php\/wp-json\/wp\/v2\/users\/47"}],"replies":[{"embeddable":true,"href":"https:\/\/fuentesfidedignas.com.mx\/index.php\/wp-json\/wp\/v2\/comments?post=19259"}],"version-history":[{"count":3,"href":"https:\/\/fuentesfidedignas.com.mx\/index.php\/wp-json\/wp\/v2\/posts\/19259\/revisions"}],"predecessor-version":[{"id":19263,"href":"https:\/\/fuentesfidedignas.com.mx\/index.php\/wp-json\/wp\/v2\/posts\/19259\/revisions\/19263"}],"wp:featuredmedia":[{"embeddable":true,"href":"https:\/\/fuentesfidedignas.com.mx\/index.php\/wp-json\/wp\/v2\/media\/19260"}],"wp:attachment":[{"href":"https:\/\/fuentesfidedignas.com.mx\/index.php\/wp-json\/wp\/v2\/media?parent=19259"}],"wp:term":[{"taxonomy":"category","embeddable":true,"href":"https:\/\/fuentesfidedignas.com.mx\/index.php\/wp-json\/wp\/v2\/categories?post=19259"},{"taxonomy":"post_tag","embeddable":true,"href":"https:\/\/fuentesfidedignas.com.mx\/index.php\/wp-json\/wp\/v2\/tags?post=19259"}],"curies":[{"name":"wp","href":"https:\/\/api.w.org\/{rel}","templated":true}]}}