{"id":19253,"date":"2021-12-07T06:27:06","date_gmt":"2021-12-07T13:27:06","guid":{"rendered":"https:\/\/fuentesfidedignas.com.mx\/?p=19253"},"modified":"2021-12-07T06:27:08","modified_gmt":"2021-12-07T13:27:08","slug":"se-agota-tiempo-para-morena-lleva-26-de-firmas-validadas-para-revocacion","status":"publish","type":"post","link":"https:\/\/fuentesfidedignas.com.mx\/index.php\/2021\/12\/07\/se-agota-tiempo-para-morena-lleva-26-de-firmas-validadas-para-revocacion\/","title":{"rendered":"Se agota tiempo para Morena; lleva 26% de firmas validadas para revocaci\u00f3n"},"content":{"rendered":"\n<p><strong><em>El INE s\u00f3lo ha validado 26% de las 2.8 millones de firmas requeridas para llevar a cabo la consulta revocaci\u00f3n de mandato de L\u00f3pez Obrador<\/em><\/strong><\/p>\n\n\n\n<p>Ciudad de M\u00e9xico. A menos de 20 d\u00edas de que se cumpla el plazo para el acopio de firmas para la consulta de revocaci\u00f3n de mandato del presidente Andr\u00e9s Manuel L\u00f3pez Obrador, Morena y sus promoventes a\u00fan est\u00e1n lejos de alcanzar la meta de 2,758,227 r\u00fabricas para solicitar al Congreso de la Uni\u00f3n la realizaci\u00f3n de este ejercicio.<\/p>\n\n\n\n<p>Las firmas son recopiladas en su mayor\u00eda por asociaciones civiles afines a Morena, muchas de ellas encabezadas por excandidatos del partido, como Que Siga la Democracia, liderada por Gabriela Jim\u00e9nez Godoy, quien compiti\u00f3 por una diputaci\u00f3n federal por el distrito de Azcapotzalco, en la Ciudad de M\u00e9xico.<\/p>\n\n\n\n<p>Las organizaciones afines a Morena y a L\u00f3pez Obrador buscan convertir en los hechos la consulta en un ejercicio de ratificaci\u00f3n de mandato, lejos de una revocaci\u00f3n.<\/p>\n\n\n\n<p>Al poco apoyo que se ha registrado en algunos estados de la Rep\u00fablica, como Sonora, donde apenas se reporta 1% del apoyo necesario para la realizaci\u00f3n del ejercicio, se tienen que sumar las diversas irregularidades que ha encontrado el INE en el acopio de las firmas.<\/p>\n\n\n\n<p>Con corte hasta el 5 de diciembre, los promoventes y auxiliares encargados de recabar firmas han presentado ante el INE los registros de 942,385 personas. No obstante, la autoridad electoral s\u00f3lo ha validado 726,973 r\u00fabricas, el 26% de las necesarias para la consulta de revocaci\u00f3n de mandato.<\/p>\n\n\n\n<p>El INE elimin\u00f3 el registro de 10,142 solicitantes pues ya hab\u00edan sido dados de baja del Padr\u00f3n Nacional de Electores. Las razones de las bajas son que el elector haya muerto, se le hayan suspendido los derechos pol\u00edticos por una resoluci\u00f3n judicial o que hayan presentando una credencial de elector duplicada o con vigencia caduca.<\/p>\n\n\n\n<p>De acuerdo con fuentes del INE, a\u00fan se investiga cu\u00e1les de las causales mencionadas han sido recurrentes en el acopio de r\u00fabricas para la revocaci\u00f3n de mandato.<\/p>\n\n\n\n<p>De igual forma, la autoridad electoral report\u00f3 que no tiene datos registrados de 9,340 personas y que de 5,507 tiene una situaci\u00f3n diferente a la referida en el padr\u00f3n electoral. Adem\u00e1s, el INE ha desechado 84,415 firmas para la revocaci\u00f3n de mandato con alguna inconsistencia.<\/p>\n\n\n\n<p>En total, la autoridad electoral ha descartado el registro de 143,617 firmas por presentar alguna irregularidad; en tanto, 71,795 a\u00fan se encuentran en procesamiento para determinar su elegibilidad.<\/p>\n\n\n\n<p><strong>Se desinfla apoyo para consulta de revocaci\u00f3n en estados morenistas<\/strong><\/p>\n\n\n\n<p>Sonora, Colima y Nayarit, estados que enfrentan complejidades econ\u00f3micas y de seguridad y que han sido privilegiados con apoyos de rescate por parte del gobierno de L\u00f3pez Obrador, han respondido por debajo de las expectativas para el acopio de firmas para la consulta de revocaci\u00f3n de mandato.<\/p>\n\n\n\n<p>Las organizaciones afines a Morena y a L\u00f3pez Obrador buscan convertir en los hechos la consulta en un ejercicio de ratificaci\u00f3n de mandato, lejos de una revocaci\u00f3n.<\/p>\n\n\n\n<p>Al poco apoyo que se ha registrado en algunos estados de la Rep\u00fablica, como Sonora, donde apenas se reporta 1% del apoyo necesario para la realizaci\u00f3n del ejercicio, se tienen que sumar las diversas irregularidades que ha encontrado el INE en el acopio de las firmas.<\/p>\n\n\n\n<p>Con corte hasta el 5 de diciembre, los promoventes y auxiliares encargados de recabar firmas han presentado ante el INE los registros de 942,385 personas. No obstante, la autoridad electoral s\u00f3lo ha validado 726,973 r\u00fabricas, el 26% de las necesarias para la consulta de revocaci\u00f3n de mandato.<\/p>\n\n\n\n<p>Sonora, estado que gobierna el morenista Alfonso Durazo, extitular de la Secretar\u00eda Seguridad y Protecci\u00f3n Ciudadana, y donde la Federaci\u00f3n destinar\u00e1 inversiones por 9,641 millones de pesos para una planta solar, la recolecci\u00f3n de firmas es de apenas 1.45%, es decir, de las 64,068 firmas requeridas, s\u00f3lo se han validado 930 de manera preliminar.<\/p>\n\n\n\n<p>Colima, gobernada por Indira Vizca\u00edno, estado al que el gobierno federal dar\u00e1 atenci\u00f3n prioritaria para revertir la inseguridad y reestructurar su deuda por 11,000 millones de pesos, el acopio de firmas para la revocaci\u00f3n alcanza apenas 170 r\u00fabricas validadas de manera preliminar por el INE, de las 16,473 requeridas para alcanzar 3% de la lista nominal de la entidad.<\/p>\n\n\n\n<p>Nayarit, que encabeza el morenista Miguel \u00c1ngel Navarro y donde el presidente L\u00f3pez Obrador viajar\u00e1 esta semana para presentar un plan integral de apoyo a la entidad, se han logrado validar apenas 349 firmas de las 26,391 necesarias; es decir, apenas 1.32%.<\/p>\n\n\n\n<p>Baja California, Baja California Sur, Chiapas, Michoac\u00e1n, Morelos, Puebla, Sinaloa, Tlaxcala y Zacatecas, tambi\u00e9n gobernadas por morenistas, apenas rebasan 6% de los apoyos requeridos.<\/p>\n\n\n\n<p>S\u00f3lo la Ciudad de M\u00e9xico, gobernada por Claudia Sheinbaum y Tabasco, estado natal de L\u00f3pez Obrador, han cumplido con creces con el acopio de r\u00fabricas.<\/p>\n\n\n\n<p>En la capital de la Rep\u00fablica, el INE ha contabilizado 364,583 firmas de las 227,868 fijadas por la autoridad electoral como 3% de la lista nominal de la CDMX.<\/p>\n\n\n\n<p>Tabasco, ha juntado 88,538 r\u00fabricas, m\u00e1s de las 52,68 firmas necesarias para cubrir el 3% de la lista nominal local.<\/p>\n","protected":false},"excerpt":{"rendered":"<p>El INE s\u00f3lo ha validado 26% de las 2.8 millones de firmas requeridas para llevar a cabo la consulta revocaci\u00f3n de mandato de L\u00f3pez Obrador Ciudad de M\u00e9xico. A menos de 20 d\u00edas de que se cumpla el plazo para el acopio de firmas para la consulta de revocaci\u00f3n de mandato del presidente Andr\u00e9s Manuel [&hellip;]<\/p>\n","protected":false},"author":5,"featured_media":19254,"comment_status":"open","ping_status":"open","sticky":false,"template":"","format":"standard","meta":{"tdm_status":"","tdm_grid_status":"","footnotes":""},"categories":[39],"tags":[],"class_list":{"0":"post-19253","1":"post","2":"type-post","3":"status-publish","4":"format-standard","5":"has-post-thumbnail","7":"category-noticias-nacionales"},"yoast_head":"<!-- This site is optimized with the Yoast SEO plugin v27.5 - https:\/\/yoast.com\/product\/yoast-seo-wordpress\/ -->\n<title>Se agota tiempo para Morena; lleva 26% de firmas validadas para revocaci\u00f3n - Fuentes Fidedignas<\/title>\n<meta name=\"robots\" content=\"index, follow, max-snippet:-1, max-image-preview:large, max-video-preview:-1\" \/>\n<link rel=\"canonical\" href=\"https:\/\/fuentesfidedignas.com.mx\/index.php\/2021\/12\/07\/se-agota-tiempo-para-morena-lleva-26-de-firmas-validadas-para-revocacion\/\" \/>\n<meta property=\"og:locale\" content=\"es_MX\" \/>\n<meta property=\"og:type\" content=\"article\" \/>\n<meta property=\"og:title\" content=\"Se agota tiempo para Morena; lleva 26% de firmas validadas para revocaci\u00f3n - Fuentes Fidedignas\" \/>\n<meta property=\"og:description\" content=\"El INE s\u00f3lo ha validado 26% de las 2.8 millones de firmas requeridas para llevar a cabo la consulta revocaci\u00f3n de mandato de L\u00f3pez Obrador Ciudad de M\u00e9xico. A menos de 20 d\u00edas de que se cumpla el plazo para el acopio de firmas para la consulta de revocaci\u00f3n de mandato del presidente Andr\u00e9s Manuel [&hellip;]\" \/>\n<meta property=\"og:url\" content=\"https:\/\/fuentesfidedignas.com.mx\/index.php\/2021\/12\/07\/se-agota-tiempo-para-morena-lleva-26-de-firmas-validadas-para-revocacion\/\" \/>\n<meta property=\"og:site_name\" content=\"Fuentes Fidedignas\" \/>\n<meta property=\"article:publisher\" content=\"https:\/\/www.facebook.com\/Fuentes-Fidedignas-368234489921644\" \/>\n<meta property=\"article:published_time\" content=\"2021-12-07T13:27:06+00:00\" \/>\n<meta property=\"article:modified_time\" content=\"2021-12-07T13:27:08+00:00\" \/>\n<meta property=\"og:image\" content=\"https:\/\/fuentesfidedignas.com.mx\/wp-content\/uploads\/2021\/12\/AMLO-4-768x432-1.jpg\" \/>\n\t<meta property=\"og:image:width\" content=\"768\" \/>\n\t<meta property=\"og:image:height\" content=\"432\" \/>\n\t<meta property=\"og:image:type\" content=\"image\/jpeg\" \/>\n<meta name=\"author\" content=\"Forbes\" \/>\n<meta name=\"twitter:card\" content=\"summary_large_image\" \/>\n<meta name=\"twitter:creator\" content=\"@fidedignas\" \/>\n<meta name=\"twitter:site\" content=\"@fidedignas\" \/>\n<meta name=\"twitter:label1\" content=\"Escrito por\" \/>\n\t<meta name=\"twitter:data1\" content=\"Forbes\" \/>\n\t<meta name=\"twitter:label2\" content=\"Tiempo de lectura\" \/>\n\t<meta name=\"twitter:data2\" content=\"4 minutos\" \/>\n<script type=\"application\/ld+json\" class=\"yoast-schema-graph\">{\"@context\":\"https:\\\/\\\/schema.org\",\"@graph\":[{\"@type\":\"Article\",\"@id\":\"https:\\\/\\\/fuentesfidedignas.com.mx\\\/index.php\\\/2021\\\/12\\\/07\\\/se-agota-tiempo-para-morena-lleva-26-de-firmas-validadas-para-revocacion\\\/#article\",\"isPartOf\":{\"@id\":\"https:\\\/\\\/fuentesfidedignas.com.mx\\\/index.php\\\/2021\\\/12\\\/07\\\/se-agota-tiempo-para-morena-lleva-26-de-firmas-validadas-para-revocacion\\\/\"},\"author\":{\"name\":\"Forbes\",\"@id\":\"https:\\\/\\\/fuentesfidedignas.com.mx\\\/#\\\/schema\\\/person\\\/5623d53fe2e579d825b1679734abcc44\"},\"headline\":\"Se agota tiempo para Morena; lleva 26% de firmas validadas para revocaci\u00f3n\",\"datePublished\":\"2021-12-07T13:27:06+00:00\",\"dateModified\":\"2021-12-07T13:27:08+00:00\",\"mainEntityOfPage\":{\"@id\":\"https:\\\/\\\/fuentesfidedignas.com.mx\\\/index.php\\\/2021\\\/12\\\/07\\\/se-agota-tiempo-para-morena-lleva-26-de-firmas-validadas-para-revocacion\\\/\"},\"wordCount\":878,\"commentCount\":0,\"publisher\":{\"@id\":\"https:\\\/\\\/fuentesfidedignas.com.mx\\\/#organization\"},\"image\":{\"@id\":\"https:\\\/\\\/fuentesfidedignas.com.mx\\\/index.php\\\/2021\\\/12\\\/07\\\/se-agota-tiempo-para-morena-lleva-26-de-firmas-validadas-para-revocacion\\\/#primaryimage\"},\"thumbnailUrl\":\"https:\\\/\\\/fuentesfidedignas.com.mx\\\/wp-content\\\/uploads\\\/2021\\\/12\\\/AMLO-4-768x432-1.jpg\",\"articleSection\":[\"NOTICIAS NACIONALES\"],\"inLanguage\":\"es\",\"potentialAction\":[{\"@type\":\"CommentAction\",\"name\":\"Comment\",\"target\":[\"https:\\\/\\\/fuentesfidedignas.com.mx\\\/index.php\\\/2021\\\/12\\\/07\\\/se-agota-tiempo-para-morena-lleva-26-de-firmas-validadas-para-revocacion\\\/#respond\"]}]},{\"@type\":\"WebPage\",\"@id\":\"https:\\\/\\\/fuentesfidedignas.com.mx\\\/index.php\\\/2021\\\/12\\\/07\\\/se-agota-tiempo-para-morena-lleva-26-de-firmas-validadas-para-revocacion\\\/\",\"url\":\"https:\\\/\\\/fuentesfidedignas.com.mx\\\/index.php\\\/2021\\\/12\\\/07\\\/se-agota-tiempo-para-morena-lleva-26-de-firmas-validadas-para-revocacion\\\/\",\"name\":\"Se agota tiempo para Morena; lleva 26% de firmas validadas para revocaci\u00f3n - Fuentes Fidedignas\",\"isPartOf\":{\"@id\":\"https:\\\/\\\/fuentesfidedignas.com.mx\\\/#website\"},\"primaryImageOfPage\":{\"@id\":\"https:\\\/\\\/fuentesfidedignas.com.mx\\\/index.php\\\/2021\\\/12\\\/07\\\/se-agota-tiempo-para-morena-lleva-26-de-firmas-validadas-para-revocacion\\\/#primaryimage\"},\"image\":{\"@id\":\"https:\\\/\\\/fuentesfidedignas.com.mx\\\/index.php\\\/2021\\\/12\\\/07\\\/se-agota-tiempo-para-morena-lleva-26-de-firmas-validadas-para-revocacion\\\/#primaryimage\"},\"thumbnailUrl\":\"https:\\\/\\\/fuentesfidedignas.com.mx\\\/wp-content\\\/uploads\\\/2021\\\/12\\\/AMLO-4-768x432-1.jpg\",\"datePublished\":\"2021-12-07T13:27:06+00:00\",\"dateModified\":\"2021-12-07T13:27:08+00:00\",\"breadcrumb\":{\"@id\":\"https:\\\/\\\/fuentesfidedignas.com.mx\\\/index.php\\\/2021\\\/12\\\/07\\\/se-agota-tiempo-para-morena-lleva-26-de-firmas-validadas-para-revocacion\\\/#breadcrumb\"},\"inLanguage\":\"es\",\"potentialAction\":[{\"@type\":\"ReadAction\",\"target\":[\"https:\\\/\\\/fuentesfidedignas.com.mx\\\/index.php\\\/2021\\\/12\\\/07\\\/se-agota-tiempo-para-morena-lleva-26-de-firmas-validadas-para-revocacion\\\/\"]}]},{\"@type\":\"ImageObject\",\"inLanguage\":\"es\",\"@id\":\"https:\\\/\\\/fuentesfidedignas.com.mx\\\/index.php\\\/2021\\\/12\\\/07\\\/se-agota-tiempo-para-morena-lleva-26-de-firmas-validadas-para-revocacion\\\/#primaryimage\",\"url\":\"https:\\\/\\\/fuentesfidedignas.com.mx\\\/wp-content\\\/uploads\\\/2021\\\/12\\\/AMLO-4-768x432-1.jpg\",\"contentUrl\":\"https:\\\/\\\/fuentesfidedignas.com.mx\\\/wp-content\\\/uploads\\\/2021\\\/12\\\/AMLO-4-768x432-1.jpg\",\"width\":768,\"height\":432},{\"@type\":\"BreadcrumbList\",\"@id\":\"https:\\\/\\\/fuentesfidedignas.com.mx\\\/index.php\\\/2021\\\/12\\\/07\\\/se-agota-tiempo-para-morena-lleva-26-de-firmas-validadas-para-revocacion\\\/#breadcrumb\",\"itemListElement\":[{\"@type\":\"ListItem\",\"position\":1,\"name\":\"Inicio\",\"item\":\"https:\\\/\\\/fuentesfidedignas.com.mx\\\/\"},{\"@type\":\"ListItem\",\"position\":2,\"name\":\"Se agota tiempo para Morena; lleva 26% de firmas validadas para revocaci\u00f3n\"}]},{\"@type\":\"WebSite\",\"@id\":\"https:\\\/\\\/fuentesfidedignas.com.mx\\\/#website\",\"url\":\"https:\\\/\\\/fuentesfidedignas.com.mx\\\/\",\"name\":\"Fuentes Fidedignas\",\"description\":\"Otro sitio realizado con WordPress\",\"publisher\":{\"@id\":\"https:\\\/\\\/fuentesfidedignas.com.mx\\\/#organization\"},\"potentialAction\":[{\"@type\":\"SearchAction\",\"target\":{\"@type\":\"EntryPoint\",\"urlTemplate\":\"https:\\\/\\\/fuentesfidedignas.com.mx\\\/?s={search_term_string}\"},\"query-input\":{\"@type\":\"PropertyValueSpecification\",\"valueRequired\":true,\"valueName\":\"search_term_string\"}}],\"inLanguage\":\"es\"},{\"@type\":\"Organization\",\"@id\":\"https:\\\/\\\/fuentesfidedignas.com.mx\\\/#organization\",\"name\":\"Fuentes Fidedignas\",\"url\":\"https:\\\/\\\/fuentesfidedignas.com.mx\\\/\",\"logo\":{\"@type\":\"ImageObject\",\"inLanguage\":\"es\",\"@id\":\"https:\\\/\\\/fuentesfidedignas.com.mx\\\/#\\\/schema\\\/logo\\\/image\\\/\",\"url\":\"https:\\\/\\\/fuentesfidedignas.com.mx\\\/wp-content\\\/uploads\\\/2021\\\/04\\\/logo-retina.png\",\"contentUrl\":\"https:\\\/\\\/fuentesfidedignas.com.mx\\\/wp-content\\\/uploads\\\/2021\\\/04\\\/logo-retina.png\",\"width\":280,\"height\":51,\"caption\":\"Fuentes Fidedignas\"},\"image\":{\"@id\":\"https:\\\/\\\/fuentesfidedignas.com.mx\\\/#\\\/schema\\\/logo\\\/image\\\/\"},\"sameAs\":[\"https:\\\/\\\/www.facebook.com\\\/Fuentes-Fidedignas-368234489921644\",\"https:\\\/\\\/x.com\\\/fidedignas\"]},{\"@type\":\"Person\",\"@id\":\"https:\\\/\\\/fuentesfidedignas.com.mx\\\/#\\\/schema\\\/person\\\/5623d53fe2e579d825b1679734abcc44\",\"name\":\"Forbes\",\"image\":{\"@type\":\"ImageObject\",\"inLanguage\":\"es\",\"@id\":\"https:\\\/\\\/secure.gravatar.com\\\/avatar\\\/87ce3dd4e41e60c22a79c758614f01a6bc2469255fc936ec7b15efb9bb5cb66f?s=96&d=mm&r=g\",\"url\":\"https:\\\/\\\/secure.gravatar.com\\\/avatar\\\/87ce3dd4e41e60c22a79c758614f01a6bc2469255fc936ec7b15efb9bb5cb66f?s=96&d=mm&r=g\",\"contentUrl\":\"https:\\\/\\\/secure.gravatar.com\\\/avatar\\\/87ce3dd4e41e60c22a79c758614f01a6bc2469255fc936ec7b15efb9bb5cb66f?s=96&d=mm&r=g\",\"caption\":\"Forbes\"},\"url\":\"https:\\\/\\\/fuentesfidedignas.com.mx\\\/index.php\\\/author\\\/forbes\\\/\"}]}<\/script>\n<!-- \/ Yoast SEO plugin. -->","yoast_head_json":{"title":"Se agota tiempo para Morena; lleva 26% de firmas validadas para revocaci\u00f3n - Fuentes Fidedignas","robots":{"index":"index","follow":"follow","max-snippet":"max-snippet:-1","max-image-preview":"max-image-preview:large","max-video-preview":"max-video-preview:-1"},"canonical":"https:\/\/fuentesfidedignas.com.mx\/index.php\/2021\/12\/07\/se-agota-tiempo-para-morena-lleva-26-de-firmas-validadas-para-revocacion\/","og_locale":"es_MX","og_type":"article","og_title":"Se agota tiempo para Morena; lleva 26% de firmas validadas para revocaci\u00f3n - Fuentes Fidedignas","og_description":"El INE s\u00f3lo ha validado 26% de las 2.8 millones de firmas requeridas para llevar a cabo la consulta revocaci\u00f3n de mandato de L\u00f3pez Obrador Ciudad de M\u00e9xico. A menos de 20 d\u00edas de que se cumpla el plazo para el acopio de firmas para la consulta de revocaci\u00f3n de mandato del presidente Andr\u00e9s Manuel [&hellip;]","og_url":"https:\/\/fuentesfidedignas.com.mx\/index.php\/2021\/12\/07\/se-agota-tiempo-para-morena-lleva-26-de-firmas-validadas-para-revocacion\/","og_site_name":"Fuentes Fidedignas","article_publisher":"https:\/\/www.facebook.com\/Fuentes-Fidedignas-368234489921644","article_published_time":"2021-12-07T13:27:06+00:00","article_modified_time":"2021-12-07T13:27:08+00:00","og_image":[{"width":768,"height":432,"url":"https:\/\/fuentesfidedignas.com.mx\/wp-content\/uploads\/2021\/12\/AMLO-4-768x432-1.jpg","type":"image\/jpeg"}],"author":"Forbes","twitter_card":"summary_large_image","twitter_creator":"@fidedignas","twitter_site":"@fidedignas","twitter_misc":{"Escrito por":"Forbes","Tiempo de lectura":"4 minutos"},"schema":{"@context":"https:\/\/schema.org","@graph":[{"@type":"Article","@id":"https:\/\/fuentesfidedignas.com.mx\/index.php\/2021\/12\/07\/se-agota-tiempo-para-morena-lleva-26-de-firmas-validadas-para-revocacion\/#article","isPartOf":{"@id":"https:\/\/fuentesfidedignas.com.mx\/index.php\/2021\/12\/07\/se-agota-tiempo-para-morena-lleva-26-de-firmas-validadas-para-revocacion\/"},"author":{"name":"Forbes","@id":"https:\/\/fuentesfidedignas.com.mx\/#\/schema\/person\/5623d53fe2e579d825b1679734abcc44"},"headline":"Se agota tiempo para Morena; lleva 26% de firmas validadas para revocaci\u00f3n","datePublished":"2021-12-07T13:27:06+00:00","dateModified":"2021-12-07T13:27:08+00:00","mainEntityOfPage":{"@id":"https:\/\/fuentesfidedignas.com.mx\/index.php\/2021\/12\/07\/se-agota-tiempo-para-morena-lleva-26-de-firmas-validadas-para-revocacion\/"},"wordCount":878,"commentCount":0,"publisher":{"@id":"https:\/\/fuentesfidedignas.com.mx\/#organization"},"image":{"@id":"https:\/\/fuentesfidedignas.com.mx\/index.php\/2021\/12\/07\/se-agota-tiempo-para-morena-lleva-26-de-firmas-validadas-para-revocacion\/#primaryimage"},"thumbnailUrl":"https:\/\/fuentesfidedignas.com.mx\/wp-content\/uploads\/2021\/12\/AMLO-4-768x432-1.jpg","articleSection":["NOTICIAS NACIONALES"],"inLanguage":"es","potentialAction":[{"@type":"CommentAction","name":"Comment","target":["https:\/\/fuentesfidedignas.com.mx\/index.php\/2021\/12\/07\/se-agota-tiempo-para-morena-lleva-26-de-firmas-validadas-para-revocacion\/#respond"]}]},{"@type":"WebPage","@id":"https:\/\/fuentesfidedignas.com.mx\/index.php\/2021\/12\/07\/se-agota-tiempo-para-morena-lleva-26-de-firmas-validadas-para-revocacion\/","url":"https:\/\/fuentesfidedignas.com.mx\/index.php\/2021\/12\/07\/se-agota-tiempo-para-morena-lleva-26-de-firmas-validadas-para-revocacion\/","name":"Se agota tiempo para Morena; lleva 26% de firmas validadas para revocaci\u00f3n - Fuentes Fidedignas","isPartOf":{"@id":"https:\/\/fuentesfidedignas.com.mx\/#website"},"primaryImageOfPage":{"@id":"https:\/\/fuentesfidedignas.com.mx\/index.php\/2021\/12\/07\/se-agota-tiempo-para-morena-lleva-26-de-firmas-validadas-para-revocacion\/#primaryimage"},"image":{"@id":"https:\/\/fuentesfidedignas.com.mx\/index.php\/2021\/12\/07\/se-agota-tiempo-para-morena-lleva-26-de-firmas-validadas-para-revocacion\/#primaryimage"},"thumbnailUrl":"https:\/\/fuentesfidedignas.com.mx\/wp-content\/uploads\/2021\/12\/AMLO-4-768x432-1.jpg","datePublished":"2021-12-07T13:27:06+00:00","dateModified":"2021-12-07T13:27:08+00:00","breadcrumb":{"@id":"https:\/\/fuentesfidedignas.com.mx\/index.php\/2021\/12\/07\/se-agota-tiempo-para-morena-lleva-26-de-firmas-validadas-para-revocacion\/#breadcrumb"},"inLanguage":"es","potentialAction":[{"@type":"ReadAction","target":["https:\/\/fuentesfidedignas.com.mx\/index.php\/2021\/12\/07\/se-agota-tiempo-para-morena-lleva-26-de-firmas-validadas-para-revocacion\/"]}]},{"@type":"ImageObject","inLanguage":"es","@id":"https:\/\/fuentesfidedignas.com.mx\/index.php\/2021\/12\/07\/se-agota-tiempo-para-morena-lleva-26-de-firmas-validadas-para-revocacion\/#primaryimage","url":"https:\/\/fuentesfidedignas.com.mx\/wp-content\/uploads\/2021\/12\/AMLO-4-768x432-1.jpg","contentUrl":"https:\/\/fuentesfidedignas.com.mx\/wp-content\/uploads\/2021\/12\/AMLO-4-768x432-1.jpg","width":768,"height":432},{"@type":"BreadcrumbList","@id":"https:\/\/fuentesfidedignas.com.mx\/index.php\/2021\/12\/07\/se-agota-tiempo-para-morena-lleva-26-de-firmas-validadas-para-revocacion\/#breadcrumb","itemListElement":[{"@type":"ListItem","position":1,"name":"Inicio","item":"https:\/\/fuentesfidedignas.com.mx\/"},{"@type":"ListItem","position":2,"name":"Se agota tiempo para Morena; lleva 26% de firmas validadas para revocaci\u00f3n"}]},{"@type":"WebSite","@id":"https:\/\/fuentesfidedignas.com.mx\/#website","url":"https:\/\/fuentesfidedignas.com.mx\/","name":"Fuentes Fidedignas","description":"Otro sitio realizado con WordPress","publisher":{"@id":"https:\/\/fuentesfidedignas.com.mx\/#organization"},"potentialAction":[{"@type":"SearchAction","target":{"@type":"EntryPoint","urlTemplate":"https:\/\/fuentesfidedignas.com.mx\/?s={search_term_string}"},"query-input":{"@type":"PropertyValueSpecification","valueRequired":true,"valueName":"search_term_string"}}],"inLanguage":"es"},{"@type":"Organization","@id":"https:\/\/fuentesfidedignas.com.mx\/#organization","name":"Fuentes Fidedignas","url":"https:\/\/fuentesfidedignas.com.mx\/","logo":{"@type":"ImageObject","inLanguage":"es","@id":"https:\/\/fuentesfidedignas.com.mx\/#\/schema\/logo\/image\/","url":"https:\/\/fuentesfidedignas.com.mx\/wp-content\/uploads\/2021\/04\/logo-retina.png","contentUrl":"https:\/\/fuentesfidedignas.com.mx\/wp-content\/uploads\/2021\/04\/logo-retina.png","width":280,"height":51,"caption":"Fuentes Fidedignas"},"image":{"@id":"https:\/\/fuentesfidedignas.com.mx\/#\/schema\/logo\/image\/"},"sameAs":["https:\/\/www.facebook.com\/Fuentes-Fidedignas-368234489921644","https:\/\/x.com\/fidedignas"]},{"@type":"Person","@id":"https:\/\/fuentesfidedignas.com.mx\/#\/schema\/person\/5623d53fe2e579d825b1679734abcc44","name":"Forbes","image":{"@type":"ImageObject","inLanguage":"es","@id":"https:\/\/secure.gravatar.com\/avatar\/87ce3dd4e41e60c22a79c758614f01a6bc2469255fc936ec7b15efb9bb5cb66f?s=96&d=mm&r=g","url":"https:\/\/secure.gravatar.com\/avatar\/87ce3dd4e41e60c22a79c758614f01a6bc2469255fc936ec7b15efb9bb5cb66f?s=96&d=mm&r=g","contentUrl":"https:\/\/secure.gravatar.com\/avatar\/87ce3dd4e41e60c22a79c758614f01a6bc2469255fc936ec7b15efb9bb5cb66f?s=96&d=mm&r=g","caption":"Forbes"},"url":"https:\/\/fuentesfidedignas.com.mx\/index.php\/author\/forbes\/"}]}},"_links":{"self":[{"href":"https:\/\/fuentesfidedignas.com.mx\/index.php\/wp-json\/wp\/v2\/posts\/19253","targetHints":{"allow":["GET"]}}],"collection":[{"href":"https:\/\/fuentesfidedignas.com.mx\/index.php\/wp-json\/wp\/v2\/posts"}],"about":[{"href":"https:\/\/fuentesfidedignas.com.mx\/index.php\/wp-json\/wp\/v2\/types\/post"}],"author":[{"embeddable":true,"href":"https:\/\/fuentesfidedignas.com.mx\/index.php\/wp-json\/wp\/v2\/users\/5"}],"replies":[{"embeddable":true,"href":"https:\/\/fuentesfidedignas.com.mx\/index.php\/wp-json\/wp\/v2\/comments?post=19253"}],"version-history":[{"count":1,"href":"https:\/\/fuentesfidedignas.com.mx\/index.php\/wp-json\/wp\/v2\/posts\/19253\/revisions"}],"predecessor-version":[{"id":19255,"href":"https:\/\/fuentesfidedignas.com.mx\/index.php\/wp-json\/wp\/v2\/posts\/19253\/revisions\/19255"}],"wp:featuredmedia":[{"embeddable":true,"href":"https:\/\/fuentesfidedignas.com.mx\/index.php\/wp-json\/wp\/v2\/media\/19254"}],"wp:attachment":[{"href":"https:\/\/fuentesfidedignas.com.mx\/index.php\/wp-json\/wp\/v2\/media?parent=19253"}],"wp:term":[{"taxonomy":"category","embeddable":true,"href":"https:\/\/fuentesfidedignas.com.mx\/index.php\/wp-json\/wp\/v2\/categories?post=19253"},{"taxonomy":"post_tag","embeddable":true,"href":"https:\/\/fuentesfidedignas.com.mx\/index.php\/wp-json\/wp\/v2\/tags?post=19253"}],"curies":[{"name":"wp","href":"https:\/\/api.w.org\/{rel}","templated":true}]}}