{"id":19195,"date":"2021-12-06T13:15:34","date_gmt":"2021-12-06T20:15:34","guid":{"rendered":"https:\/\/fuentesfidedignas.com.mx\/?p=19195"},"modified":"2021-12-06T13:16:59","modified_gmt":"2021-12-06T20:16:59","slug":"acuerda-gerardo-vargas-dialogo-para-realizar-acciones-en-beneficio-de-locatarios-de-mercados","status":"publish","type":"post","link":"https:\/\/fuentesfidedignas.com.mx\/index.php\/2021\/12\/06\/acuerda-gerardo-vargas-dialogo-para-realizar-acciones-en-beneficio-de-locatarios-de-mercados\/","title":{"rendered":"Acuerda Gerardo Vargas di\u00e1logo para realizar acciones en beneficio de locatarios de mercados"},"content":{"rendered":"\n<p><strong><em>Durante la ma\u00f1ana de este lunes el Presidente Municipal de Ahome, realiz\u00f3 un recorrido por el callej\u00f3n Agust\u00edn Melgar, donde platic\u00f3 con comerciantes en torno a una posible apertura al tr\u00e1nsito vehicular en el tramo que va de la avenida Ignacio Zaragoza a calle Guillermo Prieto\u2026<\/em><\/strong><\/p>\n\n\n\n<p>Los Mochis, Ahome, Sin.- Durante la ma\u00f1ana de este lunes el Presidente Municipal de Ahome, C. Gerardo Octavio Vargas Landeros, realiz\u00f3 un recorrido por el callej\u00f3n Agust\u00edn Melgar, donde pr\u00f3ximamente se realizar\u00e1n trabajos de reparaci\u00f3n debido a lo deteriorado de la vialidad.<\/p>\n\n\n\n<p>El alcalde recorri\u00f3 desde la avenida Gabriel Leyva hasta la calle Guillermo Prieto, siendo abordado por locatarios de los mercados Ju\u00e1rez y Popular, encontrando opiniones divididas en torno a la posible apertura al tr\u00e1nsito vehicular en esa zona.<\/p>\n\n\n\n<p>En este sentido, el Presidente Municipal lleg\u00f3 a un acuerdo con los comerciantes, de que ser\u00e1n ellos mismos quienes decidan la mejor soluci\u00f3n ante dicho tema, tratando de beneficiar a todos.<\/p>\n\n\n\n<p>\u201cLo de abrir o cerrar hay que meterle m\u00e1s di\u00e1logo, pero ya tenemos varias propuestas, una es cerrar, otra es abrir, otra es ampliar las banquetas y dejar un solo carril de transito\u201d, manifest\u00f3 Vargas Landeros.<\/p>\n\n\n\n<p>Explic\u00f3 que la propuesta que m\u00e1s aceptaci\u00f3n ha tenido es la de abrir la calle con un s\u00f3lo carril, ampliando las banquetas para mayor comodidad de las personas que acuden a realizar sus compras, por lo que la Direcci\u00f3n de Inspecci\u00f3n y Normatividad estar\u00e1 vigilante de que se respete dicho espacio.<\/p>\n\n\n\n<p>En cuanto a los trabajos de reparaci\u00f3n en dicho callej\u00f3n, se lleg\u00f3 al acuerdo que estos inicien pasadas las fiestas decembrinas, esto con la finalidad de no perjudicar las ventas de estas fechas.<\/p>\n\n\n\n<figure class=\"wp-block-gallery columns-2 is-cropped wp-block-gallery-1 is-layout-flex wp-block-gallery-is-layout-flex\"><ul class=\"blocks-gallery-grid\"><li class=\"blocks-gallery-item\"><figure><img decoding=\"async\" src=\"https:\/\/fuentesfidedignas.com.mx\/wp-content\/uploads\/2021\/12\/WhatsApp-Image-2021-12-06-at-12.57.03-PM-1024x682.jpeg\" alt=\"\" data-id=\"19197\" data-full-url=\"https:\/\/fuentesfidedignas.com.mx\/wp-content\/uploads\/2021\/12\/WhatsApp-Image-2021-12-06-at-12.57.03-PM.jpeg\" data-link=\"https:\/\/fuentesfidedignas.com.mx\/index.php\/2021\/12\/06\/acuerda-gerardo-vargas-dialogo-para-realizar-acciones-en-beneficio-de-locatarios-de-mercados\/whatsapp-image-2021-12-06-at-12-57-03-pm\/\" class=\"wp-image-19197\"\/><\/figure><\/li><li class=\"blocks-gallery-item\"><figure><img decoding=\"async\" src=\"https:\/\/fuentesfidedignas.com.mx\/wp-content\/uploads\/2021\/12\/WhatsApp-Image-2021-12-06-at-12.57.04-PM-1-1024x712.jpeg\" alt=\"\" data-id=\"19196\" data-full-url=\"https:\/\/fuentesfidedignas.com.mx\/wp-content\/uploads\/2021\/12\/WhatsApp-Image-2021-12-06-at-12.57.04-PM-1.jpeg\" data-link=\"https:\/\/fuentesfidedignas.com.mx\/index.php\/2021\/12\/06\/acuerda-gerardo-vargas-dialogo-para-realizar-acciones-en-beneficio-de-locatarios-de-mercados\/whatsapp-image-2021-12-06-at-12-57-04-pm-1\/\" class=\"wp-image-19196\"\/><\/figure><\/li><\/ul><\/figure>\n","protected":false},"excerpt":{"rendered":"<p>Durante la ma\u00f1ana de este lunes el Presidente Municipal de Ahome, realiz\u00f3 un recorrido por el callej\u00f3n Agust\u00edn Melgar, donde platic\u00f3 con comerciantes en torno a una posible apertura al tr\u00e1nsito vehicular en el tramo que va de la avenida Ignacio Zaragoza a calle Guillermo Prieto\u2026 Los Mochis, Ahome, Sin.- Durante la ma\u00f1ana de este [&hellip;]<\/p>\n","protected":false},"author":4,"featured_media":0,"comment_status":"open","ping_status":"open","sticky":false,"template":"","format":"standard","meta":{"tdm_status":"","tdm_grid_status":"","footnotes":""},"categories":[37],"tags":[278,1715,1654],"class_list":{"0":"post-19195","1":"post","2":"type-post","3":"status-publish","4":"format-standard","6":"category-nota-principal","7":"tag-ahome","8":"tag-ayuntamiento-de-ahome","9":"tag-gerardo-vargas-landeros"},"yoast_head":"<!-- This site is optimized with the Yoast SEO plugin v27.5 - https:\/\/yoast.com\/product\/yoast-seo-wordpress\/ -->\n<title>Acuerda Gerardo Vargas di\u00e1logo para realizar acciones en beneficio de locatarios de mercados - Fuentes Fidedignas<\/title>\n<meta name=\"robots\" content=\"index, follow, max-snippet:-1, max-image-preview:large, max-video-preview:-1\" \/>\n<link rel=\"canonical\" href=\"https:\/\/fuentesfidedignas.com.mx\/index.php\/2021\/12\/06\/acuerda-gerardo-vargas-dialogo-para-realizar-acciones-en-beneficio-de-locatarios-de-mercados\/\" \/>\n<meta property=\"og:locale\" content=\"es_MX\" \/>\n<meta property=\"og:type\" content=\"article\" \/>\n<meta property=\"og:title\" content=\"Acuerda Gerardo Vargas di\u00e1logo para realizar acciones en beneficio de locatarios de mercados - Fuentes Fidedignas\" \/>\n<meta property=\"og:description\" content=\"Durante la ma\u00f1ana de este lunes el Presidente Municipal de Ahome, realiz\u00f3 un recorrido por el callej\u00f3n Agust\u00edn Melgar, donde platic\u00f3 con comerciantes en torno a una posible apertura al tr\u00e1nsito vehicular en el tramo que va de la avenida Ignacio Zaragoza a calle Guillermo Prieto\u2026 Los Mochis, Ahome, Sin.- Durante la ma\u00f1ana de este [&hellip;]\" \/>\n<meta property=\"og:url\" content=\"https:\/\/fuentesfidedignas.com.mx\/index.php\/2021\/12\/06\/acuerda-gerardo-vargas-dialogo-para-realizar-acciones-en-beneficio-de-locatarios-de-mercados\/\" \/>\n<meta property=\"og:site_name\" content=\"Fuentes Fidedignas\" \/>\n<meta property=\"article:publisher\" content=\"https:\/\/www.facebook.com\/Fuentes-Fidedignas-368234489921644\" \/>\n<meta property=\"article:published_time\" content=\"2021-12-06T20:15:34+00:00\" \/>\n<meta property=\"article:modified_time\" content=\"2021-12-06T20:16:59+00:00\" \/>\n<meta property=\"og:image\" content=\"https:\/\/fuentesfidedignas.com.mx\/wp-content\/uploads\/2021\/12\/WhatsApp-Image-2021-12-06-at-12.57.04-PM.jpeg\" \/>\n\t<meta property=\"og:image:width\" content=\"1196\" \/>\n\t<meta property=\"og:image:height\" content=\"782\" \/>\n\t<meta property=\"og:image:type\" content=\"image\/jpeg\" \/>\n<meta name=\"author\" content=\"Redacci\u00f3n\" \/>\n<meta name=\"twitter:card\" content=\"summary_large_image\" \/>\n<meta name=\"twitter:creator\" content=\"@fidedignas\" \/>\n<meta name=\"twitter:site\" content=\"@fidedignas\" \/>\n<meta name=\"twitter:label1\" content=\"Escrito por\" \/>\n\t<meta name=\"twitter:data1\" content=\"Redacci\u00f3n\" \/>\n\t<meta name=\"twitter:label2\" content=\"Tiempo de lectura\" \/>\n\t<meta name=\"twitter:data2\" content=\"2 minutos\" \/>\n<script type=\"application\/ld+json\" class=\"yoast-schema-graph\">{\"@context\":\"https:\\\/\\\/schema.org\",\"@graph\":[{\"@type\":\"Article\",\"@id\":\"https:\\\/\\\/fuentesfidedignas.com.mx\\\/index.php\\\/2021\\\/12\\\/06\\\/acuerda-gerardo-vargas-dialogo-para-realizar-acciones-en-beneficio-de-locatarios-de-mercados\\\/#article\",\"isPartOf\":{\"@id\":\"https:\\\/\\\/fuentesfidedignas.com.mx\\\/index.php\\\/2021\\\/12\\\/06\\\/acuerda-gerardo-vargas-dialogo-para-realizar-acciones-en-beneficio-de-locatarios-de-mercados\\\/\"},\"author\":{\"name\":\"Redacci\u00f3n\",\"@id\":\"https:\\\/\\\/fuentesfidedignas.com.mx\\\/#\\\/schema\\\/person\\\/331be9283d37198e2acd5750279085b0\"},\"headline\":\"Acuerda Gerardo Vargas di\u00e1logo para realizar acciones en beneficio de locatarios de mercados\",\"datePublished\":\"2021-12-06T20:15:34+00:00\",\"dateModified\":\"2021-12-06T20:16:59+00:00\",\"mainEntityOfPage\":{\"@id\":\"https:\\\/\\\/fuentesfidedignas.com.mx\\\/index.php\\\/2021\\\/12\\\/06\\\/acuerda-gerardo-vargas-dialogo-para-realizar-acciones-en-beneficio-de-locatarios-de-mercados\\\/\"},\"wordCount\":315,\"commentCount\":0,\"publisher\":{\"@id\":\"https:\\\/\\\/fuentesfidedignas.com.mx\\\/#organization\"},\"image\":{\"@id\":\"https:\\\/\\\/fuentesfidedignas.com.mx\\\/index.php\\\/2021\\\/12\\\/06\\\/acuerda-gerardo-vargas-dialogo-para-realizar-acciones-en-beneficio-de-locatarios-de-mercados\\\/#primaryimage\"},\"thumbnailUrl\":\"https:\\\/\\\/fuentesfidedignas.com.mx\\\/wp-content\\\/uploads\\\/2021\\\/12\\\/WhatsApp-Image-2021-12-06-at-12.57.03-PM-1024x682.jpeg\",\"keywords\":[\"Ahome\",\"Ayuntamiento de Ahome\",\"Gerardo Vargas Landeros\"],\"articleSection\":[\"NOTA PRINCIPAL\"],\"inLanguage\":\"es\",\"potentialAction\":[{\"@type\":\"CommentAction\",\"name\":\"Comment\",\"target\":[\"https:\\\/\\\/fuentesfidedignas.com.mx\\\/index.php\\\/2021\\\/12\\\/06\\\/acuerda-gerardo-vargas-dialogo-para-realizar-acciones-en-beneficio-de-locatarios-de-mercados\\\/#respond\"]}]},{\"@type\":\"WebPage\",\"@id\":\"https:\\\/\\\/fuentesfidedignas.com.mx\\\/index.php\\\/2021\\\/12\\\/06\\\/acuerda-gerardo-vargas-dialogo-para-realizar-acciones-en-beneficio-de-locatarios-de-mercados\\\/\",\"url\":\"https:\\\/\\\/fuentesfidedignas.com.mx\\\/index.php\\\/2021\\\/12\\\/06\\\/acuerda-gerardo-vargas-dialogo-para-realizar-acciones-en-beneficio-de-locatarios-de-mercados\\\/\",\"name\":\"Acuerda Gerardo Vargas di\u00e1logo para realizar acciones en beneficio de locatarios de mercados - Fuentes Fidedignas\",\"isPartOf\":{\"@id\":\"https:\\\/\\\/fuentesfidedignas.com.mx\\\/#website\"},\"primaryImageOfPage\":{\"@id\":\"https:\\\/\\\/fuentesfidedignas.com.mx\\\/index.php\\\/2021\\\/12\\\/06\\\/acuerda-gerardo-vargas-dialogo-para-realizar-acciones-en-beneficio-de-locatarios-de-mercados\\\/#primaryimage\"},\"image\":{\"@id\":\"https:\\\/\\\/fuentesfidedignas.com.mx\\\/index.php\\\/2021\\\/12\\\/06\\\/acuerda-gerardo-vargas-dialogo-para-realizar-acciones-en-beneficio-de-locatarios-de-mercados\\\/#primaryimage\"},\"thumbnailUrl\":\"https:\\\/\\\/fuentesfidedignas.com.mx\\\/wp-content\\\/uploads\\\/2021\\\/12\\\/WhatsApp-Image-2021-12-06-at-12.57.03-PM-1024x682.jpeg\",\"datePublished\":\"2021-12-06T20:15:34+00:00\",\"dateModified\":\"2021-12-06T20:16:59+00:00\",\"breadcrumb\":{\"@id\":\"https:\\\/\\\/fuentesfidedignas.com.mx\\\/index.php\\\/2021\\\/12\\\/06\\\/acuerda-gerardo-vargas-dialogo-para-realizar-acciones-en-beneficio-de-locatarios-de-mercados\\\/#breadcrumb\"},\"inLanguage\":\"es\",\"potentialAction\":[{\"@type\":\"ReadAction\",\"target\":[\"https:\\\/\\\/fuentesfidedignas.com.mx\\\/index.php\\\/2021\\\/12\\\/06\\\/acuerda-gerardo-vargas-dialogo-para-realizar-acciones-en-beneficio-de-locatarios-de-mercados\\\/\"]}]},{\"@type\":\"ImageObject\",\"inLanguage\":\"es\",\"@id\":\"https:\\\/\\\/fuentesfidedignas.com.mx\\\/index.php\\\/2021\\\/12\\\/06\\\/acuerda-gerardo-vargas-dialogo-para-realizar-acciones-en-beneficio-de-locatarios-de-mercados\\\/#primaryimage\",\"url\":\"\",\"contentUrl\":\"\"},{\"@type\":\"BreadcrumbList\",\"@id\":\"https:\\\/\\\/fuentesfidedignas.com.mx\\\/index.php\\\/2021\\\/12\\\/06\\\/acuerda-gerardo-vargas-dialogo-para-realizar-acciones-en-beneficio-de-locatarios-de-mercados\\\/#breadcrumb\",\"itemListElement\":[{\"@type\":\"ListItem\",\"position\":1,\"name\":\"Inicio\",\"item\":\"https:\\\/\\\/fuentesfidedignas.com.mx\\\/\"},{\"@type\":\"ListItem\",\"position\":2,\"name\":\"Acuerda Gerardo Vargas di\u00e1logo para realizar acciones en beneficio de locatarios de mercados\"}]},{\"@type\":\"WebSite\",\"@id\":\"https:\\\/\\\/fuentesfidedignas.com.mx\\\/#website\",\"url\":\"https:\\\/\\\/fuentesfidedignas.com.mx\\\/\",\"name\":\"Fuentes Fidedignas\",\"description\":\"Otro sitio realizado con WordPress\",\"publisher\":{\"@id\":\"https:\\\/\\\/fuentesfidedignas.com.mx\\\/#organization\"},\"potentialAction\":[{\"@type\":\"SearchAction\",\"target\":{\"@type\":\"EntryPoint\",\"urlTemplate\":\"https:\\\/\\\/fuentesfidedignas.com.mx\\\/?s={search_term_string}\"},\"query-input\":{\"@type\":\"PropertyValueSpecification\",\"valueRequired\":true,\"valueName\":\"search_term_string\"}}],\"inLanguage\":\"es\"},{\"@type\":\"Organization\",\"@id\":\"https:\\\/\\\/fuentesfidedignas.com.mx\\\/#organization\",\"name\":\"Fuentes Fidedignas\",\"url\":\"https:\\\/\\\/fuentesfidedignas.com.mx\\\/\",\"logo\":{\"@type\":\"ImageObject\",\"inLanguage\":\"es\",\"@id\":\"https:\\\/\\\/fuentesfidedignas.com.mx\\\/#\\\/schema\\\/logo\\\/image\\\/\",\"url\":\"https:\\\/\\\/fuentesfidedignas.com.mx\\\/wp-content\\\/uploads\\\/2021\\\/04\\\/logo-retina.png\",\"contentUrl\":\"https:\\\/\\\/fuentesfidedignas.com.mx\\\/wp-content\\\/uploads\\\/2021\\\/04\\\/logo-retina.png\",\"width\":280,\"height\":51,\"caption\":\"Fuentes Fidedignas\"},\"image\":{\"@id\":\"https:\\\/\\\/fuentesfidedignas.com.mx\\\/#\\\/schema\\\/logo\\\/image\\\/\"},\"sameAs\":[\"https:\\\/\\\/www.facebook.com\\\/Fuentes-Fidedignas-368234489921644\",\"https:\\\/\\\/x.com\\\/fidedignas\"]},{\"@type\":\"Person\",\"@id\":\"https:\\\/\\\/fuentesfidedignas.com.mx\\\/#\\\/schema\\\/person\\\/331be9283d37198e2acd5750279085b0\",\"name\":\"Redacci\u00f3n\",\"image\":{\"@type\":\"ImageObject\",\"inLanguage\":\"es\",\"@id\":\"https:\\\/\\\/secure.gravatar.com\\\/avatar\\\/f6d8782c11d12b2d4ad3fbb6931aeab5309937a4d6cd2fc9cfaa28a6396a5aec?s=96&d=mm&r=g\",\"url\":\"https:\\\/\\\/secure.gravatar.com\\\/avatar\\\/f6d8782c11d12b2d4ad3fbb6931aeab5309937a4d6cd2fc9cfaa28a6396a5aec?s=96&d=mm&r=g\",\"contentUrl\":\"https:\\\/\\\/secure.gravatar.com\\\/avatar\\\/f6d8782c11d12b2d4ad3fbb6931aeab5309937a4d6cd2fc9cfaa28a6396a5aec?s=96&d=mm&r=g\",\"caption\":\"Redacci\u00f3n\"},\"url\":\"https:\\\/\\\/fuentesfidedignas.com.mx\\\/index.php\\\/author\\\/redaccion\\\/\"}]}<\/script>\n<!-- \/ Yoast SEO plugin. -->","yoast_head_json":{"title":"Acuerda Gerardo Vargas di\u00e1logo para realizar acciones en beneficio de locatarios de mercados - Fuentes Fidedignas","robots":{"index":"index","follow":"follow","max-snippet":"max-snippet:-1","max-image-preview":"max-image-preview:large","max-video-preview":"max-video-preview:-1"},"canonical":"https:\/\/fuentesfidedignas.com.mx\/index.php\/2021\/12\/06\/acuerda-gerardo-vargas-dialogo-para-realizar-acciones-en-beneficio-de-locatarios-de-mercados\/","og_locale":"es_MX","og_type":"article","og_title":"Acuerda Gerardo Vargas di\u00e1logo para realizar acciones en beneficio de locatarios de mercados - Fuentes Fidedignas","og_description":"Durante la ma\u00f1ana de este lunes el Presidente Municipal de Ahome, realiz\u00f3 un recorrido por el callej\u00f3n Agust\u00edn Melgar, donde platic\u00f3 con comerciantes en torno a una posible apertura al tr\u00e1nsito vehicular en el tramo que va de la avenida Ignacio Zaragoza a calle Guillermo Prieto\u2026 Los Mochis, Ahome, Sin.- Durante la ma\u00f1ana de este [&hellip;]","og_url":"https:\/\/fuentesfidedignas.com.mx\/index.php\/2021\/12\/06\/acuerda-gerardo-vargas-dialogo-para-realizar-acciones-en-beneficio-de-locatarios-de-mercados\/","og_site_name":"Fuentes Fidedignas","article_publisher":"https:\/\/www.facebook.com\/Fuentes-Fidedignas-368234489921644","article_published_time":"2021-12-06T20:15:34+00:00","article_modified_time":"2021-12-06T20:16:59+00:00","og_image":[{"width":1196,"height":782,"url":"https:\/\/fuentesfidedignas.com.mx\/wp-content\/uploads\/2021\/12\/WhatsApp-Image-2021-12-06-at-12.57.04-PM.jpeg","type":"image\/jpeg"}],"author":"Redacci\u00f3n","twitter_card":"summary_large_image","twitter_creator":"@fidedignas","twitter_site":"@fidedignas","twitter_misc":{"Escrito por":"Redacci\u00f3n","Tiempo de lectura":"2 minutos"},"schema":{"@context":"https:\/\/schema.org","@graph":[{"@type":"Article","@id":"https:\/\/fuentesfidedignas.com.mx\/index.php\/2021\/12\/06\/acuerda-gerardo-vargas-dialogo-para-realizar-acciones-en-beneficio-de-locatarios-de-mercados\/#article","isPartOf":{"@id":"https:\/\/fuentesfidedignas.com.mx\/index.php\/2021\/12\/06\/acuerda-gerardo-vargas-dialogo-para-realizar-acciones-en-beneficio-de-locatarios-de-mercados\/"},"author":{"name":"Redacci\u00f3n","@id":"https:\/\/fuentesfidedignas.com.mx\/#\/schema\/person\/331be9283d37198e2acd5750279085b0"},"headline":"Acuerda Gerardo Vargas di\u00e1logo para realizar acciones en beneficio de locatarios de mercados","datePublished":"2021-12-06T20:15:34+00:00","dateModified":"2021-12-06T20:16:59+00:00","mainEntityOfPage":{"@id":"https:\/\/fuentesfidedignas.com.mx\/index.php\/2021\/12\/06\/acuerda-gerardo-vargas-dialogo-para-realizar-acciones-en-beneficio-de-locatarios-de-mercados\/"},"wordCount":315,"commentCount":0,"publisher":{"@id":"https:\/\/fuentesfidedignas.com.mx\/#organization"},"image":{"@id":"https:\/\/fuentesfidedignas.com.mx\/index.php\/2021\/12\/06\/acuerda-gerardo-vargas-dialogo-para-realizar-acciones-en-beneficio-de-locatarios-de-mercados\/#primaryimage"},"thumbnailUrl":"https:\/\/fuentesfidedignas.com.mx\/wp-content\/uploads\/2021\/12\/WhatsApp-Image-2021-12-06-at-12.57.03-PM-1024x682.jpeg","keywords":["Ahome","Ayuntamiento de Ahome","Gerardo Vargas Landeros"],"articleSection":["NOTA PRINCIPAL"],"inLanguage":"es","potentialAction":[{"@type":"CommentAction","name":"Comment","target":["https:\/\/fuentesfidedignas.com.mx\/index.php\/2021\/12\/06\/acuerda-gerardo-vargas-dialogo-para-realizar-acciones-en-beneficio-de-locatarios-de-mercados\/#respond"]}]},{"@type":"WebPage","@id":"https:\/\/fuentesfidedignas.com.mx\/index.php\/2021\/12\/06\/acuerda-gerardo-vargas-dialogo-para-realizar-acciones-en-beneficio-de-locatarios-de-mercados\/","url":"https:\/\/fuentesfidedignas.com.mx\/index.php\/2021\/12\/06\/acuerda-gerardo-vargas-dialogo-para-realizar-acciones-en-beneficio-de-locatarios-de-mercados\/","name":"Acuerda Gerardo Vargas di\u00e1logo para realizar acciones en beneficio de locatarios de mercados - Fuentes Fidedignas","isPartOf":{"@id":"https:\/\/fuentesfidedignas.com.mx\/#website"},"primaryImageOfPage":{"@id":"https:\/\/fuentesfidedignas.com.mx\/index.php\/2021\/12\/06\/acuerda-gerardo-vargas-dialogo-para-realizar-acciones-en-beneficio-de-locatarios-de-mercados\/#primaryimage"},"image":{"@id":"https:\/\/fuentesfidedignas.com.mx\/index.php\/2021\/12\/06\/acuerda-gerardo-vargas-dialogo-para-realizar-acciones-en-beneficio-de-locatarios-de-mercados\/#primaryimage"},"thumbnailUrl":"https:\/\/fuentesfidedignas.com.mx\/wp-content\/uploads\/2021\/12\/WhatsApp-Image-2021-12-06-at-12.57.03-PM-1024x682.jpeg","datePublished":"2021-12-06T20:15:34+00:00","dateModified":"2021-12-06T20:16:59+00:00","breadcrumb":{"@id":"https:\/\/fuentesfidedignas.com.mx\/index.php\/2021\/12\/06\/acuerda-gerardo-vargas-dialogo-para-realizar-acciones-en-beneficio-de-locatarios-de-mercados\/#breadcrumb"},"inLanguage":"es","potentialAction":[{"@type":"ReadAction","target":["https:\/\/fuentesfidedignas.com.mx\/index.php\/2021\/12\/06\/acuerda-gerardo-vargas-dialogo-para-realizar-acciones-en-beneficio-de-locatarios-de-mercados\/"]}]},{"@type":"ImageObject","inLanguage":"es","@id":"https:\/\/fuentesfidedignas.com.mx\/index.php\/2021\/12\/06\/acuerda-gerardo-vargas-dialogo-para-realizar-acciones-en-beneficio-de-locatarios-de-mercados\/#primaryimage","url":"","contentUrl":""},{"@type":"BreadcrumbList","@id":"https:\/\/fuentesfidedignas.com.mx\/index.php\/2021\/12\/06\/acuerda-gerardo-vargas-dialogo-para-realizar-acciones-en-beneficio-de-locatarios-de-mercados\/#breadcrumb","itemListElement":[{"@type":"ListItem","position":1,"name":"Inicio","item":"https:\/\/fuentesfidedignas.com.mx\/"},{"@type":"ListItem","position":2,"name":"Acuerda Gerardo Vargas di\u00e1logo para realizar acciones en beneficio de locatarios de mercados"}]},{"@type":"WebSite","@id":"https:\/\/fuentesfidedignas.com.mx\/#website","url":"https:\/\/fuentesfidedignas.com.mx\/","name":"Fuentes Fidedignas","description":"Otro sitio realizado con WordPress","publisher":{"@id":"https:\/\/fuentesfidedignas.com.mx\/#organization"},"potentialAction":[{"@type":"SearchAction","target":{"@type":"EntryPoint","urlTemplate":"https:\/\/fuentesfidedignas.com.mx\/?s={search_term_string}"},"query-input":{"@type":"PropertyValueSpecification","valueRequired":true,"valueName":"search_term_string"}}],"inLanguage":"es"},{"@type":"Organization","@id":"https:\/\/fuentesfidedignas.com.mx\/#organization","name":"Fuentes Fidedignas","url":"https:\/\/fuentesfidedignas.com.mx\/","logo":{"@type":"ImageObject","inLanguage":"es","@id":"https:\/\/fuentesfidedignas.com.mx\/#\/schema\/logo\/image\/","url":"https:\/\/fuentesfidedignas.com.mx\/wp-content\/uploads\/2021\/04\/logo-retina.png","contentUrl":"https:\/\/fuentesfidedignas.com.mx\/wp-content\/uploads\/2021\/04\/logo-retina.png","width":280,"height":51,"caption":"Fuentes Fidedignas"},"image":{"@id":"https:\/\/fuentesfidedignas.com.mx\/#\/schema\/logo\/image\/"},"sameAs":["https:\/\/www.facebook.com\/Fuentes-Fidedignas-368234489921644","https:\/\/x.com\/fidedignas"]},{"@type":"Person","@id":"https:\/\/fuentesfidedignas.com.mx\/#\/schema\/person\/331be9283d37198e2acd5750279085b0","name":"Redacci\u00f3n","image":{"@type":"ImageObject","inLanguage":"es","@id":"https:\/\/secure.gravatar.com\/avatar\/f6d8782c11d12b2d4ad3fbb6931aeab5309937a4d6cd2fc9cfaa28a6396a5aec?s=96&d=mm&r=g","url":"https:\/\/secure.gravatar.com\/avatar\/f6d8782c11d12b2d4ad3fbb6931aeab5309937a4d6cd2fc9cfaa28a6396a5aec?s=96&d=mm&r=g","contentUrl":"https:\/\/secure.gravatar.com\/avatar\/f6d8782c11d12b2d4ad3fbb6931aeab5309937a4d6cd2fc9cfaa28a6396a5aec?s=96&d=mm&r=g","caption":"Redacci\u00f3n"},"url":"https:\/\/fuentesfidedignas.com.mx\/index.php\/author\/redaccion\/"}]}},"_links":{"self":[{"href":"https:\/\/fuentesfidedignas.com.mx\/index.php\/wp-json\/wp\/v2\/posts\/19195","targetHints":{"allow":["GET"]}}],"collection":[{"href":"https:\/\/fuentesfidedignas.com.mx\/index.php\/wp-json\/wp\/v2\/posts"}],"about":[{"href":"https:\/\/fuentesfidedignas.com.mx\/index.php\/wp-json\/wp\/v2\/types\/post"}],"author":[{"embeddable":true,"href":"https:\/\/fuentesfidedignas.com.mx\/index.php\/wp-json\/wp\/v2\/users\/4"}],"replies":[{"embeddable":true,"href":"https:\/\/fuentesfidedignas.com.mx\/index.php\/wp-json\/wp\/v2\/comments?post=19195"}],"version-history":[{"count":4,"href":"https:\/\/fuentesfidedignas.com.mx\/index.php\/wp-json\/wp\/v2\/posts\/19195\/revisions"}],"predecessor-version":[{"id":19201,"href":"https:\/\/fuentesfidedignas.com.mx\/index.php\/wp-json\/wp\/v2\/posts\/19195\/revisions\/19201"}],"wp:attachment":[{"href":"https:\/\/fuentesfidedignas.com.mx\/index.php\/wp-json\/wp\/v2\/media?parent=19195"}],"wp:term":[{"taxonomy":"category","embeddable":true,"href":"https:\/\/fuentesfidedignas.com.mx\/index.php\/wp-json\/wp\/v2\/categories?post=19195"},{"taxonomy":"post_tag","embeddable":true,"href":"https:\/\/fuentesfidedignas.com.mx\/index.php\/wp-json\/wp\/v2\/tags?post=19195"}],"curies":[{"name":"wp","href":"https:\/\/api.w.org\/{rel}","templated":true}]}}