{"id":19189,"date":"2021-12-06T12:06:28","date_gmt":"2021-12-06T19:06:28","guid":{"rendered":"https:\/\/fuentesfidedignas.com.mx\/?p=19189"},"modified":"2021-12-06T12:06:30","modified_gmt":"2021-12-06T19:06:30","slug":"rocha-garantiza-el-pago-del-aguinaldo-y-las-dos-quincenas-de-diciembre","status":"publish","type":"post","link":"https:\/\/fuentesfidedignas.com.mx\/index.php\/2021\/12\/06\/rocha-garantiza-el-pago-del-aguinaldo-y-las-dos-quincenas-de-diciembre\/","title":{"rendered":"Rocha garantiza el pago del aguinaldo y las dos quincenas de diciembre"},"content":{"rendered":"\n<p><em><strong> El gobernador del estado se\u00f1al\u00f3 que se utilizar\u00e1 cr\u00e9ditos a corto plazo por 1,300 millones de pesos<\/strong><\/em><\/p>\n\n\n\n<p>Culiac\u00e1n, Sin. \u2013 Durante su Conferencia Semanera, el gobernador Rub\u00e9n Rocha Moya anunci\u00f3 que los trabajadores del Gobierno del Estado deben estar tranquilos, ya que para el d\u00eda 15 se pagar\u00e1 el aguinaldo y las dos quincenas de diciembre, pues para cubrir esa obligaci\u00f3n se cuenta con la disponibilidad de cr\u00e9ditos a corto plazo por mil 300 millones de pesos, a cuenta del apoyo solicitado para cubrir ese d\u00e9ficit que se hizo a la Federaci\u00f3n.<\/p>\n\n\n\n<p>Este tema le fue cuestionado en su Conferencia Semanera que tuvo lugar en el Auditorio de Palacio de Gobierno, y en respuesta a esas preguntas, el gobernador Rocha explic\u00f3 que el pago de esta prestaci\u00f3n a los trabajadores se contempl\u00f3 cubrirlo con el apoyo solicitado al Gobierno de la Rep\u00fablica, pues se cuenta con un d\u00e9ficit de 2 mil 618 millones de pesos que hered\u00f3 de la pasada administraci\u00f3n, pero dado que esos recursos federales llegar\u00edan despu\u00e9s del 20 de diciembre, fecha l\u00edmite por ley para el pago del aguinaldo, se decidi\u00f3 contratar cr\u00e9ditos a corto plazo con varias instituciones financieras, por la suma de mil 300 millones, los cuales se pagar\u00e1n en cuanto se radiquen esos apoyos federales para cubrir el d\u00e9ficit.<\/p>\n\n\n\n<p>\u201cQuiero decirles, n\u00famero uno, que los trabajadores no se mortifiquen les vamos a pagar las quincenas y su aguinaldo en tiempo; a m\u00e1s tardar el 20 de diciembre debe pagarse el aguinaldo por ley, la idea m\u00eda es que lo paguemos junto con la primera quincena el 15 y si tenemos alguna peque\u00f1a demora para la segunda quincena que debiera pagarse, en su momento, cuando se cumple va a ser a m\u00e1s tardar el d\u00eda 20\u201d, dijo.<\/p>\n\n\n\n<p>El gobernador Rocha se\u00f1al\u00f3 que al d\u00eda de hoy todav\u00eda se desconoce con cu\u00e1nto lo apoyar\u00e1 la Federaci\u00f3n para el cierre de a\u00f1o, lo cual conocer\u00e1 seguramente el mi\u00e9rcoles durante su visita a la Ciudad de M\u00e9xico para el caso. Sin embargo, aclar\u00f3 que su gobierno ya tom\u00f3 las previsiones y contrat\u00f3 varios cr\u00e9ditos a corto plazo para pagar el d\u00eda 15 a los trabajadores, como ha ocurrido cada a\u00f1o.<\/p>\n\n\n\n<p>Explic\u00f3 que la experiencia del a\u00f1o pasado indica que el Gobierno Federal apoy\u00f3 con mil 500 millones de pesos a la anterior administraci\u00f3n para el pago de aguinaldo y las dos quincenas de diciembre, aunque pag\u00f3 con recursos propios que ten\u00eda ahorrados, lo cual no previ\u00f3 para este a\u00f1o, y adem\u00e1s de cualquier modo solicit\u00f3 un cr\u00e9dito a corto plazo a cuenta del env\u00edo de ese apoyo federal para cierre de a\u00f1o, del cual desconoce su destino, pues lleg\u00f3 el 26 de diciembre, cuando ya se hab\u00eda cubierto el pago de las prestaciones y salarios.<\/p>\n\n\n\n<p>\u201cPregunt\u00e9, indagu\u00e9, con qu\u00e9 pagaron, entonces el a\u00f1o pasado hubo pr\u00e9stamos de corto plazo porque pidieron recurso a la Federaci\u00f3n en base a un d\u00e9ficit, la Federaci\u00f3n les apoy\u00f3 con mil 500 millones de pesos al gobierno anterior. Me dijeron, pagamos porque hab\u00eda recursos en el estado, primera contradicci\u00f3n porque si hab\u00eda recursos para qu\u00e9 pidieron a la Federaci\u00f3n. Yo, \u00bfpor qu\u00e9 tengo que usar el cr\u00e9dito para pagarles a los trabajadores a tiempo?, porque no hay recursos, es decir, en realidad para nosotros el d\u00e9ficit es cierto, no tenemos ese recurso, a nosotros no nos qued\u00f3\u201d, explic\u00f3.<\/p>\n\n\n\n<p>El gobernador Rocha detall\u00f3 que los cr\u00e9ditos de mil 300 millones de pesos se pagar\u00e1n de inmediato en cuanto se radiquen los apoyos que la Federaci\u00f3n enviar\u00e1 para el cierre de a\u00f1o, que se estima sea otra vez alrededor del 26 de diciembre.<\/p>\n\n\n\n<p>En otro tema, el mandatario estatal fue cuestionado respecto a la deuda que le hered\u00f3 la pasada administraci\u00f3n estatal, de 30 millones de pesos para el pago de los textileros que participaron en el Programa de Uniformes Escolares.<\/p>\n\n\n\n<p>\u201cYa tengo la deuda y se las vamos a pagar. \u00bfQu\u00e9 ocurre?, estamos haciendo acopio del recurso, pero no hay un dinero que se haya dejado para tal cosa; sin embargo, nuestro compromiso es institucional y vamos a pagar. Voy a hacer el gran esfuerzo de que lo podamos hacer, \u00e9ste es un proveedor anterior que debi\u00f3 haberse dejado el dinero para tal efecto y no lo tenemos, pero voy a hacer el gran esfuerzo de cubr\u00edrselo, porque vamos a necesitar implementar el siguiente\u201d, dijo.<\/p>\n\n\n\n<p>El gobernador Rocha adelant\u00f3 que para evitar que se repita este retraso en el pago para el siguiente a\u00f1o, pues se continuar\u00e1 con este programa social, ya instruy\u00f3 al secretario de Administraci\u00f3n y Finanzas, Enrique D\u00edaz Vega, para que a partir de abril se empiece un ahorro en una partida espec\u00edfica a fin de no tener el mismo problema de falta de pago a esos proveedores.<\/p>\n\n\n\n<p>\u201cYa estoy previendo de d\u00f3nde lo vamos a ir ahorrando para cuando se venga el requerimiento, que es un programa muy sensible porque es para los ni\u00f1os y los padres de familia, es tanto textileros como papeleros, podemos decir, que es el caso de los \u00fatiles escolares\u201d, concluy\u00f3.<\/p>\n","protected":false},"excerpt":{"rendered":"<p>El gobernador del estado se\u00f1al\u00f3 que se utilizar\u00e1 cr\u00e9ditos a corto plazo por 1,300 millones de pesos Culiac\u00e1n, Sin. \u2013 Durante su Conferencia Semanera, el gobernador Rub\u00e9n Rocha Moya anunci\u00f3 que los trabajadores del Gobierno del Estado deben estar tranquilos, ya que para el d\u00eda 15 se pagar\u00e1 el aguinaldo y las dos quincenas de [&hellip;]<\/p>\n","protected":false},"author":4,"featured_media":19190,"comment_status":"open","ping_status":"open","sticky":false,"template":"","format":"standard","meta":{"tdm_status":"","tdm_grid_status":"","footnotes":""},"categories":[37],"tags":[52],"class_list":{"0":"post-19189","1":"post","2":"type-post","3":"status-publish","4":"format-standard","5":"has-post-thumbnail","7":"category-nota-principal","8":"tag-ruben-rocha-moya"},"yoast_head":"<!-- This site is optimized with the Yoast SEO plugin v27.5 - https:\/\/yoast.com\/product\/yoast-seo-wordpress\/ -->\n<title>Rocha garantiza el pago del aguinaldo y las dos quincenas de diciembre - Fuentes Fidedignas<\/title>\n<meta name=\"robots\" content=\"index, follow, max-snippet:-1, max-image-preview:large, max-video-preview:-1\" \/>\n<link rel=\"canonical\" href=\"https:\/\/fuentesfidedignas.com.mx\/index.php\/2021\/12\/06\/rocha-garantiza-el-pago-del-aguinaldo-y-las-dos-quincenas-de-diciembre\/\" \/>\n<meta property=\"og:locale\" content=\"es_MX\" \/>\n<meta property=\"og:type\" content=\"article\" \/>\n<meta property=\"og:title\" content=\"Rocha garantiza el pago del aguinaldo y las dos quincenas de diciembre - Fuentes Fidedignas\" \/>\n<meta property=\"og:description\" content=\"El gobernador del estado se\u00f1al\u00f3 que se utilizar\u00e1 cr\u00e9ditos a corto plazo por 1,300 millones de pesos Culiac\u00e1n, Sin. \u2013 Durante su Conferencia Semanera, el gobernador Rub\u00e9n Rocha Moya anunci\u00f3 que los trabajadores del Gobierno del Estado deben estar tranquilos, ya que para el d\u00eda 15 se pagar\u00e1 el aguinaldo y las dos quincenas de [&hellip;]\" \/>\n<meta property=\"og:url\" content=\"https:\/\/fuentesfidedignas.com.mx\/index.php\/2021\/12\/06\/rocha-garantiza-el-pago-del-aguinaldo-y-las-dos-quincenas-de-diciembre\/\" \/>\n<meta property=\"og:site_name\" content=\"Fuentes Fidedignas\" \/>\n<meta property=\"article:publisher\" content=\"https:\/\/www.facebook.com\/Fuentes-Fidedignas-368234489921644\" \/>\n<meta property=\"article:published_time\" content=\"2021-12-06T19:06:28+00:00\" \/>\n<meta property=\"article:modified_time\" content=\"2021-12-06T19:06:30+00:00\" \/>\n<meta property=\"og:image\" content=\"https:\/\/fuentesfidedignas.com.mx\/wp-content\/uploads\/2021\/12\/IMG-20211206-WA0004.jpg\" \/>\n\t<meta property=\"og:image:width\" content=\"1280\" \/>\n\t<meta property=\"og:image:height\" content=\"852\" \/>\n\t<meta property=\"og:image:type\" content=\"image\/jpeg\" \/>\n<meta name=\"author\" content=\"Redacci\u00f3n\" \/>\n<meta name=\"twitter:card\" content=\"summary_large_image\" \/>\n<meta name=\"twitter:creator\" content=\"@fidedignas\" \/>\n<meta name=\"twitter:site\" content=\"@fidedignas\" \/>\n<meta name=\"twitter:label1\" content=\"Escrito por\" \/>\n\t<meta name=\"twitter:data1\" content=\"Redacci\u00f3n\" \/>\n\t<meta name=\"twitter:label2\" content=\"Tiempo de lectura\" \/>\n\t<meta name=\"twitter:data2\" content=\"4 minutos\" \/>\n<script type=\"application\/ld+json\" class=\"yoast-schema-graph\">{\"@context\":\"https:\\\/\\\/schema.org\",\"@graph\":[{\"@type\":\"Article\",\"@id\":\"https:\\\/\\\/fuentesfidedignas.com.mx\\\/index.php\\\/2021\\\/12\\\/06\\\/rocha-garantiza-el-pago-del-aguinaldo-y-las-dos-quincenas-de-diciembre\\\/#article\",\"isPartOf\":{\"@id\":\"https:\\\/\\\/fuentesfidedignas.com.mx\\\/index.php\\\/2021\\\/12\\\/06\\\/rocha-garantiza-el-pago-del-aguinaldo-y-las-dos-quincenas-de-diciembre\\\/\"},\"author\":{\"name\":\"Redacci\u00f3n\",\"@id\":\"https:\\\/\\\/fuentesfidedignas.com.mx\\\/#\\\/schema\\\/person\\\/331be9283d37198e2acd5750279085b0\"},\"headline\":\"Rocha garantiza el pago del aguinaldo y las dos quincenas de diciembre\",\"datePublished\":\"2021-12-06T19:06:28+00:00\",\"dateModified\":\"2021-12-06T19:06:30+00:00\",\"mainEntityOfPage\":{\"@id\":\"https:\\\/\\\/fuentesfidedignas.com.mx\\\/index.php\\\/2021\\\/12\\\/06\\\/rocha-garantiza-el-pago-del-aguinaldo-y-las-dos-quincenas-de-diciembre\\\/\"},\"wordCount\":897,\"commentCount\":0,\"publisher\":{\"@id\":\"https:\\\/\\\/fuentesfidedignas.com.mx\\\/#organization\"},\"image\":{\"@id\":\"https:\\\/\\\/fuentesfidedignas.com.mx\\\/index.php\\\/2021\\\/12\\\/06\\\/rocha-garantiza-el-pago-del-aguinaldo-y-las-dos-quincenas-de-diciembre\\\/#primaryimage\"},\"thumbnailUrl\":\"https:\\\/\\\/fuentesfidedignas.com.mx\\\/wp-content\\\/uploads\\\/2021\\\/12\\\/IMG-20211206-WA0004.jpg\",\"keywords\":[\"Rub\u00e9n Rocha Moya\"],\"articleSection\":[\"NOTA PRINCIPAL\"],\"inLanguage\":\"es\",\"potentialAction\":[{\"@type\":\"CommentAction\",\"name\":\"Comment\",\"target\":[\"https:\\\/\\\/fuentesfidedignas.com.mx\\\/index.php\\\/2021\\\/12\\\/06\\\/rocha-garantiza-el-pago-del-aguinaldo-y-las-dos-quincenas-de-diciembre\\\/#respond\"]}]},{\"@type\":\"WebPage\",\"@id\":\"https:\\\/\\\/fuentesfidedignas.com.mx\\\/index.php\\\/2021\\\/12\\\/06\\\/rocha-garantiza-el-pago-del-aguinaldo-y-las-dos-quincenas-de-diciembre\\\/\",\"url\":\"https:\\\/\\\/fuentesfidedignas.com.mx\\\/index.php\\\/2021\\\/12\\\/06\\\/rocha-garantiza-el-pago-del-aguinaldo-y-las-dos-quincenas-de-diciembre\\\/\",\"name\":\"Rocha garantiza el pago del aguinaldo y las dos quincenas de diciembre - Fuentes Fidedignas\",\"isPartOf\":{\"@id\":\"https:\\\/\\\/fuentesfidedignas.com.mx\\\/#website\"},\"primaryImageOfPage\":{\"@id\":\"https:\\\/\\\/fuentesfidedignas.com.mx\\\/index.php\\\/2021\\\/12\\\/06\\\/rocha-garantiza-el-pago-del-aguinaldo-y-las-dos-quincenas-de-diciembre\\\/#primaryimage\"},\"image\":{\"@id\":\"https:\\\/\\\/fuentesfidedignas.com.mx\\\/index.php\\\/2021\\\/12\\\/06\\\/rocha-garantiza-el-pago-del-aguinaldo-y-las-dos-quincenas-de-diciembre\\\/#primaryimage\"},\"thumbnailUrl\":\"https:\\\/\\\/fuentesfidedignas.com.mx\\\/wp-content\\\/uploads\\\/2021\\\/12\\\/IMG-20211206-WA0004.jpg\",\"datePublished\":\"2021-12-06T19:06:28+00:00\",\"dateModified\":\"2021-12-06T19:06:30+00:00\",\"breadcrumb\":{\"@id\":\"https:\\\/\\\/fuentesfidedignas.com.mx\\\/index.php\\\/2021\\\/12\\\/06\\\/rocha-garantiza-el-pago-del-aguinaldo-y-las-dos-quincenas-de-diciembre\\\/#breadcrumb\"},\"inLanguage\":\"es\",\"potentialAction\":[{\"@type\":\"ReadAction\",\"target\":[\"https:\\\/\\\/fuentesfidedignas.com.mx\\\/index.php\\\/2021\\\/12\\\/06\\\/rocha-garantiza-el-pago-del-aguinaldo-y-las-dos-quincenas-de-diciembre\\\/\"]}]},{\"@type\":\"ImageObject\",\"inLanguage\":\"es\",\"@id\":\"https:\\\/\\\/fuentesfidedignas.com.mx\\\/index.php\\\/2021\\\/12\\\/06\\\/rocha-garantiza-el-pago-del-aguinaldo-y-las-dos-quincenas-de-diciembre\\\/#primaryimage\",\"url\":\"https:\\\/\\\/fuentesfidedignas.com.mx\\\/wp-content\\\/uploads\\\/2021\\\/12\\\/IMG-20211206-WA0004.jpg\",\"contentUrl\":\"https:\\\/\\\/fuentesfidedignas.com.mx\\\/wp-content\\\/uploads\\\/2021\\\/12\\\/IMG-20211206-WA0004.jpg\",\"width\":1280,\"height\":852},{\"@type\":\"BreadcrumbList\",\"@id\":\"https:\\\/\\\/fuentesfidedignas.com.mx\\\/index.php\\\/2021\\\/12\\\/06\\\/rocha-garantiza-el-pago-del-aguinaldo-y-las-dos-quincenas-de-diciembre\\\/#breadcrumb\",\"itemListElement\":[{\"@type\":\"ListItem\",\"position\":1,\"name\":\"Inicio\",\"item\":\"https:\\\/\\\/fuentesfidedignas.com.mx\\\/\"},{\"@type\":\"ListItem\",\"position\":2,\"name\":\"Rocha garantiza el pago del aguinaldo y las dos quincenas de diciembre\"}]},{\"@type\":\"WebSite\",\"@id\":\"https:\\\/\\\/fuentesfidedignas.com.mx\\\/#website\",\"url\":\"https:\\\/\\\/fuentesfidedignas.com.mx\\\/\",\"name\":\"Fuentes Fidedignas\",\"description\":\"Otro sitio realizado con WordPress\",\"publisher\":{\"@id\":\"https:\\\/\\\/fuentesfidedignas.com.mx\\\/#organization\"},\"potentialAction\":[{\"@type\":\"SearchAction\",\"target\":{\"@type\":\"EntryPoint\",\"urlTemplate\":\"https:\\\/\\\/fuentesfidedignas.com.mx\\\/?s={search_term_string}\"},\"query-input\":{\"@type\":\"PropertyValueSpecification\",\"valueRequired\":true,\"valueName\":\"search_term_string\"}}],\"inLanguage\":\"es\"},{\"@type\":\"Organization\",\"@id\":\"https:\\\/\\\/fuentesfidedignas.com.mx\\\/#organization\",\"name\":\"Fuentes Fidedignas\",\"url\":\"https:\\\/\\\/fuentesfidedignas.com.mx\\\/\",\"logo\":{\"@type\":\"ImageObject\",\"inLanguage\":\"es\",\"@id\":\"https:\\\/\\\/fuentesfidedignas.com.mx\\\/#\\\/schema\\\/logo\\\/image\\\/\",\"url\":\"https:\\\/\\\/fuentesfidedignas.com.mx\\\/wp-content\\\/uploads\\\/2021\\\/04\\\/logo-retina.png\",\"contentUrl\":\"https:\\\/\\\/fuentesfidedignas.com.mx\\\/wp-content\\\/uploads\\\/2021\\\/04\\\/logo-retina.png\",\"width\":280,\"height\":51,\"caption\":\"Fuentes Fidedignas\"},\"image\":{\"@id\":\"https:\\\/\\\/fuentesfidedignas.com.mx\\\/#\\\/schema\\\/logo\\\/image\\\/\"},\"sameAs\":[\"https:\\\/\\\/www.facebook.com\\\/Fuentes-Fidedignas-368234489921644\",\"https:\\\/\\\/x.com\\\/fidedignas\"]},{\"@type\":\"Person\",\"@id\":\"https:\\\/\\\/fuentesfidedignas.com.mx\\\/#\\\/schema\\\/person\\\/331be9283d37198e2acd5750279085b0\",\"name\":\"Redacci\u00f3n\",\"image\":{\"@type\":\"ImageObject\",\"inLanguage\":\"es\",\"@id\":\"https:\\\/\\\/secure.gravatar.com\\\/avatar\\\/f6d8782c11d12b2d4ad3fbb6931aeab5309937a4d6cd2fc9cfaa28a6396a5aec?s=96&d=mm&r=g\",\"url\":\"https:\\\/\\\/secure.gravatar.com\\\/avatar\\\/f6d8782c11d12b2d4ad3fbb6931aeab5309937a4d6cd2fc9cfaa28a6396a5aec?s=96&d=mm&r=g\",\"contentUrl\":\"https:\\\/\\\/secure.gravatar.com\\\/avatar\\\/f6d8782c11d12b2d4ad3fbb6931aeab5309937a4d6cd2fc9cfaa28a6396a5aec?s=96&d=mm&r=g\",\"caption\":\"Redacci\u00f3n\"},\"url\":\"https:\\\/\\\/fuentesfidedignas.com.mx\\\/index.php\\\/author\\\/redaccion\\\/\"}]}<\/script>\n<!-- \/ Yoast SEO plugin. -->","yoast_head_json":{"title":"Rocha garantiza el pago del aguinaldo y las dos quincenas de diciembre - Fuentes Fidedignas","robots":{"index":"index","follow":"follow","max-snippet":"max-snippet:-1","max-image-preview":"max-image-preview:large","max-video-preview":"max-video-preview:-1"},"canonical":"https:\/\/fuentesfidedignas.com.mx\/index.php\/2021\/12\/06\/rocha-garantiza-el-pago-del-aguinaldo-y-las-dos-quincenas-de-diciembre\/","og_locale":"es_MX","og_type":"article","og_title":"Rocha garantiza el pago del aguinaldo y las dos quincenas de diciembre - Fuentes Fidedignas","og_description":"El gobernador del estado se\u00f1al\u00f3 que se utilizar\u00e1 cr\u00e9ditos a corto plazo por 1,300 millones de pesos Culiac\u00e1n, Sin. \u2013 Durante su Conferencia Semanera, el gobernador Rub\u00e9n Rocha Moya anunci\u00f3 que los trabajadores del Gobierno del Estado deben estar tranquilos, ya que para el d\u00eda 15 se pagar\u00e1 el aguinaldo y las dos quincenas de [&hellip;]","og_url":"https:\/\/fuentesfidedignas.com.mx\/index.php\/2021\/12\/06\/rocha-garantiza-el-pago-del-aguinaldo-y-las-dos-quincenas-de-diciembre\/","og_site_name":"Fuentes Fidedignas","article_publisher":"https:\/\/www.facebook.com\/Fuentes-Fidedignas-368234489921644","article_published_time":"2021-12-06T19:06:28+00:00","article_modified_time":"2021-12-06T19:06:30+00:00","og_image":[{"width":1280,"height":852,"url":"https:\/\/fuentesfidedignas.com.mx\/wp-content\/uploads\/2021\/12\/IMG-20211206-WA0004.jpg","type":"image\/jpeg"}],"author":"Redacci\u00f3n","twitter_card":"summary_large_image","twitter_creator":"@fidedignas","twitter_site":"@fidedignas","twitter_misc":{"Escrito por":"Redacci\u00f3n","Tiempo de lectura":"4 minutos"},"schema":{"@context":"https:\/\/schema.org","@graph":[{"@type":"Article","@id":"https:\/\/fuentesfidedignas.com.mx\/index.php\/2021\/12\/06\/rocha-garantiza-el-pago-del-aguinaldo-y-las-dos-quincenas-de-diciembre\/#article","isPartOf":{"@id":"https:\/\/fuentesfidedignas.com.mx\/index.php\/2021\/12\/06\/rocha-garantiza-el-pago-del-aguinaldo-y-las-dos-quincenas-de-diciembre\/"},"author":{"name":"Redacci\u00f3n","@id":"https:\/\/fuentesfidedignas.com.mx\/#\/schema\/person\/331be9283d37198e2acd5750279085b0"},"headline":"Rocha garantiza el pago del aguinaldo y las dos quincenas de diciembre","datePublished":"2021-12-06T19:06:28+00:00","dateModified":"2021-12-06T19:06:30+00:00","mainEntityOfPage":{"@id":"https:\/\/fuentesfidedignas.com.mx\/index.php\/2021\/12\/06\/rocha-garantiza-el-pago-del-aguinaldo-y-las-dos-quincenas-de-diciembre\/"},"wordCount":897,"commentCount":0,"publisher":{"@id":"https:\/\/fuentesfidedignas.com.mx\/#organization"},"image":{"@id":"https:\/\/fuentesfidedignas.com.mx\/index.php\/2021\/12\/06\/rocha-garantiza-el-pago-del-aguinaldo-y-las-dos-quincenas-de-diciembre\/#primaryimage"},"thumbnailUrl":"https:\/\/fuentesfidedignas.com.mx\/wp-content\/uploads\/2021\/12\/IMG-20211206-WA0004.jpg","keywords":["Rub\u00e9n Rocha Moya"],"articleSection":["NOTA PRINCIPAL"],"inLanguage":"es","potentialAction":[{"@type":"CommentAction","name":"Comment","target":["https:\/\/fuentesfidedignas.com.mx\/index.php\/2021\/12\/06\/rocha-garantiza-el-pago-del-aguinaldo-y-las-dos-quincenas-de-diciembre\/#respond"]}]},{"@type":"WebPage","@id":"https:\/\/fuentesfidedignas.com.mx\/index.php\/2021\/12\/06\/rocha-garantiza-el-pago-del-aguinaldo-y-las-dos-quincenas-de-diciembre\/","url":"https:\/\/fuentesfidedignas.com.mx\/index.php\/2021\/12\/06\/rocha-garantiza-el-pago-del-aguinaldo-y-las-dos-quincenas-de-diciembre\/","name":"Rocha garantiza el pago del aguinaldo y las dos quincenas de diciembre - Fuentes Fidedignas","isPartOf":{"@id":"https:\/\/fuentesfidedignas.com.mx\/#website"},"primaryImageOfPage":{"@id":"https:\/\/fuentesfidedignas.com.mx\/index.php\/2021\/12\/06\/rocha-garantiza-el-pago-del-aguinaldo-y-las-dos-quincenas-de-diciembre\/#primaryimage"},"image":{"@id":"https:\/\/fuentesfidedignas.com.mx\/index.php\/2021\/12\/06\/rocha-garantiza-el-pago-del-aguinaldo-y-las-dos-quincenas-de-diciembre\/#primaryimage"},"thumbnailUrl":"https:\/\/fuentesfidedignas.com.mx\/wp-content\/uploads\/2021\/12\/IMG-20211206-WA0004.jpg","datePublished":"2021-12-06T19:06:28+00:00","dateModified":"2021-12-06T19:06:30+00:00","breadcrumb":{"@id":"https:\/\/fuentesfidedignas.com.mx\/index.php\/2021\/12\/06\/rocha-garantiza-el-pago-del-aguinaldo-y-las-dos-quincenas-de-diciembre\/#breadcrumb"},"inLanguage":"es","potentialAction":[{"@type":"ReadAction","target":["https:\/\/fuentesfidedignas.com.mx\/index.php\/2021\/12\/06\/rocha-garantiza-el-pago-del-aguinaldo-y-las-dos-quincenas-de-diciembre\/"]}]},{"@type":"ImageObject","inLanguage":"es","@id":"https:\/\/fuentesfidedignas.com.mx\/index.php\/2021\/12\/06\/rocha-garantiza-el-pago-del-aguinaldo-y-las-dos-quincenas-de-diciembre\/#primaryimage","url":"https:\/\/fuentesfidedignas.com.mx\/wp-content\/uploads\/2021\/12\/IMG-20211206-WA0004.jpg","contentUrl":"https:\/\/fuentesfidedignas.com.mx\/wp-content\/uploads\/2021\/12\/IMG-20211206-WA0004.jpg","width":1280,"height":852},{"@type":"BreadcrumbList","@id":"https:\/\/fuentesfidedignas.com.mx\/index.php\/2021\/12\/06\/rocha-garantiza-el-pago-del-aguinaldo-y-las-dos-quincenas-de-diciembre\/#breadcrumb","itemListElement":[{"@type":"ListItem","position":1,"name":"Inicio","item":"https:\/\/fuentesfidedignas.com.mx\/"},{"@type":"ListItem","position":2,"name":"Rocha garantiza el pago del aguinaldo y las dos quincenas de diciembre"}]},{"@type":"WebSite","@id":"https:\/\/fuentesfidedignas.com.mx\/#website","url":"https:\/\/fuentesfidedignas.com.mx\/","name":"Fuentes Fidedignas","description":"Otro sitio realizado con WordPress","publisher":{"@id":"https:\/\/fuentesfidedignas.com.mx\/#organization"},"potentialAction":[{"@type":"SearchAction","target":{"@type":"EntryPoint","urlTemplate":"https:\/\/fuentesfidedignas.com.mx\/?s={search_term_string}"},"query-input":{"@type":"PropertyValueSpecification","valueRequired":true,"valueName":"search_term_string"}}],"inLanguage":"es"},{"@type":"Organization","@id":"https:\/\/fuentesfidedignas.com.mx\/#organization","name":"Fuentes Fidedignas","url":"https:\/\/fuentesfidedignas.com.mx\/","logo":{"@type":"ImageObject","inLanguage":"es","@id":"https:\/\/fuentesfidedignas.com.mx\/#\/schema\/logo\/image\/","url":"https:\/\/fuentesfidedignas.com.mx\/wp-content\/uploads\/2021\/04\/logo-retina.png","contentUrl":"https:\/\/fuentesfidedignas.com.mx\/wp-content\/uploads\/2021\/04\/logo-retina.png","width":280,"height":51,"caption":"Fuentes Fidedignas"},"image":{"@id":"https:\/\/fuentesfidedignas.com.mx\/#\/schema\/logo\/image\/"},"sameAs":["https:\/\/www.facebook.com\/Fuentes-Fidedignas-368234489921644","https:\/\/x.com\/fidedignas"]},{"@type":"Person","@id":"https:\/\/fuentesfidedignas.com.mx\/#\/schema\/person\/331be9283d37198e2acd5750279085b0","name":"Redacci\u00f3n","image":{"@type":"ImageObject","inLanguage":"es","@id":"https:\/\/secure.gravatar.com\/avatar\/f6d8782c11d12b2d4ad3fbb6931aeab5309937a4d6cd2fc9cfaa28a6396a5aec?s=96&d=mm&r=g","url":"https:\/\/secure.gravatar.com\/avatar\/f6d8782c11d12b2d4ad3fbb6931aeab5309937a4d6cd2fc9cfaa28a6396a5aec?s=96&d=mm&r=g","contentUrl":"https:\/\/secure.gravatar.com\/avatar\/f6d8782c11d12b2d4ad3fbb6931aeab5309937a4d6cd2fc9cfaa28a6396a5aec?s=96&d=mm&r=g","caption":"Redacci\u00f3n"},"url":"https:\/\/fuentesfidedignas.com.mx\/index.php\/author\/redaccion\/"}]}},"_links":{"self":[{"href":"https:\/\/fuentesfidedignas.com.mx\/index.php\/wp-json\/wp\/v2\/posts\/19189","targetHints":{"allow":["GET"]}}],"collection":[{"href":"https:\/\/fuentesfidedignas.com.mx\/index.php\/wp-json\/wp\/v2\/posts"}],"about":[{"href":"https:\/\/fuentesfidedignas.com.mx\/index.php\/wp-json\/wp\/v2\/types\/post"}],"author":[{"embeddable":true,"href":"https:\/\/fuentesfidedignas.com.mx\/index.php\/wp-json\/wp\/v2\/users\/4"}],"replies":[{"embeddable":true,"href":"https:\/\/fuentesfidedignas.com.mx\/index.php\/wp-json\/wp\/v2\/comments?post=19189"}],"version-history":[{"count":1,"href":"https:\/\/fuentesfidedignas.com.mx\/index.php\/wp-json\/wp\/v2\/posts\/19189\/revisions"}],"predecessor-version":[{"id":19191,"href":"https:\/\/fuentesfidedignas.com.mx\/index.php\/wp-json\/wp\/v2\/posts\/19189\/revisions\/19191"}],"wp:featuredmedia":[{"embeddable":true,"href":"https:\/\/fuentesfidedignas.com.mx\/index.php\/wp-json\/wp\/v2\/media\/19190"}],"wp:attachment":[{"href":"https:\/\/fuentesfidedignas.com.mx\/index.php\/wp-json\/wp\/v2\/media?parent=19189"}],"wp:term":[{"taxonomy":"category","embeddable":true,"href":"https:\/\/fuentesfidedignas.com.mx\/index.php\/wp-json\/wp\/v2\/categories?post=19189"},{"taxonomy":"post_tag","embeddable":true,"href":"https:\/\/fuentesfidedignas.com.mx\/index.php\/wp-json\/wp\/v2\/tags?post=19189"}],"curies":[{"name":"wp","href":"https:\/\/api.w.org\/{rel}","templated":true}]}}