{"id":19131,"date":"2021-12-05T11:08:18","date_gmt":"2021-12-05T18:08:18","guid":{"rendered":"https:\/\/fuentesfidedignas.com.mx\/?p=19131"},"modified":"2021-12-05T11:08:19","modified_gmt":"2021-12-05T18:08:19","slug":"automovilista-atropella-a-peregrinos-que-iban-a-la-basilica-hay-12-heridos","status":"publish","type":"post","link":"https:\/\/fuentesfidedignas.com.mx\/index.php\/2021\/12\/05\/automovilista-atropella-a-peregrinos-que-iban-a-la-basilica-hay-12-heridos\/","title":{"rendered":"Automovilista atropella a peregrinos que iban a la Bas\u00edlica; hay 12 heridos"},"content":{"rendered":"\n<p><strong><em>Secretar\u00eda de Seguridad detuvo a dos personas, presuntamente responsables de atropellar a 12 peregrinos.<\/em><\/strong><\/p>\n\n\n\n<p>Ciudad de M\u00e9xico.- Un grupo de peregrinos que sali\u00f3 de Xochimilco fueron atropellados por un conductor, presuntamente en estado de ebriedad, en Calzada de Tlalpan, en la colonia El Centinela, Coyoac\u00e1n. Reportan que 12 personas resultaron heridos.<\/p>\n\n\n\n<p>El gobierno de la CDMX explic\u00f3 que los peregrinos viajaban en bicicleta y otros iban corriendo rumbo a la Bas\u00edlica de Guadalupe, cuando el automovilista los atropell\u00f3, por lo que personal del Escuadr\u00f3n de Rescate y Urgencias M\u00e9dicas trasladaron a los lesionados.<\/p>\n\n\n\n<p>Mientras, personal de la Secretar\u00eda de Seguridad Ciudadana logr\u00f3 capturar a dos presuntos responsables,quienes fueron trasladados al Ministerio P\u00fablico en Coyoac\u00e1n en calidad de detenidos.<\/p>\n\n\n\n<figure class=\"wp-block-embed is-type-rich is-provider-twitter wp-block-embed-twitter\"><div class=\"wp-block-embed__wrapper\">\n<blockquote class=\"twitter-tweet\" data-width=\"550\" data-dnt=\"true\"><p lang=\"es\" dir=\"ltr\">Hoy un automovilista en estado de ebriedad atropell\u00f3 a peregrinos de Xochimilco con rumbo a la Bas\u00edlica. Los responsables ya est\u00e1n detenidos, hay 12 lesionados. Asist\u00ed al lugar, pido a la fiscal\u00eda que se aplique todo el rigor de la ley. Estamos atendiendo a victimas y familiares. <a href=\"https:\/\/t.co\/hGawZw1ZZG\">pic.twitter.com\/hGawZw1ZZG<\/a><\/p>&mdash; Claudia Sheinbaum (@Claudiashein) <a href=\"https:\/\/twitter.com\/Claudiashein\/status\/1467512095226974212?ref_src=twsrc%5Etfw\">December 5, 2021<\/a><\/blockquote><script async src=\"https:\/\/platform.twitter.com\/widgets.js\" charset=\"utf-8\"><\/script>\n<\/div><\/figure>\n\n\n\n<p>Por lo anterior, la Secretar\u00eda de Movilidad, junto con la Fiscal\u00eda General de Justicia (FGJ), comenz\u00f3 el contacto con las familias de las personas afectadas para brindarles todo el apoyo necesario.<\/p>\n\n\n\n<p>\u201cDel mismo modo y en concordancia con lo solicitado a la FGJ por la jefa de gobierno, Claudia Sheinbaum, aportaremos todos los elementos necesaria para que esta instancia de justicia pueda aplicar todo el rigor de la ley a quienes resulten responsables\u201d, se\u00f1alan en comunicado la dependencia encabezada por Andr\u00e9s Lajous.<\/p>\n\n\n\n<figure class=\"wp-block-embed is-type-rich is-provider-twitter wp-block-embed-twitter\"><div class=\"wp-block-embed__wrapper\">\n<blockquote class=\"twitter-tweet\" data-width=\"550\" data-dnt=\"true\"><p lang=\"es\" dir=\"ltr\">Desde <a href=\"https:\/\/twitter.com\/LaSEMOVI?ref_src=twsrc%5Etfw\">@LaSEMOVI<\/a> estamos trabajando con C5 y la <a href=\"https:\/\/twitter.com\/FiscaliaCDMX?ref_src=twsrc%5Etfw\">@FiscaliaCDMX<\/a>, en acompa\u00f1amiento del muy lamentable hecho de tr\u00e1nsito que involucr\u00f3 a ciclistas hoy en la ma\u00f1ana. Nos ponemos en contacto con familiares, y estaremos informando.<\/p>&mdash; Andr\u00e9s Lajous (@andreslajous) <a href=\"https:\/\/twitter.com\/andreslajous\/status\/1467508472946335744?ref_src=twsrc%5Etfw\">December 5, 2021<\/a><\/blockquote><script async src=\"https:\/\/platform.twitter.com\/widgets.js\" charset=\"utf-8\"><\/script>\n<\/div><\/figure>\n","protected":false},"excerpt":{"rendered":"<p>Secretar\u00eda de Seguridad detuvo a dos personas, presuntamente responsables de atropellar a 12 peregrinos. Ciudad de M\u00e9xico.- Un grupo de peregrinos que sali\u00f3 de Xochimilco fueron atropellados por un conductor, presuntamente en estado de ebriedad, en Calzada de Tlalpan, en la colonia El Centinela, Coyoac\u00e1n. Reportan que 12 personas resultaron heridos. El gobierno de la [&hellip;]<\/p>\n","protected":false},"author":5,"featured_media":19132,"comment_status":"open","ping_status":"open","sticky":false,"template":"","format":"standard","meta":{"tdm_status":"","tdm_grid_status":"","footnotes":""},"categories":[39],"tags":[2222,2223],"class_list":{"0":"post-19131","1":"post","2":"type-post","3":"status-publish","4":"format-standard","5":"has-post-thumbnail","7":"category-noticias-nacionales","8":"tag-basilica","9":"tag-basilica-de-guadalupe"},"yoast_head":"<!-- This site is optimized with the Yoast SEO plugin v27.5 - https:\/\/yoast.com\/product\/yoast-seo-wordpress\/ -->\n<title>Automovilista atropella a peregrinos que iban a la Bas\u00edlica; hay 12 heridos - Fuentes Fidedignas<\/title>\n<meta name=\"robots\" content=\"index, follow, max-snippet:-1, max-image-preview:large, max-video-preview:-1\" \/>\n<link rel=\"canonical\" href=\"https:\/\/fuentesfidedignas.com.mx\/index.php\/2021\/12\/05\/automovilista-atropella-a-peregrinos-que-iban-a-la-basilica-hay-12-heridos\/\" \/>\n<meta property=\"og:locale\" content=\"es_MX\" \/>\n<meta property=\"og:type\" content=\"article\" \/>\n<meta property=\"og:title\" content=\"Automovilista atropella a peregrinos que iban a la Bas\u00edlica; hay 12 heridos - Fuentes Fidedignas\" \/>\n<meta property=\"og:description\" content=\"Secretar\u00eda de Seguridad detuvo a dos personas, presuntamente responsables de atropellar a 12 peregrinos. Ciudad de M\u00e9xico.- Un grupo de peregrinos que sali\u00f3 de Xochimilco fueron atropellados por un conductor, presuntamente en estado de ebriedad, en Calzada de Tlalpan, en la colonia El Centinela, Coyoac\u00e1n. Reportan que 12 personas resultaron heridos. El gobierno de la [&hellip;]\" \/>\n<meta property=\"og:url\" content=\"https:\/\/fuentesfidedignas.com.mx\/index.php\/2021\/12\/05\/automovilista-atropella-a-peregrinos-que-iban-a-la-basilica-hay-12-heridos\/\" \/>\n<meta property=\"og:site_name\" content=\"Fuentes Fidedignas\" \/>\n<meta property=\"article:publisher\" content=\"https:\/\/www.facebook.com\/Fuentes-Fidedignas-368234489921644\" \/>\n<meta property=\"article:published_time\" content=\"2021-12-05T18:08:18+00:00\" \/>\n<meta property=\"article:modified_time\" content=\"2021-12-05T18:08:19+00:00\" \/>\n<meta property=\"og:image\" content=\"https:\/\/fuentesfidedignas.com.mx\/wp-content\/uploads\/2021\/12\/PEREGRINOS_ARROLLADOS.jpg\" \/>\n\t<meta property=\"og:image:width\" content=\"640\" \/>\n\t<meta property=\"og:image:height\" content=\"360\" \/>\n\t<meta property=\"og:image:type\" content=\"image\/jpeg\" \/>\n<meta name=\"author\" content=\"Forbes\" \/>\n<meta name=\"twitter:card\" content=\"summary_large_image\" \/>\n<meta name=\"twitter:creator\" content=\"@fidedignas\" \/>\n<meta name=\"twitter:site\" content=\"@fidedignas\" \/>\n<meta name=\"twitter:label1\" content=\"Escrito por\" \/>\n\t<meta name=\"twitter:data1\" content=\"Forbes\" \/>\n\t<meta name=\"twitter:label2\" content=\"Tiempo de lectura\" \/>\n\t<meta name=\"twitter:data2\" content=\"1 minuto\" \/>\n<script type=\"application\/ld+json\" class=\"yoast-schema-graph\">{\"@context\":\"https:\\\/\\\/schema.org\",\"@graph\":[{\"@type\":\"Article\",\"@id\":\"https:\\\/\\\/fuentesfidedignas.com.mx\\\/index.php\\\/2021\\\/12\\\/05\\\/automovilista-atropella-a-peregrinos-que-iban-a-la-basilica-hay-12-heridos\\\/#article\",\"isPartOf\":{\"@id\":\"https:\\\/\\\/fuentesfidedignas.com.mx\\\/index.php\\\/2021\\\/12\\\/05\\\/automovilista-atropella-a-peregrinos-que-iban-a-la-basilica-hay-12-heridos\\\/\"},\"author\":{\"name\":\"Forbes\",\"@id\":\"https:\\\/\\\/fuentesfidedignas.com.mx\\\/#\\\/schema\\\/person\\\/5623d53fe2e579d825b1679734abcc44\"},\"headline\":\"Automovilista atropella a peregrinos que iban a la Bas\u00edlica; hay 12 heridos\",\"datePublished\":\"2021-12-05T18:08:18+00:00\",\"dateModified\":\"2021-12-05T18:08:19+00:00\",\"mainEntityOfPage\":{\"@id\":\"https:\\\/\\\/fuentesfidedignas.com.mx\\\/index.php\\\/2021\\\/12\\\/05\\\/automovilista-atropella-a-peregrinos-que-iban-a-la-basilica-hay-12-heridos\\\/\"},\"wordCount\":235,\"commentCount\":0,\"publisher\":{\"@id\":\"https:\\\/\\\/fuentesfidedignas.com.mx\\\/#organization\"},\"image\":{\"@id\":\"https:\\\/\\\/fuentesfidedignas.com.mx\\\/index.php\\\/2021\\\/12\\\/05\\\/automovilista-atropella-a-peregrinos-que-iban-a-la-basilica-hay-12-heridos\\\/#primaryimage\"},\"thumbnailUrl\":\"https:\\\/\\\/fuentesfidedignas.com.mx\\\/wp-content\\\/uploads\\\/2021\\\/12\\\/PEREGRINOS_ARROLLADOS.jpg\",\"keywords\":[\"Bas\u00edlica\",\"Bas\u00edlica de Guadalupe\"],\"articleSection\":[\"NOTICIAS NACIONALES\"],\"inLanguage\":\"es\",\"potentialAction\":[{\"@type\":\"CommentAction\",\"name\":\"Comment\",\"target\":[\"https:\\\/\\\/fuentesfidedignas.com.mx\\\/index.php\\\/2021\\\/12\\\/05\\\/automovilista-atropella-a-peregrinos-que-iban-a-la-basilica-hay-12-heridos\\\/#respond\"]}]},{\"@type\":\"WebPage\",\"@id\":\"https:\\\/\\\/fuentesfidedignas.com.mx\\\/index.php\\\/2021\\\/12\\\/05\\\/automovilista-atropella-a-peregrinos-que-iban-a-la-basilica-hay-12-heridos\\\/\",\"url\":\"https:\\\/\\\/fuentesfidedignas.com.mx\\\/index.php\\\/2021\\\/12\\\/05\\\/automovilista-atropella-a-peregrinos-que-iban-a-la-basilica-hay-12-heridos\\\/\",\"name\":\"Automovilista atropella a peregrinos que iban a la Bas\u00edlica; hay 12 heridos - Fuentes Fidedignas\",\"isPartOf\":{\"@id\":\"https:\\\/\\\/fuentesfidedignas.com.mx\\\/#website\"},\"primaryImageOfPage\":{\"@id\":\"https:\\\/\\\/fuentesfidedignas.com.mx\\\/index.php\\\/2021\\\/12\\\/05\\\/automovilista-atropella-a-peregrinos-que-iban-a-la-basilica-hay-12-heridos\\\/#primaryimage\"},\"image\":{\"@id\":\"https:\\\/\\\/fuentesfidedignas.com.mx\\\/index.php\\\/2021\\\/12\\\/05\\\/automovilista-atropella-a-peregrinos-que-iban-a-la-basilica-hay-12-heridos\\\/#primaryimage\"},\"thumbnailUrl\":\"https:\\\/\\\/fuentesfidedignas.com.mx\\\/wp-content\\\/uploads\\\/2021\\\/12\\\/PEREGRINOS_ARROLLADOS.jpg\",\"datePublished\":\"2021-12-05T18:08:18+00:00\",\"dateModified\":\"2021-12-05T18:08:19+00:00\",\"breadcrumb\":{\"@id\":\"https:\\\/\\\/fuentesfidedignas.com.mx\\\/index.php\\\/2021\\\/12\\\/05\\\/automovilista-atropella-a-peregrinos-que-iban-a-la-basilica-hay-12-heridos\\\/#breadcrumb\"},\"inLanguage\":\"es\",\"potentialAction\":[{\"@type\":\"ReadAction\",\"target\":[\"https:\\\/\\\/fuentesfidedignas.com.mx\\\/index.php\\\/2021\\\/12\\\/05\\\/automovilista-atropella-a-peregrinos-que-iban-a-la-basilica-hay-12-heridos\\\/\"]}]},{\"@type\":\"ImageObject\",\"inLanguage\":\"es\",\"@id\":\"https:\\\/\\\/fuentesfidedignas.com.mx\\\/index.php\\\/2021\\\/12\\\/05\\\/automovilista-atropella-a-peregrinos-que-iban-a-la-basilica-hay-12-heridos\\\/#primaryimage\",\"url\":\"https:\\\/\\\/fuentesfidedignas.com.mx\\\/wp-content\\\/uploads\\\/2021\\\/12\\\/PEREGRINOS_ARROLLADOS.jpg\",\"contentUrl\":\"https:\\\/\\\/fuentesfidedignas.com.mx\\\/wp-content\\\/uploads\\\/2021\\\/12\\\/PEREGRINOS_ARROLLADOS.jpg\",\"width\":640,\"height\":360},{\"@type\":\"BreadcrumbList\",\"@id\":\"https:\\\/\\\/fuentesfidedignas.com.mx\\\/index.php\\\/2021\\\/12\\\/05\\\/automovilista-atropella-a-peregrinos-que-iban-a-la-basilica-hay-12-heridos\\\/#breadcrumb\",\"itemListElement\":[{\"@type\":\"ListItem\",\"position\":1,\"name\":\"Inicio\",\"item\":\"https:\\\/\\\/fuentesfidedignas.com.mx\\\/\"},{\"@type\":\"ListItem\",\"position\":2,\"name\":\"Automovilista atropella a peregrinos que iban a la Bas\u00edlica; hay 12 heridos\"}]},{\"@type\":\"WebSite\",\"@id\":\"https:\\\/\\\/fuentesfidedignas.com.mx\\\/#website\",\"url\":\"https:\\\/\\\/fuentesfidedignas.com.mx\\\/\",\"name\":\"Fuentes Fidedignas\",\"description\":\"Otro sitio realizado con WordPress\",\"publisher\":{\"@id\":\"https:\\\/\\\/fuentesfidedignas.com.mx\\\/#organization\"},\"potentialAction\":[{\"@type\":\"SearchAction\",\"target\":{\"@type\":\"EntryPoint\",\"urlTemplate\":\"https:\\\/\\\/fuentesfidedignas.com.mx\\\/?s={search_term_string}\"},\"query-input\":{\"@type\":\"PropertyValueSpecification\",\"valueRequired\":true,\"valueName\":\"search_term_string\"}}],\"inLanguage\":\"es\"},{\"@type\":\"Organization\",\"@id\":\"https:\\\/\\\/fuentesfidedignas.com.mx\\\/#organization\",\"name\":\"Fuentes Fidedignas\",\"url\":\"https:\\\/\\\/fuentesfidedignas.com.mx\\\/\",\"logo\":{\"@type\":\"ImageObject\",\"inLanguage\":\"es\",\"@id\":\"https:\\\/\\\/fuentesfidedignas.com.mx\\\/#\\\/schema\\\/logo\\\/image\\\/\",\"url\":\"https:\\\/\\\/fuentesfidedignas.com.mx\\\/wp-content\\\/uploads\\\/2021\\\/04\\\/logo-retina.png\",\"contentUrl\":\"https:\\\/\\\/fuentesfidedignas.com.mx\\\/wp-content\\\/uploads\\\/2021\\\/04\\\/logo-retina.png\",\"width\":280,\"height\":51,\"caption\":\"Fuentes Fidedignas\"},\"image\":{\"@id\":\"https:\\\/\\\/fuentesfidedignas.com.mx\\\/#\\\/schema\\\/logo\\\/image\\\/\"},\"sameAs\":[\"https:\\\/\\\/www.facebook.com\\\/Fuentes-Fidedignas-368234489921644\",\"https:\\\/\\\/x.com\\\/fidedignas\"]},{\"@type\":\"Person\",\"@id\":\"https:\\\/\\\/fuentesfidedignas.com.mx\\\/#\\\/schema\\\/person\\\/5623d53fe2e579d825b1679734abcc44\",\"name\":\"Forbes\",\"image\":{\"@type\":\"ImageObject\",\"inLanguage\":\"es\",\"@id\":\"https:\\\/\\\/secure.gravatar.com\\\/avatar\\\/87ce3dd4e41e60c22a79c758614f01a6bc2469255fc936ec7b15efb9bb5cb66f?s=96&d=mm&r=g\",\"url\":\"https:\\\/\\\/secure.gravatar.com\\\/avatar\\\/87ce3dd4e41e60c22a79c758614f01a6bc2469255fc936ec7b15efb9bb5cb66f?s=96&d=mm&r=g\",\"contentUrl\":\"https:\\\/\\\/secure.gravatar.com\\\/avatar\\\/87ce3dd4e41e60c22a79c758614f01a6bc2469255fc936ec7b15efb9bb5cb66f?s=96&d=mm&r=g\",\"caption\":\"Forbes\"},\"url\":\"https:\\\/\\\/fuentesfidedignas.com.mx\\\/index.php\\\/author\\\/forbes\\\/\"}]}<\/script>\n<!-- \/ Yoast SEO plugin. -->","yoast_head_json":{"title":"Automovilista atropella a peregrinos que iban a la Bas\u00edlica; hay 12 heridos - Fuentes Fidedignas","robots":{"index":"index","follow":"follow","max-snippet":"max-snippet:-1","max-image-preview":"max-image-preview:large","max-video-preview":"max-video-preview:-1"},"canonical":"https:\/\/fuentesfidedignas.com.mx\/index.php\/2021\/12\/05\/automovilista-atropella-a-peregrinos-que-iban-a-la-basilica-hay-12-heridos\/","og_locale":"es_MX","og_type":"article","og_title":"Automovilista atropella a peregrinos que iban a la Bas\u00edlica; hay 12 heridos - Fuentes Fidedignas","og_description":"Secretar\u00eda de Seguridad detuvo a dos personas, presuntamente responsables de atropellar a 12 peregrinos. Ciudad de M\u00e9xico.- Un grupo de peregrinos que sali\u00f3 de Xochimilco fueron atropellados por un conductor, presuntamente en estado de ebriedad, en Calzada de Tlalpan, en la colonia El Centinela, Coyoac\u00e1n. Reportan que 12 personas resultaron heridos. El gobierno de la [&hellip;]","og_url":"https:\/\/fuentesfidedignas.com.mx\/index.php\/2021\/12\/05\/automovilista-atropella-a-peregrinos-que-iban-a-la-basilica-hay-12-heridos\/","og_site_name":"Fuentes Fidedignas","article_publisher":"https:\/\/www.facebook.com\/Fuentes-Fidedignas-368234489921644","article_published_time":"2021-12-05T18:08:18+00:00","article_modified_time":"2021-12-05T18:08:19+00:00","og_image":[{"width":640,"height":360,"url":"https:\/\/fuentesfidedignas.com.mx\/wp-content\/uploads\/2021\/12\/PEREGRINOS_ARROLLADOS.jpg","type":"image\/jpeg"}],"author":"Forbes","twitter_card":"summary_large_image","twitter_creator":"@fidedignas","twitter_site":"@fidedignas","twitter_misc":{"Escrito por":"Forbes","Tiempo de lectura":"1 minuto"},"schema":{"@context":"https:\/\/schema.org","@graph":[{"@type":"Article","@id":"https:\/\/fuentesfidedignas.com.mx\/index.php\/2021\/12\/05\/automovilista-atropella-a-peregrinos-que-iban-a-la-basilica-hay-12-heridos\/#article","isPartOf":{"@id":"https:\/\/fuentesfidedignas.com.mx\/index.php\/2021\/12\/05\/automovilista-atropella-a-peregrinos-que-iban-a-la-basilica-hay-12-heridos\/"},"author":{"name":"Forbes","@id":"https:\/\/fuentesfidedignas.com.mx\/#\/schema\/person\/5623d53fe2e579d825b1679734abcc44"},"headline":"Automovilista atropella a peregrinos que iban a la Bas\u00edlica; hay 12 heridos","datePublished":"2021-12-05T18:08:18+00:00","dateModified":"2021-12-05T18:08:19+00:00","mainEntityOfPage":{"@id":"https:\/\/fuentesfidedignas.com.mx\/index.php\/2021\/12\/05\/automovilista-atropella-a-peregrinos-que-iban-a-la-basilica-hay-12-heridos\/"},"wordCount":235,"commentCount":0,"publisher":{"@id":"https:\/\/fuentesfidedignas.com.mx\/#organization"},"image":{"@id":"https:\/\/fuentesfidedignas.com.mx\/index.php\/2021\/12\/05\/automovilista-atropella-a-peregrinos-que-iban-a-la-basilica-hay-12-heridos\/#primaryimage"},"thumbnailUrl":"https:\/\/fuentesfidedignas.com.mx\/wp-content\/uploads\/2021\/12\/PEREGRINOS_ARROLLADOS.jpg","keywords":["Bas\u00edlica","Bas\u00edlica de Guadalupe"],"articleSection":["NOTICIAS NACIONALES"],"inLanguage":"es","potentialAction":[{"@type":"CommentAction","name":"Comment","target":["https:\/\/fuentesfidedignas.com.mx\/index.php\/2021\/12\/05\/automovilista-atropella-a-peregrinos-que-iban-a-la-basilica-hay-12-heridos\/#respond"]}]},{"@type":"WebPage","@id":"https:\/\/fuentesfidedignas.com.mx\/index.php\/2021\/12\/05\/automovilista-atropella-a-peregrinos-que-iban-a-la-basilica-hay-12-heridos\/","url":"https:\/\/fuentesfidedignas.com.mx\/index.php\/2021\/12\/05\/automovilista-atropella-a-peregrinos-que-iban-a-la-basilica-hay-12-heridos\/","name":"Automovilista atropella a peregrinos que iban a la Bas\u00edlica; hay 12 heridos - Fuentes Fidedignas","isPartOf":{"@id":"https:\/\/fuentesfidedignas.com.mx\/#website"},"primaryImageOfPage":{"@id":"https:\/\/fuentesfidedignas.com.mx\/index.php\/2021\/12\/05\/automovilista-atropella-a-peregrinos-que-iban-a-la-basilica-hay-12-heridos\/#primaryimage"},"image":{"@id":"https:\/\/fuentesfidedignas.com.mx\/index.php\/2021\/12\/05\/automovilista-atropella-a-peregrinos-que-iban-a-la-basilica-hay-12-heridos\/#primaryimage"},"thumbnailUrl":"https:\/\/fuentesfidedignas.com.mx\/wp-content\/uploads\/2021\/12\/PEREGRINOS_ARROLLADOS.jpg","datePublished":"2021-12-05T18:08:18+00:00","dateModified":"2021-12-05T18:08:19+00:00","breadcrumb":{"@id":"https:\/\/fuentesfidedignas.com.mx\/index.php\/2021\/12\/05\/automovilista-atropella-a-peregrinos-que-iban-a-la-basilica-hay-12-heridos\/#breadcrumb"},"inLanguage":"es","potentialAction":[{"@type":"ReadAction","target":["https:\/\/fuentesfidedignas.com.mx\/index.php\/2021\/12\/05\/automovilista-atropella-a-peregrinos-que-iban-a-la-basilica-hay-12-heridos\/"]}]},{"@type":"ImageObject","inLanguage":"es","@id":"https:\/\/fuentesfidedignas.com.mx\/index.php\/2021\/12\/05\/automovilista-atropella-a-peregrinos-que-iban-a-la-basilica-hay-12-heridos\/#primaryimage","url":"https:\/\/fuentesfidedignas.com.mx\/wp-content\/uploads\/2021\/12\/PEREGRINOS_ARROLLADOS.jpg","contentUrl":"https:\/\/fuentesfidedignas.com.mx\/wp-content\/uploads\/2021\/12\/PEREGRINOS_ARROLLADOS.jpg","width":640,"height":360},{"@type":"BreadcrumbList","@id":"https:\/\/fuentesfidedignas.com.mx\/index.php\/2021\/12\/05\/automovilista-atropella-a-peregrinos-que-iban-a-la-basilica-hay-12-heridos\/#breadcrumb","itemListElement":[{"@type":"ListItem","position":1,"name":"Inicio","item":"https:\/\/fuentesfidedignas.com.mx\/"},{"@type":"ListItem","position":2,"name":"Automovilista atropella a peregrinos que iban a la Bas\u00edlica; hay 12 heridos"}]},{"@type":"WebSite","@id":"https:\/\/fuentesfidedignas.com.mx\/#website","url":"https:\/\/fuentesfidedignas.com.mx\/","name":"Fuentes Fidedignas","description":"Otro sitio realizado con WordPress","publisher":{"@id":"https:\/\/fuentesfidedignas.com.mx\/#organization"},"potentialAction":[{"@type":"SearchAction","target":{"@type":"EntryPoint","urlTemplate":"https:\/\/fuentesfidedignas.com.mx\/?s={search_term_string}"},"query-input":{"@type":"PropertyValueSpecification","valueRequired":true,"valueName":"search_term_string"}}],"inLanguage":"es"},{"@type":"Organization","@id":"https:\/\/fuentesfidedignas.com.mx\/#organization","name":"Fuentes Fidedignas","url":"https:\/\/fuentesfidedignas.com.mx\/","logo":{"@type":"ImageObject","inLanguage":"es","@id":"https:\/\/fuentesfidedignas.com.mx\/#\/schema\/logo\/image\/","url":"https:\/\/fuentesfidedignas.com.mx\/wp-content\/uploads\/2021\/04\/logo-retina.png","contentUrl":"https:\/\/fuentesfidedignas.com.mx\/wp-content\/uploads\/2021\/04\/logo-retina.png","width":280,"height":51,"caption":"Fuentes Fidedignas"},"image":{"@id":"https:\/\/fuentesfidedignas.com.mx\/#\/schema\/logo\/image\/"},"sameAs":["https:\/\/www.facebook.com\/Fuentes-Fidedignas-368234489921644","https:\/\/x.com\/fidedignas"]},{"@type":"Person","@id":"https:\/\/fuentesfidedignas.com.mx\/#\/schema\/person\/5623d53fe2e579d825b1679734abcc44","name":"Forbes","image":{"@type":"ImageObject","inLanguage":"es","@id":"https:\/\/secure.gravatar.com\/avatar\/87ce3dd4e41e60c22a79c758614f01a6bc2469255fc936ec7b15efb9bb5cb66f?s=96&d=mm&r=g","url":"https:\/\/secure.gravatar.com\/avatar\/87ce3dd4e41e60c22a79c758614f01a6bc2469255fc936ec7b15efb9bb5cb66f?s=96&d=mm&r=g","contentUrl":"https:\/\/secure.gravatar.com\/avatar\/87ce3dd4e41e60c22a79c758614f01a6bc2469255fc936ec7b15efb9bb5cb66f?s=96&d=mm&r=g","caption":"Forbes"},"url":"https:\/\/fuentesfidedignas.com.mx\/index.php\/author\/forbes\/"}]}},"_links":{"self":[{"href":"https:\/\/fuentesfidedignas.com.mx\/index.php\/wp-json\/wp\/v2\/posts\/19131","targetHints":{"allow":["GET"]}}],"collection":[{"href":"https:\/\/fuentesfidedignas.com.mx\/index.php\/wp-json\/wp\/v2\/posts"}],"about":[{"href":"https:\/\/fuentesfidedignas.com.mx\/index.php\/wp-json\/wp\/v2\/types\/post"}],"author":[{"embeddable":true,"href":"https:\/\/fuentesfidedignas.com.mx\/index.php\/wp-json\/wp\/v2\/users\/5"}],"replies":[{"embeddable":true,"href":"https:\/\/fuentesfidedignas.com.mx\/index.php\/wp-json\/wp\/v2\/comments?post=19131"}],"version-history":[{"count":1,"href":"https:\/\/fuentesfidedignas.com.mx\/index.php\/wp-json\/wp\/v2\/posts\/19131\/revisions"}],"predecessor-version":[{"id":19133,"href":"https:\/\/fuentesfidedignas.com.mx\/index.php\/wp-json\/wp\/v2\/posts\/19131\/revisions\/19133"}],"wp:featuredmedia":[{"embeddable":true,"href":"https:\/\/fuentesfidedignas.com.mx\/index.php\/wp-json\/wp\/v2\/media\/19132"}],"wp:attachment":[{"href":"https:\/\/fuentesfidedignas.com.mx\/index.php\/wp-json\/wp\/v2\/media?parent=19131"}],"wp:term":[{"taxonomy":"category","embeddable":true,"href":"https:\/\/fuentesfidedignas.com.mx\/index.php\/wp-json\/wp\/v2\/categories?post=19131"},{"taxonomy":"post_tag","embeddable":true,"href":"https:\/\/fuentesfidedignas.com.mx\/index.php\/wp-json\/wp\/v2\/tags?post=19131"}],"curies":[{"name":"wp","href":"https:\/\/api.w.org\/{rel}","templated":true}]}}