{"id":19088,"date":"2021-12-04T13:20:28","date_gmt":"2021-12-04T20:20:28","guid":{"rendered":"https:\/\/fuentesfidedignas.com.mx\/?p=19088"},"modified":"2021-12-04T13:20:30","modified_gmt":"2021-12-04T20:20:30","slug":"rocha-inicia-rehabilitacion-de-carretera-en-navolato","status":"publish","type":"post","link":"https:\/\/fuentesfidedignas.com.mx\/index.php\/2021\/12\/04\/rocha-inicia-rehabilitacion-de-carretera-en-navolato\/","title":{"rendered":"Rocha inicia rehabilitaci\u00f3n de carretera en Navolato"},"content":{"rendered":"\n<p><em><strong> Se trata del tramo carretero entre las comunidades Cinco de Mayo y Macario Gaxiola<\/strong><\/em><\/p>\n\n\n\n<p>Navolato, Sin. \u2013 Como parte de su programa inicial de realizar una obra social en cada uno de los 18 municipios, el gobernador Rub\u00e9n Rocha Moya visit\u00f3 la comunidad Cinco de Mayo, en Navolato, para el inicio de la reconstrucci\u00f3n total de esta carretera que comunica con la localidad de Macario Gaxiola, de 2.2 kil\u00f3metros de longitud, donde se invertir\u00e1n 3 millones 485 mil pesos, pues pr\u00e1cticamente se construir\u00e1 de nuevo, ya que en la mayor parte ya desapareci\u00f3 la carpeta asf\u00e1ltica.<\/p>\n\n\n\n<p>El mandatario estatal fue recibido por la presidenta municipal de Navolato, Margot Urrea P\u00e9rez, junto con un nutrido grupo de habitantes de los poblados beneficiados, y de otros aleda\u00f1os, como Los Pochotes, quienes le solicitaron tambi\u00e9n la construcci\u00f3n de una carretera que los comunique con la comunidad Cinco de Mayo, petici\u00f3n que ser\u00e1 atendida como parte del Plan Estatal de Desarrollo 2021-2027, adelant\u00f3.<\/p>\n\n\n\n<p>Como ha sido su costumbre durante sus giras de trabajo por las comunidades, el gobernador Rocha en lugar de pronunciar un discurso, se dedic\u00f3 a platicar con los habitantes, para conocer de viva voz sus demandas, y por medio de este di\u00e1logo, se enter\u00f3 de las peticiones m\u00e1s sentidas, como son la construcci\u00f3n de una planta tratadora de aguas residuales en la sindicatura de Villa \u00c1ngel Flores \u201cLa Palma\u201d, pues justamente las descargas residuales de esta poblaci\u00f3n, de 10 mil habitantes, vienen a parar a esta zona, ya que son vertidas al dren que cruza la comunidad Cinco de Mayo, lo cual genera contaminaci\u00f3n.<\/p>\n\n\n\n<p>\u201cNecesitamos venir y ver a la gente, ya que all\u00e1 encerrados en el Palacio de Gobierno no se puede uno enterar de sus necesidades\u201d, precis\u00f3 el mandatario estatal, quien atendi\u00f3 todas las peticiones que le hizo la poblaci\u00f3n.<\/p>\n\n\n\n<p>El gobernador Rocha recalc\u00f3 que en este inicio de su gobierno se ha dedicado a recorrer los 18 municipios para poner en marcha una obra social en cada uno, que se trata de acciones sociales muy sentidas, como esta carretera, adem\u00e1s en los rubros de agua potable y drenaje.<\/p>\n\n\n\n<figure class=\"wp-block-gallery columns-3 is-cropped wp-block-gallery-1 is-layout-flex wp-block-gallery-is-layout-flex\"><ul class=\"blocks-gallery-grid\"><li class=\"blocks-gallery-item\"><figure><img decoding=\"async\" width=\"1024\" height=\"682\" src=\"https:\/\/fuentesfidedignas.com.mx\/wp-content\/uploads\/2021\/12\/IMG-20211204-WA0014-1024x682.jpg\" alt=\"\" data-id=\"19090\" data-full-url=\"https:\/\/fuentesfidedignas.com.mx\/wp-content\/uploads\/2021\/12\/IMG-20211204-WA0014.jpg\" data-link=\"https:\/\/fuentesfidedignas.com.mx\/?attachment_id=19090\" class=\"wp-image-19090\" srcset=\"https:\/\/fuentesfidedignas.com.mx\/wp-content\/uploads\/2021\/12\/IMG-20211204-WA0014-1024x682.jpg 1024w, https:\/\/fuentesfidedignas.com.mx\/wp-content\/uploads\/2021\/12\/IMG-20211204-WA0014-300x200.jpg 300w, https:\/\/fuentesfidedignas.com.mx\/wp-content\/uploads\/2021\/12\/IMG-20211204-WA0014-768x512.jpg 768w, https:\/\/fuentesfidedignas.com.mx\/wp-content\/uploads\/2021\/12\/IMG-20211204-WA0014-1536x1023.jpg 1536w, https:\/\/fuentesfidedignas.com.mx\/wp-content\/uploads\/2021\/12\/IMG-20211204-WA0014.jpg 1600w\" sizes=\"(max-width: 1024px) 100vw, 1024px\" \/><\/figure><\/li><li class=\"blocks-gallery-item\"><figure><img decoding=\"async\" width=\"1024\" height=\"682\" src=\"https:\/\/fuentesfidedignas.com.mx\/wp-content\/uploads\/2021\/12\/IMG-20211204-WA0017-1024x682.jpg\" alt=\"\" data-id=\"19091\" data-full-url=\"https:\/\/fuentesfidedignas.com.mx\/wp-content\/uploads\/2021\/12\/IMG-20211204-WA0017.jpg\" data-link=\"https:\/\/fuentesfidedignas.com.mx\/?attachment_id=19091\" class=\"wp-image-19091\" srcset=\"https:\/\/fuentesfidedignas.com.mx\/wp-content\/uploads\/2021\/12\/IMG-20211204-WA0017-1024x682.jpg 1024w, https:\/\/fuentesfidedignas.com.mx\/wp-content\/uploads\/2021\/12\/IMG-20211204-WA0017-300x200.jpg 300w, https:\/\/fuentesfidedignas.com.mx\/wp-content\/uploads\/2021\/12\/IMG-20211204-WA0017-768x512.jpg 768w, https:\/\/fuentesfidedignas.com.mx\/wp-content\/uploads\/2021\/12\/IMG-20211204-WA0017-1536x1023.jpg 1536w, https:\/\/fuentesfidedignas.com.mx\/wp-content\/uploads\/2021\/12\/IMG-20211204-WA0017.jpg 1600w\" sizes=\"(max-width: 1024px) 100vw, 1024px\" \/><\/figure><\/li><li class=\"blocks-gallery-item\"><figure><img decoding=\"async\" width=\"1024\" height=\"682\" src=\"https:\/\/fuentesfidedignas.com.mx\/wp-content\/uploads\/2021\/12\/IMG-20211204-WA0019-1024x682.jpg\" alt=\"\" data-id=\"19092\" data-full-url=\"https:\/\/fuentesfidedignas.com.mx\/wp-content\/uploads\/2021\/12\/IMG-20211204-WA0019.jpg\" data-link=\"https:\/\/fuentesfidedignas.com.mx\/?attachment_id=19092\" class=\"wp-image-19092\" srcset=\"https:\/\/fuentesfidedignas.com.mx\/wp-content\/uploads\/2021\/12\/IMG-20211204-WA0019-1024x682.jpg 1024w, https:\/\/fuentesfidedignas.com.mx\/wp-content\/uploads\/2021\/12\/IMG-20211204-WA0019-300x200.jpg 300w, https:\/\/fuentesfidedignas.com.mx\/wp-content\/uploads\/2021\/12\/IMG-20211204-WA0019-768x512.jpg 768w, https:\/\/fuentesfidedignas.com.mx\/wp-content\/uploads\/2021\/12\/IMG-20211204-WA0019-1536x1023.jpg 1536w, https:\/\/fuentesfidedignas.com.mx\/wp-content\/uploads\/2021\/12\/IMG-20211204-WA0019.jpg 1600w\" sizes=\"(max-width: 1024px) 100vw, 1024px\" \/><\/figure><\/li><li class=\"blocks-gallery-item\"><figure><img decoding=\"async\" width=\"1024\" height=\"682\" src=\"https:\/\/fuentesfidedignas.com.mx\/wp-content\/uploads\/2021\/12\/IMG-20211204-WA0022-1024x682.jpg\" alt=\"\" data-id=\"19093\" data-full-url=\"https:\/\/fuentesfidedignas.com.mx\/wp-content\/uploads\/2021\/12\/IMG-20211204-WA0022.jpg\" data-link=\"https:\/\/fuentesfidedignas.com.mx\/?attachment_id=19093\" class=\"wp-image-19093\" srcset=\"https:\/\/fuentesfidedignas.com.mx\/wp-content\/uploads\/2021\/12\/IMG-20211204-WA0022-1024x682.jpg 1024w, https:\/\/fuentesfidedignas.com.mx\/wp-content\/uploads\/2021\/12\/IMG-20211204-WA0022-300x200.jpg 300w, https:\/\/fuentesfidedignas.com.mx\/wp-content\/uploads\/2021\/12\/IMG-20211204-WA0022-768x512.jpg 768w, https:\/\/fuentesfidedignas.com.mx\/wp-content\/uploads\/2021\/12\/IMG-20211204-WA0022-1536x1023.jpg 1536w, https:\/\/fuentesfidedignas.com.mx\/wp-content\/uploads\/2021\/12\/IMG-20211204-WA0022.jpg 1600w\" sizes=\"(max-width: 1024px) 100vw, 1024px\" \/><\/figure><\/li><\/ul><\/figure>\n\n\n\n<p>A su vez, el secretario de Obras P\u00fablicas, Jos\u00e9 Luis Zavala Cabanillas, hizo la explicaci\u00f3n t\u00e9cnica de la obra, cuya inversi\u00f3n total ser\u00e1 de 3 millones 485 mil 450 pesos, en sus 2.2 kil\u00f3metros de longitud, y que incluir\u00e1 la reconstrucci\u00f3n del puente sobre el dren, el cual se encuentra desgajado como consecuencia de las inundaciones recientes. Adem\u00e1s, dijo que se le colocar\u00e1n barandales de protecci\u00f3n, de los cuales carece, ya que desde su construcci\u00f3n nunca se le pusieron, lo cual representa un peligro para el paso de los veh\u00edculos y personas.<\/p>\n\n\n\n<p>Por su parte, la presidenta municipal de Navolato, Margot Urrea P\u00e9rez, coment\u00f3 que le complace comprobar que el gobernador Rub\u00e9n Rocha Moya es un hombre de palabra, pues esta obra era una promesa de campa\u00f1a, la cual se incluy\u00f3 en este programa inicial de obras sociales con el que da comienzo su administraci\u00f3n.<\/p>\n\n\n\n<p>La alcaldesa aprovech\u00f3 la ocasi\u00f3n para agradecerle en persona al mandatario estatal la gesti\u00f3n que hizo ante la Comisi\u00f3n Federal de Electricidad para reconectar el servicio de energ\u00eda el\u00e9ctrica en la Junta de Agua Potable y Alcantarillado de Navolato (JAPAN) y promover la realizaci\u00f3n de un convenio de pago del adeudo que se tiene con la paraestatal, situaci\u00f3n que hab\u00eda derivado en el corte del servicio de la luz y por consecuencia, en la interrupci\u00f3n del servicio municipal de agua potable a gran parte del municipio.<\/p>\n\n\n\n<p>Tambi\u00e9n acompa\u00f1aron al gobernador Rocha en esta gira por Navolato, los diputados por este municipio, el legislador federal Fernando Garc\u00eda Hern\u00e1ndez, y los diputados locales Ver\u00f3nica Avil\u00e9s Roch\u00edn y Serapio Vargas Ram\u00edrez.<\/p>\n","protected":false},"excerpt":{"rendered":"<p>Se trata del tramo carretero entre las comunidades Cinco de Mayo y Macario Gaxiola Navolato, Sin. \u2013 Como parte de su programa inicial de realizar una obra social en cada uno de los 18 municipios, el gobernador Rub\u00e9n Rocha Moya visit\u00f3 la comunidad Cinco de Mayo, en Navolato, para el inicio de la reconstrucci\u00f3n total [&hellip;]<\/p>\n","protected":false},"author":4,"featured_media":19089,"comment_status":"open","ping_status":"open","sticky":false,"template":"","format":"standard","meta":{"tdm_status":"","tdm_grid_status":"","footnotes":""},"categories":[37],"tags":[52],"class_list":{"0":"post-19088","1":"post","2":"type-post","3":"status-publish","4":"format-standard","5":"has-post-thumbnail","7":"category-nota-principal","8":"tag-ruben-rocha-moya"},"yoast_head":"<!-- This site is optimized with the Yoast SEO plugin v27.4 - https:\/\/yoast.com\/product\/yoast-seo-wordpress\/ -->\n<title>Rocha inicia rehabilitaci\u00f3n de carretera en Navolato - Fuentes Fidedignas<\/title>\n<meta name=\"robots\" content=\"index, follow, max-snippet:-1, max-image-preview:large, max-video-preview:-1\" \/>\n<link rel=\"canonical\" href=\"https:\/\/fuentesfidedignas.com.mx\/index.php\/2021\/12\/04\/rocha-inicia-rehabilitacion-de-carretera-en-navolato\/\" \/>\n<meta property=\"og:locale\" content=\"es_MX\" \/>\n<meta property=\"og:type\" content=\"article\" \/>\n<meta property=\"og:title\" content=\"Rocha inicia rehabilitaci\u00f3n de carretera en Navolato - Fuentes Fidedignas\" \/>\n<meta property=\"og:description\" content=\"Se trata del tramo carretero entre las comunidades Cinco de Mayo y Macario Gaxiola Navolato, Sin. \u2013 Como parte de su programa inicial de realizar una obra social en cada uno de los 18 municipios, el gobernador Rub\u00e9n Rocha Moya visit\u00f3 la comunidad Cinco de Mayo, en Navolato, para el inicio de la reconstrucci\u00f3n total [&hellip;]\" \/>\n<meta property=\"og:url\" content=\"https:\/\/fuentesfidedignas.com.mx\/index.php\/2021\/12\/04\/rocha-inicia-rehabilitacion-de-carretera-en-navolato\/\" \/>\n<meta property=\"og:site_name\" content=\"Fuentes Fidedignas\" \/>\n<meta property=\"article:publisher\" content=\"https:\/\/www.facebook.com\/Fuentes-Fidedignas-368234489921644\" \/>\n<meta property=\"article:published_time\" content=\"2021-12-04T20:20:28+00:00\" \/>\n<meta property=\"article:modified_time\" content=\"2021-12-04T20:20:30+00:00\" \/>\n<meta property=\"og:image\" content=\"https:\/\/fuentesfidedignas.com.mx\/wp-content\/uploads\/2021\/12\/IMG-20211204-WA0015.jpg\" \/>\n\t<meta property=\"og:image:width\" content=\"1600\" \/>\n\t<meta property=\"og:image:height\" content=\"1066\" \/>\n\t<meta property=\"og:image:type\" content=\"image\/jpeg\" \/>\n<meta name=\"author\" content=\"Redacci\u00f3n\" \/>\n<meta name=\"twitter:card\" content=\"summary_large_image\" \/>\n<meta name=\"twitter:creator\" content=\"@fidedignas\" \/>\n<meta name=\"twitter:site\" content=\"@fidedignas\" \/>\n<meta name=\"twitter:label1\" content=\"Escrito por\" \/>\n\t<meta name=\"twitter:data1\" content=\"Redacci\u00f3n\" \/>\n\t<meta name=\"twitter:label2\" content=\"Tiempo de lectura\" \/>\n\t<meta name=\"twitter:data2\" content=\"4 minutos\" \/>\n<script type=\"application\/ld+json\" class=\"yoast-schema-graph\">{\"@context\":\"https:\\\/\\\/schema.org\",\"@graph\":[{\"@type\":\"Article\",\"@id\":\"https:\\\/\\\/fuentesfidedignas.com.mx\\\/index.php\\\/2021\\\/12\\\/04\\\/rocha-inicia-rehabilitacion-de-carretera-en-navolato\\\/#article\",\"isPartOf\":{\"@id\":\"https:\\\/\\\/fuentesfidedignas.com.mx\\\/index.php\\\/2021\\\/12\\\/04\\\/rocha-inicia-rehabilitacion-de-carretera-en-navolato\\\/\"},\"author\":{\"name\":\"Redacci\u00f3n\",\"@id\":\"https:\\\/\\\/fuentesfidedignas.com.mx\\\/#\\\/schema\\\/person\\\/331be9283d37198e2acd5750279085b0\"},\"headline\":\"Rocha inicia rehabilitaci\u00f3n de carretera en Navolato\",\"datePublished\":\"2021-12-04T20:20:28+00:00\",\"dateModified\":\"2021-12-04T20:20:30+00:00\",\"mainEntityOfPage\":{\"@id\":\"https:\\\/\\\/fuentesfidedignas.com.mx\\\/index.php\\\/2021\\\/12\\\/04\\\/rocha-inicia-rehabilitacion-de-carretera-en-navolato\\\/\"},\"wordCount\":660,\"commentCount\":0,\"publisher\":{\"@id\":\"https:\\\/\\\/fuentesfidedignas.com.mx\\\/#organization\"},\"image\":{\"@id\":\"https:\\\/\\\/fuentesfidedignas.com.mx\\\/index.php\\\/2021\\\/12\\\/04\\\/rocha-inicia-rehabilitacion-de-carretera-en-navolato\\\/#primaryimage\"},\"thumbnailUrl\":\"https:\\\/\\\/fuentesfidedignas.com.mx\\\/wp-content\\\/uploads\\\/2021\\\/12\\\/IMG-20211204-WA0015.jpg\",\"keywords\":[\"Rub\u00e9n Rocha Moya\"],\"articleSection\":[\"NOTA PRINCIPAL\"],\"inLanguage\":\"es\",\"potentialAction\":[{\"@type\":\"CommentAction\",\"name\":\"Comment\",\"target\":[\"https:\\\/\\\/fuentesfidedignas.com.mx\\\/index.php\\\/2021\\\/12\\\/04\\\/rocha-inicia-rehabilitacion-de-carretera-en-navolato\\\/#respond\"]}]},{\"@type\":\"WebPage\",\"@id\":\"https:\\\/\\\/fuentesfidedignas.com.mx\\\/index.php\\\/2021\\\/12\\\/04\\\/rocha-inicia-rehabilitacion-de-carretera-en-navolato\\\/\",\"url\":\"https:\\\/\\\/fuentesfidedignas.com.mx\\\/index.php\\\/2021\\\/12\\\/04\\\/rocha-inicia-rehabilitacion-de-carretera-en-navolato\\\/\",\"name\":\"Rocha inicia rehabilitaci\u00f3n de carretera en Navolato - Fuentes Fidedignas\",\"isPartOf\":{\"@id\":\"https:\\\/\\\/fuentesfidedignas.com.mx\\\/#website\"},\"primaryImageOfPage\":{\"@id\":\"https:\\\/\\\/fuentesfidedignas.com.mx\\\/index.php\\\/2021\\\/12\\\/04\\\/rocha-inicia-rehabilitacion-de-carretera-en-navolato\\\/#primaryimage\"},\"image\":{\"@id\":\"https:\\\/\\\/fuentesfidedignas.com.mx\\\/index.php\\\/2021\\\/12\\\/04\\\/rocha-inicia-rehabilitacion-de-carretera-en-navolato\\\/#primaryimage\"},\"thumbnailUrl\":\"https:\\\/\\\/fuentesfidedignas.com.mx\\\/wp-content\\\/uploads\\\/2021\\\/12\\\/IMG-20211204-WA0015.jpg\",\"datePublished\":\"2021-12-04T20:20:28+00:00\",\"dateModified\":\"2021-12-04T20:20:30+00:00\",\"breadcrumb\":{\"@id\":\"https:\\\/\\\/fuentesfidedignas.com.mx\\\/index.php\\\/2021\\\/12\\\/04\\\/rocha-inicia-rehabilitacion-de-carretera-en-navolato\\\/#breadcrumb\"},\"inLanguage\":\"es\",\"potentialAction\":[{\"@type\":\"ReadAction\",\"target\":[\"https:\\\/\\\/fuentesfidedignas.com.mx\\\/index.php\\\/2021\\\/12\\\/04\\\/rocha-inicia-rehabilitacion-de-carretera-en-navolato\\\/\"]}]},{\"@type\":\"ImageObject\",\"inLanguage\":\"es\",\"@id\":\"https:\\\/\\\/fuentesfidedignas.com.mx\\\/index.php\\\/2021\\\/12\\\/04\\\/rocha-inicia-rehabilitacion-de-carretera-en-navolato\\\/#primaryimage\",\"url\":\"https:\\\/\\\/fuentesfidedignas.com.mx\\\/wp-content\\\/uploads\\\/2021\\\/12\\\/IMG-20211204-WA0015.jpg\",\"contentUrl\":\"https:\\\/\\\/fuentesfidedignas.com.mx\\\/wp-content\\\/uploads\\\/2021\\\/12\\\/IMG-20211204-WA0015.jpg\",\"width\":1600,\"height\":1066},{\"@type\":\"BreadcrumbList\",\"@id\":\"https:\\\/\\\/fuentesfidedignas.com.mx\\\/index.php\\\/2021\\\/12\\\/04\\\/rocha-inicia-rehabilitacion-de-carretera-en-navolato\\\/#breadcrumb\",\"itemListElement\":[{\"@type\":\"ListItem\",\"position\":1,\"name\":\"Inicio\",\"item\":\"https:\\\/\\\/fuentesfidedignas.com.mx\\\/\"},{\"@type\":\"ListItem\",\"position\":2,\"name\":\"Rocha inicia rehabilitaci\u00f3n de carretera en Navolato\"}]},{\"@type\":\"WebSite\",\"@id\":\"https:\\\/\\\/fuentesfidedignas.com.mx\\\/#website\",\"url\":\"https:\\\/\\\/fuentesfidedignas.com.mx\\\/\",\"name\":\"Fuentes Fidedignas\",\"description\":\"Otro sitio realizado con WordPress\",\"publisher\":{\"@id\":\"https:\\\/\\\/fuentesfidedignas.com.mx\\\/#organization\"},\"potentialAction\":[{\"@type\":\"SearchAction\",\"target\":{\"@type\":\"EntryPoint\",\"urlTemplate\":\"https:\\\/\\\/fuentesfidedignas.com.mx\\\/?s={search_term_string}\"},\"query-input\":{\"@type\":\"PropertyValueSpecification\",\"valueRequired\":true,\"valueName\":\"search_term_string\"}}],\"inLanguage\":\"es\"},{\"@type\":\"Organization\",\"@id\":\"https:\\\/\\\/fuentesfidedignas.com.mx\\\/#organization\",\"name\":\"Fuentes Fidedignas\",\"url\":\"https:\\\/\\\/fuentesfidedignas.com.mx\\\/\",\"logo\":{\"@type\":\"ImageObject\",\"inLanguage\":\"es\",\"@id\":\"https:\\\/\\\/fuentesfidedignas.com.mx\\\/#\\\/schema\\\/logo\\\/image\\\/\",\"url\":\"https:\\\/\\\/fuentesfidedignas.com.mx\\\/wp-content\\\/uploads\\\/2021\\\/04\\\/logo-retina.png\",\"contentUrl\":\"https:\\\/\\\/fuentesfidedignas.com.mx\\\/wp-content\\\/uploads\\\/2021\\\/04\\\/logo-retina.png\",\"width\":280,\"height\":51,\"caption\":\"Fuentes Fidedignas\"},\"image\":{\"@id\":\"https:\\\/\\\/fuentesfidedignas.com.mx\\\/#\\\/schema\\\/logo\\\/image\\\/\"},\"sameAs\":[\"https:\\\/\\\/www.facebook.com\\\/Fuentes-Fidedignas-368234489921644\",\"https:\\\/\\\/x.com\\\/fidedignas\"]},{\"@type\":\"Person\",\"@id\":\"https:\\\/\\\/fuentesfidedignas.com.mx\\\/#\\\/schema\\\/person\\\/331be9283d37198e2acd5750279085b0\",\"name\":\"Redacci\u00f3n\",\"image\":{\"@type\":\"ImageObject\",\"inLanguage\":\"es\",\"@id\":\"https:\\\/\\\/secure.gravatar.com\\\/avatar\\\/f6d8782c11d12b2d4ad3fbb6931aeab5309937a4d6cd2fc9cfaa28a6396a5aec?s=96&d=mm&r=g\",\"url\":\"https:\\\/\\\/secure.gravatar.com\\\/avatar\\\/f6d8782c11d12b2d4ad3fbb6931aeab5309937a4d6cd2fc9cfaa28a6396a5aec?s=96&d=mm&r=g\",\"contentUrl\":\"https:\\\/\\\/secure.gravatar.com\\\/avatar\\\/f6d8782c11d12b2d4ad3fbb6931aeab5309937a4d6cd2fc9cfaa28a6396a5aec?s=96&d=mm&r=g\",\"caption\":\"Redacci\u00f3n\"},\"url\":\"https:\\\/\\\/fuentesfidedignas.com.mx\\\/index.php\\\/author\\\/redaccion\\\/\"}]}<\/script>\n<!-- \/ Yoast SEO plugin. -->","yoast_head_json":{"title":"Rocha inicia rehabilitaci\u00f3n de carretera en Navolato - Fuentes Fidedignas","robots":{"index":"index","follow":"follow","max-snippet":"max-snippet:-1","max-image-preview":"max-image-preview:large","max-video-preview":"max-video-preview:-1"},"canonical":"https:\/\/fuentesfidedignas.com.mx\/index.php\/2021\/12\/04\/rocha-inicia-rehabilitacion-de-carretera-en-navolato\/","og_locale":"es_MX","og_type":"article","og_title":"Rocha inicia rehabilitaci\u00f3n de carretera en Navolato - Fuentes Fidedignas","og_description":"Se trata del tramo carretero entre las comunidades Cinco de Mayo y Macario Gaxiola Navolato, Sin. \u2013 Como parte de su programa inicial de realizar una obra social en cada uno de los 18 municipios, el gobernador Rub\u00e9n Rocha Moya visit\u00f3 la comunidad Cinco de Mayo, en Navolato, para el inicio de la reconstrucci\u00f3n total [&hellip;]","og_url":"https:\/\/fuentesfidedignas.com.mx\/index.php\/2021\/12\/04\/rocha-inicia-rehabilitacion-de-carretera-en-navolato\/","og_site_name":"Fuentes Fidedignas","article_publisher":"https:\/\/www.facebook.com\/Fuentes-Fidedignas-368234489921644","article_published_time":"2021-12-04T20:20:28+00:00","article_modified_time":"2021-12-04T20:20:30+00:00","og_image":[{"width":1600,"height":1066,"url":"https:\/\/fuentesfidedignas.com.mx\/wp-content\/uploads\/2021\/12\/IMG-20211204-WA0015.jpg","type":"image\/jpeg"}],"author":"Redacci\u00f3n","twitter_card":"summary_large_image","twitter_creator":"@fidedignas","twitter_site":"@fidedignas","twitter_misc":{"Escrito por":"Redacci\u00f3n","Tiempo de lectura":"4 minutos"},"schema":{"@context":"https:\/\/schema.org","@graph":[{"@type":"Article","@id":"https:\/\/fuentesfidedignas.com.mx\/index.php\/2021\/12\/04\/rocha-inicia-rehabilitacion-de-carretera-en-navolato\/#article","isPartOf":{"@id":"https:\/\/fuentesfidedignas.com.mx\/index.php\/2021\/12\/04\/rocha-inicia-rehabilitacion-de-carretera-en-navolato\/"},"author":{"name":"Redacci\u00f3n","@id":"https:\/\/fuentesfidedignas.com.mx\/#\/schema\/person\/331be9283d37198e2acd5750279085b0"},"headline":"Rocha inicia rehabilitaci\u00f3n de carretera en Navolato","datePublished":"2021-12-04T20:20:28+00:00","dateModified":"2021-12-04T20:20:30+00:00","mainEntityOfPage":{"@id":"https:\/\/fuentesfidedignas.com.mx\/index.php\/2021\/12\/04\/rocha-inicia-rehabilitacion-de-carretera-en-navolato\/"},"wordCount":660,"commentCount":0,"publisher":{"@id":"https:\/\/fuentesfidedignas.com.mx\/#organization"},"image":{"@id":"https:\/\/fuentesfidedignas.com.mx\/index.php\/2021\/12\/04\/rocha-inicia-rehabilitacion-de-carretera-en-navolato\/#primaryimage"},"thumbnailUrl":"https:\/\/fuentesfidedignas.com.mx\/wp-content\/uploads\/2021\/12\/IMG-20211204-WA0015.jpg","keywords":["Rub\u00e9n Rocha Moya"],"articleSection":["NOTA PRINCIPAL"],"inLanguage":"es","potentialAction":[{"@type":"CommentAction","name":"Comment","target":["https:\/\/fuentesfidedignas.com.mx\/index.php\/2021\/12\/04\/rocha-inicia-rehabilitacion-de-carretera-en-navolato\/#respond"]}]},{"@type":"WebPage","@id":"https:\/\/fuentesfidedignas.com.mx\/index.php\/2021\/12\/04\/rocha-inicia-rehabilitacion-de-carretera-en-navolato\/","url":"https:\/\/fuentesfidedignas.com.mx\/index.php\/2021\/12\/04\/rocha-inicia-rehabilitacion-de-carretera-en-navolato\/","name":"Rocha inicia rehabilitaci\u00f3n de carretera en Navolato - Fuentes Fidedignas","isPartOf":{"@id":"https:\/\/fuentesfidedignas.com.mx\/#website"},"primaryImageOfPage":{"@id":"https:\/\/fuentesfidedignas.com.mx\/index.php\/2021\/12\/04\/rocha-inicia-rehabilitacion-de-carretera-en-navolato\/#primaryimage"},"image":{"@id":"https:\/\/fuentesfidedignas.com.mx\/index.php\/2021\/12\/04\/rocha-inicia-rehabilitacion-de-carretera-en-navolato\/#primaryimage"},"thumbnailUrl":"https:\/\/fuentesfidedignas.com.mx\/wp-content\/uploads\/2021\/12\/IMG-20211204-WA0015.jpg","datePublished":"2021-12-04T20:20:28+00:00","dateModified":"2021-12-04T20:20:30+00:00","breadcrumb":{"@id":"https:\/\/fuentesfidedignas.com.mx\/index.php\/2021\/12\/04\/rocha-inicia-rehabilitacion-de-carretera-en-navolato\/#breadcrumb"},"inLanguage":"es","potentialAction":[{"@type":"ReadAction","target":["https:\/\/fuentesfidedignas.com.mx\/index.php\/2021\/12\/04\/rocha-inicia-rehabilitacion-de-carretera-en-navolato\/"]}]},{"@type":"ImageObject","inLanguage":"es","@id":"https:\/\/fuentesfidedignas.com.mx\/index.php\/2021\/12\/04\/rocha-inicia-rehabilitacion-de-carretera-en-navolato\/#primaryimage","url":"https:\/\/fuentesfidedignas.com.mx\/wp-content\/uploads\/2021\/12\/IMG-20211204-WA0015.jpg","contentUrl":"https:\/\/fuentesfidedignas.com.mx\/wp-content\/uploads\/2021\/12\/IMG-20211204-WA0015.jpg","width":1600,"height":1066},{"@type":"BreadcrumbList","@id":"https:\/\/fuentesfidedignas.com.mx\/index.php\/2021\/12\/04\/rocha-inicia-rehabilitacion-de-carretera-en-navolato\/#breadcrumb","itemListElement":[{"@type":"ListItem","position":1,"name":"Inicio","item":"https:\/\/fuentesfidedignas.com.mx\/"},{"@type":"ListItem","position":2,"name":"Rocha inicia rehabilitaci\u00f3n de carretera en Navolato"}]},{"@type":"WebSite","@id":"https:\/\/fuentesfidedignas.com.mx\/#website","url":"https:\/\/fuentesfidedignas.com.mx\/","name":"Fuentes Fidedignas","description":"Otro sitio realizado con WordPress","publisher":{"@id":"https:\/\/fuentesfidedignas.com.mx\/#organization"},"potentialAction":[{"@type":"SearchAction","target":{"@type":"EntryPoint","urlTemplate":"https:\/\/fuentesfidedignas.com.mx\/?s={search_term_string}"},"query-input":{"@type":"PropertyValueSpecification","valueRequired":true,"valueName":"search_term_string"}}],"inLanguage":"es"},{"@type":"Organization","@id":"https:\/\/fuentesfidedignas.com.mx\/#organization","name":"Fuentes Fidedignas","url":"https:\/\/fuentesfidedignas.com.mx\/","logo":{"@type":"ImageObject","inLanguage":"es","@id":"https:\/\/fuentesfidedignas.com.mx\/#\/schema\/logo\/image\/","url":"https:\/\/fuentesfidedignas.com.mx\/wp-content\/uploads\/2021\/04\/logo-retina.png","contentUrl":"https:\/\/fuentesfidedignas.com.mx\/wp-content\/uploads\/2021\/04\/logo-retina.png","width":280,"height":51,"caption":"Fuentes Fidedignas"},"image":{"@id":"https:\/\/fuentesfidedignas.com.mx\/#\/schema\/logo\/image\/"},"sameAs":["https:\/\/www.facebook.com\/Fuentes-Fidedignas-368234489921644","https:\/\/x.com\/fidedignas"]},{"@type":"Person","@id":"https:\/\/fuentesfidedignas.com.mx\/#\/schema\/person\/331be9283d37198e2acd5750279085b0","name":"Redacci\u00f3n","image":{"@type":"ImageObject","inLanguage":"es","@id":"https:\/\/secure.gravatar.com\/avatar\/f6d8782c11d12b2d4ad3fbb6931aeab5309937a4d6cd2fc9cfaa28a6396a5aec?s=96&d=mm&r=g","url":"https:\/\/secure.gravatar.com\/avatar\/f6d8782c11d12b2d4ad3fbb6931aeab5309937a4d6cd2fc9cfaa28a6396a5aec?s=96&d=mm&r=g","contentUrl":"https:\/\/secure.gravatar.com\/avatar\/f6d8782c11d12b2d4ad3fbb6931aeab5309937a4d6cd2fc9cfaa28a6396a5aec?s=96&d=mm&r=g","caption":"Redacci\u00f3n"},"url":"https:\/\/fuentesfidedignas.com.mx\/index.php\/author\/redaccion\/"}]}},"_links":{"self":[{"href":"https:\/\/fuentesfidedignas.com.mx\/index.php\/wp-json\/wp\/v2\/posts\/19088","targetHints":{"allow":["GET"]}}],"collection":[{"href":"https:\/\/fuentesfidedignas.com.mx\/index.php\/wp-json\/wp\/v2\/posts"}],"about":[{"href":"https:\/\/fuentesfidedignas.com.mx\/index.php\/wp-json\/wp\/v2\/types\/post"}],"author":[{"embeddable":true,"href":"https:\/\/fuentesfidedignas.com.mx\/index.php\/wp-json\/wp\/v2\/users\/4"}],"replies":[{"embeddable":true,"href":"https:\/\/fuentesfidedignas.com.mx\/index.php\/wp-json\/wp\/v2\/comments?post=19088"}],"version-history":[{"count":1,"href":"https:\/\/fuentesfidedignas.com.mx\/index.php\/wp-json\/wp\/v2\/posts\/19088\/revisions"}],"predecessor-version":[{"id":19094,"href":"https:\/\/fuentesfidedignas.com.mx\/index.php\/wp-json\/wp\/v2\/posts\/19088\/revisions\/19094"}],"wp:featuredmedia":[{"embeddable":true,"href":"https:\/\/fuentesfidedignas.com.mx\/index.php\/wp-json\/wp\/v2\/media\/19089"}],"wp:attachment":[{"href":"https:\/\/fuentesfidedignas.com.mx\/index.php\/wp-json\/wp\/v2\/media?parent=19088"}],"wp:term":[{"taxonomy":"category","embeddable":true,"href":"https:\/\/fuentesfidedignas.com.mx\/index.php\/wp-json\/wp\/v2\/categories?post=19088"},{"taxonomy":"post_tag","embeddable":true,"href":"https:\/\/fuentesfidedignas.com.mx\/index.php\/wp-json\/wp\/v2\/tags?post=19088"}],"curies":[{"name":"wp","href":"https:\/\/api.w.org\/{rel}","templated":true}]}}