{"id":19082,"date":"2021-12-04T12:28:27","date_gmt":"2021-12-04T19:28:27","guid":{"rendered":"https:\/\/fuentesfidedignas.com.mx\/?p=19082"},"modified":"2021-12-04T12:28:29","modified_gmt":"2021-12-04T19:28:29","slug":"ahome-podra-acceder-a-apoyos-y-recursos-extraordinarios-del-bid-y-la-onu","status":"publish","type":"post","link":"https:\/\/fuentesfidedignas.com.mx\/index.php\/2021\/12\/04\/ahome-podra-acceder-a-apoyos-y-recursos-extraordinarios-del-bid-y-la-onu\/","title":{"rendered":"Ahome podr\u00e1 acceder a apoyos y recursos extraordinarios del BID y la ONU"},"content":{"rendered":"\n<p><strong><em>Estos programas de car\u00e1cter internacional brindar\u00e1n la oportunidad para que el municipio de Ahome acceda a servicios de excelencia<\/em><\/strong><\/p>\n\n\n\n<p> Ahome, Sin.- Tras precisar que su nombramiento como Vicepresidente Internacional de Alcaldes de Latinoam\u00e9rica que le otorg\u00f3 el Instituto Mejores Gobernantes, \u201cdebe de ser motivo de orgullo para todos los ahomenses&#8221;, Gerardo Vargas Landeros, presidente municipal destac\u00f3 que Ahome podr\u00e1 acceder a apoyos y recursos extraordinarios de organismos internacionales como el Banco Internacional de Desarrollo (BID) y de la Organizaci\u00f3n de las Naciones Unidas (ONU) para mejorar sus servicios.<\/p>\n\n\n\n<p>\u201cLo valioso de esto es poder acceder a recursos extraordinarios para mejorar los servicios, por lo que es un gran compromiso para el alcalde y para todos los ahomenses, al ser ejemplo a nivel nacional e internacional\u201d, afirm\u00f3.<\/p>\n\n\n\n<p>El presidente municipal de Ahome indic\u00f3 que Gracias a las acciones que se est\u00e1n desarrollando en Ahome, se tiene la posibilidad de ser incluido en estos programas de car\u00e1cter internacional, que permitir\u00e1n acceder a servicios de excelencia, lo que significa un gran compromiso con la ciudadan\u00eda.<\/p>\n\n\n\n<p>\u201cAsimismo, esto dar\u00e1 la oportunidad de compartir experiencias con gobiernos municipales de M\u00e9xico, Francia, Portugal, Ecuador y alcald\u00edas de&nbsp; otros pa\u00edses iberoamericanos\u201d, asever\u00f3.<\/p>\n\n\n\n<p>Lo anterior, lo expres\u00f3 Gerardo Vargas Landeros en el marco de la 5ta. Feria del Bienestar efectuada en la colonia Ferrusquilla, en donde agreg\u00f3 que tambi\u00e9n aprovech\u00f3 su estancia en la Ciudad de M\u00e9xico para realizar algunas visitas a instituciones federales, como la Comisi\u00f3n Nacional del Agua (CONAGUA), con el prop\u00f3sito de seguir&nbsp; gestionando la rehabilitaci\u00f3n del servicio del agua potable y drenaje de la ciudad de Los Mochis.<\/p>\n","protected":false},"excerpt":{"rendered":"<p>Estos programas de car\u00e1cter internacional brindar\u00e1n la oportunidad para que el municipio de Ahome acceda a servicios de excelencia Ahome, Sin.- Tras precisar que su nombramiento como Vicepresidente Internacional de Alcaldes de Latinoam\u00e9rica que le otorg\u00f3 el Instituto Mejores Gobernantes, \u201cdebe de ser motivo de orgullo para todos los ahomenses&#8221;, Gerardo Vargas Landeros, presidente municipal [&hellip;]<\/p>\n","protected":false},"author":4,"featured_media":19083,"comment_status":"open","ping_status":"open","sticky":false,"template":"","format":"standard","meta":{"tdm_status":"","tdm_grid_status":"","footnotes":""},"categories":[37],"tags":[],"class_list":{"0":"post-19082","1":"post","2":"type-post","3":"status-publish","4":"format-standard","5":"has-post-thumbnail","7":"category-nota-principal"},"yoast_head":"<!-- This site is optimized with the Yoast SEO plugin v27.4 - https:\/\/yoast.com\/product\/yoast-seo-wordpress\/ -->\n<title>Ahome podr\u00e1 acceder a apoyos y recursos extraordinarios del BID y la ONU - Fuentes Fidedignas<\/title>\n<meta name=\"robots\" content=\"index, follow, max-snippet:-1, max-image-preview:large, max-video-preview:-1\" \/>\n<link rel=\"canonical\" href=\"https:\/\/fuentesfidedignas.com.mx\/index.php\/2021\/12\/04\/ahome-podra-acceder-a-apoyos-y-recursos-extraordinarios-del-bid-y-la-onu\/\" \/>\n<meta property=\"og:locale\" content=\"es_MX\" \/>\n<meta property=\"og:type\" content=\"article\" \/>\n<meta property=\"og:title\" content=\"Ahome podr\u00e1 acceder a apoyos y recursos extraordinarios del BID y la ONU - Fuentes Fidedignas\" \/>\n<meta property=\"og:description\" content=\"Estos programas de car\u00e1cter internacional brindar\u00e1n la oportunidad para que el municipio de Ahome acceda a servicios de excelencia Ahome, Sin.- Tras precisar que su nombramiento como Vicepresidente Internacional de Alcaldes de Latinoam\u00e9rica que le otorg\u00f3 el Instituto Mejores Gobernantes, \u201cdebe de ser motivo de orgullo para todos los ahomenses&#8221;, Gerardo Vargas Landeros, presidente municipal [&hellip;]\" \/>\n<meta property=\"og:url\" content=\"https:\/\/fuentesfidedignas.com.mx\/index.php\/2021\/12\/04\/ahome-podra-acceder-a-apoyos-y-recursos-extraordinarios-del-bid-y-la-onu\/\" \/>\n<meta property=\"og:site_name\" content=\"Fuentes Fidedignas\" \/>\n<meta property=\"article:publisher\" content=\"https:\/\/www.facebook.com\/Fuentes-Fidedignas-368234489921644\" \/>\n<meta property=\"article:published_time\" content=\"2021-12-04T19:28:27+00:00\" \/>\n<meta property=\"article:modified_time\" content=\"2021-12-04T19:28:29+00:00\" \/>\n<meta property=\"og:image\" content=\"https:\/\/fuentesfidedignas.com.mx\/wp-content\/uploads\/2021\/12\/IMG-20211204-WA0010.jpg\" \/>\n\t<meta property=\"og:image:width\" content=\"1055\" \/>\n\t<meta property=\"og:image:height\" content=\"852\" \/>\n\t<meta property=\"og:image:type\" content=\"image\/jpeg\" \/>\n<meta name=\"author\" content=\"Redacci\u00f3n\" \/>\n<meta name=\"twitter:card\" content=\"summary_large_image\" \/>\n<meta name=\"twitter:creator\" content=\"@fidedignas\" \/>\n<meta name=\"twitter:site\" content=\"@fidedignas\" \/>\n<meta name=\"twitter:label1\" content=\"Escrito por\" \/>\n\t<meta name=\"twitter:data1\" content=\"Redacci\u00f3n\" \/>\n\t<meta name=\"twitter:label2\" content=\"Tiempo de lectura\" \/>\n\t<meta name=\"twitter:data2\" content=\"2 minutos\" \/>\n<script type=\"application\/ld+json\" class=\"yoast-schema-graph\">{\"@context\":\"https:\\\/\\\/schema.org\",\"@graph\":[{\"@type\":\"Article\",\"@id\":\"https:\\\/\\\/fuentesfidedignas.com.mx\\\/index.php\\\/2021\\\/12\\\/04\\\/ahome-podra-acceder-a-apoyos-y-recursos-extraordinarios-del-bid-y-la-onu\\\/#article\",\"isPartOf\":{\"@id\":\"https:\\\/\\\/fuentesfidedignas.com.mx\\\/index.php\\\/2021\\\/12\\\/04\\\/ahome-podra-acceder-a-apoyos-y-recursos-extraordinarios-del-bid-y-la-onu\\\/\"},\"author\":{\"name\":\"Redacci\u00f3n\",\"@id\":\"https:\\\/\\\/fuentesfidedignas.com.mx\\\/#\\\/schema\\\/person\\\/331be9283d37198e2acd5750279085b0\"},\"headline\":\"Ahome podr\u00e1 acceder a apoyos y recursos extraordinarios del BID y la ONU\",\"datePublished\":\"2021-12-04T19:28:27+00:00\",\"dateModified\":\"2021-12-04T19:28:29+00:00\",\"mainEntityOfPage\":{\"@id\":\"https:\\\/\\\/fuentesfidedignas.com.mx\\\/index.php\\\/2021\\\/12\\\/04\\\/ahome-podra-acceder-a-apoyos-y-recursos-extraordinarios-del-bid-y-la-onu\\\/\"},\"wordCount\":296,\"commentCount\":0,\"publisher\":{\"@id\":\"https:\\\/\\\/fuentesfidedignas.com.mx\\\/#organization\"},\"image\":{\"@id\":\"https:\\\/\\\/fuentesfidedignas.com.mx\\\/index.php\\\/2021\\\/12\\\/04\\\/ahome-podra-acceder-a-apoyos-y-recursos-extraordinarios-del-bid-y-la-onu\\\/#primaryimage\"},\"thumbnailUrl\":\"https:\\\/\\\/fuentesfidedignas.com.mx\\\/wp-content\\\/uploads\\\/2021\\\/12\\\/IMG-20211204-WA0010.jpg\",\"articleSection\":[\"NOTA PRINCIPAL\"],\"inLanguage\":\"es\",\"potentialAction\":[{\"@type\":\"CommentAction\",\"name\":\"Comment\",\"target\":[\"https:\\\/\\\/fuentesfidedignas.com.mx\\\/index.php\\\/2021\\\/12\\\/04\\\/ahome-podra-acceder-a-apoyos-y-recursos-extraordinarios-del-bid-y-la-onu\\\/#respond\"]}]},{\"@type\":\"WebPage\",\"@id\":\"https:\\\/\\\/fuentesfidedignas.com.mx\\\/index.php\\\/2021\\\/12\\\/04\\\/ahome-podra-acceder-a-apoyos-y-recursos-extraordinarios-del-bid-y-la-onu\\\/\",\"url\":\"https:\\\/\\\/fuentesfidedignas.com.mx\\\/index.php\\\/2021\\\/12\\\/04\\\/ahome-podra-acceder-a-apoyos-y-recursos-extraordinarios-del-bid-y-la-onu\\\/\",\"name\":\"Ahome podr\u00e1 acceder a apoyos y recursos extraordinarios del BID y la ONU - Fuentes Fidedignas\",\"isPartOf\":{\"@id\":\"https:\\\/\\\/fuentesfidedignas.com.mx\\\/#website\"},\"primaryImageOfPage\":{\"@id\":\"https:\\\/\\\/fuentesfidedignas.com.mx\\\/index.php\\\/2021\\\/12\\\/04\\\/ahome-podra-acceder-a-apoyos-y-recursos-extraordinarios-del-bid-y-la-onu\\\/#primaryimage\"},\"image\":{\"@id\":\"https:\\\/\\\/fuentesfidedignas.com.mx\\\/index.php\\\/2021\\\/12\\\/04\\\/ahome-podra-acceder-a-apoyos-y-recursos-extraordinarios-del-bid-y-la-onu\\\/#primaryimage\"},\"thumbnailUrl\":\"https:\\\/\\\/fuentesfidedignas.com.mx\\\/wp-content\\\/uploads\\\/2021\\\/12\\\/IMG-20211204-WA0010.jpg\",\"datePublished\":\"2021-12-04T19:28:27+00:00\",\"dateModified\":\"2021-12-04T19:28:29+00:00\",\"breadcrumb\":{\"@id\":\"https:\\\/\\\/fuentesfidedignas.com.mx\\\/index.php\\\/2021\\\/12\\\/04\\\/ahome-podra-acceder-a-apoyos-y-recursos-extraordinarios-del-bid-y-la-onu\\\/#breadcrumb\"},\"inLanguage\":\"es\",\"potentialAction\":[{\"@type\":\"ReadAction\",\"target\":[\"https:\\\/\\\/fuentesfidedignas.com.mx\\\/index.php\\\/2021\\\/12\\\/04\\\/ahome-podra-acceder-a-apoyos-y-recursos-extraordinarios-del-bid-y-la-onu\\\/\"]}]},{\"@type\":\"ImageObject\",\"inLanguage\":\"es\",\"@id\":\"https:\\\/\\\/fuentesfidedignas.com.mx\\\/index.php\\\/2021\\\/12\\\/04\\\/ahome-podra-acceder-a-apoyos-y-recursos-extraordinarios-del-bid-y-la-onu\\\/#primaryimage\",\"url\":\"https:\\\/\\\/fuentesfidedignas.com.mx\\\/wp-content\\\/uploads\\\/2021\\\/12\\\/IMG-20211204-WA0010.jpg\",\"contentUrl\":\"https:\\\/\\\/fuentesfidedignas.com.mx\\\/wp-content\\\/uploads\\\/2021\\\/12\\\/IMG-20211204-WA0010.jpg\",\"width\":1055,\"height\":852},{\"@type\":\"BreadcrumbList\",\"@id\":\"https:\\\/\\\/fuentesfidedignas.com.mx\\\/index.php\\\/2021\\\/12\\\/04\\\/ahome-podra-acceder-a-apoyos-y-recursos-extraordinarios-del-bid-y-la-onu\\\/#breadcrumb\",\"itemListElement\":[{\"@type\":\"ListItem\",\"position\":1,\"name\":\"Inicio\",\"item\":\"https:\\\/\\\/fuentesfidedignas.com.mx\\\/\"},{\"@type\":\"ListItem\",\"position\":2,\"name\":\"Ahome podr\u00e1 acceder a apoyos y recursos extraordinarios del BID y la ONU\"}]},{\"@type\":\"WebSite\",\"@id\":\"https:\\\/\\\/fuentesfidedignas.com.mx\\\/#website\",\"url\":\"https:\\\/\\\/fuentesfidedignas.com.mx\\\/\",\"name\":\"Fuentes Fidedignas\",\"description\":\"Otro sitio realizado con WordPress\",\"publisher\":{\"@id\":\"https:\\\/\\\/fuentesfidedignas.com.mx\\\/#organization\"},\"potentialAction\":[{\"@type\":\"SearchAction\",\"target\":{\"@type\":\"EntryPoint\",\"urlTemplate\":\"https:\\\/\\\/fuentesfidedignas.com.mx\\\/?s={search_term_string}\"},\"query-input\":{\"@type\":\"PropertyValueSpecification\",\"valueRequired\":true,\"valueName\":\"search_term_string\"}}],\"inLanguage\":\"es\"},{\"@type\":\"Organization\",\"@id\":\"https:\\\/\\\/fuentesfidedignas.com.mx\\\/#organization\",\"name\":\"Fuentes Fidedignas\",\"url\":\"https:\\\/\\\/fuentesfidedignas.com.mx\\\/\",\"logo\":{\"@type\":\"ImageObject\",\"inLanguage\":\"es\",\"@id\":\"https:\\\/\\\/fuentesfidedignas.com.mx\\\/#\\\/schema\\\/logo\\\/image\\\/\",\"url\":\"https:\\\/\\\/fuentesfidedignas.com.mx\\\/wp-content\\\/uploads\\\/2021\\\/04\\\/logo-retina.png\",\"contentUrl\":\"https:\\\/\\\/fuentesfidedignas.com.mx\\\/wp-content\\\/uploads\\\/2021\\\/04\\\/logo-retina.png\",\"width\":280,\"height\":51,\"caption\":\"Fuentes Fidedignas\"},\"image\":{\"@id\":\"https:\\\/\\\/fuentesfidedignas.com.mx\\\/#\\\/schema\\\/logo\\\/image\\\/\"},\"sameAs\":[\"https:\\\/\\\/www.facebook.com\\\/Fuentes-Fidedignas-368234489921644\",\"https:\\\/\\\/x.com\\\/fidedignas\"]},{\"@type\":\"Person\",\"@id\":\"https:\\\/\\\/fuentesfidedignas.com.mx\\\/#\\\/schema\\\/person\\\/331be9283d37198e2acd5750279085b0\",\"name\":\"Redacci\u00f3n\",\"image\":{\"@type\":\"ImageObject\",\"inLanguage\":\"es\",\"@id\":\"https:\\\/\\\/secure.gravatar.com\\\/avatar\\\/f6d8782c11d12b2d4ad3fbb6931aeab5309937a4d6cd2fc9cfaa28a6396a5aec?s=96&d=mm&r=g\",\"url\":\"https:\\\/\\\/secure.gravatar.com\\\/avatar\\\/f6d8782c11d12b2d4ad3fbb6931aeab5309937a4d6cd2fc9cfaa28a6396a5aec?s=96&d=mm&r=g\",\"contentUrl\":\"https:\\\/\\\/secure.gravatar.com\\\/avatar\\\/f6d8782c11d12b2d4ad3fbb6931aeab5309937a4d6cd2fc9cfaa28a6396a5aec?s=96&d=mm&r=g\",\"caption\":\"Redacci\u00f3n\"},\"url\":\"https:\\\/\\\/fuentesfidedignas.com.mx\\\/index.php\\\/author\\\/redaccion\\\/\"}]}<\/script>\n<!-- \/ Yoast SEO plugin. -->","yoast_head_json":{"title":"Ahome podr\u00e1 acceder a apoyos y recursos extraordinarios del BID y la ONU - Fuentes Fidedignas","robots":{"index":"index","follow":"follow","max-snippet":"max-snippet:-1","max-image-preview":"max-image-preview:large","max-video-preview":"max-video-preview:-1"},"canonical":"https:\/\/fuentesfidedignas.com.mx\/index.php\/2021\/12\/04\/ahome-podra-acceder-a-apoyos-y-recursos-extraordinarios-del-bid-y-la-onu\/","og_locale":"es_MX","og_type":"article","og_title":"Ahome podr\u00e1 acceder a apoyos y recursos extraordinarios del BID y la ONU - Fuentes Fidedignas","og_description":"Estos programas de car\u00e1cter internacional brindar\u00e1n la oportunidad para que el municipio de Ahome acceda a servicios de excelencia Ahome, Sin.- Tras precisar que su nombramiento como Vicepresidente Internacional de Alcaldes de Latinoam\u00e9rica que le otorg\u00f3 el Instituto Mejores Gobernantes, \u201cdebe de ser motivo de orgullo para todos los ahomenses&#8221;, Gerardo Vargas Landeros, presidente municipal [&hellip;]","og_url":"https:\/\/fuentesfidedignas.com.mx\/index.php\/2021\/12\/04\/ahome-podra-acceder-a-apoyos-y-recursos-extraordinarios-del-bid-y-la-onu\/","og_site_name":"Fuentes Fidedignas","article_publisher":"https:\/\/www.facebook.com\/Fuentes-Fidedignas-368234489921644","article_published_time":"2021-12-04T19:28:27+00:00","article_modified_time":"2021-12-04T19:28:29+00:00","og_image":[{"width":1055,"height":852,"url":"https:\/\/fuentesfidedignas.com.mx\/wp-content\/uploads\/2021\/12\/IMG-20211204-WA0010.jpg","type":"image\/jpeg"}],"author":"Redacci\u00f3n","twitter_card":"summary_large_image","twitter_creator":"@fidedignas","twitter_site":"@fidedignas","twitter_misc":{"Escrito por":"Redacci\u00f3n","Tiempo de lectura":"2 minutos"},"schema":{"@context":"https:\/\/schema.org","@graph":[{"@type":"Article","@id":"https:\/\/fuentesfidedignas.com.mx\/index.php\/2021\/12\/04\/ahome-podra-acceder-a-apoyos-y-recursos-extraordinarios-del-bid-y-la-onu\/#article","isPartOf":{"@id":"https:\/\/fuentesfidedignas.com.mx\/index.php\/2021\/12\/04\/ahome-podra-acceder-a-apoyos-y-recursos-extraordinarios-del-bid-y-la-onu\/"},"author":{"name":"Redacci\u00f3n","@id":"https:\/\/fuentesfidedignas.com.mx\/#\/schema\/person\/331be9283d37198e2acd5750279085b0"},"headline":"Ahome podr\u00e1 acceder a apoyos y recursos extraordinarios del BID y la ONU","datePublished":"2021-12-04T19:28:27+00:00","dateModified":"2021-12-04T19:28:29+00:00","mainEntityOfPage":{"@id":"https:\/\/fuentesfidedignas.com.mx\/index.php\/2021\/12\/04\/ahome-podra-acceder-a-apoyos-y-recursos-extraordinarios-del-bid-y-la-onu\/"},"wordCount":296,"commentCount":0,"publisher":{"@id":"https:\/\/fuentesfidedignas.com.mx\/#organization"},"image":{"@id":"https:\/\/fuentesfidedignas.com.mx\/index.php\/2021\/12\/04\/ahome-podra-acceder-a-apoyos-y-recursos-extraordinarios-del-bid-y-la-onu\/#primaryimage"},"thumbnailUrl":"https:\/\/fuentesfidedignas.com.mx\/wp-content\/uploads\/2021\/12\/IMG-20211204-WA0010.jpg","articleSection":["NOTA PRINCIPAL"],"inLanguage":"es","potentialAction":[{"@type":"CommentAction","name":"Comment","target":["https:\/\/fuentesfidedignas.com.mx\/index.php\/2021\/12\/04\/ahome-podra-acceder-a-apoyos-y-recursos-extraordinarios-del-bid-y-la-onu\/#respond"]}]},{"@type":"WebPage","@id":"https:\/\/fuentesfidedignas.com.mx\/index.php\/2021\/12\/04\/ahome-podra-acceder-a-apoyos-y-recursos-extraordinarios-del-bid-y-la-onu\/","url":"https:\/\/fuentesfidedignas.com.mx\/index.php\/2021\/12\/04\/ahome-podra-acceder-a-apoyos-y-recursos-extraordinarios-del-bid-y-la-onu\/","name":"Ahome podr\u00e1 acceder a apoyos y recursos extraordinarios del BID y la ONU - Fuentes Fidedignas","isPartOf":{"@id":"https:\/\/fuentesfidedignas.com.mx\/#website"},"primaryImageOfPage":{"@id":"https:\/\/fuentesfidedignas.com.mx\/index.php\/2021\/12\/04\/ahome-podra-acceder-a-apoyos-y-recursos-extraordinarios-del-bid-y-la-onu\/#primaryimage"},"image":{"@id":"https:\/\/fuentesfidedignas.com.mx\/index.php\/2021\/12\/04\/ahome-podra-acceder-a-apoyos-y-recursos-extraordinarios-del-bid-y-la-onu\/#primaryimage"},"thumbnailUrl":"https:\/\/fuentesfidedignas.com.mx\/wp-content\/uploads\/2021\/12\/IMG-20211204-WA0010.jpg","datePublished":"2021-12-04T19:28:27+00:00","dateModified":"2021-12-04T19:28:29+00:00","breadcrumb":{"@id":"https:\/\/fuentesfidedignas.com.mx\/index.php\/2021\/12\/04\/ahome-podra-acceder-a-apoyos-y-recursos-extraordinarios-del-bid-y-la-onu\/#breadcrumb"},"inLanguage":"es","potentialAction":[{"@type":"ReadAction","target":["https:\/\/fuentesfidedignas.com.mx\/index.php\/2021\/12\/04\/ahome-podra-acceder-a-apoyos-y-recursos-extraordinarios-del-bid-y-la-onu\/"]}]},{"@type":"ImageObject","inLanguage":"es","@id":"https:\/\/fuentesfidedignas.com.mx\/index.php\/2021\/12\/04\/ahome-podra-acceder-a-apoyos-y-recursos-extraordinarios-del-bid-y-la-onu\/#primaryimage","url":"https:\/\/fuentesfidedignas.com.mx\/wp-content\/uploads\/2021\/12\/IMG-20211204-WA0010.jpg","contentUrl":"https:\/\/fuentesfidedignas.com.mx\/wp-content\/uploads\/2021\/12\/IMG-20211204-WA0010.jpg","width":1055,"height":852},{"@type":"BreadcrumbList","@id":"https:\/\/fuentesfidedignas.com.mx\/index.php\/2021\/12\/04\/ahome-podra-acceder-a-apoyos-y-recursos-extraordinarios-del-bid-y-la-onu\/#breadcrumb","itemListElement":[{"@type":"ListItem","position":1,"name":"Inicio","item":"https:\/\/fuentesfidedignas.com.mx\/"},{"@type":"ListItem","position":2,"name":"Ahome podr\u00e1 acceder a apoyos y recursos extraordinarios del BID y la ONU"}]},{"@type":"WebSite","@id":"https:\/\/fuentesfidedignas.com.mx\/#website","url":"https:\/\/fuentesfidedignas.com.mx\/","name":"Fuentes Fidedignas","description":"Otro sitio realizado con WordPress","publisher":{"@id":"https:\/\/fuentesfidedignas.com.mx\/#organization"},"potentialAction":[{"@type":"SearchAction","target":{"@type":"EntryPoint","urlTemplate":"https:\/\/fuentesfidedignas.com.mx\/?s={search_term_string}"},"query-input":{"@type":"PropertyValueSpecification","valueRequired":true,"valueName":"search_term_string"}}],"inLanguage":"es"},{"@type":"Organization","@id":"https:\/\/fuentesfidedignas.com.mx\/#organization","name":"Fuentes Fidedignas","url":"https:\/\/fuentesfidedignas.com.mx\/","logo":{"@type":"ImageObject","inLanguage":"es","@id":"https:\/\/fuentesfidedignas.com.mx\/#\/schema\/logo\/image\/","url":"https:\/\/fuentesfidedignas.com.mx\/wp-content\/uploads\/2021\/04\/logo-retina.png","contentUrl":"https:\/\/fuentesfidedignas.com.mx\/wp-content\/uploads\/2021\/04\/logo-retina.png","width":280,"height":51,"caption":"Fuentes Fidedignas"},"image":{"@id":"https:\/\/fuentesfidedignas.com.mx\/#\/schema\/logo\/image\/"},"sameAs":["https:\/\/www.facebook.com\/Fuentes-Fidedignas-368234489921644","https:\/\/x.com\/fidedignas"]},{"@type":"Person","@id":"https:\/\/fuentesfidedignas.com.mx\/#\/schema\/person\/331be9283d37198e2acd5750279085b0","name":"Redacci\u00f3n","image":{"@type":"ImageObject","inLanguage":"es","@id":"https:\/\/secure.gravatar.com\/avatar\/f6d8782c11d12b2d4ad3fbb6931aeab5309937a4d6cd2fc9cfaa28a6396a5aec?s=96&d=mm&r=g","url":"https:\/\/secure.gravatar.com\/avatar\/f6d8782c11d12b2d4ad3fbb6931aeab5309937a4d6cd2fc9cfaa28a6396a5aec?s=96&d=mm&r=g","contentUrl":"https:\/\/secure.gravatar.com\/avatar\/f6d8782c11d12b2d4ad3fbb6931aeab5309937a4d6cd2fc9cfaa28a6396a5aec?s=96&d=mm&r=g","caption":"Redacci\u00f3n"},"url":"https:\/\/fuentesfidedignas.com.mx\/index.php\/author\/redaccion\/"}]}},"_links":{"self":[{"href":"https:\/\/fuentesfidedignas.com.mx\/index.php\/wp-json\/wp\/v2\/posts\/19082","targetHints":{"allow":["GET"]}}],"collection":[{"href":"https:\/\/fuentesfidedignas.com.mx\/index.php\/wp-json\/wp\/v2\/posts"}],"about":[{"href":"https:\/\/fuentesfidedignas.com.mx\/index.php\/wp-json\/wp\/v2\/types\/post"}],"author":[{"embeddable":true,"href":"https:\/\/fuentesfidedignas.com.mx\/index.php\/wp-json\/wp\/v2\/users\/4"}],"replies":[{"embeddable":true,"href":"https:\/\/fuentesfidedignas.com.mx\/index.php\/wp-json\/wp\/v2\/comments?post=19082"}],"version-history":[{"count":1,"href":"https:\/\/fuentesfidedignas.com.mx\/index.php\/wp-json\/wp\/v2\/posts\/19082\/revisions"}],"predecessor-version":[{"id":19084,"href":"https:\/\/fuentesfidedignas.com.mx\/index.php\/wp-json\/wp\/v2\/posts\/19082\/revisions\/19084"}],"wp:featuredmedia":[{"embeddable":true,"href":"https:\/\/fuentesfidedignas.com.mx\/index.php\/wp-json\/wp\/v2\/media\/19083"}],"wp:attachment":[{"href":"https:\/\/fuentesfidedignas.com.mx\/index.php\/wp-json\/wp\/v2\/media?parent=19082"}],"wp:term":[{"taxonomy":"category","embeddable":true,"href":"https:\/\/fuentesfidedignas.com.mx\/index.php\/wp-json\/wp\/v2\/categories?post=19082"},{"taxonomy":"post_tag","embeddable":true,"href":"https:\/\/fuentesfidedignas.com.mx\/index.php\/wp-json\/wp\/v2\/tags?post=19082"}],"curies":[{"name":"wp","href":"https:\/\/api.w.org\/{rel}","templated":true}]}}