{"id":19060,"date":"2021-12-03T19:25:35","date_gmt":"2021-12-04T02:25:35","guid":{"rendered":"https:\/\/fuentesfidedignas.com.mx\/?p=19060"},"modified":"2021-12-03T19:25:36","modified_gmt":"2021-12-04T02:25:36","slug":"rinden-protesta-nuevos-funcionarios-del-gobierno-estatal","status":"publish","type":"post","link":"https:\/\/fuentesfidedignas.com.mx\/index.php\/2021\/12\/03\/rinden-protesta-nuevos-funcionarios-del-gobierno-estatal\/","title":{"rendered":"Rinden protesta nuevos funcionarios del gobierno Estatal"},"content":{"rendered":"\n<p><em><strong>El <\/strong><\/em><strong><em>gobernador de Sinaloa Rub\u00e9n Rocha Moya les tom\u00f3 protesta a los servidores p\u00fablicos, invit\u00e1ndoles a trabajar para darle resultados a los sinaloenses.<\/em><\/strong><\/p>\n\n\n\n<p>Culiac\u00e1n, Sin.- El gobernador de Sinaloa Rub\u00e9n Rocha Moya sigue confeccionando un gabinete dise\u00f1ado para cumplirle y darle resultados a los sinaloenses, y por ello esta tarde le tom\u00f3 protesta a nuevos funcionarios de la administraci\u00f3n p\u00fablica estatal, conmin\u00e1ndolos a trabajar siempre en cercan\u00eda con el pueblo bajo los principios de honestidad y transparencia que enarbola la causa de la Cuarta Transformaci\u00f3n en Sinaloa.<\/p>\n\n\n\n<p>En una sencilla pero significativa ceremonia celebrada en el Sal\u00f3n Gobernadores de Palacio de Gobierno, una vez que el gobernador les tom\u00f3 protesta, les entreg\u00f3 sus nuevos nombramientos que por Ley, est\u00e1n obligados por la Constituci\u00f3n Pol\u00edtica del Estado de Sinaloa a cumplir cabalmente con su nueva encomienda en beneficio de los sinaloenses y su bienestar.<\/p>\n\n\n\n<p>De esta forma, Rocha Moya le tom\u00f3 protesta a Rafael Mendoza Zatarain como subsecretario de Planeaci\u00f3n, Inversi\u00f3n y Desarrollo Tur\u00edstico; Jes\u00fas Mart\u00edn Luque Rojas como Asesor; Joaqu\u00edn Alberto Landeros Guicho como secretario Ejecutivo; Edwin Favela S\u00e1nchez como coordinador de Desarrollo Administrativo y a Jos\u00e9 Eduardo Avil\u00e9s Tostado como coordinador de Desarrollo Tecnol\u00f3gico.<\/p>\n\n\n\n<p>Al rendir protesta y recibir sus nombramientos oficiales, los nuevos servidores p\u00fablicos se comprometieron a dar lo mejor de s\u00ed para buscar el bienestar de miles de familias sinaloenses, trabajando con honestidad y comprometidos con el pueblo.<\/p>\n","protected":false},"excerpt":{"rendered":"<p>El gobernador de Sinaloa Rub\u00e9n Rocha Moya les tom\u00f3 protesta a los servidores p\u00fablicos, invit\u00e1ndoles a trabajar para darle resultados a los sinaloenses. Culiac\u00e1n, Sin.- El gobernador de Sinaloa Rub\u00e9n Rocha Moya sigue confeccionando un gabinete dise\u00f1ado para cumplirle y darle resultados a los sinaloenses, y por ello esta tarde le tom\u00f3 protesta a nuevos [&hellip;]<\/p>\n","protected":false},"author":4,"featured_media":19061,"comment_status":"open","ping_status":"open","sticky":false,"template":"","format":"standard","meta":{"tdm_status":"","tdm_grid_status":"","footnotes":""},"categories":[37],"tags":[],"class_list":{"0":"post-19060","1":"post","2":"type-post","3":"status-publish","4":"format-standard","5":"has-post-thumbnail","7":"category-nota-principal"},"yoast_head":"<!-- This site is optimized with the Yoast SEO plugin v27.5 - https:\/\/yoast.com\/product\/yoast-seo-wordpress\/ -->\n<title>Rinden protesta nuevos funcionarios del gobierno Estatal - Fuentes Fidedignas<\/title>\n<meta name=\"robots\" content=\"index, follow, max-snippet:-1, max-image-preview:large, max-video-preview:-1\" \/>\n<link rel=\"canonical\" href=\"https:\/\/fuentesfidedignas.com.mx\/index.php\/2021\/12\/03\/rinden-protesta-nuevos-funcionarios-del-gobierno-estatal\/\" \/>\n<meta property=\"og:locale\" content=\"es_MX\" \/>\n<meta property=\"og:type\" content=\"article\" \/>\n<meta property=\"og:title\" content=\"Rinden protesta nuevos funcionarios del gobierno Estatal - Fuentes Fidedignas\" \/>\n<meta property=\"og:description\" content=\"El gobernador de Sinaloa Rub\u00e9n Rocha Moya les tom\u00f3 protesta a los servidores p\u00fablicos, invit\u00e1ndoles a trabajar para darle resultados a los sinaloenses. Culiac\u00e1n, Sin.- El gobernador de Sinaloa Rub\u00e9n Rocha Moya sigue confeccionando un gabinete dise\u00f1ado para cumplirle y darle resultados a los sinaloenses, y por ello esta tarde le tom\u00f3 protesta a nuevos [&hellip;]\" \/>\n<meta property=\"og:url\" content=\"https:\/\/fuentesfidedignas.com.mx\/index.php\/2021\/12\/03\/rinden-protesta-nuevos-funcionarios-del-gobierno-estatal\/\" \/>\n<meta property=\"og:site_name\" content=\"Fuentes Fidedignas\" \/>\n<meta property=\"article:publisher\" content=\"https:\/\/www.facebook.com\/Fuentes-Fidedignas-368234489921644\" \/>\n<meta property=\"article:published_time\" content=\"2021-12-04T02:25:35+00:00\" \/>\n<meta property=\"article:modified_time\" content=\"2021-12-04T02:25:36+00:00\" \/>\n<meta property=\"og:image\" content=\"https:\/\/fuentesfidedignas.com.mx\/wp-content\/uploads\/2021\/12\/868e0fb7-dbe4-4ccf-ab69-efbd5ca3d6ff.jpg\" \/>\n\t<meta property=\"og:image:width\" content=\"1600\" \/>\n\t<meta property=\"og:image:height\" content=\"1066\" \/>\n\t<meta property=\"og:image:type\" content=\"image\/jpeg\" \/>\n<meta name=\"author\" content=\"Redacci\u00f3n\" \/>\n<meta name=\"twitter:card\" content=\"summary_large_image\" \/>\n<meta name=\"twitter:creator\" content=\"@fidedignas\" \/>\n<meta name=\"twitter:site\" content=\"@fidedignas\" \/>\n<meta name=\"twitter:label1\" content=\"Escrito por\" \/>\n\t<meta name=\"twitter:data1\" content=\"Redacci\u00f3n\" \/>\n\t<meta name=\"twitter:label2\" content=\"Tiempo de lectura\" \/>\n\t<meta name=\"twitter:data2\" content=\"2 minutos\" \/>\n<script type=\"application\/ld+json\" class=\"yoast-schema-graph\">{\"@context\":\"https:\\\/\\\/schema.org\",\"@graph\":[{\"@type\":\"Article\",\"@id\":\"https:\\\/\\\/fuentesfidedignas.com.mx\\\/index.php\\\/2021\\\/12\\\/03\\\/rinden-protesta-nuevos-funcionarios-del-gobierno-estatal\\\/#article\",\"isPartOf\":{\"@id\":\"https:\\\/\\\/fuentesfidedignas.com.mx\\\/index.php\\\/2021\\\/12\\\/03\\\/rinden-protesta-nuevos-funcionarios-del-gobierno-estatal\\\/\"},\"author\":{\"name\":\"Redacci\u00f3n\",\"@id\":\"https:\\\/\\\/fuentesfidedignas.com.mx\\\/#\\\/schema\\\/person\\\/331be9283d37198e2acd5750279085b0\"},\"headline\":\"Rinden protesta nuevos funcionarios del gobierno Estatal\",\"datePublished\":\"2021-12-04T02:25:35+00:00\",\"dateModified\":\"2021-12-04T02:25:36+00:00\",\"mainEntityOfPage\":{\"@id\":\"https:\\\/\\\/fuentesfidedignas.com.mx\\\/index.php\\\/2021\\\/12\\\/03\\\/rinden-protesta-nuevos-funcionarios-del-gobierno-estatal\\\/\"},\"wordCount\":265,\"commentCount\":0,\"publisher\":{\"@id\":\"https:\\\/\\\/fuentesfidedignas.com.mx\\\/#organization\"},\"image\":{\"@id\":\"https:\\\/\\\/fuentesfidedignas.com.mx\\\/index.php\\\/2021\\\/12\\\/03\\\/rinden-protesta-nuevos-funcionarios-del-gobierno-estatal\\\/#primaryimage\"},\"thumbnailUrl\":\"https:\\\/\\\/fuentesfidedignas.com.mx\\\/wp-content\\\/uploads\\\/2021\\\/12\\\/868e0fb7-dbe4-4ccf-ab69-efbd5ca3d6ff.jpg\",\"articleSection\":[\"NOTA PRINCIPAL\"],\"inLanguage\":\"es\",\"potentialAction\":[{\"@type\":\"CommentAction\",\"name\":\"Comment\",\"target\":[\"https:\\\/\\\/fuentesfidedignas.com.mx\\\/index.php\\\/2021\\\/12\\\/03\\\/rinden-protesta-nuevos-funcionarios-del-gobierno-estatal\\\/#respond\"]}]},{\"@type\":\"WebPage\",\"@id\":\"https:\\\/\\\/fuentesfidedignas.com.mx\\\/index.php\\\/2021\\\/12\\\/03\\\/rinden-protesta-nuevos-funcionarios-del-gobierno-estatal\\\/\",\"url\":\"https:\\\/\\\/fuentesfidedignas.com.mx\\\/index.php\\\/2021\\\/12\\\/03\\\/rinden-protesta-nuevos-funcionarios-del-gobierno-estatal\\\/\",\"name\":\"Rinden protesta nuevos funcionarios del gobierno Estatal - Fuentes Fidedignas\",\"isPartOf\":{\"@id\":\"https:\\\/\\\/fuentesfidedignas.com.mx\\\/#website\"},\"primaryImageOfPage\":{\"@id\":\"https:\\\/\\\/fuentesfidedignas.com.mx\\\/index.php\\\/2021\\\/12\\\/03\\\/rinden-protesta-nuevos-funcionarios-del-gobierno-estatal\\\/#primaryimage\"},\"image\":{\"@id\":\"https:\\\/\\\/fuentesfidedignas.com.mx\\\/index.php\\\/2021\\\/12\\\/03\\\/rinden-protesta-nuevos-funcionarios-del-gobierno-estatal\\\/#primaryimage\"},\"thumbnailUrl\":\"https:\\\/\\\/fuentesfidedignas.com.mx\\\/wp-content\\\/uploads\\\/2021\\\/12\\\/868e0fb7-dbe4-4ccf-ab69-efbd5ca3d6ff.jpg\",\"datePublished\":\"2021-12-04T02:25:35+00:00\",\"dateModified\":\"2021-12-04T02:25:36+00:00\",\"breadcrumb\":{\"@id\":\"https:\\\/\\\/fuentesfidedignas.com.mx\\\/index.php\\\/2021\\\/12\\\/03\\\/rinden-protesta-nuevos-funcionarios-del-gobierno-estatal\\\/#breadcrumb\"},\"inLanguage\":\"es\",\"potentialAction\":[{\"@type\":\"ReadAction\",\"target\":[\"https:\\\/\\\/fuentesfidedignas.com.mx\\\/index.php\\\/2021\\\/12\\\/03\\\/rinden-protesta-nuevos-funcionarios-del-gobierno-estatal\\\/\"]}]},{\"@type\":\"ImageObject\",\"inLanguage\":\"es\",\"@id\":\"https:\\\/\\\/fuentesfidedignas.com.mx\\\/index.php\\\/2021\\\/12\\\/03\\\/rinden-protesta-nuevos-funcionarios-del-gobierno-estatal\\\/#primaryimage\",\"url\":\"https:\\\/\\\/fuentesfidedignas.com.mx\\\/wp-content\\\/uploads\\\/2021\\\/12\\\/868e0fb7-dbe4-4ccf-ab69-efbd5ca3d6ff.jpg\",\"contentUrl\":\"https:\\\/\\\/fuentesfidedignas.com.mx\\\/wp-content\\\/uploads\\\/2021\\\/12\\\/868e0fb7-dbe4-4ccf-ab69-efbd5ca3d6ff.jpg\",\"width\":1600,\"height\":1066},{\"@type\":\"BreadcrumbList\",\"@id\":\"https:\\\/\\\/fuentesfidedignas.com.mx\\\/index.php\\\/2021\\\/12\\\/03\\\/rinden-protesta-nuevos-funcionarios-del-gobierno-estatal\\\/#breadcrumb\",\"itemListElement\":[{\"@type\":\"ListItem\",\"position\":1,\"name\":\"Inicio\",\"item\":\"https:\\\/\\\/fuentesfidedignas.com.mx\\\/\"},{\"@type\":\"ListItem\",\"position\":2,\"name\":\"Rinden protesta nuevos funcionarios del gobierno Estatal\"}]},{\"@type\":\"WebSite\",\"@id\":\"https:\\\/\\\/fuentesfidedignas.com.mx\\\/#website\",\"url\":\"https:\\\/\\\/fuentesfidedignas.com.mx\\\/\",\"name\":\"Fuentes Fidedignas\",\"description\":\"Otro sitio realizado con WordPress\",\"publisher\":{\"@id\":\"https:\\\/\\\/fuentesfidedignas.com.mx\\\/#organization\"},\"potentialAction\":[{\"@type\":\"SearchAction\",\"target\":{\"@type\":\"EntryPoint\",\"urlTemplate\":\"https:\\\/\\\/fuentesfidedignas.com.mx\\\/?s={search_term_string}\"},\"query-input\":{\"@type\":\"PropertyValueSpecification\",\"valueRequired\":true,\"valueName\":\"search_term_string\"}}],\"inLanguage\":\"es\"},{\"@type\":\"Organization\",\"@id\":\"https:\\\/\\\/fuentesfidedignas.com.mx\\\/#organization\",\"name\":\"Fuentes Fidedignas\",\"url\":\"https:\\\/\\\/fuentesfidedignas.com.mx\\\/\",\"logo\":{\"@type\":\"ImageObject\",\"inLanguage\":\"es\",\"@id\":\"https:\\\/\\\/fuentesfidedignas.com.mx\\\/#\\\/schema\\\/logo\\\/image\\\/\",\"url\":\"https:\\\/\\\/fuentesfidedignas.com.mx\\\/wp-content\\\/uploads\\\/2021\\\/04\\\/logo-retina.png\",\"contentUrl\":\"https:\\\/\\\/fuentesfidedignas.com.mx\\\/wp-content\\\/uploads\\\/2021\\\/04\\\/logo-retina.png\",\"width\":280,\"height\":51,\"caption\":\"Fuentes Fidedignas\"},\"image\":{\"@id\":\"https:\\\/\\\/fuentesfidedignas.com.mx\\\/#\\\/schema\\\/logo\\\/image\\\/\"},\"sameAs\":[\"https:\\\/\\\/www.facebook.com\\\/Fuentes-Fidedignas-368234489921644\",\"https:\\\/\\\/x.com\\\/fidedignas\"]},{\"@type\":\"Person\",\"@id\":\"https:\\\/\\\/fuentesfidedignas.com.mx\\\/#\\\/schema\\\/person\\\/331be9283d37198e2acd5750279085b0\",\"name\":\"Redacci\u00f3n\",\"image\":{\"@type\":\"ImageObject\",\"inLanguage\":\"es\",\"@id\":\"https:\\\/\\\/secure.gravatar.com\\\/avatar\\\/f6d8782c11d12b2d4ad3fbb6931aeab5309937a4d6cd2fc9cfaa28a6396a5aec?s=96&d=mm&r=g\",\"url\":\"https:\\\/\\\/secure.gravatar.com\\\/avatar\\\/f6d8782c11d12b2d4ad3fbb6931aeab5309937a4d6cd2fc9cfaa28a6396a5aec?s=96&d=mm&r=g\",\"contentUrl\":\"https:\\\/\\\/secure.gravatar.com\\\/avatar\\\/f6d8782c11d12b2d4ad3fbb6931aeab5309937a4d6cd2fc9cfaa28a6396a5aec?s=96&d=mm&r=g\",\"caption\":\"Redacci\u00f3n\"},\"url\":\"https:\\\/\\\/fuentesfidedignas.com.mx\\\/index.php\\\/author\\\/redaccion\\\/\"}]}<\/script>\n<!-- \/ Yoast SEO plugin. -->","yoast_head_json":{"title":"Rinden protesta nuevos funcionarios del gobierno Estatal - Fuentes Fidedignas","robots":{"index":"index","follow":"follow","max-snippet":"max-snippet:-1","max-image-preview":"max-image-preview:large","max-video-preview":"max-video-preview:-1"},"canonical":"https:\/\/fuentesfidedignas.com.mx\/index.php\/2021\/12\/03\/rinden-protesta-nuevos-funcionarios-del-gobierno-estatal\/","og_locale":"es_MX","og_type":"article","og_title":"Rinden protesta nuevos funcionarios del gobierno Estatal - Fuentes Fidedignas","og_description":"El gobernador de Sinaloa Rub\u00e9n Rocha Moya les tom\u00f3 protesta a los servidores p\u00fablicos, invit\u00e1ndoles a trabajar para darle resultados a los sinaloenses. Culiac\u00e1n, Sin.- El gobernador de Sinaloa Rub\u00e9n Rocha Moya sigue confeccionando un gabinete dise\u00f1ado para cumplirle y darle resultados a los sinaloenses, y por ello esta tarde le tom\u00f3 protesta a nuevos [&hellip;]","og_url":"https:\/\/fuentesfidedignas.com.mx\/index.php\/2021\/12\/03\/rinden-protesta-nuevos-funcionarios-del-gobierno-estatal\/","og_site_name":"Fuentes Fidedignas","article_publisher":"https:\/\/www.facebook.com\/Fuentes-Fidedignas-368234489921644","article_published_time":"2021-12-04T02:25:35+00:00","article_modified_time":"2021-12-04T02:25:36+00:00","og_image":[{"width":1600,"height":1066,"url":"https:\/\/fuentesfidedignas.com.mx\/wp-content\/uploads\/2021\/12\/868e0fb7-dbe4-4ccf-ab69-efbd5ca3d6ff.jpg","type":"image\/jpeg"}],"author":"Redacci\u00f3n","twitter_card":"summary_large_image","twitter_creator":"@fidedignas","twitter_site":"@fidedignas","twitter_misc":{"Escrito por":"Redacci\u00f3n","Tiempo de lectura":"2 minutos"},"schema":{"@context":"https:\/\/schema.org","@graph":[{"@type":"Article","@id":"https:\/\/fuentesfidedignas.com.mx\/index.php\/2021\/12\/03\/rinden-protesta-nuevos-funcionarios-del-gobierno-estatal\/#article","isPartOf":{"@id":"https:\/\/fuentesfidedignas.com.mx\/index.php\/2021\/12\/03\/rinden-protesta-nuevos-funcionarios-del-gobierno-estatal\/"},"author":{"name":"Redacci\u00f3n","@id":"https:\/\/fuentesfidedignas.com.mx\/#\/schema\/person\/331be9283d37198e2acd5750279085b0"},"headline":"Rinden protesta nuevos funcionarios del gobierno Estatal","datePublished":"2021-12-04T02:25:35+00:00","dateModified":"2021-12-04T02:25:36+00:00","mainEntityOfPage":{"@id":"https:\/\/fuentesfidedignas.com.mx\/index.php\/2021\/12\/03\/rinden-protesta-nuevos-funcionarios-del-gobierno-estatal\/"},"wordCount":265,"commentCount":0,"publisher":{"@id":"https:\/\/fuentesfidedignas.com.mx\/#organization"},"image":{"@id":"https:\/\/fuentesfidedignas.com.mx\/index.php\/2021\/12\/03\/rinden-protesta-nuevos-funcionarios-del-gobierno-estatal\/#primaryimage"},"thumbnailUrl":"https:\/\/fuentesfidedignas.com.mx\/wp-content\/uploads\/2021\/12\/868e0fb7-dbe4-4ccf-ab69-efbd5ca3d6ff.jpg","articleSection":["NOTA PRINCIPAL"],"inLanguage":"es","potentialAction":[{"@type":"CommentAction","name":"Comment","target":["https:\/\/fuentesfidedignas.com.mx\/index.php\/2021\/12\/03\/rinden-protesta-nuevos-funcionarios-del-gobierno-estatal\/#respond"]}]},{"@type":"WebPage","@id":"https:\/\/fuentesfidedignas.com.mx\/index.php\/2021\/12\/03\/rinden-protesta-nuevos-funcionarios-del-gobierno-estatal\/","url":"https:\/\/fuentesfidedignas.com.mx\/index.php\/2021\/12\/03\/rinden-protesta-nuevos-funcionarios-del-gobierno-estatal\/","name":"Rinden protesta nuevos funcionarios del gobierno Estatal - Fuentes Fidedignas","isPartOf":{"@id":"https:\/\/fuentesfidedignas.com.mx\/#website"},"primaryImageOfPage":{"@id":"https:\/\/fuentesfidedignas.com.mx\/index.php\/2021\/12\/03\/rinden-protesta-nuevos-funcionarios-del-gobierno-estatal\/#primaryimage"},"image":{"@id":"https:\/\/fuentesfidedignas.com.mx\/index.php\/2021\/12\/03\/rinden-protesta-nuevos-funcionarios-del-gobierno-estatal\/#primaryimage"},"thumbnailUrl":"https:\/\/fuentesfidedignas.com.mx\/wp-content\/uploads\/2021\/12\/868e0fb7-dbe4-4ccf-ab69-efbd5ca3d6ff.jpg","datePublished":"2021-12-04T02:25:35+00:00","dateModified":"2021-12-04T02:25:36+00:00","breadcrumb":{"@id":"https:\/\/fuentesfidedignas.com.mx\/index.php\/2021\/12\/03\/rinden-protesta-nuevos-funcionarios-del-gobierno-estatal\/#breadcrumb"},"inLanguage":"es","potentialAction":[{"@type":"ReadAction","target":["https:\/\/fuentesfidedignas.com.mx\/index.php\/2021\/12\/03\/rinden-protesta-nuevos-funcionarios-del-gobierno-estatal\/"]}]},{"@type":"ImageObject","inLanguage":"es","@id":"https:\/\/fuentesfidedignas.com.mx\/index.php\/2021\/12\/03\/rinden-protesta-nuevos-funcionarios-del-gobierno-estatal\/#primaryimage","url":"https:\/\/fuentesfidedignas.com.mx\/wp-content\/uploads\/2021\/12\/868e0fb7-dbe4-4ccf-ab69-efbd5ca3d6ff.jpg","contentUrl":"https:\/\/fuentesfidedignas.com.mx\/wp-content\/uploads\/2021\/12\/868e0fb7-dbe4-4ccf-ab69-efbd5ca3d6ff.jpg","width":1600,"height":1066},{"@type":"BreadcrumbList","@id":"https:\/\/fuentesfidedignas.com.mx\/index.php\/2021\/12\/03\/rinden-protesta-nuevos-funcionarios-del-gobierno-estatal\/#breadcrumb","itemListElement":[{"@type":"ListItem","position":1,"name":"Inicio","item":"https:\/\/fuentesfidedignas.com.mx\/"},{"@type":"ListItem","position":2,"name":"Rinden protesta nuevos funcionarios del gobierno Estatal"}]},{"@type":"WebSite","@id":"https:\/\/fuentesfidedignas.com.mx\/#website","url":"https:\/\/fuentesfidedignas.com.mx\/","name":"Fuentes Fidedignas","description":"Otro sitio realizado con WordPress","publisher":{"@id":"https:\/\/fuentesfidedignas.com.mx\/#organization"},"potentialAction":[{"@type":"SearchAction","target":{"@type":"EntryPoint","urlTemplate":"https:\/\/fuentesfidedignas.com.mx\/?s={search_term_string}"},"query-input":{"@type":"PropertyValueSpecification","valueRequired":true,"valueName":"search_term_string"}}],"inLanguage":"es"},{"@type":"Organization","@id":"https:\/\/fuentesfidedignas.com.mx\/#organization","name":"Fuentes Fidedignas","url":"https:\/\/fuentesfidedignas.com.mx\/","logo":{"@type":"ImageObject","inLanguage":"es","@id":"https:\/\/fuentesfidedignas.com.mx\/#\/schema\/logo\/image\/","url":"https:\/\/fuentesfidedignas.com.mx\/wp-content\/uploads\/2021\/04\/logo-retina.png","contentUrl":"https:\/\/fuentesfidedignas.com.mx\/wp-content\/uploads\/2021\/04\/logo-retina.png","width":280,"height":51,"caption":"Fuentes Fidedignas"},"image":{"@id":"https:\/\/fuentesfidedignas.com.mx\/#\/schema\/logo\/image\/"},"sameAs":["https:\/\/www.facebook.com\/Fuentes-Fidedignas-368234489921644","https:\/\/x.com\/fidedignas"]},{"@type":"Person","@id":"https:\/\/fuentesfidedignas.com.mx\/#\/schema\/person\/331be9283d37198e2acd5750279085b0","name":"Redacci\u00f3n","image":{"@type":"ImageObject","inLanguage":"es","@id":"https:\/\/secure.gravatar.com\/avatar\/f6d8782c11d12b2d4ad3fbb6931aeab5309937a4d6cd2fc9cfaa28a6396a5aec?s=96&d=mm&r=g","url":"https:\/\/secure.gravatar.com\/avatar\/f6d8782c11d12b2d4ad3fbb6931aeab5309937a4d6cd2fc9cfaa28a6396a5aec?s=96&d=mm&r=g","contentUrl":"https:\/\/secure.gravatar.com\/avatar\/f6d8782c11d12b2d4ad3fbb6931aeab5309937a4d6cd2fc9cfaa28a6396a5aec?s=96&d=mm&r=g","caption":"Redacci\u00f3n"},"url":"https:\/\/fuentesfidedignas.com.mx\/index.php\/author\/redaccion\/"}]}},"_links":{"self":[{"href":"https:\/\/fuentesfidedignas.com.mx\/index.php\/wp-json\/wp\/v2\/posts\/19060","targetHints":{"allow":["GET"]}}],"collection":[{"href":"https:\/\/fuentesfidedignas.com.mx\/index.php\/wp-json\/wp\/v2\/posts"}],"about":[{"href":"https:\/\/fuentesfidedignas.com.mx\/index.php\/wp-json\/wp\/v2\/types\/post"}],"author":[{"embeddable":true,"href":"https:\/\/fuentesfidedignas.com.mx\/index.php\/wp-json\/wp\/v2\/users\/4"}],"replies":[{"embeddable":true,"href":"https:\/\/fuentesfidedignas.com.mx\/index.php\/wp-json\/wp\/v2\/comments?post=19060"}],"version-history":[{"count":1,"href":"https:\/\/fuentesfidedignas.com.mx\/index.php\/wp-json\/wp\/v2\/posts\/19060\/revisions"}],"predecessor-version":[{"id":19062,"href":"https:\/\/fuentesfidedignas.com.mx\/index.php\/wp-json\/wp\/v2\/posts\/19060\/revisions\/19062"}],"wp:featuredmedia":[{"embeddable":true,"href":"https:\/\/fuentesfidedignas.com.mx\/index.php\/wp-json\/wp\/v2\/media\/19061"}],"wp:attachment":[{"href":"https:\/\/fuentesfidedignas.com.mx\/index.php\/wp-json\/wp\/v2\/media?parent=19060"}],"wp:term":[{"taxonomy":"category","embeddable":true,"href":"https:\/\/fuentesfidedignas.com.mx\/index.php\/wp-json\/wp\/v2\/categories?post=19060"},{"taxonomy":"post_tag","embeddable":true,"href":"https:\/\/fuentesfidedignas.com.mx\/index.php\/wp-json\/wp\/v2\/tags?post=19060"}],"curies":[{"name":"wp","href":"https:\/\/api.w.org\/{rel}","templated":true}]}}