{"id":19018,"date":"2021-12-03T14:02:55","date_gmt":"2021-12-03T21:02:55","guid":{"rendered":"https:\/\/fuentesfidedignas.com.mx\/?p=19018"},"modified":"2021-12-03T14:03:16","modified_gmt":"2021-12-03T21:03:16","slug":"gerardo-vargas-es-nombrado-vicepresidente-internacional-de-alcaldes-de-latinoamerica","status":"publish","type":"post","link":"https:\/\/fuentesfidedignas.com.mx\/index.php\/2021\/12\/03\/gerardo-vargas-es-nombrado-vicepresidente-internacional-de-alcaldes-de-latinoamerica\/","title":{"rendered":"Gerardo Vargas es nombrado vicepresidente internacional de alcaldes de latinoam\u00e9rica"},"content":{"rendered":"\n<p><strong><em>El organismo internacional Instituto Mejores Gobernantes le entreg\u00f3 el nombramiento.<\/em><\/strong><\/p>\n\n\n\n<p>Ciudad de M\u00e9xico.- El Instituto Mejores Gobernantes nombr\u00f3 hoy a Gerardo Vargas Landeros, Vicepresidente Internacional de Alcaldes de Latinoam\u00e9rica, en el marco de la Cumbre Mundial de Municipalistas 2021.<\/p>\n\n\n\n<p>El Instituto Mejores Gobernantes, IMG, es un organismo internacional, aut\u00f3nomo no gubernamental nacido de la sociedad civil con car\u00e1cter apartidista y sin fines de lucro.<\/p>\n\n\n\n<p>El Instituto trabaja en mejorar las pr\u00e1cticas gubernamentales en Iberoam\u00e9rica. A trav\u00e9s de la evaluaci\u00f3n, reconocimiento y formaci\u00f3n de los funcionarios p\u00fablicos que destacan por su buena gesti\u00f3n.<\/p>\n\n\n\n<p>La Cumbre Mundial de Municipalistas 2021 se llev\u00f3 a cabo en el Senado de la Rep\u00fablica, la cual fue presidida por el Senador Jos\u00e9 Ram\u00f3n Enr\u00edquez Herrera; por el presidente del IMG, Dr. Galo Lim\u00f3n y el embajador de Paraguay en M\u00e9xico, Jos\u00e9 Rodrigo Men\u00e9ndez Guti\u00e9rrez, ah\u00ed, Gerardo Vargas Landeros recibi\u00f3 el nombramiento como Vicepresidente Internacional de Alcaldes de Latinoam\u00e9rica.<\/p>\n\n\n\n<p>Cabe destacar, que el presidente municipal de Ahome fue el \u00fanico alcalde de Sinaloa presente en esta reuni\u00f3n, a la cual asistieron 23 presidentes municipales de la Rep\u00fablica Mexicana y los alcaldess de los pa\u00edses de Ecuardor, Bolivia, Colombia y Uruguay.<\/p>\n\n\n\n<figure class=\"wp-block-gallery columns-3 is-cropped wp-block-gallery-1 is-layout-flex wp-block-gallery-is-layout-flex\"><ul class=\"blocks-gallery-grid\"><li class=\"blocks-gallery-item\"><figure><img decoding=\"async\" width=\"768\" height=\"1024\" src=\"https:\/\/fuentesfidedignas.com.mx\/wp-content\/uploads\/2021\/12\/WhatsApp-Image-2021-12-03-at-1.33.04-PM.jpeg\" alt=\"\" data-id=\"19021\" data-full-url=\"https:\/\/fuentesfidedignas.com.mx\/wp-content\/uploads\/2021\/12\/WhatsApp-Image-2021-12-03-at-1.33.04-PM.jpeg\" data-link=\"https:\/\/fuentesfidedignas.com.mx\/?attachment_id=19021\" class=\"wp-image-19021\" srcset=\"https:\/\/fuentesfidedignas.com.mx\/wp-content\/uploads\/2021\/12\/WhatsApp-Image-2021-12-03-at-1.33.04-PM.jpeg 768w, https:\/\/fuentesfidedignas.com.mx\/wp-content\/uploads\/2021\/12\/WhatsApp-Image-2021-12-03-at-1.33.04-PM-225x300.jpeg 225w, https:\/\/fuentesfidedignas.com.mx\/wp-content\/uploads\/2021\/12\/WhatsApp-Image-2021-12-03-at-1.33.04-PM-696x928.jpeg 696w, https:\/\/fuentesfidedignas.com.mx\/wp-content\/uploads\/2021\/12\/WhatsApp-Image-2021-12-03-at-1.33.04-PM-315x420.jpeg 315w\" sizes=\"(max-width: 768px) 100vw, 768px\" \/><\/figure><\/li><li class=\"blocks-gallery-item\"><figure><img decoding=\"async\" src=\"https:\/\/fuentesfidedignas.com.mx\/wp-content\/uploads\/2021\/12\/WhatsApp-Image-2021-12-03-at-1.37.49-PM.jpeg\" alt=\"\" data-id=\"19020\" data-full-url=\"https:\/\/fuentesfidedignas.com.mx\/wp-content\/uploads\/2021\/12\/WhatsApp-Image-2021-12-03-at-1.37.49-PM.jpeg\" data-link=\"https:\/\/fuentesfidedignas.com.mx\/?attachment_id=19020\" class=\"wp-image-19020\"\/><\/figure><\/li><li class=\"blocks-gallery-item\"><figure><img decoding=\"async\" src=\"https:\/\/fuentesfidedignas.com.mx\/wp-content\/uploads\/2021\/12\/WhatsApp-Image-2021-12-03-at-1.37.49-PM-1.jpeg\" alt=\"\" data-id=\"19019\" data-full-url=\"https:\/\/fuentesfidedignas.com.mx\/wp-content\/uploads\/2021\/12\/WhatsApp-Image-2021-12-03-at-1.37.49-PM-1.jpeg\" data-link=\"https:\/\/fuentesfidedignas.com.mx\/?attachment_id=19019\" class=\"wp-image-19019\"\/><\/figure><\/li><\/ul><\/figure>\n","protected":false},"excerpt":{"rendered":"<p>El organismo internacional Instituto Mejores Gobernantes le entreg\u00f3 el nombramiento. Ciudad de M\u00e9xico.- El Instituto Mejores Gobernantes nombr\u00f3 hoy a Gerardo Vargas Landeros, Vicepresidente Internacional de Alcaldes de Latinoam\u00e9rica, en el marco de la Cumbre Mundial de Municipalistas 2021. El Instituto Mejores Gobernantes, IMG, es un organismo internacional, aut\u00f3nomo no gubernamental nacido de la sociedad [&hellip;]<\/p>\n","protected":false},"author":4,"featured_media":19022,"comment_status":"open","ping_status":"open","sticky":false,"template":"","format":"standard","meta":{"tdm_status":"","tdm_grid_status":"","footnotes":""},"categories":[37],"tags":[1654],"class_list":{"0":"post-19018","1":"post","2":"type-post","3":"status-publish","4":"format-standard","5":"has-post-thumbnail","7":"category-nota-principal","8":"tag-gerardo-vargas-landeros"},"yoast_head":"<!-- This site is optimized with the Yoast SEO plugin v27.5 - https:\/\/yoast.com\/product\/yoast-seo-wordpress\/ -->\n<title>Gerardo Vargas es nombrado vicepresidente internacional de alcaldes de latinoam\u00e9rica - Fuentes Fidedignas<\/title>\n<meta name=\"robots\" content=\"index, follow, max-snippet:-1, max-image-preview:large, max-video-preview:-1\" \/>\n<link rel=\"canonical\" href=\"https:\/\/fuentesfidedignas.com.mx\/index.php\/2021\/12\/03\/gerardo-vargas-es-nombrado-vicepresidente-internacional-de-alcaldes-de-latinoamerica\/\" \/>\n<meta property=\"og:locale\" content=\"es_MX\" \/>\n<meta property=\"og:type\" content=\"article\" \/>\n<meta property=\"og:title\" content=\"Gerardo Vargas es nombrado vicepresidente internacional de alcaldes de latinoam\u00e9rica - Fuentes Fidedignas\" \/>\n<meta property=\"og:description\" content=\"El organismo internacional Instituto Mejores Gobernantes le entreg\u00f3 el nombramiento. Ciudad de M\u00e9xico.- El Instituto Mejores Gobernantes nombr\u00f3 hoy a Gerardo Vargas Landeros, Vicepresidente Internacional de Alcaldes de Latinoam\u00e9rica, en el marco de la Cumbre Mundial de Municipalistas 2021. El Instituto Mejores Gobernantes, IMG, es un organismo internacional, aut\u00f3nomo no gubernamental nacido de la sociedad [&hellip;]\" \/>\n<meta property=\"og:url\" content=\"https:\/\/fuentesfidedignas.com.mx\/index.php\/2021\/12\/03\/gerardo-vargas-es-nombrado-vicepresidente-internacional-de-alcaldes-de-latinoamerica\/\" \/>\n<meta property=\"og:site_name\" content=\"Fuentes Fidedignas\" \/>\n<meta property=\"article:publisher\" content=\"https:\/\/www.facebook.com\/Fuentes-Fidedignas-368234489921644\" \/>\n<meta property=\"article:published_time\" content=\"2021-12-03T21:02:55+00:00\" \/>\n<meta property=\"article:modified_time\" content=\"2021-12-03T21:03:16+00:00\" \/>\n<meta property=\"og:image\" content=\"https:\/\/fuentesfidedignas.com.mx\/wp-content\/uploads\/2021\/12\/WhatsApp-Image-2021-12-03-at-1.33.03-PM.jpeg\" \/>\n\t<meta property=\"og:image:width\" content=\"640\" \/>\n\t<meta property=\"og:image:height\" content=\"836\" \/>\n\t<meta property=\"og:image:type\" content=\"image\/jpeg\" \/>\n<meta name=\"author\" content=\"Redacci\u00f3n\" \/>\n<meta name=\"twitter:card\" content=\"summary_large_image\" \/>\n<meta name=\"twitter:creator\" content=\"@fidedignas\" \/>\n<meta name=\"twitter:site\" content=\"@fidedignas\" \/>\n<meta name=\"twitter:label1\" content=\"Escrito por\" \/>\n\t<meta name=\"twitter:data1\" content=\"Redacci\u00f3n\" \/>\n\t<meta name=\"twitter:label2\" content=\"Tiempo de lectura\" \/>\n\t<meta name=\"twitter:data2\" content=\"2 minutos\" \/>\n<script type=\"application\/ld+json\" class=\"yoast-schema-graph\">{\"@context\":\"https:\\\/\\\/schema.org\",\"@graph\":[{\"@type\":\"Article\",\"@id\":\"https:\\\/\\\/fuentesfidedignas.com.mx\\\/index.php\\\/2021\\\/12\\\/03\\\/gerardo-vargas-es-nombrado-vicepresidente-internacional-de-alcaldes-de-latinoamerica\\\/#article\",\"isPartOf\":{\"@id\":\"https:\\\/\\\/fuentesfidedignas.com.mx\\\/index.php\\\/2021\\\/12\\\/03\\\/gerardo-vargas-es-nombrado-vicepresidente-internacional-de-alcaldes-de-latinoamerica\\\/\"},\"author\":{\"name\":\"Redacci\u00f3n\",\"@id\":\"https:\\\/\\\/fuentesfidedignas.com.mx\\\/#\\\/schema\\\/person\\\/331be9283d37198e2acd5750279085b0\"},\"headline\":\"Gerardo Vargas es nombrado vicepresidente internacional de alcaldes de latinoam\u00e9rica\",\"datePublished\":\"2021-12-03T21:02:55+00:00\",\"dateModified\":\"2021-12-03T21:03:16+00:00\",\"mainEntityOfPage\":{\"@id\":\"https:\\\/\\\/fuentesfidedignas.com.mx\\\/index.php\\\/2021\\\/12\\\/03\\\/gerardo-vargas-es-nombrado-vicepresidente-internacional-de-alcaldes-de-latinoamerica\\\/\"},\"wordCount\":224,\"commentCount\":0,\"publisher\":{\"@id\":\"https:\\\/\\\/fuentesfidedignas.com.mx\\\/#organization\"},\"image\":{\"@id\":\"https:\\\/\\\/fuentesfidedignas.com.mx\\\/index.php\\\/2021\\\/12\\\/03\\\/gerardo-vargas-es-nombrado-vicepresidente-internacional-de-alcaldes-de-latinoamerica\\\/#primaryimage\"},\"thumbnailUrl\":\"https:\\\/\\\/fuentesfidedignas.com.mx\\\/wp-content\\\/uploads\\\/2021\\\/12\\\/WhatsApp-Image-2021-12-03-at-1.33.03-PM.jpeg\",\"keywords\":[\"Gerardo Vargas Landeros\"],\"articleSection\":[\"NOTA PRINCIPAL\"],\"inLanguage\":\"es\",\"potentialAction\":[{\"@type\":\"CommentAction\",\"name\":\"Comment\",\"target\":[\"https:\\\/\\\/fuentesfidedignas.com.mx\\\/index.php\\\/2021\\\/12\\\/03\\\/gerardo-vargas-es-nombrado-vicepresidente-internacional-de-alcaldes-de-latinoamerica\\\/#respond\"]}]},{\"@type\":\"WebPage\",\"@id\":\"https:\\\/\\\/fuentesfidedignas.com.mx\\\/index.php\\\/2021\\\/12\\\/03\\\/gerardo-vargas-es-nombrado-vicepresidente-internacional-de-alcaldes-de-latinoamerica\\\/\",\"url\":\"https:\\\/\\\/fuentesfidedignas.com.mx\\\/index.php\\\/2021\\\/12\\\/03\\\/gerardo-vargas-es-nombrado-vicepresidente-internacional-de-alcaldes-de-latinoamerica\\\/\",\"name\":\"Gerardo Vargas es nombrado vicepresidente internacional de alcaldes de latinoam\u00e9rica - Fuentes Fidedignas\",\"isPartOf\":{\"@id\":\"https:\\\/\\\/fuentesfidedignas.com.mx\\\/#website\"},\"primaryImageOfPage\":{\"@id\":\"https:\\\/\\\/fuentesfidedignas.com.mx\\\/index.php\\\/2021\\\/12\\\/03\\\/gerardo-vargas-es-nombrado-vicepresidente-internacional-de-alcaldes-de-latinoamerica\\\/#primaryimage\"},\"image\":{\"@id\":\"https:\\\/\\\/fuentesfidedignas.com.mx\\\/index.php\\\/2021\\\/12\\\/03\\\/gerardo-vargas-es-nombrado-vicepresidente-internacional-de-alcaldes-de-latinoamerica\\\/#primaryimage\"},\"thumbnailUrl\":\"https:\\\/\\\/fuentesfidedignas.com.mx\\\/wp-content\\\/uploads\\\/2021\\\/12\\\/WhatsApp-Image-2021-12-03-at-1.33.03-PM.jpeg\",\"datePublished\":\"2021-12-03T21:02:55+00:00\",\"dateModified\":\"2021-12-03T21:03:16+00:00\",\"breadcrumb\":{\"@id\":\"https:\\\/\\\/fuentesfidedignas.com.mx\\\/index.php\\\/2021\\\/12\\\/03\\\/gerardo-vargas-es-nombrado-vicepresidente-internacional-de-alcaldes-de-latinoamerica\\\/#breadcrumb\"},\"inLanguage\":\"es\",\"potentialAction\":[{\"@type\":\"ReadAction\",\"target\":[\"https:\\\/\\\/fuentesfidedignas.com.mx\\\/index.php\\\/2021\\\/12\\\/03\\\/gerardo-vargas-es-nombrado-vicepresidente-internacional-de-alcaldes-de-latinoamerica\\\/\"]}]},{\"@type\":\"ImageObject\",\"inLanguage\":\"es\",\"@id\":\"https:\\\/\\\/fuentesfidedignas.com.mx\\\/index.php\\\/2021\\\/12\\\/03\\\/gerardo-vargas-es-nombrado-vicepresidente-internacional-de-alcaldes-de-latinoamerica\\\/#primaryimage\",\"url\":\"https:\\\/\\\/fuentesfidedignas.com.mx\\\/wp-content\\\/uploads\\\/2021\\\/12\\\/WhatsApp-Image-2021-12-03-at-1.33.03-PM.jpeg\",\"contentUrl\":\"https:\\\/\\\/fuentesfidedignas.com.mx\\\/wp-content\\\/uploads\\\/2021\\\/12\\\/WhatsApp-Image-2021-12-03-at-1.33.03-PM.jpeg\",\"width\":640,\"height\":836},{\"@type\":\"BreadcrumbList\",\"@id\":\"https:\\\/\\\/fuentesfidedignas.com.mx\\\/index.php\\\/2021\\\/12\\\/03\\\/gerardo-vargas-es-nombrado-vicepresidente-internacional-de-alcaldes-de-latinoamerica\\\/#breadcrumb\",\"itemListElement\":[{\"@type\":\"ListItem\",\"position\":1,\"name\":\"Inicio\",\"item\":\"https:\\\/\\\/fuentesfidedignas.com.mx\\\/\"},{\"@type\":\"ListItem\",\"position\":2,\"name\":\"Gerardo Vargas es nombrado vicepresidente internacional de alcaldes de latinoam\u00e9rica\"}]},{\"@type\":\"WebSite\",\"@id\":\"https:\\\/\\\/fuentesfidedignas.com.mx\\\/#website\",\"url\":\"https:\\\/\\\/fuentesfidedignas.com.mx\\\/\",\"name\":\"Fuentes Fidedignas\",\"description\":\"Otro sitio realizado con WordPress\",\"publisher\":{\"@id\":\"https:\\\/\\\/fuentesfidedignas.com.mx\\\/#organization\"},\"potentialAction\":[{\"@type\":\"SearchAction\",\"target\":{\"@type\":\"EntryPoint\",\"urlTemplate\":\"https:\\\/\\\/fuentesfidedignas.com.mx\\\/?s={search_term_string}\"},\"query-input\":{\"@type\":\"PropertyValueSpecification\",\"valueRequired\":true,\"valueName\":\"search_term_string\"}}],\"inLanguage\":\"es\"},{\"@type\":\"Organization\",\"@id\":\"https:\\\/\\\/fuentesfidedignas.com.mx\\\/#organization\",\"name\":\"Fuentes Fidedignas\",\"url\":\"https:\\\/\\\/fuentesfidedignas.com.mx\\\/\",\"logo\":{\"@type\":\"ImageObject\",\"inLanguage\":\"es\",\"@id\":\"https:\\\/\\\/fuentesfidedignas.com.mx\\\/#\\\/schema\\\/logo\\\/image\\\/\",\"url\":\"https:\\\/\\\/fuentesfidedignas.com.mx\\\/wp-content\\\/uploads\\\/2021\\\/04\\\/logo-retina.png\",\"contentUrl\":\"https:\\\/\\\/fuentesfidedignas.com.mx\\\/wp-content\\\/uploads\\\/2021\\\/04\\\/logo-retina.png\",\"width\":280,\"height\":51,\"caption\":\"Fuentes Fidedignas\"},\"image\":{\"@id\":\"https:\\\/\\\/fuentesfidedignas.com.mx\\\/#\\\/schema\\\/logo\\\/image\\\/\"},\"sameAs\":[\"https:\\\/\\\/www.facebook.com\\\/Fuentes-Fidedignas-368234489921644\",\"https:\\\/\\\/x.com\\\/fidedignas\"]},{\"@type\":\"Person\",\"@id\":\"https:\\\/\\\/fuentesfidedignas.com.mx\\\/#\\\/schema\\\/person\\\/331be9283d37198e2acd5750279085b0\",\"name\":\"Redacci\u00f3n\",\"image\":{\"@type\":\"ImageObject\",\"inLanguage\":\"es\",\"@id\":\"https:\\\/\\\/secure.gravatar.com\\\/avatar\\\/f6d8782c11d12b2d4ad3fbb6931aeab5309937a4d6cd2fc9cfaa28a6396a5aec?s=96&d=mm&r=g\",\"url\":\"https:\\\/\\\/secure.gravatar.com\\\/avatar\\\/f6d8782c11d12b2d4ad3fbb6931aeab5309937a4d6cd2fc9cfaa28a6396a5aec?s=96&d=mm&r=g\",\"contentUrl\":\"https:\\\/\\\/secure.gravatar.com\\\/avatar\\\/f6d8782c11d12b2d4ad3fbb6931aeab5309937a4d6cd2fc9cfaa28a6396a5aec?s=96&d=mm&r=g\",\"caption\":\"Redacci\u00f3n\"},\"url\":\"https:\\\/\\\/fuentesfidedignas.com.mx\\\/index.php\\\/author\\\/redaccion\\\/\"}]}<\/script>\n<!-- \/ Yoast SEO plugin. -->","yoast_head_json":{"title":"Gerardo Vargas es nombrado vicepresidente internacional de alcaldes de latinoam\u00e9rica - Fuentes Fidedignas","robots":{"index":"index","follow":"follow","max-snippet":"max-snippet:-1","max-image-preview":"max-image-preview:large","max-video-preview":"max-video-preview:-1"},"canonical":"https:\/\/fuentesfidedignas.com.mx\/index.php\/2021\/12\/03\/gerardo-vargas-es-nombrado-vicepresidente-internacional-de-alcaldes-de-latinoamerica\/","og_locale":"es_MX","og_type":"article","og_title":"Gerardo Vargas es nombrado vicepresidente internacional de alcaldes de latinoam\u00e9rica - Fuentes Fidedignas","og_description":"El organismo internacional Instituto Mejores Gobernantes le entreg\u00f3 el nombramiento. Ciudad de M\u00e9xico.- El Instituto Mejores Gobernantes nombr\u00f3 hoy a Gerardo Vargas Landeros, Vicepresidente Internacional de Alcaldes de Latinoam\u00e9rica, en el marco de la Cumbre Mundial de Municipalistas 2021. El Instituto Mejores Gobernantes, IMG, es un organismo internacional, aut\u00f3nomo no gubernamental nacido de la sociedad [&hellip;]","og_url":"https:\/\/fuentesfidedignas.com.mx\/index.php\/2021\/12\/03\/gerardo-vargas-es-nombrado-vicepresidente-internacional-de-alcaldes-de-latinoamerica\/","og_site_name":"Fuentes Fidedignas","article_publisher":"https:\/\/www.facebook.com\/Fuentes-Fidedignas-368234489921644","article_published_time":"2021-12-03T21:02:55+00:00","article_modified_time":"2021-12-03T21:03:16+00:00","og_image":[{"width":640,"height":836,"url":"https:\/\/fuentesfidedignas.com.mx\/wp-content\/uploads\/2021\/12\/WhatsApp-Image-2021-12-03-at-1.33.03-PM.jpeg","type":"image\/jpeg"}],"author":"Redacci\u00f3n","twitter_card":"summary_large_image","twitter_creator":"@fidedignas","twitter_site":"@fidedignas","twitter_misc":{"Escrito por":"Redacci\u00f3n","Tiempo de lectura":"2 minutos"},"schema":{"@context":"https:\/\/schema.org","@graph":[{"@type":"Article","@id":"https:\/\/fuentesfidedignas.com.mx\/index.php\/2021\/12\/03\/gerardo-vargas-es-nombrado-vicepresidente-internacional-de-alcaldes-de-latinoamerica\/#article","isPartOf":{"@id":"https:\/\/fuentesfidedignas.com.mx\/index.php\/2021\/12\/03\/gerardo-vargas-es-nombrado-vicepresidente-internacional-de-alcaldes-de-latinoamerica\/"},"author":{"name":"Redacci\u00f3n","@id":"https:\/\/fuentesfidedignas.com.mx\/#\/schema\/person\/331be9283d37198e2acd5750279085b0"},"headline":"Gerardo Vargas es nombrado vicepresidente internacional de alcaldes de latinoam\u00e9rica","datePublished":"2021-12-03T21:02:55+00:00","dateModified":"2021-12-03T21:03:16+00:00","mainEntityOfPage":{"@id":"https:\/\/fuentesfidedignas.com.mx\/index.php\/2021\/12\/03\/gerardo-vargas-es-nombrado-vicepresidente-internacional-de-alcaldes-de-latinoamerica\/"},"wordCount":224,"commentCount":0,"publisher":{"@id":"https:\/\/fuentesfidedignas.com.mx\/#organization"},"image":{"@id":"https:\/\/fuentesfidedignas.com.mx\/index.php\/2021\/12\/03\/gerardo-vargas-es-nombrado-vicepresidente-internacional-de-alcaldes-de-latinoamerica\/#primaryimage"},"thumbnailUrl":"https:\/\/fuentesfidedignas.com.mx\/wp-content\/uploads\/2021\/12\/WhatsApp-Image-2021-12-03-at-1.33.03-PM.jpeg","keywords":["Gerardo Vargas Landeros"],"articleSection":["NOTA PRINCIPAL"],"inLanguage":"es","potentialAction":[{"@type":"CommentAction","name":"Comment","target":["https:\/\/fuentesfidedignas.com.mx\/index.php\/2021\/12\/03\/gerardo-vargas-es-nombrado-vicepresidente-internacional-de-alcaldes-de-latinoamerica\/#respond"]}]},{"@type":"WebPage","@id":"https:\/\/fuentesfidedignas.com.mx\/index.php\/2021\/12\/03\/gerardo-vargas-es-nombrado-vicepresidente-internacional-de-alcaldes-de-latinoamerica\/","url":"https:\/\/fuentesfidedignas.com.mx\/index.php\/2021\/12\/03\/gerardo-vargas-es-nombrado-vicepresidente-internacional-de-alcaldes-de-latinoamerica\/","name":"Gerardo Vargas es nombrado vicepresidente internacional de alcaldes de latinoam\u00e9rica - Fuentes Fidedignas","isPartOf":{"@id":"https:\/\/fuentesfidedignas.com.mx\/#website"},"primaryImageOfPage":{"@id":"https:\/\/fuentesfidedignas.com.mx\/index.php\/2021\/12\/03\/gerardo-vargas-es-nombrado-vicepresidente-internacional-de-alcaldes-de-latinoamerica\/#primaryimage"},"image":{"@id":"https:\/\/fuentesfidedignas.com.mx\/index.php\/2021\/12\/03\/gerardo-vargas-es-nombrado-vicepresidente-internacional-de-alcaldes-de-latinoamerica\/#primaryimage"},"thumbnailUrl":"https:\/\/fuentesfidedignas.com.mx\/wp-content\/uploads\/2021\/12\/WhatsApp-Image-2021-12-03-at-1.33.03-PM.jpeg","datePublished":"2021-12-03T21:02:55+00:00","dateModified":"2021-12-03T21:03:16+00:00","breadcrumb":{"@id":"https:\/\/fuentesfidedignas.com.mx\/index.php\/2021\/12\/03\/gerardo-vargas-es-nombrado-vicepresidente-internacional-de-alcaldes-de-latinoamerica\/#breadcrumb"},"inLanguage":"es","potentialAction":[{"@type":"ReadAction","target":["https:\/\/fuentesfidedignas.com.mx\/index.php\/2021\/12\/03\/gerardo-vargas-es-nombrado-vicepresidente-internacional-de-alcaldes-de-latinoamerica\/"]}]},{"@type":"ImageObject","inLanguage":"es","@id":"https:\/\/fuentesfidedignas.com.mx\/index.php\/2021\/12\/03\/gerardo-vargas-es-nombrado-vicepresidente-internacional-de-alcaldes-de-latinoamerica\/#primaryimage","url":"https:\/\/fuentesfidedignas.com.mx\/wp-content\/uploads\/2021\/12\/WhatsApp-Image-2021-12-03-at-1.33.03-PM.jpeg","contentUrl":"https:\/\/fuentesfidedignas.com.mx\/wp-content\/uploads\/2021\/12\/WhatsApp-Image-2021-12-03-at-1.33.03-PM.jpeg","width":640,"height":836},{"@type":"BreadcrumbList","@id":"https:\/\/fuentesfidedignas.com.mx\/index.php\/2021\/12\/03\/gerardo-vargas-es-nombrado-vicepresidente-internacional-de-alcaldes-de-latinoamerica\/#breadcrumb","itemListElement":[{"@type":"ListItem","position":1,"name":"Inicio","item":"https:\/\/fuentesfidedignas.com.mx\/"},{"@type":"ListItem","position":2,"name":"Gerardo Vargas es nombrado vicepresidente internacional de alcaldes de latinoam\u00e9rica"}]},{"@type":"WebSite","@id":"https:\/\/fuentesfidedignas.com.mx\/#website","url":"https:\/\/fuentesfidedignas.com.mx\/","name":"Fuentes Fidedignas","description":"Otro sitio realizado con WordPress","publisher":{"@id":"https:\/\/fuentesfidedignas.com.mx\/#organization"},"potentialAction":[{"@type":"SearchAction","target":{"@type":"EntryPoint","urlTemplate":"https:\/\/fuentesfidedignas.com.mx\/?s={search_term_string}"},"query-input":{"@type":"PropertyValueSpecification","valueRequired":true,"valueName":"search_term_string"}}],"inLanguage":"es"},{"@type":"Organization","@id":"https:\/\/fuentesfidedignas.com.mx\/#organization","name":"Fuentes Fidedignas","url":"https:\/\/fuentesfidedignas.com.mx\/","logo":{"@type":"ImageObject","inLanguage":"es","@id":"https:\/\/fuentesfidedignas.com.mx\/#\/schema\/logo\/image\/","url":"https:\/\/fuentesfidedignas.com.mx\/wp-content\/uploads\/2021\/04\/logo-retina.png","contentUrl":"https:\/\/fuentesfidedignas.com.mx\/wp-content\/uploads\/2021\/04\/logo-retina.png","width":280,"height":51,"caption":"Fuentes Fidedignas"},"image":{"@id":"https:\/\/fuentesfidedignas.com.mx\/#\/schema\/logo\/image\/"},"sameAs":["https:\/\/www.facebook.com\/Fuentes-Fidedignas-368234489921644","https:\/\/x.com\/fidedignas"]},{"@type":"Person","@id":"https:\/\/fuentesfidedignas.com.mx\/#\/schema\/person\/331be9283d37198e2acd5750279085b0","name":"Redacci\u00f3n","image":{"@type":"ImageObject","inLanguage":"es","@id":"https:\/\/secure.gravatar.com\/avatar\/f6d8782c11d12b2d4ad3fbb6931aeab5309937a4d6cd2fc9cfaa28a6396a5aec?s=96&d=mm&r=g","url":"https:\/\/secure.gravatar.com\/avatar\/f6d8782c11d12b2d4ad3fbb6931aeab5309937a4d6cd2fc9cfaa28a6396a5aec?s=96&d=mm&r=g","contentUrl":"https:\/\/secure.gravatar.com\/avatar\/f6d8782c11d12b2d4ad3fbb6931aeab5309937a4d6cd2fc9cfaa28a6396a5aec?s=96&d=mm&r=g","caption":"Redacci\u00f3n"},"url":"https:\/\/fuentesfidedignas.com.mx\/index.php\/author\/redaccion\/"}]}},"_links":{"self":[{"href":"https:\/\/fuentesfidedignas.com.mx\/index.php\/wp-json\/wp\/v2\/posts\/19018","targetHints":{"allow":["GET"]}}],"collection":[{"href":"https:\/\/fuentesfidedignas.com.mx\/index.php\/wp-json\/wp\/v2\/posts"}],"about":[{"href":"https:\/\/fuentesfidedignas.com.mx\/index.php\/wp-json\/wp\/v2\/types\/post"}],"author":[{"embeddable":true,"href":"https:\/\/fuentesfidedignas.com.mx\/index.php\/wp-json\/wp\/v2\/users\/4"}],"replies":[{"embeddable":true,"href":"https:\/\/fuentesfidedignas.com.mx\/index.php\/wp-json\/wp\/v2\/comments?post=19018"}],"version-history":[{"count":1,"href":"https:\/\/fuentesfidedignas.com.mx\/index.php\/wp-json\/wp\/v2\/posts\/19018\/revisions"}],"predecessor-version":[{"id":19023,"href":"https:\/\/fuentesfidedignas.com.mx\/index.php\/wp-json\/wp\/v2\/posts\/19018\/revisions\/19023"}],"wp:featuredmedia":[{"embeddable":true,"href":"https:\/\/fuentesfidedignas.com.mx\/index.php\/wp-json\/wp\/v2\/media\/19022"}],"wp:attachment":[{"href":"https:\/\/fuentesfidedignas.com.mx\/index.php\/wp-json\/wp\/v2\/media?parent=19018"}],"wp:term":[{"taxonomy":"category","embeddable":true,"href":"https:\/\/fuentesfidedignas.com.mx\/index.php\/wp-json\/wp\/v2\/categories?post=19018"},{"taxonomy":"post_tag","embeddable":true,"href":"https:\/\/fuentesfidedignas.com.mx\/index.php\/wp-json\/wp\/v2\/tags?post=19018"}],"curies":[{"name":"wp","href":"https:\/\/api.w.org\/{rel}","templated":true}]}}