{"id":19002,"date":"2021-12-03T12:37:50","date_gmt":"2021-12-03T19:37:50","guid":{"rendered":"https:\/\/fuentesfidedignas.com.mx\/?p=19002"},"modified":"2021-12-03T12:37:52","modified_gmt":"2021-12-03T19:37:52","slug":"sinaloa-tendra-presupuesto-2022-este-16-de-diciembre-feliciano-castro","status":"publish","type":"post","link":"https:\/\/fuentesfidedignas.com.mx\/index.php\/2021\/12\/03\/sinaloa-tendra-presupuesto-2022-este-16-de-diciembre-feliciano-castro\/","title":{"rendered":"Sinaloa tendr\u00e1 presupuesto 2022 este 16 de diciembre: Feliciano Castro"},"content":{"rendered":"\n<p><strong><em>Adelant\u00f3 que la esencia de fondo de la propuesta de presupuesto es una manera de pensar la pol\u00edtica desde una perspectiva humanista en busca de ser efectivos en el combate a la pobreza<\/em><\/strong><\/p>\n\n\n\n<p>El pr\u00f3ximo 16 de diciembre el Congreso del Estado de Sinaloa aprobar\u00e1 la iniciativa de Ley de Ingresos y Presupuesto de Egresos para el ejercicio fiscal 2022 del Gobierno de Sinaloa, el cual se distingue por tener un sentido social para atender las inquietudes de la poblaci\u00f3n sinaloense, asegur\u00f3 Feliciano Castro Mel\u00e9ndrez.<\/p>\n\n\n\n<p>El presidente de la Junta de Coordinaci\u00f3n Pol\u00edtica, adelant\u00f3 que la esencia de fondo de la propuesta de presupuesto es una manera de pensar la pol\u00edtica desde una perspectiva humanista en busca de ser efectivos en el combate a la pobreza.<\/p>\n\n\n\n<p>\u201cEs un presupuesto con car\u00e1cter social. Est\u00e1 pensado, est\u00e1 concebido para atender las necesidades de diversos sectores de la poblaci\u00f3n. Es un presupuesto que, pensado en la transformaci\u00f3n de fondo en Sinaloa, se orientan recursos para propiciar el desarrollo econ\u00f3mico que genere empleos bien pagados. Es un presupuesto con orientaci\u00f3n social. El plan es: el d\u00eda 16 de diciembre aprobar el presupuesto. Vamos a Sesionar de manera extraordinaria. Tenemos previsto dos Sesiones Extraordinarias\u201d.<\/p>\n\n\n\n<p>Castro Mel\u00e9ndrez resalt\u00f3 que por primera vez en la historia el Ejecutivo Estatal ha propuesto destinar 168 millones de pesos para atender a las personas con discapacidad, enfoque en el que tambi\u00e9n participar\u00e1 el Gobierno Federal con la aportaci\u00f3n de otros 168 millones, lo que hace una suma total de 236 millones a ejercer el pr\u00f3ximo a\u00f1o en beneficios para este grupo vulnerable.<\/p>\n\n\n\n<p>En cuanto a este tema, resalt\u00f3 que antes solo se apoyaba a las personas hasta los 29 a\u00f1os de edad y ahora esa limitante se ha eliminado porque la caracter\u00edstica principal de la propuesta es ser incluyente y no marginal.<br>El presidente de la JUCOPO indic\u00f3 que el presupuesto planeado tambi\u00e9n contempla recursos para apoyar a las familias de desplazados por la violencia de las distintas comunidades de la sierra sinaloense, asimismo se destinar\u00e1n recursos para los ganaderos, los agricultores y la gente dedicada a la pesca.<\/p>\n\n\n\n<p>El diputado morenista a\u00f1adi\u00f3 que es un hecho la aprobaci\u00f3n del presupuesto este 16 de diciembre porque al interior del Congreso local existe un ambiente de armon\u00eda entre las y los diputados de las diferentes fuerzas pol\u00edticas, quienes demuestran una total disposici\u00f3n para dialogar con el objetivo de llegar a los acuerdos que le interesan y benefician a la sociedad<br>Adelant\u00f3 que el pr\u00f3ximo lunes las y los integrantes de la Junta de Coordinaci\u00f3n Pol\u00edtica sostendr\u00e1n una reuni\u00f3n previa para analizar el asunto con la finalidad de detallar el documento y llegar al 16 de diciembre con los acuerdos adecuados para la aprobaci\u00f3n correspondiente.<\/p>\n\n\n\n<p>Castro Mel\u00e9ndrez mencion\u00f3 que actualmente en el Congreso de Sinaloa se discute el tema de las tablas catastrales, soporte para el cobro del impuesto predial de los ayuntamientos, asunto que contemplan aprobar entre el 9 y 10 de diciembre. En lo referente a las leyes de Ingresos de cada uno de los 18 municipios est\u00e1 programada su aprobaci\u00f3n para el 14 y 15 de diciembre.<\/p>\n","protected":false},"excerpt":{"rendered":"<p>Adelant\u00f3 que la esencia de fondo de la propuesta de presupuesto es una manera de pensar la pol\u00edtica desde una perspectiva humanista en busca de ser efectivos en el combate a la pobreza El pr\u00f3ximo 16 de diciembre el Congreso del Estado de Sinaloa aprobar\u00e1 la iniciativa de Ley de Ingresos y Presupuesto de Egresos [&hellip;]<\/p>\n","protected":false},"author":4,"featured_media":19003,"comment_status":"open","ping_status":"open","sticky":false,"template":"","format":"standard","meta":{"tdm_status":"","tdm_grid_status":"","footnotes":""},"categories":[37],"tags":[],"class_list":{"0":"post-19002","1":"post","2":"type-post","3":"status-publish","4":"format-standard","5":"has-post-thumbnail","7":"category-nota-principal"},"yoast_head":"<!-- This site is optimized with the Yoast SEO plugin v27.5 - https:\/\/yoast.com\/product\/yoast-seo-wordpress\/ -->\n<title>Sinaloa tendr\u00e1 presupuesto 2022 este 16 de diciembre: Feliciano Castro - Fuentes Fidedignas<\/title>\n<meta name=\"robots\" content=\"index, follow, max-snippet:-1, max-image-preview:large, max-video-preview:-1\" \/>\n<link rel=\"canonical\" href=\"https:\/\/fuentesfidedignas.com.mx\/index.php\/2021\/12\/03\/sinaloa-tendra-presupuesto-2022-este-16-de-diciembre-feliciano-castro\/\" \/>\n<meta property=\"og:locale\" content=\"es_MX\" \/>\n<meta property=\"og:type\" content=\"article\" \/>\n<meta property=\"og:title\" content=\"Sinaloa tendr\u00e1 presupuesto 2022 este 16 de diciembre: Feliciano Castro - Fuentes Fidedignas\" \/>\n<meta property=\"og:description\" content=\"Adelant\u00f3 que la esencia de fondo de la propuesta de presupuesto es una manera de pensar la pol\u00edtica desde una perspectiva humanista en busca de ser efectivos en el combate a la pobreza El pr\u00f3ximo 16 de diciembre el Congreso del Estado de Sinaloa aprobar\u00e1 la iniciativa de Ley de Ingresos y Presupuesto de Egresos [&hellip;]\" \/>\n<meta property=\"og:url\" content=\"https:\/\/fuentesfidedignas.com.mx\/index.php\/2021\/12\/03\/sinaloa-tendra-presupuesto-2022-este-16-de-diciembre-feliciano-castro\/\" \/>\n<meta property=\"og:site_name\" content=\"Fuentes Fidedignas\" \/>\n<meta property=\"article:publisher\" content=\"https:\/\/www.facebook.com\/Fuentes-Fidedignas-368234489921644\" \/>\n<meta property=\"article:published_time\" content=\"2021-12-03T19:37:50+00:00\" \/>\n<meta property=\"article:modified_time\" content=\"2021-12-03T19:37:52+00:00\" \/>\n<meta property=\"og:image\" content=\"https:\/\/fuentesfidedignas.com.mx\/wp-content\/uploads\/2021\/12\/IMG-20211203-WA0011.jpg\" \/>\n\t<meta property=\"og:image:width\" content=\"1280\" \/>\n\t<meta property=\"og:image:height\" content=\"855\" \/>\n\t<meta property=\"og:image:type\" content=\"image\/jpeg\" \/>\n<meta name=\"author\" content=\"Redacci\u00f3n\" \/>\n<meta name=\"twitter:card\" content=\"summary_large_image\" \/>\n<meta name=\"twitter:creator\" content=\"@fidedignas\" \/>\n<meta name=\"twitter:site\" content=\"@fidedignas\" \/>\n<meta name=\"twitter:label1\" content=\"Escrito por\" \/>\n\t<meta name=\"twitter:data1\" content=\"Redacci\u00f3n\" \/>\n\t<meta name=\"twitter:label2\" content=\"Tiempo de lectura\" \/>\n\t<meta name=\"twitter:data2\" content=\"3 minutos\" \/>\n<script type=\"application\/ld+json\" class=\"yoast-schema-graph\">{\"@context\":\"https:\\\/\\\/schema.org\",\"@graph\":[{\"@type\":\"Article\",\"@id\":\"https:\\\/\\\/fuentesfidedignas.com.mx\\\/index.php\\\/2021\\\/12\\\/03\\\/sinaloa-tendra-presupuesto-2022-este-16-de-diciembre-feliciano-castro\\\/#article\",\"isPartOf\":{\"@id\":\"https:\\\/\\\/fuentesfidedignas.com.mx\\\/index.php\\\/2021\\\/12\\\/03\\\/sinaloa-tendra-presupuesto-2022-este-16-de-diciembre-feliciano-castro\\\/\"},\"author\":{\"name\":\"Redacci\u00f3n\",\"@id\":\"https:\\\/\\\/fuentesfidedignas.com.mx\\\/#\\\/schema\\\/person\\\/331be9283d37198e2acd5750279085b0\"},\"headline\":\"Sinaloa tendr\u00e1 presupuesto 2022 este 16 de diciembre: Feliciano Castro\",\"datePublished\":\"2021-12-03T19:37:50+00:00\",\"dateModified\":\"2021-12-03T19:37:52+00:00\",\"mainEntityOfPage\":{\"@id\":\"https:\\\/\\\/fuentesfidedignas.com.mx\\\/index.php\\\/2021\\\/12\\\/03\\\/sinaloa-tendra-presupuesto-2022-este-16-de-diciembre-feliciano-castro\\\/\"},\"wordCount\":546,\"commentCount\":0,\"publisher\":{\"@id\":\"https:\\\/\\\/fuentesfidedignas.com.mx\\\/#organization\"},\"image\":{\"@id\":\"https:\\\/\\\/fuentesfidedignas.com.mx\\\/index.php\\\/2021\\\/12\\\/03\\\/sinaloa-tendra-presupuesto-2022-este-16-de-diciembre-feliciano-castro\\\/#primaryimage\"},\"thumbnailUrl\":\"https:\\\/\\\/fuentesfidedignas.com.mx\\\/wp-content\\\/uploads\\\/2021\\\/12\\\/IMG-20211203-WA0011.jpg\",\"articleSection\":[\"NOTA PRINCIPAL\"],\"inLanguage\":\"es\",\"potentialAction\":[{\"@type\":\"CommentAction\",\"name\":\"Comment\",\"target\":[\"https:\\\/\\\/fuentesfidedignas.com.mx\\\/index.php\\\/2021\\\/12\\\/03\\\/sinaloa-tendra-presupuesto-2022-este-16-de-diciembre-feliciano-castro\\\/#respond\"]}]},{\"@type\":\"WebPage\",\"@id\":\"https:\\\/\\\/fuentesfidedignas.com.mx\\\/index.php\\\/2021\\\/12\\\/03\\\/sinaloa-tendra-presupuesto-2022-este-16-de-diciembre-feliciano-castro\\\/\",\"url\":\"https:\\\/\\\/fuentesfidedignas.com.mx\\\/index.php\\\/2021\\\/12\\\/03\\\/sinaloa-tendra-presupuesto-2022-este-16-de-diciembre-feliciano-castro\\\/\",\"name\":\"Sinaloa tendr\u00e1 presupuesto 2022 este 16 de diciembre: Feliciano Castro - Fuentes Fidedignas\",\"isPartOf\":{\"@id\":\"https:\\\/\\\/fuentesfidedignas.com.mx\\\/#website\"},\"primaryImageOfPage\":{\"@id\":\"https:\\\/\\\/fuentesfidedignas.com.mx\\\/index.php\\\/2021\\\/12\\\/03\\\/sinaloa-tendra-presupuesto-2022-este-16-de-diciembre-feliciano-castro\\\/#primaryimage\"},\"image\":{\"@id\":\"https:\\\/\\\/fuentesfidedignas.com.mx\\\/index.php\\\/2021\\\/12\\\/03\\\/sinaloa-tendra-presupuesto-2022-este-16-de-diciembre-feliciano-castro\\\/#primaryimage\"},\"thumbnailUrl\":\"https:\\\/\\\/fuentesfidedignas.com.mx\\\/wp-content\\\/uploads\\\/2021\\\/12\\\/IMG-20211203-WA0011.jpg\",\"datePublished\":\"2021-12-03T19:37:50+00:00\",\"dateModified\":\"2021-12-03T19:37:52+00:00\",\"breadcrumb\":{\"@id\":\"https:\\\/\\\/fuentesfidedignas.com.mx\\\/index.php\\\/2021\\\/12\\\/03\\\/sinaloa-tendra-presupuesto-2022-este-16-de-diciembre-feliciano-castro\\\/#breadcrumb\"},\"inLanguage\":\"es\",\"potentialAction\":[{\"@type\":\"ReadAction\",\"target\":[\"https:\\\/\\\/fuentesfidedignas.com.mx\\\/index.php\\\/2021\\\/12\\\/03\\\/sinaloa-tendra-presupuesto-2022-este-16-de-diciembre-feliciano-castro\\\/\"]}]},{\"@type\":\"ImageObject\",\"inLanguage\":\"es\",\"@id\":\"https:\\\/\\\/fuentesfidedignas.com.mx\\\/index.php\\\/2021\\\/12\\\/03\\\/sinaloa-tendra-presupuesto-2022-este-16-de-diciembre-feliciano-castro\\\/#primaryimage\",\"url\":\"https:\\\/\\\/fuentesfidedignas.com.mx\\\/wp-content\\\/uploads\\\/2021\\\/12\\\/IMG-20211203-WA0011.jpg\",\"contentUrl\":\"https:\\\/\\\/fuentesfidedignas.com.mx\\\/wp-content\\\/uploads\\\/2021\\\/12\\\/IMG-20211203-WA0011.jpg\",\"width\":1280,\"height\":855},{\"@type\":\"BreadcrumbList\",\"@id\":\"https:\\\/\\\/fuentesfidedignas.com.mx\\\/index.php\\\/2021\\\/12\\\/03\\\/sinaloa-tendra-presupuesto-2022-este-16-de-diciembre-feliciano-castro\\\/#breadcrumb\",\"itemListElement\":[{\"@type\":\"ListItem\",\"position\":1,\"name\":\"Inicio\",\"item\":\"https:\\\/\\\/fuentesfidedignas.com.mx\\\/\"},{\"@type\":\"ListItem\",\"position\":2,\"name\":\"Sinaloa tendr\u00e1 presupuesto 2022 este 16 de diciembre: Feliciano Castro\"}]},{\"@type\":\"WebSite\",\"@id\":\"https:\\\/\\\/fuentesfidedignas.com.mx\\\/#website\",\"url\":\"https:\\\/\\\/fuentesfidedignas.com.mx\\\/\",\"name\":\"Fuentes Fidedignas\",\"description\":\"Otro sitio realizado con WordPress\",\"publisher\":{\"@id\":\"https:\\\/\\\/fuentesfidedignas.com.mx\\\/#organization\"},\"potentialAction\":[{\"@type\":\"SearchAction\",\"target\":{\"@type\":\"EntryPoint\",\"urlTemplate\":\"https:\\\/\\\/fuentesfidedignas.com.mx\\\/?s={search_term_string}\"},\"query-input\":{\"@type\":\"PropertyValueSpecification\",\"valueRequired\":true,\"valueName\":\"search_term_string\"}}],\"inLanguage\":\"es\"},{\"@type\":\"Organization\",\"@id\":\"https:\\\/\\\/fuentesfidedignas.com.mx\\\/#organization\",\"name\":\"Fuentes Fidedignas\",\"url\":\"https:\\\/\\\/fuentesfidedignas.com.mx\\\/\",\"logo\":{\"@type\":\"ImageObject\",\"inLanguage\":\"es\",\"@id\":\"https:\\\/\\\/fuentesfidedignas.com.mx\\\/#\\\/schema\\\/logo\\\/image\\\/\",\"url\":\"https:\\\/\\\/fuentesfidedignas.com.mx\\\/wp-content\\\/uploads\\\/2021\\\/04\\\/logo-retina.png\",\"contentUrl\":\"https:\\\/\\\/fuentesfidedignas.com.mx\\\/wp-content\\\/uploads\\\/2021\\\/04\\\/logo-retina.png\",\"width\":280,\"height\":51,\"caption\":\"Fuentes Fidedignas\"},\"image\":{\"@id\":\"https:\\\/\\\/fuentesfidedignas.com.mx\\\/#\\\/schema\\\/logo\\\/image\\\/\"},\"sameAs\":[\"https:\\\/\\\/www.facebook.com\\\/Fuentes-Fidedignas-368234489921644\",\"https:\\\/\\\/x.com\\\/fidedignas\"]},{\"@type\":\"Person\",\"@id\":\"https:\\\/\\\/fuentesfidedignas.com.mx\\\/#\\\/schema\\\/person\\\/331be9283d37198e2acd5750279085b0\",\"name\":\"Redacci\u00f3n\",\"image\":{\"@type\":\"ImageObject\",\"inLanguage\":\"es\",\"@id\":\"https:\\\/\\\/secure.gravatar.com\\\/avatar\\\/f6d8782c11d12b2d4ad3fbb6931aeab5309937a4d6cd2fc9cfaa28a6396a5aec?s=96&d=mm&r=g\",\"url\":\"https:\\\/\\\/secure.gravatar.com\\\/avatar\\\/f6d8782c11d12b2d4ad3fbb6931aeab5309937a4d6cd2fc9cfaa28a6396a5aec?s=96&d=mm&r=g\",\"contentUrl\":\"https:\\\/\\\/secure.gravatar.com\\\/avatar\\\/f6d8782c11d12b2d4ad3fbb6931aeab5309937a4d6cd2fc9cfaa28a6396a5aec?s=96&d=mm&r=g\",\"caption\":\"Redacci\u00f3n\"},\"url\":\"https:\\\/\\\/fuentesfidedignas.com.mx\\\/index.php\\\/author\\\/redaccion\\\/\"}]}<\/script>\n<!-- \/ Yoast SEO plugin. -->","yoast_head_json":{"title":"Sinaloa tendr\u00e1 presupuesto 2022 este 16 de diciembre: Feliciano Castro - Fuentes Fidedignas","robots":{"index":"index","follow":"follow","max-snippet":"max-snippet:-1","max-image-preview":"max-image-preview:large","max-video-preview":"max-video-preview:-1"},"canonical":"https:\/\/fuentesfidedignas.com.mx\/index.php\/2021\/12\/03\/sinaloa-tendra-presupuesto-2022-este-16-de-diciembre-feliciano-castro\/","og_locale":"es_MX","og_type":"article","og_title":"Sinaloa tendr\u00e1 presupuesto 2022 este 16 de diciembre: Feliciano Castro - Fuentes Fidedignas","og_description":"Adelant\u00f3 que la esencia de fondo de la propuesta de presupuesto es una manera de pensar la pol\u00edtica desde una perspectiva humanista en busca de ser efectivos en el combate a la pobreza El pr\u00f3ximo 16 de diciembre el Congreso del Estado de Sinaloa aprobar\u00e1 la iniciativa de Ley de Ingresos y Presupuesto de Egresos [&hellip;]","og_url":"https:\/\/fuentesfidedignas.com.mx\/index.php\/2021\/12\/03\/sinaloa-tendra-presupuesto-2022-este-16-de-diciembre-feliciano-castro\/","og_site_name":"Fuentes Fidedignas","article_publisher":"https:\/\/www.facebook.com\/Fuentes-Fidedignas-368234489921644","article_published_time":"2021-12-03T19:37:50+00:00","article_modified_time":"2021-12-03T19:37:52+00:00","og_image":[{"width":1280,"height":855,"url":"https:\/\/fuentesfidedignas.com.mx\/wp-content\/uploads\/2021\/12\/IMG-20211203-WA0011.jpg","type":"image\/jpeg"}],"author":"Redacci\u00f3n","twitter_card":"summary_large_image","twitter_creator":"@fidedignas","twitter_site":"@fidedignas","twitter_misc":{"Escrito por":"Redacci\u00f3n","Tiempo de lectura":"3 minutos"},"schema":{"@context":"https:\/\/schema.org","@graph":[{"@type":"Article","@id":"https:\/\/fuentesfidedignas.com.mx\/index.php\/2021\/12\/03\/sinaloa-tendra-presupuesto-2022-este-16-de-diciembre-feliciano-castro\/#article","isPartOf":{"@id":"https:\/\/fuentesfidedignas.com.mx\/index.php\/2021\/12\/03\/sinaloa-tendra-presupuesto-2022-este-16-de-diciembre-feliciano-castro\/"},"author":{"name":"Redacci\u00f3n","@id":"https:\/\/fuentesfidedignas.com.mx\/#\/schema\/person\/331be9283d37198e2acd5750279085b0"},"headline":"Sinaloa tendr\u00e1 presupuesto 2022 este 16 de diciembre: Feliciano Castro","datePublished":"2021-12-03T19:37:50+00:00","dateModified":"2021-12-03T19:37:52+00:00","mainEntityOfPage":{"@id":"https:\/\/fuentesfidedignas.com.mx\/index.php\/2021\/12\/03\/sinaloa-tendra-presupuesto-2022-este-16-de-diciembre-feliciano-castro\/"},"wordCount":546,"commentCount":0,"publisher":{"@id":"https:\/\/fuentesfidedignas.com.mx\/#organization"},"image":{"@id":"https:\/\/fuentesfidedignas.com.mx\/index.php\/2021\/12\/03\/sinaloa-tendra-presupuesto-2022-este-16-de-diciembre-feliciano-castro\/#primaryimage"},"thumbnailUrl":"https:\/\/fuentesfidedignas.com.mx\/wp-content\/uploads\/2021\/12\/IMG-20211203-WA0011.jpg","articleSection":["NOTA PRINCIPAL"],"inLanguage":"es","potentialAction":[{"@type":"CommentAction","name":"Comment","target":["https:\/\/fuentesfidedignas.com.mx\/index.php\/2021\/12\/03\/sinaloa-tendra-presupuesto-2022-este-16-de-diciembre-feliciano-castro\/#respond"]}]},{"@type":"WebPage","@id":"https:\/\/fuentesfidedignas.com.mx\/index.php\/2021\/12\/03\/sinaloa-tendra-presupuesto-2022-este-16-de-diciembre-feliciano-castro\/","url":"https:\/\/fuentesfidedignas.com.mx\/index.php\/2021\/12\/03\/sinaloa-tendra-presupuesto-2022-este-16-de-diciembre-feliciano-castro\/","name":"Sinaloa tendr\u00e1 presupuesto 2022 este 16 de diciembre: Feliciano Castro - Fuentes Fidedignas","isPartOf":{"@id":"https:\/\/fuentesfidedignas.com.mx\/#website"},"primaryImageOfPage":{"@id":"https:\/\/fuentesfidedignas.com.mx\/index.php\/2021\/12\/03\/sinaloa-tendra-presupuesto-2022-este-16-de-diciembre-feliciano-castro\/#primaryimage"},"image":{"@id":"https:\/\/fuentesfidedignas.com.mx\/index.php\/2021\/12\/03\/sinaloa-tendra-presupuesto-2022-este-16-de-diciembre-feliciano-castro\/#primaryimage"},"thumbnailUrl":"https:\/\/fuentesfidedignas.com.mx\/wp-content\/uploads\/2021\/12\/IMG-20211203-WA0011.jpg","datePublished":"2021-12-03T19:37:50+00:00","dateModified":"2021-12-03T19:37:52+00:00","breadcrumb":{"@id":"https:\/\/fuentesfidedignas.com.mx\/index.php\/2021\/12\/03\/sinaloa-tendra-presupuesto-2022-este-16-de-diciembre-feliciano-castro\/#breadcrumb"},"inLanguage":"es","potentialAction":[{"@type":"ReadAction","target":["https:\/\/fuentesfidedignas.com.mx\/index.php\/2021\/12\/03\/sinaloa-tendra-presupuesto-2022-este-16-de-diciembre-feliciano-castro\/"]}]},{"@type":"ImageObject","inLanguage":"es","@id":"https:\/\/fuentesfidedignas.com.mx\/index.php\/2021\/12\/03\/sinaloa-tendra-presupuesto-2022-este-16-de-diciembre-feliciano-castro\/#primaryimage","url":"https:\/\/fuentesfidedignas.com.mx\/wp-content\/uploads\/2021\/12\/IMG-20211203-WA0011.jpg","contentUrl":"https:\/\/fuentesfidedignas.com.mx\/wp-content\/uploads\/2021\/12\/IMG-20211203-WA0011.jpg","width":1280,"height":855},{"@type":"BreadcrumbList","@id":"https:\/\/fuentesfidedignas.com.mx\/index.php\/2021\/12\/03\/sinaloa-tendra-presupuesto-2022-este-16-de-diciembre-feliciano-castro\/#breadcrumb","itemListElement":[{"@type":"ListItem","position":1,"name":"Inicio","item":"https:\/\/fuentesfidedignas.com.mx\/"},{"@type":"ListItem","position":2,"name":"Sinaloa tendr\u00e1 presupuesto 2022 este 16 de diciembre: Feliciano Castro"}]},{"@type":"WebSite","@id":"https:\/\/fuentesfidedignas.com.mx\/#website","url":"https:\/\/fuentesfidedignas.com.mx\/","name":"Fuentes Fidedignas","description":"Otro sitio realizado con WordPress","publisher":{"@id":"https:\/\/fuentesfidedignas.com.mx\/#organization"},"potentialAction":[{"@type":"SearchAction","target":{"@type":"EntryPoint","urlTemplate":"https:\/\/fuentesfidedignas.com.mx\/?s={search_term_string}"},"query-input":{"@type":"PropertyValueSpecification","valueRequired":true,"valueName":"search_term_string"}}],"inLanguage":"es"},{"@type":"Organization","@id":"https:\/\/fuentesfidedignas.com.mx\/#organization","name":"Fuentes Fidedignas","url":"https:\/\/fuentesfidedignas.com.mx\/","logo":{"@type":"ImageObject","inLanguage":"es","@id":"https:\/\/fuentesfidedignas.com.mx\/#\/schema\/logo\/image\/","url":"https:\/\/fuentesfidedignas.com.mx\/wp-content\/uploads\/2021\/04\/logo-retina.png","contentUrl":"https:\/\/fuentesfidedignas.com.mx\/wp-content\/uploads\/2021\/04\/logo-retina.png","width":280,"height":51,"caption":"Fuentes Fidedignas"},"image":{"@id":"https:\/\/fuentesfidedignas.com.mx\/#\/schema\/logo\/image\/"},"sameAs":["https:\/\/www.facebook.com\/Fuentes-Fidedignas-368234489921644","https:\/\/x.com\/fidedignas"]},{"@type":"Person","@id":"https:\/\/fuentesfidedignas.com.mx\/#\/schema\/person\/331be9283d37198e2acd5750279085b0","name":"Redacci\u00f3n","image":{"@type":"ImageObject","inLanguage":"es","@id":"https:\/\/secure.gravatar.com\/avatar\/f6d8782c11d12b2d4ad3fbb6931aeab5309937a4d6cd2fc9cfaa28a6396a5aec?s=96&d=mm&r=g","url":"https:\/\/secure.gravatar.com\/avatar\/f6d8782c11d12b2d4ad3fbb6931aeab5309937a4d6cd2fc9cfaa28a6396a5aec?s=96&d=mm&r=g","contentUrl":"https:\/\/secure.gravatar.com\/avatar\/f6d8782c11d12b2d4ad3fbb6931aeab5309937a4d6cd2fc9cfaa28a6396a5aec?s=96&d=mm&r=g","caption":"Redacci\u00f3n"},"url":"https:\/\/fuentesfidedignas.com.mx\/index.php\/author\/redaccion\/"}]}},"_links":{"self":[{"href":"https:\/\/fuentesfidedignas.com.mx\/index.php\/wp-json\/wp\/v2\/posts\/19002","targetHints":{"allow":["GET"]}}],"collection":[{"href":"https:\/\/fuentesfidedignas.com.mx\/index.php\/wp-json\/wp\/v2\/posts"}],"about":[{"href":"https:\/\/fuentesfidedignas.com.mx\/index.php\/wp-json\/wp\/v2\/types\/post"}],"author":[{"embeddable":true,"href":"https:\/\/fuentesfidedignas.com.mx\/index.php\/wp-json\/wp\/v2\/users\/4"}],"replies":[{"embeddable":true,"href":"https:\/\/fuentesfidedignas.com.mx\/index.php\/wp-json\/wp\/v2\/comments?post=19002"}],"version-history":[{"count":1,"href":"https:\/\/fuentesfidedignas.com.mx\/index.php\/wp-json\/wp\/v2\/posts\/19002\/revisions"}],"predecessor-version":[{"id":19004,"href":"https:\/\/fuentesfidedignas.com.mx\/index.php\/wp-json\/wp\/v2\/posts\/19002\/revisions\/19004"}],"wp:featuredmedia":[{"embeddable":true,"href":"https:\/\/fuentesfidedignas.com.mx\/index.php\/wp-json\/wp\/v2\/media\/19003"}],"wp:attachment":[{"href":"https:\/\/fuentesfidedignas.com.mx\/index.php\/wp-json\/wp\/v2\/media?parent=19002"}],"wp:term":[{"taxonomy":"category","embeddable":true,"href":"https:\/\/fuentesfidedignas.com.mx\/index.php\/wp-json\/wp\/v2\/categories?post=19002"},{"taxonomy":"post_tag","embeddable":true,"href":"https:\/\/fuentesfidedignas.com.mx\/index.php\/wp-json\/wp\/v2\/tags?post=19002"}],"curies":[{"name":"wp","href":"https:\/\/api.w.org\/{rel}","templated":true}]}}