{"id":18951,"date":"2021-12-02T16:48:02","date_gmt":"2021-12-02T23:48:02","guid":{"rendered":"https:\/\/fuentesfidedignas.com.mx\/?p=18951"},"modified":"2021-12-02T16:48:34","modified_gmt":"2021-12-02T23:48:34","slug":"infeccion-previa-de-covid-19-no-protege-contra-omicron-senala-la-oms","status":"publish","type":"post","link":"https:\/\/fuentesfidedignas.com.mx\/index.php\/2021\/12\/02\/infeccion-previa-de-covid-19-no-protege-contra-omicron-senala-la-oms\/","title":{"rendered":"Infecci\u00f3n previa de Covid-19 no protege contra \u00d3micron, se\u00f1ala la OMS"},"content":{"rendered":"\n<p><strong><em>Pese a que ve posible un riesgo de reinfecci\u00f3n con la variante \u00d3micron, el Grupo Asesor T\u00e9cnico sobre la Evoluci\u00f3n del SARS-CoV-2 de la Organizaci\u00f3n Mundial de la Salud (OMS) s\u00ed cree que las vacunas \u201cproteger\u00e1n contra la enfermedad grave\u201d<\/em><\/strong><\/p>\n\n\n\n<p>Ciudad de M\u00e9xico.- La profesora Anne von Gottberg, vicepresidenta del Grupo Asesor T\u00e9cnico sobre la Evoluci\u00f3n del SARS-CoV-2 de la Organizaci\u00f3n Mundial de la Salud (OMS), apunt\u00f3 que la infecci\u00f3n previa por covid-19 podr\u00eda no proteger contra la nueva variante \u00f3micron, al contrario de lo que s\u00ed ocurr\u00eda con delta.<\/p>\n\n\n\n<p>\u201cCreemos que esa infecci\u00f3n previa no proporciona protecci\u00f3n contra la infecci\u00f3n debida a \u00d3micron. Sin embargo, es de esperar que les proporcione protecci\u00f3n contra el ingreso en el hospital y la muerte. Eso es bastante grande porque la infecci\u00f3n previa sol\u00eda proteger contra Delta y ahora con \u00d3micron no parece ser el caso\u201d, coment\u00f3 en rueda de prensa.<\/p>\n\n\n\n<p>Pese a que ve posible un riesgo de reinfecci\u00f3n con la variante \u00d3micron, la experta s\u00ed cree que las vacunas \u201cproteger\u00e1n contra la enfermedad grave\u201d.<\/p>\n\n\n\n<p>\u201cHemos visto un aumento constante de la protecci\u00f3n utilizando vacunas con las otras variantes. Las vacunas siempre han resistido para prevenir la enfermedad grave y el ingreso en los hospitales y la muerte\u201d, insisti\u00f3 la experta, microbi\u00f3loga cl\u00ednica del Centro de Enfermedades Respiratorias y en el Instituto Nacional de Enfermedades Transmisibles de Sud\u00e1frica.<\/p>\n\n\n\n<p>Von Gottberg se\u00f1al\u00f3 que ayer en Sud\u00e1frica se notificaron m\u00e1s de ocho mil nuevos casos.<\/p>\n\n\n\n<p>\u201cLa mayor\u00eda de ellos se encuentran en el epicentro de nuestro actual comienzo de la cuarta ola. Est\u00e1bamos en el per\u00edodo intermedio entre nuestra \u00faltima tercera ola, que fue por delta, donde las cosas estaban muy tranquilas y el n\u00famero de casos era muy bajo. Y ahora est\u00e1n aumentando a un ritmo r\u00e1pido. Los n\u00fameros est\u00e1n aumentando muy r\u00e1pidamente\u201d, advirti\u00f3.<\/p>\n\n\n\n<p>Al respecto, la experta alert\u00f3 que \u201cmuchos de los infectados tienen una infecci\u00f3n previa\u201d.<\/p>\n\n\n\n<p>\u201cParece que hay un predominio de \u00f3micron en todo el pa\u00eds. Ha sido identificada a trav\u00e9s de la secuenciaci\u00f3n en al menos cinco de nuestras provincias que tienen datos de secuenciaci\u00f3n, y creemos que en las otras provincias simplemente no se ha identificado todav\u00eda porque no tenemos espec\u00edmenes que han sido secuenciados\u201d, explic\u00f3.<\/p>\n\n\n\n<p>Por su parte, el director de Emergencias de la OMS en \u00c1frica, Salam Gueye, lament\u00f3 que \u201ccada vez son m\u00e1s los pa\u00edses que notifican la nueva variante desde que se secuenci\u00f3 por primera vez en Sud\u00e1frica\u201d.<\/p>\n\n\n\n<p>\u201cGhana y Nigeria se han convertido en los \u00faltimos pa\u00edses africanos en detectar \u00f3micron. A nivel mundial, m\u00e1s de 20 pa\u00edses han notificado ya la nueva variante. Se espera que la variante \u00d3micron se detecte en m\u00e1s pa\u00edses a medida que las autoridades nacionales intensifiquen las operaciones de vigilancia y secuenciaci\u00f3n\u201d, sostuvo.<\/p>\n\n\n\n<p>Aunque se est\u00e1 investigando para saber si la nueva variante es m\u00e1s contagiosa, causa una enfermedad grave o tiene un impacto en la eficacia de la vacuna, Gueye resalt\u00f3 que \u201csu aparici\u00f3n es un duro recordatorio de que se deben redoblar los esfuerzos para frenar la transmisi\u00f3n de la covid-19\u201d.<\/p>\n\n\n\n<p>Asimismo, aprovech\u00f3 su intervenci\u00f3n para agradecer la \u201cla rapidez y la transparencia con que Botsuana y Sud\u00e1frica han detectado la nueva variante y han alertado al mundo de ella\u201d.<\/p>\n\n\n\n<p>\u201cNos ha permitido empezar a organizar una respuesta eficaz. Debemos aprovechar esta oportunidad y actuar con rapidez para intensificar las medidas de seguimiento, detecci\u00f3n y control de la propagaci\u00f3n de \u00f3micron\u201d, concluy\u00f3.<\/p>\n","protected":false},"excerpt":{"rendered":"<p>Pese a que ve posible un riesgo de reinfecci\u00f3n con la variante \u00d3micron, el Grupo Asesor T\u00e9cnico sobre la Evoluci\u00f3n del SARS-CoV-2 de la Organizaci\u00f3n Mundial de la Salud (OMS) s\u00ed cree que las vacunas \u201cproteger\u00e1n contra la enfermedad grave\u201d Ciudad de M\u00e9xico.- La profesora Anne von Gottberg, vicepresidenta del Grupo Asesor T\u00e9cnico sobre la [&hellip;]<\/p>\n","protected":false},"author":14,"featured_media":10380,"comment_status":"open","ping_status":"open","sticky":false,"template":"","format":"standard","meta":{"tdm_status":"","tdm_grid_status":"","footnotes":""},"categories":[39],"tags":[332,59,2214,374,416],"class_list":{"0":"post-18951","1":"post","2":"type-post","3":"status-publish","4":"format-standard","5":"has-post-thumbnail","7":"category-noticias-nacionales","8":"tag-coronavirus","9":"tag-covid-19","10":"tag-omicron-2","11":"tag-oms","12":"tag-sars-cov-2"},"yoast_head":"<!-- This site is optimized with the Yoast SEO plugin v27.5 - https:\/\/yoast.com\/product\/yoast-seo-wordpress\/ -->\n<title>Infecci\u00f3n previa de Covid-19 no protege contra \u00d3micron, se\u00f1ala la OMS - Fuentes Fidedignas<\/title>\n<meta name=\"robots\" content=\"index, follow, max-snippet:-1, max-image-preview:large, max-video-preview:-1\" \/>\n<link rel=\"canonical\" href=\"https:\/\/fuentesfidedignas.com.mx\/index.php\/2021\/12\/02\/infeccion-previa-de-covid-19-no-protege-contra-omicron-senala-la-oms\/\" \/>\n<meta property=\"og:locale\" content=\"es_MX\" \/>\n<meta property=\"og:type\" content=\"article\" \/>\n<meta property=\"og:title\" content=\"Infecci\u00f3n previa de Covid-19 no protege contra \u00d3micron, se\u00f1ala la OMS - Fuentes Fidedignas\" \/>\n<meta property=\"og:description\" content=\"Pese a que ve posible un riesgo de reinfecci\u00f3n con la variante \u00d3micron, el Grupo Asesor T\u00e9cnico sobre la Evoluci\u00f3n del SARS-CoV-2 de la Organizaci\u00f3n Mundial de la Salud (OMS) s\u00ed cree que las vacunas \u201cproteger\u00e1n contra la enfermedad grave\u201d Ciudad de M\u00e9xico.- La profesora Anne von Gottberg, vicepresidenta del Grupo Asesor T\u00e9cnico sobre la [&hellip;]\" \/>\n<meta property=\"og:url\" content=\"https:\/\/fuentesfidedignas.com.mx\/index.php\/2021\/12\/02\/infeccion-previa-de-covid-19-no-protege-contra-omicron-senala-la-oms\/\" \/>\n<meta property=\"og:site_name\" content=\"Fuentes Fidedignas\" \/>\n<meta property=\"article:publisher\" content=\"https:\/\/www.facebook.com\/Fuentes-Fidedignas-368234489921644\" \/>\n<meta property=\"article:published_time\" content=\"2021-12-02T23:48:02+00:00\" \/>\n<meta property=\"article:modified_time\" content=\"2021-12-02T23:48:34+00:00\" \/>\n<meta property=\"og:image\" content=\"https:\/\/fuentesfidedignas.com.mx\/wp-content\/uploads\/2021\/08\/PRUEBA_COVID-scaled.jpg\" \/>\n\t<meta property=\"og:image:width\" content=\"2560\" \/>\n\t<meta property=\"og:image:height\" content=\"1707\" \/>\n\t<meta property=\"og:image:type\" content=\"image\/jpeg\" \/>\n<meta name=\"author\" content=\"Vanguardia\" \/>\n<meta name=\"twitter:card\" content=\"summary_large_image\" \/>\n<meta name=\"twitter:creator\" content=\"@fidedignas\" \/>\n<meta name=\"twitter:site\" content=\"@fidedignas\" \/>\n<meta name=\"twitter:label1\" content=\"Escrito por\" \/>\n\t<meta name=\"twitter:data1\" content=\"Vanguardia\" \/>\n\t<meta name=\"twitter:label2\" content=\"Tiempo de lectura\" \/>\n\t<meta name=\"twitter:data2\" content=\"3 minutos\" \/>\n<script type=\"application\/ld+json\" class=\"yoast-schema-graph\">{\"@context\":\"https:\\\/\\\/schema.org\",\"@graph\":[{\"@type\":\"Article\",\"@id\":\"https:\\\/\\\/fuentesfidedignas.com.mx\\\/index.php\\\/2021\\\/12\\\/02\\\/infeccion-previa-de-covid-19-no-protege-contra-omicron-senala-la-oms\\\/#article\",\"isPartOf\":{\"@id\":\"https:\\\/\\\/fuentesfidedignas.com.mx\\\/index.php\\\/2021\\\/12\\\/02\\\/infeccion-previa-de-covid-19-no-protege-contra-omicron-senala-la-oms\\\/\"},\"author\":{\"name\":\"Vanguardia\",\"@id\":\"https:\\\/\\\/fuentesfidedignas.com.mx\\\/#\\\/schema\\\/person\\\/bce747fb6a0b0feefab1e3e7c4e84d2b\"},\"headline\":\"Infecci\u00f3n previa de Covid-19 no protege contra \u00d3micron, se\u00f1ala la OMS\",\"datePublished\":\"2021-12-02T23:48:02+00:00\",\"dateModified\":\"2021-12-02T23:48:34+00:00\",\"mainEntityOfPage\":{\"@id\":\"https:\\\/\\\/fuentesfidedignas.com.mx\\\/index.php\\\/2021\\\/12\\\/02\\\/infeccion-previa-de-covid-19-no-protege-contra-omicron-senala-la-oms\\\/\"},\"wordCount\":639,\"commentCount\":0,\"publisher\":{\"@id\":\"https:\\\/\\\/fuentesfidedignas.com.mx\\\/#organization\"},\"image\":{\"@id\":\"https:\\\/\\\/fuentesfidedignas.com.mx\\\/index.php\\\/2021\\\/12\\\/02\\\/infeccion-previa-de-covid-19-no-protege-contra-omicron-senala-la-oms\\\/#primaryimage\"},\"thumbnailUrl\":\"https:\\\/\\\/fuentesfidedignas.com.mx\\\/wp-content\\\/uploads\\\/2021\\\/08\\\/PRUEBA_COVID-scaled.jpg\",\"keywords\":[\"Coronavirus\",\"Covid-19\",\"\u00d3micron\",\"OMS\",\"SARS-CoV-2\"],\"articleSection\":[\"NOTICIAS NACIONALES\"],\"inLanguage\":\"es\",\"potentialAction\":[{\"@type\":\"CommentAction\",\"name\":\"Comment\",\"target\":[\"https:\\\/\\\/fuentesfidedignas.com.mx\\\/index.php\\\/2021\\\/12\\\/02\\\/infeccion-previa-de-covid-19-no-protege-contra-omicron-senala-la-oms\\\/#respond\"]}]},{\"@type\":\"WebPage\",\"@id\":\"https:\\\/\\\/fuentesfidedignas.com.mx\\\/index.php\\\/2021\\\/12\\\/02\\\/infeccion-previa-de-covid-19-no-protege-contra-omicron-senala-la-oms\\\/\",\"url\":\"https:\\\/\\\/fuentesfidedignas.com.mx\\\/index.php\\\/2021\\\/12\\\/02\\\/infeccion-previa-de-covid-19-no-protege-contra-omicron-senala-la-oms\\\/\",\"name\":\"Infecci\u00f3n previa de Covid-19 no protege contra \u00d3micron, se\u00f1ala la OMS - Fuentes Fidedignas\",\"isPartOf\":{\"@id\":\"https:\\\/\\\/fuentesfidedignas.com.mx\\\/#website\"},\"primaryImageOfPage\":{\"@id\":\"https:\\\/\\\/fuentesfidedignas.com.mx\\\/index.php\\\/2021\\\/12\\\/02\\\/infeccion-previa-de-covid-19-no-protege-contra-omicron-senala-la-oms\\\/#primaryimage\"},\"image\":{\"@id\":\"https:\\\/\\\/fuentesfidedignas.com.mx\\\/index.php\\\/2021\\\/12\\\/02\\\/infeccion-previa-de-covid-19-no-protege-contra-omicron-senala-la-oms\\\/#primaryimage\"},\"thumbnailUrl\":\"https:\\\/\\\/fuentesfidedignas.com.mx\\\/wp-content\\\/uploads\\\/2021\\\/08\\\/PRUEBA_COVID-scaled.jpg\",\"datePublished\":\"2021-12-02T23:48:02+00:00\",\"dateModified\":\"2021-12-02T23:48:34+00:00\",\"breadcrumb\":{\"@id\":\"https:\\\/\\\/fuentesfidedignas.com.mx\\\/index.php\\\/2021\\\/12\\\/02\\\/infeccion-previa-de-covid-19-no-protege-contra-omicron-senala-la-oms\\\/#breadcrumb\"},\"inLanguage\":\"es\",\"potentialAction\":[{\"@type\":\"ReadAction\",\"target\":[\"https:\\\/\\\/fuentesfidedignas.com.mx\\\/index.php\\\/2021\\\/12\\\/02\\\/infeccion-previa-de-covid-19-no-protege-contra-omicron-senala-la-oms\\\/\"]}]},{\"@type\":\"ImageObject\",\"inLanguage\":\"es\",\"@id\":\"https:\\\/\\\/fuentesfidedignas.com.mx\\\/index.php\\\/2021\\\/12\\\/02\\\/infeccion-previa-de-covid-19-no-protege-contra-omicron-senala-la-oms\\\/#primaryimage\",\"url\":\"https:\\\/\\\/fuentesfidedignas.com.mx\\\/wp-content\\\/uploads\\\/2021\\\/08\\\/PRUEBA_COVID-scaled.jpg\",\"contentUrl\":\"https:\\\/\\\/fuentesfidedignas.com.mx\\\/wp-content\\\/uploads\\\/2021\\\/08\\\/PRUEBA_COVID-scaled.jpg\",\"width\":2560,\"height\":1707},{\"@type\":\"BreadcrumbList\",\"@id\":\"https:\\\/\\\/fuentesfidedignas.com.mx\\\/index.php\\\/2021\\\/12\\\/02\\\/infeccion-previa-de-covid-19-no-protege-contra-omicron-senala-la-oms\\\/#breadcrumb\",\"itemListElement\":[{\"@type\":\"ListItem\",\"position\":1,\"name\":\"Inicio\",\"item\":\"https:\\\/\\\/fuentesfidedignas.com.mx\\\/\"},{\"@type\":\"ListItem\",\"position\":2,\"name\":\"Infecci\u00f3n previa de Covid-19 no protege contra \u00d3micron, se\u00f1ala la OMS\"}]},{\"@type\":\"WebSite\",\"@id\":\"https:\\\/\\\/fuentesfidedignas.com.mx\\\/#website\",\"url\":\"https:\\\/\\\/fuentesfidedignas.com.mx\\\/\",\"name\":\"Fuentes Fidedignas\",\"description\":\"Otro sitio realizado con WordPress\",\"publisher\":{\"@id\":\"https:\\\/\\\/fuentesfidedignas.com.mx\\\/#organization\"},\"potentialAction\":[{\"@type\":\"SearchAction\",\"target\":{\"@type\":\"EntryPoint\",\"urlTemplate\":\"https:\\\/\\\/fuentesfidedignas.com.mx\\\/?s={search_term_string}\"},\"query-input\":{\"@type\":\"PropertyValueSpecification\",\"valueRequired\":true,\"valueName\":\"search_term_string\"}}],\"inLanguage\":\"es\"},{\"@type\":\"Organization\",\"@id\":\"https:\\\/\\\/fuentesfidedignas.com.mx\\\/#organization\",\"name\":\"Fuentes Fidedignas\",\"url\":\"https:\\\/\\\/fuentesfidedignas.com.mx\\\/\",\"logo\":{\"@type\":\"ImageObject\",\"inLanguage\":\"es\",\"@id\":\"https:\\\/\\\/fuentesfidedignas.com.mx\\\/#\\\/schema\\\/logo\\\/image\\\/\",\"url\":\"https:\\\/\\\/fuentesfidedignas.com.mx\\\/wp-content\\\/uploads\\\/2021\\\/04\\\/logo-retina.png\",\"contentUrl\":\"https:\\\/\\\/fuentesfidedignas.com.mx\\\/wp-content\\\/uploads\\\/2021\\\/04\\\/logo-retina.png\",\"width\":280,\"height\":51,\"caption\":\"Fuentes Fidedignas\"},\"image\":{\"@id\":\"https:\\\/\\\/fuentesfidedignas.com.mx\\\/#\\\/schema\\\/logo\\\/image\\\/\"},\"sameAs\":[\"https:\\\/\\\/www.facebook.com\\\/Fuentes-Fidedignas-368234489921644\",\"https:\\\/\\\/x.com\\\/fidedignas\"]},{\"@type\":\"Person\",\"@id\":\"https:\\\/\\\/fuentesfidedignas.com.mx\\\/#\\\/schema\\\/person\\\/bce747fb6a0b0feefab1e3e7c4e84d2b\",\"name\":\"Vanguardia\",\"image\":{\"@type\":\"ImageObject\",\"inLanguage\":\"es\",\"@id\":\"https:\\\/\\\/secure.gravatar.com\\\/avatar\\\/6d7e1e0fdcdef594fdfc9206070adafb95cd5cd9b47c113cb987d91ee74e35df?s=96&d=mm&r=g\",\"url\":\"https:\\\/\\\/secure.gravatar.com\\\/avatar\\\/6d7e1e0fdcdef594fdfc9206070adafb95cd5cd9b47c113cb987d91ee74e35df?s=96&d=mm&r=g\",\"contentUrl\":\"https:\\\/\\\/secure.gravatar.com\\\/avatar\\\/6d7e1e0fdcdef594fdfc9206070adafb95cd5cd9b47c113cb987d91ee74e35df?s=96&d=mm&r=g\",\"caption\":\"Vanguardia\"},\"url\":\"https:\\\/\\\/fuentesfidedignas.com.mx\\\/index.php\\\/author\\\/vanguardia\\\/\"}]}<\/script>\n<!-- \/ Yoast SEO plugin. -->","yoast_head_json":{"title":"Infecci\u00f3n previa de Covid-19 no protege contra \u00d3micron, se\u00f1ala la OMS - Fuentes Fidedignas","robots":{"index":"index","follow":"follow","max-snippet":"max-snippet:-1","max-image-preview":"max-image-preview:large","max-video-preview":"max-video-preview:-1"},"canonical":"https:\/\/fuentesfidedignas.com.mx\/index.php\/2021\/12\/02\/infeccion-previa-de-covid-19-no-protege-contra-omicron-senala-la-oms\/","og_locale":"es_MX","og_type":"article","og_title":"Infecci\u00f3n previa de Covid-19 no protege contra \u00d3micron, se\u00f1ala la OMS - Fuentes Fidedignas","og_description":"Pese a que ve posible un riesgo de reinfecci\u00f3n con la variante \u00d3micron, el Grupo Asesor T\u00e9cnico sobre la Evoluci\u00f3n del SARS-CoV-2 de la Organizaci\u00f3n Mundial de la Salud (OMS) s\u00ed cree que las vacunas \u201cproteger\u00e1n contra la enfermedad grave\u201d Ciudad de M\u00e9xico.- La profesora Anne von Gottberg, vicepresidenta del Grupo Asesor T\u00e9cnico sobre la [&hellip;]","og_url":"https:\/\/fuentesfidedignas.com.mx\/index.php\/2021\/12\/02\/infeccion-previa-de-covid-19-no-protege-contra-omicron-senala-la-oms\/","og_site_name":"Fuentes Fidedignas","article_publisher":"https:\/\/www.facebook.com\/Fuentes-Fidedignas-368234489921644","article_published_time":"2021-12-02T23:48:02+00:00","article_modified_time":"2021-12-02T23:48:34+00:00","og_image":[{"width":2560,"height":1707,"url":"https:\/\/fuentesfidedignas.com.mx\/wp-content\/uploads\/2021\/08\/PRUEBA_COVID-scaled.jpg","type":"image\/jpeg"}],"author":"Vanguardia","twitter_card":"summary_large_image","twitter_creator":"@fidedignas","twitter_site":"@fidedignas","twitter_misc":{"Escrito por":"Vanguardia","Tiempo de lectura":"3 minutos"},"schema":{"@context":"https:\/\/schema.org","@graph":[{"@type":"Article","@id":"https:\/\/fuentesfidedignas.com.mx\/index.php\/2021\/12\/02\/infeccion-previa-de-covid-19-no-protege-contra-omicron-senala-la-oms\/#article","isPartOf":{"@id":"https:\/\/fuentesfidedignas.com.mx\/index.php\/2021\/12\/02\/infeccion-previa-de-covid-19-no-protege-contra-omicron-senala-la-oms\/"},"author":{"name":"Vanguardia","@id":"https:\/\/fuentesfidedignas.com.mx\/#\/schema\/person\/bce747fb6a0b0feefab1e3e7c4e84d2b"},"headline":"Infecci\u00f3n previa de Covid-19 no protege contra \u00d3micron, se\u00f1ala la OMS","datePublished":"2021-12-02T23:48:02+00:00","dateModified":"2021-12-02T23:48:34+00:00","mainEntityOfPage":{"@id":"https:\/\/fuentesfidedignas.com.mx\/index.php\/2021\/12\/02\/infeccion-previa-de-covid-19-no-protege-contra-omicron-senala-la-oms\/"},"wordCount":639,"commentCount":0,"publisher":{"@id":"https:\/\/fuentesfidedignas.com.mx\/#organization"},"image":{"@id":"https:\/\/fuentesfidedignas.com.mx\/index.php\/2021\/12\/02\/infeccion-previa-de-covid-19-no-protege-contra-omicron-senala-la-oms\/#primaryimage"},"thumbnailUrl":"https:\/\/fuentesfidedignas.com.mx\/wp-content\/uploads\/2021\/08\/PRUEBA_COVID-scaled.jpg","keywords":["Coronavirus","Covid-19","\u00d3micron","OMS","SARS-CoV-2"],"articleSection":["NOTICIAS NACIONALES"],"inLanguage":"es","potentialAction":[{"@type":"CommentAction","name":"Comment","target":["https:\/\/fuentesfidedignas.com.mx\/index.php\/2021\/12\/02\/infeccion-previa-de-covid-19-no-protege-contra-omicron-senala-la-oms\/#respond"]}]},{"@type":"WebPage","@id":"https:\/\/fuentesfidedignas.com.mx\/index.php\/2021\/12\/02\/infeccion-previa-de-covid-19-no-protege-contra-omicron-senala-la-oms\/","url":"https:\/\/fuentesfidedignas.com.mx\/index.php\/2021\/12\/02\/infeccion-previa-de-covid-19-no-protege-contra-omicron-senala-la-oms\/","name":"Infecci\u00f3n previa de Covid-19 no protege contra \u00d3micron, se\u00f1ala la OMS - Fuentes Fidedignas","isPartOf":{"@id":"https:\/\/fuentesfidedignas.com.mx\/#website"},"primaryImageOfPage":{"@id":"https:\/\/fuentesfidedignas.com.mx\/index.php\/2021\/12\/02\/infeccion-previa-de-covid-19-no-protege-contra-omicron-senala-la-oms\/#primaryimage"},"image":{"@id":"https:\/\/fuentesfidedignas.com.mx\/index.php\/2021\/12\/02\/infeccion-previa-de-covid-19-no-protege-contra-omicron-senala-la-oms\/#primaryimage"},"thumbnailUrl":"https:\/\/fuentesfidedignas.com.mx\/wp-content\/uploads\/2021\/08\/PRUEBA_COVID-scaled.jpg","datePublished":"2021-12-02T23:48:02+00:00","dateModified":"2021-12-02T23:48:34+00:00","breadcrumb":{"@id":"https:\/\/fuentesfidedignas.com.mx\/index.php\/2021\/12\/02\/infeccion-previa-de-covid-19-no-protege-contra-omicron-senala-la-oms\/#breadcrumb"},"inLanguage":"es","potentialAction":[{"@type":"ReadAction","target":["https:\/\/fuentesfidedignas.com.mx\/index.php\/2021\/12\/02\/infeccion-previa-de-covid-19-no-protege-contra-omicron-senala-la-oms\/"]}]},{"@type":"ImageObject","inLanguage":"es","@id":"https:\/\/fuentesfidedignas.com.mx\/index.php\/2021\/12\/02\/infeccion-previa-de-covid-19-no-protege-contra-omicron-senala-la-oms\/#primaryimage","url":"https:\/\/fuentesfidedignas.com.mx\/wp-content\/uploads\/2021\/08\/PRUEBA_COVID-scaled.jpg","contentUrl":"https:\/\/fuentesfidedignas.com.mx\/wp-content\/uploads\/2021\/08\/PRUEBA_COVID-scaled.jpg","width":2560,"height":1707},{"@type":"BreadcrumbList","@id":"https:\/\/fuentesfidedignas.com.mx\/index.php\/2021\/12\/02\/infeccion-previa-de-covid-19-no-protege-contra-omicron-senala-la-oms\/#breadcrumb","itemListElement":[{"@type":"ListItem","position":1,"name":"Inicio","item":"https:\/\/fuentesfidedignas.com.mx\/"},{"@type":"ListItem","position":2,"name":"Infecci\u00f3n previa de Covid-19 no protege contra \u00d3micron, se\u00f1ala la OMS"}]},{"@type":"WebSite","@id":"https:\/\/fuentesfidedignas.com.mx\/#website","url":"https:\/\/fuentesfidedignas.com.mx\/","name":"Fuentes Fidedignas","description":"Otro sitio realizado con WordPress","publisher":{"@id":"https:\/\/fuentesfidedignas.com.mx\/#organization"},"potentialAction":[{"@type":"SearchAction","target":{"@type":"EntryPoint","urlTemplate":"https:\/\/fuentesfidedignas.com.mx\/?s={search_term_string}"},"query-input":{"@type":"PropertyValueSpecification","valueRequired":true,"valueName":"search_term_string"}}],"inLanguage":"es"},{"@type":"Organization","@id":"https:\/\/fuentesfidedignas.com.mx\/#organization","name":"Fuentes Fidedignas","url":"https:\/\/fuentesfidedignas.com.mx\/","logo":{"@type":"ImageObject","inLanguage":"es","@id":"https:\/\/fuentesfidedignas.com.mx\/#\/schema\/logo\/image\/","url":"https:\/\/fuentesfidedignas.com.mx\/wp-content\/uploads\/2021\/04\/logo-retina.png","contentUrl":"https:\/\/fuentesfidedignas.com.mx\/wp-content\/uploads\/2021\/04\/logo-retina.png","width":280,"height":51,"caption":"Fuentes Fidedignas"},"image":{"@id":"https:\/\/fuentesfidedignas.com.mx\/#\/schema\/logo\/image\/"},"sameAs":["https:\/\/www.facebook.com\/Fuentes-Fidedignas-368234489921644","https:\/\/x.com\/fidedignas"]},{"@type":"Person","@id":"https:\/\/fuentesfidedignas.com.mx\/#\/schema\/person\/bce747fb6a0b0feefab1e3e7c4e84d2b","name":"Vanguardia","image":{"@type":"ImageObject","inLanguage":"es","@id":"https:\/\/secure.gravatar.com\/avatar\/6d7e1e0fdcdef594fdfc9206070adafb95cd5cd9b47c113cb987d91ee74e35df?s=96&d=mm&r=g","url":"https:\/\/secure.gravatar.com\/avatar\/6d7e1e0fdcdef594fdfc9206070adafb95cd5cd9b47c113cb987d91ee74e35df?s=96&d=mm&r=g","contentUrl":"https:\/\/secure.gravatar.com\/avatar\/6d7e1e0fdcdef594fdfc9206070adafb95cd5cd9b47c113cb987d91ee74e35df?s=96&d=mm&r=g","caption":"Vanguardia"},"url":"https:\/\/fuentesfidedignas.com.mx\/index.php\/author\/vanguardia\/"}]}},"_links":{"self":[{"href":"https:\/\/fuentesfidedignas.com.mx\/index.php\/wp-json\/wp\/v2\/posts\/18951","targetHints":{"allow":["GET"]}}],"collection":[{"href":"https:\/\/fuentesfidedignas.com.mx\/index.php\/wp-json\/wp\/v2\/posts"}],"about":[{"href":"https:\/\/fuentesfidedignas.com.mx\/index.php\/wp-json\/wp\/v2\/types\/post"}],"author":[{"embeddable":true,"href":"https:\/\/fuentesfidedignas.com.mx\/index.php\/wp-json\/wp\/v2\/users\/14"}],"replies":[{"embeddable":true,"href":"https:\/\/fuentesfidedignas.com.mx\/index.php\/wp-json\/wp\/v2\/comments?post=18951"}],"version-history":[{"count":1,"href":"https:\/\/fuentesfidedignas.com.mx\/index.php\/wp-json\/wp\/v2\/posts\/18951\/revisions"}],"predecessor-version":[{"id":18952,"href":"https:\/\/fuentesfidedignas.com.mx\/index.php\/wp-json\/wp\/v2\/posts\/18951\/revisions\/18952"}],"wp:featuredmedia":[{"embeddable":true,"href":"https:\/\/fuentesfidedignas.com.mx\/index.php\/wp-json\/wp\/v2\/media\/10380"}],"wp:attachment":[{"href":"https:\/\/fuentesfidedignas.com.mx\/index.php\/wp-json\/wp\/v2\/media?parent=18951"}],"wp:term":[{"taxonomy":"category","embeddable":true,"href":"https:\/\/fuentesfidedignas.com.mx\/index.php\/wp-json\/wp\/v2\/categories?post=18951"},{"taxonomy":"post_tag","embeddable":true,"href":"https:\/\/fuentesfidedignas.com.mx\/index.php\/wp-json\/wp\/v2\/tags?post=18951"}],"curies":[{"name":"wp","href":"https:\/\/api.w.org\/{rel}","templated":true}]}}