{"id":18942,"date":"2021-12-02T16:32:50","date_gmt":"2021-12-02T23:32:50","guid":{"rendered":"https:\/\/fuentesfidedignas.com.mx\/?p=18942"},"modified":"2021-12-02T16:32:51","modified_gmt":"2021-12-02T23:32:51","slug":"ratifica-congreso-del-estado-nombramiento-del-director-del-isju","status":"publish","type":"post","link":"https:\/\/fuentesfidedignas.com.mx\/index.php\/2021\/12\/02\/ratifica-congreso-del-estado-nombramiento-del-director-del-isju\/","title":{"rendered":"Ratifica Congreso del Estado nombramiento del director del ISJU"},"content":{"rendered":"\n<p><strong><em>Aprobada la dispensa de la segunda lectura, procedi\u00f3 la votaci\u00f3n que fue por c\u00e9dula, donde 35 diputadas y diputados aprobaron la ratificaci\u00f3n del nombramiento, mientras que dos votos fueron en sentido negativo. <\/em><\/strong><\/p>\n\n\n\n<p>Culiac\u00e1n, Sin.- El Congreso del Estado de Sinaloa ratific\u00f3 el nombramiento de Sa\u00fal Gerardo Meza L\u00f3pez, como Director del Instituto Sinaloense de la Juventud, designaci\u00f3n hecha por el gobernador Rub\u00e9n Rocha Moya.<\/p>\n\n\n\n<p>Para su ratificaci\u00f3n, la Comisi\u00f3n de la Juventud y el Deporte, que preside la diputada Mar\u00eda Guadalupe C\u00e1zares Gallegos, puso a consideraci\u00f3n del Pleno la designaci\u00f3n del titular del Poder Ejecutivo Estatal a favor de Sa\u00fal Gerardo Meza L\u00f3pez, despu\u00e9s de expediente analizado.<\/p>\n\n\n\n<p>En Sesi\u00f3n P\u00fablica Ordinaria diputadas y diputados aprobaron ratificar el nombramiento de Sa\u00fal Gerardo Meza por reunir los requisitos que la ley establece, as\u00ed como el perfil y trayectoria para el adecuado desempe\u00f1o del cargo.<\/p>\n\n\n\n<p>Durante la Sesi\u00f3n, la diputada Nela Rosiely S\u00e1nchez S\u00e1nchez, secretaria de la Mesa Directiva, ley\u00f3 el dictamen elaborado por la Comisi\u00f3n de la Juventud y el Deporte, y posteriormente el diputado Pedro Alonso Villegas Lobo, propuso la dispensa de la segunda lectura.<\/p>\n\n\n\n<p>Aprobada la dispensa de la segunda lectura, procedi\u00f3 la votaci\u00f3n que fue por c\u00e9dula, donde 35 diputadas y diputados aprobaron la ratificaci\u00f3n del nombramiento, mientras que dos votos fueron en sentido negativo.<\/p>\n\n\n\n<p>El 25 de noviembre de 2021, la Mesa Directiva de este Poder Legislativo, recibi\u00f3 oficio signado por el gobernador mediante el cual informa que emiti\u00f3 el nombramiento de la persona que habr\u00e1 de ocupar la titularidad de la Direcci\u00f3n del Instituto Sinaloense de la Juventud, en favor del ciudadano Sa\u00fal Gerardo Meza L\u00f3pez.<\/p>\n\n\n\n<p>Oficio recibido con el objeto de someter a la consideraci\u00f3n de esta Soberan\u00eda dicho nombramiento para su ratificaci\u00f3n, en atenci\u00f3n a lo dispuesto por el art\u00edculo 72 de la Ley de la Juventud del Estado de Sinaloa, y por considerar que re\u00fane el perfil y trayectoria profesional para el adecuado desempe\u00f1o del cargo.<\/p>\n\n\n\n<p>Con fecha 30 de noviembre del a\u00f1o en curso, se dio a conocer al Pleno del Congreso del Estado el oficio en referencia y sus anexos y se turn\u00f3 a la Comisi\u00f3n de la Juventud y el Deporte para su estudio y dictamen correspondiente, \u00f3rgano colegiado que hoy jueves 2 de diciembre puso a consideraci\u00f3n del Pleno la ratificaci\u00f3n del nombramiento de Sa\u00fal Gerardo Meza L\u00f3pez, que fue aprobado con 35 votos.<\/p>\n\n\n\n<p>Ratificado por el Pleno del Congreso el nombramiento, se notificar\u00e1 al titular del Poder Ejecutivo del Estado para su conocimiento y efectos legales correspondientes.<br>La ratificaci\u00f3n del nombramiento deber\u00e1 publicarse en el Peri\u00f3dico Oficial \u201cEl Estado de Sinaloa\u201d, para los efectos de m\u00e1xima publicidad y transparencia.<\/p>\n","protected":false},"excerpt":{"rendered":"<p>Aprobada la dispensa de la segunda lectura, procedi\u00f3 la votaci\u00f3n que fue por c\u00e9dula, donde 35 diputadas y diputados aprobaron la ratificaci\u00f3n del nombramiento, mientras que dos votos fueron en sentido negativo. Culiac\u00e1n, Sin.- El Congreso del Estado de Sinaloa ratific\u00f3 el nombramiento de Sa\u00fal Gerardo Meza L\u00f3pez, como Director del Instituto Sinaloense de la [&hellip;]<\/p>\n","protected":false},"author":4,"featured_media":18943,"comment_status":"open","ping_status":"open","sticky":false,"template":"","format":"standard","meta":{"tdm_status":"","tdm_grid_status":"","footnotes":""},"categories":[37],"tags":[708,2220],"class_list":{"0":"post-18942","1":"post","2":"type-post","3":"status-publish","4":"format-standard","5":"has-post-thumbnail","7":"category-nota-principal","8":"tag-congreso-del-estado-de-sinaloa","9":"tag-isju"},"yoast_head":"<!-- This site is optimized with the Yoast SEO plugin v27.5 - https:\/\/yoast.com\/product\/yoast-seo-wordpress\/ -->\n<title>Ratifica Congreso del Estado nombramiento del director del ISJU - Fuentes Fidedignas<\/title>\n<meta name=\"robots\" content=\"index, follow, max-snippet:-1, max-image-preview:large, max-video-preview:-1\" \/>\n<link rel=\"canonical\" href=\"https:\/\/fuentesfidedignas.com.mx\/index.php\/2021\/12\/02\/ratifica-congreso-del-estado-nombramiento-del-director-del-isju\/\" \/>\n<meta property=\"og:locale\" content=\"es_MX\" \/>\n<meta property=\"og:type\" content=\"article\" \/>\n<meta property=\"og:title\" content=\"Ratifica Congreso del Estado nombramiento del director del ISJU - Fuentes Fidedignas\" \/>\n<meta property=\"og:description\" content=\"Aprobada la dispensa de la segunda lectura, procedi\u00f3 la votaci\u00f3n que fue por c\u00e9dula, donde 35 diputadas y diputados aprobaron la ratificaci\u00f3n del nombramiento, mientras que dos votos fueron en sentido negativo. Culiac\u00e1n, Sin.- El Congreso del Estado de Sinaloa ratific\u00f3 el nombramiento de Sa\u00fal Gerardo Meza L\u00f3pez, como Director del Instituto Sinaloense de la [&hellip;]\" \/>\n<meta property=\"og:url\" content=\"https:\/\/fuentesfidedignas.com.mx\/index.php\/2021\/12\/02\/ratifica-congreso-del-estado-nombramiento-del-director-del-isju\/\" \/>\n<meta property=\"og:site_name\" content=\"Fuentes Fidedignas\" \/>\n<meta property=\"article:publisher\" content=\"https:\/\/www.facebook.com\/Fuentes-Fidedignas-368234489921644\" \/>\n<meta property=\"article:published_time\" content=\"2021-12-02T23:32:50+00:00\" \/>\n<meta property=\"article:modified_time\" content=\"2021-12-02T23:32:51+00:00\" \/>\n<meta property=\"og:image\" content=\"https:\/\/fuentesfidedignas.com.mx\/wp-content\/uploads\/2021\/12\/DIPUTADAS_PRI.jpg\" \/>\n\t<meta property=\"og:image:width\" content=\"1000\" \/>\n\t<meta property=\"og:image:height\" content=\"668\" \/>\n\t<meta property=\"og:image:type\" content=\"image\/jpeg\" \/>\n<meta name=\"author\" content=\"Redacci\u00f3n\" \/>\n<meta name=\"twitter:card\" content=\"summary_large_image\" \/>\n<meta name=\"twitter:creator\" content=\"@fidedignas\" \/>\n<meta name=\"twitter:site\" content=\"@fidedignas\" \/>\n<meta name=\"twitter:label1\" content=\"Escrito por\" \/>\n\t<meta name=\"twitter:data1\" content=\"Redacci\u00f3n\" \/>\n\t<meta name=\"twitter:label2\" content=\"Tiempo de lectura\" \/>\n\t<meta name=\"twitter:data2\" content=\"2 minutos\" \/>\n<script type=\"application\/ld+json\" class=\"yoast-schema-graph\">{\"@context\":\"https:\\\/\\\/schema.org\",\"@graph\":[{\"@type\":\"Article\",\"@id\":\"https:\\\/\\\/fuentesfidedignas.com.mx\\\/index.php\\\/2021\\\/12\\\/02\\\/ratifica-congreso-del-estado-nombramiento-del-director-del-isju\\\/#article\",\"isPartOf\":{\"@id\":\"https:\\\/\\\/fuentesfidedignas.com.mx\\\/index.php\\\/2021\\\/12\\\/02\\\/ratifica-congreso-del-estado-nombramiento-del-director-del-isju\\\/\"},\"author\":{\"name\":\"Redacci\u00f3n\",\"@id\":\"https:\\\/\\\/fuentesfidedignas.com.mx\\\/#\\\/schema\\\/person\\\/331be9283d37198e2acd5750279085b0\"},\"headline\":\"Ratifica Congreso del Estado nombramiento del director del ISJU\",\"datePublished\":\"2021-12-02T23:32:50+00:00\",\"dateModified\":\"2021-12-02T23:32:51+00:00\",\"mainEntityOfPage\":{\"@id\":\"https:\\\/\\\/fuentesfidedignas.com.mx\\\/index.php\\\/2021\\\/12\\\/02\\\/ratifica-congreso-del-estado-nombramiento-del-director-del-isju\\\/\"},\"wordCount\":489,\"commentCount\":0,\"publisher\":{\"@id\":\"https:\\\/\\\/fuentesfidedignas.com.mx\\\/#organization\"},\"image\":{\"@id\":\"https:\\\/\\\/fuentesfidedignas.com.mx\\\/index.php\\\/2021\\\/12\\\/02\\\/ratifica-congreso-del-estado-nombramiento-del-director-del-isju\\\/#primaryimage\"},\"thumbnailUrl\":\"https:\\\/\\\/fuentesfidedignas.com.mx\\\/wp-content\\\/uploads\\\/2021\\\/12\\\/DIPUTADAS_PRI.jpg\",\"keywords\":[\"Congreso del Estado de Sinaloa\",\"ISJU\"],\"articleSection\":[\"NOTA PRINCIPAL\"],\"inLanguage\":\"es\",\"potentialAction\":[{\"@type\":\"CommentAction\",\"name\":\"Comment\",\"target\":[\"https:\\\/\\\/fuentesfidedignas.com.mx\\\/index.php\\\/2021\\\/12\\\/02\\\/ratifica-congreso-del-estado-nombramiento-del-director-del-isju\\\/#respond\"]}]},{\"@type\":\"WebPage\",\"@id\":\"https:\\\/\\\/fuentesfidedignas.com.mx\\\/index.php\\\/2021\\\/12\\\/02\\\/ratifica-congreso-del-estado-nombramiento-del-director-del-isju\\\/\",\"url\":\"https:\\\/\\\/fuentesfidedignas.com.mx\\\/index.php\\\/2021\\\/12\\\/02\\\/ratifica-congreso-del-estado-nombramiento-del-director-del-isju\\\/\",\"name\":\"Ratifica Congreso del Estado nombramiento del director del ISJU - Fuentes Fidedignas\",\"isPartOf\":{\"@id\":\"https:\\\/\\\/fuentesfidedignas.com.mx\\\/#website\"},\"primaryImageOfPage\":{\"@id\":\"https:\\\/\\\/fuentesfidedignas.com.mx\\\/index.php\\\/2021\\\/12\\\/02\\\/ratifica-congreso-del-estado-nombramiento-del-director-del-isju\\\/#primaryimage\"},\"image\":{\"@id\":\"https:\\\/\\\/fuentesfidedignas.com.mx\\\/index.php\\\/2021\\\/12\\\/02\\\/ratifica-congreso-del-estado-nombramiento-del-director-del-isju\\\/#primaryimage\"},\"thumbnailUrl\":\"https:\\\/\\\/fuentesfidedignas.com.mx\\\/wp-content\\\/uploads\\\/2021\\\/12\\\/DIPUTADAS_PRI.jpg\",\"datePublished\":\"2021-12-02T23:32:50+00:00\",\"dateModified\":\"2021-12-02T23:32:51+00:00\",\"breadcrumb\":{\"@id\":\"https:\\\/\\\/fuentesfidedignas.com.mx\\\/index.php\\\/2021\\\/12\\\/02\\\/ratifica-congreso-del-estado-nombramiento-del-director-del-isju\\\/#breadcrumb\"},\"inLanguage\":\"es\",\"potentialAction\":[{\"@type\":\"ReadAction\",\"target\":[\"https:\\\/\\\/fuentesfidedignas.com.mx\\\/index.php\\\/2021\\\/12\\\/02\\\/ratifica-congreso-del-estado-nombramiento-del-director-del-isju\\\/\"]}]},{\"@type\":\"ImageObject\",\"inLanguage\":\"es\",\"@id\":\"https:\\\/\\\/fuentesfidedignas.com.mx\\\/index.php\\\/2021\\\/12\\\/02\\\/ratifica-congreso-del-estado-nombramiento-del-director-del-isju\\\/#primaryimage\",\"url\":\"https:\\\/\\\/fuentesfidedignas.com.mx\\\/wp-content\\\/uploads\\\/2021\\\/12\\\/DIPUTADAS_PRI.jpg\",\"contentUrl\":\"https:\\\/\\\/fuentesfidedignas.com.mx\\\/wp-content\\\/uploads\\\/2021\\\/12\\\/DIPUTADAS_PRI.jpg\",\"width\":1000,\"height\":668},{\"@type\":\"BreadcrumbList\",\"@id\":\"https:\\\/\\\/fuentesfidedignas.com.mx\\\/index.php\\\/2021\\\/12\\\/02\\\/ratifica-congreso-del-estado-nombramiento-del-director-del-isju\\\/#breadcrumb\",\"itemListElement\":[{\"@type\":\"ListItem\",\"position\":1,\"name\":\"Inicio\",\"item\":\"https:\\\/\\\/fuentesfidedignas.com.mx\\\/\"},{\"@type\":\"ListItem\",\"position\":2,\"name\":\"Ratifica Congreso del Estado nombramiento del director del ISJU\"}]},{\"@type\":\"WebSite\",\"@id\":\"https:\\\/\\\/fuentesfidedignas.com.mx\\\/#website\",\"url\":\"https:\\\/\\\/fuentesfidedignas.com.mx\\\/\",\"name\":\"Fuentes Fidedignas\",\"description\":\"Otro sitio realizado con WordPress\",\"publisher\":{\"@id\":\"https:\\\/\\\/fuentesfidedignas.com.mx\\\/#organization\"},\"potentialAction\":[{\"@type\":\"SearchAction\",\"target\":{\"@type\":\"EntryPoint\",\"urlTemplate\":\"https:\\\/\\\/fuentesfidedignas.com.mx\\\/?s={search_term_string}\"},\"query-input\":{\"@type\":\"PropertyValueSpecification\",\"valueRequired\":true,\"valueName\":\"search_term_string\"}}],\"inLanguage\":\"es\"},{\"@type\":\"Organization\",\"@id\":\"https:\\\/\\\/fuentesfidedignas.com.mx\\\/#organization\",\"name\":\"Fuentes Fidedignas\",\"url\":\"https:\\\/\\\/fuentesfidedignas.com.mx\\\/\",\"logo\":{\"@type\":\"ImageObject\",\"inLanguage\":\"es\",\"@id\":\"https:\\\/\\\/fuentesfidedignas.com.mx\\\/#\\\/schema\\\/logo\\\/image\\\/\",\"url\":\"https:\\\/\\\/fuentesfidedignas.com.mx\\\/wp-content\\\/uploads\\\/2021\\\/04\\\/logo-retina.png\",\"contentUrl\":\"https:\\\/\\\/fuentesfidedignas.com.mx\\\/wp-content\\\/uploads\\\/2021\\\/04\\\/logo-retina.png\",\"width\":280,\"height\":51,\"caption\":\"Fuentes Fidedignas\"},\"image\":{\"@id\":\"https:\\\/\\\/fuentesfidedignas.com.mx\\\/#\\\/schema\\\/logo\\\/image\\\/\"},\"sameAs\":[\"https:\\\/\\\/www.facebook.com\\\/Fuentes-Fidedignas-368234489921644\",\"https:\\\/\\\/x.com\\\/fidedignas\"]},{\"@type\":\"Person\",\"@id\":\"https:\\\/\\\/fuentesfidedignas.com.mx\\\/#\\\/schema\\\/person\\\/331be9283d37198e2acd5750279085b0\",\"name\":\"Redacci\u00f3n\",\"image\":{\"@type\":\"ImageObject\",\"inLanguage\":\"es\",\"@id\":\"https:\\\/\\\/secure.gravatar.com\\\/avatar\\\/f6d8782c11d12b2d4ad3fbb6931aeab5309937a4d6cd2fc9cfaa28a6396a5aec?s=96&d=mm&r=g\",\"url\":\"https:\\\/\\\/secure.gravatar.com\\\/avatar\\\/f6d8782c11d12b2d4ad3fbb6931aeab5309937a4d6cd2fc9cfaa28a6396a5aec?s=96&d=mm&r=g\",\"contentUrl\":\"https:\\\/\\\/secure.gravatar.com\\\/avatar\\\/f6d8782c11d12b2d4ad3fbb6931aeab5309937a4d6cd2fc9cfaa28a6396a5aec?s=96&d=mm&r=g\",\"caption\":\"Redacci\u00f3n\"},\"url\":\"https:\\\/\\\/fuentesfidedignas.com.mx\\\/index.php\\\/author\\\/redaccion\\\/\"}]}<\/script>\n<!-- \/ Yoast SEO plugin. -->","yoast_head_json":{"title":"Ratifica Congreso del Estado nombramiento del director del ISJU - Fuentes Fidedignas","robots":{"index":"index","follow":"follow","max-snippet":"max-snippet:-1","max-image-preview":"max-image-preview:large","max-video-preview":"max-video-preview:-1"},"canonical":"https:\/\/fuentesfidedignas.com.mx\/index.php\/2021\/12\/02\/ratifica-congreso-del-estado-nombramiento-del-director-del-isju\/","og_locale":"es_MX","og_type":"article","og_title":"Ratifica Congreso del Estado nombramiento del director del ISJU - Fuentes Fidedignas","og_description":"Aprobada la dispensa de la segunda lectura, procedi\u00f3 la votaci\u00f3n que fue por c\u00e9dula, donde 35 diputadas y diputados aprobaron la ratificaci\u00f3n del nombramiento, mientras que dos votos fueron en sentido negativo. Culiac\u00e1n, Sin.- El Congreso del Estado de Sinaloa ratific\u00f3 el nombramiento de Sa\u00fal Gerardo Meza L\u00f3pez, como Director del Instituto Sinaloense de la [&hellip;]","og_url":"https:\/\/fuentesfidedignas.com.mx\/index.php\/2021\/12\/02\/ratifica-congreso-del-estado-nombramiento-del-director-del-isju\/","og_site_name":"Fuentes Fidedignas","article_publisher":"https:\/\/www.facebook.com\/Fuentes-Fidedignas-368234489921644","article_published_time":"2021-12-02T23:32:50+00:00","article_modified_time":"2021-12-02T23:32:51+00:00","og_image":[{"width":1000,"height":668,"url":"https:\/\/fuentesfidedignas.com.mx\/wp-content\/uploads\/2021\/12\/DIPUTADAS_PRI.jpg","type":"image\/jpeg"}],"author":"Redacci\u00f3n","twitter_card":"summary_large_image","twitter_creator":"@fidedignas","twitter_site":"@fidedignas","twitter_misc":{"Escrito por":"Redacci\u00f3n","Tiempo de lectura":"2 minutos"},"schema":{"@context":"https:\/\/schema.org","@graph":[{"@type":"Article","@id":"https:\/\/fuentesfidedignas.com.mx\/index.php\/2021\/12\/02\/ratifica-congreso-del-estado-nombramiento-del-director-del-isju\/#article","isPartOf":{"@id":"https:\/\/fuentesfidedignas.com.mx\/index.php\/2021\/12\/02\/ratifica-congreso-del-estado-nombramiento-del-director-del-isju\/"},"author":{"name":"Redacci\u00f3n","@id":"https:\/\/fuentesfidedignas.com.mx\/#\/schema\/person\/331be9283d37198e2acd5750279085b0"},"headline":"Ratifica Congreso del Estado nombramiento del director del ISJU","datePublished":"2021-12-02T23:32:50+00:00","dateModified":"2021-12-02T23:32:51+00:00","mainEntityOfPage":{"@id":"https:\/\/fuentesfidedignas.com.mx\/index.php\/2021\/12\/02\/ratifica-congreso-del-estado-nombramiento-del-director-del-isju\/"},"wordCount":489,"commentCount":0,"publisher":{"@id":"https:\/\/fuentesfidedignas.com.mx\/#organization"},"image":{"@id":"https:\/\/fuentesfidedignas.com.mx\/index.php\/2021\/12\/02\/ratifica-congreso-del-estado-nombramiento-del-director-del-isju\/#primaryimage"},"thumbnailUrl":"https:\/\/fuentesfidedignas.com.mx\/wp-content\/uploads\/2021\/12\/DIPUTADAS_PRI.jpg","keywords":["Congreso del Estado de Sinaloa","ISJU"],"articleSection":["NOTA PRINCIPAL"],"inLanguage":"es","potentialAction":[{"@type":"CommentAction","name":"Comment","target":["https:\/\/fuentesfidedignas.com.mx\/index.php\/2021\/12\/02\/ratifica-congreso-del-estado-nombramiento-del-director-del-isju\/#respond"]}]},{"@type":"WebPage","@id":"https:\/\/fuentesfidedignas.com.mx\/index.php\/2021\/12\/02\/ratifica-congreso-del-estado-nombramiento-del-director-del-isju\/","url":"https:\/\/fuentesfidedignas.com.mx\/index.php\/2021\/12\/02\/ratifica-congreso-del-estado-nombramiento-del-director-del-isju\/","name":"Ratifica Congreso del Estado nombramiento del director del ISJU - Fuentes Fidedignas","isPartOf":{"@id":"https:\/\/fuentesfidedignas.com.mx\/#website"},"primaryImageOfPage":{"@id":"https:\/\/fuentesfidedignas.com.mx\/index.php\/2021\/12\/02\/ratifica-congreso-del-estado-nombramiento-del-director-del-isju\/#primaryimage"},"image":{"@id":"https:\/\/fuentesfidedignas.com.mx\/index.php\/2021\/12\/02\/ratifica-congreso-del-estado-nombramiento-del-director-del-isju\/#primaryimage"},"thumbnailUrl":"https:\/\/fuentesfidedignas.com.mx\/wp-content\/uploads\/2021\/12\/DIPUTADAS_PRI.jpg","datePublished":"2021-12-02T23:32:50+00:00","dateModified":"2021-12-02T23:32:51+00:00","breadcrumb":{"@id":"https:\/\/fuentesfidedignas.com.mx\/index.php\/2021\/12\/02\/ratifica-congreso-del-estado-nombramiento-del-director-del-isju\/#breadcrumb"},"inLanguage":"es","potentialAction":[{"@type":"ReadAction","target":["https:\/\/fuentesfidedignas.com.mx\/index.php\/2021\/12\/02\/ratifica-congreso-del-estado-nombramiento-del-director-del-isju\/"]}]},{"@type":"ImageObject","inLanguage":"es","@id":"https:\/\/fuentesfidedignas.com.mx\/index.php\/2021\/12\/02\/ratifica-congreso-del-estado-nombramiento-del-director-del-isju\/#primaryimage","url":"https:\/\/fuentesfidedignas.com.mx\/wp-content\/uploads\/2021\/12\/DIPUTADAS_PRI.jpg","contentUrl":"https:\/\/fuentesfidedignas.com.mx\/wp-content\/uploads\/2021\/12\/DIPUTADAS_PRI.jpg","width":1000,"height":668},{"@type":"BreadcrumbList","@id":"https:\/\/fuentesfidedignas.com.mx\/index.php\/2021\/12\/02\/ratifica-congreso-del-estado-nombramiento-del-director-del-isju\/#breadcrumb","itemListElement":[{"@type":"ListItem","position":1,"name":"Inicio","item":"https:\/\/fuentesfidedignas.com.mx\/"},{"@type":"ListItem","position":2,"name":"Ratifica Congreso del Estado nombramiento del director del ISJU"}]},{"@type":"WebSite","@id":"https:\/\/fuentesfidedignas.com.mx\/#website","url":"https:\/\/fuentesfidedignas.com.mx\/","name":"Fuentes Fidedignas","description":"Otro sitio realizado con WordPress","publisher":{"@id":"https:\/\/fuentesfidedignas.com.mx\/#organization"},"potentialAction":[{"@type":"SearchAction","target":{"@type":"EntryPoint","urlTemplate":"https:\/\/fuentesfidedignas.com.mx\/?s={search_term_string}"},"query-input":{"@type":"PropertyValueSpecification","valueRequired":true,"valueName":"search_term_string"}}],"inLanguage":"es"},{"@type":"Organization","@id":"https:\/\/fuentesfidedignas.com.mx\/#organization","name":"Fuentes Fidedignas","url":"https:\/\/fuentesfidedignas.com.mx\/","logo":{"@type":"ImageObject","inLanguage":"es","@id":"https:\/\/fuentesfidedignas.com.mx\/#\/schema\/logo\/image\/","url":"https:\/\/fuentesfidedignas.com.mx\/wp-content\/uploads\/2021\/04\/logo-retina.png","contentUrl":"https:\/\/fuentesfidedignas.com.mx\/wp-content\/uploads\/2021\/04\/logo-retina.png","width":280,"height":51,"caption":"Fuentes Fidedignas"},"image":{"@id":"https:\/\/fuentesfidedignas.com.mx\/#\/schema\/logo\/image\/"},"sameAs":["https:\/\/www.facebook.com\/Fuentes-Fidedignas-368234489921644","https:\/\/x.com\/fidedignas"]},{"@type":"Person","@id":"https:\/\/fuentesfidedignas.com.mx\/#\/schema\/person\/331be9283d37198e2acd5750279085b0","name":"Redacci\u00f3n","image":{"@type":"ImageObject","inLanguage":"es","@id":"https:\/\/secure.gravatar.com\/avatar\/f6d8782c11d12b2d4ad3fbb6931aeab5309937a4d6cd2fc9cfaa28a6396a5aec?s=96&d=mm&r=g","url":"https:\/\/secure.gravatar.com\/avatar\/f6d8782c11d12b2d4ad3fbb6931aeab5309937a4d6cd2fc9cfaa28a6396a5aec?s=96&d=mm&r=g","contentUrl":"https:\/\/secure.gravatar.com\/avatar\/f6d8782c11d12b2d4ad3fbb6931aeab5309937a4d6cd2fc9cfaa28a6396a5aec?s=96&d=mm&r=g","caption":"Redacci\u00f3n"},"url":"https:\/\/fuentesfidedignas.com.mx\/index.php\/author\/redaccion\/"}]}},"_links":{"self":[{"href":"https:\/\/fuentesfidedignas.com.mx\/index.php\/wp-json\/wp\/v2\/posts\/18942","targetHints":{"allow":["GET"]}}],"collection":[{"href":"https:\/\/fuentesfidedignas.com.mx\/index.php\/wp-json\/wp\/v2\/posts"}],"about":[{"href":"https:\/\/fuentesfidedignas.com.mx\/index.php\/wp-json\/wp\/v2\/types\/post"}],"author":[{"embeddable":true,"href":"https:\/\/fuentesfidedignas.com.mx\/index.php\/wp-json\/wp\/v2\/users\/4"}],"replies":[{"embeddable":true,"href":"https:\/\/fuentesfidedignas.com.mx\/index.php\/wp-json\/wp\/v2\/comments?post=18942"}],"version-history":[{"count":1,"href":"https:\/\/fuentesfidedignas.com.mx\/index.php\/wp-json\/wp\/v2\/posts\/18942\/revisions"}],"predecessor-version":[{"id":18944,"href":"https:\/\/fuentesfidedignas.com.mx\/index.php\/wp-json\/wp\/v2\/posts\/18942\/revisions\/18944"}],"wp:featuredmedia":[{"embeddable":true,"href":"https:\/\/fuentesfidedignas.com.mx\/index.php\/wp-json\/wp\/v2\/media\/18943"}],"wp:attachment":[{"href":"https:\/\/fuentesfidedignas.com.mx\/index.php\/wp-json\/wp\/v2\/media?parent=18942"}],"wp:term":[{"taxonomy":"category","embeddable":true,"href":"https:\/\/fuentesfidedignas.com.mx\/index.php\/wp-json\/wp\/v2\/categories?post=18942"},{"taxonomy":"post_tag","embeddable":true,"href":"https:\/\/fuentesfidedignas.com.mx\/index.php\/wp-json\/wp\/v2\/tags?post=18942"}],"curies":[{"name":"wp","href":"https:\/\/api.w.org\/{rel}","templated":true}]}}