{"id":1887,"date":"2021-05-13T07:57:20","date_gmt":"2021-05-13T14:57:20","guid":{"rendered":"https:\/\/fuentesfidedignas.com.mx\/?p=1887"},"modified":"2021-05-13T07:57:21","modified_gmt":"2021-05-13T14:57:21","slug":"el-pueblo-me-pide-que-me-reelija-pero-yo-les-digo-que-no-amlo","status":"publish","type":"post","link":"https:\/\/fuentesfidedignas.com.mx\/index.php\/2021\/05\/13\/el-pueblo-me-pide-que-me-reelija-pero-yo-les-digo-que-no-amlo\/","title":{"rendered":"El pueblo me pide que me reelija, pero yo les digo que no: AMLO"},"content":{"rendered":"\n<p><strong><em>L\u00f3pez Obrador dijo que pese a las peticiones del pueblo, \u00e9l es partidario de la no reelecci\u00f3n<\/em><\/strong><\/p>\n\n\n\n<p>Ciudad de M\u00e9xico.- El presidente Andr\u00e9s Manuel L\u00f3pez Obrador asever\u00f3 que su mandato ser\u00e1 hasta el 2024 y garantiz\u00f3 que es partidario de la no reelecci\u00f3n, pese a que constantemente, el pueblo le ha pedido que se reelija, asegur\u00f3.<\/p>\n\n\n\n<p>Durante su conferencia matutina en Palacio Nacional, L\u00f3pez Obrador asegur\u00f3 que entre su cercan\u00eda con el pueblo, ha habido quienes le han dicho &#8216;reelijase&#8217;, y su respuesta se ha mantenido negativa.<\/p>\n\n\n\n<p>\u201cDec\u00eda no, qu\u00e9 no ven que ya estoy chocheando y que adem\u00e1s soy partidario de la no reelecci\u00f3n, soy maderista. Ya hasta el 24 y me jubilo\u201d, dijo.<\/p>\n\n\n\n<p>AMLO neg\u00f3 que se haya alejado del pueblo, como han afirmado algunos grupos de campesinos en las zonas del sureste, quienes tambi\u00e9n aseguran que no han tenido oportunidad de acercarse a \u00e9l desde hace tiempo.<\/p>\n\n\n\n<p>\u201cNo, eso es falso. Yo todo el tiempo tengo comunicaci\u00f3n con el pueblo. Siempre estoy cuidando eso, porque el pol\u00edtico corrupto tradicional lo primero que hace es darle la espalda al pueblo. Se acercan al pueblo cuando necesitan los votos, fingen que est\u00e1n con la gente, los abrazan, los apapachan y ya despu\u00e9s no les ven ni el pelo, no los atienden\u201d, asever\u00f3.<\/p>\n","protected":false},"excerpt":{"rendered":"<p>L\u00f3pez Obrador dijo que pese a las peticiones del pueblo, \u00e9l es partidario de la no reelecci\u00f3n Ciudad de M\u00e9xico.- El presidente Andr\u00e9s Manuel L\u00f3pez Obrador asever\u00f3 que su mandato ser\u00e1 hasta el 2024 y garantiz\u00f3 que es partidario de la no reelecci\u00f3n, pese a que constantemente, el pueblo le ha pedido que se reelija, [&hellip;]<\/p>\n","protected":false},"author":14,"featured_media":1888,"comment_status":"open","ping_status":"open","sticky":false,"template":"","format":"standard","meta":{"tdm_status":"","tdm_grid_status":"","footnotes":""},"categories":[39],"tags":[247,297,276],"class_list":{"0":"post-1887","1":"post","2":"type-post","3":"status-publish","4":"format-standard","5":"has-post-thumbnail","7":"category-noticias-nacionales","8":"tag-amlo","9":"tag-andres-manuel-lopez-obrador","10":"tag-elecciones-2021"},"yoast_head":"<!-- This site is optimized with the Yoast SEO plugin v27.4 - https:\/\/yoast.com\/product\/yoast-seo-wordpress\/ -->\n<title>El pueblo me pide que me reelija, pero yo les digo que no: AMLO - Fuentes Fidedignas<\/title>\n<meta name=\"robots\" content=\"index, follow, max-snippet:-1, max-image-preview:large, max-video-preview:-1\" \/>\n<link rel=\"canonical\" href=\"https:\/\/fuentesfidedignas.com.mx\/index.php\/2021\/05\/13\/el-pueblo-me-pide-que-me-reelija-pero-yo-les-digo-que-no-amlo\/\" \/>\n<meta property=\"og:locale\" content=\"es_MX\" \/>\n<meta property=\"og:type\" content=\"article\" \/>\n<meta property=\"og:title\" content=\"El pueblo me pide que me reelija, pero yo les digo que no: AMLO - Fuentes Fidedignas\" \/>\n<meta property=\"og:description\" content=\"L\u00f3pez Obrador dijo que pese a las peticiones del pueblo, \u00e9l es partidario de la no reelecci\u00f3n Ciudad de M\u00e9xico.- El presidente Andr\u00e9s Manuel L\u00f3pez Obrador asever\u00f3 que su mandato ser\u00e1 hasta el 2024 y garantiz\u00f3 que es partidario de la no reelecci\u00f3n, pese a que constantemente, el pueblo le ha pedido que se reelija, [&hellip;]\" \/>\n<meta property=\"og:url\" content=\"https:\/\/fuentesfidedignas.com.mx\/index.php\/2021\/05\/13\/el-pueblo-me-pide-que-me-reelija-pero-yo-les-digo-que-no-amlo\/\" \/>\n<meta property=\"og:site_name\" content=\"Fuentes Fidedignas\" \/>\n<meta property=\"article:publisher\" content=\"https:\/\/www.facebook.com\/Fuentes-Fidedignas-368234489921644\" \/>\n<meta property=\"article:published_time\" content=\"2021-05-13T14:57:20+00:00\" \/>\n<meta property=\"article:modified_time\" content=\"2021-05-13T14:57:21+00:00\" \/>\n<meta property=\"og:image\" content=\"https:\/\/fuentesfidedignas.com.mx\/wp-content\/uploads\/2021\/05\/AMLO_CONFERENCIA.jpg\" \/>\n\t<meta property=\"og:image:width\" content=\"980\" \/>\n\t<meta property=\"og:image:height\" content=\"720\" \/>\n\t<meta property=\"og:image:type\" content=\"image\/jpeg\" \/>\n<meta name=\"author\" content=\"Vanguardia\" \/>\n<meta name=\"twitter:card\" content=\"summary_large_image\" \/>\n<meta name=\"twitter:creator\" content=\"@fidedignas\" \/>\n<meta name=\"twitter:site\" content=\"@fidedignas\" \/>\n<meta name=\"twitter:label1\" content=\"Escrito por\" \/>\n\t<meta name=\"twitter:data1\" content=\"Vanguardia\" \/>\n\t<meta name=\"twitter:label2\" content=\"Tiempo de lectura\" \/>\n\t<meta name=\"twitter:data2\" content=\"1 minuto\" \/>\n<script type=\"application\/ld+json\" class=\"yoast-schema-graph\">{\"@context\":\"https:\\\/\\\/schema.org\",\"@graph\":[{\"@type\":\"Article\",\"@id\":\"https:\\\/\\\/fuentesfidedignas.com.mx\\\/index.php\\\/2021\\\/05\\\/13\\\/el-pueblo-me-pide-que-me-reelija-pero-yo-les-digo-que-no-amlo\\\/#article\",\"isPartOf\":{\"@id\":\"https:\\\/\\\/fuentesfidedignas.com.mx\\\/index.php\\\/2021\\\/05\\\/13\\\/el-pueblo-me-pide-que-me-reelija-pero-yo-les-digo-que-no-amlo\\\/\"},\"author\":{\"name\":\"Vanguardia\",\"@id\":\"https:\\\/\\\/fuentesfidedignas.com.mx\\\/#\\\/schema\\\/person\\\/bce747fb6a0b0feefab1e3e7c4e84d2b\"},\"headline\":\"El pueblo me pide que me reelija, pero yo les digo que no: AMLO\",\"datePublished\":\"2021-05-13T14:57:20+00:00\",\"dateModified\":\"2021-05-13T14:57:21+00:00\",\"mainEntityOfPage\":{\"@id\":\"https:\\\/\\\/fuentesfidedignas.com.mx\\\/index.php\\\/2021\\\/05\\\/13\\\/el-pueblo-me-pide-que-me-reelija-pero-yo-les-digo-que-no-amlo\\\/\"},\"wordCount\":242,\"commentCount\":0,\"publisher\":{\"@id\":\"https:\\\/\\\/fuentesfidedignas.com.mx\\\/#organization\"},\"image\":{\"@id\":\"https:\\\/\\\/fuentesfidedignas.com.mx\\\/index.php\\\/2021\\\/05\\\/13\\\/el-pueblo-me-pide-que-me-reelija-pero-yo-les-digo-que-no-amlo\\\/#primaryimage\"},\"thumbnailUrl\":\"https:\\\/\\\/fuentesfidedignas.com.mx\\\/wp-content\\\/uploads\\\/2021\\\/05\\\/AMLO_CONFERENCIA.jpg\",\"keywords\":[\"AMLO\",\"Andr\u00e9s Manuel L\u00f3pez Obrador\",\"Elecciones 2021\"],\"articleSection\":[\"NOTICIAS NACIONALES\"],\"inLanguage\":\"es\",\"potentialAction\":[{\"@type\":\"CommentAction\",\"name\":\"Comment\",\"target\":[\"https:\\\/\\\/fuentesfidedignas.com.mx\\\/index.php\\\/2021\\\/05\\\/13\\\/el-pueblo-me-pide-que-me-reelija-pero-yo-les-digo-que-no-amlo\\\/#respond\"]}]},{\"@type\":\"WebPage\",\"@id\":\"https:\\\/\\\/fuentesfidedignas.com.mx\\\/index.php\\\/2021\\\/05\\\/13\\\/el-pueblo-me-pide-que-me-reelija-pero-yo-les-digo-que-no-amlo\\\/\",\"url\":\"https:\\\/\\\/fuentesfidedignas.com.mx\\\/index.php\\\/2021\\\/05\\\/13\\\/el-pueblo-me-pide-que-me-reelija-pero-yo-les-digo-que-no-amlo\\\/\",\"name\":\"El pueblo me pide que me reelija, pero yo les digo que no: AMLO - Fuentes Fidedignas\",\"isPartOf\":{\"@id\":\"https:\\\/\\\/fuentesfidedignas.com.mx\\\/#website\"},\"primaryImageOfPage\":{\"@id\":\"https:\\\/\\\/fuentesfidedignas.com.mx\\\/index.php\\\/2021\\\/05\\\/13\\\/el-pueblo-me-pide-que-me-reelija-pero-yo-les-digo-que-no-amlo\\\/#primaryimage\"},\"image\":{\"@id\":\"https:\\\/\\\/fuentesfidedignas.com.mx\\\/index.php\\\/2021\\\/05\\\/13\\\/el-pueblo-me-pide-que-me-reelija-pero-yo-les-digo-que-no-amlo\\\/#primaryimage\"},\"thumbnailUrl\":\"https:\\\/\\\/fuentesfidedignas.com.mx\\\/wp-content\\\/uploads\\\/2021\\\/05\\\/AMLO_CONFERENCIA.jpg\",\"datePublished\":\"2021-05-13T14:57:20+00:00\",\"dateModified\":\"2021-05-13T14:57:21+00:00\",\"breadcrumb\":{\"@id\":\"https:\\\/\\\/fuentesfidedignas.com.mx\\\/index.php\\\/2021\\\/05\\\/13\\\/el-pueblo-me-pide-que-me-reelija-pero-yo-les-digo-que-no-amlo\\\/#breadcrumb\"},\"inLanguage\":\"es\",\"potentialAction\":[{\"@type\":\"ReadAction\",\"target\":[\"https:\\\/\\\/fuentesfidedignas.com.mx\\\/index.php\\\/2021\\\/05\\\/13\\\/el-pueblo-me-pide-que-me-reelija-pero-yo-les-digo-que-no-amlo\\\/\"]}]},{\"@type\":\"ImageObject\",\"inLanguage\":\"es\",\"@id\":\"https:\\\/\\\/fuentesfidedignas.com.mx\\\/index.php\\\/2021\\\/05\\\/13\\\/el-pueblo-me-pide-que-me-reelija-pero-yo-les-digo-que-no-amlo\\\/#primaryimage\",\"url\":\"https:\\\/\\\/fuentesfidedignas.com.mx\\\/wp-content\\\/uploads\\\/2021\\\/05\\\/AMLO_CONFERENCIA.jpg\",\"contentUrl\":\"https:\\\/\\\/fuentesfidedignas.com.mx\\\/wp-content\\\/uploads\\\/2021\\\/05\\\/AMLO_CONFERENCIA.jpg\",\"width\":980,\"height\":720},{\"@type\":\"BreadcrumbList\",\"@id\":\"https:\\\/\\\/fuentesfidedignas.com.mx\\\/index.php\\\/2021\\\/05\\\/13\\\/el-pueblo-me-pide-que-me-reelija-pero-yo-les-digo-que-no-amlo\\\/#breadcrumb\",\"itemListElement\":[{\"@type\":\"ListItem\",\"position\":1,\"name\":\"Inicio\",\"item\":\"https:\\\/\\\/fuentesfidedignas.com.mx\\\/\"},{\"@type\":\"ListItem\",\"position\":2,\"name\":\"El pueblo me pide que me reelija, pero yo les digo que no: AMLO\"}]},{\"@type\":\"WebSite\",\"@id\":\"https:\\\/\\\/fuentesfidedignas.com.mx\\\/#website\",\"url\":\"https:\\\/\\\/fuentesfidedignas.com.mx\\\/\",\"name\":\"Fuentes Fidedignas\",\"description\":\"Otro sitio realizado con WordPress\",\"publisher\":{\"@id\":\"https:\\\/\\\/fuentesfidedignas.com.mx\\\/#organization\"},\"potentialAction\":[{\"@type\":\"SearchAction\",\"target\":{\"@type\":\"EntryPoint\",\"urlTemplate\":\"https:\\\/\\\/fuentesfidedignas.com.mx\\\/?s={search_term_string}\"},\"query-input\":{\"@type\":\"PropertyValueSpecification\",\"valueRequired\":true,\"valueName\":\"search_term_string\"}}],\"inLanguage\":\"es\"},{\"@type\":\"Organization\",\"@id\":\"https:\\\/\\\/fuentesfidedignas.com.mx\\\/#organization\",\"name\":\"Fuentes Fidedignas\",\"url\":\"https:\\\/\\\/fuentesfidedignas.com.mx\\\/\",\"logo\":{\"@type\":\"ImageObject\",\"inLanguage\":\"es\",\"@id\":\"https:\\\/\\\/fuentesfidedignas.com.mx\\\/#\\\/schema\\\/logo\\\/image\\\/\",\"url\":\"https:\\\/\\\/fuentesfidedignas.com.mx\\\/wp-content\\\/uploads\\\/2021\\\/04\\\/logo-retina.png\",\"contentUrl\":\"https:\\\/\\\/fuentesfidedignas.com.mx\\\/wp-content\\\/uploads\\\/2021\\\/04\\\/logo-retina.png\",\"width\":280,\"height\":51,\"caption\":\"Fuentes Fidedignas\"},\"image\":{\"@id\":\"https:\\\/\\\/fuentesfidedignas.com.mx\\\/#\\\/schema\\\/logo\\\/image\\\/\"},\"sameAs\":[\"https:\\\/\\\/www.facebook.com\\\/Fuentes-Fidedignas-368234489921644\",\"https:\\\/\\\/x.com\\\/fidedignas\"]},{\"@type\":\"Person\",\"@id\":\"https:\\\/\\\/fuentesfidedignas.com.mx\\\/#\\\/schema\\\/person\\\/bce747fb6a0b0feefab1e3e7c4e84d2b\",\"name\":\"Vanguardia\",\"image\":{\"@type\":\"ImageObject\",\"inLanguage\":\"es\",\"@id\":\"https:\\\/\\\/secure.gravatar.com\\\/avatar\\\/6d7e1e0fdcdef594fdfc9206070adafb95cd5cd9b47c113cb987d91ee74e35df?s=96&d=mm&r=g\",\"url\":\"https:\\\/\\\/secure.gravatar.com\\\/avatar\\\/6d7e1e0fdcdef594fdfc9206070adafb95cd5cd9b47c113cb987d91ee74e35df?s=96&d=mm&r=g\",\"contentUrl\":\"https:\\\/\\\/secure.gravatar.com\\\/avatar\\\/6d7e1e0fdcdef594fdfc9206070adafb95cd5cd9b47c113cb987d91ee74e35df?s=96&d=mm&r=g\",\"caption\":\"Vanguardia\"},\"url\":\"https:\\\/\\\/fuentesfidedignas.com.mx\\\/index.php\\\/author\\\/vanguardia\\\/\"}]}<\/script>\n<!-- \/ Yoast SEO plugin. -->","yoast_head_json":{"title":"El pueblo me pide que me reelija, pero yo les digo que no: AMLO - Fuentes Fidedignas","robots":{"index":"index","follow":"follow","max-snippet":"max-snippet:-1","max-image-preview":"max-image-preview:large","max-video-preview":"max-video-preview:-1"},"canonical":"https:\/\/fuentesfidedignas.com.mx\/index.php\/2021\/05\/13\/el-pueblo-me-pide-que-me-reelija-pero-yo-les-digo-que-no-amlo\/","og_locale":"es_MX","og_type":"article","og_title":"El pueblo me pide que me reelija, pero yo les digo que no: AMLO - Fuentes Fidedignas","og_description":"L\u00f3pez Obrador dijo que pese a las peticiones del pueblo, \u00e9l es partidario de la no reelecci\u00f3n Ciudad de M\u00e9xico.- El presidente Andr\u00e9s Manuel L\u00f3pez Obrador asever\u00f3 que su mandato ser\u00e1 hasta el 2024 y garantiz\u00f3 que es partidario de la no reelecci\u00f3n, pese a que constantemente, el pueblo le ha pedido que se reelija, [&hellip;]","og_url":"https:\/\/fuentesfidedignas.com.mx\/index.php\/2021\/05\/13\/el-pueblo-me-pide-que-me-reelija-pero-yo-les-digo-que-no-amlo\/","og_site_name":"Fuentes Fidedignas","article_publisher":"https:\/\/www.facebook.com\/Fuentes-Fidedignas-368234489921644","article_published_time":"2021-05-13T14:57:20+00:00","article_modified_time":"2021-05-13T14:57:21+00:00","og_image":[{"width":980,"height":720,"url":"https:\/\/fuentesfidedignas.com.mx\/wp-content\/uploads\/2021\/05\/AMLO_CONFERENCIA.jpg","type":"image\/jpeg"}],"author":"Vanguardia","twitter_card":"summary_large_image","twitter_creator":"@fidedignas","twitter_site":"@fidedignas","twitter_misc":{"Escrito por":"Vanguardia","Tiempo de lectura":"1 minuto"},"schema":{"@context":"https:\/\/schema.org","@graph":[{"@type":"Article","@id":"https:\/\/fuentesfidedignas.com.mx\/index.php\/2021\/05\/13\/el-pueblo-me-pide-que-me-reelija-pero-yo-les-digo-que-no-amlo\/#article","isPartOf":{"@id":"https:\/\/fuentesfidedignas.com.mx\/index.php\/2021\/05\/13\/el-pueblo-me-pide-que-me-reelija-pero-yo-les-digo-que-no-amlo\/"},"author":{"name":"Vanguardia","@id":"https:\/\/fuentesfidedignas.com.mx\/#\/schema\/person\/bce747fb6a0b0feefab1e3e7c4e84d2b"},"headline":"El pueblo me pide que me reelija, pero yo les digo que no: AMLO","datePublished":"2021-05-13T14:57:20+00:00","dateModified":"2021-05-13T14:57:21+00:00","mainEntityOfPage":{"@id":"https:\/\/fuentesfidedignas.com.mx\/index.php\/2021\/05\/13\/el-pueblo-me-pide-que-me-reelija-pero-yo-les-digo-que-no-amlo\/"},"wordCount":242,"commentCount":0,"publisher":{"@id":"https:\/\/fuentesfidedignas.com.mx\/#organization"},"image":{"@id":"https:\/\/fuentesfidedignas.com.mx\/index.php\/2021\/05\/13\/el-pueblo-me-pide-que-me-reelija-pero-yo-les-digo-que-no-amlo\/#primaryimage"},"thumbnailUrl":"https:\/\/fuentesfidedignas.com.mx\/wp-content\/uploads\/2021\/05\/AMLO_CONFERENCIA.jpg","keywords":["AMLO","Andr\u00e9s Manuel L\u00f3pez Obrador","Elecciones 2021"],"articleSection":["NOTICIAS NACIONALES"],"inLanguage":"es","potentialAction":[{"@type":"CommentAction","name":"Comment","target":["https:\/\/fuentesfidedignas.com.mx\/index.php\/2021\/05\/13\/el-pueblo-me-pide-que-me-reelija-pero-yo-les-digo-que-no-amlo\/#respond"]}]},{"@type":"WebPage","@id":"https:\/\/fuentesfidedignas.com.mx\/index.php\/2021\/05\/13\/el-pueblo-me-pide-que-me-reelija-pero-yo-les-digo-que-no-amlo\/","url":"https:\/\/fuentesfidedignas.com.mx\/index.php\/2021\/05\/13\/el-pueblo-me-pide-que-me-reelija-pero-yo-les-digo-que-no-amlo\/","name":"El pueblo me pide que me reelija, pero yo les digo que no: AMLO - Fuentes Fidedignas","isPartOf":{"@id":"https:\/\/fuentesfidedignas.com.mx\/#website"},"primaryImageOfPage":{"@id":"https:\/\/fuentesfidedignas.com.mx\/index.php\/2021\/05\/13\/el-pueblo-me-pide-que-me-reelija-pero-yo-les-digo-que-no-amlo\/#primaryimage"},"image":{"@id":"https:\/\/fuentesfidedignas.com.mx\/index.php\/2021\/05\/13\/el-pueblo-me-pide-que-me-reelija-pero-yo-les-digo-que-no-amlo\/#primaryimage"},"thumbnailUrl":"https:\/\/fuentesfidedignas.com.mx\/wp-content\/uploads\/2021\/05\/AMLO_CONFERENCIA.jpg","datePublished":"2021-05-13T14:57:20+00:00","dateModified":"2021-05-13T14:57:21+00:00","breadcrumb":{"@id":"https:\/\/fuentesfidedignas.com.mx\/index.php\/2021\/05\/13\/el-pueblo-me-pide-que-me-reelija-pero-yo-les-digo-que-no-amlo\/#breadcrumb"},"inLanguage":"es","potentialAction":[{"@type":"ReadAction","target":["https:\/\/fuentesfidedignas.com.mx\/index.php\/2021\/05\/13\/el-pueblo-me-pide-que-me-reelija-pero-yo-les-digo-que-no-amlo\/"]}]},{"@type":"ImageObject","inLanguage":"es","@id":"https:\/\/fuentesfidedignas.com.mx\/index.php\/2021\/05\/13\/el-pueblo-me-pide-que-me-reelija-pero-yo-les-digo-que-no-amlo\/#primaryimage","url":"https:\/\/fuentesfidedignas.com.mx\/wp-content\/uploads\/2021\/05\/AMLO_CONFERENCIA.jpg","contentUrl":"https:\/\/fuentesfidedignas.com.mx\/wp-content\/uploads\/2021\/05\/AMLO_CONFERENCIA.jpg","width":980,"height":720},{"@type":"BreadcrumbList","@id":"https:\/\/fuentesfidedignas.com.mx\/index.php\/2021\/05\/13\/el-pueblo-me-pide-que-me-reelija-pero-yo-les-digo-que-no-amlo\/#breadcrumb","itemListElement":[{"@type":"ListItem","position":1,"name":"Inicio","item":"https:\/\/fuentesfidedignas.com.mx\/"},{"@type":"ListItem","position":2,"name":"El pueblo me pide que me reelija, pero yo les digo que no: AMLO"}]},{"@type":"WebSite","@id":"https:\/\/fuentesfidedignas.com.mx\/#website","url":"https:\/\/fuentesfidedignas.com.mx\/","name":"Fuentes Fidedignas","description":"Otro sitio realizado con WordPress","publisher":{"@id":"https:\/\/fuentesfidedignas.com.mx\/#organization"},"potentialAction":[{"@type":"SearchAction","target":{"@type":"EntryPoint","urlTemplate":"https:\/\/fuentesfidedignas.com.mx\/?s={search_term_string}"},"query-input":{"@type":"PropertyValueSpecification","valueRequired":true,"valueName":"search_term_string"}}],"inLanguage":"es"},{"@type":"Organization","@id":"https:\/\/fuentesfidedignas.com.mx\/#organization","name":"Fuentes Fidedignas","url":"https:\/\/fuentesfidedignas.com.mx\/","logo":{"@type":"ImageObject","inLanguage":"es","@id":"https:\/\/fuentesfidedignas.com.mx\/#\/schema\/logo\/image\/","url":"https:\/\/fuentesfidedignas.com.mx\/wp-content\/uploads\/2021\/04\/logo-retina.png","contentUrl":"https:\/\/fuentesfidedignas.com.mx\/wp-content\/uploads\/2021\/04\/logo-retina.png","width":280,"height":51,"caption":"Fuentes Fidedignas"},"image":{"@id":"https:\/\/fuentesfidedignas.com.mx\/#\/schema\/logo\/image\/"},"sameAs":["https:\/\/www.facebook.com\/Fuentes-Fidedignas-368234489921644","https:\/\/x.com\/fidedignas"]},{"@type":"Person","@id":"https:\/\/fuentesfidedignas.com.mx\/#\/schema\/person\/bce747fb6a0b0feefab1e3e7c4e84d2b","name":"Vanguardia","image":{"@type":"ImageObject","inLanguage":"es","@id":"https:\/\/secure.gravatar.com\/avatar\/6d7e1e0fdcdef594fdfc9206070adafb95cd5cd9b47c113cb987d91ee74e35df?s=96&d=mm&r=g","url":"https:\/\/secure.gravatar.com\/avatar\/6d7e1e0fdcdef594fdfc9206070adafb95cd5cd9b47c113cb987d91ee74e35df?s=96&d=mm&r=g","contentUrl":"https:\/\/secure.gravatar.com\/avatar\/6d7e1e0fdcdef594fdfc9206070adafb95cd5cd9b47c113cb987d91ee74e35df?s=96&d=mm&r=g","caption":"Vanguardia"},"url":"https:\/\/fuentesfidedignas.com.mx\/index.php\/author\/vanguardia\/"}]}},"_links":{"self":[{"href":"https:\/\/fuentesfidedignas.com.mx\/index.php\/wp-json\/wp\/v2\/posts\/1887","targetHints":{"allow":["GET"]}}],"collection":[{"href":"https:\/\/fuentesfidedignas.com.mx\/index.php\/wp-json\/wp\/v2\/posts"}],"about":[{"href":"https:\/\/fuentesfidedignas.com.mx\/index.php\/wp-json\/wp\/v2\/types\/post"}],"author":[{"embeddable":true,"href":"https:\/\/fuentesfidedignas.com.mx\/index.php\/wp-json\/wp\/v2\/users\/14"}],"replies":[{"embeddable":true,"href":"https:\/\/fuentesfidedignas.com.mx\/index.php\/wp-json\/wp\/v2\/comments?post=1887"}],"version-history":[{"count":1,"href":"https:\/\/fuentesfidedignas.com.mx\/index.php\/wp-json\/wp\/v2\/posts\/1887\/revisions"}],"predecessor-version":[{"id":1889,"href":"https:\/\/fuentesfidedignas.com.mx\/index.php\/wp-json\/wp\/v2\/posts\/1887\/revisions\/1889"}],"wp:featuredmedia":[{"embeddable":true,"href":"https:\/\/fuentesfidedignas.com.mx\/index.php\/wp-json\/wp\/v2\/media\/1888"}],"wp:attachment":[{"href":"https:\/\/fuentesfidedignas.com.mx\/index.php\/wp-json\/wp\/v2\/media?parent=1887"}],"wp:term":[{"taxonomy":"category","embeddable":true,"href":"https:\/\/fuentesfidedignas.com.mx\/index.php\/wp-json\/wp\/v2\/categories?post=1887"},{"taxonomy":"post_tag","embeddable":true,"href":"https:\/\/fuentesfidedignas.com.mx\/index.php\/wp-json\/wp\/v2\/tags?post=1887"}],"curies":[{"name":"wp","href":"https:\/\/api.w.org\/{rel}","templated":true}]}}