{"id":18838,"date":"2021-12-01T14:33:57","date_gmt":"2021-12-01T21:33:57","guid":{"rendered":"https:\/\/fuentesfidedignas.com.mx\/?p=18838"},"modified":"2021-12-01T14:33:58","modified_gmt":"2021-12-01T21:33:58","slug":"gobierno-de-culiacan-renueva-la-campana-de-descuentos-en-el-predial-y-otros-impuestos","status":"publish","type":"post","link":"https:\/\/fuentesfidedignas.com.mx\/index.php\/2021\/12\/01\/gobierno-de-culiacan-renueva-la-campana-de-descuentos-en-el-predial-y-otros-impuestos\/","title":{"rendered":"Gobierno de Culiac\u00e1n renueva la campa\u00f1a de descuentos en el Predial y otros Impuestos"},"content":{"rendered":"\n<p><strong><em>Ser\u00e1 del del 1 al 8 de diciembre, el pago se puede realizar en cajas del Ayuntamiento en horario de oficina, es decir de 8 de la ma\u00f1ana a 3 de la tarde, as\u00ed como aprovechar el pago en l\u00ednea y hasta 6 meses sin intereses con tarjetas participantes. <\/em><\/strong><\/p>\n\n\n\n<p>Culiac\u00e1n, Sin.- La tesorera municipal Issel Guillermina Soto Gonz\u00e1lez, dio a conocer que hoy inicia la nueva campa\u00f1a de descuentos implementada por el Gobierno de Culiac\u00e1n que encabeza el alcalde Lic. Jes\u00fas Estrada Ferreiro para esta \u00e9poca decembrina.<\/p>\n\n\n\n<p>Explic\u00f3 que esta comprende descuentos del 85 por ciento en pago del impuesto predial, as\u00ed como rangos similares en otros impuestos, tal es el caso de Multas de Tr\u00e1nsito, ISAI, Pavimentaci\u00f3n, Mercados y V\u00eda P\u00fablica, Multas Municipales, entre otros.<\/p>\n\n\n\n<p>Asimismo, la funcionaria se\u00f1al\u00f3 que el pago se puede realizar en cajas del Ayuntamiento en horario de oficina, es decir de 8 de la ma\u00f1ana a 3 de la tarde, as\u00ed como aprovechar el pago en l\u00ednea y hasta 6 meses sin intereses con tarjetas participantes.<\/p>\n\n\n\n<p>De igual forma, dio a conocer que esta es la \u00faltima campa\u00f1a del a\u00f1o en este tipo de descuentos e invit\u00f3 a la poblaci\u00f3n a regularizarse en sus pagos para aprovechar esta oportunidad.<\/p>\n\n\n\n<p>Finalmente, enfatiz\u00f3 que las cajas externas al Ayuntamiento, tiendas de conveniencia y bancos, siguen disponibles para la comodidad y seguridad sanitaria de quienes prefieran pagar a trav\u00e9s de estos medios; adem\u00e1s, dijo que la meta de recaudaci\u00f3n en esta etapa es de 20 millones de pesos.<\/p>\n\n\n\n<p>Cabe resaltar que dicho recurso como ya se ha venido realizando desde el inicio de esta administraci\u00f3n, ser\u00e1 invertido en m\u00e1s y mejores servicios p\u00fablicos para todo el municipio.<\/p>\n","protected":false},"excerpt":{"rendered":"<p>Ser\u00e1 del del 1 al 8 de diciembre, el pago se puede realizar en cajas del Ayuntamiento en horario de oficina, es decir de 8 de la ma\u00f1ana a 3 de la tarde, as\u00ed como aprovechar el pago en l\u00ednea y hasta 6 meses sin intereses con tarjetas participantes. Culiac\u00e1n, Sin.- La tesorera municipal Issel [&hellip;]<\/p>\n","protected":false},"author":4,"featured_media":18839,"comment_status":"open","ping_status":"open","sticky":false,"template":"","format":"standard","meta":{"tdm_status":"","tdm_grid_status":"","footnotes":""},"categories":[37],"tags":[],"class_list":{"0":"post-18838","1":"post","2":"type-post","3":"status-publish","4":"format-standard","5":"has-post-thumbnail","7":"category-nota-principal"},"yoast_head":"<!-- This site is optimized with the Yoast SEO plugin v27.5 - https:\/\/yoast.com\/product\/yoast-seo-wordpress\/ -->\n<title>Gobierno de Culiac\u00e1n renueva la campa\u00f1a de descuentos en el Predial y otros Impuestos - Fuentes Fidedignas<\/title>\n<meta name=\"robots\" content=\"index, follow, max-snippet:-1, max-image-preview:large, max-video-preview:-1\" \/>\n<link rel=\"canonical\" href=\"https:\/\/fuentesfidedignas.com.mx\/index.php\/2021\/12\/01\/gobierno-de-culiacan-renueva-la-campana-de-descuentos-en-el-predial-y-otros-impuestos\/\" \/>\n<meta property=\"og:locale\" content=\"es_MX\" \/>\n<meta property=\"og:type\" content=\"article\" \/>\n<meta property=\"og:title\" content=\"Gobierno de Culiac\u00e1n renueva la campa\u00f1a de descuentos en el Predial y otros Impuestos - Fuentes Fidedignas\" \/>\n<meta property=\"og:description\" content=\"Ser\u00e1 del del 1 al 8 de diciembre, el pago se puede realizar en cajas del Ayuntamiento en horario de oficina, es decir de 8 de la ma\u00f1ana a 3 de la tarde, as\u00ed como aprovechar el pago en l\u00ednea y hasta 6 meses sin intereses con tarjetas participantes. Culiac\u00e1n, Sin.- La tesorera municipal Issel [&hellip;]\" \/>\n<meta property=\"og:url\" content=\"https:\/\/fuentesfidedignas.com.mx\/index.php\/2021\/12\/01\/gobierno-de-culiacan-renueva-la-campana-de-descuentos-en-el-predial-y-otros-impuestos\/\" \/>\n<meta property=\"og:site_name\" content=\"Fuentes Fidedignas\" \/>\n<meta property=\"article:publisher\" content=\"https:\/\/www.facebook.com\/Fuentes-Fidedignas-368234489921644\" \/>\n<meta property=\"article:published_time\" content=\"2021-12-01T21:33:57+00:00\" \/>\n<meta property=\"article:modified_time\" content=\"2021-12-01T21:33:58+00:00\" \/>\n<meta property=\"og:image\" content=\"https:\/\/fuentesfidedignas.com.mx\/wp-content\/uploads\/2021\/12\/TESORERA_CLN.jpg\" \/>\n\t<meta property=\"og:image:width\" content=\"1600\" \/>\n\t<meta property=\"og:image:height\" content=\"1201\" \/>\n\t<meta property=\"og:image:type\" content=\"image\/jpeg\" \/>\n<meta name=\"author\" content=\"Redacci\u00f3n\" \/>\n<meta name=\"twitter:card\" content=\"summary_large_image\" \/>\n<meta name=\"twitter:creator\" content=\"@fidedignas\" \/>\n<meta name=\"twitter:site\" content=\"@fidedignas\" \/>\n<meta name=\"twitter:label1\" content=\"Escrito por\" \/>\n\t<meta name=\"twitter:data1\" content=\"Redacci\u00f3n\" \/>\n\t<meta name=\"twitter:label2\" content=\"Tiempo de lectura\" \/>\n\t<meta name=\"twitter:data2\" content=\"2 minutos\" \/>\n<script type=\"application\/ld+json\" class=\"yoast-schema-graph\">{\"@context\":\"https:\\\/\\\/schema.org\",\"@graph\":[{\"@type\":\"Article\",\"@id\":\"https:\\\/\\\/fuentesfidedignas.com.mx\\\/index.php\\\/2021\\\/12\\\/01\\\/gobierno-de-culiacan-renueva-la-campana-de-descuentos-en-el-predial-y-otros-impuestos\\\/#article\",\"isPartOf\":{\"@id\":\"https:\\\/\\\/fuentesfidedignas.com.mx\\\/index.php\\\/2021\\\/12\\\/01\\\/gobierno-de-culiacan-renueva-la-campana-de-descuentos-en-el-predial-y-otros-impuestos\\\/\"},\"author\":{\"name\":\"Redacci\u00f3n\",\"@id\":\"https:\\\/\\\/fuentesfidedignas.com.mx\\\/#\\\/schema\\\/person\\\/331be9283d37198e2acd5750279085b0\"},\"headline\":\"Gobierno de Culiac\u00e1n renueva la campa\u00f1a de descuentos en el Predial y otros Impuestos\",\"datePublished\":\"2021-12-01T21:33:57+00:00\",\"dateModified\":\"2021-12-01T21:33:58+00:00\",\"mainEntityOfPage\":{\"@id\":\"https:\\\/\\\/fuentesfidedignas.com.mx\\\/index.php\\\/2021\\\/12\\\/01\\\/gobierno-de-culiacan-renueva-la-campana-de-descuentos-en-el-predial-y-otros-impuestos\\\/\"},\"wordCount\":310,\"commentCount\":0,\"publisher\":{\"@id\":\"https:\\\/\\\/fuentesfidedignas.com.mx\\\/#organization\"},\"image\":{\"@id\":\"https:\\\/\\\/fuentesfidedignas.com.mx\\\/index.php\\\/2021\\\/12\\\/01\\\/gobierno-de-culiacan-renueva-la-campana-de-descuentos-en-el-predial-y-otros-impuestos\\\/#primaryimage\"},\"thumbnailUrl\":\"https:\\\/\\\/fuentesfidedignas.com.mx\\\/wp-content\\\/uploads\\\/2021\\\/12\\\/TESORERA_CLN.jpg\",\"articleSection\":[\"NOTA PRINCIPAL\"],\"inLanguage\":\"es\",\"potentialAction\":[{\"@type\":\"CommentAction\",\"name\":\"Comment\",\"target\":[\"https:\\\/\\\/fuentesfidedignas.com.mx\\\/index.php\\\/2021\\\/12\\\/01\\\/gobierno-de-culiacan-renueva-la-campana-de-descuentos-en-el-predial-y-otros-impuestos\\\/#respond\"]}]},{\"@type\":\"WebPage\",\"@id\":\"https:\\\/\\\/fuentesfidedignas.com.mx\\\/index.php\\\/2021\\\/12\\\/01\\\/gobierno-de-culiacan-renueva-la-campana-de-descuentos-en-el-predial-y-otros-impuestos\\\/\",\"url\":\"https:\\\/\\\/fuentesfidedignas.com.mx\\\/index.php\\\/2021\\\/12\\\/01\\\/gobierno-de-culiacan-renueva-la-campana-de-descuentos-en-el-predial-y-otros-impuestos\\\/\",\"name\":\"Gobierno de Culiac\u00e1n renueva la campa\u00f1a de descuentos en el Predial y otros Impuestos - Fuentes Fidedignas\",\"isPartOf\":{\"@id\":\"https:\\\/\\\/fuentesfidedignas.com.mx\\\/#website\"},\"primaryImageOfPage\":{\"@id\":\"https:\\\/\\\/fuentesfidedignas.com.mx\\\/index.php\\\/2021\\\/12\\\/01\\\/gobierno-de-culiacan-renueva-la-campana-de-descuentos-en-el-predial-y-otros-impuestos\\\/#primaryimage\"},\"image\":{\"@id\":\"https:\\\/\\\/fuentesfidedignas.com.mx\\\/index.php\\\/2021\\\/12\\\/01\\\/gobierno-de-culiacan-renueva-la-campana-de-descuentos-en-el-predial-y-otros-impuestos\\\/#primaryimage\"},\"thumbnailUrl\":\"https:\\\/\\\/fuentesfidedignas.com.mx\\\/wp-content\\\/uploads\\\/2021\\\/12\\\/TESORERA_CLN.jpg\",\"datePublished\":\"2021-12-01T21:33:57+00:00\",\"dateModified\":\"2021-12-01T21:33:58+00:00\",\"breadcrumb\":{\"@id\":\"https:\\\/\\\/fuentesfidedignas.com.mx\\\/index.php\\\/2021\\\/12\\\/01\\\/gobierno-de-culiacan-renueva-la-campana-de-descuentos-en-el-predial-y-otros-impuestos\\\/#breadcrumb\"},\"inLanguage\":\"es\",\"potentialAction\":[{\"@type\":\"ReadAction\",\"target\":[\"https:\\\/\\\/fuentesfidedignas.com.mx\\\/index.php\\\/2021\\\/12\\\/01\\\/gobierno-de-culiacan-renueva-la-campana-de-descuentos-en-el-predial-y-otros-impuestos\\\/\"]}]},{\"@type\":\"ImageObject\",\"inLanguage\":\"es\",\"@id\":\"https:\\\/\\\/fuentesfidedignas.com.mx\\\/index.php\\\/2021\\\/12\\\/01\\\/gobierno-de-culiacan-renueva-la-campana-de-descuentos-en-el-predial-y-otros-impuestos\\\/#primaryimage\",\"url\":\"https:\\\/\\\/fuentesfidedignas.com.mx\\\/wp-content\\\/uploads\\\/2021\\\/12\\\/TESORERA_CLN.jpg\",\"contentUrl\":\"https:\\\/\\\/fuentesfidedignas.com.mx\\\/wp-content\\\/uploads\\\/2021\\\/12\\\/TESORERA_CLN.jpg\",\"width\":1600,\"height\":1201},{\"@type\":\"BreadcrumbList\",\"@id\":\"https:\\\/\\\/fuentesfidedignas.com.mx\\\/index.php\\\/2021\\\/12\\\/01\\\/gobierno-de-culiacan-renueva-la-campana-de-descuentos-en-el-predial-y-otros-impuestos\\\/#breadcrumb\",\"itemListElement\":[{\"@type\":\"ListItem\",\"position\":1,\"name\":\"Inicio\",\"item\":\"https:\\\/\\\/fuentesfidedignas.com.mx\\\/\"},{\"@type\":\"ListItem\",\"position\":2,\"name\":\"Gobierno de Culiac\u00e1n renueva la campa\u00f1a de descuentos en el Predial y otros Impuestos\"}]},{\"@type\":\"WebSite\",\"@id\":\"https:\\\/\\\/fuentesfidedignas.com.mx\\\/#website\",\"url\":\"https:\\\/\\\/fuentesfidedignas.com.mx\\\/\",\"name\":\"Fuentes Fidedignas\",\"description\":\"Otro sitio realizado con WordPress\",\"publisher\":{\"@id\":\"https:\\\/\\\/fuentesfidedignas.com.mx\\\/#organization\"},\"potentialAction\":[{\"@type\":\"SearchAction\",\"target\":{\"@type\":\"EntryPoint\",\"urlTemplate\":\"https:\\\/\\\/fuentesfidedignas.com.mx\\\/?s={search_term_string}\"},\"query-input\":{\"@type\":\"PropertyValueSpecification\",\"valueRequired\":true,\"valueName\":\"search_term_string\"}}],\"inLanguage\":\"es\"},{\"@type\":\"Organization\",\"@id\":\"https:\\\/\\\/fuentesfidedignas.com.mx\\\/#organization\",\"name\":\"Fuentes Fidedignas\",\"url\":\"https:\\\/\\\/fuentesfidedignas.com.mx\\\/\",\"logo\":{\"@type\":\"ImageObject\",\"inLanguage\":\"es\",\"@id\":\"https:\\\/\\\/fuentesfidedignas.com.mx\\\/#\\\/schema\\\/logo\\\/image\\\/\",\"url\":\"https:\\\/\\\/fuentesfidedignas.com.mx\\\/wp-content\\\/uploads\\\/2021\\\/04\\\/logo-retina.png\",\"contentUrl\":\"https:\\\/\\\/fuentesfidedignas.com.mx\\\/wp-content\\\/uploads\\\/2021\\\/04\\\/logo-retina.png\",\"width\":280,\"height\":51,\"caption\":\"Fuentes Fidedignas\"},\"image\":{\"@id\":\"https:\\\/\\\/fuentesfidedignas.com.mx\\\/#\\\/schema\\\/logo\\\/image\\\/\"},\"sameAs\":[\"https:\\\/\\\/www.facebook.com\\\/Fuentes-Fidedignas-368234489921644\",\"https:\\\/\\\/x.com\\\/fidedignas\"]},{\"@type\":\"Person\",\"@id\":\"https:\\\/\\\/fuentesfidedignas.com.mx\\\/#\\\/schema\\\/person\\\/331be9283d37198e2acd5750279085b0\",\"name\":\"Redacci\u00f3n\",\"image\":{\"@type\":\"ImageObject\",\"inLanguage\":\"es\",\"@id\":\"https:\\\/\\\/secure.gravatar.com\\\/avatar\\\/f6d8782c11d12b2d4ad3fbb6931aeab5309937a4d6cd2fc9cfaa28a6396a5aec?s=96&d=mm&r=g\",\"url\":\"https:\\\/\\\/secure.gravatar.com\\\/avatar\\\/f6d8782c11d12b2d4ad3fbb6931aeab5309937a4d6cd2fc9cfaa28a6396a5aec?s=96&d=mm&r=g\",\"contentUrl\":\"https:\\\/\\\/secure.gravatar.com\\\/avatar\\\/f6d8782c11d12b2d4ad3fbb6931aeab5309937a4d6cd2fc9cfaa28a6396a5aec?s=96&d=mm&r=g\",\"caption\":\"Redacci\u00f3n\"},\"url\":\"https:\\\/\\\/fuentesfidedignas.com.mx\\\/index.php\\\/author\\\/redaccion\\\/\"}]}<\/script>\n<!-- \/ Yoast SEO plugin. -->","yoast_head_json":{"title":"Gobierno de Culiac\u00e1n renueva la campa\u00f1a de descuentos en el Predial y otros Impuestos - Fuentes Fidedignas","robots":{"index":"index","follow":"follow","max-snippet":"max-snippet:-1","max-image-preview":"max-image-preview:large","max-video-preview":"max-video-preview:-1"},"canonical":"https:\/\/fuentesfidedignas.com.mx\/index.php\/2021\/12\/01\/gobierno-de-culiacan-renueva-la-campana-de-descuentos-en-el-predial-y-otros-impuestos\/","og_locale":"es_MX","og_type":"article","og_title":"Gobierno de Culiac\u00e1n renueva la campa\u00f1a de descuentos en el Predial y otros Impuestos - Fuentes Fidedignas","og_description":"Ser\u00e1 del del 1 al 8 de diciembre, el pago se puede realizar en cajas del Ayuntamiento en horario de oficina, es decir de 8 de la ma\u00f1ana a 3 de la tarde, as\u00ed como aprovechar el pago en l\u00ednea y hasta 6 meses sin intereses con tarjetas participantes. Culiac\u00e1n, Sin.- La tesorera municipal Issel [&hellip;]","og_url":"https:\/\/fuentesfidedignas.com.mx\/index.php\/2021\/12\/01\/gobierno-de-culiacan-renueva-la-campana-de-descuentos-en-el-predial-y-otros-impuestos\/","og_site_name":"Fuentes Fidedignas","article_publisher":"https:\/\/www.facebook.com\/Fuentes-Fidedignas-368234489921644","article_published_time":"2021-12-01T21:33:57+00:00","article_modified_time":"2021-12-01T21:33:58+00:00","og_image":[{"width":1600,"height":1201,"url":"https:\/\/fuentesfidedignas.com.mx\/wp-content\/uploads\/2021\/12\/TESORERA_CLN.jpg","type":"image\/jpeg"}],"author":"Redacci\u00f3n","twitter_card":"summary_large_image","twitter_creator":"@fidedignas","twitter_site":"@fidedignas","twitter_misc":{"Escrito por":"Redacci\u00f3n","Tiempo de lectura":"2 minutos"},"schema":{"@context":"https:\/\/schema.org","@graph":[{"@type":"Article","@id":"https:\/\/fuentesfidedignas.com.mx\/index.php\/2021\/12\/01\/gobierno-de-culiacan-renueva-la-campana-de-descuentos-en-el-predial-y-otros-impuestos\/#article","isPartOf":{"@id":"https:\/\/fuentesfidedignas.com.mx\/index.php\/2021\/12\/01\/gobierno-de-culiacan-renueva-la-campana-de-descuentos-en-el-predial-y-otros-impuestos\/"},"author":{"name":"Redacci\u00f3n","@id":"https:\/\/fuentesfidedignas.com.mx\/#\/schema\/person\/331be9283d37198e2acd5750279085b0"},"headline":"Gobierno de Culiac\u00e1n renueva la campa\u00f1a de descuentos en el Predial y otros Impuestos","datePublished":"2021-12-01T21:33:57+00:00","dateModified":"2021-12-01T21:33:58+00:00","mainEntityOfPage":{"@id":"https:\/\/fuentesfidedignas.com.mx\/index.php\/2021\/12\/01\/gobierno-de-culiacan-renueva-la-campana-de-descuentos-en-el-predial-y-otros-impuestos\/"},"wordCount":310,"commentCount":0,"publisher":{"@id":"https:\/\/fuentesfidedignas.com.mx\/#organization"},"image":{"@id":"https:\/\/fuentesfidedignas.com.mx\/index.php\/2021\/12\/01\/gobierno-de-culiacan-renueva-la-campana-de-descuentos-en-el-predial-y-otros-impuestos\/#primaryimage"},"thumbnailUrl":"https:\/\/fuentesfidedignas.com.mx\/wp-content\/uploads\/2021\/12\/TESORERA_CLN.jpg","articleSection":["NOTA PRINCIPAL"],"inLanguage":"es","potentialAction":[{"@type":"CommentAction","name":"Comment","target":["https:\/\/fuentesfidedignas.com.mx\/index.php\/2021\/12\/01\/gobierno-de-culiacan-renueva-la-campana-de-descuentos-en-el-predial-y-otros-impuestos\/#respond"]}]},{"@type":"WebPage","@id":"https:\/\/fuentesfidedignas.com.mx\/index.php\/2021\/12\/01\/gobierno-de-culiacan-renueva-la-campana-de-descuentos-en-el-predial-y-otros-impuestos\/","url":"https:\/\/fuentesfidedignas.com.mx\/index.php\/2021\/12\/01\/gobierno-de-culiacan-renueva-la-campana-de-descuentos-en-el-predial-y-otros-impuestos\/","name":"Gobierno de Culiac\u00e1n renueva la campa\u00f1a de descuentos en el Predial y otros Impuestos - Fuentes Fidedignas","isPartOf":{"@id":"https:\/\/fuentesfidedignas.com.mx\/#website"},"primaryImageOfPage":{"@id":"https:\/\/fuentesfidedignas.com.mx\/index.php\/2021\/12\/01\/gobierno-de-culiacan-renueva-la-campana-de-descuentos-en-el-predial-y-otros-impuestos\/#primaryimage"},"image":{"@id":"https:\/\/fuentesfidedignas.com.mx\/index.php\/2021\/12\/01\/gobierno-de-culiacan-renueva-la-campana-de-descuentos-en-el-predial-y-otros-impuestos\/#primaryimage"},"thumbnailUrl":"https:\/\/fuentesfidedignas.com.mx\/wp-content\/uploads\/2021\/12\/TESORERA_CLN.jpg","datePublished":"2021-12-01T21:33:57+00:00","dateModified":"2021-12-01T21:33:58+00:00","breadcrumb":{"@id":"https:\/\/fuentesfidedignas.com.mx\/index.php\/2021\/12\/01\/gobierno-de-culiacan-renueva-la-campana-de-descuentos-en-el-predial-y-otros-impuestos\/#breadcrumb"},"inLanguage":"es","potentialAction":[{"@type":"ReadAction","target":["https:\/\/fuentesfidedignas.com.mx\/index.php\/2021\/12\/01\/gobierno-de-culiacan-renueva-la-campana-de-descuentos-en-el-predial-y-otros-impuestos\/"]}]},{"@type":"ImageObject","inLanguage":"es","@id":"https:\/\/fuentesfidedignas.com.mx\/index.php\/2021\/12\/01\/gobierno-de-culiacan-renueva-la-campana-de-descuentos-en-el-predial-y-otros-impuestos\/#primaryimage","url":"https:\/\/fuentesfidedignas.com.mx\/wp-content\/uploads\/2021\/12\/TESORERA_CLN.jpg","contentUrl":"https:\/\/fuentesfidedignas.com.mx\/wp-content\/uploads\/2021\/12\/TESORERA_CLN.jpg","width":1600,"height":1201},{"@type":"BreadcrumbList","@id":"https:\/\/fuentesfidedignas.com.mx\/index.php\/2021\/12\/01\/gobierno-de-culiacan-renueva-la-campana-de-descuentos-en-el-predial-y-otros-impuestos\/#breadcrumb","itemListElement":[{"@type":"ListItem","position":1,"name":"Inicio","item":"https:\/\/fuentesfidedignas.com.mx\/"},{"@type":"ListItem","position":2,"name":"Gobierno de Culiac\u00e1n renueva la campa\u00f1a de descuentos en el Predial y otros Impuestos"}]},{"@type":"WebSite","@id":"https:\/\/fuentesfidedignas.com.mx\/#website","url":"https:\/\/fuentesfidedignas.com.mx\/","name":"Fuentes Fidedignas","description":"Otro sitio realizado con WordPress","publisher":{"@id":"https:\/\/fuentesfidedignas.com.mx\/#organization"},"potentialAction":[{"@type":"SearchAction","target":{"@type":"EntryPoint","urlTemplate":"https:\/\/fuentesfidedignas.com.mx\/?s={search_term_string}"},"query-input":{"@type":"PropertyValueSpecification","valueRequired":true,"valueName":"search_term_string"}}],"inLanguage":"es"},{"@type":"Organization","@id":"https:\/\/fuentesfidedignas.com.mx\/#organization","name":"Fuentes Fidedignas","url":"https:\/\/fuentesfidedignas.com.mx\/","logo":{"@type":"ImageObject","inLanguage":"es","@id":"https:\/\/fuentesfidedignas.com.mx\/#\/schema\/logo\/image\/","url":"https:\/\/fuentesfidedignas.com.mx\/wp-content\/uploads\/2021\/04\/logo-retina.png","contentUrl":"https:\/\/fuentesfidedignas.com.mx\/wp-content\/uploads\/2021\/04\/logo-retina.png","width":280,"height":51,"caption":"Fuentes Fidedignas"},"image":{"@id":"https:\/\/fuentesfidedignas.com.mx\/#\/schema\/logo\/image\/"},"sameAs":["https:\/\/www.facebook.com\/Fuentes-Fidedignas-368234489921644","https:\/\/x.com\/fidedignas"]},{"@type":"Person","@id":"https:\/\/fuentesfidedignas.com.mx\/#\/schema\/person\/331be9283d37198e2acd5750279085b0","name":"Redacci\u00f3n","image":{"@type":"ImageObject","inLanguage":"es","@id":"https:\/\/secure.gravatar.com\/avatar\/f6d8782c11d12b2d4ad3fbb6931aeab5309937a4d6cd2fc9cfaa28a6396a5aec?s=96&d=mm&r=g","url":"https:\/\/secure.gravatar.com\/avatar\/f6d8782c11d12b2d4ad3fbb6931aeab5309937a4d6cd2fc9cfaa28a6396a5aec?s=96&d=mm&r=g","contentUrl":"https:\/\/secure.gravatar.com\/avatar\/f6d8782c11d12b2d4ad3fbb6931aeab5309937a4d6cd2fc9cfaa28a6396a5aec?s=96&d=mm&r=g","caption":"Redacci\u00f3n"},"url":"https:\/\/fuentesfidedignas.com.mx\/index.php\/author\/redaccion\/"}]}},"_links":{"self":[{"href":"https:\/\/fuentesfidedignas.com.mx\/index.php\/wp-json\/wp\/v2\/posts\/18838","targetHints":{"allow":["GET"]}}],"collection":[{"href":"https:\/\/fuentesfidedignas.com.mx\/index.php\/wp-json\/wp\/v2\/posts"}],"about":[{"href":"https:\/\/fuentesfidedignas.com.mx\/index.php\/wp-json\/wp\/v2\/types\/post"}],"author":[{"embeddable":true,"href":"https:\/\/fuentesfidedignas.com.mx\/index.php\/wp-json\/wp\/v2\/users\/4"}],"replies":[{"embeddable":true,"href":"https:\/\/fuentesfidedignas.com.mx\/index.php\/wp-json\/wp\/v2\/comments?post=18838"}],"version-history":[{"count":1,"href":"https:\/\/fuentesfidedignas.com.mx\/index.php\/wp-json\/wp\/v2\/posts\/18838\/revisions"}],"predecessor-version":[{"id":18840,"href":"https:\/\/fuentesfidedignas.com.mx\/index.php\/wp-json\/wp\/v2\/posts\/18838\/revisions\/18840"}],"wp:featuredmedia":[{"embeddable":true,"href":"https:\/\/fuentesfidedignas.com.mx\/index.php\/wp-json\/wp\/v2\/media\/18839"}],"wp:attachment":[{"href":"https:\/\/fuentesfidedignas.com.mx\/index.php\/wp-json\/wp\/v2\/media?parent=18838"}],"wp:term":[{"taxonomy":"category","embeddable":true,"href":"https:\/\/fuentesfidedignas.com.mx\/index.php\/wp-json\/wp\/v2\/categories?post=18838"},{"taxonomy":"post_tag","embeddable":true,"href":"https:\/\/fuentesfidedignas.com.mx\/index.php\/wp-json\/wp\/v2\/tags?post=18838"}],"curies":[{"name":"wp","href":"https:\/\/api.w.org\/{rel}","templated":true}]}}