{"id":18770,"date":"2021-12-01T00:00:00","date_gmt":"2021-12-01T07:00:00","guid":{"rendered":"https:\/\/fuentesfidedignas.com.mx\/?p=18770"},"modified":"2021-11-30T17:01:04","modified_gmt":"2021-12-01T00:01:04","slug":"en-austria-multaran-a-quien-se-niegue-a-vacunarse-contra-covid","status":"publish","type":"post","link":"https:\/\/fuentesfidedignas.com.mx\/index.php\/2021\/12\/01\/en-austria-multaran-a-quien-se-niegue-a-vacunarse-contra-covid\/","title":{"rendered":"En Austria multar\u00e1n a quien se niegue a vacunarse contra Covid"},"content":{"rendered":"\n<p><strong><em>Las autoridades austriacas podr\u00e1n imponer multas de hasta 7,200 euros a cualquier persona que no asista reiteradamente a una cita para la vacunaci\u00f3n contra el coronavirus<\/em><\/strong><\/p>\n\n\n\n<p>Ciudad de M\u00e9xico.- Las autoridades austriacas podr\u00e1n imponer multas de hasta 7,200 euros a cualquier persona que no asista reiteradamente a una cita para la vacunaci\u00f3n contra el coronavirus una vez entre en vigor la Ley de Protecci\u00f3n frente al Coronavirus, en febrero de 2022.<\/p>\n\n\n\n<p>Tras una citaci\u00f3n de las autoridades de distrito y no acudir, la persona recibir\u00e1 una nueva citaci\u00f3n cuatro semanas despu\u00e9s. Si la ignora tambi\u00e9n ser\u00e1 multada con 3,600 euros o pena de prisi\u00f3n suspendida de cuatro semanas.<\/p>\n\n\n\n<p>La multa alcanzar\u00e1 hasta los 7,200 euros tras una tercera infracci\u00f3n o si \u201cla infracci\u00f3n administrativa ha generado un riesgo grave para la vida o la salud de una persona\u201d, seg\u00fan un proyecto de ley que prepara el Gobierno y filtrado este lunes por \u2018Die Presse\u2019. La norma ser\u00e1 de aplicaci\u00f3n para cualquier persona residente en Austria.<\/p>\n\n\n\n<p>Austria se dispone a imponer una vacunaci\u00f3n obligatoria general a partir del 22 de febrero para todas las personas que residen o viven de forma habitual en Austria, aunque habr\u00e1 excepciones para quienes no pueden vacunarse por motivos de salud o edad.<\/p>\n\n\n\n<p>El 22 de noviembre Austria volvi\u00f3 al confinamiento total por el aumento exponencial de los contagios con el coronavirus, la medida debe terminar el 13 de diciembre.<\/p>\n","protected":false},"excerpt":{"rendered":"<p>Las autoridades austriacas podr\u00e1n imponer multas de hasta 7,200 euros a cualquier persona que no asista reiteradamente a una cita para la vacunaci\u00f3n contra el coronavirus Ciudad de M\u00e9xico.- Las autoridades austriacas podr\u00e1n imponer multas de hasta 7,200 euros a cualquier persona que no asista reiteradamente a una cita para la vacunaci\u00f3n contra el coronavirus [&hellip;]<\/p>\n","protected":false},"author":14,"featured_media":14119,"comment_status":"open","ping_status":"open","sticky":false,"template":"","format":"standard","meta":{"tdm_status":"","tdm_grid_status":"","footnotes":""},"categories":[40],"tags":[290,332,59,416,193],"class_list":{"0":"post-18770","1":"post","2":"type-post","3":"status-publish","4":"format-standard","5":"has-post-thumbnail","7":"category-las-asombrosas","8":"tag-asombrosa","9":"tag-coronavirus","10":"tag-covid-19","11":"tag-sars-cov-2","12":"tag-viral"},"yoast_head":"<!-- This site is optimized with the Yoast SEO plugin v27.5 - https:\/\/yoast.com\/product\/yoast-seo-wordpress\/ -->\n<title>En Austria multar\u00e1n a quien se niegue a vacunarse contra Covid - Fuentes Fidedignas<\/title>\n<meta name=\"robots\" content=\"index, follow, max-snippet:-1, max-image-preview:large, max-video-preview:-1\" \/>\n<link rel=\"canonical\" href=\"https:\/\/fuentesfidedignas.com.mx\/index.php\/2021\/12\/01\/en-austria-multaran-a-quien-se-niegue-a-vacunarse-contra-covid\/\" \/>\n<meta property=\"og:locale\" content=\"es_MX\" \/>\n<meta property=\"og:type\" content=\"article\" \/>\n<meta property=\"og:title\" content=\"En Austria multar\u00e1n a quien se niegue a vacunarse contra Covid - Fuentes Fidedignas\" \/>\n<meta property=\"og:description\" content=\"Las autoridades austriacas podr\u00e1n imponer multas de hasta 7,200 euros a cualquier persona que no asista reiteradamente a una cita para la vacunaci\u00f3n contra el coronavirus Ciudad de M\u00e9xico.- Las autoridades austriacas podr\u00e1n imponer multas de hasta 7,200 euros a cualquier persona que no asista reiteradamente a una cita para la vacunaci\u00f3n contra el coronavirus [&hellip;]\" \/>\n<meta property=\"og:url\" content=\"https:\/\/fuentesfidedignas.com.mx\/index.php\/2021\/12\/01\/en-austria-multaran-a-quien-se-niegue-a-vacunarse-contra-covid\/\" \/>\n<meta property=\"og:site_name\" content=\"Fuentes Fidedignas\" \/>\n<meta property=\"article:publisher\" content=\"https:\/\/www.facebook.com\/Fuentes-Fidedignas-368234489921644\" \/>\n<meta property=\"article:published_time\" content=\"2021-12-01T07:00:00+00:00\" \/>\n<meta property=\"og:image\" content=\"https:\/\/fuentesfidedignas.com.mx\/wp-content\/uploads\/2021\/10\/vacuna-contra-el-covid-de-pfizer.jpg\" \/>\n\t<meta property=\"og:image:width\" content=\"640\" \/>\n\t<meta property=\"og:image:height\" content=\"360\" \/>\n\t<meta property=\"og:image:type\" content=\"image\/jpeg\" \/>\n<meta name=\"author\" content=\"Vanguardia\" \/>\n<meta name=\"twitter:card\" content=\"summary_large_image\" \/>\n<meta name=\"twitter:creator\" content=\"@fidedignas\" \/>\n<meta name=\"twitter:site\" content=\"@fidedignas\" \/>\n<meta name=\"twitter:label1\" content=\"Escrito por\" \/>\n\t<meta name=\"twitter:data1\" content=\"Vanguardia\" \/>\n\t<meta name=\"twitter:label2\" content=\"Tiempo de lectura\" \/>\n\t<meta name=\"twitter:data2\" content=\"2 minutos\" \/>\n<script type=\"application\/ld+json\" class=\"yoast-schema-graph\">{\"@context\":\"https:\\\/\\\/schema.org\",\"@graph\":[{\"@type\":\"Article\",\"@id\":\"https:\\\/\\\/fuentesfidedignas.com.mx\\\/index.php\\\/2021\\\/12\\\/01\\\/en-austria-multaran-a-quien-se-niegue-a-vacunarse-contra-covid\\\/#article\",\"isPartOf\":{\"@id\":\"https:\\\/\\\/fuentesfidedignas.com.mx\\\/index.php\\\/2021\\\/12\\\/01\\\/en-austria-multaran-a-quien-se-niegue-a-vacunarse-contra-covid\\\/\"},\"author\":{\"name\":\"Vanguardia\",\"@id\":\"https:\\\/\\\/fuentesfidedignas.com.mx\\\/#\\\/schema\\\/person\\\/bce747fb6a0b0feefab1e3e7c4e84d2b\"},\"headline\":\"En Austria multar\u00e1n a quien se niegue a vacunarse contra Covid\",\"datePublished\":\"2021-12-01T07:00:00+00:00\",\"mainEntityOfPage\":{\"@id\":\"https:\\\/\\\/fuentesfidedignas.com.mx\\\/index.php\\\/2021\\\/12\\\/01\\\/en-austria-multaran-a-quien-se-niegue-a-vacunarse-contra-covid\\\/\"},\"wordCount\":255,\"commentCount\":0,\"publisher\":{\"@id\":\"https:\\\/\\\/fuentesfidedignas.com.mx\\\/#organization\"},\"image\":{\"@id\":\"https:\\\/\\\/fuentesfidedignas.com.mx\\\/index.php\\\/2021\\\/12\\\/01\\\/en-austria-multaran-a-quien-se-niegue-a-vacunarse-contra-covid\\\/#primaryimage\"},\"thumbnailUrl\":\"https:\\\/\\\/fuentesfidedignas.com.mx\\\/wp-content\\\/uploads\\\/2021\\\/10\\\/vacuna-contra-el-covid-de-pfizer.jpg\",\"keywords\":[\"Asombrosa\",\"Coronavirus\",\"Covid-19\",\"SARS-CoV-2\",\"Viral\"],\"articleSection\":[\"LAS ASOMBROSAS\"],\"inLanguage\":\"es\",\"potentialAction\":[{\"@type\":\"CommentAction\",\"name\":\"Comment\",\"target\":[\"https:\\\/\\\/fuentesfidedignas.com.mx\\\/index.php\\\/2021\\\/12\\\/01\\\/en-austria-multaran-a-quien-se-niegue-a-vacunarse-contra-covid\\\/#respond\"]}]},{\"@type\":\"WebPage\",\"@id\":\"https:\\\/\\\/fuentesfidedignas.com.mx\\\/index.php\\\/2021\\\/12\\\/01\\\/en-austria-multaran-a-quien-se-niegue-a-vacunarse-contra-covid\\\/\",\"url\":\"https:\\\/\\\/fuentesfidedignas.com.mx\\\/index.php\\\/2021\\\/12\\\/01\\\/en-austria-multaran-a-quien-se-niegue-a-vacunarse-contra-covid\\\/\",\"name\":\"En Austria multar\u00e1n a quien se niegue a vacunarse contra Covid - Fuentes Fidedignas\",\"isPartOf\":{\"@id\":\"https:\\\/\\\/fuentesfidedignas.com.mx\\\/#website\"},\"primaryImageOfPage\":{\"@id\":\"https:\\\/\\\/fuentesfidedignas.com.mx\\\/index.php\\\/2021\\\/12\\\/01\\\/en-austria-multaran-a-quien-se-niegue-a-vacunarse-contra-covid\\\/#primaryimage\"},\"image\":{\"@id\":\"https:\\\/\\\/fuentesfidedignas.com.mx\\\/index.php\\\/2021\\\/12\\\/01\\\/en-austria-multaran-a-quien-se-niegue-a-vacunarse-contra-covid\\\/#primaryimage\"},\"thumbnailUrl\":\"https:\\\/\\\/fuentesfidedignas.com.mx\\\/wp-content\\\/uploads\\\/2021\\\/10\\\/vacuna-contra-el-covid-de-pfizer.jpg\",\"datePublished\":\"2021-12-01T07:00:00+00:00\",\"breadcrumb\":{\"@id\":\"https:\\\/\\\/fuentesfidedignas.com.mx\\\/index.php\\\/2021\\\/12\\\/01\\\/en-austria-multaran-a-quien-se-niegue-a-vacunarse-contra-covid\\\/#breadcrumb\"},\"inLanguage\":\"es\",\"potentialAction\":[{\"@type\":\"ReadAction\",\"target\":[\"https:\\\/\\\/fuentesfidedignas.com.mx\\\/index.php\\\/2021\\\/12\\\/01\\\/en-austria-multaran-a-quien-se-niegue-a-vacunarse-contra-covid\\\/\"]}]},{\"@type\":\"ImageObject\",\"inLanguage\":\"es\",\"@id\":\"https:\\\/\\\/fuentesfidedignas.com.mx\\\/index.php\\\/2021\\\/12\\\/01\\\/en-austria-multaran-a-quien-se-niegue-a-vacunarse-contra-covid\\\/#primaryimage\",\"url\":\"https:\\\/\\\/fuentesfidedignas.com.mx\\\/wp-content\\\/uploads\\\/2021\\\/10\\\/vacuna-contra-el-covid-de-pfizer.jpg\",\"contentUrl\":\"https:\\\/\\\/fuentesfidedignas.com.mx\\\/wp-content\\\/uploads\\\/2021\\\/10\\\/vacuna-contra-el-covid-de-pfizer.jpg\",\"width\":640,\"height\":360},{\"@type\":\"BreadcrumbList\",\"@id\":\"https:\\\/\\\/fuentesfidedignas.com.mx\\\/index.php\\\/2021\\\/12\\\/01\\\/en-austria-multaran-a-quien-se-niegue-a-vacunarse-contra-covid\\\/#breadcrumb\",\"itemListElement\":[{\"@type\":\"ListItem\",\"position\":1,\"name\":\"Inicio\",\"item\":\"https:\\\/\\\/fuentesfidedignas.com.mx\\\/\"},{\"@type\":\"ListItem\",\"position\":2,\"name\":\"En Austria multar\u00e1n a quien se niegue a vacunarse contra Covid\"}]},{\"@type\":\"WebSite\",\"@id\":\"https:\\\/\\\/fuentesfidedignas.com.mx\\\/#website\",\"url\":\"https:\\\/\\\/fuentesfidedignas.com.mx\\\/\",\"name\":\"Fuentes Fidedignas\",\"description\":\"Otro sitio realizado con WordPress\",\"publisher\":{\"@id\":\"https:\\\/\\\/fuentesfidedignas.com.mx\\\/#organization\"},\"potentialAction\":[{\"@type\":\"SearchAction\",\"target\":{\"@type\":\"EntryPoint\",\"urlTemplate\":\"https:\\\/\\\/fuentesfidedignas.com.mx\\\/?s={search_term_string}\"},\"query-input\":{\"@type\":\"PropertyValueSpecification\",\"valueRequired\":true,\"valueName\":\"search_term_string\"}}],\"inLanguage\":\"es\"},{\"@type\":\"Organization\",\"@id\":\"https:\\\/\\\/fuentesfidedignas.com.mx\\\/#organization\",\"name\":\"Fuentes Fidedignas\",\"url\":\"https:\\\/\\\/fuentesfidedignas.com.mx\\\/\",\"logo\":{\"@type\":\"ImageObject\",\"inLanguage\":\"es\",\"@id\":\"https:\\\/\\\/fuentesfidedignas.com.mx\\\/#\\\/schema\\\/logo\\\/image\\\/\",\"url\":\"https:\\\/\\\/fuentesfidedignas.com.mx\\\/wp-content\\\/uploads\\\/2021\\\/04\\\/logo-retina.png\",\"contentUrl\":\"https:\\\/\\\/fuentesfidedignas.com.mx\\\/wp-content\\\/uploads\\\/2021\\\/04\\\/logo-retina.png\",\"width\":280,\"height\":51,\"caption\":\"Fuentes Fidedignas\"},\"image\":{\"@id\":\"https:\\\/\\\/fuentesfidedignas.com.mx\\\/#\\\/schema\\\/logo\\\/image\\\/\"},\"sameAs\":[\"https:\\\/\\\/www.facebook.com\\\/Fuentes-Fidedignas-368234489921644\",\"https:\\\/\\\/x.com\\\/fidedignas\"]},{\"@type\":\"Person\",\"@id\":\"https:\\\/\\\/fuentesfidedignas.com.mx\\\/#\\\/schema\\\/person\\\/bce747fb6a0b0feefab1e3e7c4e84d2b\",\"name\":\"Vanguardia\",\"image\":{\"@type\":\"ImageObject\",\"inLanguage\":\"es\",\"@id\":\"https:\\\/\\\/secure.gravatar.com\\\/avatar\\\/6d7e1e0fdcdef594fdfc9206070adafb95cd5cd9b47c113cb987d91ee74e35df?s=96&d=mm&r=g\",\"url\":\"https:\\\/\\\/secure.gravatar.com\\\/avatar\\\/6d7e1e0fdcdef594fdfc9206070adafb95cd5cd9b47c113cb987d91ee74e35df?s=96&d=mm&r=g\",\"contentUrl\":\"https:\\\/\\\/secure.gravatar.com\\\/avatar\\\/6d7e1e0fdcdef594fdfc9206070adafb95cd5cd9b47c113cb987d91ee74e35df?s=96&d=mm&r=g\",\"caption\":\"Vanguardia\"},\"url\":\"https:\\\/\\\/fuentesfidedignas.com.mx\\\/index.php\\\/author\\\/vanguardia\\\/\"}]}<\/script>\n<!-- \/ Yoast SEO plugin. -->","yoast_head_json":{"title":"En Austria multar\u00e1n a quien se niegue a vacunarse contra Covid - Fuentes Fidedignas","robots":{"index":"index","follow":"follow","max-snippet":"max-snippet:-1","max-image-preview":"max-image-preview:large","max-video-preview":"max-video-preview:-1"},"canonical":"https:\/\/fuentesfidedignas.com.mx\/index.php\/2021\/12\/01\/en-austria-multaran-a-quien-se-niegue-a-vacunarse-contra-covid\/","og_locale":"es_MX","og_type":"article","og_title":"En Austria multar\u00e1n a quien se niegue a vacunarse contra Covid - Fuentes Fidedignas","og_description":"Las autoridades austriacas podr\u00e1n imponer multas de hasta 7,200 euros a cualquier persona que no asista reiteradamente a una cita para la vacunaci\u00f3n contra el coronavirus Ciudad de M\u00e9xico.- Las autoridades austriacas podr\u00e1n imponer multas de hasta 7,200 euros a cualquier persona que no asista reiteradamente a una cita para la vacunaci\u00f3n contra el coronavirus [&hellip;]","og_url":"https:\/\/fuentesfidedignas.com.mx\/index.php\/2021\/12\/01\/en-austria-multaran-a-quien-se-niegue-a-vacunarse-contra-covid\/","og_site_name":"Fuentes Fidedignas","article_publisher":"https:\/\/www.facebook.com\/Fuentes-Fidedignas-368234489921644","article_published_time":"2021-12-01T07:00:00+00:00","og_image":[{"width":640,"height":360,"url":"https:\/\/fuentesfidedignas.com.mx\/wp-content\/uploads\/2021\/10\/vacuna-contra-el-covid-de-pfizer.jpg","type":"image\/jpeg"}],"author":"Vanguardia","twitter_card":"summary_large_image","twitter_creator":"@fidedignas","twitter_site":"@fidedignas","twitter_misc":{"Escrito por":"Vanguardia","Tiempo de lectura":"2 minutos"},"schema":{"@context":"https:\/\/schema.org","@graph":[{"@type":"Article","@id":"https:\/\/fuentesfidedignas.com.mx\/index.php\/2021\/12\/01\/en-austria-multaran-a-quien-se-niegue-a-vacunarse-contra-covid\/#article","isPartOf":{"@id":"https:\/\/fuentesfidedignas.com.mx\/index.php\/2021\/12\/01\/en-austria-multaran-a-quien-se-niegue-a-vacunarse-contra-covid\/"},"author":{"name":"Vanguardia","@id":"https:\/\/fuentesfidedignas.com.mx\/#\/schema\/person\/bce747fb6a0b0feefab1e3e7c4e84d2b"},"headline":"En Austria multar\u00e1n a quien se niegue a vacunarse contra Covid","datePublished":"2021-12-01T07:00:00+00:00","mainEntityOfPage":{"@id":"https:\/\/fuentesfidedignas.com.mx\/index.php\/2021\/12\/01\/en-austria-multaran-a-quien-se-niegue-a-vacunarse-contra-covid\/"},"wordCount":255,"commentCount":0,"publisher":{"@id":"https:\/\/fuentesfidedignas.com.mx\/#organization"},"image":{"@id":"https:\/\/fuentesfidedignas.com.mx\/index.php\/2021\/12\/01\/en-austria-multaran-a-quien-se-niegue-a-vacunarse-contra-covid\/#primaryimage"},"thumbnailUrl":"https:\/\/fuentesfidedignas.com.mx\/wp-content\/uploads\/2021\/10\/vacuna-contra-el-covid-de-pfizer.jpg","keywords":["Asombrosa","Coronavirus","Covid-19","SARS-CoV-2","Viral"],"articleSection":["LAS ASOMBROSAS"],"inLanguage":"es","potentialAction":[{"@type":"CommentAction","name":"Comment","target":["https:\/\/fuentesfidedignas.com.mx\/index.php\/2021\/12\/01\/en-austria-multaran-a-quien-se-niegue-a-vacunarse-contra-covid\/#respond"]}]},{"@type":"WebPage","@id":"https:\/\/fuentesfidedignas.com.mx\/index.php\/2021\/12\/01\/en-austria-multaran-a-quien-se-niegue-a-vacunarse-contra-covid\/","url":"https:\/\/fuentesfidedignas.com.mx\/index.php\/2021\/12\/01\/en-austria-multaran-a-quien-se-niegue-a-vacunarse-contra-covid\/","name":"En Austria multar\u00e1n a quien se niegue a vacunarse contra Covid - Fuentes Fidedignas","isPartOf":{"@id":"https:\/\/fuentesfidedignas.com.mx\/#website"},"primaryImageOfPage":{"@id":"https:\/\/fuentesfidedignas.com.mx\/index.php\/2021\/12\/01\/en-austria-multaran-a-quien-se-niegue-a-vacunarse-contra-covid\/#primaryimage"},"image":{"@id":"https:\/\/fuentesfidedignas.com.mx\/index.php\/2021\/12\/01\/en-austria-multaran-a-quien-se-niegue-a-vacunarse-contra-covid\/#primaryimage"},"thumbnailUrl":"https:\/\/fuentesfidedignas.com.mx\/wp-content\/uploads\/2021\/10\/vacuna-contra-el-covid-de-pfizer.jpg","datePublished":"2021-12-01T07:00:00+00:00","breadcrumb":{"@id":"https:\/\/fuentesfidedignas.com.mx\/index.php\/2021\/12\/01\/en-austria-multaran-a-quien-se-niegue-a-vacunarse-contra-covid\/#breadcrumb"},"inLanguage":"es","potentialAction":[{"@type":"ReadAction","target":["https:\/\/fuentesfidedignas.com.mx\/index.php\/2021\/12\/01\/en-austria-multaran-a-quien-se-niegue-a-vacunarse-contra-covid\/"]}]},{"@type":"ImageObject","inLanguage":"es","@id":"https:\/\/fuentesfidedignas.com.mx\/index.php\/2021\/12\/01\/en-austria-multaran-a-quien-se-niegue-a-vacunarse-contra-covid\/#primaryimage","url":"https:\/\/fuentesfidedignas.com.mx\/wp-content\/uploads\/2021\/10\/vacuna-contra-el-covid-de-pfizer.jpg","contentUrl":"https:\/\/fuentesfidedignas.com.mx\/wp-content\/uploads\/2021\/10\/vacuna-contra-el-covid-de-pfizer.jpg","width":640,"height":360},{"@type":"BreadcrumbList","@id":"https:\/\/fuentesfidedignas.com.mx\/index.php\/2021\/12\/01\/en-austria-multaran-a-quien-se-niegue-a-vacunarse-contra-covid\/#breadcrumb","itemListElement":[{"@type":"ListItem","position":1,"name":"Inicio","item":"https:\/\/fuentesfidedignas.com.mx\/"},{"@type":"ListItem","position":2,"name":"En Austria multar\u00e1n a quien se niegue a vacunarse contra Covid"}]},{"@type":"WebSite","@id":"https:\/\/fuentesfidedignas.com.mx\/#website","url":"https:\/\/fuentesfidedignas.com.mx\/","name":"Fuentes Fidedignas","description":"Otro sitio realizado con WordPress","publisher":{"@id":"https:\/\/fuentesfidedignas.com.mx\/#organization"},"potentialAction":[{"@type":"SearchAction","target":{"@type":"EntryPoint","urlTemplate":"https:\/\/fuentesfidedignas.com.mx\/?s={search_term_string}"},"query-input":{"@type":"PropertyValueSpecification","valueRequired":true,"valueName":"search_term_string"}}],"inLanguage":"es"},{"@type":"Organization","@id":"https:\/\/fuentesfidedignas.com.mx\/#organization","name":"Fuentes Fidedignas","url":"https:\/\/fuentesfidedignas.com.mx\/","logo":{"@type":"ImageObject","inLanguage":"es","@id":"https:\/\/fuentesfidedignas.com.mx\/#\/schema\/logo\/image\/","url":"https:\/\/fuentesfidedignas.com.mx\/wp-content\/uploads\/2021\/04\/logo-retina.png","contentUrl":"https:\/\/fuentesfidedignas.com.mx\/wp-content\/uploads\/2021\/04\/logo-retina.png","width":280,"height":51,"caption":"Fuentes Fidedignas"},"image":{"@id":"https:\/\/fuentesfidedignas.com.mx\/#\/schema\/logo\/image\/"},"sameAs":["https:\/\/www.facebook.com\/Fuentes-Fidedignas-368234489921644","https:\/\/x.com\/fidedignas"]},{"@type":"Person","@id":"https:\/\/fuentesfidedignas.com.mx\/#\/schema\/person\/bce747fb6a0b0feefab1e3e7c4e84d2b","name":"Vanguardia","image":{"@type":"ImageObject","inLanguage":"es","@id":"https:\/\/secure.gravatar.com\/avatar\/6d7e1e0fdcdef594fdfc9206070adafb95cd5cd9b47c113cb987d91ee74e35df?s=96&d=mm&r=g","url":"https:\/\/secure.gravatar.com\/avatar\/6d7e1e0fdcdef594fdfc9206070adafb95cd5cd9b47c113cb987d91ee74e35df?s=96&d=mm&r=g","contentUrl":"https:\/\/secure.gravatar.com\/avatar\/6d7e1e0fdcdef594fdfc9206070adafb95cd5cd9b47c113cb987d91ee74e35df?s=96&d=mm&r=g","caption":"Vanguardia"},"url":"https:\/\/fuentesfidedignas.com.mx\/index.php\/author\/vanguardia\/"}]}},"_links":{"self":[{"href":"https:\/\/fuentesfidedignas.com.mx\/index.php\/wp-json\/wp\/v2\/posts\/18770","targetHints":{"allow":["GET"]}}],"collection":[{"href":"https:\/\/fuentesfidedignas.com.mx\/index.php\/wp-json\/wp\/v2\/posts"}],"about":[{"href":"https:\/\/fuentesfidedignas.com.mx\/index.php\/wp-json\/wp\/v2\/types\/post"}],"author":[{"embeddable":true,"href":"https:\/\/fuentesfidedignas.com.mx\/index.php\/wp-json\/wp\/v2\/users\/14"}],"replies":[{"embeddable":true,"href":"https:\/\/fuentesfidedignas.com.mx\/index.php\/wp-json\/wp\/v2\/comments?post=18770"}],"version-history":[{"count":1,"href":"https:\/\/fuentesfidedignas.com.mx\/index.php\/wp-json\/wp\/v2\/posts\/18770\/revisions"}],"predecessor-version":[{"id":18771,"href":"https:\/\/fuentesfidedignas.com.mx\/index.php\/wp-json\/wp\/v2\/posts\/18770\/revisions\/18771"}],"wp:featuredmedia":[{"embeddable":true,"href":"https:\/\/fuentesfidedignas.com.mx\/index.php\/wp-json\/wp\/v2\/media\/14119"}],"wp:attachment":[{"href":"https:\/\/fuentesfidedignas.com.mx\/index.php\/wp-json\/wp\/v2\/media?parent=18770"}],"wp:term":[{"taxonomy":"category","embeddable":true,"href":"https:\/\/fuentesfidedignas.com.mx\/index.php\/wp-json\/wp\/v2\/categories?post=18770"},{"taxonomy":"post_tag","embeddable":true,"href":"https:\/\/fuentesfidedignas.com.mx\/index.php\/wp-json\/wp\/v2\/tags?post=18770"}],"curies":[{"name":"wp","href":"https:\/\/api.w.org\/{rel}","templated":true}]}}