{"id":18748,"date":"2021-11-30T14:18:22","date_gmt":"2021-11-30T21:18:22","guid":{"rendered":"https:\/\/fuentesfidedignas.com.mx\/?p=18748"},"modified":"2021-11-30T14:19:45","modified_gmt":"2021-11-30T21:19:45","slug":"refrenda-el-gobernador-su-compromiso-de-apoyar-a-la-uas-para-el-cierre-de-ano","status":"publish","type":"post","link":"https:\/\/fuentesfidedignas.com.mx\/index.php\/2021\/11\/30\/refrenda-el-gobernador-su-compromiso-de-apoyar-a-la-uas-para-el-cierre-de-ano\/","title":{"rendered":"Refrenda el gobernador su compromiso de apoyar a la UAS para el cierre de a\u00f1o"},"content":{"rendered":"\n<p id=\"block-17160845-a6a3-4f49-9961-3702fa2235b8\"><strong><em>Adicionalmente la Universidad Aut\u00f3noma de Sinaloa entreg\u00f3 al Gobierno Estatal desde el pasado mes de septiembre la solicitud de un incremento del 16 por ciento para el presupuesto de 2022<\/em><\/strong> <\/p>\n\n\n\n<p id=\"block-17160845-a6a3-4f49-9961-3702fa2235b8\">Culiac\u00e1n, Sin.- El Gobernador del Estado de Sinaloa, doctor Rub\u00e9n Rocha Moya, refrend\u00f3 su compromiso de apoyar a la Universidad Aut\u00f3noma de Sinaloa (UAS) para que financieramente tenga un adecuado cierre de a\u00f1o. El Rector de la UAS, doctor Jes\u00fas Madue\u00f1a Molina, acompa\u00f1ado por el Secretario de Administraci\u00f3n y Finanzas, maestro Salvador P\u00e9rez Mart\u00ednez, se reuni\u00f3 con el mandatario estatal en su despacho para continuar con el seguimiento de las gestiones que permitan a la Universidad cumplir con sus compromisos contractuales de fin de a\u00f1o. <\/p>\n\n\n\n<p id=\"block-17160845-a6a3-4f49-9961-3702fa2235b8\">El dirigente universitario se ha reunido con autoridades tanto federales de la SEP, quienes tambi\u00e9n han expresado su intenci\u00f3n de apoyar a la Casa Rosalina para el cierre fiscal de 2021, como con el Gobierno Estatal en una especie de acuerdo donde ambos niveles de gobierno aporten, por lo que la Universidad continuar\u00e1 las gestiones correspondientes para la obtenci\u00f3n de los recursos. <\/p>\n\n\n\n<p id=\"block-17160845-a6a3-4f49-9961-3702fa2235b8\">Adicionalmente la Universidad Aut\u00f3noma de Sinaloa entreg\u00f3 al Gobierno Estatal desde el pasado mes de septiembre la solicitud de un incremento del 16 por ciento para el presupuesto de 2022, es decir, un incremento aproximado de 330 millones de pesos, tema que tambi\u00e9n fue abordado en esta reuni\u00f3n donde el Rector insisti\u00f3 en su propuesta de que se apoye a la instituci\u00f3n a no hipotecar el presupuesto del pr\u00f3ximo a\u00f1o.<\/p>\n","protected":false},"excerpt":{"rendered":"<p>Adicionalmente la Universidad Aut\u00f3noma de Sinaloa entreg\u00f3 al Gobierno Estatal desde el pasado mes de septiembre la solicitud de un incremento del 16 por ciento para el presupuesto de 2022 Culiac\u00e1n, Sin.- El Gobernador del Estado de Sinaloa, doctor Rub\u00e9n Rocha Moya, refrend\u00f3 su compromiso de apoyar a la Universidad Aut\u00f3noma de Sinaloa (UAS) para [&hellip;]<\/p>\n","protected":false},"author":4,"featured_media":18749,"comment_status":"open","ping_status":"open","sticky":false,"template":"","format":"standard","meta":{"tdm_status":"","tdm_grid_status":"","footnotes":""},"categories":[37],"tags":[52,81,234],"class_list":{"0":"post-18748","1":"post","2":"type-post","3":"status-publish","4":"format-standard","5":"has-post-thumbnail","7":"category-nota-principal","8":"tag-ruben-rocha-moya","9":"tag-uas","10":"tag-universidad-autonoma-de-sinaloa"},"yoast_head":"<!-- This site is optimized with the Yoast SEO plugin v27.5 - https:\/\/yoast.com\/product\/yoast-seo-wordpress\/ -->\n<title>Refrenda el gobernador su compromiso de apoyar a la UAS para el cierre de a\u00f1o - Fuentes Fidedignas<\/title>\n<meta name=\"robots\" content=\"index, follow, max-snippet:-1, max-image-preview:large, max-video-preview:-1\" \/>\n<link rel=\"canonical\" href=\"https:\/\/fuentesfidedignas.com.mx\/index.php\/2021\/11\/30\/refrenda-el-gobernador-su-compromiso-de-apoyar-a-la-uas-para-el-cierre-de-ano\/\" \/>\n<meta property=\"og:locale\" content=\"es_MX\" \/>\n<meta property=\"og:type\" content=\"article\" \/>\n<meta property=\"og:title\" content=\"Refrenda el gobernador su compromiso de apoyar a la UAS para el cierre de a\u00f1o - Fuentes Fidedignas\" \/>\n<meta property=\"og:description\" content=\"Adicionalmente la Universidad Aut\u00f3noma de Sinaloa entreg\u00f3 al Gobierno Estatal desde el pasado mes de septiembre la solicitud de un incremento del 16 por ciento para el presupuesto de 2022 Culiac\u00e1n, Sin.- El Gobernador del Estado de Sinaloa, doctor Rub\u00e9n Rocha Moya, refrend\u00f3 su compromiso de apoyar a la Universidad Aut\u00f3noma de Sinaloa (UAS) para [&hellip;]\" \/>\n<meta property=\"og:url\" content=\"https:\/\/fuentesfidedignas.com.mx\/index.php\/2021\/11\/30\/refrenda-el-gobernador-su-compromiso-de-apoyar-a-la-uas-para-el-cierre-de-ano\/\" \/>\n<meta property=\"og:site_name\" content=\"Fuentes Fidedignas\" \/>\n<meta property=\"article:publisher\" content=\"https:\/\/www.facebook.com\/Fuentes-Fidedignas-368234489921644\" \/>\n<meta property=\"article:published_time\" content=\"2021-11-30T21:18:22+00:00\" \/>\n<meta property=\"article:modified_time\" content=\"2021-11-30T21:19:45+00:00\" \/>\n<meta property=\"og:image\" content=\"https:\/\/fuentesfidedignas.com.mx\/wp-content\/uploads\/2021\/11\/Rector-con-Gobernador.jpg\" \/>\n\t<meta property=\"og:image:width\" content=\"1024\" \/>\n\t<meta property=\"og:image:height\" content=\"768\" \/>\n\t<meta property=\"og:image:type\" content=\"image\/jpeg\" \/>\n<meta name=\"author\" content=\"Redacci\u00f3n\" \/>\n<meta name=\"twitter:card\" content=\"summary_large_image\" \/>\n<meta name=\"twitter:creator\" content=\"@fidedignas\" \/>\n<meta name=\"twitter:site\" content=\"@fidedignas\" \/>\n<meta name=\"twitter:label1\" content=\"Escrito por\" \/>\n\t<meta name=\"twitter:data1\" content=\"Redacci\u00f3n\" \/>\n\t<meta name=\"twitter:label2\" content=\"Tiempo de lectura\" \/>\n\t<meta name=\"twitter:data2\" content=\"2 minutos\" \/>\n<script type=\"application\/ld+json\" class=\"yoast-schema-graph\">{\"@context\":\"https:\\\/\\\/schema.org\",\"@graph\":[{\"@type\":\"Article\",\"@id\":\"https:\\\/\\\/fuentesfidedignas.com.mx\\\/index.php\\\/2021\\\/11\\\/30\\\/refrenda-el-gobernador-su-compromiso-de-apoyar-a-la-uas-para-el-cierre-de-ano\\\/#article\",\"isPartOf\":{\"@id\":\"https:\\\/\\\/fuentesfidedignas.com.mx\\\/index.php\\\/2021\\\/11\\\/30\\\/refrenda-el-gobernador-su-compromiso-de-apoyar-a-la-uas-para-el-cierre-de-ano\\\/\"},\"author\":{\"name\":\"Redacci\u00f3n\",\"@id\":\"https:\\\/\\\/fuentesfidedignas.com.mx\\\/#\\\/schema\\\/person\\\/331be9283d37198e2acd5750279085b0\"},\"headline\":\"Refrenda el gobernador su compromiso de apoyar a la UAS para el cierre de a\u00f1o\",\"datePublished\":\"2021-11-30T21:18:22+00:00\",\"dateModified\":\"2021-11-30T21:19:45+00:00\",\"mainEntityOfPage\":{\"@id\":\"https:\\\/\\\/fuentesfidedignas.com.mx\\\/index.php\\\/2021\\\/11\\\/30\\\/refrenda-el-gobernador-su-compromiso-de-apoyar-a-la-uas-para-el-cierre-de-ano\\\/\"},\"wordCount\":279,\"commentCount\":0,\"publisher\":{\"@id\":\"https:\\\/\\\/fuentesfidedignas.com.mx\\\/#organization\"},\"image\":{\"@id\":\"https:\\\/\\\/fuentesfidedignas.com.mx\\\/index.php\\\/2021\\\/11\\\/30\\\/refrenda-el-gobernador-su-compromiso-de-apoyar-a-la-uas-para-el-cierre-de-ano\\\/#primaryimage\"},\"thumbnailUrl\":\"https:\\\/\\\/fuentesfidedignas.com.mx\\\/wp-content\\\/uploads\\\/2021\\\/11\\\/Rector-con-Gobernador.jpg\",\"keywords\":[\"Rub\u00e9n Rocha Moya\",\"UAS\",\"Universidad Aut\u00f3noma de Sinaloa\"],\"articleSection\":[\"NOTA PRINCIPAL\"],\"inLanguage\":\"es\",\"potentialAction\":[{\"@type\":\"CommentAction\",\"name\":\"Comment\",\"target\":[\"https:\\\/\\\/fuentesfidedignas.com.mx\\\/index.php\\\/2021\\\/11\\\/30\\\/refrenda-el-gobernador-su-compromiso-de-apoyar-a-la-uas-para-el-cierre-de-ano\\\/#respond\"]}]},{\"@type\":\"WebPage\",\"@id\":\"https:\\\/\\\/fuentesfidedignas.com.mx\\\/index.php\\\/2021\\\/11\\\/30\\\/refrenda-el-gobernador-su-compromiso-de-apoyar-a-la-uas-para-el-cierre-de-ano\\\/\",\"url\":\"https:\\\/\\\/fuentesfidedignas.com.mx\\\/index.php\\\/2021\\\/11\\\/30\\\/refrenda-el-gobernador-su-compromiso-de-apoyar-a-la-uas-para-el-cierre-de-ano\\\/\",\"name\":\"Refrenda el gobernador su compromiso de apoyar a la UAS para el cierre de a\u00f1o - Fuentes Fidedignas\",\"isPartOf\":{\"@id\":\"https:\\\/\\\/fuentesfidedignas.com.mx\\\/#website\"},\"primaryImageOfPage\":{\"@id\":\"https:\\\/\\\/fuentesfidedignas.com.mx\\\/index.php\\\/2021\\\/11\\\/30\\\/refrenda-el-gobernador-su-compromiso-de-apoyar-a-la-uas-para-el-cierre-de-ano\\\/#primaryimage\"},\"image\":{\"@id\":\"https:\\\/\\\/fuentesfidedignas.com.mx\\\/index.php\\\/2021\\\/11\\\/30\\\/refrenda-el-gobernador-su-compromiso-de-apoyar-a-la-uas-para-el-cierre-de-ano\\\/#primaryimage\"},\"thumbnailUrl\":\"https:\\\/\\\/fuentesfidedignas.com.mx\\\/wp-content\\\/uploads\\\/2021\\\/11\\\/Rector-con-Gobernador.jpg\",\"datePublished\":\"2021-11-30T21:18:22+00:00\",\"dateModified\":\"2021-11-30T21:19:45+00:00\",\"breadcrumb\":{\"@id\":\"https:\\\/\\\/fuentesfidedignas.com.mx\\\/index.php\\\/2021\\\/11\\\/30\\\/refrenda-el-gobernador-su-compromiso-de-apoyar-a-la-uas-para-el-cierre-de-ano\\\/#breadcrumb\"},\"inLanguage\":\"es\",\"potentialAction\":[{\"@type\":\"ReadAction\",\"target\":[\"https:\\\/\\\/fuentesfidedignas.com.mx\\\/index.php\\\/2021\\\/11\\\/30\\\/refrenda-el-gobernador-su-compromiso-de-apoyar-a-la-uas-para-el-cierre-de-ano\\\/\"]}]},{\"@type\":\"ImageObject\",\"inLanguage\":\"es\",\"@id\":\"https:\\\/\\\/fuentesfidedignas.com.mx\\\/index.php\\\/2021\\\/11\\\/30\\\/refrenda-el-gobernador-su-compromiso-de-apoyar-a-la-uas-para-el-cierre-de-ano\\\/#primaryimage\",\"url\":\"https:\\\/\\\/fuentesfidedignas.com.mx\\\/wp-content\\\/uploads\\\/2021\\\/11\\\/Rector-con-Gobernador.jpg\",\"contentUrl\":\"https:\\\/\\\/fuentesfidedignas.com.mx\\\/wp-content\\\/uploads\\\/2021\\\/11\\\/Rector-con-Gobernador.jpg\",\"width\":1024,\"height\":768},{\"@type\":\"BreadcrumbList\",\"@id\":\"https:\\\/\\\/fuentesfidedignas.com.mx\\\/index.php\\\/2021\\\/11\\\/30\\\/refrenda-el-gobernador-su-compromiso-de-apoyar-a-la-uas-para-el-cierre-de-ano\\\/#breadcrumb\",\"itemListElement\":[{\"@type\":\"ListItem\",\"position\":1,\"name\":\"Inicio\",\"item\":\"https:\\\/\\\/fuentesfidedignas.com.mx\\\/\"},{\"@type\":\"ListItem\",\"position\":2,\"name\":\"Refrenda el gobernador su compromiso de apoyar a la UAS para el cierre de a\u00f1o\"}]},{\"@type\":\"WebSite\",\"@id\":\"https:\\\/\\\/fuentesfidedignas.com.mx\\\/#website\",\"url\":\"https:\\\/\\\/fuentesfidedignas.com.mx\\\/\",\"name\":\"Fuentes Fidedignas\",\"description\":\"Otro sitio realizado con WordPress\",\"publisher\":{\"@id\":\"https:\\\/\\\/fuentesfidedignas.com.mx\\\/#organization\"},\"potentialAction\":[{\"@type\":\"SearchAction\",\"target\":{\"@type\":\"EntryPoint\",\"urlTemplate\":\"https:\\\/\\\/fuentesfidedignas.com.mx\\\/?s={search_term_string}\"},\"query-input\":{\"@type\":\"PropertyValueSpecification\",\"valueRequired\":true,\"valueName\":\"search_term_string\"}}],\"inLanguage\":\"es\"},{\"@type\":\"Organization\",\"@id\":\"https:\\\/\\\/fuentesfidedignas.com.mx\\\/#organization\",\"name\":\"Fuentes Fidedignas\",\"url\":\"https:\\\/\\\/fuentesfidedignas.com.mx\\\/\",\"logo\":{\"@type\":\"ImageObject\",\"inLanguage\":\"es\",\"@id\":\"https:\\\/\\\/fuentesfidedignas.com.mx\\\/#\\\/schema\\\/logo\\\/image\\\/\",\"url\":\"https:\\\/\\\/fuentesfidedignas.com.mx\\\/wp-content\\\/uploads\\\/2021\\\/04\\\/logo-retina.png\",\"contentUrl\":\"https:\\\/\\\/fuentesfidedignas.com.mx\\\/wp-content\\\/uploads\\\/2021\\\/04\\\/logo-retina.png\",\"width\":280,\"height\":51,\"caption\":\"Fuentes Fidedignas\"},\"image\":{\"@id\":\"https:\\\/\\\/fuentesfidedignas.com.mx\\\/#\\\/schema\\\/logo\\\/image\\\/\"},\"sameAs\":[\"https:\\\/\\\/www.facebook.com\\\/Fuentes-Fidedignas-368234489921644\",\"https:\\\/\\\/x.com\\\/fidedignas\"]},{\"@type\":\"Person\",\"@id\":\"https:\\\/\\\/fuentesfidedignas.com.mx\\\/#\\\/schema\\\/person\\\/331be9283d37198e2acd5750279085b0\",\"name\":\"Redacci\u00f3n\",\"image\":{\"@type\":\"ImageObject\",\"inLanguage\":\"es\",\"@id\":\"https:\\\/\\\/secure.gravatar.com\\\/avatar\\\/f6d8782c11d12b2d4ad3fbb6931aeab5309937a4d6cd2fc9cfaa28a6396a5aec?s=96&d=mm&r=g\",\"url\":\"https:\\\/\\\/secure.gravatar.com\\\/avatar\\\/f6d8782c11d12b2d4ad3fbb6931aeab5309937a4d6cd2fc9cfaa28a6396a5aec?s=96&d=mm&r=g\",\"contentUrl\":\"https:\\\/\\\/secure.gravatar.com\\\/avatar\\\/f6d8782c11d12b2d4ad3fbb6931aeab5309937a4d6cd2fc9cfaa28a6396a5aec?s=96&d=mm&r=g\",\"caption\":\"Redacci\u00f3n\"},\"url\":\"https:\\\/\\\/fuentesfidedignas.com.mx\\\/index.php\\\/author\\\/redaccion\\\/\"}]}<\/script>\n<!-- \/ Yoast SEO plugin. -->","yoast_head_json":{"title":"Refrenda el gobernador su compromiso de apoyar a la UAS para el cierre de a\u00f1o - Fuentes Fidedignas","robots":{"index":"index","follow":"follow","max-snippet":"max-snippet:-1","max-image-preview":"max-image-preview:large","max-video-preview":"max-video-preview:-1"},"canonical":"https:\/\/fuentesfidedignas.com.mx\/index.php\/2021\/11\/30\/refrenda-el-gobernador-su-compromiso-de-apoyar-a-la-uas-para-el-cierre-de-ano\/","og_locale":"es_MX","og_type":"article","og_title":"Refrenda el gobernador su compromiso de apoyar a la UAS para el cierre de a\u00f1o - Fuentes Fidedignas","og_description":"Adicionalmente la Universidad Aut\u00f3noma de Sinaloa entreg\u00f3 al Gobierno Estatal desde el pasado mes de septiembre la solicitud de un incremento del 16 por ciento para el presupuesto de 2022 Culiac\u00e1n, Sin.- El Gobernador del Estado de Sinaloa, doctor Rub\u00e9n Rocha Moya, refrend\u00f3 su compromiso de apoyar a la Universidad Aut\u00f3noma de Sinaloa (UAS) para [&hellip;]","og_url":"https:\/\/fuentesfidedignas.com.mx\/index.php\/2021\/11\/30\/refrenda-el-gobernador-su-compromiso-de-apoyar-a-la-uas-para-el-cierre-de-ano\/","og_site_name":"Fuentes Fidedignas","article_publisher":"https:\/\/www.facebook.com\/Fuentes-Fidedignas-368234489921644","article_published_time":"2021-11-30T21:18:22+00:00","article_modified_time":"2021-11-30T21:19:45+00:00","og_image":[{"width":1024,"height":768,"url":"https:\/\/fuentesfidedignas.com.mx\/wp-content\/uploads\/2021\/11\/Rector-con-Gobernador.jpg","type":"image\/jpeg"}],"author":"Redacci\u00f3n","twitter_card":"summary_large_image","twitter_creator":"@fidedignas","twitter_site":"@fidedignas","twitter_misc":{"Escrito por":"Redacci\u00f3n","Tiempo de lectura":"2 minutos"},"schema":{"@context":"https:\/\/schema.org","@graph":[{"@type":"Article","@id":"https:\/\/fuentesfidedignas.com.mx\/index.php\/2021\/11\/30\/refrenda-el-gobernador-su-compromiso-de-apoyar-a-la-uas-para-el-cierre-de-ano\/#article","isPartOf":{"@id":"https:\/\/fuentesfidedignas.com.mx\/index.php\/2021\/11\/30\/refrenda-el-gobernador-su-compromiso-de-apoyar-a-la-uas-para-el-cierre-de-ano\/"},"author":{"name":"Redacci\u00f3n","@id":"https:\/\/fuentesfidedignas.com.mx\/#\/schema\/person\/331be9283d37198e2acd5750279085b0"},"headline":"Refrenda el gobernador su compromiso de apoyar a la UAS para el cierre de a\u00f1o","datePublished":"2021-11-30T21:18:22+00:00","dateModified":"2021-11-30T21:19:45+00:00","mainEntityOfPage":{"@id":"https:\/\/fuentesfidedignas.com.mx\/index.php\/2021\/11\/30\/refrenda-el-gobernador-su-compromiso-de-apoyar-a-la-uas-para-el-cierre-de-ano\/"},"wordCount":279,"commentCount":0,"publisher":{"@id":"https:\/\/fuentesfidedignas.com.mx\/#organization"},"image":{"@id":"https:\/\/fuentesfidedignas.com.mx\/index.php\/2021\/11\/30\/refrenda-el-gobernador-su-compromiso-de-apoyar-a-la-uas-para-el-cierre-de-ano\/#primaryimage"},"thumbnailUrl":"https:\/\/fuentesfidedignas.com.mx\/wp-content\/uploads\/2021\/11\/Rector-con-Gobernador.jpg","keywords":["Rub\u00e9n Rocha Moya","UAS","Universidad Aut\u00f3noma de Sinaloa"],"articleSection":["NOTA PRINCIPAL"],"inLanguage":"es","potentialAction":[{"@type":"CommentAction","name":"Comment","target":["https:\/\/fuentesfidedignas.com.mx\/index.php\/2021\/11\/30\/refrenda-el-gobernador-su-compromiso-de-apoyar-a-la-uas-para-el-cierre-de-ano\/#respond"]}]},{"@type":"WebPage","@id":"https:\/\/fuentesfidedignas.com.mx\/index.php\/2021\/11\/30\/refrenda-el-gobernador-su-compromiso-de-apoyar-a-la-uas-para-el-cierre-de-ano\/","url":"https:\/\/fuentesfidedignas.com.mx\/index.php\/2021\/11\/30\/refrenda-el-gobernador-su-compromiso-de-apoyar-a-la-uas-para-el-cierre-de-ano\/","name":"Refrenda el gobernador su compromiso de apoyar a la UAS para el cierre de a\u00f1o - Fuentes Fidedignas","isPartOf":{"@id":"https:\/\/fuentesfidedignas.com.mx\/#website"},"primaryImageOfPage":{"@id":"https:\/\/fuentesfidedignas.com.mx\/index.php\/2021\/11\/30\/refrenda-el-gobernador-su-compromiso-de-apoyar-a-la-uas-para-el-cierre-de-ano\/#primaryimage"},"image":{"@id":"https:\/\/fuentesfidedignas.com.mx\/index.php\/2021\/11\/30\/refrenda-el-gobernador-su-compromiso-de-apoyar-a-la-uas-para-el-cierre-de-ano\/#primaryimage"},"thumbnailUrl":"https:\/\/fuentesfidedignas.com.mx\/wp-content\/uploads\/2021\/11\/Rector-con-Gobernador.jpg","datePublished":"2021-11-30T21:18:22+00:00","dateModified":"2021-11-30T21:19:45+00:00","breadcrumb":{"@id":"https:\/\/fuentesfidedignas.com.mx\/index.php\/2021\/11\/30\/refrenda-el-gobernador-su-compromiso-de-apoyar-a-la-uas-para-el-cierre-de-ano\/#breadcrumb"},"inLanguage":"es","potentialAction":[{"@type":"ReadAction","target":["https:\/\/fuentesfidedignas.com.mx\/index.php\/2021\/11\/30\/refrenda-el-gobernador-su-compromiso-de-apoyar-a-la-uas-para-el-cierre-de-ano\/"]}]},{"@type":"ImageObject","inLanguage":"es","@id":"https:\/\/fuentesfidedignas.com.mx\/index.php\/2021\/11\/30\/refrenda-el-gobernador-su-compromiso-de-apoyar-a-la-uas-para-el-cierre-de-ano\/#primaryimage","url":"https:\/\/fuentesfidedignas.com.mx\/wp-content\/uploads\/2021\/11\/Rector-con-Gobernador.jpg","contentUrl":"https:\/\/fuentesfidedignas.com.mx\/wp-content\/uploads\/2021\/11\/Rector-con-Gobernador.jpg","width":1024,"height":768},{"@type":"BreadcrumbList","@id":"https:\/\/fuentesfidedignas.com.mx\/index.php\/2021\/11\/30\/refrenda-el-gobernador-su-compromiso-de-apoyar-a-la-uas-para-el-cierre-de-ano\/#breadcrumb","itemListElement":[{"@type":"ListItem","position":1,"name":"Inicio","item":"https:\/\/fuentesfidedignas.com.mx\/"},{"@type":"ListItem","position":2,"name":"Refrenda el gobernador su compromiso de apoyar a la UAS para el cierre de a\u00f1o"}]},{"@type":"WebSite","@id":"https:\/\/fuentesfidedignas.com.mx\/#website","url":"https:\/\/fuentesfidedignas.com.mx\/","name":"Fuentes Fidedignas","description":"Otro sitio realizado con WordPress","publisher":{"@id":"https:\/\/fuentesfidedignas.com.mx\/#organization"},"potentialAction":[{"@type":"SearchAction","target":{"@type":"EntryPoint","urlTemplate":"https:\/\/fuentesfidedignas.com.mx\/?s={search_term_string}"},"query-input":{"@type":"PropertyValueSpecification","valueRequired":true,"valueName":"search_term_string"}}],"inLanguage":"es"},{"@type":"Organization","@id":"https:\/\/fuentesfidedignas.com.mx\/#organization","name":"Fuentes Fidedignas","url":"https:\/\/fuentesfidedignas.com.mx\/","logo":{"@type":"ImageObject","inLanguage":"es","@id":"https:\/\/fuentesfidedignas.com.mx\/#\/schema\/logo\/image\/","url":"https:\/\/fuentesfidedignas.com.mx\/wp-content\/uploads\/2021\/04\/logo-retina.png","contentUrl":"https:\/\/fuentesfidedignas.com.mx\/wp-content\/uploads\/2021\/04\/logo-retina.png","width":280,"height":51,"caption":"Fuentes Fidedignas"},"image":{"@id":"https:\/\/fuentesfidedignas.com.mx\/#\/schema\/logo\/image\/"},"sameAs":["https:\/\/www.facebook.com\/Fuentes-Fidedignas-368234489921644","https:\/\/x.com\/fidedignas"]},{"@type":"Person","@id":"https:\/\/fuentesfidedignas.com.mx\/#\/schema\/person\/331be9283d37198e2acd5750279085b0","name":"Redacci\u00f3n","image":{"@type":"ImageObject","inLanguage":"es","@id":"https:\/\/secure.gravatar.com\/avatar\/f6d8782c11d12b2d4ad3fbb6931aeab5309937a4d6cd2fc9cfaa28a6396a5aec?s=96&d=mm&r=g","url":"https:\/\/secure.gravatar.com\/avatar\/f6d8782c11d12b2d4ad3fbb6931aeab5309937a4d6cd2fc9cfaa28a6396a5aec?s=96&d=mm&r=g","contentUrl":"https:\/\/secure.gravatar.com\/avatar\/f6d8782c11d12b2d4ad3fbb6931aeab5309937a4d6cd2fc9cfaa28a6396a5aec?s=96&d=mm&r=g","caption":"Redacci\u00f3n"},"url":"https:\/\/fuentesfidedignas.com.mx\/index.php\/author\/redaccion\/"}]}},"_links":{"self":[{"href":"https:\/\/fuentesfidedignas.com.mx\/index.php\/wp-json\/wp\/v2\/posts\/18748","targetHints":{"allow":["GET"]}}],"collection":[{"href":"https:\/\/fuentesfidedignas.com.mx\/index.php\/wp-json\/wp\/v2\/posts"}],"about":[{"href":"https:\/\/fuentesfidedignas.com.mx\/index.php\/wp-json\/wp\/v2\/types\/post"}],"author":[{"embeddable":true,"href":"https:\/\/fuentesfidedignas.com.mx\/index.php\/wp-json\/wp\/v2\/users\/4"}],"replies":[{"embeddable":true,"href":"https:\/\/fuentesfidedignas.com.mx\/index.php\/wp-json\/wp\/v2\/comments?post=18748"}],"version-history":[{"count":2,"href":"https:\/\/fuentesfidedignas.com.mx\/index.php\/wp-json\/wp\/v2\/posts\/18748\/revisions"}],"predecessor-version":[{"id":18751,"href":"https:\/\/fuentesfidedignas.com.mx\/index.php\/wp-json\/wp\/v2\/posts\/18748\/revisions\/18751"}],"wp:featuredmedia":[{"embeddable":true,"href":"https:\/\/fuentesfidedignas.com.mx\/index.php\/wp-json\/wp\/v2\/media\/18749"}],"wp:attachment":[{"href":"https:\/\/fuentesfidedignas.com.mx\/index.php\/wp-json\/wp\/v2\/media?parent=18748"}],"wp:term":[{"taxonomy":"category","embeddable":true,"href":"https:\/\/fuentesfidedignas.com.mx\/index.php\/wp-json\/wp\/v2\/categories?post=18748"},{"taxonomy":"post_tag","embeddable":true,"href":"https:\/\/fuentesfidedignas.com.mx\/index.php\/wp-json\/wp\/v2\/tags?post=18748"}],"curies":[{"name":"wp","href":"https:\/\/api.w.org\/{rel}","templated":true}]}}