{"id":18725,"date":"2021-11-30T12:09:02","date_gmt":"2021-11-30T19:09:02","guid":{"rendered":"https:\/\/fuentesfidedignas.com.mx\/?p=18725"},"modified":"2021-11-30T12:09:04","modified_gmt":"2021-11-30T19:09:04","slug":"verbena-2021-2022-iniciara-el-proximo-10-de-diciembre","status":"publish","type":"post","link":"https:\/\/fuentesfidedignas.com.mx\/index.php\/2021\/11\/30\/verbena-2021-2022-iniciara-el-proximo-10-de-diciembre\/","title":{"rendered":"Verbena 2021-2022 iniciar\u00e1 el pr\u00f3ximo 10 de diciembre"},"content":{"rendered":"\n<p><strong><em>La entrada tendr\u00e1 un costo de 20 pesos al igual que a\u00f1os anteriores<\/em><\/strong><\/p>\n\n\n\n<p>Culiac\u00e1n, Sin.- fomentar las tradiciones populares, la sana convivencia y obtener fondos para los programas de asistencia social, as\u00ed como apoyos diversos para personas en estado de vulnerabilidad, el Sistema DIF Culiac\u00e1n anunci\u00f3 la Verbena Culiac\u00e1n 2021-2022.<\/p>\n\n\n\n<p>Lupita L\u00f3pez de Estrada, Presidente de DIF Culiac\u00e1n anunci\u00f3 en rueda de prensa que la Verbena Culiac\u00e1n abrir\u00e1 sus puertas el viernes 10 de diciembre de 2021, en un horario de 5 de la tarde a 12 de la noche.<\/p>\n\n\n\n<p>La Presidente de DIF Municipal mencion\u00f3 que la entrada tendr\u00e1 un costo de 20 pesos al igual que a\u00f1os anteriores, habr\u00e1 stands, restaurantes y juegos mec\u00e1nicos. Recalc\u00f3 que en esta ocasi\u00f3n para evitar un espacio de aglomeraciones no habr\u00e1 Teatro del Pueblo.<\/p>\n\n\n\n<p>\u201cSabemos que en Culiac\u00e1n hay mucha gente solidaria y de buen coraz\u00f3n, por eso conf\u00edo en que una vez m\u00e1s esta verbena ser\u00e1 un \u00e9xito con el gran apoyo de la sociedad\u201d, dijo.<\/p>\n\n\n\n<p>\u201cHacemos la invitaci\u00f3n a todos los culiacanenses para que asistan a este evento familiar, esperamos con una asistencia estimada de 140 mil personas.<\/p>\n\n\n\n<p>Las medidas de prevenci\u00f3n contin\u00faan, por eso es necesario el uso de cubrebocas, lavado de manos o uso de gel antibacterial, sana distancia y por supuesto el aforo permitido es del 70% para evitar aglomeraciones\u201d.<\/p>\n\n\n\n<p>A\u00f1adi\u00f3 que como festejo de D\u00eda de Reyes la entrada y los juegos por la ma\u00f1ana ser\u00e1 gratuita.<\/p>\n\n\n\n<p>Marco Antonio Mart\u00ednez de Alba, coordinador municipal de Protecci\u00f3n Civil indic\u00f3 que por instrucciones del alcalde el Lic. Jes\u00fas Estrada Ferreiro habr\u00e1 reducci\u00f3n de personas en los juegos mec\u00e1nicos, adem\u00e1s se contar\u00e1 con un esquema de sanitizaci\u00f3n, cuidando la salud de todos los asistentes.<\/p>\n\n\n\n<p>Durante la rueda de prensa estuvieron presentes Lydia Peinado Aguirre, directora general, Alejandro Gonz\u00e1lez; director operativo y \u00c9dgar Figueroa; director administrativo.<\/p>\n","protected":false},"excerpt":{"rendered":"<p>La entrada tendr\u00e1 un costo de 20 pesos al igual que a\u00f1os anteriores Culiac\u00e1n, Sin.- fomentar las tradiciones populares, la sana convivencia y obtener fondos para los programas de asistencia social, as\u00ed como apoyos diversos para personas en estado de vulnerabilidad, el Sistema DIF Culiac\u00e1n anunci\u00f3 la Verbena Culiac\u00e1n 2021-2022. Lupita L\u00f3pez de Estrada, Presidente [&hellip;]<\/p>\n","protected":false},"author":4,"featured_media":18726,"comment_status":"open","ping_status":"open","sticky":false,"template":"","format":"standard","meta":{"tdm_status":"","tdm_grid_status":"","footnotes":""},"categories":[37],"tags":[],"class_list":{"0":"post-18725","1":"post","2":"type-post","3":"status-publish","4":"format-standard","5":"has-post-thumbnail","7":"category-nota-principal"},"yoast_head":"<!-- This site is optimized with the Yoast SEO plugin v27.5 - https:\/\/yoast.com\/product\/yoast-seo-wordpress\/ -->\n<title>Verbena 2021-2022 iniciar\u00e1 el pr\u00f3ximo 10 de diciembre - Fuentes Fidedignas<\/title>\n<meta name=\"robots\" content=\"index, follow, max-snippet:-1, max-image-preview:large, max-video-preview:-1\" \/>\n<link rel=\"canonical\" href=\"https:\/\/fuentesfidedignas.com.mx\/index.php\/2021\/11\/30\/verbena-2021-2022-iniciara-el-proximo-10-de-diciembre\/\" \/>\n<meta property=\"og:locale\" content=\"es_MX\" \/>\n<meta property=\"og:type\" content=\"article\" \/>\n<meta property=\"og:title\" content=\"Verbena 2021-2022 iniciar\u00e1 el pr\u00f3ximo 10 de diciembre - Fuentes Fidedignas\" \/>\n<meta property=\"og:description\" content=\"La entrada tendr\u00e1 un costo de 20 pesos al igual que a\u00f1os anteriores Culiac\u00e1n, Sin.- fomentar las tradiciones populares, la sana convivencia y obtener fondos para los programas de asistencia social, as\u00ed como apoyos diversos para personas en estado de vulnerabilidad, el Sistema DIF Culiac\u00e1n anunci\u00f3 la Verbena Culiac\u00e1n 2021-2022. Lupita L\u00f3pez de Estrada, Presidente [&hellip;]\" \/>\n<meta property=\"og:url\" content=\"https:\/\/fuentesfidedignas.com.mx\/index.php\/2021\/11\/30\/verbena-2021-2022-iniciara-el-proximo-10-de-diciembre\/\" \/>\n<meta property=\"og:site_name\" content=\"Fuentes Fidedignas\" \/>\n<meta property=\"article:publisher\" content=\"https:\/\/www.facebook.com\/Fuentes-Fidedignas-368234489921644\" \/>\n<meta property=\"article:published_time\" content=\"2021-11-30T19:09:02+00:00\" \/>\n<meta property=\"article:modified_time\" content=\"2021-11-30T19:09:04+00:00\" \/>\n<meta property=\"og:image\" content=\"https:\/\/fuentesfidedignas.com.mx\/wp-content\/uploads\/2021\/11\/IMG-20211130-WA0014.jpg\" \/>\n\t<meta property=\"og:image:width\" content=\"1280\" \/>\n\t<meta property=\"og:image:height\" content=\"853\" \/>\n\t<meta property=\"og:image:type\" content=\"image\/jpeg\" \/>\n<meta name=\"author\" content=\"Redacci\u00f3n\" \/>\n<meta name=\"twitter:card\" content=\"summary_large_image\" \/>\n<meta name=\"twitter:creator\" content=\"@fidedignas\" \/>\n<meta name=\"twitter:site\" content=\"@fidedignas\" \/>\n<meta name=\"twitter:label1\" content=\"Escrito por\" \/>\n\t<meta name=\"twitter:data1\" content=\"Redacci\u00f3n\" \/>\n\t<meta name=\"twitter:label2\" content=\"Tiempo de lectura\" \/>\n\t<meta name=\"twitter:data2\" content=\"2 minutos\" \/>\n<script type=\"application\/ld+json\" class=\"yoast-schema-graph\">{\"@context\":\"https:\\\/\\\/schema.org\",\"@graph\":[{\"@type\":\"Article\",\"@id\":\"https:\\\/\\\/fuentesfidedignas.com.mx\\\/index.php\\\/2021\\\/11\\\/30\\\/verbena-2021-2022-iniciara-el-proximo-10-de-diciembre\\\/#article\",\"isPartOf\":{\"@id\":\"https:\\\/\\\/fuentesfidedignas.com.mx\\\/index.php\\\/2021\\\/11\\\/30\\\/verbena-2021-2022-iniciara-el-proximo-10-de-diciembre\\\/\"},\"author\":{\"name\":\"Redacci\u00f3n\",\"@id\":\"https:\\\/\\\/fuentesfidedignas.com.mx\\\/#\\\/schema\\\/person\\\/331be9283d37198e2acd5750279085b0\"},\"headline\":\"Verbena 2021-2022 iniciar\u00e1 el pr\u00f3ximo 10 de diciembre\",\"datePublished\":\"2021-11-30T19:09:02+00:00\",\"dateModified\":\"2021-11-30T19:09:04+00:00\",\"mainEntityOfPage\":{\"@id\":\"https:\\\/\\\/fuentesfidedignas.com.mx\\\/index.php\\\/2021\\\/11\\\/30\\\/verbena-2021-2022-iniciara-el-proximo-10-de-diciembre\\\/\"},\"wordCount\":335,\"commentCount\":0,\"publisher\":{\"@id\":\"https:\\\/\\\/fuentesfidedignas.com.mx\\\/#organization\"},\"image\":{\"@id\":\"https:\\\/\\\/fuentesfidedignas.com.mx\\\/index.php\\\/2021\\\/11\\\/30\\\/verbena-2021-2022-iniciara-el-proximo-10-de-diciembre\\\/#primaryimage\"},\"thumbnailUrl\":\"https:\\\/\\\/fuentesfidedignas.com.mx\\\/wp-content\\\/uploads\\\/2021\\\/11\\\/IMG-20211130-WA0014.jpg\",\"articleSection\":[\"NOTA PRINCIPAL\"],\"inLanguage\":\"es\",\"potentialAction\":[{\"@type\":\"CommentAction\",\"name\":\"Comment\",\"target\":[\"https:\\\/\\\/fuentesfidedignas.com.mx\\\/index.php\\\/2021\\\/11\\\/30\\\/verbena-2021-2022-iniciara-el-proximo-10-de-diciembre\\\/#respond\"]}]},{\"@type\":\"WebPage\",\"@id\":\"https:\\\/\\\/fuentesfidedignas.com.mx\\\/index.php\\\/2021\\\/11\\\/30\\\/verbena-2021-2022-iniciara-el-proximo-10-de-diciembre\\\/\",\"url\":\"https:\\\/\\\/fuentesfidedignas.com.mx\\\/index.php\\\/2021\\\/11\\\/30\\\/verbena-2021-2022-iniciara-el-proximo-10-de-diciembre\\\/\",\"name\":\"Verbena 2021-2022 iniciar\u00e1 el pr\u00f3ximo 10 de diciembre - Fuentes Fidedignas\",\"isPartOf\":{\"@id\":\"https:\\\/\\\/fuentesfidedignas.com.mx\\\/#website\"},\"primaryImageOfPage\":{\"@id\":\"https:\\\/\\\/fuentesfidedignas.com.mx\\\/index.php\\\/2021\\\/11\\\/30\\\/verbena-2021-2022-iniciara-el-proximo-10-de-diciembre\\\/#primaryimage\"},\"image\":{\"@id\":\"https:\\\/\\\/fuentesfidedignas.com.mx\\\/index.php\\\/2021\\\/11\\\/30\\\/verbena-2021-2022-iniciara-el-proximo-10-de-diciembre\\\/#primaryimage\"},\"thumbnailUrl\":\"https:\\\/\\\/fuentesfidedignas.com.mx\\\/wp-content\\\/uploads\\\/2021\\\/11\\\/IMG-20211130-WA0014.jpg\",\"datePublished\":\"2021-11-30T19:09:02+00:00\",\"dateModified\":\"2021-11-30T19:09:04+00:00\",\"breadcrumb\":{\"@id\":\"https:\\\/\\\/fuentesfidedignas.com.mx\\\/index.php\\\/2021\\\/11\\\/30\\\/verbena-2021-2022-iniciara-el-proximo-10-de-diciembre\\\/#breadcrumb\"},\"inLanguage\":\"es\",\"potentialAction\":[{\"@type\":\"ReadAction\",\"target\":[\"https:\\\/\\\/fuentesfidedignas.com.mx\\\/index.php\\\/2021\\\/11\\\/30\\\/verbena-2021-2022-iniciara-el-proximo-10-de-diciembre\\\/\"]}]},{\"@type\":\"ImageObject\",\"inLanguage\":\"es\",\"@id\":\"https:\\\/\\\/fuentesfidedignas.com.mx\\\/index.php\\\/2021\\\/11\\\/30\\\/verbena-2021-2022-iniciara-el-proximo-10-de-diciembre\\\/#primaryimage\",\"url\":\"https:\\\/\\\/fuentesfidedignas.com.mx\\\/wp-content\\\/uploads\\\/2021\\\/11\\\/IMG-20211130-WA0014.jpg\",\"contentUrl\":\"https:\\\/\\\/fuentesfidedignas.com.mx\\\/wp-content\\\/uploads\\\/2021\\\/11\\\/IMG-20211130-WA0014.jpg\",\"width\":1280,\"height\":853},{\"@type\":\"BreadcrumbList\",\"@id\":\"https:\\\/\\\/fuentesfidedignas.com.mx\\\/index.php\\\/2021\\\/11\\\/30\\\/verbena-2021-2022-iniciara-el-proximo-10-de-diciembre\\\/#breadcrumb\",\"itemListElement\":[{\"@type\":\"ListItem\",\"position\":1,\"name\":\"Inicio\",\"item\":\"https:\\\/\\\/fuentesfidedignas.com.mx\\\/\"},{\"@type\":\"ListItem\",\"position\":2,\"name\":\"Verbena 2021-2022 iniciar\u00e1 el pr\u00f3ximo 10 de diciembre\"}]},{\"@type\":\"WebSite\",\"@id\":\"https:\\\/\\\/fuentesfidedignas.com.mx\\\/#website\",\"url\":\"https:\\\/\\\/fuentesfidedignas.com.mx\\\/\",\"name\":\"Fuentes Fidedignas\",\"description\":\"Otro sitio realizado con WordPress\",\"publisher\":{\"@id\":\"https:\\\/\\\/fuentesfidedignas.com.mx\\\/#organization\"},\"potentialAction\":[{\"@type\":\"SearchAction\",\"target\":{\"@type\":\"EntryPoint\",\"urlTemplate\":\"https:\\\/\\\/fuentesfidedignas.com.mx\\\/?s={search_term_string}\"},\"query-input\":{\"@type\":\"PropertyValueSpecification\",\"valueRequired\":true,\"valueName\":\"search_term_string\"}}],\"inLanguage\":\"es\"},{\"@type\":\"Organization\",\"@id\":\"https:\\\/\\\/fuentesfidedignas.com.mx\\\/#organization\",\"name\":\"Fuentes Fidedignas\",\"url\":\"https:\\\/\\\/fuentesfidedignas.com.mx\\\/\",\"logo\":{\"@type\":\"ImageObject\",\"inLanguage\":\"es\",\"@id\":\"https:\\\/\\\/fuentesfidedignas.com.mx\\\/#\\\/schema\\\/logo\\\/image\\\/\",\"url\":\"https:\\\/\\\/fuentesfidedignas.com.mx\\\/wp-content\\\/uploads\\\/2021\\\/04\\\/logo-retina.png\",\"contentUrl\":\"https:\\\/\\\/fuentesfidedignas.com.mx\\\/wp-content\\\/uploads\\\/2021\\\/04\\\/logo-retina.png\",\"width\":280,\"height\":51,\"caption\":\"Fuentes Fidedignas\"},\"image\":{\"@id\":\"https:\\\/\\\/fuentesfidedignas.com.mx\\\/#\\\/schema\\\/logo\\\/image\\\/\"},\"sameAs\":[\"https:\\\/\\\/www.facebook.com\\\/Fuentes-Fidedignas-368234489921644\",\"https:\\\/\\\/x.com\\\/fidedignas\"]},{\"@type\":\"Person\",\"@id\":\"https:\\\/\\\/fuentesfidedignas.com.mx\\\/#\\\/schema\\\/person\\\/331be9283d37198e2acd5750279085b0\",\"name\":\"Redacci\u00f3n\",\"image\":{\"@type\":\"ImageObject\",\"inLanguage\":\"es\",\"@id\":\"https:\\\/\\\/secure.gravatar.com\\\/avatar\\\/f6d8782c11d12b2d4ad3fbb6931aeab5309937a4d6cd2fc9cfaa28a6396a5aec?s=96&d=mm&r=g\",\"url\":\"https:\\\/\\\/secure.gravatar.com\\\/avatar\\\/f6d8782c11d12b2d4ad3fbb6931aeab5309937a4d6cd2fc9cfaa28a6396a5aec?s=96&d=mm&r=g\",\"contentUrl\":\"https:\\\/\\\/secure.gravatar.com\\\/avatar\\\/f6d8782c11d12b2d4ad3fbb6931aeab5309937a4d6cd2fc9cfaa28a6396a5aec?s=96&d=mm&r=g\",\"caption\":\"Redacci\u00f3n\"},\"url\":\"https:\\\/\\\/fuentesfidedignas.com.mx\\\/index.php\\\/author\\\/redaccion\\\/\"}]}<\/script>\n<!-- \/ Yoast SEO plugin. -->","yoast_head_json":{"title":"Verbena 2021-2022 iniciar\u00e1 el pr\u00f3ximo 10 de diciembre - Fuentes Fidedignas","robots":{"index":"index","follow":"follow","max-snippet":"max-snippet:-1","max-image-preview":"max-image-preview:large","max-video-preview":"max-video-preview:-1"},"canonical":"https:\/\/fuentesfidedignas.com.mx\/index.php\/2021\/11\/30\/verbena-2021-2022-iniciara-el-proximo-10-de-diciembre\/","og_locale":"es_MX","og_type":"article","og_title":"Verbena 2021-2022 iniciar\u00e1 el pr\u00f3ximo 10 de diciembre - Fuentes Fidedignas","og_description":"La entrada tendr\u00e1 un costo de 20 pesos al igual que a\u00f1os anteriores Culiac\u00e1n, Sin.- fomentar las tradiciones populares, la sana convivencia y obtener fondos para los programas de asistencia social, as\u00ed como apoyos diversos para personas en estado de vulnerabilidad, el Sistema DIF Culiac\u00e1n anunci\u00f3 la Verbena Culiac\u00e1n 2021-2022. Lupita L\u00f3pez de Estrada, Presidente [&hellip;]","og_url":"https:\/\/fuentesfidedignas.com.mx\/index.php\/2021\/11\/30\/verbena-2021-2022-iniciara-el-proximo-10-de-diciembre\/","og_site_name":"Fuentes Fidedignas","article_publisher":"https:\/\/www.facebook.com\/Fuentes-Fidedignas-368234489921644","article_published_time":"2021-11-30T19:09:02+00:00","article_modified_time":"2021-11-30T19:09:04+00:00","og_image":[{"width":1280,"height":853,"url":"https:\/\/fuentesfidedignas.com.mx\/wp-content\/uploads\/2021\/11\/IMG-20211130-WA0014.jpg","type":"image\/jpeg"}],"author":"Redacci\u00f3n","twitter_card":"summary_large_image","twitter_creator":"@fidedignas","twitter_site":"@fidedignas","twitter_misc":{"Escrito por":"Redacci\u00f3n","Tiempo de lectura":"2 minutos"},"schema":{"@context":"https:\/\/schema.org","@graph":[{"@type":"Article","@id":"https:\/\/fuentesfidedignas.com.mx\/index.php\/2021\/11\/30\/verbena-2021-2022-iniciara-el-proximo-10-de-diciembre\/#article","isPartOf":{"@id":"https:\/\/fuentesfidedignas.com.mx\/index.php\/2021\/11\/30\/verbena-2021-2022-iniciara-el-proximo-10-de-diciembre\/"},"author":{"name":"Redacci\u00f3n","@id":"https:\/\/fuentesfidedignas.com.mx\/#\/schema\/person\/331be9283d37198e2acd5750279085b0"},"headline":"Verbena 2021-2022 iniciar\u00e1 el pr\u00f3ximo 10 de diciembre","datePublished":"2021-11-30T19:09:02+00:00","dateModified":"2021-11-30T19:09:04+00:00","mainEntityOfPage":{"@id":"https:\/\/fuentesfidedignas.com.mx\/index.php\/2021\/11\/30\/verbena-2021-2022-iniciara-el-proximo-10-de-diciembre\/"},"wordCount":335,"commentCount":0,"publisher":{"@id":"https:\/\/fuentesfidedignas.com.mx\/#organization"},"image":{"@id":"https:\/\/fuentesfidedignas.com.mx\/index.php\/2021\/11\/30\/verbena-2021-2022-iniciara-el-proximo-10-de-diciembre\/#primaryimage"},"thumbnailUrl":"https:\/\/fuentesfidedignas.com.mx\/wp-content\/uploads\/2021\/11\/IMG-20211130-WA0014.jpg","articleSection":["NOTA PRINCIPAL"],"inLanguage":"es","potentialAction":[{"@type":"CommentAction","name":"Comment","target":["https:\/\/fuentesfidedignas.com.mx\/index.php\/2021\/11\/30\/verbena-2021-2022-iniciara-el-proximo-10-de-diciembre\/#respond"]}]},{"@type":"WebPage","@id":"https:\/\/fuentesfidedignas.com.mx\/index.php\/2021\/11\/30\/verbena-2021-2022-iniciara-el-proximo-10-de-diciembre\/","url":"https:\/\/fuentesfidedignas.com.mx\/index.php\/2021\/11\/30\/verbena-2021-2022-iniciara-el-proximo-10-de-diciembre\/","name":"Verbena 2021-2022 iniciar\u00e1 el pr\u00f3ximo 10 de diciembre - Fuentes Fidedignas","isPartOf":{"@id":"https:\/\/fuentesfidedignas.com.mx\/#website"},"primaryImageOfPage":{"@id":"https:\/\/fuentesfidedignas.com.mx\/index.php\/2021\/11\/30\/verbena-2021-2022-iniciara-el-proximo-10-de-diciembre\/#primaryimage"},"image":{"@id":"https:\/\/fuentesfidedignas.com.mx\/index.php\/2021\/11\/30\/verbena-2021-2022-iniciara-el-proximo-10-de-diciembre\/#primaryimage"},"thumbnailUrl":"https:\/\/fuentesfidedignas.com.mx\/wp-content\/uploads\/2021\/11\/IMG-20211130-WA0014.jpg","datePublished":"2021-11-30T19:09:02+00:00","dateModified":"2021-11-30T19:09:04+00:00","breadcrumb":{"@id":"https:\/\/fuentesfidedignas.com.mx\/index.php\/2021\/11\/30\/verbena-2021-2022-iniciara-el-proximo-10-de-diciembre\/#breadcrumb"},"inLanguage":"es","potentialAction":[{"@type":"ReadAction","target":["https:\/\/fuentesfidedignas.com.mx\/index.php\/2021\/11\/30\/verbena-2021-2022-iniciara-el-proximo-10-de-diciembre\/"]}]},{"@type":"ImageObject","inLanguage":"es","@id":"https:\/\/fuentesfidedignas.com.mx\/index.php\/2021\/11\/30\/verbena-2021-2022-iniciara-el-proximo-10-de-diciembre\/#primaryimage","url":"https:\/\/fuentesfidedignas.com.mx\/wp-content\/uploads\/2021\/11\/IMG-20211130-WA0014.jpg","contentUrl":"https:\/\/fuentesfidedignas.com.mx\/wp-content\/uploads\/2021\/11\/IMG-20211130-WA0014.jpg","width":1280,"height":853},{"@type":"BreadcrumbList","@id":"https:\/\/fuentesfidedignas.com.mx\/index.php\/2021\/11\/30\/verbena-2021-2022-iniciara-el-proximo-10-de-diciembre\/#breadcrumb","itemListElement":[{"@type":"ListItem","position":1,"name":"Inicio","item":"https:\/\/fuentesfidedignas.com.mx\/"},{"@type":"ListItem","position":2,"name":"Verbena 2021-2022 iniciar\u00e1 el pr\u00f3ximo 10 de diciembre"}]},{"@type":"WebSite","@id":"https:\/\/fuentesfidedignas.com.mx\/#website","url":"https:\/\/fuentesfidedignas.com.mx\/","name":"Fuentes Fidedignas","description":"Otro sitio realizado con WordPress","publisher":{"@id":"https:\/\/fuentesfidedignas.com.mx\/#organization"},"potentialAction":[{"@type":"SearchAction","target":{"@type":"EntryPoint","urlTemplate":"https:\/\/fuentesfidedignas.com.mx\/?s={search_term_string}"},"query-input":{"@type":"PropertyValueSpecification","valueRequired":true,"valueName":"search_term_string"}}],"inLanguage":"es"},{"@type":"Organization","@id":"https:\/\/fuentesfidedignas.com.mx\/#organization","name":"Fuentes Fidedignas","url":"https:\/\/fuentesfidedignas.com.mx\/","logo":{"@type":"ImageObject","inLanguage":"es","@id":"https:\/\/fuentesfidedignas.com.mx\/#\/schema\/logo\/image\/","url":"https:\/\/fuentesfidedignas.com.mx\/wp-content\/uploads\/2021\/04\/logo-retina.png","contentUrl":"https:\/\/fuentesfidedignas.com.mx\/wp-content\/uploads\/2021\/04\/logo-retina.png","width":280,"height":51,"caption":"Fuentes Fidedignas"},"image":{"@id":"https:\/\/fuentesfidedignas.com.mx\/#\/schema\/logo\/image\/"},"sameAs":["https:\/\/www.facebook.com\/Fuentes-Fidedignas-368234489921644","https:\/\/x.com\/fidedignas"]},{"@type":"Person","@id":"https:\/\/fuentesfidedignas.com.mx\/#\/schema\/person\/331be9283d37198e2acd5750279085b0","name":"Redacci\u00f3n","image":{"@type":"ImageObject","inLanguage":"es","@id":"https:\/\/secure.gravatar.com\/avatar\/f6d8782c11d12b2d4ad3fbb6931aeab5309937a4d6cd2fc9cfaa28a6396a5aec?s=96&d=mm&r=g","url":"https:\/\/secure.gravatar.com\/avatar\/f6d8782c11d12b2d4ad3fbb6931aeab5309937a4d6cd2fc9cfaa28a6396a5aec?s=96&d=mm&r=g","contentUrl":"https:\/\/secure.gravatar.com\/avatar\/f6d8782c11d12b2d4ad3fbb6931aeab5309937a4d6cd2fc9cfaa28a6396a5aec?s=96&d=mm&r=g","caption":"Redacci\u00f3n"},"url":"https:\/\/fuentesfidedignas.com.mx\/index.php\/author\/redaccion\/"}]}},"_links":{"self":[{"href":"https:\/\/fuentesfidedignas.com.mx\/index.php\/wp-json\/wp\/v2\/posts\/18725","targetHints":{"allow":["GET"]}}],"collection":[{"href":"https:\/\/fuentesfidedignas.com.mx\/index.php\/wp-json\/wp\/v2\/posts"}],"about":[{"href":"https:\/\/fuentesfidedignas.com.mx\/index.php\/wp-json\/wp\/v2\/types\/post"}],"author":[{"embeddable":true,"href":"https:\/\/fuentesfidedignas.com.mx\/index.php\/wp-json\/wp\/v2\/users\/4"}],"replies":[{"embeddable":true,"href":"https:\/\/fuentesfidedignas.com.mx\/index.php\/wp-json\/wp\/v2\/comments?post=18725"}],"version-history":[{"count":1,"href":"https:\/\/fuentesfidedignas.com.mx\/index.php\/wp-json\/wp\/v2\/posts\/18725\/revisions"}],"predecessor-version":[{"id":18727,"href":"https:\/\/fuentesfidedignas.com.mx\/index.php\/wp-json\/wp\/v2\/posts\/18725\/revisions\/18727"}],"wp:featuredmedia":[{"embeddable":true,"href":"https:\/\/fuentesfidedignas.com.mx\/index.php\/wp-json\/wp\/v2\/media\/18726"}],"wp:attachment":[{"href":"https:\/\/fuentesfidedignas.com.mx\/index.php\/wp-json\/wp\/v2\/media?parent=18725"}],"wp:term":[{"taxonomy":"category","embeddable":true,"href":"https:\/\/fuentesfidedignas.com.mx\/index.php\/wp-json\/wp\/v2\/categories?post=18725"},{"taxonomy":"post_tag","embeddable":true,"href":"https:\/\/fuentesfidedignas.com.mx\/index.php\/wp-json\/wp\/v2\/tags?post=18725"}],"curies":[{"name":"wp","href":"https:\/\/api.w.org\/{rel}","templated":true}]}}