{"id":18713,"date":"2021-11-30T10:27:30","date_gmt":"2021-11-30T17:27:30","guid":{"rendered":"https:\/\/fuentesfidedignas.com.mx\/?p=18713"},"modified":"2021-11-30T10:27:32","modified_gmt":"2021-11-30T17:27:32","slug":"amlo-confirma-tercera-dosis-para-adultos-mayores-tenemos-vacunas-suficientes","status":"publish","type":"post","link":"https:\/\/fuentesfidedignas.com.mx\/index.php\/2021\/11\/30\/amlo-confirma-tercera-dosis-para-adultos-mayores-tenemos-vacunas-suficientes\/","title":{"rendered":"AMLO confirma tercera dosis para adultos mayores; \u201ctenemos vacunas suficientes\u201d"},"content":{"rendered":"\n<p><strong><em>Dijo que no se hab\u00eda anunciado el reforzamiento del esquema de vacunaci\u00f3n en adultos mayores porque se gener\u00f3 alarma ante la presencia de la nueva variante denominada \u00f3micron<\/em><\/strong><\/p>\n\n\n\n<p>Ciudad de M\u00e9xico. <\/p>\n\n\n\n<p>El presidente Andr\u00e9s Manuel L\u00f3pez Obrador anunci\u00f3 que el Plan Nacional de Vacunaci\u00f3n en el pa\u00eds contempla seguir inmunizando a j\u00f3venes menores de 18 a\u00f1os, se analizar\u00e1 la posibilidad de incluir a los ni\u00f1os y &#8220;en breve&#8221;, se va a reforzar el esquema para adultos mayores.<\/p>\n\n\n\n<p>\u201cLo importante es decirles a todos los mexicanos, en esencia dos cosas: que la vacuna ayuda y que no hay ning\u00fan estudio que demuestre que no sirve la vacuna frente a la nueva variante (\u00f3micron) y que no tenemos escasez de vacunas, tenemos vacunas suficientes para una dos y tres dosis\u201d, expres\u00f3.<\/p>\n\n\n\n<p>En la conferencia ma\u00f1anera, el mandatario se\u00f1al\u00f3 que el Plan Nacional de Vacunaci\u00f3n se rige de acuerdo con lo que se necesita para no caer en \u201cel desorden o en el caos\u201d y las decisiones se toman mediante una evaluaci\u00f3n en un comit\u00e9 del sector Salud.<\/p>\n\n\n\n<p>\u201cTenemos vacunas suficientes porque destinamos alrededor de 40 mil millones de pesos y tenemos ese dinero porque no hay corrupci\u00f3n y si hace falta m\u00e1s, pues no es para presumir, pero tenemos porque cuando no hay corrupci\u00f3n hay presupuesto\u201d, dijo el mandatario.<\/p>\n\n\n\n<p>Previamente, dijo que no se hab\u00eda anunciado el reforzamiento del esquema de vacunaci\u00f3n en adultos mayores porque se gener\u00f3 alarma ante la presencia de la nueva variante denominada \u00f3micron.<\/p>\n\n\n\n<p>\u201cQuisimos actuar con prudencia porque hay mucho miedo y el refuerzo de vacunas ser\u00e1 lo m\u00e1s pronto\u201d, subray\u00f3.<\/p>\n\n\n\n<p>Luego, coment\u00f3 que se tiene que seguir vacunando en comunidades alejadas del pa\u00eds donde existe un contraste en la cobertura entre las zonas urbanas como la Ciudad de M\u00e9xico y las comunidades de estados marginados donde ha sido dif\u00edcil el acceso y los ciudadanos a\u00fan no tienen acceso a la vacuna contra el coronavirus.<\/p>\n","protected":false},"excerpt":{"rendered":"<p>Dijo que no se hab\u00eda anunciado el reforzamiento del esquema de vacunaci\u00f3n en adultos mayores porque se gener\u00f3 alarma ante la presencia de la nueva variante denominada \u00f3micron Ciudad de M\u00e9xico. El presidente Andr\u00e9s Manuel L\u00f3pez Obrador anunci\u00f3 que el Plan Nacional de Vacunaci\u00f3n en el pa\u00eds contempla seguir inmunizando a j\u00f3venes menores de 18 [&hellip;]<\/p>\n","protected":false},"author":50,"featured_media":18714,"comment_status":"open","ping_status":"open","sticky":false,"template":"","format":"standard","meta":{"tdm_status":"","tdm_grid_status":"","footnotes":""},"categories":[37],"tags":[],"class_list":{"0":"post-18713","1":"post","2":"type-post","3":"status-publish","4":"format-standard","5":"has-post-thumbnail","7":"category-nota-principal"},"yoast_head":"<!-- This site is optimized with the Yoast SEO plugin v27.4 - https:\/\/yoast.com\/product\/yoast-seo-wordpress\/ -->\n<title>AMLO confirma tercera dosis para adultos mayores; \u201ctenemos vacunas suficientes\u201d - Fuentes Fidedignas<\/title>\n<meta name=\"robots\" content=\"index, follow, max-snippet:-1, max-image-preview:large, max-video-preview:-1\" \/>\n<link rel=\"canonical\" href=\"https:\/\/fuentesfidedignas.com.mx\/index.php\/2021\/11\/30\/amlo-confirma-tercera-dosis-para-adultos-mayores-tenemos-vacunas-suficientes\/\" \/>\n<meta property=\"og:locale\" content=\"es_MX\" \/>\n<meta property=\"og:type\" content=\"article\" \/>\n<meta property=\"og:title\" content=\"AMLO confirma tercera dosis para adultos mayores; \u201ctenemos vacunas suficientes\u201d - Fuentes Fidedignas\" \/>\n<meta property=\"og:description\" content=\"Dijo que no se hab\u00eda anunciado el reforzamiento del esquema de vacunaci\u00f3n en adultos mayores porque se gener\u00f3 alarma ante la presencia de la nueva variante denominada \u00f3micron Ciudad de M\u00e9xico. El presidente Andr\u00e9s Manuel L\u00f3pez Obrador anunci\u00f3 que el Plan Nacional de Vacunaci\u00f3n en el pa\u00eds contempla seguir inmunizando a j\u00f3venes menores de 18 [&hellip;]\" \/>\n<meta property=\"og:url\" content=\"https:\/\/fuentesfidedignas.com.mx\/index.php\/2021\/11\/30\/amlo-confirma-tercera-dosis-para-adultos-mayores-tenemos-vacunas-suficientes\/\" \/>\n<meta property=\"og:site_name\" content=\"Fuentes Fidedignas\" \/>\n<meta property=\"article:publisher\" content=\"https:\/\/www.facebook.com\/Fuentes-Fidedignas-368234489921644\" \/>\n<meta property=\"article:published_time\" content=\"2021-11-30T17:27:30+00:00\" \/>\n<meta property=\"article:modified_time\" content=\"2021-11-30T17:27:32+00:00\" \/>\n<meta property=\"og:image\" content=\"https:\/\/fuentesfidedignas.com.mx\/wp-content\/uploads\/2021\/11\/f608x342-130999_160722_15.jpeg\" \/>\n\t<meta property=\"og:image:width\" content=\"608\" \/>\n\t<meta property=\"og:image:height\" content=\"342\" \/>\n\t<meta property=\"og:image:type\" content=\"image\/jpeg\" \/>\n<meta name=\"author\" content=\"Proceso\" \/>\n<meta name=\"twitter:card\" content=\"summary_large_image\" \/>\n<meta name=\"twitter:creator\" content=\"@fidedignas\" \/>\n<meta name=\"twitter:site\" content=\"@fidedignas\" \/>\n<meta name=\"twitter:label1\" content=\"Escrito por\" \/>\n\t<meta name=\"twitter:data1\" content=\"Proceso\" \/>\n\t<meta name=\"twitter:label2\" content=\"Tiempo de lectura\" \/>\n\t<meta name=\"twitter:data2\" content=\"2 minutos\" \/>\n<script type=\"application\/ld+json\" class=\"yoast-schema-graph\">{\"@context\":\"https:\\\/\\\/schema.org\",\"@graph\":[{\"@type\":\"Article\",\"@id\":\"https:\\\/\\\/fuentesfidedignas.com.mx\\\/index.php\\\/2021\\\/11\\\/30\\\/amlo-confirma-tercera-dosis-para-adultos-mayores-tenemos-vacunas-suficientes\\\/#article\",\"isPartOf\":{\"@id\":\"https:\\\/\\\/fuentesfidedignas.com.mx\\\/index.php\\\/2021\\\/11\\\/30\\\/amlo-confirma-tercera-dosis-para-adultos-mayores-tenemos-vacunas-suficientes\\\/\"},\"author\":{\"name\":\"Proceso\",\"@id\":\"https:\\\/\\\/fuentesfidedignas.com.mx\\\/#\\\/schema\\\/person\\\/eb72247ff123b3ce5e4cadc7f50ae372\"},\"headline\":\"AMLO confirma tercera dosis para adultos mayores; \u201ctenemos vacunas suficientes\u201d\",\"datePublished\":\"2021-11-30T17:27:30+00:00\",\"dateModified\":\"2021-11-30T17:27:32+00:00\",\"mainEntityOfPage\":{\"@id\":\"https:\\\/\\\/fuentesfidedignas.com.mx\\\/index.php\\\/2021\\\/11\\\/30\\\/amlo-confirma-tercera-dosis-para-adultos-mayores-tenemos-vacunas-suficientes\\\/\"},\"wordCount\":351,\"commentCount\":0,\"publisher\":{\"@id\":\"https:\\\/\\\/fuentesfidedignas.com.mx\\\/#organization\"},\"image\":{\"@id\":\"https:\\\/\\\/fuentesfidedignas.com.mx\\\/index.php\\\/2021\\\/11\\\/30\\\/amlo-confirma-tercera-dosis-para-adultos-mayores-tenemos-vacunas-suficientes\\\/#primaryimage\"},\"thumbnailUrl\":\"https:\\\/\\\/fuentesfidedignas.com.mx\\\/wp-content\\\/uploads\\\/2021\\\/11\\\/f608x342-130999_160722_15.jpeg\",\"articleSection\":[\"NOTA PRINCIPAL\"],\"inLanguage\":\"es\",\"potentialAction\":[{\"@type\":\"CommentAction\",\"name\":\"Comment\",\"target\":[\"https:\\\/\\\/fuentesfidedignas.com.mx\\\/index.php\\\/2021\\\/11\\\/30\\\/amlo-confirma-tercera-dosis-para-adultos-mayores-tenemos-vacunas-suficientes\\\/#respond\"]}]},{\"@type\":\"WebPage\",\"@id\":\"https:\\\/\\\/fuentesfidedignas.com.mx\\\/index.php\\\/2021\\\/11\\\/30\\\/amlo-confirma-tercera-dosis-para-adultos-mayores-tenemos-vacunas-suficientes\\\/\",\"url\":\"https:\\\/\\\/fuentesfidedignas.com.mx\\\/index.php\\\/2021\\\/11\\\/30\\\/amlo-confirma-tercera-dosis-para-adultos-mayores-tenemos-vacunas-suficientes\\\/\",\"name\":\"AMLO confirma tercera dosis para adultos mayores; \u201ctenemos vacunas suficientes\u201d - Fuentes Fidedignas\",\"isPartOf\":{\"@id\":\"https:\\\/\\\/fuentesfidedignas.com.mx\\\/#website\"},\"primaryImageOfPage\":{\"@id\":\"https:\\\/\\\/fuentesfidedignas.com.mx\\\/index.php\\\/2021\\\/11\\\/30\\\/amlo-confirma-tercera-dosis-para-adultos-mayores-tenemos-vacunas-suficientes\\\/#primaryimage\"},\"image\":{\"@id\":\"https:\\\/\\\/fuentesfidedignas.com.mx\\\/index.php\\\/2021\\\/11\\\/30\\\/amlo-confirma-tercera-dosis-para-adultos-mayores-tenemos-vacunas-suficientes\\\/#primaryimage\"},\"thumbnailUrl\":\"https:\\\/\\\/fuentesfidedignas.com.mx\\\/wp-content\\\/uploads\\\/2021\\\/11\\\/f608x342-130999_160722_15.jpeg\",\"datePublished\":\"2021-11-30T17:27:30+00:00\",\"dateModified\":\"2021-11-30T17:27:32+00:00\",\"breadcrumb\":{\"@id\":\"https:\\\/\\\/fuentesfidedignas.com.mx\\\/index.php\\\/2021\\\/11\\\/30\\\/amlo-confirma-tercera-dosis-para-adultos-mayores-tenemos-vacunas-suficientes\\\/#breadcrumb\"},\"inLanguage\":\"es\",\"potentialAction\":[{\"@type\":\"ReadAction\",\"target\":[\"https:\\\/\\\/fuentesfidedignas.com.mx\\\/index.php\\\/2021\\\/11\\\/30\\\/amlo-confirma-tercera-dosis-para-adultos-mayores-tenemos-vacunas-suficientes\\\/\"]}]},{\"@type\":\"ImageObject\",\"inLanguage\":\"es\",\"@id\":\"https:\\\/\\\/fuentesfidedignas.com.mx\\\/index.php\\\/2021\\\/11\\\/30\\\/amlo-confirma-tercera-dosis-para-adultos-mayores-tenemos-vacunas-suficientes\\\/#primaryimage\",\"url\":\"https:\\\/\\\/fuentesfidedignas.com.mx\\\/wp-content\\\/uploads\\\/2021\\\/11\\\/f608x342-130999_160722_15.jpeg\",\"contentUrl\":\"https:\\\/\\\/fuentesfidedignas.com.mx\\\/wp-content\\\/uploads\\\/2021\\\/11\\\/f608x342-130999_160722_15.jpeg\",\"width\":608,\"height\":342},{\"@type\":\"BreadcrumbList\",\"@id\":\"https:\\\/\\\/fuentesfidedignas.com.mx\\\/index.php\\\/2021\\\/11\\\/30\\\/amlo-confirma-tercera-dosis-para-adultos-mayores-tenemos-vacunas-suficientes\\\/#breadcrumb\",\"itemListElement\":[{\"@type\":\"ListItem\",\"position\":1,\"name\":\"Inicio\",\"item\":\"https:\\\/\\\/fuentesfidedignas.com.mx\\\/\"},{\"@type\":\"ListItem\",\"position\":2,\"name\":\"AMLO confirma tercera dosis para adultos mayores; \u201ctenemos vacunas suficientes\u201d\"}]},{\"@type\":\"WebSite\",\"@id\":\"https:\\\/\\\/fuentesfidedignas.com.mx\\\/#website\",\"url\":\"https:\\\/\\\/fuentesfidedignas.com.mx\\\/\",\"name\":\"Fuentes Fidedignas\",\"description\":\"Otro sitio realizado con WordPress\",\"publisher\":{\"@id\":\"https:\\\/\\\/fuentesfidedignas.com.mx\\\/#organization\"},\"potentialAction\":[{\"@type\":\"SearchAction\",\"target\":{\"@type\":\"EntryPoint\",\"urlTemplate\":\"https:\\\/\\\/fuentesfidedignas.com.mx\\\/?s={search_term_string}\"},\"query-input\":{\"@type\":\"PropertyValueSpecification\",\"valueRequired\":true,\"valueName\":\"search_term_string\"}}],\"inLanguage\":\"es\"},{\"@type\":\"Organization\",\"@id\":\"https:\\\/\\\/fuentesfidedignas.com.mx\\\/#organization\",\"name\":\"Fuentes Fidedignas\",\"url\":\"https:\\\/\\\/fuentesfidedignas.com.mx\\\/\",\"logo\":{\"@type\":\"ImageObject\",\"inLanguage\":\"es\",\"@id\":\"https:\\\/\\\/fuentesfidedignas.com.mx\\\/#\\\/schema\\\/logo\\\/image\\\/\",\"url\":\"https:\\\/\\\/fuentesfidedignas.com.mx\\\/wp-content\\\/uploads\\\/2021\\\/04\\\/logo-retina.png\",\"contentUrl\":\"https:\\\/\\\/fuentesfidedignas.com.mx\\\/wp-content\\\/uploads\\\/2021\\\/04\\\/logo-retina.png\",\"width\":280,\"height\":51,\"caption\":\"Fuentes Fidedignas\"},\"image\":{\"@id\":\"https:\\\/\\\/fuentesfidedignas.com.mx\\\/#\\\/schema\\\/logo\\\/image\\\/\"},\"sameAs\":[\"https:\\\/\\\/www.facebook.com\\\/Fuentes-Fidedignas-368234489921644\",\"https:\\\/\\\/x.com\\\/fidedignas\"]},{\"@type\":\"Person\",\"@id\":\"https:\\\/\\\/fuentesfidedignas.com.mx\\\/#\\\/schema\\\/person\\\/eb72247ff123b3ce5e4cadc7f50ae372\",\"name\":\"Proceso\",\"image\":{\"@type\":\"ImageObject\",\"inLanguage\":\"es\",\"@id\":\"https:\\\/\\\/secure.gravatar.com\\\/avatar\\\/0bb01ecb091d50a46122cbe5cc32ffea15a000f83628f1e40458e669d38ff2cd?s=96&d=mm&r=g\",\"url\":\"https:\\\/\\\/secure.gravatar.com\\\/avatar\\\/0bb01ecb091d50a46122cbe5cc32ffea15a000f83628f1e40458e669d38ff2cd?s=96&d=mm&r=g\",\"contentUrl\":\"https:\\\/\\\/secure.gravatar.com\\\/avatar\\\/0bb01ecb091d50a46122cbe5cc32ffea15a000f83628f1e40458e669d38ff2cd?s=96&d=mm&r=g\",\"caption\":\"Proceso\"},\"url\":\"https:\\\/\\\/fuentesfidedignas.com.mx\\\/index.php\\\/author\\\/proceso\\\/\"}]}<\/script>\n<!-- \/ Yoast SEO plugin. -->","yoast_head_json":{"title":"AMLO confirma tercera dosis para adultos mayores; \u201ctenemos vacunas suficientes\u201d - Fuentes Fidedignas","robots":{"index":"index","follow":"follow","max-snippet":"max-snippet:-1","max-image-preview":"max-image-preview:large","max-video-preview":"max-video-preview:-1"},"canonical":"https:\/\/fuentesfidedignas.com.mx\/index.php\/2021\/11\/30\/amlo-confirma-tercera-dosis-para-adultos-mayores-tenemos-vacunas-suficientes\/","og_locale":"es_MX","og_type":"article","og_title":"AMLO confirma tercera dosis para adultos mayores; \u201ctenemos vacunas suficientes\u201d - Fuentes Fidedignas","og_description":"Dijo que no se hab\u00eda anunciado el reforzamiento del esquema de vacunaci\u00f3n en adultos mayores porque se gener\u00f3 alarma ante la presencia de la nueva variante denominada \u00f3micron Ciudad de M\u00e9xico. El presidente Andr\u00e9s Manuel L\u00f3pez Obrador anunci\u00f3 que el Plan Nacional de Vacunaci\u00f3n en el pa\u00eds contempla seguir inmunizando a j\u00f3venes menores de 18 [&hellip;]","og_url":"https:\/\/fuentesfidedignas.com.mx\/index.php\/2021\/11\/30\/amlo-confirma-tercera-dosis-para-adultos-mayores-tenemos-vacunas-suficientes\/","og_site_name":"Fuentes Fidedignas","article_publisher":"https:\/\/www.facebook.com\/Fuentes-Fidedignas-368234489921644","article_published_time":"2021-11-30T17:27:30+00:00","article_modified_time":"2021-11-30T17:27:32+00:00","og_image":[{"width":608,"height":342,"url":"https:\/\/fuentesfidedignas.com.mx\/wp-content\/uploads\/2021\/11\/f608x342-130999_160722_15.jpeg","type":"image\/jpeg"}],"author":"Proceso","twitter_card":"summary_large_image","twitter_creator":"@fidedignas","twitter_site":"@fidedignas","twitter_misc":{"Escrito por":"Proceso","Tiempo de lectura":"2 minutos"},"schema":{"@context":"https:\/\/schema.org","@graph":[{"@type":"Article","@id":"https:\/\/fuentesfidedignas.com.mx\/index.php\/2021\/11\/30\/amlo-confirma-tercera-dosis-para-adultos-mayores-tenemos-vacunas-suficientes\/#article","isPartOf":{"@id":"https:\/\/fuentesfidedignas.com.mx\/index.php\/2021\/11\/30\/amlo-confirma-tercera-dosis-para-adultos-mayores-tenemos-vacunas-suficientes\/"},"author":{"name":"Proceso","@id":"https:\/\/fuentesfidedignas.com.mx\/#\/schema\/person\/eb72247ff123b3ce5e4cadc7f50ae372"},"headline":"AMLO confirma tercera dosis para adultos mayores; \u201ctenemos vacunas suficientes\u201d","datePublished":"2021-11-30T17:27:30+00:00","dateModified":"2021-11-30T17:27:32+00:00","mainEntityOfPage":{"@id":"https:\/\/fuentesfidedignas.com.mx\/index.php\/2021\/11\/30\/amlo-confirma-tercera-dosis-para-adultos-mayores-tenemos-vacunas-suficientes\/"},"wordCount":351,"commentCount":0,"publisher":{"@id":"https:\/\/fuentesfidedignas.com.mx\/#organization"},"image":{"@id":"https:\/\/fuentesfidedignas.com.mx\/index.php\/2021\/11\/30\/amlo-confirma-tercera-dosis-para-adultos-mayores-tenemos-vacunas-suficientes\/#primaryimage"},"thumbnailUrl":"https:\/\/fuentesfidedignas.com.mx\/wp-content\/uploads\/2021\/11\/f608x342-130999_160722_15.jpeg","articleSection":["NOTA PRINCIPAL"],"inLanguage":"es","potentialAction":[{"@type":"CommentAction","name":"Comment","target":["https:\/\/fuentesfidedignas.com.mx\/index.php\/2021\/11\/30\/amlo-confirma-tercera-dosis-para-adultos-mayores-tenemos-vacunas-suficientes\/#respond"]}]},{"@type":"WebPage","@id":"https:\/\/fuentesfidedignas.com.mx\/index.php\/2021\/11\/30\/amlo-confirma-tercera-dosis-para-adultos-mayores-tenemos-vacunas-suficientes\/","url":"https:\/\/fuentesfidedignas.com.mx\/index.php\/2021\/11\/30\/amlo-confirma-tercera-dosis-para-adultos-mayores-tenemos-vacunas-suficientes\/","name":"AMLO confirma tercera dosis para adultos mayores; \u201ctenemos vacunas suficientes\u201d - Fuentes Fidedignas","isPartOf":{"@id":"https:\/\/fuentesfidedignas.com.mx\/#website"},"primaryImageOfPage":{"@id":"https:\/\/fuentesfidedignas.com.mx\/index.php\/2021\/11\/30\/amlo-confirma-tercera-dosis-para-adultos-mayores-tenemos-vacunas-suficientes\/#primaryimage"},"image":{"@id":"https:\/\/fuentesfidedignas.com.mx\/index.php\/2021\/11\/30\/amlo-confirma-tercera-dosis-para-adultos-mayores-tenemos-vacunas-suficientes\/#primaryimage"},"thumbnailUrl":"https:\/\/fuentesfidedignas.com.mx\/wp-content\/uploads\/2021\/11\/f608x342-130999_160722_15.jpeg","datePublished":"2021-11-30T17:27:30+00:00","dateModified":"2021-11-30T17:27:32+00:00","breadcrumb":{"@id":"https:\/\/fuentesfidedignas.com.mx\/index.php\/2021\/11\/30\/amlo-confirma-tercera-dosis-para-adultos-mayores-tenemos-vacunas-suficientes\/#breadcrumb"},"inLanguage":"es","potentialAction":[{"@type":"ReadAction","target":["https:\/\/fuentesfidedignas.com.mx\/index.php\/2021\/11\/30\/amlo-confirma-tercera-dosis-para-adultos-mayores-tenemos-vacunas-suficientes\/"]}]},{"@type":"ImageObject","inLanguage":"es","@id":"https:\/\/fuentesfidedignas.com.mx\/index.php\/2021\/11\/30\/amlo-confirma-tercera-dosis-para-adultos-mayores-tenemos-vacunas-suficientes\/#primaryimage","url":"https:\/\/fuentesfidedignas.com.mx\/wp-content\/uploads\/2021\/11\/f608x342-130999_160722_15.jpeg","contentUrl":"https:\/\/fuentesfidedignas.com.mx\/wp-content\/uploads\/2021\/11\/f608x342-130999_160722_15.jpeg","width":608,"height":342},{"@type":"BreadcrumbList","@id":"https:\/\/fuentesfidedignas.com.mx\/index.php\/2021\/11\/30\/amlo-confirma-tercera-dosis-para-adultos-mayores-tenemos-vacunas-suficientes\/#breadcrumb","itemListElement":[{"@type":"ListItem","position":1,"name":"Inicio","item":"https:\/\/fuentesfidedignas.com.mx\/"},{"@type":"ListItem","position":2,"name":"AMLO confirma tercera dosis para adultos mayores; \u201ctenemos vacunas suficientes\u201d"}]},{"@type":"WebSite","@id":"https:\/\/fuentesfidedignas.com.mx\/#website","url":"https:\/\/fuentesfidedignas.com.mx\/","name":"Fuentes Fidedignas","description":"Otro sitio realizado con WordPress","publisher":{"@id":"https:\/\/fuentesfidedignas.com.mx\/#organization"},"potentialAction":[{"@type":"SearchAction","target":{"@type":"EntryPoint","urlTemplate":"https:\/\/fuentesfidedignas.com.mx\/?s={search_term_string}"},"query-input":{"@type":"PropertyValueSpecification","valueRequired":true,"valueName":"search_term_string"}}],"inLanguage":"es"},{"@type":"Organization","@id":"https:\/\/fuentesfidedignas.com.mx\/#organization","name":"Fuentes Fidedignas","url":"https:\/\/fuentesfidedignas.com.mx\/","logo":{"@type":"ImageObject","inLanguage":"es","@id":"https:\/\/fuentesfidedignas.com.mx\/#\/schema\/logo\/image\/","url":"https:\/\/fuentesfidedignas.com.mx\/wp-content\/uploads\/2021\/04\/logo-retina.png","contentUrl":"https:\/\/fuentesfidedignas.com.mx\/wp-content\/uploads\/2021\/04\/logo-retina.png","width":280,"height":51,"caption":"Fuentes Fidedignas"},"image":{"@id":"https:\/\/fuentesfidedignas.com.mx\/#\/schema\/logo\/image\/"},"sameAs":["https:\/\/www.facebook.com\/Fuentes-Fidedignas-368234489921644","https:\/\/x.com\/fidedignas"]},{"@type":"Person","@id":"https:\/\/fuentesfidedignas.com.mx\/#\/schema\/person\/eb72247ff123b3ce5e4cadc7f50ae372","name":"Proceso","image":{"@type":"ImageObject","inLanguage":"es","@id":"https:\/\/secure.gravatar.com\/avatar\/0bb01ecb091d50a46122cbe5cc32ffea15a000f83628f1e40458e669d38ff2cd?s=96&d=mm&r=g","url":"https:\/\/secure.gravatar.com\/avatar\/0bb01ecb091d50a46122cbe5cc32ffea15a000f83628f1e40458e669d38ff2cd?s=96&d=mm&r=g","contentUrl":"https:\/\/secure.gravatar.com\/avatar\/0bb01ecb091d50a46122cbe5cc32ffea15a000f83628f1e40458e669d38ff2cd?s=96&d=mm&r=g","caption":"Proceso"},"url":"https:\/\/fuentesfidedignas.com.mx\/index.php\/author\/proceso\/"}]}},"_links":{"self":[{"href":"https:\/\/fuentesfidedignas.com.mx\/index.php\/wp-json\/wp\/v2\/posts\/18713","targetHints":{"allow":["GET"]}}],"collection":[{"href":"https:\/\/fuentesfidedignas.com.mx\/index.php\/wp-json\/wp\/v2\/posts"}],"about":[{"href":"https:\/\/fuentesfidedignas.com.mx\/index.php\/wp-json\/wp\/v2\/types\/post"}],"author":[{"embeddable":true,"href":"https:\/\/fuentesfidedignas.com.mx\/index.php\/wp-json\/wp\/v2\/users\/50"}],"replies":[{"embeddable":true,"href":"https:\/\/fuentesfidedignas.com.mx\/index.php\/wp-json\/wp\/v2\/comments?post=18713"}],"version-history":[{"count":1,"href":"https:\/\/fuentesfidedignas.com.mx\/index.php\/wp-json\/wp\/v2\/posts\/18713\/revisions"}],"predecessor-version":[{"id":18715,"href":"https:\/\/fuentesfidedignas.com.mx\/index.php\/wp-json\/wp\/v2\/posts\/18713\/revisions\/18715"}],"wp:featuredmedia":[{"embeddable":true,"href":"https:\/\/fuentesfidedignas.com.mx\/index.php\/wp-json\/wp\/v2\/media\/18714"}],"wp:attachment":[{"href":"https:\/\/fuentesfidedignas.com.mx\/index.php\/wp-json\/wp\/v2\/media?parent=18713"}],"wp:term":[{"taxonomy":"category","embeddable":true,"href":"https:\/\/fuentesfidedignas.com.mx\/index.php\/wp-json\/wp\/v2\/categories?post=18713"},{"taxonomy":"post_tag","embeddable":true,"href":"https:\/\/fuentesfidedignas.com.mx\/index.php\/wp-json\/wp\/v2\/tags?post=18713"}],"curies":[{"name":"wp","href":"https:\/\/api.w.org\/{rel}","templated":true}]}}