{"id":18706,"date":"2021-11-30T08:05:46","date_gmt":"2021-11-30T15:05:46","guid":{"rendered":"https:\/\/fuentesfidedignas.com.mx\/?p=18706"},"modified":"2021-11-30T08:05:49","modified_gmt":"2021-11-30T15:05:49","slug":"atacan-a-mujeres-en-una-vivienda-de-colima-matan-a-dos-y-dejan-herida-a-nina-de-10-anos","status":"publish","type":"post","link":"https:\/\/fuentesfidedignas.com.mx\/index.php\/2021\/11\/30\/atacan-a-mujeres-en-una-vivienda-de-colima-matan-a-dos-y-dejan-herida-a-nina-de-10-anos\/","title":{"rendered":"Atacan a mujeres en una vivienda de Colima; matan a dos y dejan herida a ni\u00f1a de 10 a\u00f1os"},"content":{"rendered":"\n<p><em><strong>Varios pistoleros se introdujeron por la fuerza a una casa y dispararon de manera indiscriminada contra sus ocupantes en el poblado Cofrad\u00eda de Ju\u00e1rez<\/strong><\/em><\/p>\n\n\n\n<p>Colima.- <\/p>\n\n\n\n<p>Dos mujeres murieron y dos m\u00e1s resultaron heridas durante un ataque armado ocurrido este lunes en una vivienda del poblado Cofrad\u00eda de Ju\u00e1rez, en el municipio costero de Armer\u00eda.<\/p>\n\n\n\n<p>De acuerdo con informes extraoficiales, el suceso se registr\u00f3 luego de que varios pistoleros se introdujeron por la fuerza a una casa y dispararon de manera indiscriminada contra sus ocupantes.<\/p>\n\n\n\n<p>Una de las personas heridas es una ni\u00f1a de diez a\u00f1os, quien sufri\u00f3 lesiones con proyectil de arma de fuego en una pierna, por lo que tanto ella como la otra sobreviviente fueron trasladadas a un hospital para recibir atenci\u00f3n m\u00e9dica.<\/p>\n\n\n\n<p>El inmueble en el que ocurri\u00f3 el atentado se encuentra en la calle del Carmen, en las inmediaciones de la escuela secundaria Benito Ju\u00e1rez, adonde tras escuchar el impacto de los disparos acudieron alarmados los padres de familia a recoger a sus hijos.<\/p>\n\n\n\n<p>Mientras, en el interior del inmueble quedaron los cuerpos sin vida de dos mujeres adultas, una de ellas de la tercera edad.<\/p>\n\n\n\n<p>La escena del crimen fue resguardada con un per\u00edmetro de seguridad por elementos de corporaciones estatales y federales, mientras que peritos y agentes de la Fiscal\u00eda General del Estado recogieron evidencias y personal del Servicio M\u00e9dico Forense (Semefo) levant\u00f3 los cuerpos para trasladarlos a la morgue.<\/p>\n\n\n\n<p>En el exterior, elementos policiacos implementaron un operativo de b\u00fasqueda de los asesinos, pero hasta el cierre de esta informaci\u00f3n no se hab\u00eda informado sobre la posible detenci\u00f3n de alguno de ellos.<\/p>\n","protected":false},"excerpt":{"rendered":"<p>Varios pistoleros se introdujeron por la fuerza a una casa y dispararon de manera indiscriminada contra sus ocupantes en el poblado Cofrad\u00eda de Ju\u00e1rez Colima.- Dos mujeres murieron y dos m\u00e1s resultaron heridas durante un ataque armado ocurrido este lunes en una vivienda del poblado Cofrad\u00eda de Ju\u00e1rez, en el municipio costero de Armer\u00eda. De [&hellip;]<\/p>\n","protected":false},"author":50,"featured_media":18707,"comment_status":"open","ping_status":"open","sticky":false,"template":"","format":"standard","meta":{"tdm_status":"","tdm_grid_status":"","footnotes":""},"categories":[39],"tags":[],"class_list":{"0":"post-18706","1":"post","2":"type-post","3":"status-publish","4":"format-standard","5":"has-post-thumbnail","7":"category-noticias-nacionales"},"yoast_head":"<!-- This site is optimized with the Yoast SEO plugin v27.4 - https:\/\/yoast.com\/product\/yoast-seo-wordpress\/ -->\n<title>Atacan a mujeres en una vivienda de Colima; matan a dos y dejan herida a ni\u00f1a de 10 a\u00f1os - Fuentes Fidedignas<\/title>\n<meta name=\"robots\" content=\"index, follow, max-snippet:-1, max-image-preview:large, max-video-preview:-1\" \/>\n<link rel=\"canonical\" href=\"https:\/\/fuentesfidedignas.com.mx\/index.php\/2021\/11\/30\/atacan-a-mujeres-en-una-vivienda-de-colima-matan-a-dos-y-dejan-herida-a-nina-de-10-anos\/\" \/>\n<meta property=\"og:locale\" content=\"es_MX\" \/>\n<meta property=\"og:type\" content=\"article\" \/>\n<meta property=\"og:title\" content=\"Atacan a mujeres en una vivienda de Colima; matan a dos y dejan herida a ni\u00f1a de 10 a\u00f1os - Fuentes Fidedignas\" \/>\n<meta property=\"og:description\" content=\"Varios pistoleros se introdujeron por la fuerza a una casa y dispararon de manera indiscriminada contra sus ocupantes en el poblado Cofrad\u00eda de Ju\u00e1rez Colima.- Dos mujeres murieron y dos m\u00e1s resultaron heridas durante un ataque armado ocurrido este lunes en una vivienda del poblado Cofrad\u00eda de Ju\u00e1rez, en el municipio costero de Armer\u00eda. De [&hellip;]\" \/>\n<meta property=\"og:url\" content=\"https:\/\/fuentesfidedignas.com.mx\/index.php\/2021\/11\/30\/atacan-a-mujeres-en-una-vivienda-de-colima-matan-a-dos-y-dejan-herida-a-nina-de-10-anos\/\" \/>\n<meta property=\"og:site_name\" content=\"Fuentes Fidedignas\" \/>\n<meta property=\"article:publisher\" content=\"https:\/\/www.facebook.com\/Fuentes-Fidedignas-368234489921644\" \/>\n<meta property=\"article:published_time\" content=\"2021-11-30T15:05:46+00:00\" \/>\n<meta property=\"article:modified_time\" content=\"2021-11-30T15:05:49+00:00\" \/>\n<meta property=\"og:image\" content=\"https:\/\/fuentesfidedignas.com.mx\/wp-content\/uploads\/2021\/11\/images-75.jpeg\" \/>\n\t<meta property=\"og:image:width\" content=\"651\" \/>\n\t<meta property=\"og:image:height\" content=\"400\" \/>\n\t<meta property=\"og:image:type\" content=\"image\/jpeg\" \/>\n<meta name=\"author\" content=\"Proceso\" \/>\n<meta name=\"twitter:card\" content=\"summary_large_image\" \/>\n<meta name=\"twitter:creator\" content=\"@fidedignas\" \/>\n<meta name=\"twitter:site\" content=\"@fidedignas\" \/>\n<meta name=\"twitter:label1\" content=\"Escrito por\" \/>\n\t<meta name=\"twitter:data1\" content=\"Proceso\" \/>\n\t<meta name=\"twitter:label2\" content=\"Tiempo de lectura\" \/>\n\t<meta name=\"twitter:data2\" content=\"2 minutos\" \/>\n<script type=\"application\/ld+json\" class=\"yoast-schema-graph\">{\"@context\":\"https:\\\/\\\/schema.org\",\"@graph\":[{\"@type\":\"Article\",\"@id\":\"https:\\\/\\\/fuentesfidedignas.com.mx\\\/index.php\\\/2021\\\/11\\\/30\\\/atacan-a-mujeres-en-una-vivienda-de-colima-matan-a-dos-y-dejan-herida-a-nina-de-10-anos\\\/#article\",\"isPartOf\":{\"@id\":\"https:\\\/\\\/fuentesfidedignas.com.mx\\\/index.php\\\/2021\\\/11\\\/30\\\/atacan-a-mujeres-en-una-vivienda-de-colima-matan-a-dos-y-dejan-herida-a-nina-de-10-anos\\\/\"},\"author\":{\"name\":\"Proceso\",\"@id\":\"https:\\\/\\\/fuentesfidedignas.com.mx\\\/#\\\/schema\\\/person\\\/eb72247ff123b3ce5e4cadc7f50ae372\"},\"headline\":\"Atacan a mujeres en una vivienda de Colima; matan a dos y dejan herida a ni\u00f1a de 10 a\u00f1os\",\"datePublished\":\"2021-11-30T15:05:46+00:00\",\"dateModified\":\"2021-11-30T15:05:49+00:00\",\"mainEntityOfPage\":{\"@id\":\"https:\\\/\\\/fuentesfidedignas.com.mx\\\/index.php\\\/2021\\\/11\\\/30\\\/atacan-a-mujeres-en-una-vivienda-de-colima-matan-a-dos-y-dejan-herida-a-nina-de-10-anos\\\/\"},\"wordCount\":307,\"commentCount\":0,\"publisher\":{\"@id\":\"https:\\\/\\\/fuentesfidedignas.com.mx\\\/#organization\"},\"image\":{\"@id\":\"https:\\\/\\\/fuentesfidedignas.com.mx\\\/index.php\\\/2021\\\/11\\\/30\\\/atacan-a-mujeres-en-una-vivienda-de-colima-matan-a-dos-y-dejan-herida-a-nina-de-10-anos\\\/#primaryimage\"},\"thumbnailUrl\":\"https:\\\/\\\/fuentesfidedignas.com.mx\\\/wp-content\\\/uploads\\\/2021\\\/11\\\/images-75.jpeg\",\"articleSection\":[\"NOTICIAS NACIONALES\"],\"inLanguage\":\"es\",\"potentialAction\":[{\"@type\":\"CommentAction\",\"name\":\"Comment\",\"target\":[\"https:\\\/\\\/fuentesfidedignas.com.mx\\\/index.php\\\/2021\\\/11\\\/30\\\/atacan-a-mujeres-en-una-vivienda-de-colima-matan-a-dos-y-dejan-herida-a-nina-de-10-anos\\\/#respond\"]}]},{\"@type\":\"WebPage\",\"@id\":\"https:\\\/\\\/fuentesfidedignas.com.mx\\\/index.php\\\/2021\\\/11\\\/30\\\/atacan-a-mujeres-en-una-vivienda-de-colima-matan-a-dos-y-dejan-herida-a-nina-de-10-anos\\\/\",\"url\":\"https:\\\/\\\/fuentesfidedignas.com.mx\\\/index.php\\\/2021\\\/11\\\/30\\\/atacan-a-mujeres-en-una-vivienda-de-colima-matan-a-dos-y-dejan-herida-a-nina-de-10-anos\\\/\",\"name\":\"Atacan a mujeres en una vivienda de Colima; matan a dos y dejan herida a ni\u00f1a de 10 a\u00f1os - Fuentes Fidedignas\",\"isPartOf\":{\"@id\":\"https:\\\/\\\/fuentesfidedignas.com.mx\\\/#website\"},\"primaryImageOfPage\":{\"@id\":\"https:\\\/\\\/fuentesfidedignas.com.mx\\\/index.php\\\/2021\\\/11\\\/30\\\/atacan-a-mujeres-en-una-vivienda-de-colima-matan-a-dos-y-dejan-herida-a-nina-de-10-anos\\\/#primaryimage\"},\"image\":{\"@id\":\"https:\\\/\\\/fuentesfidedignas.com.mx\\\/index.php\\\/2021\\\/11\\\/30\\\/atacan-a-mujeres-en-una-vivienda-de-colima-matan-a-dos-y-dejan-herida-a-nina-de-10-anos\\\/#primaryimage\"},\"thumbnailUrl\":\"https:\\\/\\\/fuentesfidedignas.com.mx\\\/wp-content\\\/uploads\\\/2021\\\/11\\\/images-75.jpeg\",\"datePublished\":\"2021-11-30T15:05:46+00:00\",\"dateModified\":\"2021-11-30T15:05:49+00:00\",\"breadcrumb\":{\"@id\":\"https:\\\/\\\/fuentesfidedignas.com.mx\\\/index.php\\\/2021\\\/11\\\/30\\\/atacan-a-mujeres-en-una-vivienda-de-colima-matan-a-dos-y-dejan-herida-a-nina-de-10-anos\\\/#breadcrumb\"},\"inLanguage\":\"es\",\"potentialAction\":[{\"@type\":\"ReadAction\",\"target\":[\"https:\\\/\\\/fuentesfidedignas.com.mx\\\/index.php\\\/2021\\\/11\\\/30\\\/atacan-a-mujeres-en-una-vivienda-de-colima-matan-a-dos-y-dejan-herida-a-nina-de-10-anos\\\/\"]}]},{\"@type\":\"ImageObject\",\"inLanguage\":\"es\",\"@id\":\"https:\\\/\\\/fuentesfidedignas.com.mx\\\/index.php\\\/2021\\\/11\\\/30\\\/atacan-a-mujeres-en-una-vivienda-de-colima-matan-a-dos-y-dejan-herida-a-nina-de-10-anos\\\/#primaryimage\",\"url\":\"https:\\\/\\\/fuentesfidedignas.com.mx\\\/wp-content\\\/uploads\\\/2021\\\/11\\\/images-75.jpeg\",\"contentUrl\":\"https:\\\/\\\/fuentesfidedignas.com.mx\\\/wp-content\\\/uploads\\\/2021\\\/11\\\/images-75.jpeg\",\"width\":651,\"height\":400},{\"@type\":\"BreadcrumbList\",\"@id\":\"https:\\\/\\\/fuentesfidedignas.com.mx\\\/index.php\\\/2021\\\/11\\\/30\\\/atacan-a-mujeres-en-una-vivienda-de-colima-matan-a-dos-y-dejan-herida-a-nina-de-10-anos\\\/#breadcrumb\",\"itemListElement\":[{\"@type\":\"ListItem\",\"position\":1,\"name\":\"Inicio\",\"item\":\"https:\\\/\\\/fuentesfidedignas.com.mx\\\/\"},{\"@type\":\"ListItem\",\"position\":2,\"name\":\"Atacan a mujeres en una vivienda de Colima; matan a dos y dejan herida a ni\u00f1a de 10 a\u00f1os\"}]},{\"@type\":\"WebSite\",\"@id\":\"https:\\\/\\\/fuentesfidedignas.com.mx\\\/#website\",\"url\":\"https:\\\/\\\/fuentesfidedignas.com.mx\\\/\",\"name\":\"Fuentes Fidedignas\",\"description\":\"Otro sitio realizado con WordPress\",\"publisher\":{\"@id\":\"https:\\\/\\\/fuentesfidedignas.com.mx\\\/#organization\"},\"potentialAction\":[{\"@type\":\"SearchAction\",\"target\":{\"@type\":\"EntryPoint\",\"urlTemplate\":\"https:\\\/\\\/fuentesfidedignas.com.mx\\\/?s={search_term_string}\"},\"query-input\":{\"@type\":\"PropertyValueSpecification\",\"valueRequired\":true,\"valueName\":\"search_term_string\"}}],\"inLanguage\":\"es\"},{\"@type\":\"Organization\",\"@id\":\"https:\\\/\\\/fuentesfidedignas.com.mx\\\/#organization\",\"name\":\"Fuentes Fidedignas\",\"url\":\"https:\\\/\\\/fuentesfidedignas.com.mx\\\/\",\"logo\":{\"@type\":\"ImageObject\",\"inLanguage\":\"es\",\"@id\":\"https:\\\/\\\/fuentesfidedignas.com.mx\\\/#\\\/schema\\\/logo\\\/image\\\/\",\"url\":\"https:\\\/\\\/fuentesfidedignas.com.mx\\\/wp-content\\\/uploads\\\/2021\\\/04\\\/logo-retina.png\",\"contentUrl\":\"https:\\\/\\\/fuentesfidedignas.com.mx\\\/wp-content\\\/uploads\\\/2021\\\/04\\\/logo-retina.png\",\"width\":280,\"height\":51,\"caption\":\"Fuentes Fidedignas\"},\"image\":{\"@id\":\"https:\\\/\\\/fuentesfidedignas.com.mx\\\/#\\\/schema\\\/logo\\\/image\\\/\"},\"sameAs\":[\"https:\\\/\\\/www.facebook.com\\\/Fuentes-Fidedignas-368234489921644\",\"https:\\\/\\\/x.com\\\/fidedignas\"]},{\"@type\":\"Person\",\"@id\":\"https:\\\/\\\/fuentesfidedignas.com.mx\\\/#\\\/schema\\\/person\\\/eb72247ff123b3ce5e4cadc7f50ae372\",\"name\":\"Proceso\",\"image\":{\"@type\":\"ImageObject\",\"inLanguage\":\"es\",\"@id\":\"https:\\\/\\\/secure.gravatar.com\\\/avatar\\\/0bb01ecb091d50a46122cbe5cc32ffea15a000f83628f1e40458e669d38ff2cd?s=96&d=mm&r=g\",\"url\":\"https:\\\/\\\/secure.gravatar.com\\\/avatar\\\/0bb01ecb091d50a46122cbe5cc32ffea15a000f83628f1e40458e669d38ff2cd?s=96&d=mm&r=g\",\"contentUrl\":\"https:\\\/\\\/secure.gravatar.com\\\/avatar\\\/0bb01ecb091d50a46122cbe5cc32ffea15a000f83628f1e40458e669d38ff2cd?s=96&d=mm&r=g\",\"caption\":\"Proceso\"},\"url\":\"https:\\\/\\\/fuentesfidedignas.com.mx\\\/index.php\\\/author\\\/proceso\\\/\"}]}<\/script>\n<!-- \/ Yoast SEO plugin. -->","yoast_head_json":{"title":"Atacan a mujeres en una vivienda de Colima; matan a dos y dejan herida a ni\u00f1a de 10 a\u00f1os - Fuentes Fidedignas","robots":{"index":"index","follow":"follow","max-snippet":"max-snippet:-1","max-image-preview":"max-image-preview:large","max-video-preview":"max-video-preview:-1"},"canonical":"https:\/\/fuentesfidedignas.com.mx\/index.php\/2021\/11\/30\/atacan-a-mujeres-en-una-vivienda-de-colima-matan-a-dos-y-dejan-herida-a-nina-de-10-anos\/","og_locale":"es_MX","og_type":"article","og_title":"Atacan a mujeres en una vivienda de Colima; matan a dos y dejan herida a ni\u00f1a de 10 a\u00f1os - Fuentes Fidedignas","og_description":"Varios pistoleros se introdujeron por la fuerza a una casa y dispararon de manera indiscriminada contra sus ocupantes en el poblado Cofrad\u00eda de Ju\u00e1rez Colima.- Dos mujeres murieron y dos m\u00e1s resultaron heridas durante un ataque armado ocurrido este lunes en una vivienda del poblado Cofrad\u00eda de Ju\u00e1rez, en el municipio costero de Armer\u00eda. De [&hellip;]","og_url":"https:\/\/fuentesfidedignas.com.mx\/index.php\/2021\/11\/30\/atacan-a-mujeres-en-una-vivienda-de-colima-matan-a-dos-y-dejan-herida-a-nina-de-10-anos\/","og_site_name":"Fuentes Fidedignas","article_publisher":"https:\/\/www.facebook.com\/Fuentes-Fidedignas-368234489921644","article_published_time":"2021-11-30T15:05:46+00:00","article_modified_time":"2021-11-30T15:05:49+00:00","og_image":[{"width":651,"height":400,"url":"https:\/\/fuentesfidedignas.com.mx\/wp-content\/uploads\/2021\/11\/images-75.jpeg","type":"image\/jpeg"}],"author":"Proceso","twitter_card":"summary_large_image","twitter_creator":"@fidedignas","twitter_site":"@fidedignas","twitter_misc":{"Escrito por":"Proceso","Tiempo de lectura":"2 minutos"},"schema":{"@context":"https:\/\/schema.org","@graph":[{"@type":"Article","@id":"https:\/\/fuentesfidedignas.com.mx\/index.php\/2021\/11\/30\/atacan-a-mujeres-en-una-vivienda-de-colima-matan-a-dos-y-dejan-herida-a-nina-de-10-anos\/#article","isPartOf":{"@id":"https:\/\/fuentesfidedignas.com.mx\/index.php\/2021\/11\/30\/atacan-a-mujeres-en-una-vivienda-de-colima-matan-a-dos-y-dejan-herida-a-nina-de-10-anos\/"},"author":{"name":"Proceso","@id":"https:\/\/fuentesfidedignas.com.mx\/#\/schema\/person\/eb72247ff123b3ce5e4cadc7f50ae372"},"headline":"Atacan a mujeres en una vivienda de Colima; matan a dos y dejan herida a ni\u00f1a de 10 a\u00f1os","datePublished":"2021-11-30T15:05:46+00:00","dateModified":"2021-11-30T15:05:49+00:00","mainEntityOfPage":{"@id":"https:\/\/fuentesfidedignas.com.mx\/index.php\/2021\/11\/30\/atacan-a-mujeres-en-una-vivienda-de-colima-matan-a-dos-y-dejan-herida-a-nina-de-10-anos\/"},"wordCount":307,"commentCount":0,"publisher":{"@id":"https:\/\/fuentesfidedignas.com.mx\/#organization"},"image":{"@id":"https:\/\/fuentesfidedignas.com.mx\/index.php\/2021\/11\/30\/atacan-a-mujeres-en-una-vivienda-de-colima-matan-a-dos-y-dejan-herida-a-nina-de-10-anos\/#primaryimage"},"thumbnailUrl":"https:\/\/fuentesfidedignas.com.mx\/wp-content\/uploads\/2021\/11\/images-75.jpeg","articleSection":["NOTICIAS NACIONALES"],"inLanguage":"es","potentialAction":[{"@type":"CommentAction","name":"Comment","target":["https:\/\/fuentesfidedignas.com.mx\/index.php\/2021\/11\/30\/atacan-a-mujeres-en-una-vivienda-de-colima-matan-a-dos-y-dejan-herida-a-nina-de-10-anos\/#respond"]}]},{"@type":"WebPage","@id":"https:\/\/fuentesfidedignas.com.mx\/index.php\/2021\/11\/30\/atacan-a-mujeres-en-una-vivienda-de-colima-matan-a-dos-y-dejan-herida-a-nina-de-10-anos\/","url":"https:\/\/fuentesfidedignas.com.mx\/index.php\/2021\/11\/30\/atacan-a-mujeres-en-una-vivienda-de-colima-matan-a-dos-y-dejan-herida-a-nina-de-10-anos\/","name":"Atacan a mujeres en una vivienda de Colima; matan a dos y dejan herida a ni\u00f1a de 10 a\u00f1os - Fuentes Fidedignas","isPartOf":{"@id":"https:\/\/fuentesfidedignas.com.mx\/#website"},"primaryImageOfPage":{"@id":"https:\/\/fuentesfidedignas.com.mx\/index.php\/2021\/11\/30\/atacan-a-mujeres-en-una-vivienda-de-colima-matan-a-dos-y-dejan-herida-a-nina-de-10-anos\/#primaryimage"},"image":{"@id":"https:\/\/fuentesfidedignas.com.mx\/index.php\/2021\/11\/30\/atacan-a-mujeres-en-una-vivienda-de-colima-matan-a-dos-y-dejan-herida-a-nina-de-10-anos\/#primaryimage"},"thumbnailUrl":"https:\/\/fuentesfidedignas.com.mx\/wp-content\/uploads\/2021\/11\/images-75.jpeg","datePublished":"2021-11-30T15:05:46+00:00","dateModified":"2021-11-30T15:05:49+00:00","breadcrumb":{"@id":"https:\/\/fuentesfidedignas.com.mx\/index.php\/2021\/11\/30\/atacan-a-mujeres-en-una-vivienda-de-colima-matan-a-dos-y-dejan-herida-a-nina-de-10-anos\/#breadcrumb"},"inLanguage":"es","potentialAction":[{"@type":"ReadAction","target":["https:\/\/fuentesfidedignas.com.mx\/index.php\/2021\/11\/30\/atacan-a-mujeres-en-una-vivienda-de-colima-matan-a-dos-y-dejan-herida-a-nina-de-10-anos\/"]}]},{"@type":"ImageObject","inLanguage":"es","@id":"https:\/\/fuentesfidedignas.com.mx\/index.php\/2021\/11\/30\/atacan-a-mujeres-en-una-vivienda-de-colima-matan-a-dos-y-dejan-herida-a-nina-de-10-anos\/#primaryimage","url":"https:\/\/fuentesfidedignas.com.mx\/wp-content\/uploads\/2021\/11\/images-75.jpeg","contentUrl":"https:\/\/fuentesfidedignas.com.mx\/wp-content\/uploads\/2021\/11\/images-75.jpeg","width":651,"height":400},{"@type":"BreadcrumbList","@id":"https:\/\/fuentesfidedignas.com.mx\/index.php\/2021\/11\/30\/atacan-a-mujeres-en-una-vivienda-de-colima-matan-a-dos-y-dejan-herida-a-nina-de-10-anos\/#breadcrumb","itemListElement":[{"@type":"ListItem","position":1,"name":"Inicio","item":"https:\/\/fuentesfidedignas.com.mx\/"},{"@type":"ListItem","position":2,"name":"Atacan a mujeres en una vivienda de Colima; matan a dos y dejan herida a ni\u00f1a de 10 a\u00f1os"}]},{"@type":"WebSite","@id":"https:\/\/fuentesfidedignas.com.mx\/#website","url":"https:\/\/fuentesfidedignas.com.mx\/","name":"Fuentes Fidedignas","description":"Otro sitio realizado con WordPress","publisher":{"@id":"https:\/\/fuentesfidedignas.com.mx\/#organization"},"potentialAction":[{"@type":"SearchAction","target":{"@type":"EntryPoint","urlTemplate":"https:\/\/fuentesfidedignas.com.mx\/?s={search_term_string}"},"query-input":{"@type":"PropertyValueSpecification","valueRequired":true,"valueName":"search_term_string"}}],"inLanguage":"es"},{"@type":"Organization","@id":"https:\/\/fuentesfidedignas.com.mx\/#organization","name":"Fuentes Fidedignas","url":"https:\/\/fuentesfidedignas.com.mx\/","logo":{"@type":"ImageObject","inLanguage":"es","@id":"https:\/\/fuentesfidedignas.com.mx\/#\/schema\/logo\/image\/","url":"https:\/\/fuentesfidedignas.com.mx\/wp-content\/uploads\/2021\/04\/logo-retina.png","contentUrl":"https:\/\/fuentesfidedignas.com.mx\/wp-content\/uploads\/2021\/04\/logo-retina.png","width":280,"height":51,"caption":"Fuentes Fidedignas"},"image":{"@id":"https:\/\/fuentesfidedignas.com.mx\/#\/schema\/logo\/image\/"},"sameAs":["https:\/\/www.facebook.com\/Fuentes-Fidedignas-368234489921644","https:\/\/x.com\/fidedignas"]},{"@type":"Person","@id":"https:\/\/fuentesfidedignas.com.mx\/#\/schema\/person\/eb72247ff123b3ce5e4cadc7f50ae372","name":"Proceso","image":{"@type":"ImageObject","inLanguage":"es","@id":"https:\/\/secure.gravatar.com\/avatar\/0bb01ecb091d50a46122cbe5cc32ffea15a000f83628f1e40458e669d38ff2cd?s=96&d=mm&r=g","url":"https:\/\/secure.gravatar.com\/avatar\/0bb01ecb091d50a46122cbe5cc32ffea15a000f83628f1e40458e669d38ff2cd?s=96&d=mm&r=g","contentUrl":"https:\/\/secure.gravatar.com\/avatar\/0bb01ecb091d50a46122cbe5cc32ffea15a000f83628f1e40458e669d38ff2cd?s=96&d=mm&r=g","caption":"Proceso"},"url":"https:\/\/fuentesfidedignas.com.mx\/index.php\/author\/proceso\/"}]}},"_links":{"self":[{"href":"https:\/\/fuentesfidedignas.com.mx\/index.php\/wp-json\/wp\/v2\/posts\/18706","targetHints":{"allow":["GET"]}}],"collection":[{"href":"https:\/\/fuentesfidedignas.com.mx\/index.php\/wp-json\/wp\/v2\/posts"}],"about":[{"href":"https:\/\/fuentesfidedignas.com.mx\/index.php\/wp-json\/wp\/v2\/types\/post"}],"author":[{"embeddable":true,"href":"https:\/\/fuentesfidedignas.com.mx\/index.php\/wp-json\/wp\/v2\/users\/50"}],"replies":[{"embeddable":true,"href":"https:\/\/fuentesfidedignas.com.mx\/index.php\/wp-json\/wp\/v2\/comments?post=18706"}],"version-history":[{"count":1,"href":"https:\/\/fuentesfidedignas.com.mx\/index.php\/wp-json\/wp\/v2\/posts\/18706\/revisions"}],"predecessor-version":[{"id":18708,"href":"https:\/\/fuentesfidedignas.com.mx\/index.php\/wp-json\/wp\/v2\/posts\/18706\/revisions\/18708"}],"wp:featuredmedia":[{"embeddable":true,"href":"https:\/\/fuentesfidedignas.com.mx\/index.php\/wp-json\/wp\/v2\/media\/18707"}],"wp:attachment":[{"href":"https:\/\/fuentesfidedignas.com.mx\/index.php\/wp-json\/wp\/v2\/media?parent=18706"}],"wp:term":[{"taxonomy":"category","embeddable":true,"href":"https:\/\/fuentesfidedignas.com.mx\/index.php\/wp-json\/wp\/v2\/categories?post=18706"},{"taxonomy":"post_tag","embeddable":true,"href":"https:\/\/fuentesfidedignas.com.mx\/index.php\/wp-json\/wp\/v2\/tags?post=18706"}],"curies":[{"name":"wp","href":"https:\/\/api.w.org\/{rel}","templated":true}]}}