{"id":18675,"date":"2021-11-29T16:59:01","date_gmt":"2021-11-29T23:59:01","guid":{"rendered":"https:\/\/fuentesfidedignas.com.mx\/?p=18675"},"modified":"2021-11-29T16:59:02","modified_gmt":"2021-11-29T23:59:02","slug":"julio-serna-exjefe-de-gabinete-y-amigo-de-mancera-en-prision-preventiva","status":"publish","type":"post","link":"https:\/\/fuentesfidedignas.com.mx\/index.php\/2021\/11\/29\/julio-serna-exjefe-de-gabinete-y-amigo-de-mancera-en-prision-preventiva\/","title":{"rendered":"Julio Serna, exjefe de gabinete y amigo de Mancera, en prisi\u00f3n preventiva"},"content":{"rendered":"\n<p><strong><em>La Fiscal\u00eda de Justicia de la CDMX se\u00f1ala a Julio Serna, exfuncionario en la administraci\u00f3n de Mancera, de enriquecimiento il\u00edcito.<\/em><\/strong><\/p>\n\n\n\n<p>Ciudad de M\u00e9xico.- Julio C\u00e9sar Serna Ch\u00e1vez amigo personal del exjefe de gobierno y hoy senador de la Rep\u00fablica por el PRD, Miguel \u00c1ngel Mancera, duerme desde la noche del s\u00e1bado en el Reclusorio Norte y as\u00ed ser\u00e1 durante el tiempo que dure su proceso judicial.<\/p>\n\n\n\n<p>Fue detenido el viernes 27 de noviembre en Jardines del Pedregal, \u00c1lvaro Obreg\u00f3n, por la Fiscal\u00eda General de Justicia (FGJ) de la Ciudad de M\u00e9xico por presuntamente haber cometido enriquecimiento il\u00edcito y este lunes un juez de control le dict\u00f3 prisi\u00f3n preventiva y congelo sus cuentas bancarias.<\/p>\n\n\n\n<p>Julio C\u00e9sar es hermano de Luis Ernesto Serna Ch\u00e1vez, quien fue secretario particular del perredista mientras estuvo al frente de la Jefatura de Gobierno y desde donde ten\u00eda una posici\u00f3n de poder e influencia en el gobierno capitalino.<\/p>\n\n\n\n<p>El ahora exfuncionario preso tambi\u00e9n tuvo cargos en la administraci\u00f3n de su amigo, primero como coordinador del fideicomiso de la Central de Abasto y luego como jefe de gabinete.<\/p>\n\n\n\n<p>En la audiencia inicial, representantes de la FGJ informaron a Julio C\u00e9sar Serna Ch\u00e1vez sobre los delitos que se le imputan, que son la presunta venta y asignaci\u00f3n ilegal de bodegas de la Central de Abasto y enriquecimiento il\u00edcito, ya que sus gastos no corresponden con sus ingresos reportados y se le atribuyen la propiedad de inmuebles en las alcald\u00edas Benito Ju\u00e1rez y \u00c1lvaro Obreg\u00f3n que no fueron reportados en sus declaraciones patrimoniales.<\/p>\n\n\n\n<p>\u201cEn el Registro P\u00fablico de la Propiedad y del Comercio, adem\u00e1s, hay una raz\u00f3n social y 14 propiedades que tampoco est\u00e1n contempladas en sus declaraciones de intereses\u201d, dijo este domingo el vocero de la FGJ, Ulises Lara al emitir un mensaje a medios de comunicaci\u00f3n con motivo de la detenci\u00f3n de Julio C\u00e9sar Serna.<\/p>\n\n\n\n<p>\u201cEs posible que una parte de los recursos tenga su origen en el Impuesto Sobre la Renta (ISR) aportado por trabajadoras y trabajadores del Gobierno de la Ciudad\u201d, a\u00f1adi\u00f3.<\/p>\n\n\n\n<p>De acuerdo con el vocero de la FGJ, la detenci\u00f3n de Julio C\u00e9sar Serna Ch\u00e1vez deriv\u00f3 como parte de la colaboraci\u00f3n de Miguel \u00c1ngel V\u00e1squez, exsubsecretario de Administraci\u00f3n y Capital Humano del gobierno de Mancera, quien despu\u00e9s de m\u00e1s de un a\u00f1o de prisi\u00f3n se apeg\u00f3 al criterio de oportunidad para ser testigo protegido y aportar informaci\u00f3n que ayude al esclarecimiento del presunto desv\u00edo de mil millones de pesos del erario p\u00fablico en la administraci\u00f3n pasada, relacionados con el ISR aportado por trabajadores del gobierno de la ciudad. V\u00e1squez actualmente se encuentra en prisi\u00f3n domiciliaria.<\/p>\n\n\n\n<p>Este lunes en conferencia de prensa la jefa de gobierno, Claudia Sheinbaum coment\u00f3 que la FGJ de la ciudad investiga casos de \u201ccorrupci\u00f3n en la administraci\u00f3n anterior. Esto viene de diversos casos, por ejemplo, dos casos que present\u00f3 la Secretar\u00eda de Administraci\u00f3n y Finanzas de c\u00f3mo hicieron contratos de tres d\u00edas para asignar a empresas, presuntamente fantasmas, que se dedicaron durante tres d\u00edas a hacer todo el supuesto trabajo para la devoluci\u00f3n del ISR; y, ah\u00ed lo que se encontr\u00f3 es que, en realidad fue un contrato simulado\u201d.<\/p>\n\n\n\n<p>El caso de Julio C\u00e9sar Serna se suma al de otros exfuncionarios de la administraci\u00f3n de Mancera vinculados con esc\u00e1ndalos de corrupci\u00f3n. Por ejemplo, el exsecretario de Obras y Servicios y excomisionado para la Reconstrucci\u00f3n, \u00c9dgar Tung\u00fc\u00ed Rodr\u00edguez, quien est\u00e1 preso y en proceso judicial por el presunto desv\u00edo de recursos p\u00fablicos destinados a la reconstrucci\u00f3n de viviendas da\u00f1adas por el sismo del 19 de septiembre de 2017.<\/p>\n\n\n\n<p>Mientras, el exsecretario de Desarrollo Urbano y Vivienda, Felipe de Jes\u00fas Guti\u00e9rrez, se encuentra pr\u00f3fugo por el mismo caso.<\/p>\n","protected":false},"excerpt":{"rendered":"<p>La Fiscal\u00eda de Justicia de la CDMX se\u00f1ala a Julio Serna, exfuncionario en la administraci\u00f3n de Mancera, de enriquecimiento il\u00edcito. Ciudad de M\u00e9xico.- Julio C\u00e9sar Serna Ch\u00e1vez amigo personal del exjefe de gobierno y hoy senador de la Rep\u00fablica por el PRD, Miguel \u00c1ngel Mancera, duerme desde la noche del s\u00e1bado en el Reclusorio Norte [&hellip;]<\/p>\n","protected":false},"author":5,"featured_media":18676,"comment_status":"open","ping_status":"open","sticky":false,"template":"","format":"standard","meta":{"tdm_status":"","tdm_grid_status":"","footnotes":""},"categories":[39],"tags":[],"class_list":{"0":"post-18675","1":"post","2":"type-post","3":"status-publish","4":"format-standard","5":"has-post-thumbnail","7":"category-noticias-nacionales"},"yoast_head":"<!-- This site is optimized with the Yoast SEO plugin v27.5 - https:\/\/yoast.com\/product\/yoast-seo-wordpress\/ -->\n<title>Julio Serna, exjefe de gabinete y amigo de Mancera, en prisi\u00f3n preventiva - Fuentes Fidedignas<\/title>\n<meta name=\"robots\" content=\"index, follow, max-snippet:-1, max-image-preview:large, max-video-preview:-1\" \/>\n<link rel=\"canonical\" href=\"https:\/\/fuentesfidedignas.com.mx\/index.php\/2021\/11\/29\/julio-serna-exjefe-de-gabinete-y-amigo-de-mancera-en-prision-preventiva\/\" \/>\n<meta property=\"og:locale\" content=\"es_MX\" \/>\n<meta property=\"og:type\" content=\"article\" \/>\n<meta property=\"og:title\" content=\"Julio Serna, exjefe de gabinete y amigo de Mancera, en prisi\u00f3n preventiva - Fuentes Fidedignas\" \/>\n<meta property=\"og:description\" content=\"La Fiscal\u00eda de Justicia de la CDMX se\u00f1ala a Julio Serna, exfuncionario en la administraci\u00f3n de Mancera, de enriquecimiento il\u00edcito. Ciudad de M\u00e9xico.- Julio C\u00e9sar Serna Ch\u00e1vez amigo personal del exjefe de gobierno y hoy senador de la Rep\u00fablica por el PRD, Miguel \u00c1ngel Mancera, duerme desde la noche del s\u00e1bado en el Reclusorio Norte [&hellip;]\" \/>\n<meta property=\"og:url\" content=\"https:\/\/fuentesfidedignas.com.mx\/index.php\/2021\/11\/29\/julio-serna-exjefe-de-gabinete-y-amigo-de-mancera-en-prision-preventiva\/\" \/>\n<meta property=\"og:site_name\" content=\"Fuentes Fidedignas\" \/>\n<meta property=\"article:publisher\" content=\"https:\/\/www.facebook.com\/Fuentes-Fidedignas-368234489921644\" \/>\n<meta property=\"article:published_time\" content=\"2021-11-29T23:59:01+00:00\" \/>\n<meta property=\"article:modified_time\" content=\"2021-11-29T23:59:02+00:00\" \/>\n<meta property=\"og:image\" content=\"https:\/\/fuentesfidedignas.com.mx\/wp-content\/uploads\/2021\/11\/mancera-640x360-1.jpg\" \/>\n\t<meta property=\"og:image:width\" content=\"640\" \/>\n\t<meta property=\"og:image:height\" content=\"360\" \/>\n\t<meta property=\"og:image:type\" content=\"image\/jpeg\" \/>\n<meta name=\"author\" content=\"Forbes\" \/>\n<meta name=\"twitter:card\" content=\"summary_large_image\" \/>\n<meta name=\"twitter:creator\" content=\"@fidedignas\" \/>\n<meta name=\"twitter:site\" content=\"@fidedignas\" \/>\n<meta name=\"twitter:label1\" content=\"Escrito por\" \/>\n\t<meta name=\"twitter:data1\" content=\"Forbes\" \/>\n\t<meta name=\"twitter:label2\" content=\"Tiempo de lectura\" \/>\n\t<meta name=\"twitter:data2\" content=\"3 minutos\" \/>\n<script type=\"application\/ld+json\" class=\"yoast-schema-graph\">{\"@context\":\"https:\\\/\\\/schema.org\",\"@graph\":[{\"@type\":\"Article\",\"@id\":\"https:\\\/\\\/fuentesfidedignas.com.mx\\\/index.php\\\/2021\\\/11\\\/29\\\/julio-serna-exjefe-de-gabinete-y-amigo-de-mancera-en-prision-preventiva\\\/#article\",\"isPartOf\":{\"@id\":\"https:\\\/\\\/fuentesfidedignas.com.mx\\\/index.php\\\/2021\\\/11\\\/29\\\/julio-serna-exjefe-de-gabinete-y-amigo-de-mancera-en-prision-preventiva\\\/\"},\"author\":{\"name\":\"Forbes\",\"@id\":\"https:\\\/\\\/fuentesfidedignas.com.mx\\\/#\\\/schema\\\/person\\\/5623d53fe2e579d825b1679734abcc44\"},\"headline\":\"Julio Serna, exjefe de gabinete y amigo de Mancera, en prisi\u00f3n preventiva\",\"datePublished\":\"2021-11-29T23:59:01+00:00\",\"dateModified\":\"2021-11-29T23:59:02+00:00\",\"mainEntityOfPage\":{\"@id\":\"https:\\\/\\\/fuentesfidedignas.com.mx\\\/index.php\\\/2021\\\/11\\\/29\\\/julio-serna-exjefe-de-gabinete-y-amigo-de-mancera-en-prision-preventiva\\\/\"},\"wordCount\":688,\"commentCount\":0,\"publisher\":{\"@id\":\"https:\\\/\\\/fuentesfidedignas.com.mx\\\/#organization\"},\"image\":{\"@id\":\"https:\\\/\\\/fuentesfidedignas.com.mx\\\/index.php\\\/2021\\\/11\\\/29\\\/julio-serna-exjefe-de-gabinete-y-amigo-de-mancera-en-prision-preventiva\\\/#primaryimage\"},\"thumbnailUrl\":\"https:\\\/\\\/fuentesfidedignas.com.mx\\\/wp-content\\\/uploads\\\/2021\\\/11\\\/mancera-640x360-1.jpg\",\"articleSection\":[\"NOTICIAS NACIONALES\"],\"inLanguage\":\"es\",\"potentialAction\":[{\"@type\":\"CommentAction\",\"name\":\"Comment\",\"target\":[\"https:\\\/\\\/fuentesfidedignas.com.mx\\\/index.php\\\/2021\\\/11\\\/29\\\/julio-serna-exjefe-de-gabinete-y-amigo-de-mancera-en-prision-preventiva\\\/#respond\"]}]},{\"@type\":\"WebPage\",\"@id\":\"https:\\\/\\\/fuentesfidedignas.com.mx\\\/index.php\\\/2021\\\/11\\\/29\\\/julio-serna-exjefe-de-gabinete-y-amigo-de-mancera-en-prision-preventiva\\\/\",\"url\":\"https:\\\/\\\/fuentesfidedignas.com.mx\\\/index.php\\\/2021\\\/11\\\/29\\\/julio-serna-exjefe-de-gabinete-y-amigo-de-mancera-en-prision-preventiva\\\/\",\"name\":\"Julio Serna, exjefe de gabinete y amigo de Mancera, en prisi\u00f3n preventiva - Fuentes Fidedignas\",\"isPartOf\":{\"@id\":\"https:\\\/\\\/fuentesfidedignas.com.mx\\\/#website\"},\"primaryImageOfPage\":{\"@id\":\"https:\\\/\\\/fuentesfidedignas.com.mx\\\/index.php\\\/2021\\\/11\\\/29\\\/julio-serna-exjefe-de-gabinete-y-amigo-de-mancera-en-prision-preventiva\\\/#primaryimage\"},\"image\":{\"@id\":\"https:\\\/\\\/fuentesfidedignas.com.mx\\\/index.php\\\/2021\\\/11\\\/29\\\/julio-serna-exjefe-de-gabinete-y-amigo-de-mancera-en-prision-preventiva\\\/#primaryimage\"},\"thumbnailUrl\":\"https:\\\/\\\/fuentesfidedignas.com.mx\\\/wp-content\\\/uploads\\\/2021\\\/11\\\/mancera-640x360-1.jpg\",\"datePublished\":\"2021-11-29T23:59:01+00:00\",\"dateModified\":\"2021-11-29T23:59:02+00:00\",\"breadcrumb\":{\"@id\":\"https:\\\/\\\/fuentesfidedignas.com.mx\\\/index.php\\\/2021\\\/11\\\/29\\\/julio-serna-exjefe-de-gabinete-y-amigo-de-mancera-en-prision-preventiva\\\/#breadcrumb\"},\"inLanguage\":\"es\",\"potentialAction\":[{\"@type\":\"ReadAction\",\"target\":[\"https:\\\/\\\/fuentesfidedignas.com.mx\\\/index.php\\\/2021\\\/11\\\/29\\\/julio-serna-exjefe-de-gabinete-y-amigo-de-mancera-en-prision-preventiva\\\/\"]}]},{\"@type\":\"ImageObject\",\"inLanguage\":\"es\",\"@id\":\"https:\\\/\\\/fuentesfidedignas.com.mx\\\/index.php\\\/2021\\\/11\\\/29\\\/julio-serna-exjefe-de-gabinete-y-amigo-de-mancera-en-prision-preventiva\\\/#primaryimage\",\"url\":\"https:\\\/\\\/fuentesfidedignas.com.mx\\\/wp-content\\\/uploads\\\/2021\\\/11\\\/mancera-640x360-1.jpg\",\"contentUrl\":\"https:\\\/\\\/fuentesfidedignas.com.mx\\\/wp-content\\\/uploads\\\/2021\\\/11\\\/mancera-640x360-1.jpg\",\"width\":640,\"height\":360},{\"@type\":\"BreadcrumbList\",\"@id\":\"https:\\\/\\\/fuentesfidedignas.com.mx\\\/index.php\\\/2021\\\/11\\\/29\\\/julio-serna-exjefe-de-gabinete-y-amigo-de-mancera-en-prision-preventiva\\\/#breadcrumb\",\"itemListElement\":[{\"@type\":\"ListItem\",\"position\":1,\"name\":\"Inicio\",\"item\":\"https:\\\/\\\/fuentesfidedignas.com.mx\\\/\"},{\"@type\":\"ListItem\",\"position\":2,\"name\":\"Julio Serna, exjefe de gabinete y amigo de Mancera, en prisi\u00f3n preventiva\"}]},{\"@type\":\"WebSite\",\"@id\":\"https:\\\/\\\/fuentesfidedignas.com.mx\\\/#website\",\"url\":\"https:\\\/\\\/fuentesfidedignas.com.mx\\\/\",\"name\":\"Fuentes Fidedignas\",\"description\":\"Otro sitio realizado con WordPress\",\"publisher\":{\"@id\":\"https:\\\/\\\/fuentesfidedignas.com.mx\\\/#organization\"},\"potentialAction\":[{\"@type\":\"SearchAction\",\"target\":{\"@type\":\"EntryPoint\",\"urlTemplate\":\"https:\\\/\\\/fuentesfidedignas.com.mx\\\/?s={search_term_string}\"},\"query-input\":{\"@type\":\"PropertyValueSpecification\",\"valueRequired\":true,\"valueName\":\"search_term_string\"}}],\"inLanguage\":\"es\"},{\"@type\":\"Organization\",\"@id\":\"https:\\\/\\\/fuentesfidedignas.com.mx\\\/#organization\",\"name\":\"Fuentes Fidedignas\",\"url\":\"https:\\\/\\\/fuentesfidedignas.com.mx\\\/\",\"logo\":{\"@type\":\"ImageObject\",\"inLanguage\":\"es\",\"@id\":\"https:\\\/\\\/fuentesfidedignas.com.mx\\\/#\\\/schema\\\/logo\\\/image\\\/\",\"url\":\"https:\\\/\\\/fuentesfidedignas.com.mx\\\/wp-content\\\/uploads\\\/2021\\\/04\\\/logo-retina.png\",\"contentUrl\":\"https:\\\/\\\/fuentesfidedignas.com.mx\\\/wp-content\\\/uploads\\\/2021\\\/04\\\/logo-retina.png\",\"width\":280,\"height\":51,\"caption\":\"Fuentes Fidedignas\"},\"image\":{\"@id\":\"https:\\\/\\\/fuentesfidedignas.com.mx\\\/#\\\/schema\\\/logo\\\/image\\\/\"},\"sameAs\":[\"https:\\\/\\\/www.facebook.com\\\/Fuentes-Fidedignas-368234489921644\",\"https:\\\/\\\/x.com\\\/fidedignas\"]},{\"@type\":\"Person\",\"@id\":\"https:\\\/\\\/fuentesfidedignas.com.mx\\\/#\\\/schema\\\/person\\\/5623d53fe2e579d825b1679734abcc44\",\"name\":\"Forbes\",\"image\":{\"@type\":\"ImageObject\",\"inLanguage\":\"es\",\"@id\":\"https:\\\/\\\/secure.gravatar.com\\\/avatar\\\/87ce3dd4e41e60c22a79c758614f01a6bc2469255fc936ec7b15efb9bb5cb66f?s=96&d=mm&r=g\",\"url\":\"https:\\\/\\\/secure.gravatar.com\\\/avatar\\\/87ce3dd4e41e60c22a79c758614f01a6bc2469255fc936ec7b15efb9bb5cb66f?s=96&d=mm&r=g\",\"contentUrl\":\"https:\\\/\\\/secure.gravatar.com\\\/avatar\\\/87ce3dd4e41e60c22a79c758614f01a6bc2469255fc936ec7b15efb9bb5cb66f?s=96&d=mm&r=g\",\"caption\":\"Forbes\"},\"url\":\"https:\\\/\\\/fuentesfidedignas.com.mx\\\/index.php\\\/author\\\/forbes\\\/\"}]}<\/script>\n<!-- \/ Yoast SEO plugin. -->","yoast_head_json":{"title":"Julio Serna, exjefe de gabinete y amigo de Mancera, en prisi\u00f3n preventiva - Fuentes Fidedignas","robots":{"index":"index","follow":"follow","max-snippet":"max-snippet:-1","max-image-preview":"max-image-preview:large","max-video-preview":"max-video-preview:-1"},"canonical":"https:\/\/fuentesfidedignas.com.mx\/index.php\/2021\/11\/29\/julio-serna-exjefe-de-gabinete-y-amigo-de-mancera-en-prision-preventiva\/","og_locale":"es_MX","og_type":"article","og_title":"Julio Serna, exjefe de gabinete y amigo de Mancera, en prisi\u00f3n preventiva - Fuentes Fidedignas","og_description":"La Fiscal\u00eda de Justicia de la CDMX se\u00f1ala a Julio Serna, exfuncionario en la administraci\u00f3n de Mancera, de enriquecimiento il\u00edcito. Ciudad de M\u00e9xico.- Julio C\u00e9sar Serna Ch\u00e1vez amigo personal del exjefe de gobierno y hoy senador de la Rep\u00fablica por el PRD, Miguel \u00c1ngel Mancera, duerme desde la noche del s\u00e1bado en el Reclusorio Norte [&hellip;]","og_url":"https:\/\/fuentesfidedignas.com.mx\/index.php\/2021\/11\/29\/julio-serna-exjefe-de-gabinete-y-amigo-de-mancera-en-prision-preventiva\/","og_site_name":"Fuentes Fidedignas","article_publisher":"https:\/\/www.facebook.com\/Fuentes-Fidedignas-368234489921644","article_published_time":"2021-11-29T23:59:01+00:00","article_modified_time":"2021-11-29T23:59:02+00:00","og_image":[{"width":640,"height":360,"url":"https:\/\/fuentesfidedignas.com.mx\/wp-content\/uploads\/2021\/11\/mancera-640x360-1.jpg","type":"image\/jpeg"}],"author":"Forbes","twitter_card":"summary_large_image","twitter_creator":"@fidedignas","twitter_site":"@fidedignas","twitter_misc":{"Escrito por":"Forbes","Tiempo de lectura":"3 minutos"},"schema":{"@context":"https:\/\/schema.org","@graph":[{"@type":"Article","@id":"https:\/\/fuentesfidedignas.com.mx\/index.php\/2021\/11\/29\/julio-serna-exjefe-de-gabinete-y-amigo-de-mancera-en-prision-preventiva\/#article","isPartOf":{"@id":"https:\/\/fuentesfidedignas.com.mx\/index.php\/2021\/11\/29\/julio-serna-exjefe-de-gabinete-y-amigo-de-mancera-en-prision-preventiva\/"},"author":{"name":"Forbes","@id":"https:\/\/fuentesfidedignas.com.mx\/#\/schema\/person\/5623d53fe2e579d825b1679734abcc44"},"headline":"Julio Serna, exjefe de gabinete y amigo de Mancera, en prisi\u00f3n preventiva","datePublished":"2021-11-29T23:59:01+00:00","dateModified":"2021-11-29T23:59:02+00:00","mainEntityOfPage":{"@id":"https:\/\/fuentesfidedignas.com.mx\/index.php\/2021\/11\/29\/julio-serna-exjefe-de-gabinete-y-amigo-de-mancera-en-prision-preventiva\/"},"wordCount":688,"commentCount":0,"publisher":{"@id":"https:\/\/fuentesfidedignas.com.mx\/#organization"},"image":{"@id":"https:\/\/fuentesfidedignas.com.mx\/index.php\/2021\/11\/29\/julio-serna-exjefe-de-gabinete-y-amigo-de-mancera-en-prision-preventiva\/#primaryimage"},"thumbnailUrl":"https:\/\/fuentesfidedignas.com.mx\/wp-content\/uploads\/2021\/11\/mancera-640x360-1.jpg","articleSection":["NOTICIAS NACIONALES"],"inLanguage":"es","potentialAction":[{"@type":"CommentAction","name":"Comment","target":["https:\/\/fuentesfidedignas.com.mx\/index.php\/2021\/11\/29\/julio-serna-exjefe-de-gabinete-y-amigo-de-mancera-en-prision-preventiva\/#respond"]}]},{"@type":"WebPage","@id":"https:\/\/fuentesfidedignas.com.mx\/index.php\/2021\/11\/29\/julio-serna-exjefe-de-gabinete-y-amigo-de-mancera-en-prision-preventiva\/","url":"https:\/\/fuentesfidedignas.com.mx\/index.php\/2021\/11\/29\/julio-serna-exjefe-de-gabinete-y-amigo-de-mancera-en-prision-preventiva\/","name":"Julio Serna, exjefe de gabinete y amigo de Mancera, en prisi\u00f3n preventiva - Fuentes Fidedignas","isPartOf":{"@id":"https:\/\/fuentesfidedignas.com.mx\/#website"},"primaryImageOfPage":{"@id":"https:\/\/fuentesfidedignas.com.mx\/index.php\/2021\/11\/29\/julio-serna-exjefe-de-gabinete-y-amigo-de-mancera-en-prision-preventiva\/#primaryimage"},"image":{"@id":"https:\/\/fuentesfidedignas.com.mx\/index.php\/2021\/11\/29\/julio-serna-exjefe-de-gabinete-y-amigo-de-mancera-en-prision-preventiva\/#primaryimage"},"thumbnailUrl":"https:\/\/fuentesfidedignas.com.mx\/wp-content\/uploads\/2021\/11\/mancera-640x360-1.jpg","datePublished":"2021-11-29T23:59:01+00:00","dateModified":"2021-11-29T23:59:02+00:00","breadcrumb":{"@id":"https:\/\/fuentesfidedignas.com.mx\/index.php\/2021\/11\/29\/julio-serna-exjefe-de-gabinete-y-amigo-de-mancera-en-prision-preventiva\/#breadcrumb"},"inLanguage":"es","potentialAction":[{"@type":"ReadAction","target":["https:\/\/fuentesfidedignas.com.mx\/index.php\/2021\/11\/29\/julio-serna-exjefe-de-gabinete-y-amigo-de-mancera-en-prision-preventiva\/"]}]},{"@type":"ImageObject","inLanguage":"es","@id":"https:\/\/fuentesfidedignas.com.mx\/index.php\/2021\/11\/29\/julio-serna-exjefe-de-gabinete-y-amigo-de-mancera-en-prision-preventiva\/#primaryimage","url":"https:\/\/fuentesfidedignas.com.mx\/wp-content\/uploads\/2021\/11\/mancera-640x360-1.jpg","contentUrl":"https:\/\/fuentesfidedignas.com.mx\/wp-content\/uploads\/2021\/11\/mancera-640x360-1.jpg","width":640,"height":360},{"@type":"BreadcrumbList","@id":"https:\/\/fuentesfidedignas.com.mx\/index.php\/2021\/11\/29\/julio-serna-exjefe-de-gabinete-y-amigo-de-mancera-en-prision-preventiva\/#breadcrumb","itemListElement":[{"@type":"ListItem","position":1,"name":"Inicio","item":"https:\/\/fuentesfidedignas.com.mx\/"},{"@type":"ListItem","position":2,"name":"Julio Serna, exjefe de gabinete y amigo de Mancera, en prisi\u00f3n preventiva"}]},{"@type":"WebSite","@id":"https:\/\/fuentesfidedignas.com.mx\/#website","url":"https:\/\/fuentesfidedignas.com.mx\/","name":"Fuentes Fidedignas","description":"Otro sitio realizado con WordPress","publisher":{"@id":"https:\/\/fuentesfidedignas.com.mx\/#organization"},"potentialAction":[{"@type":"SearchAction","target":{"@type":"EntryPoint","urlTemplate":"https:\/\/fuentesfidedignas.com.mx\/?s={search_term_string}"},"query-input":{"@type":"PropertyValueSpecification","valueRequired":true,"valueName":"search_term_string"}}],"inLanguage":"es"},{"@type":"Organization","@id":"https:\/\/fuentesfidedignas.com.mx\/#organization","name":"Fuentes Fidedignas","url":"https:\/\/fuentesfidedignas.com.mx\/","logo":{"@type":"ImageObject","inLanguage":"es","@id":"https:\/\/fuentesfidedignas.com.mx\/#\/schema\/logo\/image\/","url":"https:\/\/fuentesfidedignas.com.mx\/wp-content\/uploads\/2021\/04\/logo-retina.png","contentUrl":"https:\/\/fuentesfidedignas.com.mx\/wp-content\/uploads\/2021\/04\/logo-retina.png","width":280,"height":51,"caption":"Fuentes Fidedignas"},"image":{"@id":"https:\/\/fuentesfidedignas.com.mx\/#\/schema\/logo\/image\/"},"sameAs":["https:\/\/www.facebook.com\/Fuentes-Fidedignas-368234489921644","https:\/\/x.com\/fidedignas"]},{"@type":"Person","@id":"https:\/\/fuentesfidedignas.com.mx\/#\/schema\/person\/5623d53fe2e579d825b1679734abcc44","name":"Forbes","image":{"@type":"ImageObject","inLanguage":"es","@id":"https:\/\/secure.gravatar.com\/avatar\/87ce3dd4e41e60c22a79c758614f01a6bc2469255fc936ec7b15efb9bb5cb66f?s=96&d=mm&r=g","url":"https:\/\/secure.gravatar.com\/avatar\/87ce3dd4e41e60c22a79c758614f01a6bc2469255fc936ec7b15efb9bb5cb66f?s=96&d=mm&r=g","contentUrl":"https:\/\/secure.gravatar.com\/avatar\/87ce3dd4e41e60c22a79c758614f01a6bc2469255fc936ec7b15efb9bb5cb66f?s=96&d=mm&r=g","caption":"Forbes"},"url":"https:\/\/fuentesfidedignas.com.mx\/index.php\/author\/forbes\/"}]}},"_links":{"self":[{"href":"https:\/\/fuentesfidedignas.com.mx\/index.php\/wp-json\/wp\/v2\/posts\/18675","targetHints":{"allow":["GET"]}}],"collection":[{"href":"https:\/\/fuentesfidedignas.com.mx\/index.php\/wp-json\/wp\/v2\/posts"}],"about":[{"href":"https:\/\/fuentesfidedignas.com.mx\/index.php\/wp-json\/wp\/v2\/types\/post"}],"author":[{"embeddable":true,"href":"https:\/\/fuentesfidedignas.com.mx\/index.php\/wp-json\/wp\/v2\/users\/5"}],"replies":[{"embeddable":true,"href":"https:\/\/fuentesfidedignas.com.mx\/index.php\/wp-json\/wp\/v2\/comments?post=18675"}],"version-history":[{"count":1,"href":"https:\/\/fuentesfidedignas.com.mx\/index.php\/wp-json\/wp\/v2\/posts\/18675\/revisions"}],"predecessor-version":[{"id":18677,"href":"https:\/\/fuentesfidedignas.com.mx\/index.php\/wp-json\/wp\/v2\/posts\/18675\/revisions\/18677"}],"wp:featuredmedia":[{"embeddable":true,"href":"https:\/\/fuentesfidedignas.com.mx\/index.php\/wp-json\/wp\/v2\/media\/18676"}],"wp:attachment":[{"href":"https:\/\/fuentesfidedignas.com.mx\/index.php\/wp-json\/wp\/v2\/media?parent=18675"}],"wp:term":[{"taxonomy":"category","embeddable":true,"href":"https:\/\/fuentesfidedignas.com.mx\/index.php\/wp-json\/wp\/v2\/categories?post=18675"},{"taxonomy":"post_tag","embeddable":true,"href":"https:\/\/fuentesfidedignas.com.mx\/index.php\/wp-json\/wp\/v2\/tags?post=18675"}],"curies":[{"name":"wp","href":"https:\/\/api.w.org\/{rel}","templated":true}]}}