{"id":18621,"date":"2021-11-29T08:21:47","date_gmt":"2021-11-29T15:21:47","guid":{"rendered":"https:\/\/fuentesfidedignas.com.mx\/?p=18621"},"modified":"2021-11-29T08:27:21","modified_gmt":"2021-11-29T15:27:21","slug":"estamos-preparados-para-todo-amlo-sobre-variante-omicron","status":"publish","type":"post","link":"https:\/\/fuentesfidedignas.com.mx\/index.php\/2021\/11\/29\/estamos-preparados-para-todo-amlo-sobre-variante-omicron\/","title":{"rendered":"\u2018Estamos preparados para todo\u2019: AMLO sobre variante \u00d3micron"},"content":{"rendered":"\n<p><strong><em>El presidente afirm\u00f3 que el pa\u00eds est\u00e1 preparado para el cierre de fronteras por la nueva variante \u00f3micron en caso de ser necesario<\/em><\/strong><\/p>\n\n\n\n<p>Ciudad de M\u00e9xico. El presidente Andr\u00e9s Manuel L\u00f3pez Obrador afirm\u00f3 que el pa\u00eds est\u00e1 preparado para enfrentar la nueva variante de coronavirus conocida como \u00f3micron y detectada por primera vez en Sud\u00e1frica.<\/p>\n\n\n\n<p>\u201cNosotros estamos preparados para todo, estamos atentos siempre, cuidado a la poblaci\u00f3n porque es nuestro trabajo\u201d, apunt\u00f3 en conferencia de prensa desde Oaxaca.<\/p>\n\n\n\n<figure class=\"wp-block-embed is-type-rich is-provider-twitter wp-block-embed-twitter\"><div class=\"wp-block-embed__wrapper\">\n<blockquote class=\"twitter-tweet\" data-width=\"550\" data-dnt=\"true\"><p lang=\"es\" dir=\"ltr\">.<a href=\"https:\/\/twitter.com\/lopezobrador_?ref_src=twsrc%5Etfw\">@lopezobrador_<\/a> descart\u00f3 el cierre de actividades en M\u00e9xico, ante la amenaza de la nueva variante de COVID, \u00d3micron, calificada por la Organizaci\u00f3n Mundial de la Salud (OMS) como &quot;preocupante&quot;. <a href=\"https:\/\/t.co\/THoo64keOB\">pic.twitter.com\/THoo64keOB<\/a><\/p>&mdash; El Financiero TV (@ElFinancieroTv) <a href=\"https:\/\/twitter.com\/ElFinancieroTv\/status\/1465317623990681600?ref_src=twsrc%5Etfw\">November 29, 2021<\/a><\/blockquote><script async src=\"https:\/\/platform.twitter.com\/widgets.js\" charset=\"utf-8\"><\/script>\n<\/div><\/figure>\n\n\n\n<p>El mandatario federal subray\u00f3 que el pa\u00eds est\u00e1 listo para cerrar fronteras pero el cierre de actividades no se volver\u00e1 a llevar a cabo.<\/p>\n\n\n\n<p>El mandatario federal informar\u00e1 sobre las acciones que tomar\u00e1 su gobierno este martes en conferencia de prensa, junto con las autoridades en materia de salud.<\/p>\n\n\n\n<p>Hizo un llamado a la poblaci\u00f3n para no perder la calma pues \u201cya le est\u00e1n dando seguimiento\u201d y de acuerdo a los informes que le han presentado especialistas \u201cno hay motivos de riesgo\u201d.<\/p>\n\n\n\n<p>\u201cSi esta variante es m\u00e1s peligrosa que las otras variantes, no existe eso, nada m\u00e1s que se detect\u00f3 en Sud\u00e1frica, no se sabe m\u00e1s, si va a ampliarse, si va a llegar a todos los pa\u00edses pero sobre el grado de peligro que representa en cuanto a contagios y fallecimiento no hay informaci\u00f3n\u201d, expuso.<\/p>\n\n\n\n<p>Recalc\u00f3 la importancia que sigue teniendo la vacunaci\u00f3n para afrontar el COVID-19 y sus variantes, como la sudafricana.<\/p>\n\n\n\n<p>\u201cNo hay tampoco informaci\u00f3n de que las vacunas no sean efectivas para enfrentar esta variante no hay informaci\u00f3n, no se puede decir [que] las vacunas no sirven, al contrario, lo que esta demostrado es que lo mejor es la vacuna para prevenir\u201d, dijo.<\/p>\n\n\n\n<p>Este martes iniciar\u00e1 la vacunaci\u00f3n contra el COVID-19 para la poblaci\u00f3n de 15 a 17 a\u00f1os en todas las alcald\u00edas de la CDMX. La vacuna que recibir\u00e1n los j\u00f3venes ser\u00e1 la de Pfizer-BioNTech.<\/p>\n\n\n\n<p>\u201cTenemos que seguir vacunando a los que se han quedado rezagados, todos tenemos que vacunarnos y ya empezamos a vacunar a los j\u00f3venes\u201d, agreg\u00f3.<\/p>\n","protected":false},"excerpt":{"rendered":"<p>El presidente afirm\u00f3 que el pa\u00eds est\u00e1 preparado para el cierre de fronteras por la nueva variante \u00f3micron en caso de ser necesario Ciudad de M\u00e9xico. El presidente Andr\u00e9s Manuel L\u00f3pez Obrador afirm\u00f3 que el pa\u00eds est\u00e1 preparado para enfrentar la nueva variante de coronavirus conocida como \u00f3micron y detectada por primera vez en Sud\u00e1frica. [&hellip;]<\/p>\n","protected":false},"author":21,"featured_media":18622,"comment_status":"open","ping_status":"open","sticky":false,"template":"","format":"standard","meta":{"tdm_status":"","tdm_grid_status":"","footnotes":""},"categories":[37],"tags":[],"class_list":{"0":"post-18621","1":"post","2":"type-post","3":"status-publish","4":"format-standard","5":"has-post-thumbnail","7":"category-nota-principal"},"yoast_head":"<!-- This site is optimized with the Yoast SEO plugin v27.5 - https:\/\/yoast.com\/product\/yoast-seo-wordpress\/ -->\n<title>\u2018Estamos preparados para todo\u2019: AMLO sobre variante \u00d3micron - Fuentes Fidedignas<\/title>\n<meta name=\"robots\" content=\"index, follow, max-snippet:-1, max-image-preview:large, max-video-preview:-1\" \/>\n<link rel=\"canonical\" href=\"https:\/\/fuentesfidedignas.com.mx\/index.php\/2021\/11\/29\/estamos-preparados-para-todo-amlo-sobre-variante-omicron\/\" \/>\n<meta property=\"og:locale\" content=\"es_MX\" \/>\n<meta property=\"og:type\" content=\"article\" \/>\n<meta property=\"og:title\" content=\"\u2018Estamos preparados para todo\u2019: AMLO sobre variante \u00d3micron - Fuentes Fidedignas\" \/>\n<meta property=\"og:description\" content=\"El presidente afirm\u00f3 que el pa\u00eds est\u00e1 preparado para el cierre de fronteras por la nueva variante \u00f3micron en caso de ser necesario Ciudad de M\u00e9xico. El presidente Andr\u00e9s Manuel L\u00f3pez Obrador afirm\u00f3 que el pa\u00eds est\u00e1 preparado para enfrentar la nueva variante de coronavirus conocida como \u00f3micron y detectada por primera vez en Sud\u00e1frica. [&hellip;]\" \/>\n<meta property=\"og:url\" content=\"https:\/\/fuentesfidedignas.com.mx\/index.php\/2021\/11\/29\/estamos-preparados-para-todo-amlo-sobre-variante-omicron\/\" \/>\n<meta property=\"og:site_name\" content=\"Fuentes Fidedignas\" \/>\n<meta property=\"article:publisher\" content=\"https:\/\/www.facebook.com\/Fuentes-Fidedignas-368234489921644\" \/>\n<meta property=\"article:published_time\" content=\"2021-11-29T15:21:47+00:00\" \/>\n<meta property=\"article:modified_time\" content=\"2021-11-29T15:27:21+00:00\" \/>\n<meta property=\"og:image\" content=\"https:\/\/fuentesfidedignas.com.mx\/wp-content\/uploads\/2021\/11\/PF5A4PUOAVHK7I6EC5AMPPPSHE.jpeg\" \/>\n\t<meta property=\"og:image:width\" content=\"800\" \/>\n\t<meta property=\"og:image:height\" content=\"450\" \/>\n\t<meta property=\"og:image:type\" content=\"image\/jpeg\" \/>\n<meta name=\"author\" content=\"El Financiero\" \/>\n<meta name=\"twitter:card\" content=\"summary_large_image\" \/>\n<meta name=\"twitter:creator\" content=\"@fidedignas\" \/>\n<meta name=\"twitter:site\" content=\"@fidedignas\" \/>\n<meta name=\"twitter:label1\" content=\"Escrito por\" \/>\n\t<meta name=\"twitter:data1\" content=\"El Financiero\" \/>\n\t<meta name=\"twitter:label2\" content=\"Tiempo de lectura\" \/>\n\t<meta name=\"twitter:data2\" content=\"2 minutos\" \/>\n<script type=\"application\/ld+json\" class=\"yoast-schema-graph\">{\"@context\":\"https:\\\/\\\/schema.org\",\"@graph\":[{\"@type\":\"Article\",\"@id\":\"https:\\\/\\\/fuentesfidedignas.com.mx\\\/index.php\\\/2021\\\/11\\\/29\\\/estamos-preparados-para-todo-amlo-sobre-variante-omicron\\\/#article\",\"isPartOf\":{\"@id\":\"https:\\\/\\\/fuentesfidedignas.com.mx\\\/index.php\\\/2021\\\/11\\\/29\\\/estamos-preparados-para-todo-amlo-sobre-variante-omicron\\\/\"},\"author\":{\"name\":\"El Financiero\",\"@id\":\"https:\\\/\\\/fuentesfidedignas.com.mx\\\/#\\\/schema\\\/person\\\/494f7e0dce8dfaaec5b64f16615b78e9\"},\"headline\":\"\u2018Estamos preparados para todo\u2019: AMLO sobre variante \u00d3micron\",\"datePublished\":\"2021-11-29T15:21:47+00:00\",\"dateModified\":\"2021-11-29T15:27:21+00:00\",\"mainEntityOfPage\":{\"@id\":\"https:\\\/\\\/fuentesfidedignas.com.mx\\\/index.php\\\/2021\\\/11\\\/29\\\/estamos-preparados-para-todo-amlo-sobre-variante-omicron\\\/\"},\"wordCount\":375,\"commentCount\":0,\"publisher\":{\"@id\":\"https:\\\/\\\/fuentesfidedignas.com.mx\\\/#organization\"},\"image\":{\"@id\":\"https:\\\/\\\/fuentesfidedignas.com.mx\\\/index.php\\\/2021\\\/11\\\/29\\\/estamos-preparados-para-todo-amlo-sobre-variante-omicron\\\/#primaryimage\"},\"thumbnailUrl\":\"https:\\\/\\\/fuentesfidedignas.com.mx\\\/wp-content\\\/uploads\\\/2021\\\/11\\\/PF5A4PUOAVHK7I6EC5AMPPPSHE.jpeg\",\"articleSection\":[\"NOTA PRINCIPAL\"],\"inLanguage\":\"es\",\"potentialAction\":[{\"@type\":\"CommentAction\",\"name\":\"Comment\",\"target\":[\"https:\\\/\\\/fuentesfidedignas.com.mx\\\/index.php\\\/2021\\\/11\\\/29\\\/estamos-preparados-para-todo-amlo-sobre-variante-omicron\\\/#respond\"]}]},{\"@type\":\"WebPage\",\"@id\":\"https:\\\/\\\/fuentesfidedignas.com.mx\\\/index.php\\\/2021\\\/11\\\/29\\\/estamos-preparados-para-todo-amlo-sobre-variante-omicron\\\/\",\"url\":\"https:\\\/\\\/fuentesfidedignas.com.mx\\\/index.php\\\/2021\\\/11\\\/29\\\/estamos-preparados-para-todo-amlo-sobre-variante-omicron\\\/\",\"name\":\"\u2018Estamos preparados para todo\u2019: AMLO sobre variante \u00d3micron - Fuentes Fidedignas\",\"isPartOf\":{\"@id\":\"https:\\\/\\\/fuentesfidedignas.com.mx\\\/#website\"},\"primaryImageOfPage\":{\"@id\":\"https:\\\/\\\/fuentesfidedignas.com.mx\\\/index.php\\\/2021\\\/11\\\/29\\\/estamos-preparados-para-todo-amlo-sobre-variante-omicron\\\/#primaryimage\"},\"image\":{\"@id\":\"https:\\\/\\\/fuentesfidedignas.com.mx\\\/index.php\\\/2021\\\/11\\\/29\\\/estamos-preparados-para-todo-amlo-sobre-variante-omicron\\\/#primaryimage\"},\"thumbnailUrl\":\"https:\\\/\\\/fuentesfidedignas.com.mx\\\/wp-content\\\/uploads\\\/2021\\\/11\\\/PF5A4PUOAVHK7I6EC5AMPPPSHE.jpeg\",\"datePublished\":\"2021-11-29T15:21:47+00:00\",\"dateModified\":\"2021-11-29T15:27:21+00:00\",\"breadcrumb\":{\"@id\":\"https:\\\/\\\/fuentesfidedignas.com.mx\\\/index.php\\\/2021\\\/11\\\/29\\\/estamos-preparados-para-todo-amlo-sobre-variante-omicron\\\/#breadcrumb\"},\"inLanguage\":\"es\",\"potentialAction\":[{\"@type\":\"ReadAction\",\"target\":[\"https:\\\/\\\/fuentesfidedignas.com.mx\\\/index.php\\\/2021\\\/11\\\/29\\\/estamos-preparados-para-todo-amlo-sobre-variante-omicron\\\/\"]}]},{\"@type\":\"ImageObject\",\"inLanguage\":\"es\",\"@id\":\"https:\\\/\\\/fuentesfidedignas.com.mx\\\/index.php\\\/2021\\\/11\\\/29\\\/estamos-preparados-para-todo-amlo-sobre-variante-omicron\\\/#primaryimage\",\"url\":\"https:\\\/\\\/fuentesfidedignas.com.mx\\\/wp-content\\\/uploads\\\/2021\\\/11\\\/PF5A4PUOAVHK7I6EC5AMPPPSHE.jpeg\",\"contentUrl\":\"https:\\\/\\\/fuentesfidedignas.com.mx\\\/wp-content\\\/uploads\\\/2021\\\/11\\\/PF5A4PUOAVHK7I6EC5AMPPPSHE.jpeg\",\"width\":800,\"height\":450},{\"@type\":\"BreadcrumbList\",\"@id\":\"https:\\\/\\\/fuentesfidedignas.com.mx\\\/index.php\\\/2021\\\/11\\\/29\\\/estamos-preparados-para-todo-amlo-sobre-variante-omicron\\\/#breadcrumb\",\"itemListElement\":[{\"@type\":\"ListItem\",\"position\":1,\"name\":\"Inicio\",\"item\":\"https:\\\/\\\/fuentesfidedignas.com.mx\\\/\"},{\"@type\":\"ListItem\",\"position\":2,\"name\":\"\u2018Estamos preparados para todo\u2019: AMLO sobre variante \u00d3micron\"}]},{\"@type\":\"WebSite\",\"@id\":\"https:\\\/\\\/fuentesfidedignas.com.mx\\\/#website\",\"url\":\"https:\\\/\\\/fuentesfidedignas.com.mx\\\/\",\"name\":\"Fuentes Fidedignas\",\"description\":\"Otro sitio realizado con WordPress\",\"publisher\":{\"@id\":\"https:\\\/\\\/fuentesfidedignas.com.mx\\\/#organization\"},\"potentialAction\":[{\"@type\":\"SearchAction\",\"target\":{\"@type\":\"EntryPoint\",\"urlTemplate\":\"https:\\\/\\\/fuentesfidedignas.com.mx\\\/?s={search_term_string}\"},\"query-input\":{\"@type\":\"PropertyValueSpecification\",\"valueRequired\":true,\"valueName\":\"search_term_string\"}}],\"inLanguage\":\"es\"},{\"@type\":\"Organization\",\"@id\":\"https:\\\/\\\/fuentesfidedignas.com.mx\\\/#organization\",\"name\":\"Fuentes Fidedignas\",\"url\":\"https:\\\/\\\/fuentesfidedignas.com.mx\\\/\",\"logo\":{\"@type\":\"ImageObject\",\"inLanguage\":\"es\",\"@id\":\"https:\\\/\\\/fuentesfidedignas.com.mx\\\/#\\\/schema\\\/logo\\\/image\\\/\",\"url\":\"https:\\\/\\\/fuentesfidedignas.com.mx\\\/wp-content\\\/uploads\\\/2021\\\/04\\\/logo-retina.png\",\"contentUrl\":\"https:\\\/\\\/fuentesfidedignas.com.mx\\\/wp-content\\\/uploads\\\/2021\\\/04\\\/logo-retina.png\",\"width\":280,\"height\":51,\"caption\":\"Fuentes Fidedignas\"},\"image\":{\"@id\":\"https:\\\/\\\/fuentesfidedignas.com.mx\\\/#\\\/schema\\\/logo\\\/image\\\/\"},\"sameAs\":[\"https:\\\/\\\/www.facebook.com\\\/Fuentes-Fidedignas-368234489921644\",\"https:\\\/\\\/x.com\\\/fidedignas\"]},{\"@type\":\"Person\",\"@id\":\"https:\\\/\\\/fuentesfidedignas.com.mx\\\/#\\\/schema\\\/person\\\/494f7e0dce8dfaaec5b64f16615b78e9\",\"name\":\"El Financiero\",\"image\":{\"@type\":\"ImageObject\",\"inLanguage\":\"es\",\"@id\":\"https:\\\/\\\/secure.gravatar.com\\\/avatar\\\/88c0f3f2079389318ef8dd35c22cb997212aa89646e357ba59b318db26ed91a9?s=96&d=mm&r=g\",\"url\":\"https:\\\/\\\/secure.gravatar.com\\\/avatar\\\/88c0f3f2079389318ef8dd35c22cb997212aa89646e357ba59b318db26ed91a9?s=96&d=mm&r=g\",\"contentUrl\":\"https:\\\/\\\/secure.gravatar.com\\\/avatar\\\/88c0f3f2079389318ef8dd35c22cb997212aa89646e357ba59b318db26ed91a9?s=96&d=mm&r=g\",\"caption\":\"El Financiero\"},\"url\":\"https:\\\/\\\/fuentesfidedignas.com.mx\\\/index.php\\\/author\\\/financiero\\\/\"}]}<\/script>\n<!-- \/ Yoast SEO plugin. -->","yoast_head_json":{"title":"\u2018Estamos preparados para todo\u2019: AMLO sobre variante \u00d3micron - Fuentes Fidedignas","robots":{"index":"index","follow":"follow","max-snippet":"max-snippet:-1","max-image-preview":"max-image-preview:large","max-video-preview":"max-video-preview:-1"},"canonical":"https:\/\/fuentesfidedignas.com.mx\/index.php\/2021\/11\/29\/estamos-preparados-para-todo-amlo-sobre-variante-omicron\/","og_locale":"es_MX","og_type":"article","og_title":"\u2018Estamos preparados para todo\u2019: AMLO sobre variante \u00d3micron - Fuentes Fidedignas","og_description":"El presidente afirm\u00f3 que el pa\u00eds est\u00e1 preparado para el cierre de fronteras por la nueva variante \u00f3micron en caso de ser necesario Ciudad de M\u00e9xico. El presidente Andr\u00e9s Manuel L\u00f3pez Obrador afirm\u00f3 que el pa\u00eds est\u00e1 preparado para enfrentar la nueva variante de coronavirus conocida como \u00f3micron y detectada por primera vez en Sud\u00e1frica. [&hellip;]","og_url":"https:\/\/fuentesfidedignas.com.mx\/index.php\/2021\/11\/29\/estamos-preparados-para-todo-amlo-sobre-variante-omicron\/","og_site_name":"Fuentes Fidedignas","article_publisher":"https:\/\/www.facebook.com\/Fuentes-Fidedignas-368234489921644","article_published_time":"2021-11-29T15:21:47+00:00","article_modified_time":"2021-11-29T15:27:21+00:00","og_image":[{"width":800,"height":450,"url":"https:\/\/fuentesfidedignas.com.mx\/wp-content\/uploads\/2021\/11\/PF5A4PUOAVHK7I6EC5AMPPPSHE.jpeg","type":"image\/jpeg"}],"author":"El Financiero","twitter_card":"summary_large_image","twitter_creator":"@fidedignas","twitter_site":"@fidedignas","twitter_misc":{"Escrito por":"El Financiero","Tiempo de lectura":"2 minutos"},"schema":{"@context":"https:\/\/schema.org","@graph":[{"@type":"Article","@id":"https:\/\/fuentesfidedignas.com.mx\/index.php\/2021\/11\/29\/estamos-preparados-para-todo-amlo-sobre-variante-omicron\/#article","isPartOf":{"@id":"https:\/\/fuentesfidedignas.com.mx\/index.php\/2021\/11\/29\/estamos-preparados-para-todo-amlo-sobre-variante-omicron\/"},"author":{"name":"El Financiero","@id":"https:\/\/fuentesfidedignas.com.mx\/#\/schema\/person\/494f7e0dce8dfaaec5b64f16615b78e9"},"headline":"\u2018Estamos preparados para todo\u2019: AMLO sobre variante \u00d3micron","datePublished":"2021-11-29T15:21:47+00:00","dateModified":"2021-11-29T15:27:21+00:00","mainEntityOfPage":{"@id":"https:\/\/fuentesfidedignas.com.mx\/index.php\/2021\/11\/29\/estamos-preparados-para-todo-amlo-sobre-variante-omicron\/"},"wordCount":375,"commentCount":0,"publisher":{"@id":"https:\/\/fuentesfidedignas.com.mx\/#organization"},"image":{"@id":"https:\/\/fuentesfidedignas.com.mx\/index.php\/2021\/11\/29\/estamos-preparados-para-todo-amlo-sobre-variante-omicron\/#primaryimage"},"thumbnailUrl":"https:\/\/fuentesfidedignas.com.mx\/wp-content\/uploads\/2021\/11\/PF5A4PUOAVHK7I6EC5AMPPPSHE.jpeg","articleSection":["NOTA PRINCIPAL"],"inLanguage":"es","potentialAction":[{"@type":"CommentAction","name":"Comment","target":["https:\/\/fuentesfidedignas.com.mx\/index.php\/2021\/11\/29\/estamos-preparados-para-todo-amlo-sobre-variante-omicron\/#respond"]}]},{"@type":"WebPage","@id":"https:\/\/fuentesfidedignas.com.mx\/index.php\/2021\/11\/29\/estamos-preparados-para-todo-amlo-sobre-variante-omicron\/","url":"https:\/\/fuentesfidedignas.com.mx\/index.php\/2021\/11\/29\/estamos-preparados-para-todo-amlo-sobre-variante-omicron\/","name":"\u2018Estamos preparados para todo\u2019: AMLO sobre variante \u00d3micron - Fuentes Fidedignas","isPartOf":{"@id":"https:\/\/fuentesfidedignas.com.mx\/#website"},"primaryImageOfPage":{"@id":"https:\/\/fuentesfidedignas.com.mx\/index.php\/2021\/11\/29\/estamos-preparados-para-todo-amlo-sobre-variante-omicron\/#primaryimage"},"image":{"@id":"https:\/\/fuentesfidedignas.com.mx\/index.php\/2021\/11\/29\/estamos-preparados-para-todo-amlo-sobre-variante-omicron\/#primaryimage"},"thumbnailUrl":"https:\/\/fuentesfidedignas.com.mx\/wp-content\/uploads\/2021\/11\/PF5A4PUOAVHK7I6EC5AMPPPSHE.jpeg","datePublished":"2021-11-29T15:21:47+00:00","dateModified":"2021-11-29T15:27:21+00:00","breadcrumb":{"@id":"https:\/\/fuentesfidedignas.com.mx\/index.php\/2021\/11\/29\/estamos-preparados-para-todo-amlo-sobre-variante-omicron\/#breadcrumb"},"inLanguage":"es","potentialAction":[{"@type":"ReadAction","target":["https:\/\/fuentesfidedignas.com.mx\/index.php\/2021\/11\/29\/estamos-preparados-para-todo-amlo-sobre-variante-omicron\/"]}]},{"@type":"ImageObject","inLanguage":"es","@id":"https:\/\/fuentesfidedignas.com.mx\/index.php\/2021\/11\/29\/estamos-preparados-para-todo-amlo-sobre-variante-omicron\/#primaryimage","url":"https:\/\/fuentesfidedignas.com.mx\/wp-content\/uploads\/2021\/11\/PF5A4PUOAVHK7I6EC5AMPPPSHE.jpeg","contentUrl":"https:\/\/fuentesfidedignas.com.mx\/wp-content\/uploads\/2021\/11\/PF5A4PUOAVHK7I6EC5AMPPPSHE.jpeg","width":800,"height":450},{"@type":"BreadcrumbList","@id":"https:\/\/fuentesfidedignas.com.mx\/index.php\/2021\/11\/29\/estamos-preparados-para-todo-amlo-sobre-variante-omicron\/#breadcrumb","itemListElement":[{"@type":"ListItem","position":1,"name":"Inicio","item":"https:\/\/fuentesfidedignas.com.mx\/"},{"@type":"ListItem","position":2,"name":"\u2018Estamos preparados para todo\u2019: AMLO sobre variante \u00d3micron"}]},{"@type":"WebSite","@id":"https:\/\/fuentesfidedignas.com.mx\/#website","url":"https:\/\/fuentesfidedignas.com.mx\/","name":"Fuentes Fidedignas","description":"Otro sitio realizado con WordPress","publisher":{"@id":"https:\/\/fuentesfidedignas.com.mx\/#organization"},"potentialAction":[{"@type":"SearchAction","target":{"@type":"EntryPoint","urlTemplate":"https:\/\/fuentesfidedignas.com.mx\/?s={search_term_string}"},"query-input":{"@type":"PropertyValueSpecification","valueRequired":true,"valueName":"search_term_string"}}],"inLanguage":"es"},{"@type":"Organization","@id":"https:\/\/fuentesfidedignas.com.mx\/#organization","name":"Fuentes Fidedignas","url":"https:\/\/fuentesfidedignas.com.mx\/","logo":{"@type":"ImageObject","inLanguage":"es","@id":"https:\/\/fuentesfidedignas.com.mx\/#\/schema\/logo\/image\/","url":"https:\/\/fuentesfidedignas.com.mx\/wp-content\/uploads\/2021\/04\/logo-retina.png","contentUrl":"https:\/\/fuentesfidedignas.com.mx\/wp-content\/uploads\/2021\/04\/logo-retina.png","width":280,"height":51,"caption":"Fuentes Fidedignas"},"image":{"@id":"https:\/\/fuentesfidedignas.com.mx\/#\/schema\/logo\/image\/"},"sameAs":["https:\/\/www.facebook.com\/Fuentes-Fidedignas-368234489921644","https:\/\/x.com\/fidedignas"]},{"@type":"Person","@id":"https:\/\/fuentesfidedignas.com.mx\/#\/schema\/person\/494f7e0dce8dfaaec5b64f16615b78e9","name":"El Financiero","image":{"@type":"ImageObject","inLanguage":"es","@id":"https:\/\/secure.gravatar.com\/avatar\/88c0f3f2079389318ef8dd35c22cb997212aa89646e357ba59b318db26ed91a9?s=96&d=mm&r=g","url":"https:\/\/secure.gravatar.com\/avatar\/88c0f3f2079389318ef8dd35c22cb997212aa89646e357ba59b318db26ed91a9?s=96&d=mm&r=g","contentUrl":"https:\/\/secure.gravatar.com\/avatar\/88c0f3f2079389318ef8dd35c22cb997212aa89646e357ba59b318db26ed91a9?s=96&d=mm&r=g","caption":"El Financiero"},"url":"https:\/\/fuentesfidedignas.com.mx\/index.php\/author\/financiero\/"}]}},"_links":{"self":[{"href":"https:\/\/fuentesfidedignas.com.mx\/index.php\/wp-json\/wp\/v2\/posts\/18621","targetHints":{"allow":["GET"]}}],"collection":[{"href":"https:\/\/fuentesfidedignas.com.mx\/index.php\/wp-json\/wp\/v2\/posts"}],"about":[{"href":"https:\/\/fuentesfidedignas.com.mx\/index.php\/wp-json\/wp\/v2\/types\/post"}],"author":[{"embeddable":true,"href":"https:\/\/fuentesfidedignas.com.mx\/index.php\/wp-json\/wp\/v2\/users\/21"}],"replies":[{"embeddable":true,"href":"https:\/\/fuentesfidedignas.com.mx\/index.php\/wp-json\/wp\/v2\/comments?post=18621"}],"version-history":[{"count":2,"href":"https:\/\/fuentesfidedignas.com.mx\/index.php\/wp-json\/wp\/v2\/posts\/18621\/revisions"}],"predecessor-version":[{"id":18627,"href":"https:\/\/fuentesfidedignas.com.mx\/index.php\/wp-json\/wp\/v2\/posts\/18621\/revisions\/18627"}],"wp:featuredmedia":[{"embeddable":true,"href":"https:\/\/fuentesfidedignas.com.mx\/index.php\/wp-json\/wp\/v2\/media\/18622"}],"wp:attachment":[{"href":"https:\/\/fuentesfidedignas.com.mx\/index.php\/wp-json\/wp\/v2\/media?parent=18621"}],"wp:term":[{"taxonomy":"category","embeddable":true,"href":"https:\/\/fuentesfidedignas.com.mx\/index.php\/wp-json\/wp\/v2\/categories?post=18621"},{"taxonomy":"post_tag","embeddable":true,"href":"https:\/\/fuentesfidedignas.com.mx\/index.php\/wp-json\/wp\/v2\/tags?post=18621"}],"curies":[{"name":"wp","href":"https:\/\/api.w.org\/{rel}","templated":true}]}}