{"id":18537,"date":"2021-11-28T09:49:40","date_gmt":"2021-11-28T16:49:40","guid":{"rendered":"https:\/\/fuentesfidedignas.com.mx\/?p=18537"},"modified":"2021-11-28T09:49:41","modified_gmt":"2021-11-28T16:49:41","slug":"lopez-gatell-descarta-cierres-de-fronteras-por-variante-omicron","status":"publish","type":"post","link":"https:\/\/fuentesfidedignas.com.mx\/index.php\/2021\/11\/28\/lopez-gatell-descarta-cierres-de-fronteras-por-variante-omicron\/","title":{"rendered":"L\u00f3pez-Gatell descarta cierres de fronteras por variante \u00d3micron"},"content":{"rendered":"\n<p><strong><em>Hugo L\u00f3pez-Gatell descart\u00f3 que M\u00e9xico vaya a ver cierre de fronteras por \u00d3micron y dijo que informaci\u00f3n sobre virulencia es desproporcionada.<\/em><\/strong><\/p>\n\n\n\n<p>Ciudad de M\u00e9xico.- Contrario a las precauciones que han tomado algunos pa\u00edses europeos, africanos y de Am\u00e9rica Latina, M\u00e9xico no cerrar\u00e1 sus fronteras ante la incursi\u00f3n de la variante \u00d3micron, precisi\u00f3 Hugo L\u00f3pez-Gatell, subsecretario de Prevenci\u00f3n y Promoci\u00f3n de la Salud.<\/p>\n\n\n\n<p>El funcionario consider\u00f3 que hasta el momento no existe evidencia sobre los riesgos de alta virulencia de la nueva cepa de COVID-19 por lo que la informaci\u00f3n que ha surgido en los \u00faltimos d\u00edas es desproporcionada.<\/p>\n\n\n\n<p>Sostuvo que los cierres de fronteras poco ayudan a la contenci\u00f3n de la enfermedad y por el contrario afectan el desarrollo econ\u00f3mico de los pa\u00edses y el bienestar de sus habitantes.<\/p>\n\n\n\n<p>\u201cLas restricciones de viajes o cierres de fronteras son medidas poco \u00fatiles; afectan la econom\u00eda y el bienestar de los pueblos. La informaci\u00f3n difundida sobre los riesgos de la nueva variante es desproporcionada respecto a lo que muestra la evidencia cient\u00edfica existente\u201d. puntualiz\u00f3.<\/p>\n\n\n\n<p>L\u00f3pez-Gatell explic\u00f3 que hasta el momento no se tiene un registro amplio sobre que \u00d3micron tenga una mayor transmisiblidad que otras variantes descubiertas como Delta.<\/p>\n\n\n\n<p>Tambi\u00e9n neg\u00f3 tener datos sobre que \u00d3micron sea m\u00e1s resistente a la respuesta inmunitaria producto de las vacunas.<\/p>\n\n\n\n<p>\u201c\u00d3micron es la m\u00e1s reciente variante de preocupaci\u00f3n del SARS-CoV-2; algunos datos sugieren que tiene mayor transmisibilidad que las previas. No se ha demostrado que sea m\u00e1s virulenta ni que evada la respuesta inmune inducida por las vacunas\u201d, se\u00f1al\u00f3.<\/p>\n\n\n\n<p>La detecci\u00f3n de una nueva variante del coronavirus en Sud\u00e1frica, identificada como B.1.1.529, preocupa a la comunidad cient\u00edfica porque presenta una amalgama de m\u00e1s de 30 mutaciones que, si bien algunas ya se hab\u00edan observado en otras variantes, como la beta, esta es la primera vez que se ven juntas.<\/p>\n","protected":false},"excerpt":{"rendered":"<p>Hugo L\u00f3pez-Gatell descart\u00f3 que M\u00e9xico vaya a ver cierre de fronteras por \u00d3micron y dijo que informaci\u00f3n sobre virulencia es desproporcionada. Ciudad de M\u00e9xico.- Contrario a las precauciones que han tomado algunos pa\u00edses europeos, africanos y de Am\u00e9rica Latina, M\u00e9xico no cerrar\u00e1 sus fronteras ante la incursi\u00f3n de la variante \u00d3micron, precisi\u00f3 Hugo L\u00f3pez-Gatell, subsecretario [&hellip;]<\/p>\n","protected":false},"author":5,"featured_media":18538,"comment_status":"open","ping_status":"open","sticky":false,"template":"","format":"standard","meta":{"tdm_status":"","tdm_grid_status":"","footnotes":""},"categories":[39],"tags":[332,59,296,2205,416],"class_list":{"0":"post-18537","1":"post","2":"type-post","3":"status-publish","4":"format-standard","5":"has-post-thumbnail","7":"category-noticias-nacionales","8":"tag-coronavirus","9":"tag-covid-19","10":"tag-hugo-lopez-gatell","11":"tag-omicron","12":"tag-sars-cov-2"},"yoast_head":"<!-- This site is optimized with the Yoast SEO plugin v27.5 - https:\/\/yoast.com\/product\/yoast-seo-wordpress\/ -->\n<title>L\u00f3pez-Gatell descarta cierres de fronteras por variante \u00d3micron - Fuentes Fidedignas<\/title>\n<meta name=\"robots\" content=\"index, follow, max-snippet:-1, max-image-preview:large, max-video-preview:-1\" \/>\n<link rel=\"canonical\" href=\"https:\/\/fuentesfidedignas.com.mx\/index.php\/2021\/11\/28\/lopez-gatell-descarta-cierres-de-fronteras-por-variante-omicron\/\" \/>\n<meta property=\"og:locale\" content=\"es_MX\" \/>\n<meta property=\"og:type\" content=\"article\" \/>\n<meta property=\"og:title\" content=\"L\u00f3pez-Gatell descarta cierres de fronteras por variante \u00d3micron - Fuentes Fidedignas\" \/>\n<meta property=\"og:description\" content=\"Hugo L\u00f3pez-Gatell descart\u00f3 que M\u00e9xico vaya a ver cierre de fronteras por \u00d3micron y dijo que informaci\u00f3n sobre virulencia es desproporcionada. Ciudad de M\u00e9xico.- Contrario a las precauciones que han tomado algunos pa\u00edses europeos, africanos y de Am\u00e9rica Latina, M\u00e9xico no cerrar\u00e1 sus fronteras ante la incursi\u00f3n de la variante \u00d3micron, precisi\u00f3 Hugo L\u00f3pez-Gatell, subsecretario [&hellip;]\" \/>\n<meta property=\"og:url\" content=\"https:\/\/fuentesfidedignas.com.mx\/index.php\/2021\/11\/28\/lopez-gatell-descarta-cierres-de-fronteras-por-variante-omicron\/\" \/>\n<meta property=\"og:site_name\" content=\"Fuentes Fidedignas\" \/>\n<meta property=\"article:publisher\" content=\"https:\/\/www.facebook.com\/Fuentes-Fidedignas-368234489921644\" \/>\n<meta property=\"article:published_time\" content=\"2021-11-28T16:49:40+00:00\" \/>\n<meta property=\"article:modified_time\" content=\"2021-11-28T16:49:41+00:00\" \/>\n<meta property=\"og:image\" content=\"https:\/\/fuentesfidedignas.com.mx\/wp-content\/uploads\/2021\/11\/hugo-lopez-gatell-640x360-1.jpg\" \/>\n\t<meta property=\"og:image:width\" content=\"640\" \/>\n\t<meta property=\"og:image:height\" content=\"360\" \/>\n\t<meta property=\"og:image:type\" content=\"image\/jpeg\" \/>\n<meta name=\"author\" content=\"Forbes\" \/>\n<meta name=\"twitter:card\" content=\"summary_large_image\" \/>\n<meta name=\"twitter:creator\" content=\"@fidedignas\" \/>\n<meta name=\"twitter:site\" content=\"@fidedignas\" \/>\n<meta name=\"twitter:label1\" content=\"Escrito por\" \/>\n\t<meta name=\"twitter:data1\" content=\"Forbes\" \/>\n\t<meta name=\"twitter:label2\" content=\"Tiempo de lectura\" \/>\n\t<meta name=\"twitter:data2\" content=\"2 minutos\" \/>\n<script type=\"application\/ld+json\" class=\"yoast-schema-graph\">{\"@context\":\"https:\\\/\\\/schema.org\",\"@graph\":[{\"@type\":\"Article\",\"@id\":\"https:\\\/\\\/fuentesfidedignas.com.mx\\\/index.php\\\/2021\\\/11\\\/28\\\/lopez-gatell-descarta-cierres-de-fronteras-por-variante-omicron\\\/#article\",\"isPartOf\":{\"@id\":\"https:\\\/\\\/fuentesfidedignas.com.mx\\\/index.php\\\/2021\\\/11\\\/28\\\/lopez-gatell-descarta-cierres-de-fronteras-por-variante-omicron\\\/\"},\"author\":{\"name\":\"Forbes\",\"@id\":\"https:\\\/\\\/fuentesfidedignas.com.mx\\\/#\\\/schema\\\/person\\\/5623d53fe2e579d825b1679734abcc44\"},\"headline\":\"L\u00f3pez-Gatell descarta cierres de fronteras por variante \u00d3micron\",\"datePublished\":\"2021-11-28T16:49:40+00:00\",\"dateModified\":\"2021-11-28T16:49:41+00:00\",\"mainEntityOfPage\":{\"@id\":\"https:\\\/\\\/fuentesfidedignas.com.mx\\\/index.php\\\/2021\\\/11\\\/28\\\/lopez-gatell-descarta-cierres-de-fronteras-por-variante-omicron\\\/\"},\"wordCount\":344,\"commentCount\":0,\"publisher\":{\"@id\":\"https:\\\/\\\/fuentesfidedignas.com.mx\\\/#organization\"},\"image\":{\"@id\":\"https:\\\/\\\/fuentesfidedignas.com.mx\\\/index.php\\\/2021\\\/11\\\/28\\\/lopez-gatell-descarta-cierres-de-fronteras-por-variante-omicron\\\/#primaryimage\"},\"thumbnailUrl\":\"https:\\\/\\\/fuentesfidedignas.com.mx\\\/wp-content\\\/uploads\\\/2021\\\/11\\\/hugo-lopez-gatell-640x360-1.jpg\",\"keywords\":[\"Coronavirus\",\"Covid-19\",\"Hugo L\u00f3pez-Gatell\",\"Omicron\",\"SARS-CoV-2\"],\"articleSection\":[\"NOTICIAS NACIONALES\"],\"inLanguage\":\"es\",\"potentialAction\":[{\"@type\":\"CommentAction\",\"name\":\"Comment\",\"target\":[\"https:\\\/\\\/fuentesfidedignas.com.mx\\\/index.php\\\/2021\\\/11\\\/28\\\/lopez-gatell-descarta-cierres-de-fronteras-por-variante-omicron\\\/#respond\"]}]},{\"@type\":\"WebPage\",\"@id\":\"https:\\\/\\\/fuentesfidedignas.com.mx\\\/index.php\\\/2021\\\/11\\\/28\\\/lopez-gatell-descarta-cierres-de-fronteras-por-variante-omicron\\\/\",\"url\":\"https:\\\/\\\/fuentesfidedignas.com.mx\\\/index.php\\\/2021\\\/11\\\/28\\\/lopez-gatell-descarta-cierres-de-fronteras-por-variante-omicron\\\/\",\"name\":\"L\u00f3pez-Gatell descarta cierres de fronteras por variante \u00d3micron - Fuentes Fidedignas\",\"isPartOf\":{\"@id\":\"https:\\\/\\\/fuentesfidedignas.com.mx\\\/#website\"},\"primaryImageOfPage\":{\"@id\":\"https:\\\/\\\/fuentesfidedignas.com.mx\\\/index.php\\\/2021\\\/11\\\/28\\\/lopez-gatell-descarta-cierres-de-fronteras-por-variante-omicron\\\/#primaryimage\"},\"image\":{\"@id\":\"https:\\\/\\\/fuentesfidedignas.com.mx\\\/index.php\\\/2021\\\/11\\\/28\\\/lopez-gatell-descarta-cierres-de-fronteras-por-variante-omicron\\\/#primaryimage\"},\"thumbnailUrl\":\"https:\\\/\\\/fuentesfidedignas.com.mx\\\/wp-content\\\/uploads\\\/2021\\\/11\\\/hugo-lopez-gatell-640x360-1.jpg\",\"datePublished\":\"2021-11-28T16:49:40+00:00\",\"dateModified\":\"2021-11-28T16:49:41+00:00\",\"breadcrumb\":{\"@id\":\"https:\\\/\\\/fuentesfidedignas.com.mx\\\/index.php\\\/2021\\\/11\\\/28\\\/lopez-gatell-descarta-cierres-de-fronteras-por-variante-omicron\\\/#breadcrumb\"},\"inLanguage\":\"es\",\"potentialAction\":[{\"@type\":\"ReadAction\",\"target\":[\"https:\\\/\\\/fuentesfidedignas.com.mx\\\/index.php\\\/2021\\\/11\\\/28\\\/lopez-gatell-descarta-cierres-de-fronteras-por-variante-omicron\\\/\"]}]},{\"@type\":\"ImageObject\",\"inLanguage\":\"es\",\"@id\":\"https:\\\/\\\/fuentesfidedignas.com.mx\\\/index.php\\\/2021\\\/11\\\/28\\\/lopez-gatell-descarta-cierres-de-fronteras-por-variante-omicron\\\/#primaryimage\",\"url\":\"https:\\\/\\\/fuentesfidedignas.com.mx\\\/wp-content\\\/uploads\\\/2021\\\/11\\\/hugo-lopez-gatell-640x360-1.jpg\",\"contentUrl\":\"https:\\\/\\\/fuentesfidedignas.com.mx\\\/wp-content\\\/uploads\\\/2021\\\/11\\\/hugo-lopez-gatell-640x360-1.jpg\",\"width\":640,\"height\":360},{\"@type\":\"BreadcrumbList\",\"@id\":\"https:\\\/\\\/fuentesfidedignas.com.mx\\\/index.php\\\/2021\\\/11\\\/28\\\/lopez-gatell-descarta-cierres-de-fronteras-por-variante-omicron\\\/#breadcrumb\",\"itemListElement\":[{\"@type\":\"ListItem\",\"position\":1,\"name\":\"Inicio\",\"item\":\"https:\\\/\\\/fuentesfidedignas.com.mx\\\/\"},{\"@type\":\"ListItem\",\"position\":2,\"name\":\"L\u00f3pez-Gatell descarta cierres de fronteras por variante \u00d3micron\"}]},{\"@type\":\"WebSite\",\"@id\":\"https:\\\/\\\/fuentesfidedignas.com.mx\\\/#website\",\"url\":\"https:\\\/\\\/fuentesfidedignas.com.mx\\\/\",\"name\":\"Fuentes Fidedignas\",\"description\":\"Otro sitio realizado con WordPress\",\"publisher\":{\"@id\":\"https:\\\/\\\/fuentesfidedignas.com.mx\\\/#organization\"},\"potentialAction\":[{\"@type\":\"SearchAction\",\"target\":{\"@type\":\"EntryPoint\",\"urlTemplate\":\"https:\\\/\\\/fuentesfidedignas.com.mx\\\/?s={search_term_string}\"},\"query-input\":{\"@type\":\"PropertyValueSpecification\",\"valueRequired\":true,\"valueName\":\"search_term_string\"}}],\"inLanguage\":\"es\"},{\"@type\":\"Organization\",\"@id\":\"https:\\\/\\\/fuentesfidedignas.com.mx\\\/#organization\",\"name\":\"Fuentes Fidedignas\",\"url\":\"https:\\\/\\\/fuentesfidedignas.com.mx\\\/\",\"logo\":{\"@type\":\"ImageObject\",\"inLanguage\":\"es\",\"@id\":\"https:\\\/\\\/fuentesfidedignas.com.mx\\\/#\\\/schema\\\/logo\\\/image\\\/\",\"url\":\"https:\\\/\\\/fuentesfidedignas.com.mx\\\/wp-content\\\/uploads\\\/2021\\\/04\\\/logo-retina.png\",\"contentUrl\":\"https:\\\/\\\/fuentesfidedignas.com.mx\\\/wp-content\\\/uploads\\\/2021\\\/04\\\/logo-retina.png\",\"width\":280,\"height\":51,\"caption\":\"Fuentes Fidedignas\"},\"image\":{\"@id\":\"https:\\\/\\\/fuentesfidedignas.com.mx\\\/#\\\/schema\\\/logo\\\/image\\\/\"},\"sameAs\":[\"https:\\\/\\\/www.facebook.com\\\/Fuentes-Fidedignas-368234489921644\",\"https:\\\/\\\/x.com\\\/fidedignas\"]},{\"@type\":\"Person\",\"@id\":\"https:\\\/\\\/fuentesfidedignas.com.mx\\\/#\\\/schema\\\/person\\\/5623d53fe2e579d825b1679734abcc44\",\"name\":\"Forbes\",\"image\":{\"@type\":\"ImageObject\",\"inLanguage\":\"es\",\"@id\":\"https:\\\/\\\/secure.gravatar.com\\\/avatar\\\/87ce3dd4e41e60c22a79c758614f01a6bc2469255fc936ec7b15efb9bb5cb66f?s=96&d=mm&r=g\",\"url\":\"https:\\\/\\\/secure.gravatar.com\\\/avatar\\\/87ce3dd4e41e60c22a79c758614f01a6bc2469255fc936ec7b15efb9bb5cb66f?s=96&d=mm&r=g\",\"contentUrl\":\"https:\\\/\\\/secure.gravatar.com\\\/avatar\\\/87ce3dd4e41e60c22a79c758614f01a6bc2469255fc936ec7b15efb9bb5cb66f?s=96&d=mm&r=g\",\"caption\":\"Forbes\"},\"url\":\"https:\\\/\\\/fuentesfidedignas.com.mx\\\/index.php\\\/author\\\/forbes\\\/\"}]}<\/script>\n<!-- \/ Yoast SEO plugin. -->","yoast_head_json":{"title":"L\u00f3pez-Gatell descarta cierres de fronteras por variante \u00d3micron - Fuentes Fidedignas","robots":{"index":"index","follow":"follow","max-snippet":"max-snippet:-1","max-image-preview":"max-image-preview:large","max-video-preview":"max-video-preview:-1"},"canonical":"https:\/\/fuentesfidedignas.com.mx\/index.php\/2021\/11\/28\/lopez-gatell-descarta-cierres-de-fronteras-por-variante-omicron\/","og_locale":"es_MX","og_type":"article","og_title":"L\u00f3pez-Gatell descarta cierres de fronteras por variante \u00d3micron - Fuentes Fidedignas","og_description":"Hugo L\u00f3pez-Gatell descart\u00f3 que M\u00e9xico vaya a ver cierre de fronteras por \u00d3micron y dijo que informaci\u00f3n sobre virulencia es desproporcionada. Ciudad de M\u00e9xico.- Contrario a las precauciones que han tomado algunos pa\u00edses europeos, africanos y de Am\u00e9rica Latina, M\u00e9xico no cerrar\u00e1 sus fronteras ante la incursi\u00f3n de la variante \u00d3micron, precisi\u00f3 Hugo L\u00f3pez-Gatell, subsecretario [&hellip;]","og_url":"https:\/\/fuentesfidedignas.com.mx\/index.php\/2021\/11\/28\/lopez-gatell-descarta-cierres-de-fronteras-por-variante-omicron\/","og_site_name":"Fuentes Fidedignas","article_publisher":"https:\/\/www.facebook.com\/Fuentes-Fidedignas-368234489921644","article_published_time":"2021-11-28T16:49:40+00:00","article_modified_time":"2021-11-28T16:49:41+00:00","og_image":[{"width":640,"height":360,"url":"https:\/\/fuentesfidedignas.com.mx\/wp-content\/uploads\/2021\/11\/hugo-lopez-gatell-640x360-1.jpg","type":"image\/jpeg"}],"author":"Forbes","twitter_card":"summary_large_image","twitter_creator":"@fidedignas","twitter_site":"@fidedignas","twitter_misc":{"Escrito por":"Forbes","Tiempo de lectura":"2 minutos"},"schema":{"@context":"https:\/\/schema.org","@graph":[{"@type":"Article","@id":"https:\/\/fuentesfidedignas.com.mx\/index.php\/2021\/11\/28\/lopez-gatell-descarta-cierres-de-fronteras-por-variante-omicron\/#article","isPartOf":{"@id":"https:\/\/fuentesfidedignas.com.mx\/index.php\/2021\/11\/28\/lopez-gatell-descarta-cierres-de-fronteras-por-variante-omicron\/"},"author":{"name":"Forbes","@id":"https:\/\/fuentesfidedignas.com.mx\/#\/schema\/person\/5623d53fe2e579d825b1679734abcc44"},"headline":"L\u00f3pez-Gatell descarta cierres de fronteras por variante \u00d3micron","datePublished":"2021-11-28T16:49:40+00:00","dateModified":"2021-11-28T16:49:41+00:00","mainEntityOfPage":{"@id":"https:\/\/fuentesfidedignas.com.mx\/index.php\/2021\/11\/28\/lopez-gatell-descarta-cierres-de-fronteras-por-variante-omicron\/"},"wordCount":344,"commentCount":0,"publisher":{"@id":"https:\/\/fuentesfidedignas.com.mx\/#organization"},"image":{"@id":"https:\/\/fuentesfidedignas.com.mx\/index.php\/2021\/11\/28\/lopez-gatell-descarta-cierres-de-fronteras-por-variante-omicron\/#primaryimage"},"thumbnailUrl":"https:\/\/fuentesfidedignas.com.mx\/wp-content\/uploads\/2021\/11\/hugo-lopez-gatell-640x360-1.jpg","keywords":["Coronavirus","Covid-19","Hugo L\u00f3pez-Gatell","Omicron","SARS-CoV-2"],"articleSection":["NOTICIAS NACIONALES"],"inLanguage":"es","potentialAction":[{"@type":"CommentAction","name":"Comment","target":["https:\/\/fuentesfidedignas.com.mx\/index.php\/2021\/11\/28\/lopez-gatell-descarta-cierres-de-fronteras-por-variante-omicron\/#respond"]}]},{"@type":"WebPage","@id":"https:\/\/fuentesfidedignas.com.mx\/index.php\/2021\/11\/28\/lopez-gatell-descarta-cierres-de-fronteras-por-variante-omicron\/","url":"https:\/\/fuentesfidedignas.com.mx\/index.php\/2021\/11\/28\/lopez-gatell-descarta-cierres-de-fronteras-por-variante-omicron\/","name":"L\u00f3pez-Gatell descarta cierres de fronteras por variante \u00d3micron - Fuentes Fidedignas","isPartOf":{"@id":"https:\/\/fuentesfidedignas.com.mx\/#website"},"primaryImageOfPage":{"@id":"https:\/\/fuentesfidedignas.com.mx\/index.php\/2021\/11\/28\/lopez-gatell-descarta-cierres-de-fronteras-por-variante-omicron\/#primaryimage"},"image":{"@id":"https:\/\/fuentesfidedignas.com.mx\/index.php\/2021\/11\/28\/lopez-gatell-descarta-cierres-de-fronteras-por-variante-omicron\/#primaryimage"},"thumbnailUrl":"https:\/\/fuentesfidedignas.com.mx\/wp-content\/uploads\/2021\/11\/hugo-lopez-gatell-640x360-1.jpg","datePublished":"2021-11-28T16:49:40+00:00","dateModified":"2021-11-28T16:49:41+00:00","breadcrumb":{"@id":"https:\/\/fuentesfidedignas.com.mx\/index.php\/2021\/11\/28\/lopez-gatell-descarta-cierres-de-fronteras-por-variante-omicron\/#breadcrumb"},"inLanguage":"es","potentialAction":[{"@type":"ReadAction","target":["https:\/\/fuentesfidedignas.com.mx\/index.php\/2021\/11\/28\/lopez-gatell-descarta-cierres-de-fronteras-por-variante-omicron\/"]}]},{"@type":"ImageObject","inLanguage":"es","@id":"https:\/\/fuentesfidedignas.com.mx\/index.php\/2021\/11\/28\/lopez-gatell-descarta-cierres-de-fronteras-por-variante-omicron\/#primaryimage","url":"https:\/\/fuentesfidedignas.com.mx\/wp-content\/uploads\/2021\/11\/hugo-lopez-gatell-640x360-1.jpg","contentUrl":"https:\/\/fuentesfidedignas.com.mx\/wp-content\/uploads\/2021\/11\/hugo-lopez-gatell-640x360-1.jpg","width":640,"height":360},{"@type":"BreadcrumbList","@id":"https:\/\/fuentesfidedignas.com.mx\/index.php\/2021\/11\/28\/lopez-gatell-descarta-cierres-de-fronteras-por-variante-omicron\/#breadcrumb","itemListElement":[{"@type":"ListItem","position":1,"name":"Inicio","item":"https:\/\/fuentesfidedignas.com.mx\/"},{"@type":"ListItem","position":2,"name":"L\u00f3pez-Gatell descarta cierres de fronteras por variante \u00d3micron"}]},{"@type":"WebSite","@id":"https:\/\/fuentesfidedignas.com.mx\/#website","url":"https:\/\/fuentesfidedignas.com.mx\/","name":"Fuentes Fidedignas","description":"Otro sitio realizado con WordPress","publisher":{"@id":"https:\/\/fuentesfidedignas.com.mx\/#organization"},"potentialAction":[{"@type":"SearchAction","target":{"@type":"EntryPoint","urlTemplate":"https:\/\/fuentesfidedignas.com.mx\/?s={search_term_string}"},"query-input":{"@type":"PropertyValueSpecification","valueRequired":true,"valueName":"search_term_string"}}],"inLanguage":"es"},{"@type":"Organization","@id":"https:\/\/fuentesfidedignas.com.mx\/#organization","name":"Fuentes Fidedignas","url":"https:\/\/fuentesfidedignas.com.mx\/","logo":{"@type":"ImageObject","inLanguage":"es","@id":"https:\/\/fuentesfidedignas.com.mx\/#\/schema\/logo\/image\/","url":"https:\/\/fuentesfidedignas.com.mx\/wp-content\/uploads\/2021\/04\/logo-retina.png","contentUrl":"https:\/\/fuentesfidedignas.com.mx\/wp-content\/uploads\/2021\/04\/logo-retina.png","width":280,"height":51,"caption":"Fuentes Fidedignas"},"image":{"@id":"https:\/\/fuentesfidedignas.com.mx\/#\/schema\/logo\/image\/"},"sameAs":["https:\/\/www.facebook.com\/Fuentes-Fidedignas-368234489921644","https:\/\/x.com\/fidedignas"]},{"@type":"Person","@id":"https:\/\/fuentesfidedignas.com.mx\/#\/schema\/person\/5623d53fe2e579d825b1679734abcc44","name":"Forbes","image":{"@type":"ImageObject","inLanguage":"es","@id":"https:\/\/secure.gravatar.com\/avatar\/87ce3dd4e41e60c22a79c758614f01a6bc2469255fc936ec7b15efb9bb5cb66f?s=96&d=mm&r=g","url":"https:\/\/secure.gravatar.com\/avatar\/87ce3dd4e41e60c22a79c758614f01a6bc2469255fc936ec7b15efb9bb5cb66f?s=96&d=mm&r=g","contentUrl":"https:\/\/secure.gravatar.com\/avatar\/87ce3dd4e41e60c22a79c758614f01a6bc2469255fc936ec7b15efb9bb5cb66f?s=96&d=mm&r=g","caption":"Forbes"},"url":"https:\/\/fuentesfidedignas.com.mx\/index.php\/author\/forbes\/"}]}},"_links":{"self":[{"href":"https:\/\/fuentesfidedignas.com.mx\/index.php\/wp-json\/wp\/v2\/posts\/18537","targetHints":{"allow":["GET"]}}],"collection":[{"href":"https:\/\/fuentesfidedignas.com.mx\/index.php\/wp-json\/wp\/v2\/posts"}],"about":[{"href":"https:\/\/fuentesfidedignas.com.mx\/index.php\/wp-json\/wp\/v2\/types\/post"}],"author":[{"embeddable":true,"href":"https:\/\/fuentesfidedignas.com.mx\/index.php\/wp-json\/wp\/v2\/users\/5"}],"replies":[{"embeddable":true,"href":"https:\/\/fuentesfidedignas.com.mx\/index.php\/wp-json\/wp\/v2\/comments?post=18537"}],"version-history":[{"count":1,"href":"https:\/\/fuentesfidedignas.com.mx\/index.php\/wp-json\/wp\/v2\/posts\/18537\/revisions"}],"predecessor-version":[{"id":18539,"href":"https:\/\/fuentesfidedignas.com.mx\/index.php\/wp-json\/wp\/v2\/posts\/18537\/revisions\/18539"}],"wp:featuredmedia":[{"embeddable":true,"href":"https:\/\/fuentesfidedignas.com.mx\/index.php\/wp-json\/wp\/v2\/media\/18538"}],"wp:attachment":[{"href":"https:\/\/fuentesfidedignas.com.mx\/index.php\/wp-json\/wp\/v2\/media?parent=18537"}],"wp:term":[{"taxonomy":"category","embeddable":true,"href":"https:\/\/fuentesfidedignas.com.mx\/index.php\/wp-json\/wp\/v2\/categories?post=18537"},{"taxonomy":"post_tag","embeddable":true,"href":"https:\/\/fuentesfidedignas.com.mx\/index.php\/wp-json\/wp\/v2\/tags?post=18537"}],"curies":[{"name":"wp","href":"https:\/\/api.w.org\/{rel}","templated":true}]}}