{"id":1844,"date":"2021-05-12T20:25:57","date_gmt":"2021-05-13T03:25:57","guid":{"rendered":"https:\/\/fuentesfidedignas.com.mx\/?p=1844"},"modified":"2021-05-12T20:26:00","modified_gmt":"2021-05-13T03:26:00","slug":"tribunal-quita-candidatura-al-mijis-por-no-acreditar-que-es-una-persona-indigena","status":"publish","type":"post","link":"https:\/\/fuentesfidedignas.com.mx\/index.php\/2021\/05\/12\/tribunal-quita-candidatura-al-mijis-por-no-acreditar-que-es-una-persona-indigena\/","title":{"rendered":"Tribunal quita candidatura al &#8220;Mijis&#8221;, por no acreditar que es una persona ind\u00edgena"},"content":{"rendered":"\n<p><strong><em>La candidatura fue rechazada luego de que autoridades de SLP rechazaran haber expedido &nbsp;las constancias que present\u00f3 para acreditar que pertenece a una comunidad ind\u00edgena<\/em><\/strong><\/p>\n\n\n\n<p>San Luis Potos\u00ed.- El Tribunal Electoral del Poder Judicial de la Federaci\u00f3n (TEPJF) revoc\u00f3 la aprobaci\u00f3n del registro como candidato a diputado federal por el principio de representaci\u00f3n proporcional de Pedro C\u00e9sar Carrizales, el \u201cMijis\u201d.<\/p>\n\n\n\n<p>Por unanimidad de votos, la Sala Superior del TEPJF revoc\u00f3 la candidatura de Carrizales Becerra, quien estaba registrado por Morena para la segunda circunscripci\u00f3n en San Luis Potos\u00ed como persona ind\u00edgena, como parte de una acci\u00f3n afirmativa.<\/p>\n\n\n\n<p>La revocaci\u00f3n se dio debido a que el \u201cMijis\u201d present\u00f3 ante las autoridades electorales constancias no reconocidas para acreditar su pertenencia a una comunidad ind\u00edgena. Los directores de Asuntos ind\u00edgenas de los municipios de San Antonio y Axtla de Terrazas, San Luis Potos\u00ed, negaron haber expedido los documentos presentados por Morena.<\/p>\n\n\n\n<p>El TEPJF dijo que se dar\u00e1 vista del asunto a la Fiscal\u00eda General de la Rep\u00fablica (FGR), dado que a Carrizales lo acusan de violentar el derecho colectivo de la poblaci\u00f3n ind\u00edgena.<\/p>\n\n\n\n<p>El Tribunal tambi\u00e9n se\u00f1ala al Instituto Nacional Electoral (INE) \u201cpor omitir calificar los elementos presentados para confirmar su pertenencia a una comunidad ind\u00edgena, pues en principio se identific\u00f3 como ind\u00edgena tenek, despu\u00e9s se autoadscribi\u00f3 como n\u00e1huatl\u201d.<\/p>\n\n\n\n<p>Y es que para hacer efectivo el registro por acci\u00f3n afirmativa no bastaba con la manifestaci\u00f3n de autoadscripci\u00f3n, sino que era necesario acreditar el v\u00ednculo con la comunidad por la cual pretend\u00eda postularse.<\/p>\n\n\n\n<p>En sesi\u00f3n p\u00fablica no presencial, el Tribunal Electoral dio un plazo de 48 horas a Morena para solicitar al Consejo General del INE la inclusi\u00f3n de otra candidatura, y orden\u00f3 al Instituto Electoral que verifique que la persona propuesta para ocupar dicho lugar cumpla con los requisitos para representar a la poblaci\u00f3n ind\u00edgena de la circunscripci\u00f3n referida.<\/p>\n\n\n\n<p>Las magistradas y magistrados resaltaron que la naturaleza de una acci\u00f3n afirmativa busca revertir situaciones hist\u00f3ricas de desventaja, y debe entenderse como un mecanismo para garantizar el derechos humanos a la igualdad.<\/p>\n\n\n\n<p>Por ello, se\u00f1al\u00f3 el Tribunal, \u201cautoridades y actores pol\u00edticos deben vigilar que los esca\u00f1os reservados sean ocupados realmente por personas ind\u00edgenas que tengan v\u00ednculos con las comunidades a las que pretenden representar\u201d.<\/p>\n","protected":false},"excerpt":{"rendered":"<p>La candidatura fue rechazada luego de que autoridades de SLP rechazaran haber expedido &nbsp;las constancias que present\u00f3 para acreditar que pertenece a una comunidad ind\u00edgena San Luis Potos\u00ed.- El Tribunal Electoral del Poder Judicial de la Federaci\u00f3n (TEPJF) revoc\u00f3 la aprobaci\u00f3n del registro como candidato a diputado federal por el principio de representaci\u00f3n proporcional de [&hellip;]<\/p>\n","protected":false},"author":4,"featured_media":1845,"comment_status":"open","ping_status":"open","sticky":false,"template":"","format":"standard","meta":{"tdm_status":"","tdm_grid_status":"","footnotes":""},"categories":[39],"tags":[],"class_list":{"0":"post-1844","1":"post","2":"type-post","3":"status-publish","4":"format-standard","5":"has-post-thumbnail","7":"category-noticias-nacionales"},"yoast_head":"<!-- This site is optimized with the Yoast SEO plugin v27.5 - https:\/\/yoast.com\/product\/yoast-seo-wordpress\/ -->\n<title>Tribunal quita candidatura al &quot;Mijis&quot;, por no acreditar que es una persona ind\u00edgena - Fuentes Fidedignas<\/title>\n<meta name=\"robots\" content=\"index, follow, max-snippet:-1, max-image-preview:large, max-video-preview:-1\" \/>\n<link rel=\"canonical\" href=\"https:\/\/fuentesfidedignas.com.mx\/index.php\/2021\/05\/12\/tribunal-quita-candidatura-al-mijis-por-no-acreditar-que-es-una-persona-indigena\/\" \/>\n<meta property=\"og:locale\" content=\"es_MX\" \/>\n<meta property=\"og:type\" content=\"article\" \/>\n<meta property=\"og:title\" content=\"Tribunal quita candidatura al &quot;Mijis&quot;, por no acreditar que es una persona ind\u00edgena - Fuentes Fidedignas\" \/>\n<meta property=\"og:description\" content=\"La candidatura fue rechazada luego de que autoridades de SLP rechazaran haber expedido &nbsp;las constancias que present\u00f3 para acreditar que pertenece a una comunidad ind\u00edgena San Luis Potos\u00ed.- El Tribunal Electoral del Poder Judicial de la Federaci\u00f3n (TEPJF) revoc\u00f3 la aprobaci\u00f3n del registro como candidato a diputado federal por el principio de representaci\u00f3n proporcional de [&hellip;]\" \/>\n<meta property=\"og:url\" content=\"https:\/\/fuentesfidedignas.com.mx\/index.php\/2021\/05\/12\/tribunal-quita-candidatura-al-mijis-por-no-acreditar-que-es-una-persona-indigena\/\" \/>\n<meta property=\"og:site_name\" content=\"Fuentes Fidedignas\" \/>\n<meta property=\"article:publisher\" content=\"https:\/\/www.facebook.com\/Fuentes-Fidedignas-368234489921644\" \/>\n<meta property=\"article:published_time\" content=\"2021-05-13T03:25:57+00:00\" \/>\n<meta property=\"article:modified_time\" content=\"2021-05-13T03:26:00+00:00\" \/>\n<meta property=\"og:image\" content=\"https:\/\/fuentesfidedignas.com.mx\/wp-content\/uploads\/2021\/05\/mijis.jpg\" \/>\n\t<meta property=\"og:image:width\" content=\"608\" \/>\n\t<meta property=\"og:image:height\" content=\"342\" \/>\n\t<meta property=\"og:image:type\" content=\"image\/jpeg\" \/>\n<meta name=\"author\" content=\"Redacci\u00f3n\" \/>\n<meta name=\"twitter:card\" content=\"summary_large_image\" \/>\n<meta name=\"twitter:creator\" content=\"@fidedignas\" \/>\n<meta name=\"twitter:site\" content=\"@fidedignas\" \/>\n<meta name=\"twitter:label1\" content=\"Escrito por\" \/>\n\t<meta name=\"twitter:data1\" content=\"Redacci\u00f3n\" \/>\n\t<meta name=\"twitter:label2\" content=\"Tiempo de lectura\" \/>\n\t<meta name=\"twitter:data2\" content=\"2 minutos\" \/>\n<script type=\"application\/ld+json\" class=\"yoast-schema-graph\">{\"@context\":\"https:\\\/\\\/schema.org\",\"@graph\":[{\"@type\":\"Article\",\"@id\":\"https:\\\/\\\/fuentesfidedignas.com.mx\\\/index.php\\\/2021\\\/05\\\/12\\\/tribunal-quita-candidatura-al-mijis-por-no-acreditar-que-es-una-persona-indigena\\\/#article\",\"isPartOf\":{\"@id\":\"https:\\\/\\\/fuentesfidedignas.com.mx\\\/index.php\\\/2021\\\/05\\\/12\\\/tribunal-quita-candidatura-al-mijis-por-no-acreditar-que-es-una-persona-indigena\\\/\"},\"author\":{\"name\":\"Redacci\u00f3n\",\"@id\":\"https:\\\/\\\/fuentesfidedignas.com.mx\\\/#\\\/schema\\\/person\\\/331be9283d37198e2acd5750279085b0\"},\"headline\":\"Tribunal quita candidatura al &#8220;Mijis&#8221;, por no acreditar que es una persona ind\u00edgena\",\"datePublished\":\"2021-05-13T03:25:57+00:00\",\"dateModified\":\"2021-05-13T03:26:00+00:00\",\"mainEntityOfPage\":{\"@id\":\"https:\\\/\\\/fuentesfidedignas.com.mx\\\/index.php\\\/2021\\\/05\\\/12\\\/tribunal-quita-candidatura-al-mijis-por-no-acreditar-que-es-una-persona-indigena\\\/\"},\"wordCount\":424,\"commentCount\":0,\"publisher\":{\"@id\":\"https:\\\/\\\/fuentesfidedignas.com.mx\\\/#organization\"},\"image\":{\"@id\":\"https:\\\/\\\/fuentesfidedignas.com.mx\\\/index.php\\\/2021\\\/05\\\/12\\\/tribunal-quita-candidatura-al-mijis-por-no-acreditar-que-es-una-persona-indigena\\\/#primaryimage\"},\"thumbnailUrl\":\"https:\\\/\\\/fuentesfidedignas.com.mx\\\/wp-content\\\/uploads\\\/2021\\\/05\\\/mijis.jpg\",\"articleSection\":[\"NOTICIAS NACIONALES\"],\"inLanguage\":\"es\",\"potentialAction\":[{\"@type\":\"CommentAction\",\"name\":\"Comment\",\"target\":[\"https:\\\/\\\/fuentesfidedignas.com.mx\\\/index.php\\\/2021\\\/05\\\/12\\\/tribunal-quita-candidatura-al-mijis-por-no-acreditar-que-es-una-persona-indigena\\\/#respond\"]}]},{\"@type\":\"WebPage\",\"@id\":\"https:\\\/\\\/fuentesfidedignas.com.mx\\\/index.php\\\/2021\\\/05\\\/12\\\/tribunal-quita-candidatura-al-mijis-por-no-acreditar-que-es-una-persona-indigena\\\/\",\"url\":\"https:\\\/\\\/fuentesfidedignas.com.mx\\\/index.php\\\/2021\\\/05\\\/12\\\/tribunal-quita-candidatura-al-mijis-por-no-acreditar-que-es-una-persona-indigena\\\/\",\"name\":\"Tribunal quita candidatura al \\\"Mijis\\\", por no acreditar que es una persona ind\u00edgena - Fuentes Fidedignas\",\"isPartOf\":{\"@id\":\"https:\\\/\\\/fuentesfidedignas.com.mx\\\/#website\"},\"primaryImageOfPage\":{\"@id\":\"https:\\\/\\\/fuentesfidedignas.com.mx\\\/index.php\\\/2021\\\/05\\\/12\\\/tribunal-quita-candidatura-al-mijis-por-no-acreditar-que-es-una-persona-indigena\\\/#primaryimage\"},\"image\":{\"@id\":\"https:\\\/\\\/fuentesfidedignas.com.mx\\\/index.php\\\/2021\\\/05\\\/12\\\/tribunal-quita-candidatura-al-mijis-por-no-acreditar-que-es-una-persona-indigena\\\/#primaryimage\"},\"thumbnailUrl\":\"https:\\\/\\\/fuentesfidedignas.com.mx\\\/wp-content\\\/uploads\\\/2021\\\/05\\\/mijis.jpg\",\"datePublished\":\"2021-05-13T03:25:57+00:00\",\"dateModified\":\"2021-05-13T03:26:00+00:00\",\"breadcrumb\":{\"@id\":\"https:\\\/\\\/fuentesfidedignas.com.mx\\\/index.php\\\/2021\\\/05\\\/12\\\/tribunal-quita-candidatura-al-mijis-por-no-acreditar-que-es-una-persona-indigena\\\/#breadcrumb\"},\"inLanguage\":\"es\",\"potentialAction\":[{\"@type\":\"ReadAction\",\"target\":[\"https:\\\/\\\/fuentesfidedignas.com.mx\\\/index.php\\\/2021\\\/05\\\/12\\\/tribunal-quita-candidatura-al-mijis-por-no-acreditar-que-es-una-persona-indigena\\\/\"]}]},{\"@type\":\"ImageObject\",\"inLanguage\":\"es\",\"@id\":\"https:\\\/\\\/fuentesfidedignas.com.mx\\\/index.php\\\/2021\\\/05\\\/12\\\/tribunal-quita-candidatura-al-mijis-por-no-acreditar-que-es-una-persona-indigena\\\/#primaryimage\",\"url\":\"https:\\\/\\\/fuentesfidedignas.com.mx\\\/wp-content\\\/uploads\\\/2021\\\/05\\\/mijis.jpg\",\"contentUrl\":\"https:\\\/\\\/fuentesfidedignas.com.mx\\\/wp-content\\\/uploads\\\/2021\\\/05\\\/mijis.jpg\",\"width\":608,\"height\":342},{\"@type\":\"BreadcrumbList\",\"@id\":\"https:\\\/\\\/fuentesfidedignas.com.mx\\\/index.php\\\/2021\\\/05\\\/12\\\/tribunal-quita-candidatura-al-mijis-por-no-acreditar-que-es-una-persona-indigena\\\/#breadcrumb\",\"itemListElement\":[{\"@type\":\"ListItem\",\"position\":1,\"name\":\"Inicio\",\"item\":\"https:\\\/\\\/fuentesfidedignas.com.mx\\\/\"},{\"@type\":\"ListItem\",\"position\":2,\"name\":\"Tribunal quita candidatura al &#8220;Mijis&#8221;, por no acreditar que es una persona ind\u00edgena\"}]},{\"@type\":\"WebSite\",\"@id\":\"https:\\\/\\\/fuentesfidedignas.com.mx\\\/#website\",\"url\":\"https:\\\/\\\/fuentesfidedignas.com.mx\\\/\",\"name\":\"Fuentes Fidedignas\",\"description\":\"Otro sitio realizado con WordPress\",\"publisher\":{\"@id\":\"https:\\\/\\\/fuentesfidedignas.com.mx\\\/#organization\"},\"potentialAction\":[{\"@type\":\"SearchAction\",\"target\":{\"@type\":\"EntryPoint\",\"urlTemplate\":\"https:\\\/\\\/fuentesfidedignas.com.mx\\\/?s={search_term_string}\"},\"query-input\":{\"@type\":\"PropertyValueSpecification\",\"valueRequired\":true,\"valueName\":\"search_term_string\"}}],\"inLanguage\":\"es\"},{\"@type\":\"Organization\",\"@id\":\"https:\\\/\\\/fuentesfidedignas.com.mx\\\/#organization\",\"name\":\"Fuentes Fidedignas\",\"url\":\"https:\\\/\\\/fuentesfidedignas.com.mx\\\/\",\"logo\":{\"@type\":\"ImageObject\",\"inLanguage\":\"es\",\"@id\":\"https:\\\/\\\/fuentesfidedignas.com.mx\\\/#\\\/schema\\\/logo\\\/image\\\/\",\"url\":\"https:\\\/\\\/fuentesfidedignas.com.mx\\\/wp-content\\\/uploads\\\/2021\\\/04\\\/logo-retina.png\",\"contentUrl\":\"https:\\\/\\\/fuentesfidedignas.com.mx\\\/wp-content\\\/uploads\\\/2021\\\/04\\\/logo-retina.png\",\"width\":280,\"height\":51,\"caption\":\"Fuentes Fidedignas\"},\"image\":{\"@id\":\"https:\\\/\\\/fuentesfidedignas.com.mx\\\/#\\\/schema\\\/logo\\\/image\\\/\"},\"sameAs\":[\"https:\\\/\\\/www.facebook.com\\\/Fuentes-Fidedignas-368234489921644\",\"https:\\\/\\\/x.com\\\/fidedignas\"]},{\"@type\":\"Person\",\"@id\":\"https:\\\/\\\/fuentesfidedignas.com.mx\\\/#\\\/schema\\\/person\\\/331be9283d37198e2acd5750279085b0\",\"name\":\"Redacci\u00f3n\",\"image\":{\"@type\":\"ImageObject\",\"inLanguage\":\"es\",\"@id\":\"https:\\\/\\\/secure.gravatar.com\\\/avatar\\\/f6d8782c11d12b2d4ad3fbb6931aeab5309937a4d6cd2fc9cfaa28a6396a5aec?s=96&d=mm&r=g\",\"url\":\"https:\\\/\\\/secure.gravatar.com\\\/avatar\\\/f6d8782c11d12b2d4ad3fbb6931aeab5309937a4d6cd2fc9cfaa28a6396a5aec?s=96&d=mm&r=g\",\"contentUrl\":\"https:\\\/\\\/secure.gravatar.com\\\/avatar\\\/f6d8782c11d12b2d4ad3fbb6931aeab5309937a4d6cd2fc9cfaa28a6396a5aec?s=96&d=mm&r=g\",\"caption\":\"Redacci\u00f3n\"},\"url\":\"https:\\\/\\\/fuentesfidedignas.com.mx\\\/index.php\\\/author\\\/redaccion\\\/\"}]}<\/script>\n<!-- \/ Yoast SEO plugin. -->","yoast_head_json":{"title":"Tribunal quita candidatura al \"Mijis\", por no acreditar que es una persona ind\u00edgena - Fuentes Fidedignas","robots":{"index":"index","follow":"follow","max-snippet":"max-snippet:-1","max-image-preview":"max-image-preview:large","max-video-preview":"max-video-preview:-1"},"canonical":"https:\/\/fuentesfidedignas.com.mx\/index.php\/2021\/05\/12\/tribunal-quita-candidatura-al-mijis-por-no-acreditar-que-es-una-persona-indigena\/","og_locale":"es_MX","og_type":"article","og_title":"Tribunal quita candidatura al \"Mijis\", por no acreditar que es una persona ind\u00edgena - Fuentes Fidedignas","og_description":"La candidatura fue rechazada luego de que autoridades de SLP rechazaran haber expedido &nbsp;las constancias que present\u00f3 para acreditar que pertenece a una comunidad ind\u00edgena San Luis Potos\u00ed.- El Tribunal Electoral del Poder Judicial de la Federaci\u00f3n (TEPJF) revoc\u00f3 la aprobaci\u00f3n del registro como candidato a diputado federal por el principio de representaci\u00f3n proporcional de [&hellip;]","og_url":"https:\/\/fuentesfidedignas.com.mx\/index.php\/2021\/05\/12\/tribunal-quita-candidatura-al-mijis-por-no-acreditar-que-es-una-persona-indigena\/","og_site_name":"Fuentes Fidedignas","article_publisher":"https:\/\/www.facebook.com\/Fuentes-Fidedignas-368234489921644","article_published_time":"2021-05-13T03:25:57+00:00","article_modified_time":"2021-05-13T03:26:00+00:00","og_image":[{"width":608,"height":342,"url":"https:\/\/fuentesfidedignas.com.mx\/wp-content\/uploads\/2021\/05\/mijis.jpg","type":"image\/jpeg"}],"author":"Redacci\u00f3n","twitter_card":"summary_large_image","twitter_creator":"@fidedignas","twitter_site":"@fidedignas","twitter_misc":{"Escrito por":"Redacci\u00f3n","Tiempo de lectura":"2 minutos"},"schema":{"@context":"https:\/\/schema.org","@graph":[{"@type":"Article","@id":"https:\/\/fuentesfidedignas.com.mx\/index.php\/2021\/05\/12\/tribunal-quita-candidatura-al-mijis-por-no-acreditar-que-es-una-persona-indigena\/#article","isPartOf":{"@id":"https:\/\/fuentesfidedignas.com.mx\/index.php\/2021\/05\/12\/tribunal-quita-candidatura-al-mijis-por-no-acreditar-que-es-una-persona-indigena\/"},"author":{"name":"Redacci\u00f3n","@id":"https:\/\/fuentesfidedignas.com.mx\/#\/schema\/person\/331be9283d37198e2acd5750279085b0"},"headline":"Tribunal quita candidatura al &#8220;Mijis&#8221;, por no acreditar que es una persona ind\u00edgena","datePublished":"2021-05-13T03:25:57+00:00","dateModified":"2021-05-13T03:26:00+00:00","mainEntityOfPage":{"@id":"https:\/\/fuentesfidedignas.com.mx\/index.php\/2021\/05\/12\/tribunal-quita-candidatura-al-mijis-por-no-acreditar-que-es-una-persona-indigena\/"},"wordCount":424,"commentCount":0,"publisher":{"@id":"https:\/\/fuentesfidedignas.com.mx\/#organization"},"image":{"@id":"https:\/\/fuentesfidedignas.com.mx\/index.php\/2021\/05\/12\/tribunal-quita-candidatura-al-mijis-por-no-acreditar-que-es-una-persona-indigena\/#primaryimage"},"thumbnailUrl":"https:\/\/fuentesfidedignas.com.mx\/wp-content\/uploads\/2021\/05\/mijis.jpg","articleSection":["NOTICIAS NACIONALES"],"inLanguage":"es","potentialAction":[{"@type":"CommentAction","name":"Comment","target":["https:\/\/fuentesfidedignas.com.mx\/index.php\/2021\/05\/12\/tribunal-quita-candidatura-al-mijis-por-no-acreditar-que-es-una-persona-indigena\/#respond"]}]},{"@type":"WebPage","@id":"https:\/\/fuentesfidedignas.com.mx\/index.php\/2021\/05\/12\/tribunal-quita-candidatura-al-mijis-por-no-acreditar-que-es-una-persona-indigena\/","url":"https:\/\/fuentesfidedignas.com.mx\/index.php\/2021\/05\/12\/tribunal-quita-candidatura-al-mijis-por-no-acreditar-que-es-una-persona-indigena\/","name":"Tribunal quita candidatura al \"Mijis\", por no acreditar que es una persona ind\u00edgena - Fuentes Fidedignas","isPartOf":{"@id":"https:\/\/fuentesfidedignas.com.mx\/#website"},"primaryImageOfPage":{"@id":"https:\/\/fuentesfidedignas.com.mx\/index.php\/2021\/05\/12\/tribunal-quita-candidatura-al-mijis-por-no-acreditar-que-es-una-persona-indigena\/#primaryimage"},"image":{"@id":"https:\/\/fuentesfidedignas.com.mx\/index.php\/2021\/05\/12\/tribunal-quita-candidatura-al-mijis-por-no-acreditar-que-es-una-persona-indigena\/#primaryimage"},"thumbnailUrl":"https:\/\/fuentesfidedignas.com.mx\/wp-content\/uploads\/2021\/05\/mijis.jpg","datePublished":"2021-05-13T03:25:57+00:00","dateModified":"2021-05-13T03:26:00+00:00","breadcrumb":{"@id":"https:\/\/fuentesfidedignas.com.mx\/index.php\/2021\/05\/12\/tribunal-quita-candidatura-al-mijis-por-no-acreditar-que-es-una-persona-indigena\/#breadcrumb"},"inLanguage":"es","potentialAction":[{"@type":"ReadAction","target":["https:\/\/fuentesfidedignas.com.mx\/index.php\/2021\/05\/12\/tribunal-quita-candidatura-al-mijis-por-no-acreditar-que-es-una-persona-indigena\/"]}]},{"@type":"ImageObject","inLanguage":"es","@id":"https:\/\/fuentesfidedignas.com.mx\/index.php\/2021\/05\/12\/tribunal-quita-candidatura-al-mijis-por-no-acreditar-que-es-una-persona-indigena\/#primaryimage","url":"https:\/\/fuentesfidedignas.com.mx\/wp-content\/uploads\/2021\/05\/mijis.jpg","contentUrl":"https:\/\/fuentesfidedignas.com.mx\/wp-content\/uploads\/2021\/05\/mijis.jpg","width":608,"height":342},{"@type":"BreadcrumbList","@id":"https:\/\/fuentesfidedignas.com.mx\/index.php\/2021\/05\/12\/tribunal-quita-candidatura-al-mijis-por-no-acreditar-que-es-una-persona-indigena\/#breadcrumb","itemListElement":[{"@type":"ListItem","position":1,"name":"Inicio","item":"https:\/\/fuentesfidedignas.com.mx\/"},{"@type":"ListItem","position":2,"name":"Tribunal quita candidatura al &#8220;Mijis&#8221;, por no acreditar que es una persona ind\u00edgena"}]},{"@type":"WebSite","@id":"https:\/\/fuentesfidedignas.com.mx\/#website","url":"https:\/\/fuentesfidedignas.com.mx\/","name":"Fuentes Fidedignas","description":"Otro sitio realizado con WordPress","publisher":{"@id":"https:\/\/fuentesfidedignas.com.mx\/#organization"},"potentialAction":[{"@type":"SearchAction","target":{"@type":"EntryPoint","urlTemplate":"https:\/\/fuentesfidedignas.com.mx\/?s={search_term_string}"},"query-input":{"@type":"PropertyValueSpecification","valueRequired":true,"valueName":"search_term_string"}}],"inLanguage":"es"},{"@type":"Organization","@id":"https:\/\/fuentesfidedignas.com.mx\/#organization","name":"Fuentes Fidedignas","url":"https:\/\/fuentesfidedignas.com.mx\/","logo":{"@type":"ImageObject","inLanguage":"es","@id":"https:\/\/fuentesfidedignas.com.mx\/#\/schema\/logo\/image\/","url":"https:\/\/fuentesfidedignas.com.mx\/wp-content\/uploads\/2021\/04\/logo-retina.png","contentUrl":"https:\/\/fuentesfidedignas.com.mx\/wp-content\/uploads\/2021\/04\/logo-retina.png","width":280,"height":51,"caption":"Fuentes Fidedignas"},"image":{"@id":"https:\/\/fuentesfidedignas.com.mx\/#\/schema\/logo\/image\/"},"sameAs":["https:\/\/www.facebook.com\/Fuentes-Fidedignas-368234489921644","https:\/\/x.com\/fidedignas"]},{"@type":"Person","@id":"https:\/\/fuentesfidedignas.com.mx\/#\/schema\/person\/331be9283d37198e2acd5750279085b0","name":"Redacci\u00f3n","image":{"@type":"ImageObject","inLanguage":"es","@id":"https:\/\/secure.gravatar.com\/avatar\/f6d8782c11d12b2d4ad3fbb6931aeab5309937a4d6cd2fc9cfaa28a6396a5aec?s=96&d=mm&r=g","url":"https:\/\/secure.gravatar.com\/avatar\/f6d8782c11d12b2d4ad3fbb6931aeab5309937a4d6cd2fc9cfaa28a6396a5aec?s=96&d=mm&r=g","contentUrl":"https:\/\/secure.gravatar.com\/avatar\/f6d8782c11d12b2d4ad3fbb6931aeab5309937a4d6cd2fc9cfaa28a6396a5aec?s=96&d=mm&r=g","caption":"Redacci\u00f3n"},"url":"https:\/\/fuentesfidedignas.com.mx\/index.php\/author\/redaccion\/"}]}},"_links":{"self":[{"href":"https:\/\/fuentesfidedignas.com.mx\/index.php\/wp-json\/wp\/v2\/posts\/1844","targetHints":{"allow":["GET"]}}],"collection":[{"href":"https:\/\/fuentesfidedignas.com.mx\/index.php\/wp-json\/wp\/v2\/posts"}],"about":[{"href":"https:\/\/fuentesfidedignas.com.mx\/index.php\/wp-json\/wp\/v2\/types\/post"}],"author":[{"embeddable":true,"href":"https:\/\/fuentesfidedignas.com.mx\/index.php\/wp-json\/wp\/v2\/users\/4"}],"replies":[{"embeddable":true,"href":"https:\/\/fuentesfidedignas.com.mx\/index.php\/wp-json\/wp\/v2\/comments?post=1844"}],"version-history":[{"count":1,"href":"https:\/\/fuentesfidedignas.com.mx\/index.php\/wp-json\/wp\/v2\/posts\/1844\/revisions"}],"predecessor-version":[{"id":1846,"href":"https:\/\/fuentesfidedignas.com.mx\/index.php\/wp-json\/wp\/v2\/posts\/1844\/revisions\/1846"}],"wp:featuredmedia":[{"embeddable":true,"href":"https:\/\/fuentesfidedignas.com.mx\/index.php\/wp-json\/wp\/v2\/media\/1845"}],"wp:attachment":[{"href":"https:\/\/fuentesfidedignas.com.mx\/index.php\/wp-json\/wp\/v2\/media?parent=1844"}],"wp:term":[{"taxonomy":"category","embeddable":true,"href":"https:\/\/fuentesfidedignas.com.mx\/index.php\/wp-json\/wp\/v2\/categories?post=1844"},{"taxonomy":"post_tag","embeddable":true,"href":"https:\/\/fuentesfidedignas.com.mx\/index.php\/wp-json\/wp\/v2\/tags?post=1844"}],"curies":[{"name":"wp","href":"https:\/\/api.w.org\/{rel}","templated":true}]}}