{"id":18417,"date":"2021-11-26T13:37:10","date_gmt":"2021-11-26T20:37:10","guid":{"rendered":"https:\/\/fuentesfidedignas.com.mx\/?p=18417"},"modified":"2021-11-26T13:37:11","modified_gmt":"2021-11-26T20:37:11","slug":"rocha-instala-el-comite-de-planeacion-para-el-desarrollo-de-sinaloa","status":"publish","type":"post","link":"https:\/\/fuentesfidedignas.com.mx\/index.php\/2021\/11\/26\/rocha-instala-el-comite-de-planeacion-para-el-desarrollo-de-sinaloa\/","title":{"rendered":"Rocha instala el Comit\u00e9 de Planeaci\u00f3n para el Desarrollo de Sinaloa"},"content":{"rendered":"\n<p><strong><em>Mediante este organismo plural, se recoger\u00e1 la opini\u00f3n de los sectores productivos y sociales para la elaboraci\u00f3n del Plan Estatal de Desarrollo 2021-2027<\/em><\/strong><\/p>\n\n\n\n<p>Culiac\u00e1n, Sin.- Al instalar el Comit\u00e9 de Planeaci\u00f3n para el Desarrollo del Estado de Sinaloa (Copladesin), el gobernador Rub\u00e9n Rocha Moya se\u00f1al\u00f3 que una de las primeras tareas de este organismo ser\u00e1 recoger la opini\u00f3n de los colegios de profesionistas, universidades, sectores productivos y organismos sociales para enriquecer la elaboraci\u00f3n de su Plan Estatal de Desarrollo 2021-2027, mismo que se basar\u00e1 en dos ejes espec\u00edficos, los cuales ser\u00e1n la transformaci\u00f3n y el bienestar.<\/p>\n\n\n\n<p>El mandatario estatal advirti\u00f3 que \u00e9l en lo personal ya tiene experiencia en la elaboraci\u00f3n de estos planes que sirven de gu\u00eda para el desarrollo de Sinaloa, pues en dos ocasiones en diferentes sexenios en su calidad de coordinador de Asesores del Ejecutivo particip\u00f3 en su dise\u00f1o. No obstante, su idea es escuchar las sugerencias de todos los sectores que est\u00e1n convocados al seno del Copladesin, para integrar su plan de manera participativa, pues no se trata de imponerlo ni dictarlo.<\/p>\n\n\n\n<p>\u201cEste comit\u00e9 debe ir m\u00e1s all\u00e1 de la formalidad, ser un comit\u00e9 que convoque a los diferentes sectores a que participen y den sus ideas en la elaboraci\u00f3n del Plan, porque finalmente pudi\u00e9ramos hacerlo en el Gabinete, y eso no es lo que conviene. A m\u00ed me ha tocado como jefe de Asesores elaborar dos Planes de Desarrollo, tengo experiencia en el tema, pero no se trata de dictarla, sino que se haga una verdadera auscultaci\u00f3n porque es otro momento, no como hace 12, 15 a\u00f1os, es otro momento, tenemos que pensar en que vivimos un desarrollo de Sinaloa y de M\u00e9xico diferente\u201d, precis\u00f3.<\/p>\n\n\n\n<p>El gobernador Rocha reiter\u00f3 que su Plan Estatal de Desarrollo estar\u00e1 fincado en dos ejes en particular, que ser\u00e1n la transformaci\u00f3n y el bienestar, dirigidos a buscar el desarrollo de Sinaloa para generar riqueza, la cual se necesita para brindar a la gente que m\u00e1s lo necesita el bienestar que requiere.<\/p>\n\n\n\n<p>Por ello, su llamado al sector empresarial para que invierta en la generaci\u00f3n de empleos, y de parte del gobierno, la obligaci\u00f3n ser\u00e1 proteger esa inversi\u00f3n. \u201cQueremos producir la riqueza que requiere el estado para atender a sus sectores m\u00e1s vulnerables, m\u00e1s despose\u00eddos, \u00e9sa es nuestra pol\u00edtica, pues esa riqueza nos va a permitir apoyar a los pobres, es el sentido n\u00famero uno de nosotros, el apoyar a los pobres\u201d, reiter\u00f3.<\/p>\n\n\n\n<p>Al respecto, dio a conocer que en Sinaloa, sin ser catalogado de extrema pobreza, existe un mill\u00f3n de personas que padecen alg\u00fan nivel de pobreza, y el 10 por ciento de esa cantidad, padecen pobreza extrema, es decir, que carecen hasta del sustento diario para comer.<\/p>\n\n\n\n<p>\u201c\u00c9se es el gran reto al que nos enfrentamos en este momento de dise\u00f1ar la pol\u00edtica de desarrollo Sinaloa\u201d, les dijo el gobernador Rocha a los miembros del Copladesin, compuesto por 39 titulares de dependencias, organismos aut\u00f3nomos y delegados federales, los 18 presidentes municipales y 20 representantes de sectores productivos, sociales, de profesionistas y acad\u00e9micos, todos reunidos para el acto de toma de protesta.<\/p>\n\n\n\n<p>La bienvenida estuvo a cargo del secretario de Administraci\u00f3n y Finanzas, Enrique Alfonso D\u00edaz Vega, en su car\u00e1cter de coordinador general del Copladesin, quien explic\u00f3 que entre todos los integrantes se privilegiar\u00e1 la convergencia de ideas y propuestas viables, para la definici\u00f3n de pol\u00edticas inspiradas en el proyecto de transformaci\u00f3n de Sinaloa.<\/p>\n\n\n\n<p>Explic\u00f3 que para el cumplimiento de su misi\u00f3n, los integrantes deber\u00e1n organizarse en 21 Consejos internos, que hagan propuestas de soluci\u00f3n en los retos relacionados a los siguientes ejes estrat\u00e9gicos: Bienestar Social Sustentable, Desarrollo Econ\u00f3mico, Gobierno Democr\u00e1tico y Promotor de Paz; y el \u00faltimo, Seguridad, \u00c9tica y Eficiencia.<\/p>\n\n\n\n<p>En la reuni\u00f3n de instalaci\u00f3n del Copladesin tambi\u00e9n intervinieron el presidente del Codesin, Jos\u00e9 Lauro Mel\u00e9ndrez Parra; la presidenta de la Asociaci\u00f3n de Colegios de Profesionistas de Sinaloa, Itza Mar\u00eda de la Cruz Bernal; y la rectora de la Universidad Aut\u00f3noma de Occidente, Sylvia Paz D\u00edaz Camacho, quienes aceptaron la invitaci\u00f3n del gobernador Rocha y reafirmaron su voluntad para participar con sus propuestas a la elaboraci\u00f3n del Plan Estatal de Desarrollo 2021-2027.<\/p>\n","protected":false},"excerpt":{"rendered":"<p>Mediante este organismo plural, se recoger\u00e1 la opini\u00f3n de los sectores productivos y sociales para la elaboraci\u00f3n del Plan Estatal de Desarrollo 2021-2027 Culiac\u00e1n, Sin.- Al instalar el Comit\u00e9 de Planeaci\u00f3n para el Desarrollo del Estado de Sinaloa (Copladesin), el gobernador Rub\u00e9n Rocha Moya se\u00f1al\u00f3 que una de las primeras tareas de este organismo ser\u00e1 [&hellip;]<\/p>\n","protected":false},"author":4,"featured_media":0,"comment_status":"open","ping_status":"open","sticky":false,"template":"","format":"standard","meta":{"tdm_status":"","tdm_grid_status":"","footnotes":""},"categories":[37],"tags":[52],"class_list":{"0":"post-18417","1":"post","2":"type-post","3":"status-publish","4":"format-standard","6":"category-nota-principal","7":"tag-ruben-rocha-moya"},"yoast_head":"<!-- This site is optimized with the Yoast SEO plugin v27.5 - https:\/\/yoast.com\/product\/yoast-seo-wordpress\/ -->\n<title>Rocha instala el Comit\u00e9 de Planeaci\u00f3n para el Desarrollo de Sinaloa - Fuentes Fidedignas<\/title>\n<meta name=\"robots\" content=\"index, follow, max-snippet:-1, max-image-preview:large, max-video-preview:-1\" \/>\n<link rel=\"canonical\" href=\"https:\/\/fuentesfidedignas.com.mx\/index.php\/2021\/11\/26\/rocha-instala-el-comite-de-planeacion-para-el-desarrollo-de-sinaloa\/\" \/>\n<meta property=\"og:locale\" content=\"es_MX\" \/>\n<meta property=\"og:type\" content=\"article\" \/>\n<meta property=\"og:title\" content=\"Rocha instala el Comit\u00e9 de Planeaci\u00f3n para el Desarrollo de Sinaloa - Fuentes Fidedignas\" \/>\n<meta property=\"og:description\" content=\"Mediante este organismo plural, se recoger\u00e1 la opini\u00f3n de los sectores productivos y sociales para la elaboraci\u00f3n del Plan Estatal de Desarrollo 2021-2027 Culiac\u00e1n, Sin.- Al instalar el Comit\u00e9 de Planeaci\u00f3n para el Desarrollo del Estado de Sinaloa (Copladesin), el gobernador Rub\u00e9n Rocha Moya se\u00f1al\u00f3 que una de las primeras tareas de este organismo ser\u00e1 [&hellip;]\" \/>\n<meta property=\"og:url\" content=\"https:\/\/fuentesfidedignas.com.mx\/index.php\/2021\/11\/26\/rocha-instala-el-comite-de-planeacion-para-el-desarrollo-de-sinaloa\/\" \/>\n<meta property=\"og:site_name\" content=\"Fuentes Fidedignas\" \/>\n<meta property=\"article:publisher\" content=\"https:\/\/www.facebook.com\/Fuentes-Fidedignas-368234489921644\" \/>\n<meta property=\"article:published_time\" content=\"2021-11-26T20:37:10+00:00\" \/>\n<meta property=\"article:modified_time\" content=\"2021-11-26T20:37:11+00:00\" \/>\n<meta property=\"og:image\" content=\"https:\/\/fuentesfidedignas.com.mx\/wp-content\/uploads\/2021\/11\/WhatsApp-Image-2021-11-26-at-1.33.56-PM.jpeg\" \/>\n\t<meta property=\"og:image:width\" content=\"1280\" \/>\n\t<meta property=\"og:image:height\" content=\"852\" \/>\n\t<meta property=\"og:image:type\" content=\"image\/jpeg\" \/>\n<meta name=\"author\" content=\"Redacci\u00f3n\" \/>\n<meta name=\"twitter:card\" content=\"summary_large_image\" \/>\n<meta name=\"twitter:creator\" content=\"@fidedignas\" \/>\n<meta name=\"twitter:site\" content=\"@fidedignas\" \/>\n<meta name=\"twitter:label1\" content=\"Escrito por\" \/>\n\t<meta name=\"twitter:data1\" content=\"Redacci\u00f3n\" \/>\n\t<meta name=\"twitter:label2\" content=\"Tiempo de lectura\" \/>\n\t<meta name=\"twitter:data2\" content=\"4 minutos\" \/>\n<script type=\"application\/ld+json\" class=\"yoast-schema-graph\">{\"@context\":\"https:\\\/\\\/schema.org\",\"@graph\":[{\"@type\":\"Article\",\"@id\":\"https:\\\/\\\/fuentesfidedignas.com.mx\\\/index.php\\\/2021\\\/11\\\/26\\\/rocha-instala-el-comite-de-planeacion-para-el-desarrollo-de-sinaloa\\\/#article\",\"isPartOf\":{\"@id\":\"https:\\\/\\\/fuentesfidedignas.com.mx\\\/index.php\\\/2021\\\/11\\\/26\\\/rocha-instala-el-comite-de-planeacion-para-el-desarrollo-de-sinaloa\\\/\"},\"author\":{\"name\":\"Redacci\u00f3n\",\"@id\":\"https:\\\/\\\/fuentesfidedignas.com.mx\\\/#\\\/schema\\\/person\\\/331be9283d37198e2acd5750279085b0\"},\"headline\":\"Rocha instala el Comit\u00e9 de Planeaci\u00f3n para el Desarrollo de Sinaloa\",\"datePublished\":\"2021-11-26T20:37:10+00:00\",\"dateModified\":\"2021-11-26T20:37:11+00:00\",\"mainEntityOfPage\":{\"@id\":\"https:\\\/\\\/fuentesfidedignas.com.mx\\\/index.php\\\/2021\\\/11\\\/26\\\/rocha-instala-el-comite-de-planeacion-para-el-desarrollo-de-sinaloa\\\/\"},\"wordCount\":751,\"commentCount\":0,\"publisher\":{\"@id\":\"https:\\\/\\\/fuentesfidedignas.com.mx\\\/#organization\"},\"keywords\":[\"Rub\u00e9n Rocha Moya\"],\"articleSection\":[\"NOTA PRINCIPAL\"],\"inLanguage\":\"es\",\"potentialAction\":[{\"@type\":\"CommentAction\",\"name\":\"Comment\",\"target\":[\"https:\\\/\\\/fuentesfidedignas.com.mx\\\/index.php\\\/2021\\\/11\\\/26\\\/rocha-instala-el-comite-de-planeacion-para-el-desarrollo-de-sinaloa\\\/#respond\"]}]},{\"@type\":\"WebPage\",\"@id\":\"https:\\\/\\\/fuentesfidedignas.com.mx\\\/index.php\\\/2021\\\/11\\\/26\\\/rocha-instala-el-comite-de-planeacion-para-el-desarrollo-de-sinaloa\\\/\",\"url\":\"https:\\\/\\\/fuentesfidedignas.com.mx\\\/index.php\\\/2021\\\/11\\\/26\\\/rocha-instala-el-comite-de-planeacion-para-el-desarrollo-de-sinaloa\\\/\",\"name\":\"Rocha instala el Comit\u00e9 de Planeaci\u00f3n para el Desarrollo de Sinaloa - Fuentes Fidedignas\",\"isPartOf\":{\"@id\":\"https:\\\/\\\/fuentesfidedignas.com.mx\\\/#website\"},\"datePublished\":\"2021-11-26T20:37:10+00:00\",\"dateModified\":\"2021-11-26T20:37:11+00:00\",\"breadcrumb\":{\"@id\":\"https:\\\/\\\/fuentesfidedignas.com.mx\\\/index.php\\\/2021\\\/11\\\/26\\\/rocha-instala-el-comite-de-planeacion-para-el-desarrollo-de-sinaloa\\\/#breadcrumb\"},\"inLanguage\":\"es\",\"potentialAction\":[{\"@type\":\"ReadAction\",\"target\":[\"https:\\\/\\\/fuentesfidedignas.com.mx\\\/index.php\\\/2021\\\/11\\\/26\\\/rocha-instala-el-comite-de-planeacion-para-el-desarrollo-de-sinaloa\\\/\"]}]},{\"@type\":\"BreadcrumbList\",\"@id\":\"https:\\\/\\\/fuentesfidedignas.com.mx\\\/index.php\\\/2021\\\/11\\\/26\\\/rocha-instala-el-comite-de-planeacion-para-el-desarrollo-de-sinaloa\\\/#breadcrumb\",\"itemListElement\":[{\"@type\":\"ListItem\",\"position\":1,\"name\":\"Inicio\",\"item\":\"https:\\\/\\\/fuentesfidedignas.com.mx\\\/\"},{\"@type\":\"ListItem\",\"position\":2,\"name\":\"Rocha instala el Comit\u00e9 de Planeaci\u00f3n para el Desarrollo de Sinaloa\"}]},{\"@type\":\"WebSite\",\"@id\":\"https:\\\/\\\/fuentesfidedignas.com.mx\\\/#website\",\"url\":\"https:\\\/\\\/fuentesfidedignas.com.mx\\\/\",\"name\":\"Fuentes Fidedignas\",\"description\":\"Otro sitio realizado con WordPress\",\"publisher\":{\"@id\":\"https:\\\/\\\/fuentesfidedignas.com.mx\\\/#organization\"},\"potentialAction\":[{\"@type\":\"SearchAction\",\"target\":{\"@type\":\"EntryPoint\",\"urlTemplate\":\"https:\\\/\\\/fuentesfidedignas.com.mx\\\/?s={search_term_string}\"},\"query-input\":{\"@type\":\"PropertyValueSpecification\",\"valueRequired\":true,\"valueName\":\"search_term_string\"}}],\"inLanguage\":\"es\"},{\"@type\":\"Organization\",\"@id\":\"https:\\\/\\\/fuentesfidedignas.com.mx\\\/#organization\",\"name\":\"Fuentes Fidedignas\",\"url\":\"https:\\\/\\\/fuentesfidedignas.com.mx\\\/\",\"logo\":{\"@type\":\"ImageObject\",\"inLanguage\":\"es\",\"@id\":\"https:\\\/\\\/fuentesfidedignas.com.mx\\\/#\\\/schema\\\/logo\\\/image\\\/\",\"url\":\"https:\\\/\\\/fuentesfidedignas.com.mx\\\/wp-content\\\/uploads\\\/2021\\\/04\\\/logo-retina.png\",\"contentUrl\":\"https:\\\/\\\/fuentesfidedignas.com.mx\\\/wp-content\\\/uploads\\\/2021\\\/04\\\/logo-retina.png\",\"width\":280,\"height\":51,\"caption\":\"Fuentes Fidedignas\"},\"image\":{\"@id\":\"https:\\\/\\\/fuentesfidedignas.com.mx\\\/#\\\/schema\\\/logo\\\/image\\\/\"},\"sameAs\":[\"https:\\\/\\\/www.facebook.com\\\/Fuentes-Fidedignas-368234489921644\",\"https:\\\/\\\/x.com\\\/fidedignas\"]},{\"@type\":\"Person\",\"@id\":\"https:\\\/\\\/fuentesfidedignas.com.mx\\\/#\\\/schema\\\/person\\\/331be9283d37198e2acd5750279085b0\",\"name\":\"Redacci\u00f3n\",\"image\":{\"@type\":\"ImageObject\",\"inLanguage\":\"es\",\"@id\":\"https:\\\/\\\/secure.gravatar.com\\\/avatar\\\/f6d8782c11d12b2d4ad3fbb6931aeab5309937a4d6cd2fc9cfaa28a6396a5aec?s=96&d=mm&r=g\",\"url\":\"https:\\\/\\\/secure.gravatar.com\\\/avatar\\\/f6d8782c11d12b2d4ad3fbb6931aeab5309937a4d6cd2fc9cfaa28a6396a5aec?s=96&d=mm&r=g\",\"contentUrl\":\"https:\\\/\\\/secure.gravatar.com\\\/avatar\\\/f6d8782c11d12b2d4ad3fbb6931aeab5309937a4d6cd2fc9cfaa28a6396a5aec?s=96&d=mm&r=g\",\"caption\":\"Redacci\u00f3n\"},\"url\":\"https:\\\/\\\/fuentesfidedignas.com.mx\\\/index.php\\\/author\\\/redaccion\\\/\"}]}<\/script>\n<!-- \/ Yoast SEO plugin. -->","yoast_head_json":{"title":"Rocha instala el Comit\u00e9 de Planeaci\u00f3n para el Desarrollo de Sinaloa - Fuentes Fidedignas","robots":{"index":"index","follow":"follow","max-snippet":"max-snippet:-1","max-image-preview":"max-image-preview:large","max-video-preview":"max-video-preview:-1"},"canonical":"https:\/\/fuentesfidedignas.com.mx\/index.php\/2021\/11\/26\/rocha-instala-el-comite-de-planeacion-para-el-desarrollo-de-sinaloa\/","og_locale":"es_MX","og_type":"article","og_title":"Rocha instala el Comit\u00e9 de Planeaci\u00f3n para el Desarrollo de Sinaloa - Fuentes Fidedignas","og_description":"Mediante este organismo plural, se recoger\u00e1 la opini\u00f3n de los sectores productivos y sociales para la elaboraci\u00f3n del Plan Estatal de Desarrollo 2021-2027 Culiac\u00e1n, Sin.- Al instalar el Comit\u00e9 de Planeaci\u00f3n para el Desarrollo del Estado de Sinaloa (Copladesin), el gobernador Rub\u00e9n Rocha Moya se\u00f1al\u00f3 que una de las primeras tareas de este organismo ser\u00e1 [&hellip;]","og_url":"https:\/\/fuentesfidedignas.com.mx\/index.php\/2021\/11\/26\/rocha-instala-el-comite-de-planeacion-para-el-desarrollo-de-sinaloa\/","og_site_name":"Fuentes Fidedignas","article_publisher":"https:\/\/www.facebook.com\/Fuentes-Fidedignas-368234489921644","article_published_time":"2021-11-26T20:37:10+00:00","article_modified_time":"2021-11-26T20:37:11+00:00","og_image":[{"width":1280,"height":852,"url":"https:\/\/fuentesfidedignas.com.mx\/wp-content\/uploads\/2021\/11\/WhatsApp-Image-2021-11-26-at-1.33.56-PM.jpeg","type":"image\/jpeg"}],"author":"Redacci\u00f3n","twitter_card":"summary_large_image","twitter_creator":"@fidedignas","twitter_site":"@fidedignas","twitter_misc":{"Escrito por":"Redacci\u00f3n","Tiempo de lectura":"4 minutos"},"schema":{"@context":"https:\/\/schema.org","@graph":[{"@type":"Article","@id":"https:\/\/fuentesfidedignas.com.mx\/index.php\/2021\/11\/26\/rocha-instala-el-comite-de-planeacion-para-el-desarrollo-de-sinaloa\/#article","isPartOf":{"@id":"https:\/\/fuentesfidedignas.com.mx\/index.php\/2021\/11\/26\/rocha-instala-el-comite-de-planeacion-para-el-desarrollo-de-sinaloa\/"},"author":{"name":"Redacci\u00f3n","@id":"https:\/\/fuentesfidedignas.com.mx\/#\/schema\/person\/331be9283d37198e2acd5750279085b0"},"headline":"Rocha instala el Comit\u00e9 de Planeaci\u00f3n para el Desarrollo de Sinaloa","datePublished":"2021-11-26T20:37:10+00:00","dateModified":"2021-11-26T20:37:11+00:00","mainEntityOfPage":{"@id":"https:\/\/fuentesfidedignas.com.mx\/index.php\/2021\/11\/26\/rocha-instala-el-comite-de-planeacion-para-el-desarrollo-de-sinaloa\/"},"wordCount":751,"commentCount":0,"publisher":{"@id":"https:\/\/fuentesfidedignas.com.mx\/#organization"},"keywords":["Rub\u00e9n Rocha Moya"],"articleSection":["NOTA PRINCIPAL"],"inLanguage":"es","potentialAction":[{"@type":"CommentAction","name":"Comment","target":["https:\/\/fuentesfidedignas.com.mx\/index.php\/2021\/11\/26\/rocha-instala-el-comite-de-planeacion-para-el-desarrollo-de-sinaloa\/#respond"]}]},{"@type":"WebPage","@id":"https:\/\/fuentesfidedignas.com.mx\/index.php\/2021\/11\/26\/rocha-instala-el-comite-de-planeacion-para-el-desarrollo-de-sinaloa\/","url":"https:\/\/fuentesfidedignas.com.mx\/index.php\/2021\/11\/26\/rocha-instala-el-comite-de-planeacion-para-el-desarrollo-de-sinaloa\/","name":"Rocha instala el Comit\u00e9 de Planeaci\u00f3n para el Desarrollo de Sinaloa - Fuentes Fidedignas","isPartOf":{"@id":"https:\/\/fuentesfidedignas.com.mx\/#website"},"datePublished":"2021-11-26T20:37:10+00:00","dateModified":"2021-11-26T20:37:11+00:00","breadcrumb":{"@id":"https:\/\/fuentesfidedignas.com.mx\/index.php\/2021\/11\/26\/rocha-instala-el-comite-de-planeacion-para-el-desarrollo-de-sinaloa\/#breadcrumb"},"inLanguage":"es","potentialAction":[{"@type":"ReadAction","target":["https:\/\/fuentesfidedignas.com.mx\/index.php\/2021\/11\/26\/rocha-instala-el-comite-de-planeacion-para-el-desarrollo-de-sinaloa\/"]}]},{"@type":"BreadcrumbList","@id":"https:\/\/fuentesfidedignas.com.mx\/index.php\/2021\/11\/26\/rocha-instala-el-comite-de-planeacion-para-el-desarrollo-de-sinaloa\/#breadcrumb","itemListElement":[{"@type":"ListItem","position":1,"name":"Inicio","item":"https:\/\/fuentesfidedignas.com.mx\/"},{"@type":"ListItem","position":2,"name":"Rocha instala el Comit\u00e9 de Planeaci\u00f3n para el Desarrollo de Sinaloa"}]},{"@type":"WebSite","@id":"https:\/\/fuentesfidedignas.com.mx\/#website","url":"https:\/\/fuentesfidedignas.com.mx\/","name":"Fuentes Fidedignas","description":"Otro sitio realizado con WordPress","publisher":{"@id":"https:\/\/fuentesfidedignas.com.mx\/#organization"},"potentialAction":[{"@type":"SearchAction","target":{"@type":"EntryPoint","urlTemplate":"https:\/\/fuentesfidedignas.com.mx\/?s={search_term_string}"},"query-input":{"@type":"PropertyValueSpecification","valueRequired":true,"valueName":"search_term_string"}}],"inLanguage":"es"},{"@type":"Organization","@id":"https:\/\/fuentesfidedignas.com.mx\/#organization","name":"Fuentes Fidedignas","url":"https:\/\/fuentesfidedignas.com.mx\/","logo":{"@type":"ImageObject","inLanguage":"es","@id":"https:\/\/fuentesfidedignas.com.mx\/#\/schema\/logo\/image\/","url":"https:\/\/fuentesfidedignas.com.mx\/wp-content\/uploads\/2021\/04\/logo-retina.png","contentUrl":"https:\/\/fuentesfidedignas.com.mx\/wp-content\/uploads\/2021\/04\/logo-retina.png","width":280,"height":51,"caption":"Fuentes Fidedignas"},"image":{"@id":"https:\/\/fuentesfidedignas.com.mx\/#\/schema\/logo\/image\/"},"sameAs":["https:\/\/www.facebook.com\/Fuentes-Fidedignas-368234489921644","https:\/\/x.com\/fidedignas"]},{"@type":"Person","@id":"https:\/\/fuentesfidedignas.com.mx\/#\/schema\/person\/331be9283d37198e2acd5750279085b0","name":"Redacci\u00f3n","image":{"@type":"ImageObject","inLanguage":"es","@id":"https:\/\/secure.gravatar.com\/avatar\/f6d8782c11d12b2d4ad3fbb6931aeab5309937a4d6cd2fc9cfaa28a6396a5aec?s=96&d=mm&r=g","url":"https:\/\/secure.gravatar.com\/avatar\/f6d8782c11d12b2d4ad3fbb6931aeab5309937a4d6cd2fc9cfaa28a6396a5aec?s=96&d=mm&r=g","contentUrl":"https:\/\/secure.gravatar.com\/avatar\/f6d8782c11d12b2d4ad3fbb6931aeab5309937a4d6cd2fc9cfaa28a6396a5aec?s=96&d=mm&r=g","caption":"Redacci\u00f3n"},"url":"https:\/\/fuentesfidedignas.com.mx\/index.php\/author\/redaccion\/"}]}},"_links":{"self":[{"href":"https:\/\/fuentesfidedignas.com.mx\/index.php\/wp-json\/wp\/v2\/posts\/18417","targetHints":{"allow":["GET"]}}],"collection":[{"href":"https:\/\/fuentesfidedignas.com.mx\/index.php\/wp-json\/wp\/v2\/posts"}],"about":[{"href":"https:\/\/fuentesfidedignas.com.mx\/index.php\/wp-json\/wp\/v2\/types\/post"}],"author":[{"embeddable":true,"href":"https:\/\/fuentesfidedignas.com.mx\/index.php\/wp-json\/wp\/v2\/users\/4"}],"replies":[{"embeddable":true,"href":"https:\/\/fuentesfidedignas.com.mx\/index.php\/wp-json\/wp\/v2\/comments?post=18417"}],"version-history":[{"count":1,"href":"https:\/\/fuentesfidedignas.com.mx\/index.php\/wp-json\/wp\/v2\/posts\/18417\/revisions"}],"predecessor-version":[{"id":18419,"href":"https:\/\/fuentesfidedignas.com.mx\/index.php\/wp-json\/wp\/v2\/posts\/18417\/revisions\/18419"}],"wp:attachment":[{"href":"https:\/\/fuentesfidedignas.com.mx\/index.php\/wp-json\/wp\/v2\/media?parent=18417"}],"wp:term":[{"taxonomy":"category","embeddable":true,"href":"https:\/\/fuentesfidedignas.com.mx\/index.php\/wp-json\/wp\/v2\/categories?post=18417"},{"taxonomy":"post_tag","embeddable":true,"href":"https:\/\/fuentesfidedignas.com.mx\/index.php\/wp-json\/wp\/v2\/tags?post=18417"}],"curies":[{"name":"wp","href":"https:\/\/api.w.org\/{rel}","templated":true}]}}