{"id":18396,"date":"2021-11-26T11:45:45","date_gmt":"2021-11-26T18:45:45","guid":{"rendered":"https:\/\/fuentesfidedignas.com.mx\/?p=18396"},"modified":"2021-11-26T11:46:44","modified_gmt":"2021-11-26T18:46:44","slug":"accidente-en-la-carretera-joquicingo-malinalco-deja-19-muertos","status":"publish","type":"post","link":"https:\/\/fuentesfidedignas.com.mx\/index.php\/2021\/11\/26\/accidente-en-la-carretera-joquicingo-malinalco-deja-19-muertos\/","title":{"rendered":"Accidente en la carretera Estado de M\u00e9xico deja 19 muertos"},"content":{"rendered":"\n<p><strong><em>En esta zona son constantes los accidentes de autobuses con peregrinos que se dirigen al Santuario del Se\u00f1or de Chalma<\/em><\/strong><\/p>\n\n\n\n<p>Estado de M\u00e9xico. Un cami\u00f3n de turismo que trasladaba a feligreses de Sahuayo, Michoac\u00e1n, al Santuario del Se\u00f1or de Chalma, en Malinalco, se estamp\u00f3 esta ma\u00f1ana contra una vivienda en la comunidad de El Guarda de Guerrero de este municipio, con un saldo preliminar de 19 muertos y al menos 25 heridos.<\/p>\n\n\n\n<p>El accidente ocurri\u00f3 alrededor de las 9:00 horas de este viernes en la carretera que va de Joquicingo a Malinalco y en una pendiente el autob\u00fas se qued\u00f3 sin frenos y se impact\u00f3 de frente con una de las casas ubicadas al pie del camino.<\/p>\n\n\n\n<p>En un inicio se reportaron que hab\u00eda m\u00e1s de 50 lesionados, pero cuando comenzaron a llegar los cuerpos de emergencia se constat\u00f3 que varios de los pasajeros ya no ten\u00edan signos vitales.<\/p>\n\n\n\n<p>Al lugar se han movilizado elementos de Protecci\u00f3n Civil del estado, bomberos de Metepec y Malinalco para ayudar al rescate de los cuerpos que quedaron prensados entre los fierros retorcidos. Tambi\u00e9n apoyan a estos trabajos param\u00e9dicos de la Cruz Roja de Metepec, Toluca, Ixtapan de la Sal, Huixquilucan y Malinalco.<\/p>\n\n\n\n<p>En esta zona son constantes los accidentes de autobuses con peregrinos que se dirigen al Santuario del Se\u00f1or de Chalma ubicado a escasos 20 kil\u00f3metros de donde ocurri\u00f3 el siniestro.<\/p>\n\n\n\n<p>El gobernador Alfredo del Mazo se\u00f1al\u00f3 en sus cuentas de redes sociales que se ha instruido a los titulares de Protecci\u00f3n Civil, Seguridad y Salud apoyen en todo momento a las personas afectadas.<\/p>\n\n\n\n<p>El acceso a Malinalco por la v\u00eda Joquicingo est\u00e1 cerrado y seg\u00fan las autoridades tardar\u00e1n varias horas en reabrir la circulaci\u00f3n pues se est\u00e1n haciendo las labores de rescate y posteriormente se retirar\u00e1n los escombros.<\/p>\n","protected":false},"excerpt":{"rendered":"<p>En esta zona son constantes los accidentes de autobuses con peregrinos que se dirigen al Santuario del Se\u00f1or de Chalma Estado de M\u00e9xico. Un cami\u00f3n de turismo que trasladaba a feligreses de Sahuayo, Michoac\u00e1n, al Santuario del Se\u00f1or de Chalma, en Malinalco, se estamp\u00f3 esta ma\u00f1ana contra una vivienda en la comunidad de El Guarda [&hellip;]<\/p>\n","protected":false},"author":45,"featured_media":18397,"comment_status":"open","ping_status":"open","sticky":false,"template":"","format":"standard","meta":{"tdm_status":"","tdm_grid_status":"","footnotes":""},"categories":[39],"tags":[],"class_list":{"0":"post-18396","1":"post","2":"type-post","3":"status-publish","4":"format-standard","5":"has-post-thumbnail","7":"category-noticias-nacionales"},"yoast_head":"<!-- This site is optimized with the Yoast SEO plugin v27.4 - https:\/\/yoast.com\/product\/yoast-seo-wordpress\/ -->\n<title>Accidente en la carretera Estado de M\u00e9xico deja 19 muertos - Fuentes Fidedignas<\/title>\n<meta name=\"robots\" content=\"index, follow, max-snippet:-1, max-image-preview:large, max-video-preview:-1\" \/>\n<link rel=\"canonical\" href=\"https:\/\/fuentesfidedignas.com.mx\/index.php\/2021\/11\/26\/accidente-en-la-carretera-joquicingo-malinalco-deja-19-muertos\/\" \/>\n<meta property=\"og:locale\" content=\"es_MX\" \/>\n<meta property=\"og:type\" content=\"article\" \/>\n<meta property=\"og:title\" content=\"Accidente en la carretera Estado de M\u00e9xico deja 19 muertos - Fuentes Fidedignas\" \/>\n<meta property=\"og:description\" content=\"En esta zona son constantes los accidentes de autobuses con peregrinos que se dirigen al Santuario del Se\u00f1or de Chalma Estado de M\u00e9xico. Un cami\u00f3n de turismo que trasladaba a feligreses de Sahuayo, Michoac\u00e1n, al Santuario del Se\u00f1or de Chalma, en Malinalco, se estamp\u00f3 esta ma\u00f1ana contra una vivienda en la comunidad de El Guarda [&hellip;]\" \/>\n<meta property=\"og:url\" content=\"https:\/\/fuentesfidedignas.com.mx\/index.php\/2021\/11\/26\/accidente-en-la-carretera-joquicingo-malinalco-deja-19-muertos\/\" \/>\n<meta property=\"og:site_name\" content=\"Fuentes Fidedignas\" \/>\n<meta property=\"article:publisher\" content=\"https:\/\/www.facebook.com\/Fuentes-Fidedignas-368234489921644\" \/>\n<meta property=\"article:published_time\" content=\"2021-11-26T18:45:45+00:00\" \/>\n<meta property=\"article:modified_time\" content=\"2021-11-26T18:46:44+00:00\" \/>\n<meta property=\"og:image\" content=\"https:\/\/fuentesfidedignas.com.mx\/wp-content\/uploads\/2021\/11\/2677905.jpg\" \/>\n\t<meta property=\"og:image:width\" content=\"800\" \/>\n\t<meta property=\"og:image:height\" content=\"600\" \/>\n\t<meta property=\"og:image:type\" content=\"image\/jpeg\" \/>\n<meta name=\"author\" content=\"La Jornada\" \/>\n<meta name=\"twitter:card\" content=\"summary_large_image\" \/>\n<meta name=\"twitter:creator\" content=\"@fidedignas\" \/>\n<meta name=\"twitter:site\" content=\"@fidedignas\" \/>\n<meta name=\"twitter:label1\" content=\"Escrito por\" \/>\n\t<meta name=\"twitter:data1\" content=\"La Jornada\" \/>\n\t<meta name=\"twitter:label2\" content=\"Tiempo de lectura\" \/>\n\t<meta name=\"twitter:data2\" content=\"2 minutos\" \/>\n<script type=\"application\/ld+json\" class=\"yoast-schema-graph\">{\"@context\":\"https:\\\/\\\/schema.org\",\"@graph\":[{\"@type\":\"Article\",\"@id\":\"https:\\\/\\\/fuentesfidedignas.com.mx\\\/index.php\\\/2021\\\/11\\\/26\\\/accidente-en-la-carretera-joquicingo-malinalco-deja-19-muertos\\\/#article\",\"isPartOf\":{\"@id\":\"https:\\\/\\\/fuentesfidedignas.com.mx\\\/index.php\\\/2021\\\/11\\\/26\\\/accidente-en-la-carretera-joquicingo-malinalco-deja-19-muertos\\\/\"},\"author\":{\"name\":\"La Jornada\",\"@id\":\"https:\\\/\\\/fuentesfidedignas.com.mx\\\/#\\\/schema\\\/person\\\/87eacee4072e149fccc7de67f9634f35\"},\"headline\":\"Accidente en la carretera Estado de M\u00e9xico deja 19 muertos\",\"datePublished\":\"2021-11-26T18:45:45+00:00\",\"dateModified\":\"2021-11-26T18:46:44+00:00\",\"mainEntityOfPage\":{\"@id\":\"https:\\\/\\\/fuentesfidedignas.com.mx\\\/index.php\\\/2021\\\/11\\\/26\\\/accidente-en-la-carretera-joquicingo-malinalco-deja-19-muertos\\\/\"},\"wordCount\":325,\"commentCount\":0,\"publisher\":{\"@id\":\"https:\\\/\\\/fuentesfidedignas.com.mx\\\/#organization\"},\"image\":{\"@id\":\"https:\\\/\\\/fuentesfidedignas.com.mx\\\/index.php\\\/2021\\\/11\\\/26\\\/accidente-en-la-carretera-joquicingo-malinalco-deja-19-muertos\\\/#primaryimage\"},\"thumbnailUrl\":\"https:\\\/\\\/fuentesfidedignas.com.mx\\\/wp-content\\\/uploads\\\/2021\\\/11\\\/2677905.jpg\",\"articleSection\":[\"NOTICIAS NACIONALES\"],\"inLanguage\":\"es\",\"potentialAction\":[{\"@type\":\"CommentAction\",\"name\":\"Comment\",\"target\":[\"https:\\\/\\\/fuentesfidedignas.com.mx\\\/index.php\\\/2021\\\/11\\\/26\\\/accidente-en-la-carretera-joquicingo-malinalco-deja-19-muertos\\\/#respond\"]}]},{\"@type\":\"WebPage\",\"@id\":\"https:\\\/\\\/fuentesfidedignas.com.mx\\\/index.php\\\/2021\\\/11\\\/26\\\/accidente-en-la-carretera-joquicingo-malinalco-deja-19-muertos\\\/\",\"url\":\"https:\\\/\\\/fuentesfidedignas.com.mx\\\/index.php\\\/2021\\\/11\\\/26\\\/accidente-en-la-carretera-joquicingo-malinalco-deja-19-muertos\\\/\",\"name\":\"Accidente en la carretera Estado de M\u00e9xico deja 19 muertos - Fuentes Fidedignas\",\"isPartOf\":{\"@id\":\"https:\\\/\\\/fuentesfidedignas.com.mx\\\/#website\"},\"primaryImageOfPage\":{\"@id\":\"https:\\\/\\\/fuentesfidedignas.com.mx\\\/index.php\\\/2021\\\/11\\\/26\\\/accidente-en-la-carretera-joquicingo-malinalco-deja-19-muertos\\\/#primaryimage\"},\"image\":{\"@id\":\"https:\\\/\\\/fuentesfidedignas.com.mx\\\/index.php\\\/2021\\\/11\\\/26\\\/accidente-en-la-carretera-joquicingo-malinalco-deja-19-muertos\\\/#primaryimage\"},\"thumbnailUrl\":\"https:\\\/\\\/fuentesfidedignas.com.mx\\\/wp-content\\\/uploads\\\/2021\\\/11\\\/2677905.jpg\",\"datePublished\":\"2021-11-26T18:45:45+00:00\",\"dateModified\":\"2021-11-26T18:46:44+00:00\",\"breadcrumb\":{\"@id\":\"https:\\\/\\\/fuentesfidedignas.com.mx\\\/index.php\\\/2021\\\/11\\\/26\\\/accidente-en-la-carretera-joquicingo-malinalco-deja-19-muertos\\\/#breadcrumb\"},\"inLanguage\":\"es\",\"potentialAction\":[{\"@type\":\"ReadAction\",\"target\":[\"https:\\\/\\\/fuentesfidedignas.com.mx\\\/index.php\\\/2021\\\/11\\\/26\\\/accidente-en-la-carretera-joquicingo-malinalco-deja-19-muertos\\\/\"]}]},{\"@type\":\"ImageObject\",\"inLanguage\":\"es\",\"@id\":\"https:\\\/\\\/fuentesfidedignas.com.mx\\\/index.php\\\/2021\\\/11\\\/26\\\/accidente-en-la-carretera-joquicingo-malinalco-deja-19-muertos\\\/#primaryimage\",\"url\":\"https:\\\/\\\/fuentesfidedignas.com.mx\\\/wp-content\\\/uploads\\\/2021\\\/11\\\/2677905.jpg\",\"contentUrl\":\"https:\\\/\\\/fuentesfidedignas.com.mx\\\/wp-content\\\/uploads\\\/2021\\\/11\\\/2677905.jpg\",\"width\":800,\"height\":600},{\"@type\":\"BreadcrumbList\",\"@id\":\"https:\\\/\\\/fuentesfidedignas.com.mx\\\/index.php\\\/2021\\\/11\\\/26\\\/accidente-en-la-carretera-joquicingo-malinalco-deja-19-muertos\\\/#breadcrumb\",\"itemListElement\":[{\"@type\":\"ListItem\",\"position\":1,\"name\":\"Inicio\",\"item\":\"https:\\\/\\\/fuentesfidedignas.com.mx\\\/\"},{\"@type\":\"ListItem\",\"position\":2,\"name\":\"Accidente en la carretera Estado de M\u00e9xico deja 19 muertos\"}]},{\"@type\":\"WebSite\",\"@id\":\"https:\\\/\\\/fuentesfidedignas.com.mx\\\/#website\",\"url\":\"https:\\\/\\\/fuentesfidedignas.com.mx\\\/\",\"name\":\"Fuentes Fidedignas\",\"description\":\"Otro sitio realizado con WordPress\",\"publisher\":{\"@id\":\"https:\\\/\\\/fuentesfidedignas.com.mx\\\/#organization\"},\"potentialAction\":[{\"@type\":\"SearchAction\",\"target\":{\"@type\":\"EntryPoint\",\"urlTemplate\":\"https:\\\/\\\/fuentesfidedignas.com.mx\\\/?s={search_term_string}\"},\"query-input\":{\"@type\":\"PropertyValueSpecification\",\"valueRequired\":true,\"valueName\":\"search_term_string\"}}],\"inLanguage\":\"es\"},{\"@type\":\"Organization\",\"@id\":\"https:\\\/\\\/fuentesfidedignas.com.mx\\\/#organization\",\"name\":\"Fuentes Fidedignas\",\"url\":\"https:\\\/\\\/fuentesfidedignas.com.mx\\\/\",\"logo\":{\"@type\":\"ImageObject\",\"inLanguage\":\"es\",\"@id\":\"https:\\\/\\\/fuentesfidedignas.com.mx\\\/#\\\/schema\\\/logo\\\/image\\\/\",\"url\":\"https:\\\/\\\/fuentesfidedignas.com.mx\\\/wp-content\\\/uploads\\\/2021\\\/04\\\/logo-retina.png\",\"contentUrl\":\"https:\\\/\\\/fuentesfidedignas.com.mx\\\/wp-content\\\/uploads\\\/2021\\\/04\\\/logo-retina.png\",\"width\":280,\"height\":51,\"caption\":\"Fuentes Fidedignas\"},\"image\":{\"@id\":\"https:\\\/\\\/fuentesfidedignas.com.mx\\\/#\\\/schema\\\/logo\\\/image\\\/\"},\"sameAs\":[\"https:\\\/\\\/www.facebook.com\\\/Fuentes-Fidedignas-368234489921644\",\"https:\\\/\\\/x.com\\\/fidedignas\"]},{\"@type\":\"Person\",\"@id\":\"https:\\\/\\\/fuentesfidedignas.com.mx\\\/#\\\/schema\\\/person\\\/87eacee4072e149fccc7de67f9634f35\",\"name\":\"La Jornada\",\"image\":{\"@type\":\"ImageObject\",\"inLanguage\":\"es\",\"@id\":\"https:\\\/\\\/secure.gravatar.com\\\/avatar\\\/2b09f15a418e222775ffd645761e3fcecd1fb9d7a38a3ba858adf349aab82c7c?s=96&d=mm&r=g\",\"url\":\"https:\\\/\\\/secure.gravatar.com\\\/avatar\\\/2b09f15a418e222775ffd645761e3fcecd1fb9d7a38a3ba858adf349aab82c7c?s=96&d=mm&r=g\",\"contentUrl\":\"https:\\\/\\\/secure.gravatar.com\\\/avatar\\\/2b09f15a418e222775ffd645761e3fcecd1fb9d7a38a3ba858adf349aab82c7c?s=96&d=mm&r=g\",\"caption\":\"La Jornada\"},\"url\":\"https:\\\/\\\/fuentesfidedignas.com.mx\\\/index.php\\\/author\\\/jornada\\\/\"}]}<\/script>\n<!-- \/ Yoast SEO plugin. -->","yoast_head_json":{"title":"Accidente en la carretera Estado de M\u00e9xico deja 19 muertos - Fuentes Fidedignas","robots":{"index":"index","follow":"follow","max-snippet":"max-snippet:-1","max-image-preview":"max-image-preview:large","max-video-preview":"max-video-preview:-1"},"canonical":"https:\/\/fuentesfidedignas.com.mx\/index.php\/2021\/11\/26\/accidente-en-la-carretera-joquicingo-malinalco-deja-19-muertos\/","og_locale":"es_MX","og_type":"article","og_title":"Accidente en la carretera Estado de M\u00e9xico deja 19 muertos - Fuentes Fidedignas","og_description":"En esta zona son constantes los accidentes de autobuses con peregrinos que se dirigen al Santuario del Se\u00f1or de Chalma Estado de M\u00e9xico. Un cami\u00f3n de turismo que trasladaba a feligreses de Sahuayo, Michoac\u00e1n, al Santuario del Se\u00f1or de Chalma, en Malinalco, se estamp\u00f3 esta ma\u00f1ana contra una vivienda en la comunidad de El Guarda [&hellip;]","og_url":"https:\/\/fuentesfidedignas.com.mx\/index.php\/2021\/11\/26\/accidente-en-la-carretera-joquicingo-malinalco-deja-19-muertos\/","og_site_name":"Fuentes Fidedignas","article_publisher":"https:\/\/www.facebook.com\/Fuentes-Fidedignas-368234489921644","article_published_time":"2021-11-26T18:45:45+00:00","article_modified_time":"2021-11-26T18:46:44+00:00","og_image":[{"width":800,"height":600,"url":"https:\/\/fuentesfidedignas.com.mx\/wp-content\/uploads\/2021\/11\/2677905.jpg","type":"image\/jpeg"}],"author":"La Jornada","twitter_card":"summary_large_image","twitter_creator":"@fidedignas","twitter_site":"@fidedignas","twitter_misc":{"Escrito por":"La Jornada","Tiempo de lectura":"2 minutos"},"schema":{"@context":"https:\/\/schema.org","@graph":[{"@type":"Article","@id":"https:\/\/fuentesfidedignas.com.mx\/index.php\/2021\/11\/26\/accidente-en-la-carretera-joquicingo-malinalco-deja-19-muertos\/#article","isPartOf":{"@id":"https:\/\/fuentesfidedignas.com.mx\/index.php\/2021\/11\/26\/accidente-en-la-carretera-joquicingo-malinalco-deja-19-muertos\/"},"author":{"name":"La Jornada","@id":"https:\/\/fuentesfidedignas.com.mx\/#\/schema\/person\/87eacee4072e149fccc7de67f9634f35"},"headline":"Accidente en la carretera Estado de M\u00e9xico deja 19 muertos","datePublished":"2021-11-26T18:45:45+00:00","dateModified":"2021-11-26T18:46:44+00:00","mainEntityOfPage":{"@id":"https:\/\/fuentesfidedignas.com.mx\/index.php\/2021\/11\/26\/accidente-en-la-carretera-joquicingo-malinalco-deja-19-muertos\/"},"wordCount":325,"commentCount":0,"publisher":{"@id":"https:\/\/fuentesfidedignas.com.mx\/#organization"},"image":{"@id":"https:\/\/fuentesfidedignas.com.mx\/index.php\/2021\/11\/26\/accidente-en-la-carretera-joquicingo-malinalco-deja-19-muertos\/#primaryimage"},"thumbnailUrl":"https:\/\/fuentesfidedignas.com.mx\/wp-content\/uploads\/2021\/11\/2677905.jpg","articleSection":["NOTICIAS NACIONALES"],"inLanguage":"es","potentialAction":[{"@type":"CommentAction","name":"Comment","target":["https:\/\/fuentesfidedignas.com.mx\/index.php\/2021\/11\/26\/accidente-en-la-carretera-joquicingo-malinalco-deja-19-muertos\/#respond"]}]},{"@type":"WebPage","@id":"https:\/\/fuentesfidedignas.com.mx\/index.php\/2021\/11\/26\/accidente-en-la-carretera-joquicingo-malinalco-deja-19-muertos\/","url":"https:\/\/fuentesfidedignas.com.mx\/index.php\/2021\/11\/26\/accidente-en-la-carretera-joquicingo-malinalco-deja-19-muertos\/","name":"Accidente en la carretera Estado de M\u00e9xico deja 19 muertos - Fuentes Fidedignas","isPartOf":{"@id":"https:\/\/fuentesfidedignas.com.mx\/#website"},"primaryImageOfPage":{"@id":"https:\/\/fuentesfidedignas.com.mx\/index.php\/2021\/11\/26\/accidente-en-la-carretera-joquicingo-malinalco-deja-19-muertos\/#primaryimage"},"image":{"@id":"https:\/\/fuentesfidedignas.com.mx\/index.php\/2021\/11\/26\/accidente-en-la-carretera-joquicingo-malinalco-deja-19-muertos\/#primaryimage"},"thumbnailUrl":"https:\/\/fuentesfidedignas.com.mx\/wp-content\/uploads\/2021\/11\/2677905.jpg","datePublished":"2021-11-26T18:45:45+00:00","dateModified":"2021-11-26T18:46:44+00:00","breadcrumb":{"@id":"https:\/\/fuentesfidedignas.com.mx\/index.php\/2021\/11\/26\/accidente-en-la-carretera-joquicingo-malinalco-deja-19-muertos\/#breadcrumb"},"inLanguage":"es","potentialAction":[{"@type":"ReadAction","target":["https:\/\/fuentesfidedignas.com.mx\/index.php\/2021\/11\/26\/accidente-en-la-carretera-joquicingo-malinalco-deja-19-muertos\/"]}]},{"@type":"ImageObject","inLanguage":"es","@id":"https:\/\/fuentesfidedignas.com.mx\/index.php\/2021\/11\/26\/accidente-en-la-carretera-joquicingo-malinalco-deja-19-muertos\/#primaryimage","url":"https:\/\/fuentesfidedignas.com.mx\/wp-content\/uploads\/2021\/11\/2677905.jpg","contentUrl":"https:\/\/fuentesfidedignas.com.mx\/wp-content\/uploads\/2021\/11\/2677905.jpg","width":800,"height":600},{"@type":"BreadcrumbList","@id":"https:\/\/fuentesfidedignas.com.mx\/index.php\/2021\/11\/26\/accidente-en-la-carretera-joquicingo-malinalco-deja-19-muertos\/#breadcrumb","itemListElement":[{"@type":"ListItem","position":1,"name":"Inicio","item":"https:\/\/fuentesfidedignas.com.mx\/"},{"@type":"ListItem","position":2,"name":"Accidente en la carretera Estado de M\u00e9xico deja 19 muertos"}]},{"@type":"WebSite","@id":"https:\/\/fuentesfidedignas.com.mx\/#website","url":"https:\/\/fuentesfidedignas.com.mx\/","name":"Fuentes Fidedignas","description":"Otro sitio realizado con WordPress","publisher":{"@id":"https:\/\/fuentesfidedignas.com.mx\/#organization"},"potentialAction":[{"@type":"SearchAction","target":{"@type":"EntryPoint","urlTemplate":"https:\/\/fuentesfidedignas.com.mx\/?s={search_term_string}"},"query-input":{"@type":"PropertyValueSpecification","valueRequired":true,"valueName":"search_term_string"}}],"inLanguage":"es"},{"@type":"Organization","@id":"https:\/\/fuentesfidedignas.com.mx\/#organization","name":"Fuentes Fidedignas","url":"https:\/\/fuentesfidedignas.com.mx\/","logo":{"@type":"ImageObject","inLanguage":"es","@id":"https:\/\/fuentesfidedignas.com.mx\/#\/schema\/logo\/image\/","url":"https:\/\/fuentesfidedignas.com.mx\/wp-content\/uploads\/2021\/04\/logo-retina.png","contentUrl":"https:\/\/fuentesfidedignas.com.mx\/wp-content\/uploads\/2021\/04\/logo-retina.png","width":280,"height":51,"caption":"Fuentes Fidedignas"},"image":{"@id":"https:\/\/fuentesfidedignas.com.mx\/#\/schema\/logo\/image\/"},"sameAs":["https:\/\/www.facebook.com\/Fuentes-Fidedignas-368234489921644","https:\/\/x.com\/fidedignas"]},{"@type":"Person","@id":"https:\/\/fuentesfidedignas.com.mx\/#\/schema\/person\/87eacee4072e149fccc7de67f9634f35","name":"La Jornada","image":{"@type":"ImageObject","inLanguage":"es","@id":"https:\/\/secure.gravatar.com\/avatar\/2b09f15a418e222775ffd645761e3fcecd1fb9d7a38a3ba858adf349aab82c7c?s=96&d=mm&r=g","url":"https:\/\/secure.gravatar.com\/avatar\/2b09f15a418e222775ffd645761e3fcecd1fb9d7a38a3ba858adf349aab82c7c?s=96&d=mm&r=g","contentUrl":"https:\/\/secure.gravatar.com\/avatar\/2b09f15a418e222775ffd645761e3fcecd1fb9d7a38a3ba858adf349aab82c7c?s=96&d=mm&r=g","caption":"La Jornada"},"url":"https:\/\/fuentesfidedignas.com.mx\/index.php\/author\/jornada\/"}]}},"_links":{"self":[{"href":"https:\/\/fuentesfidedignas.com.mx\/index.php\/wp-json\/wp\/v2\/posts\/18396","targetHints":{"allow":["GET"]}}],"collection":[{"href":"https:\/\/fuentesfidedignas.com.mx\/index.php\/wp-json\/wp\/v2\/posts"}],"about":[{"href":"https:\/\/fuentesfidedignas.com.mx\/index.php\/wp-json\/wp\/v2\/types\/post"}],"author":[{"embeddable":true,"href":"https:\/\/fuentesfidedignas.com.mx\/index.php\/wp-json\/wp\/v2\/users\/45"}],"replies":[{"embeddable":true,"href":"https:\/\/fuentesfidedignas.com.mx\/index.php\/wp-json\/wp\/v2\/comments?post=18396"}],"version-history":[{"count":2,"href":"https:\/\/fuentesfidedignas.com.mx\/index.php\/wp-json\/wp\/v2\/posts\/18396\/revisions"}],"predecessor-version":[{"id":18399,"href":"https:\/\/fuentesfidedignas.com.mx\/index.php\/wp-json\/wp\/v2\/posts\/18396\/revisions\/18399"}],"wp:featuredmedia":[{"embeddable":true,"href":"https:\/\/fuentesfidedignas.com.mx\/index.php\/wp-json\/wp\/v2\/media\/18397"}],"wp:attachment":[{"href":"https:\/\/fuentesfidedignas.com.mx\/index.php\/wp-json\/wp\/v2\/media?parent=18396"}],"wp:term":[{"taxonomy":"category","embeddable":true,"href":"https:\/\/fuentesfidedignas.com.mx\/index.php\/wp-json\/wp\/v2\/categories?post=18396"},{"taxonomy":"post_tag","embeddable":true,"href":"https:\/\/fuentesfidedignas.com.mx\/index.php\/wp-json\/wp\/v2\/tags?post=18396"}],"curies":[{"name":"wp","href":"https:\/\/api.w.org\/{rel}","templated":true}]}}