{"id":18387,"date":"2021-11-26T06:55:29","date_gmt":"2021-11-26T13:55:29","guid":{"rendered":"https:\/\/fuentesfidedignas.com.mx\/?p=18387"},"modified":"2021-11-26T06:55:31","modified_gmt":"2021-11-26T13:55:31","slug":"ataque-en-guaymas-posiblemente-dirigido-contra-comisario-municipal-fiscalia-de-sonora","status":"publish","type":"post","link":"https:\/\/fuentesfidedignas.com.mx\/index.php\/2021\/11\/26\/ataque-en-guaymas-posiblemente-dirigido-contra-comisario-municipal-fiscalia-de-sonora\/","title":{"rendered":"Ataque en Guaymas, posiblemente dirigido contra comisario municipal: Fiscal\u00eda de Sonora"},"content":{"rendered":"\n<p><strong><em>La Fiscal\u00eda de Sonora apunt\u00f3 que ya fueron identificadas dos v\u00edctimas tras el ataque del jueves a la Presidencia Municipal de Guaymas<\/em><\/strong><\/p>\n\n\n\n<p>Sonora. La Fiscal\u00eda General de Justicia de Sonora identific\u00f3 a dos personas muertas por el ataque registrado anoche al Palacio Municipal de Guaymas, raz\u00f3n por el cual fue activado el C\u00f3digo Rojo.<\/p>\n\n\n\n<p>Por medio de un comunicado, la Fiscal\u00eda estatal apunt\u00f3 que permanece sin identificar una tercera v\u00edctima, un sujeto de de aproximadamente 50 a\u00f1os, a quien se le encontr\u00f3 un arma de fuego calibre 9 mil\u00edmetros, 24 cartuchos \u00fatiles en la bolsa del pantal\u00f3n y una bolsa conteniendo narc\u00f3tico con las caracter\u00edsticas de la marihuana.<\/p>\n\n\n\n<p>Al acudir en atenci\u00f3n al C\u00f3digo Rojo, en las inmediaciones localizaron los cuerpos sin vida de Lucero Marisol, de 18 a\u00f1os, integrante de un colectivo feminista, y Antelmo Eduardo, de 40, escolta asignado a la Presidencia Municipal de Guaymas\u201d, se lee en el comunicado de prensa.<\/p>\n\n\n\n<p>Tambi\u00e9n result\u00f3 lesionado No\u00e9 Alberto \u201cN\u201d, quien se desempe\u00f1a como subdirector de Comunicaci\u00f3n Social del Ayuntamiento de Guaymas, quien fue trasladado para recibir atenci\u00f3n m\u00e9dica al Hospital General.<\/p>\n\n\n\n<figure class=\"wp-block-embed is-type-rich is-provider-twitter wp-block-embed-twitter\"><div class=\"wp-block-embed__wrapper\">\n<blockquote class=\"twitter-tweet\" data-width=\"550\" data-dnt=\"true\"><p lang=\"es\" dir=\"ltr\">SE ACTIVA C\u00d3DIGO ROJO EN GUAYMAS <br><br>Al menos tres personas fallecieron en un presunto ataque armado contra el palacio municipal de esta regi\u00f3n en Sonora.<br><br>Guardia Nacional activa protocolos de seguridad. <br><br> <a href=\"https:\/\/t.co\/SuFyEadar2\">pic.twitter.com\/SuFyEadar2<\/a><\/p>&mdash; Ruido en la Red (@RuidoEnLaRed) <a href=\"https:\/\/twitter.com\/RuidoEnLaRed\/status\/1464069954844733477?ref_src=twsrc%5Etfw\">November 26, 2021<\/a><\/blockquote><script async src=\"https:\/\/platform.twitter.com\/widgets.js\" charset=\"utf-8\"><\/script>\n<\/div><\/figure>\n\n\n\n<p>La Fiscal\u00eda estatal tiene como principal l\u00ednea de investigaci\u00f3n que el ataque estuviera dirigido contra comisario municipal, Andr\u00e9s Humberto Cano, en funci\u00f3n de los antecedentes de amenazas y se\u00f1alamientos en lugares p\u00fablicos y videos.<\/p>\n\n\n\n<p>Personal de Servicios Periciales de la Fiscal\u00eda de Sonora recolect\u00f3 diversos indicios en la zona, entre ellos un veh\u00edculo Nissan Titan, negro con gris, modelo 2005, sin placas de circulaci\u00f3n, donde se localizaron dos armas largas, cargadores y explosivos.<\/p>\n\n\n\n<p>Las armas, de uso exclusivo del Ej\u00e9rcito, son calibre .223 y .308. Tambi\u00e9n hab\u00eda tres cargadores abastecidos calibre .308 y otros tres cargadores calibre .223, as\u00ed como dos mochilas y ropa varia.<\/p>\n\n\n\n<p>Al menos tres muertos dej\u00f3 este jueves un ataque armado a las afueras del palacio municipal de la ciudad de Guaymas, donde se realizaba una manifestaci\u00f3n feminista, inform\u00f3 la Fiscal\u00eda General de Justicia estatal.<\/p>\n\n\n\n<p>El ataque ocurri\u00f3 en medio de una \u201ctoma simb\u00f3lica\u201d del edificio del Gobierno municipal por parte de colectivos feministas que conmemoraban el D\u00eda Mundial de la Erradicaci\u00f3n de la Violencia contra las Mujeres.<\/p>\n\n\n\n<p>Pero la manifestaci\u00f3n fue disipada de manera violenta cuando un grupo de sicarios armados lleg\u00f3 al recinto para enfrentarse a tiros con los guardaespaldas de la alcaldesa Karla C\u00f3rdova, dejando tres muertos y dos heridos.<\/p>\n","protected":false},"excerpt":{"rendered":"<p>La Fiscal\u00eda de Sonora apunt\u00f3 que ya fueron identificadas dos v\u00edctimas tras el ataque del jueves a la Presidencia Municipal de Guaymas Sonora. La Fiscal\u00eda General de Justicia de Sonora identific\u00f3 a dos personas muertas por el ataque registrado anoche al Palacio Municipal de Guaymas, raz\u00f3n por el cual fue activado el C\u00f3digo Rojo. Por [&hellip;]<\/p>\n","protected":false},"author":47,"featured_media":18388,"comment_status":"open","ping_status":"open","sticky":false,"template":"","format":"standard","meta":{"tdm_status":"","tdm_grid_status":"","footnotes":""},"categories":[39],"tags":[],"class_list":{"0":"post-18387","1":"post","2":"type-post","3":"status-publish","4":"format-standard","5":"has-post-thumbnail","7":"category-noticias-nacionales"},"yoast_head":"<!-- This site is optimized with the Yoast SEO plugin v27.5 - https:\/\/yoast.com\/product\/yoast-seo-wordpress\/ -->\n<title>Ataque en Guaymas, posiblemente dirigido contra comisario municipal: Fiscal\u00eda de Sonora - Fuentes Fidedignas<\/title>\n<meta name=\"robots\" content=\"index, follow, max-snippet:-1, max-image-preview:large, max-video-preview:-1\" \/>\n<link rel=\"canonical\" href=\"https:\/\/fuentesfidedignas.com.mx\/index.php\/2021\/11\/26\/ataque-en-guaymas-posiblemente-dirigido-contra-comisario-municipal-fiscalia-de-sonora\/\" \/>\n<meta property=\"og:locale\" content=\"es_MX\" \/>\n<meta property=\"og:type\" content=\"article\" \/>\n<meta property=\"og:title\" content=\"Ataque en Guaymas, posiblemente dirigido contra comisario municipal: Fiscal\u00eda de Sonora - Fuentes Fidedignas\" \/>\n<meta property=\"og:description\" content=\"La Fiscal\u00eda de Sonora apunt\u00f3 que ya fueron identificadas dos v\u00edctimas tras el ataque del jueves a la Presidencia Municipal de Guaymas Sonora. La Fiscal\u00eda General de Justicia de Sonora identific\u00f3 a dos personas muertas por el ataque registrado anoche al Palacio Municipal de Guaymas, raz\u00f3n por el cual fue activado el C\u00f3digo Rojo. Por [&hellip;]\" \/>\n<meta property=\"og:url\" content=\"https:\/\/fuentesfidedignas.com.mx\/index.php\/2021\/11\/26\/ataque-en-guaymas-posiblemente-dirigido-contra-comisario-municipal-fiscalia-de-sonora\/\" \/>\n<meta property=\"og:site_name\" content=\"Fuentes Fidedignas\" \/>\n<meta property=\"article:publisher\" content=\"https:\/\/www.facebook.com\/Fuentes-Fidedignas-368234489921644\" \/>\n<meta property=\"article:published_time\" content=\"2021-11-26T13:55:29+00:00\" \/>\n<meta property=\"article:modified_time\" content=\"2021-11-26T13:55:31+00:00\" \/>\n<meta property=\"og:image\" content=\"https:\/\/fuentesfidedignas.com.mx\/wp-content\/uploads\/2021\/11\/images-70.jpeg\" \/>\n\t<meta property=\"og:image:width\" content=\"678\" \/>\n\t<meta property=\"og:image:height\" content=\"452\" \/>\n\t<meta property=\"og:image:type\" content=\"image\/jpeg\" \/>\n<meta name=\"author\" content=\"L\u00f3pez D\u00f3riga\" \/>\n<meta name=\"twitter:card\" content=\"summary_large_image\" \/>\n<meta name=\"twitter:creator\" content=\"@fidedignas\" \/>\n<meta name=\"twitter:site\" content=\"@fidedignas\" \/>\n<meta name=\"twitter:label1\" content=\"Escrito por\" \/>\n\t<meta name=\"twitter:data1\" content=\"L\u00f3pez D\u00f3riga\" \/>\n\t<meta name=\"twitter:label2\" content=\"Tiempo de lectura\" \/>\n\t<meta name=\"twitter:data2\" content=\"2 minutos\" \/>\n<script type=\"application\/ld+json\" class=\"yoast-schema-graph\">{\"@context\":\"https:\\\/\\\/schema.org\",\"@graph\":[{\"@type\":\"Article\",\"@id\":\"https:\\\/\\\/fuentesfidedignas.com.mx\\\/index.php\\\/2021\\\/11\\\/26\\\/ataque-en-guaymas-posiblemente-dirigido-contra-comisario-municipal-fiscalia-de-sonora\\\/#article\",\"isPartOf\":{\"@id\":\"https:\\\/\\\/fuentesfidedignas.com.mx\\\/index.php\\\/2021\\\/11\\\/26\\\/ataque-en-guaymas-posiblemente-dirigido-contra-comisario-municipal-fiscalia-de-sonora\\\/\"},\"author\":{\"name\":\"L\u00f3pez D\u00f3riga\",\"@id\":\"https:\\\/\\\/fuentesfidedignas.com.mx\\\/#\\\/schema\\\/person\\\/67d852f0557c8509146a4b9ddebd543a\"},\"headline\":\"Ataque en Guaymas, posiblemente dirigido contra comisario municipal: Fiscal\u00eda de Sonora\",\"datePublished\":\"2021-11-26T13:55:29+00:00\",\"dateModified\":\"2021-11-26T13:55:31+00:00\",\"mainEntityOfPage\":{\"@id\":\"https:\\\/\\\/fuentesfidedignas.com.mx\\\/index.php\\\/2021\\\/11\\\/26\\\/ataque-en-guaymas-posiblemente-dirigido-contra-comisario-municipal-fiscalia-de-sonora\\\/\"},\"wordCount\":460,\"commentCount\":0,\"publisher\":{\"@id\":\"https:\\\/\\\/fuentesfidedignas.com.mx\\\/#organization\"},\"image\":{\"@id\":\"https:\\\/\\\/fuentesfidedignas.com.mx\\\/index.php\\\/2021\\\/11\\\/26\\\/ataque-en-guaymas-posiblemente-dirigido-contra-comisario-municipal-fiscalia-de-sonora\\\/#primaryimage\"},\"thumbnailUrl\":\"https:\\\/\\\/fuentesfidedignas.com.mx\\\/wp-content\\\/uploads\\\/2021\\\/11\\\/images-70.jpeg\",\"articleSection\":[\"NOTICIAS NACIONALES\"],\"inLanguage\":\"es\",\"potentialAction\":[{\"@type\":\"CommentAction\",\"name\":\"Comment\",\"target\":[\"https:\\\/\\\/fuentesfidedignas.com.mx\\\/index.php\\\/2021\\\/11\\\/26\\\/ataque-en-guaymas-posiblemente-dirigido-contra-comisario-municipal-fiscalia-de-sonora\\\/#respond\"]}]},{\"@type\":\"WebPage\",\"@id\":\"https:\\\/\\\/fuentesfidedignas.com.mx\\\/index.php\\\/2021\\\/11\\\/26\\\/ataque-en-guaymas-posiblemente-dirigido-contra-comisario-municipal-fiscalia-de-sonora\\\/\",\"url\":\"https:\\\/\\\/fuentesfidedignas.com.mx\\\/index.php\\\/2021\\\/11\\\/26\\\/ataque-en-guaymas-posiblemente-dirigido-contra-comisario-municipal-fiscalia-de-sonora\\\/\",\"name\":\"Ataque en Guaymas, posiblemente dirigido contra comisario municipal: Fiscal\u00eda de Sonora - Fuentes Fidedignas\",\"isPartOf\":{\"@id\":\"https:\\\/\\\/fuentesfidedignas.com.mx\\\/#website\"},\"primaryImageOfPage\":{\"@id\":\"https:\\\/\\\/fuentesfidedignas.com.mx\\\/index.php\\\/2021\\\/11\\\/26\\\/ataque-en-guaymas-posiblemente-dirigido-contra-comisario-municipal-fiscalia-de-sonora\\\/#primaryimage\"},\"image\":{\"@id\":\"https:\\\/\\\/fuentesfidedignas.com.mx\\\/index.php\\\/2021\\\/11\\\/26\\\/ataque-en-guaymas-posiblemente-dirigido-contra-comisario-municipal-fiscalia-de-sonora\\\/#primaryimage\"},\"thumbnailUrl\":\"https:\\\/\\\/fuentesfidedignas.com.mx\\\/wp-content\\\/uploads\\\/2021\\\/11\\\/images-70.jpeg\",\"datePublished\":\"2021-11-26T13:55:29+00:00\",\"dateModified\":\"2021-11-26T13:55:31+00:00\",\"breadcrumb\":{\"@id\":\"https:\\\/\\\/fuentesfidedignas.com.mx\\\/index.php\\\/2021\\\/11\\\/26\\\/ataque-en-guaymas-posiblemente-dirigido-contra-comisario-municipal-fiscalia-de-sonora\\\/#breadcrumb\"},\"inLanguage\":\"es\",\"potentialAction\":[{\"@type\":\"ReadAction\",\"target\":[\"https:\\\/\\\/fuentesfidedignas.com.mx\\\/index.php\\\/2021\\\/11\\\/26\\\/ataque-en-guaymas-posiblemente-dirigido-contra-comisario-municipal-fiscalia-de-sonora\\\/\"]}]},{\"@type\":\"ImageObject\",\"inLanguage\":\"es\",\"@id\":\"https:\\\/\\\/fuentesfidedignas.com.mx\\\/index.php\\\/2021\\\/11\\\/26\\\/ataque-en-guaymas-posiblemente-dirigido-contra-comisario-municipal-fiscalia-de-sonora\\\/#primaryimage\",\"url\":\"https:\\\/\\\/fuentesfidedignas.com.mx\\\/wp-content\\\/uploads\\\/2021\\\/11\\\/images-70.jpeg\",\"contentUrl\":\"https:\\\/\\\/fuentesfidedignas.com.mx\\\/wp-content\\\/uploads\\\/2021\\\/11\\\/images-70.jpeg\",\"width\":678,\"height\":452},{\"@type\":\"BreadcrumbList\",\"@id\":\"https:\\\/\\\/fuentesfidedignas.com.mx\\\/index.php\\\/2021\\\/11\\\/26\\\/ataque-en-guaymas-posiblemente-dirigido-contra-comisario-municipal-fiscalia-de-sonora\\\/#breadcrumb\",\"itemListElement\":[{\"@type\":\"ListItem\",\"position\":1,\"name\":\"Inicio\",\"item\":\"https:\\\/\\\/fuentesfidedignas.com.mx\\\/\"},{\"@type\":\"ListItem\",\"position\":2,\"name\":\"Ataque en Guaymas, posiblemente dirigido contra comisario municipal: Fiscal\u00eda de Sonora\"}]},{\"@type\":\"WebSite\",\"@id\":\"https:\\\/\\\/fuentesfidedignas.com.mx\\\/#website\",\"url\":\"https:\\\/\\\/fuentesfidedignas.com.mx\\\/\",\"name\":\"Fuentes Fidedignas\",\"description\":\"Otro sitio realizado con WordPress\",\"publisher\":{\"@id\":\"https:\\\/\\\/fuentesfidedignas.com.mx\\\/#organization\"},\"potentialAction\":[{\"@type\":\"SearchAction\",\"target\":{\"@type\":\"EntryPoint\",\"urlTemplate\":\"https:\\\/\\\/fuentesfidedignas.com.mx\\\/?s={search_term_string}\"},\"query-input\":{\"@type\":\"PropertyValueSpecification\",\"valueRequired\":true,\"valueName\":\"search_term_string\"}}],\"inLanguage\":\"es\"},{\"@type\":\"Organization\",\"@id\":\"https:\\\/\\\/fuentesfidedignas.com.mx\\\/#organization\",\"name\":\"Fuentes Fidedignas\",\"url\":\"https:\\\/\\\/fuentesfidedignas.com.mx\\\/\",\"logo\":{\"@type\":\"ImageObject\",\"inLanguage\":\"es\",\"@id\":\"https:\\\/\\\/fuentesfidedignas.com.mx\\\/#\\\/schema\\\/logo\\\/image\\\/\",\"url\":\"https:\\\/\\\/fuentesfidedignas.com.mx\\\/wp-content\\\/uploads\\\/2021\\\/04\\\/logo-retina.png\",\"contentUrl\":\"https:\\\/\\\/fuentesfidedignas.com.mx\\\/wp-content\\\/uploads\\\/2021\\\/04\\\/logo-retina.png\",\"width\":280,\"height\":51,\"caption\":\"Fuentes Fidedignas\"},\"image\":{\"@id\":\"https:\\\/\\\/fuentesfidedignas.com.mx\\\/#\\\/schema\\\/logo\\\/image\\\/\"},\"sameAs\":[\"https:\\\/\\\/www.facebook.com\\\/Fuentes-Fidedignas-368234489921644\",\"https:\\\/\\\/x.com\\\/fidedignas\"]},{\"@type\":\"Person\",\"@id\":\"https:\\\/\\\/fuentesfidedignas.com.mx\\\/#\\\/schema\\\/person\\\/67d852f0557c8509146a4b9ddebd543a\",\"name\":\"L\u00f3pez D\u00f3riga\",\"image\":{\"@type\":\"ImageObject\",\"inLanguage\":\"es\",\"@id\":\"https:\\\/\\\/secure.gravatar.com\\\/avatar\\\/e525b06574ca18b33cded59dfe5778d6c823b9513154eff47da551b0551bdd1e?s=96&d=mm&r=g\",\"url\":\"https:\\\/\\\/secure.gravatar.com\\\/avatar\\\/e525b06574ca18b33cded59dfe5778d6c823b9513154eff47da551b0551bdd1e?s=96&d=mm&r=g\",\"contentUrl\":\"https:\\\/\\\/secure.gravatar.com\\\/avatar\\\/e525b06574ca18b33cded59dfe5778d6c823b9513154eff47da551b0551bdd1e?s=96&d=mm&r=g\",\"caption\":\"L\u00f3pez D\u00f3riga\"},\"url\":\"https:\\\/\\\/fuentesfidedignas.com.mx\\\/index.php\\\/author\\\/doriga\\\/\"}]}<\/script>\n<!-- \/ Yoast SEO plugin. -->","yoast_head_json":{"title":"Ataque en Guaymas, posiblemente dirigido contra comisario municipal: Fiscal\u00eda de Sonora - Fuentes Fidedignas","robots":{"index":"index","follow":"follow","max-snippet":"max-snippet:-1","max-image-preview":"max-image-preview:large","max-video-preview":"max-video-preview:-1"},"canonical":"https:\/\/fuentesfidedignas.com.mx\/index.php\/2021\/11\/26\/ataque-en-guaymas-posiblemente-dirigido-contra-comisario-municipal-fiscalia-de-sonora\/","og_locale":"es_MX","og_type":"article","og_title":"Ataque en Guaymas, posiblemente dirigido contra comisario municipal: Fiscal\u00eda de Sonora - Fuentes Fidedignas","og_description":"La Fiscal\u00eda de Sonora apunt\u00f3 que ya fueron identificadas dos v\u00edctimas tras el ataque del jueves a la Presidencia Municipal de Guaymas Sonora. La Fiscal\u00eda General de Justicia de Sonora identific\u00f3 a dos personas muertas por el ataque registrado anoche al Palacio Municipal de Guaymas, raz\u00f3n por el cual fue activado el C\u00f3digo Rojo. Por [&hellip;]","og_url":"https:\/\/fuentesfidedignas.com.mx\/index.php\/2021\/11\/26\/ataque-en-guaymas-posiblemente-dirigido-contra-comisario-municipal-fiscalia-de-sonora\/","og_site_name":"Fuentes Fidedignas","article_publisher":"https:\/\/www.facebook.com\/Fuentes-Fidedignas-368234489921644","article_published_time":"2021-11-26T13:55:29+00:00","article_modified_time":"2021-11-26T13:55:31+00:00","og_image":[{"width":678,"height":452,"url":"https:\/\/fuentesfidedignas.com.mx\/wp-content\/uploads\/2021\/11\/images-70.jpeg","type":"image\/jpeg"}],"author":"L\u00f3pez D\u00f3riga","twitter_card":"summary_large_image","twitter_creator":"@fidedignas","twitter_site":"@fidedignas","twitter_misc":{"Escrito por":"L\u00f3pez D\u00f3riga","Tiempo de lectura":"2 minutos"},"schema":{"@context":"https:\/\/schema.org","@graph":[{"@type":"Article","@id":"https:\/\/fuentesfidedignas.com.mx\/index.php\/2021\/11\/26\/ataque-en-guaymas-posiblemente-dirigido-contra-comisario-municipal-fiscalia-de-sonora\/#article","isPartOf":{"@id":"https:\/\/fuentesfidedignas.com.mx\/index.php\/2021\/11\/26\/ataque-en-guaymas-posiblemente-dirigido-contra-comisario-municipal-fiscalia-de-sonora\/"},"author":{"name":"L\u00f3pez D\u00f3riga","@id":"https:\/\/fuentesfidedignas.com.mx\/#\/schema\/person\/67d852f0557c8509146a4b9ddebd543a"},"headline":"Ataque en Guaymas, posiblemente dirigido contra comisario municipal: Fiscal\u00eda de Sonora","datePublished":"2021-11-26T13:55:29+00:00","dateModified":"2021-11-26T13:55:31+00:00","mainEntityOfPage":{"@id":"https:\/\/fuentesfidedignas.com.mx\/index.php\/2021\/11\/26\/ataque-en-guaymas-posiblemente-dirigido-contra-comisario-municipal-fiscalia-de-sonora\/"},"wordCount":460,"commentCount":0,"publisher":{"@id":"https:\/\/fuentesfidedignas.com.mx\/#organization"},"image":{"@id":"https:\/\/fuentesfidedignas.com.mx\/index.php\/2021\/11\/26\/ataque-en-guaymas-posiblemente-dirigido-contra-comisario-municipal-fiscalia-de-sonora\/#primaryimage"},"thumbnailUrl":"https:\/\/fuentesfidedignas.com.mx\/wp-content\/uploads\/2021\/11\/images-70.jpeg","articleSection":["NOTICIAS NACIONALES"],"inLanguage":"es","potentialAction":[{"@type":"CommentAction","name":"Comment","target":["https:\/\/fuentesfidedignas.com.mx\/index.php\/2021\/11\/26\/ataque-en-guaymas-posiblemente-dirigido-contra-comisario-municipal-fiscalia-de-sonora\/#respond"]}]},{"@type":"WebPage","@id":"https:\/\/fuentesfidedignas.com.mx\/index.php\/2021\/11\/26\/ataque-en-guaymas-posiblemente-dirigido-contra-comisario-municipal-fiscalia-de-sonora\/","url":"https:\/\/fuentesfidedignas.com.mx\/index.php\/2021\/11\/26\/ataque-en-guaymas-posiblemente-dirigido-contra-comisario-municipal-fiscalia-de-sonora\/","name":"Ataque en Guaymas, posiblemente dirigido contra comisario municipal: Fiscal\u00eda de Sonora - Fuentes Fidedignas","isPartOf":{"@id":"https:\/\/fuentesfidedignas.com.mx\/#website"},"primaryImageOfPage":{"@id":"https:\/\/fuentesfidedignas.com.mx\/index.php\/2021\/11\/26\/ataque-en-guaymas-posiblemente-dirigido-contra-comisario-municipal-fiscalia-de-sonora\/#primaryimage"},"image":{"@id":"https:\/\/fuentesfidedignas.com.mx\/index.php\/2021\/11\/26\/ataque-en-guaymas-posiblemente-dirigido-contra-comisario-municipal-fiscalia-de-sonora\/#primaryimage"},"thumbnailUrl":"https:\/\/fuentesfidedignas.com.mx\/wp-content\/uploads\/2021\/11\/images-70.jpeg","datePublished":"2021-11-26T13:55:29+00:00","dateModified":"2021-11-26T13:55:31+00:00","breadcrumb":{"@id":"https:\/\/fuentesfidedignas.com.mx\/index.php\/2021\/11\/26\/ataque-en-guaymas-posiblemente-dirigido-contra-comisario-municipal-fiscalia-de-sonora\/#breadcrumb"},"inLanguage":"es","potentialAction":[{"@type":"ReadAction","target":["https:\/\/fuentesfidedignas.com.mx\/index.php\/2021\/11\/26\/ataque-en-guaymas-posiblemente-dirigido-contra-comisario-municipal-fiscalia-de-sonora\/"]}]},{"@type":"ImageObject","inLanguage":"es","@id":"https:\/\/fuentesfidedignas.com.mx\/index.php\/2021\/11\/26\/ataque-en-guaymas-posiblemente-dirigido-contra-comisario-municipal-fiscalia-de-sonora\/#primaryimage","url":"https:\/\/fuentesfidedignas.com.mx\/wp-content\/uploads\/2021\/11\/images-70.jpeg","contentUrl":"https:\/\/fuentesfidedignas.com.mx\/wp-content\/uploads\/2021\/11\/images-70.jpeg","width":678,"height":452},{"@type":"BreadcrumbList","@id":"https:\/\/fuentesfidedignas.com.mx\/index.php\/2021\/11\/26\/ataque-en-guaymas-posiblemente-dirigido-contra-comisario-municipal-fiscalia-de-sonora\/#breadcrumb","itemListElement":[{"@type":"ListItem","position":1,"name":"Inicio","item":"https:\/\/fuentesfidedignas.com.mx\/"},{"@type":"ListItem","position":2,"name":"Ataque en Guaymas, posiblemente dirigido contra comisario municipal: Fiscal\u00eda de Sonora"}]},{"@type":"WebSite","@id":"https:\/\/fuentesfidedignas.com.mx\/#website","url":"https:\/\/fuentesfidedignas.com.mx\/","name":"Fuentes Fidedignas","description":"Otro sitio realizado con WordPress","publisher":{"@id":"https:\/\/fuentesfidedignas.com.mx\/#organization"},"potentialAction":[{"@type":"SearchAction","target":{"@type":"EntryPoint","urlTemplate":"https:\/\/fuentesfidedignas.com.mx\/?s={search_term_string}"},"query-input":{"@type":"PropertyValueSpecification","valueRequired":true,"valueName":"search_term_string"}}],"inLanguage":"es"},{"@type":"Organization","@id":"https:\/\/fuentesfidedignas.com.mx\/#organization","name":"Fuentes Fidedignas","url":"https:\/\/fuentesfidedignas.com.mx\/","logo":{"@type":"ImageObject","inLanguage":"es","@id":"https:\/\/fuentesfidedignas.com.mx\/#\/schema\/logo\/image\/","url":"https:\/\/fuentesfidedignas.com.mx\/wp-content\/uploads\/2021\/04\/logo-retina.png","contentUrl":"https:\/\/fuentesfidedignas.com.mx\/wp-content\/uploads\/2021\/04\/logo-retina.png","width":280,"height":51,"caption":"Fuentes Fidedignas"},"image":{"@id":"https:\/\/fuentesfidedignas.com.mx\/#\/schema\/logo\/image\/"},"sameAs":["https:\/\/www.facebook.com\/Fuentes-Fidedignas-368234489921644","https:\/\/x.com\/fidedignas"]},{"@type":"Person","@id":"https:\/\/fuentesfidedignas.com.mx\/#\/schema\/person\/67d852f0557c8509146a4b9ddebd543a","name":"L\u00f3pez D\u00f3riga","image":{"@type":"ImageObject","inLanguage":"es","@id":"https:\/\/secure.gravatar.com\/avatar\/e525b06574ca18b33cded59dfe5778d6c823b9513154eff47da551b0551bdd1e?s=96&d=mm&r=g","url":"https:\/\/secure.gravatar.com\/avatar\/e525b06574ca18b33cded59dfe5778d6c823b9513154eff47da551b0551bdd1e?s=96&d=mm&r=g","contentUrl":"https:\/\/secure.gravatar.com\/avatar\/e525b06574ca18b33cded59dfe5778d6c823b9513154eff47da551b0551bdd1e?s=96&d=mm&r=g","caption":"L\u00f3pez D\u00f3riga"},"url":"https:\/\/fuentesfidedignas.com.mx\/index.php\/author\/doriga\/"}]}},"_links":{"self":[{"href":"https:\/\/fuentesfidedignas.com.mx\/index.php\/wp-json\/wp\/v2\/posts\/18387","targetHints":{"allow":["GET"]}}],"collection":[{"href":"https:\/\/fuentesfidedignas.com.mx\/index.php\/wp-json\/wp\/v2\/posts"}],"about":[{"href":"https:\/\/fuentesfidedignas.com.mx\/index.php\/wp-json\/wp\/v2\/types\/post"}],"author":[{"embeddable":true,"href":"https:\/\/fuentesfidedignas.com.mx\/index.php\/wp-json\/wp\/v2\/users\/47"}],"replies":[{"embeddable":true,"href":"https:\/\/fuentesfidedignas.com.mx\/index.php\/wp-json\/wp\/v2\/comments?post=18387"}],"version-history":[{"count":1,"href":"https:\/\/fuentesfidedignas.com.mx\/index.php\/wp-json\/wp\/v2\/posts\/18387\/revisions"}],"predecessor-version":[{"id":18389,"href":"https:\/\/fuentesfidedignas.com.mx\/index.php\/wp-json\/wp\/v2\/posts\/18387\/revisions\/18389"}],"wp:featuredmedia":[{"embeddable":true,"href":"https:\/\/fuentesfidedignas.com.mx\/index.php\/wp-json\/wp\/v2\/media\/18388"}],"wp:attachment":[{"href":"https:\/\/fuentesfidedignas.com.mx\/index.php\/wp-json\/wp\/v2\/media?parent=18387"}],"wp:term":[{"taxonomy":"category","embeddable":true,"href":"https:\/\/fuentesfidedignas.com.mx\/index.php\/wp-json\/wp\/v2\/categories?post=18387"},{"taxonomy":"post_tag","embeddable":true,"href":"https:\/\/fuentesfidedignas.com.mx\/index.php\/wp-json\/wp\/v2\/tags?post=18387"}],"curies":[{"name":"wp","href":"https:\/\/api.w.org\/{rel}","templated":true}]}}